{"id":220763,"date":"2020-02-15T10:29:52","date_gmt":"2020-02-15T13:29:52","guid":{"rendered":"https:\/\/franciscanos.org.br\/noticias\/?p=220763"},"modified":"2020-02-15T10:29:52","modified_gmt":"2020-02-15T13:29:52","slug":"paroquia-santa-clara-de-imbarie-se-encontra-para-formacao-sobre-a-cf2020","status":"publish","type":"post","link":"https:\/\/franciscanos.org.br\/noticias\/paroquia-santa-clara-de-imbarie-se-encontra-para-formacao-sobre-a-cf2020.html","title":{"rendered":"Par\u00f3quia Santa Clara de Imbari\u00ea se encontra para forma\u00e7\u00e3o sobre a CF2020"},"content":{"rendered":"<p><img loading=\"lazy\" class=\"alignnone size-full wp-image-220764\" src=\"https:\/\/franciscanos.org.br\/noticias\/wp-content\/uploads\/2020\/02\/imbarie_1502.jpg\" alt=\"\" width=\"1280\" height=\"720\" srcset=\"https:\/\/franciscanos.org.br\/noticias\/wp-content\/uploads\/2020\/02\/imbarie_1502.jpg 1280w, https:\/\/franciscanos.org.br\/noticias\/wp-content\/uploads\/2020\/02\/imbarie_1502-450x253.jpg 450w, https:\/\/franciscanos.org.br\/noticias\/wp-content\/uploads\/2020\/02\/imbarie_1502-1024x576.jpg 1024w, https:\/\/franciscanos.org.br\/noticias\/wp-content\/uploads\/2020\/02\/imbarie_1502-768x432.jpg 768w, https:\/\/franciscanos.org.br\/noticias\/wp-content\/uploads\/2020\/02\/imbarie_1502-150x84.jpg 150w\" sizes=\"(max-width: 1280px) 100vw, 1280px\" \/><\/p>\n<p>Frei Gabriel Dellandrea<\/p>\n<p>Duque de Caxias (RJ) &#8211; Nos dias 12, 13 e 14 de fevereiro, a Par\u00f3quia Santa Clara de Imbari\u00ea, em Duque de Caxias\/RJ, reuniu-se para uma forma\u00e7\u00e3o sobre a Campanha da Fraternidade de 2020. Esta se baseia no tema: \u201cFraternidade e vida: dom e compromisso\u201d, e tem como lema \u201cViu, sentiu compaix\u00e3o e cuidou dele\u201d (Lc 10, 33 \u2013 34), sendo este \u00faltimo inspirado no relato conhecido como \u201co bom samaritano\u201d. Com uma m\u00e9dia de 40 participantes das comunidades, os encontros aconteceram na comunidade Jesus Crucificado. A proposta fez parte de um itiner\u00e1rio de forma\u00e7\u00e3o que procura estabelecer encontros mensais a fim de aprofundar temas da teologia, da caminhada eclesial atual, dos eventos paroquiais e assuntos afins. Os organizadores do encontro foram frei Jorge Maoski e Cristiane Aparecida da Silva, contando sempre com o apoio dos demais paroquianos.<\/p>\n<p><img loading=\"lazy\" class=\"alignnone size-full wp-image-220765\" src=\"https:\/\/franciscanos.org.br\/noticias\/wp-content\/uploads\/2020\/02\/imbarie_1502_1.jpg\" alt=\"\" width=\"1280\" height=\"740\" srcset=\"https:\/\/franciscanos.org.br\/noticias\/wp-content\/uploads\/2020\/02\/imbarie_1502_1.jpg 1280w, https:\/\/franciscanos.org.br\/noticias\/wp-content\/uploads\/2020\/02\/imbarie_1502_1-450x260.jpg 450w, https:\/\/franciscanos.org.br\/noticias\/wp-content\/uploads\/2020\/02\/imbarie_1502_1-1024x592.jpg 1024w, https:\/\/franciscanos.org.br\/noticias\/wp-content\/uploads\/2020\/02\/imbarie_1502_1-768x444.jpg 768w, https:\/\/franciscanos.org.br\/noticias\/wp-content\/uploads\/2020\/02\/imbarie_1502_1-150x87.jpg 150w\" sizes=\"(max-width: 1280px) 100vw, 1280px\" \/><\/p>\n<p>No primeiro dia o encontro foi conduzido por Raquel e Raline do Centro de Defesa da Vida (CD Vida), entidade de preven\u00e7\u00e3o e amparo diante da situa\u00e7\u00e3o da viol\u00eancia dom\u00e9stica com as mulheres. Elas apresentaram, entre outros temas, os seguintes pontos: a import\u00e2ncia da realiza\u00e7\u00e3o da Campanha da Fraternidade; um hist\u00f3rico das demais campanhas; o material e reflex\u00f5es produzidas para este ano; um panorama de situa\u00e7\u00f5es de desigualdade social, racismo, viol\u00eancia, depress\u00e3o e banaliza\u00e7\u00e3o do cuidado para com a natureza no Estado do Rio de Janeiro, apresentando realidades concretas que precisam de aten\u00e7\u00e3o e a\u00e7\u00f5es pr\u00e1ticas visando o bem da popula\u00e7\u00e3o.<\/p>\n<p><img loading=\"lazy\" class=\"alignnone size-full wp-image-220766\" src=\"https:\/\/franciscanos.org.br\/noticias\/wp-content\/uploads\/2020\/02\/imbarie_1502_2.jpg\" alt=\"\" width=\"1280\" height=\"960\" srcset=\"https:\/\/franciscanos.org.br\/noticias\/wp-content\/uploads\/2020\/02\/imbarie_1502_2.jpg 1280w, https:\/\/franciscanos.org.br\/noticias\/wp-content\/uploads\/2020\/02\/imbarie_1502_2-450x338.jpg 450w, https:\/\/franciscanos.org.br\/noticias\/wp-content\/uploads\/2020\/02\/imbarie_1502_2-1024x768.jpg 1024w, https:\/\/franciscanos.org.br\/noticias\/wp-content\/uploads\/2020\/02\/imbarie_1502_2-768x576.jpg 768w, https:\/\/franciscanos.org.br\/noticias\/wp-content\/uploads\/2020\/02\/imbarie_1502_2-150x113.jpg 150w, https:\/\/franciscanos.org.br\/noticias\/wp-content\/uploads\/2020\/02\/imbarie_1502_2-600x450.jpg 600w\" sizes=\"(max-width: 1280px) 100vw, 1280px\" \/><\/p>\n<p>No segundo dia o di\u00e1cono Sebasti\u00e3o Bernardino, mais conhecido como Ti\u00e3ozinho, trouxe um panorama b\u00edblico do tema da referida campanha, fornecendo uma rela\u00e7\u00e3o das leituras do antigo e novo testamento com os temas centrais do tempo forte proposto para essa quaresma. Al\u00e9m disso, o assessor sugeriu um di\u00e1logo dos textos b\u00edblicos com as falas e posturas do Papa Francisco. No \u00faltimo dia de forma\u00e7\u00e3o, Frei Jorge e Cristiane apresentaram modos de concretizar a tem\u00e1tica explorada na campanha, apresentando vias para estabelecer um di\u00e1logo entre teoria e pr\u00e1tica dentro da par\u00f3quia. Os tr\u00eas dias tiveram como base de reflex\u00e3o as impress\u00f5es pessoais dos assessores, bem como os pontos apresentados no texto-base da Campanha da Fraternidade 2020.<\/p>\n","protected":false},"excerpt":{"rendered":"<p>Par\u00f3quias e Santu\u00e1rios<\/p>\n","protected":false},"author":3,"featured_media":220767,"comment_status":"open","ping_status":"open","sticky":false,"template":"","format":"standard","meta":[],"categories":[1488,1],"tags":[1572],"acf":[],"yoast_head":"<!-- This site is optimized with the Yoast SEO plugin v19.2 - https:\/\/yoast.com\/wordpress\/plugins\/seo\/ -->\n<title>Par\u00f3quia Santa Clara de Imbari\u00ea se encontra para forma\u00e7\u00e3o sobre a CF2020 - Not\u00edcias - Franciscanos<\/title>\n<meta name=\"robots\" content=\"index, follow, max-snippet:-1, max-image-preview:large, max-video-preview:-1\" \/>\n<link rel=\"canonical\" href=\"https:\/\/franciscanos.org.br\/noticias\/paroquia-santa-clara-de-imbarie-se-encontra-para-formacao-sobre-a-cf2020.html\" \/>\n<meta property=\"og:locale\" content=\"pt_BR\" \/>\n<meta property=\"og:type\" content=\"article\" \/>\n<meta property=\"og:title\" content=\"Par\u00f3quia Santa Clara de Imbari\u00ea se encontra para forma\u00e7\u00e3o sobre a CF2020 - Not\u00edcias - Franciscanos\" \/>\n<meta property=\"og:description\" content=\"Par\u00f3quias e Santu\u00e1rios\" \/>\n<meta property=\"og:url\" content=\"https:\/\/franciscanos.org.br\/noticias\/paroquia-santa-clara-de-imbarie-se-encontra-para-formacao-sobre-a-cf2020.html\" \/>\n<meta property=\"og:site_name\" content=\"Not\u00edcias - Franciscanos\" \/>\n<meta property=\"article:published_time\" content=\"2020-02-15T13:29:52+00:00\" \/>\n<meta property=\"og:image\" content=\"https:\/\/franciscanos.org.br\/noticias\/wp-content\/uploads\/2020\/02\/imbarie_1502d.jpg\" \/>\n\t<meta property=\"og:image:width\" content=\"273\" \/>\n\t<meta property=\"og:image:height\" content=\"181\" \/>\n\t<meta property=\"og:image:type\" content=\"image\/jpeg\" \/>\n<meta name=\"author\" content=\"moacir\" \/>\n<meta name=\"twitter:card\" content=\"summary_large_image\" \/>\n<meta name=\"twitter:label1\" content=\"Escrito por\" \/>\n\t<meta name=\"twitter:data1\" content=\"moacir\" \/>\n\t<meta name=\"twitter:label2\" content=\"Est. tempo de leitura\" \/>\n\t<meta name=\"twitter:data2\" content=\"2 minutos\" \/>\n<script type=\"application\/ld+json\" class=\"yoast-schema-graph\">{\"@context\":\"https:\/\/schema.org\",\"@graph\":[{\"@type\":\"WebSite\",\"@id\":\"https:\/\/franciscanos.org.br\/noticias\/#website\",\"url\":\"https:\/\/franciscanos.org.br\/noticias\/\",\"name\":\"Not\u00edcias - Franciscanos\",\"description\":\"Prov\u00edncia Franciscana da Imaculada Concei\u00e7\u00e3o do Brasil - Ordem dos Frades Menores - OFM\",\"potentialAction\":[{\"@type\":\"SearchAction\",\"target\":{\"@type\":\"EntryPoint\",\"urlTemplate\":\"https:\/\/franciscanos.org.br\/noticias\/?s={search_term_string}\"},\"query-input\":\"required name=search_term_string\"}],\"inLanguage\":\"pt-BR\"},{\"@type\":\"ImageObject\",\"inLanguage\":\"pt-BR\",\"@id\":\"https:\/\/franciscanos.org.br\/noticias\/paroquia-santa-clara-de-imbarie-se-encontra-para-formacao-sobre-a-cf2020.html#primaryimage\",\"url\":\"https:\/\/franciscanos.org.br\/noticias\/wp-content\/uploads\/2020\/02\/imbarie_1502d.jpg\",\"contentUrl\":\"https:\/\/franciscanos.org.br\/noticias\/wp-content\/uploads\/2020\/02\/imbarie_1502d.jpg\",\"width\":273,\"height\":181},{\"@type\":\"WebPage\",\"@id\":\"https:\/\/franciscanos.org.br\/noticias\/paroquia-santa-clara-de-imbarie-se-encontra-para-formacao-sobre-a-cf2020.html#webpage\",\"url\":\"https:\/\/franciscanos.org.br\/noticias\/paroquia-santa-clara-de-imbarie-se-encontra-para-formacao-sobre-a-cf2020.html\",\"name\":\"Par\u00f3quia Santa Clara de Imbari\u00ea se encontra para forma\u00e7\u00e3o sobre a CF2020 - Not\u00edcias - Franciscanos\",\"isPartOf\":{\"@id\":\"https:\/\/franciscanos.org.br\/noticias\/#website\"},\"primaryImageOfPage\":{\"@id\":\"https:\/\/franciscanos.org.br\/noticias\/paroquia-santa-clara-de-imbarie-se-encontra-para-formacao-sobre-a-cf2020.html#primaryimage\"},\"datePublished\":\"2020-02-15T13:29:52+00:00\",\"dateModified\":\"2020-02-15T13:29:52+00:00\",\"author\":{\"@id\":\"https:\/\/franciscanos.org.br\/noticias\/#\/schema\/person\/b5c8cba458c330ccff548b056e95a5d4\"},\"breadcrumb\":{\"@id\":\"https:\/\/franciscanos.org.br\/noticias\/paroquia-santa-clara-de-imbarie-se-encontra-para-formacao-sobre-a-cf2020.html#breadcrumb\"},\"inLanguage\":\"pt-BR\",\"potentialAction\":[{\"@type\":\"ReadAction\",\"target\":[\"https:\/\/franciscanos.org.br\/noticias\/paroquia-santa-clara-de-imbarie-se-encontra-para-formacao-sobre-a-cf2020.html\"]}]},{\"@type\":\"BreadcrumbList\",\"@id\":\"https:\/\/franciscanos.org.br\/noticias\/paroquia-santa-clara-de-imbarie-se-encontra-para-formacao-sobre-a-cf2020.html#breadcrumb\",\"itemListElement\":[{\"@type\":\"ListItem\",\"position\":1,\"name\":\"Home\",\"item\":\"https:\/\/franciscanos.org.br\/noticias\"},{\"@type\":\"ListItem\",\"position\":2,\"name\":\"Par\u00f3quia Santa Clara de Imbari\u00ea se encontra para forma\u00e7\u00e3o sobre a CF2020\"}]},{\"@type\":\"Person\",\"@id\":\"https:\/\/franciscanos.org.br\/noticias\/#\/schema\/person\/b5c8cba458c330ccff548b056e95a5d4\",\"name\":\"moacir\",\"image\":{\"@type\":\"ImageObject\",\"inLanguage\":\"pt-BR\",\"@id\":\"https:\/\/franciscanos.org.br\/noticias\/#\/schema\/person\/image\/\",\"url\":\"https:\/\/secure.gravatar.com\/avatar\/d08aa2ce4c8dd416d4479aa8536fcf64?s=96&d=mm&r=g\",\"contentUrl\":\"https:\/\/secure.gravatar.com\/avatar\/d08aa2ce4c8dd416d4479aa8536fcf64?s=96&d=mm&r=g\",\"caption\":\"moacir\"},\"url\":\"https:\/\/franciscanos.org.br\/noticias\/author\/moacir\"}]}<\/script>\n<!-- \/ Yoast SEO plugin. -->","yoast_head_json":{"title":"Par\u00f3quia Santa Clara de Imbari\u00ea se encontra para forma\u00e7\u00e3o sobre a CF2020 - Not\u00edcias - Franciscanos","robots":{"index":"index","follow":"follow","max-snippet":"max-snippet:-1","max-image-preview":"max-image-preview:large","max-video-preview":"max-video-preview:-1"},"canonical":"https:\/\/franciscanos.org.br\/noticias\/paroquia-santa-clara-de-imbarie-se-encontra-para-formacao-sobre-a-cf2020.html","og_locale":"pt_BR","og_type":"article","og_title":"Par\u00f3quia Santa Clara de Imbari\u00ea se encontra para forma\u00e7\u00e3o sobre a CF2020 - Not\u00edcias - Franciscanos","og_description":"Par\u00f3quias e Santu\u00e1rios","og_url":"https:\/\/franciscanos.org.br\/noticias\/paroquia-santa-clara-de-imbarie-se-encontra-para-formacao-sobre-a-cf2020.html","og_site_name":"Not\u00edcias - Franciscanos","article_published_time":"2020-02-15T13:29:52+00:00","og_image":[{"width":273,"height":181,"url":"https:\/\/franciscanos.org.br\/noticias\/wp-content\/uploads\/2020\/02\/imbarie_1502d.jpg","type":"image\/jpeg"}],"author":"moacir","twitter_card":"summary_large_image","twitter_misc":{"Escrito por":"moacir","Est. tempo de leitura":"2 minutos"},"schema":{"@context":"https:\/\/schema.org","@graph":[{"@type":"WebSite","@id":"https:\/\/franciscanos.org.br\/noticias\/#website","url":"https:\/\/franciscanos.org.br\/noticias\/","name":"Not\u00edcias - Franciscanos","description":"Prov\u00edncia Franciscana da Imaculada Concei\u00e7\u00e3o do Brasil - Ordem dos Frades Menores - OFM","potentialAction":[{"@type":"SearchAction","target":{"@type":"EntryPoint","urlTemplate":"https:\/\/franciscanos.org.br\/noticias\/?s={search_term_string}"},"query-input":"required name=search_term_string"}],"inLanguage":"pt-BR"},{"@type":"ImageObject","inLanguage":"pt-BR","@id":"https:\/\/franciscanos.org.br\/noticias\/paroquia-santa-clara-de-imbarie-se-encontra-para-formacao-sobre-a-cf2020.html#primaryimage","url":"https:\/\/franciscanos.org.br\/noticias\/wp-content\/uploads\/2020\/02\/imbarie_1502d.jpg","contentUrl":"https:\/\/franciscanos.org.br\/noticias\/wp-content\/uploads\/2020\/02\/imbarie_1502d.jpg","width":273,"height":181},{"@type":"WebPage","@id":"https:\/\/franciscanos.org.br\/noticias\/paroquia-santa-clara-de-imbarie-se-encontra-para-formacao-sobre-a-cf2020.html#webpage","url":"https:\/\/franciscanos.org.br\/noticias\/paroquia-santa-clara-de-imbarie-se-encontra-para-formacao-sobre-a-cf2020.html","name":"Par\u00f3quia Santa Clara de Imbari\u00ea se encontra para forma\u00e7\u00e3o sobre a CF2020 - Not\u00edcias - Franciscanos","isPartOf":{"@id":"https:\/\/franciscanos.org.br\/noticias\/#website"},"primaryImageOfPage":{"@id":"https:\/\/franciscanos.org.br\/noticias\/paroquia-santa-clara-de-imbarie-se-encontra-para-formacao-sobre-a-cf2020.html#primaryimage"},"datePublished":"2020-02-15T13:29:52+00:00","dateModified":"2020-02-15T13:29:52+00:00","author":{"@id":"https:\/\/franciscanos.org.br\/noticias\/#\/schema\/person\/b5c8cba458c330ccff548b056e95a5d4"},"breadcrumb":{"@id":"https:\/\/franciscanos.org.br\/noticias\/paroquia-santa-clara-de-imbarie-se-encontra-para-formacao-sobre-a-cf2020.html#breadcrumb"},"inLanguage":"pt-BR","potentialAction":[{"@type":"ReadAction","target":["https:\/\/franciscanos.org.br\/noticias\/paroquia-santa-clara-de-imbarie-se-encontra-para-formacao-sobre-a-cf2020.html"]}]},{"@type":"BreadcrumbList","@id":"https:\/\/franciscanos.org.br\/noticias\/paroquia-santa-clara-de-imbarie-se-encontra-para-formacao-sobre-a-cf2020.html#breadcrumb","itemListElement":[{"@type":"ListItem","position":1,"name":"Home","item":"https:\/\/franciscanos.org.br\/noticias"},{"@type":"ListItem","position":2,"name":"Par\u00f3quia Santa Clara de Imbari\u00ea se encontra para forma\u00e7\u00e3o sobre a CF2020"}]},{"@type":"Person","@id":"https:\/\/franciscanos.org.br\/noticias\/#\/schema\/person\/b5c8cba458c330ccff548b056e95a5d4","name":"moacir","image":{"@type":"ImageObject","inLanguage":"pt-BR","@id":"https:\/\/franciscanos.org.br\/noticias\/#\/schema\/person\/image\/","url":"https:\/\/secure.gravatar.com\/avatar\/d08aa2ce4c8dd416d4479aa8536fcf64?s=96&d=mm&r=g","contentUrl":"https:\/\/secure.gravatar.com\/avatar\/d08aa2ce4c8dd416d4479aa8536fcf64?s=96&d=mm&r=g","caption":"moacir"},"url":"https:\/\/franciscanos.org.br\/noticias\/author\/moacir"}]}},"_links":{"self":[{"href":"https:\/\/franciscanos.org.br\/noticias\/wp-json\/wp\/v2\/posts\/220763"}],"collection":[{"href":"https:\/\/franciscanos.org.br\/noticias\/wp-json\/wp\/v2\/posts"}],"about":[{"href":"https:\/\/franciscanos.org.br\/noticias\/wp-json\/wp\/v2\/types\/post"}],"author":[{"embeddable":true,"href":"https:\/\/franciscanos.org.br\/noticias\/wp-json\/wp\/v2\/users\/3"}],"replies":[{"embeddable":true,"href":"https:\/\/franciscanos.org.br\/noticias\/wp-json\/wp\/v2\/comments?post=220763"}],"version-history":[{"count":0,"href":"https:\/\/franciscanos.org.br\/noticias\/wp-json\/wp\/v2\/posts\/220763\/revisions"}],"wp:featuredmedia":[{"embeddable":true,"href":"https:\/\/franciscanos.org.br\/noticias\/wp-json\/wp\/v2\/media\/220767"}],"wp:attachment":[{"href":"https:\/\/franciscanos.org.br\/noticias\/wp-json\/wp\/v2\/media?parent=220763"}],"wp:term":[{"taxonomy":"category","embeddable":true,"href":"https:\/\/franciscanos.org.br\/noticias\/wp-json\/wp\/v2\/categories?post=220763"},{"taxonomy":"post_tag","embeddable":true,"href":"https:\/\/franciscanos.org.br\/noticias\/wp-json\/wp\/v2\/tags?post=220763"}],"curies":[{"name":"wp","href":"https:\/\/api.w.org\/{rel}","templated":true}]}}