{"id":220700,"date":"2020-02-14T21:28:28","date_gmt":"2020-02-15T00:28:28","guid":{"rendered":"https:\/\/franciscanos.org.br\/noticias\/?p=220700"},"modified":"2020-02-14T21:44:33","modified_gmt":"2020-02-15T00:44:33","slug":"video-final-traz-de-volta-as-missoes-franciscanas-da-juventude-a-xaxim-assista","status":"publish","type":"post","link":"https:\/\/franciscanos.org.br\/noticias\/video-final-traz-de-volta-as-missoes-franciscanas-da-juventude-a-xaxim-assista.html","title":{"rendered":"V\u00eddeo final traz de volta as Miss\u00f5es Franciscanas da Juventude a Xaxim. Assista!"},"content":{"rendered":"<p><img loading=\"lazy\" class=\"alignnone wp-image-220709 size-full\" src=\"https:\/\/franciscanos.org.br\/noticias\/wp-content\/uploads\/2020\/02\/oficial_140220_2.jpg\" alt=\"\" width=\"1200\" height=\"700\" srcset=\"https:\/\/franciscanos.org.br\/noticias\/wp-content\/uploads\/2020\/02\/oficial_140220_2.jpg 1200w, https:\/\/franciscanos.org.br\/noticias\/wp-content\/uploads\/2020\/02\/oficial_140220_2-450x263.jpg 450w, https:\/\/franciscanos.org.br\/noticias\/wp-content\/uploads\/2020\/02\/oficial_140220_2-1024x597.jpg 1024w, https:\/\/franciscanos.org.br\/noticias\/wp-content\/uploads\/2020\/02\/oficial_140220_2-768x448.jpg 768w, https:\/\/franciscanos.org.br\/noticias\/wp-content\/uploads\/2020\/02\/oficial_140220_2-150x88.jpg 150w\" sizes=\"(max-width: 1200px) 100vw, 1200px\" \/><\/p>\n<p><strong>Frei Augusto Luiz Gabriel e Moacir Beggo<\/strong><\/p>\n<p>O Servi\u00e7o de Anima\u00e7\u00e3o Vocacional (SAV), da Prov\u00edncia Franciscana da Imaculada Concei\u00e7\u00e3o do Brasil, apresentou, nesta sexta-feira, 14 de fevereiro, com muita alegria o v\u00eddeo final da 7\u00aa edi\u00e7\u00e3o das Miss\u00f5es Franciscanas da Juventude (MFJ), que levou mais de 800 jovens presentes no territ\u00f3rio da Prov\u00edncia, Rio Grande do Sul, Bahia e Argentina para a cidade de Xaxim (SC), de 29 de janeiro a 2 de fevereiro de 2020.<\/p>\n<p>Este momento foi revivido nesta sexta-feira, quando a equipe do SAV e o coordenador das Miss\u00f5es, Frei Diego Melo, reuniram-se com a Coordena\u00e7\u00e3o Geral para fazer a avalia\u00e7\u00e3o final do evento, duas semanas depois de sua realiza\u00e7\u00e3o. \u201cCertas experi\u00eancias precisam de tempo para ser melhor assimiladas e avaliadas\u201d, explicou Frei Diego, informando que esta avalia\u00e7\u00e3o partiu de um relat\u00f3rio de 107 p\u00e1ginas enviadas pelos pr\u00f3prios jovens.<\/p>\n<p><img loading=\"lazy\" class=\"alignnone wp-image-220707 size-full\" src=\"https:\/\/franciscanos.org.br\/noticias\/wp-content\/uploads\/2020\/02\/oficial_140220_3.jpg\" alt=\"\" width=\"890\" height=\"400\" srcset=\"https:\/\/franciscanos.org.br\/noticias\/wp-content\/uploads\/2020\/02\/oficial_140220_3.jpg 890w, https:\/\/franciscanos.org.br\/noticias\/wp-content\/uploads\/2020\/02\/oficial_140220_3-450x202.jpg 450w, https:\/\/franciscanos.org.br\/noticias\/wp-content\/uploads\/2020\/02\/oficial_140220_3-768x345.jpg 768w, https:\/\/franciscanos.org.br\/noticias\/wp-content\/uploads\/2020\/02\/oficial_140220_3-150x67.jpg 150w\" sizes=\"(max-width: 890px) 100vw, 890px\" \/><\/p>\n<p>Segundo o frade que acompanha as Miss\u00f5es h\u00e1 sete edi\u00e7\u00f5es, foram destacados os pontos mais pertinentes deste grande processo avaliativo, como:<\/p>\n<p>&#8211; A infraestrutura, log\u00edstica, alimenta\u00e7\u00e3o e acolhida oferecidas pela Miss\u00e3o foram avaliadas por mais de 90% dos jovens como sendo \u00f3timas.<br \/>\n&#8211; As m\u00edsticas, ora\u00e7\u00f5es e celebra\u00e7\u00f5es conseguiram chegar ao cora\u00e7\u00e3o dos jovens, fazendo com que eles pudessem rezar a partir dos acontecimentos da pr\u00f3pria vida, bem como das realidades de dor e sofrimento da m\u00e3e terra.<br \/>\n&#8211; A apresenta\u00e7\u00e3o teatral \u201cO Auto de S\u00e3o Francisco\u201d, de Ciro Barcelos, foi um dos pontos altos dessa MFJ.<br \/>\n&#8211; A cria\u00e7\u00e3o e amplia\u00e7\u00e3o da consci\u00eancia ecol\u00f3gica dos jovens, fazendo perceber a profunda liga\u00e7\u00e3o entre ecologia e teologia.<br \/>\n&#8211; Houve tamb\u00e9m um pedido recorrente de que se aumente os dias de Miss\u00e3o, bem como que o contato e intera\u00e7\u00e3o com as fam\u00edlias acolhedoras seja maior.<br \/>\n&#8211; Dinamizar um pouco mais os momentos formativos bem como possibilitar a realiza\u00e7\u00e3o de duas oficinas por jovem.<br \/>\n&#8211; O interc\u00e2mbio cultural bem como a boa acolhida dos jovens nas comunidades e fam\u00edlias foram muito bem avaliadas pela grande maioria.<\/p>\n<p>Por fim, a Coordena\u00e7\u00e3o Geral celebrou a boa realiza\u00e7\u00e3o desta 7\u00aa edi\u00e7\u00e3o das Miss\u00f5es Franciscanas da Juventude, recebendo a gratid\u00e3o do Servi\u00e7o de Anima\u00e7\u00e3o Vocacional atrav\u00e9s do gesto do lava-p\u00e9s e da entrega de um singelo presente ofertado a essa equipe que tanto se doou e se empenhou.<\/p>\n<p>As Miss\u00f5es Franciscanas da Juventude n\u00e3o terminaram em Xaxim. Muitas iniciativas est\u00e3o nascendo a partir deste trabalho evangelizador. Cada jovem participante \u00e9 convidado a continuar a atividade mission\u00e1ria em sua Par\u00f3quia, cidade, comunidade, fam\u00edlia, ou na realidade onde se encontra.<\/p>\n<p>Neste v\u00eddeo buscou-se, como j\u00e1 \u00e9 de costume, registrar tudo e garantir espa\u00e7o para os principais momentos do evento, que, para al\u00e9m das imagens, ficar\u00e1 para sempre marcado no cora\u00e7\u00e3o verde do povo xaxiense e, principalmente, para todos os jovens mission\u00e1rios participantes.<\/p>\n<p>Por fim, clique no play e veja em primeira m\u00e3o o v\u00eddeo final da 7\u00aa edi\u00e7\u00e3o da MFJ.<\/p>\n<p><iframe loading=\"lazy\" src=\"https:\/\/www.youtube.com\/embed\/L5qL64Dk5kQ\" width=\"890\" height=\"450\" frameborder=\"0\" allowfullscreen=\"allowfullscreen\"><span data-mce-type=\"bookmark\" style=\"display: inline-block; width: 0px; overflow: hidden; line-height: 0;\" class=\"mce_SELRES_start\">\ufeff<\/span><\/iframe><\/p>\n","protected":false},"excerpt":{"rendered":"<p>V\u00eddeo da 7\u00aa edi\u00e7\u00e3o das Miss\u00f5es Franciscanas da Juventude<\/p>\n","protected":false},"author":5,"featured_media":220703,"comment_status":"open","ping_status":"open","sticky":false,"template":"","format":"standard","meta":[],"categories":[1],"tags":[1206],"acf":[],"yoast_head":"<!-- This site is optimized with the Yoast SEO plugin v19.2 - https:\/\/yoast.com\/wordpress\/plugins\/seo\/ -->\n<title>V\u00eddeo final traz de volta as Miss\u00f5es Franciscanas da Juventude a Xaxim. Assista! - Not\u00edcias - Franciscanos<\/title>\n<meta name=\"robots\" content=\"index, follow, max-snippet:-1, max-image-preview:large, max-video-preview:-1\" \/>\n<link rel=\"canonical\" href=\"https:\/\/franciscanos.org.br\/noticias\/video-final-traz-de-volta-as-missoes-franciscanas-da-juventude-a-xaxim-assista.html\" \/>\n<meta property=\"og:locale\" content=\"pt_BR\" \/>\n<meta property=\"og:type\" content=\"article\" \/>\n<meta property=\"og:title\" content=\"V\u00eddeo final traz de volta as Miss\u00f5es Franciscanas da Juventude a Xaxim. Assista! - Not\u00edcias - Franciscanos\" \/>\n<meta property=\"og:description\" content=\"V\u00eddeo da 7\u00aa edi\u00e7\u00e3o das Miss\u00f5es Franciscanas da Juventude\" \/>\n<meta property=\"og:url\" content=\"https:\/\/franciscanos.org.br\/noticias\/video-final-traz-de-volta-as-missoes-franciscanas-da-juventude-a-xaxim-assista.html\" \/>\n<meta property=\"og:site_name\" content=\"Not\u00edcias - Franciscanos\" \/>\n<meta property=\"article:published_time\" content=\"2020-02-15T00:28:28+00:00\" \/>\n<meta property=\"article:modified_time\" content=\"2020-02-15T00:44:33+00:00\" \/>\n<meta property=\"og:image\" content=\"https:\/\/franciscanos.org.br\/noticias\/wp-content\/uploads\/2020\/02\/oficial_140220_1.jpg\" \/>\n\t<meta property=\"og:image:width\" content=\"273\" \/>\n\t<meta property=\"og:image:height\" content=\"181\" \/>\n\t<meta property=\"og:image:type\" content=\"image\/jpeg\" \/>\n<meta name=\"author\" content=\"freiaugusto\" \/>\n<meta name=\"twitter:card\" content=\"summary_large_image\" \/>\n<meta name=\"twitter:label1\" content=\"Escrito por\" \/>\n\t<meta name=\"twitter:data1\" content=\"freiaugusto\" \/>\n\t<meta name=\"twitter:label2\" content=\"Est. tempo de leitura\" \/>\n\t<meta name=\"twitter:data2\" content=\"3 minutos\" \/>\n<script type=\"application\/ld+json\" class=\"yoast-schema-graph\">{\"@context\":\"https:\/\/schema.org\",\"@graph\":[{\"@type\":\"WebSite\",\"@id\":\"https:\/\/franciscanos.org.br\/noticias\/#website\",\"url\":\"https:\/\/franciscanos.org.br\/noticias\/\",\"name\":\"Not\u00edcias - Franciscanos\",\"description\":\"Prov\u00edncia Franciscana da Imaculada Concei\u00e7\u00e3o do Brasil - Ordem dos Frades Menores - OFM\",\"potentialAction\":[{\"@type\":\"SearchAction\",\"target\":{\"@type\":\"EntryPoint\",\"urlTemplate\":\"https:\/\/franciscanos.org.br\/noticias\/?s={search_term_string}\"},\"query-input\":\"required name=search_term_string\"}],\"inLanguage\":\"pt-BR\"},{\"@type\":\"ImageObject\",\"inLanguage\":\"pt-BR\",\"@id\":\"https:\/\/franciscanos.org.br\/noticias\/video-final-traz-de-volta-as-missoes-franciscanas-da-juventude-a-xaxim-assista.html#primaryimage\",\"url\":\"https:\/\/franciscanos.org.br\/noticias\/wp-content\/uploads\/2020\/02\/oficial_140220_1.jpg\",\"contentUrl\":\"https:\/\/franciscanos.org.br\/noticias\/wp-content\/uploads\/2020\/02\/oficial_140220_1.jpg\",\"width\":273,\"height\":181},{\"@type\":\"WebPage\",\"@id\":\"https:\/\/franciscanos.org.br\/noticias\/video-final-traz-de-volta-as-missoes-franciscanas-da-juventude-a-xaxim-assista.html#webpage\",\"url\":\"https:\/\/franciscanos.org.br\/noticias\/video-final-traz-de-volta-as-missoes-franciscanas-da-juventude-a-xaxim-assista.html\",\"name\":\"V\u00eddeo final traz de volta as Miss\u00f5es Franciscanas da Juventude a Xaxim. Assista! - Not\u00edcias - Franciscanos\",\"isPartOf\":{\"@id\":\"https:\/\/franciscanos.org.br\/noticias\/#website\"},\"primaryImageOfPage\":{\"@id\":\"https:\/\/franciscanos.org.br\/noticias\/video-final-traz-de-volta-as-missoes-franciscanas-da-juventude-a-xaxim-assista.html#primaryimage\"},\"datePublished\":\"2020-02-15T00:28:28+00:00\",\"dateModified\":\"2020-02-15T00:44:33+00:00\",\"author\":{\"@id\":\"https:\/\/franciscanos.org.br\/noticias\/#\/schema\/person\/37f88f0d111cd5358b12a6556a99eb91\"},\"breadcrumb\":{\"@id\":\"https:\/\/franciscanos.org.br\/noticias\/video-final-traz-de-volta-as-missoes-franciscanas-da-juventude-a-xaxim-assista.html#breadcrumb\"},\"inLanguage\":\"pt-BR\",\"potentialAction\":[{\"@type\":\"ReadAction\",\"target\":[\"https:\/\/franciscanos.org.br\/noticias\/video-final-traz-de-volta-as-missoes-franciscanas-da-juventude-a-xaxim-assista.html\"]}]},{\"@type\":\"BreadcrumbList\",\"@id\":\"https:\/\/franciscanos.org.br\/noticias\/video-final-traz-de-volta-as-missoes-franciscanas-da-juventude-a-xaxim-assista.html#breadcrumb\",\"itemListElement\":[{\"@type\":\"ListItem\",\"position\":1,\"name\":\"Home\",\"item\":\"https:\/\/franciscanos.org.br\/noticias\"},{\"@type\":\"ListItem\",\"position\":2,\"name\":\"V\u00eddeo final traz de volta as Miss\u00f5es Franciscanas da Juventude a Xaxim. Assista!\"}]},{\"@type\":\"Person\",\"@id\":\"https:\/\/franciscanos.org.br\/noticias\/#\/schema\/person\/37f88f0d111cd5358b12a6556a99eb91\",\"name\":\"freiaugusto\",\"image\":{\"@type\":\"ImageObject\",\"inLanguage\":\"pt-BR\",\"@id\":\"https:\/\/franciscanos.org.br\/noticias\/#\/schema\/person\/image\/\",\"url\":\"https:\/\/secure.gravatar.com\/avatar\/9840b940e621801b24f3e6b059efb4b7?s=96&d=mm&r=g\",\"contentUrl\":\"https:\/\/secure.gravatar.com\/avatar\/9840b940e621801b24f3e6b059efb4b7?s=96&d=mm&r=g\",\"caption\":\"freiaugusto\"},\"url\":\"https:\/\/franciscanos.org.br\/noticias\/author\/freiaugusto\"}]}<\/script>\n<!-- \/ Yoast SEO plugin. -->","yoast_head_json":{"title":"V\u00eddeo final traz de volta as Miss\u00f5es Franciscanas da Juventude a Xaxim. Assista! - Not\u00edcias - Franciscanos","robots":{"index":"index","follow":"follow","max-snippet":"max-snippet:-1","max-image-preview":"max-image-preview:large","max-video-preview":"max-video-preview:-1"},"canonical":"https:\/\/franciscanos.org.br\/noticias\/video-final-traz-de-volta-as-missoes-franciscanas-da-juventude-a-xaxim-assista.html","og_locale":"pt_BR","og_type":"article","og_title":"V\u00eddeo final traz de volta as Miss\u00f5es Franciscanas da Juventude a Xaxim. Assista! - Not\u00edcias - Franciscanos","og_description":"V\u00eddeo da 7\u00aa edi\u00e7\u00e3o das Miss\u00f5es Franciscanas da Juventude","og_url":"https:\/\/franciscanos.org.br\/noticias\/video-final-traz-de-volta-as-missoes-franciscanas-da-juventude-a-xaxim-assista.html","og_site_name":"Not\u00edcias - Franciscanos","article_published_time":"2020-02-15T00:28:28+00:00","article_modified_time":"2020-02-15T00:44:33+00:00","og_image":[{"width":273,"height":181,"url":"https:\/\/franciscanos.org.br\/noticias\/wp-content\/uploads\/2020\/02\/oficial_140220_1.jpg","type":"image\/jpeg"}],"author":"freiaugusto","twitter_card":"summary_large_image","twitter_misc":{"Escrito por":"freiaugusto","Est. tempo de leitura":"3 minutos"},"schema":{"@context":"https:\/\/schema.org","@graph":[{"@type":"WebSite","@id":"https:\/\/franciscanos.org.br\/noticias\/#website","url":"https:\/\/franciscanos.org.br\/noticias\/","name":"Not\u00edcias - Franciscanos","description":"Prov\u00edncia Franciscana da Imaculada Concei\u00e7\u00e3o do Brasil - Ordem dos Frades Menores - OFM","potentialAction":[{"@type":"SearchAction","target":{"@type":"EntryPoint","urlTemplate":"https:\/\/franciscanos.org.br\/noticias\/?s={search_term_string}"},"query-input":"required name=search_term_string"}],"inLanguage":"pt-BR"},{"@type":"ImageObject","inLanguage":"pt-BR","@id":"https:\/\/franciscanos.org.br\/noticias\/video-final-traz-de-volta-as-missoes-franciscanas-da-juventude-a-xaxim-assista.html#primaryimage","url":"https:\/\/franciscanos.org.br\/noticias\/wp-content\/uploads\/2020\/02\/oficial_140220_1.jpg","contentUrl":"https:\/\/franciscanos.org.br\/noticias\/wp-content\/uploads\/2020\/02\/oficial_140220_1.jpg","width":273,"height":181},{"@type":"WebPage","@id":"https:\/\/franciscanos.org.br\/noticias\/video-final-traz-de-volta-as-missoes-franciscanas-da-juventude-a-xaxim-assista.html#webpage","url":"https:\/\/franciscanos.org.br\/noticias\/video-final-traz-de-volta-as-missoes-franciscanas-da-juventude-a-xaxim-assista.html","name":"V\u00eddeo final traz de volta as Miss\u00f5es Franciscanas da Juventude a Xaxim. Assista! - Not\u00edcias - Franciscanos","isPartOf":{"@id":"https:\/\/franciscanos.org.br\/noticias\/#website"},"primaryImageOfPage":{"@id":"https:\/\/franciscanos.org.br\/noticias\/video-final-traz-de-volta-as-missoes-franciscanas-da-juventude-a-xaxim-assista.html#primaryimage"},"datePublished":"2020-02-15T00:28:28+00:00","dateModified":"2020-02-15T00:44:33+00:00","author":{"@id":"https:\/\/franciscanos.org.br\/noticias\/#\/schema\/person\/37f88f0d111cd5358b12a6556a99eb91"},"breadcrumb":{"@id":"https:\/\/franciscanos.org.br\/noticias\/video-final-traz-de-volta-as-missoes-franciscanas-da-juventude-a-xaxim-assista.html#breadcrumb"},"inLanguage":"pt-BR","potentialAction":[{"@type":"ReadAction","target":["https:\/\/franciscanos.org.br\/noticias\/video-final-traz-de-volta-as-missoes-franciscanas-da-juventude-a-xaxim-assista.html"]}]},{"@type":"BreadcrumbList","@id":"https:\/\/franciscanos.org.br\/noticias\/video-final-traz-de-volta-as-missoes-franciscanas-da-juventude-a-xaxim-assista.html#breadcrumb","itemListElement":[{"@type":"ListItem","position":1,"name":"Home","item":"https:\/\/franciscanos.org.br\/noticias"},{"@type":"ListItem","position":2,"name":"V\u00eddeo final traz de volta as Miss\u00f5es Franciscanas da Juventude a Xaxim. Assista!"}]},{"@type":"Person","@id":"https:\/\/franciscanos.org.br\/noticias\/#\/schema\/person\/37f88f0d111cd5358b12a6556a99eb91","name":"freiaugusto","image":{"@type":"ImageObject","inLanguage":"pt-BR","@id":"https:\/\/franciscanos.org.br\/noticias\/#\/schema\/person\/image\/","url":"https:\/\/secure.gravatar.com\/avatar\/9840b940e621801b24f3e6b059efb4b7?s=96&d=mm&r=g","contentUrl":"https:\/\/secure.gravatar.com\/avatar\/9840b940e621801b24f3e6b059efb4b7?s=96&d=mm&r=g","caption":"freiaugusto"},"url":"https:\/\/franciscanos.org.br\/noticias\/author\/freiaugusto"}]}},"_links":{"self":[{"href":"https:\/\/franciscanos.org.br\/noticias\/wp-json\/wp\/v2\/posts\/220700"}],"collection":[{"href":"https:\/\/franciscanos.org.br\/noticias\/wp-json\/wp\/v2\/posts"}],"about":[{"href":"https:\/\/franciscanos.org.br\/noticias\/wp-json\/wp\/v2\/types\/post"}],"author":[{"embeddable":true,"href":"https:\/\/franciscanos.org.br\/noticias\/wp-json\/wp\/v2\/users\/5"}],"replies":[{"embeddable":true,"href":"https:\/\/franciscanos.org.br\/noticias\/wp-json\/wp\/v2\/comments?post=220700"}],"version-history":[{"count":0,"href":"https:\/\/franciscanos.org.br\/noticias\/wp-json\/wp\/v2\/posts\/220700\/revisions"}],"wp:featuredmedia":[{"embeddable":true,"href":"https:\/\/franciscanos.org.br\/noticias\/wp-json\/wp\/v2\/media\/220703"}],"wp:attachment":[{"href":"https:\/\/franciscanos.org.br\/noticias\/wp-json\/wp\/v2\/media?parent=220700"}],"wp:term":[{"taxonomy":"category","embeddable":true,"href":"https:\/\/franciscanos.org.br\/noticias\/wp-json\/wp\/v2\/categories?post=220700"},{"taxonomy":"post_tag","embeddable":true,"href":"https:\/\/franciscanos.org.br\/noticias\/wp-json\/wp\/v2\/tags?post=220700"}],"curies":[{"name":"wp","href":"https:\/\/api.w.org\/{rel}","templated":true}]}}