{"id":220294,"date":"2020-02-13T23:10:30","date_gmt":"2020-02-14T02:10:30","guid":{"rendered":"https:\/\/franciscanos.org.br\/noticias\/?p=220294"},"modified":"2021-07-05T19:51:46","modified_gmt":"2021-07-05T22:51:46","slug":"frei-alisson-sao-francisco-e-nosso-aplicativo-que-leva-a-jesus","status":"publish","type":"post","link":"https:\/\/franciscanos.org.br\/noticias\/frei-alisson-sao-francisco-e-nosso-aplicativo-que-leva-a-jesus.html","title":{"rendered":"Frei Alisson: &#8220;S\u00e3o Francisco \u00e9 nosso &#8216;aplicativo&#8217; que leva a Jesus&#8221;"},"content":{"rendered":"<p><img loading=\"lazy\" class=\"alignleft size-full wp-image-220295\" src=\"https:\/\/franciscanos.org.br\/noticias\/wp-content\/uploads\/2020\/02\/triduo_1302_3.jpg\" alt=\"\" width=\"1280\" height=\"853\" srcset=\"https:\/\/franciscanos.org.br\/noticias\/wp-content\/uploads\/2020\/02\/triduo_1302_3.jpg 1280w, https:\/\/franciscanos.org.br\/noticias\/wp-content\/uploads\/2020\/02\/triduo_1302_3-450x300.jpg 450w, https:\/\/franciscanos.org.br\/noticias\/wp-content\/uploads\/2020\/02\/triduo_1302_3-1024x682.jpg 1024w, https:\/\/franciscanos.org.br\/noticias\/wp-content\/uploads\/2020\/02\/triduo_1302_3-768x512.jpg 768w, https:\/\/franciscanos.org.br\/noticias\/wp-content\/uploads\/2020\/02\/triduo_1302_3-150x100.jpg 150w\" sizes=\"(max-width: 1280px) 100vw, 1280px\" \/><\/p>\n<p><strong>Moacir Beggo<\/strong><\/p>\n<p><strong>\u00a0<\/strong><strong>Xaxim (SC)<\/strong> &#8211; Nem bem terminaram as Miss\u00f5es Franciscanas da Juventude em Xaxim, e a Par\u00f3quia S\u00e3o Luiz Gonzaga est\u00e1 no centro de grandes momentos celebrativos desde esta quinta-feira, 13 de fevereiro, at\u00e9 o pr\u00f3ximo domingo, 16. Com a anima\u00e7\u00e3o lit\u00fargica das Comunidades Anita Garibaldi e Marema, come\u00e7aram hoje (13), \u00e0s 19 horas, as comemora\u00e7\u00f5es da 8\u00aa Festa em louvor a Frei Bruno, o frade franciscano desta Prov\u00edncia que est\u00e1 em processo de beatifica\u00e7\u00e3o no Vaticano, e a prepara\u00e7\u00e3o para a ordena\u00e7\u00e3o presbiteral de Frei Evaldo Ludwig. Dois momentos fortes do Ano Jubilar para celebrar 80 anos da cria\u00e7\u00e3o da Par\u00f3quia.<\/p>\n<p>A equipe vocacional do Servi\u00e7o de Anima\u00e7\u00e3o Vocacional presidiu a Celebra\u00e7\u00e3o Eucar\u00edstica desta noite e mostrou todo o simbolismo da voca\u00e7\u00e3o crist\u00e3 e da voca\u00e7\u00e3o religiosa. Frei Diego Melo foi o presidente, tendo como concelebrantes os frades que j\u00e1 chegaram para a ordena\u00e7\u00e3o presbiteral de Frei Evaldo. Esta Missa tomou Frei Bruno como modelo &#8211; &#8220;homem de ora\u00e7\u00e3o e caridade&#8221; e S\u00e3o Francisco como inspira\u00e7\u00e3o, um &#8220;aplicativo que leva a Jesus&#8221;. O p\u00e1roco Frei Gilson Kammer fez acolhida dos paroquianos e dos frades.<\/p>\n<p><img loading=\"lazy\" class=\"alignleft size-full wp-image-220296\" src=\"https:\/\/franciscanos.org.br\/noticias\/wp-content\/uploads\/2020\/02\/triduo_1302_2.jpg\" alt=\"\" width=\"1280\" height=\"1060\" srcset=\"https:\/\/franciscanos.org.br\/noticias\/wp-content\/uploads\/2020\/02\/triduo_1302_2.jpg 1280w, https:\/\/franciscanos.org.br\/noticias\/wp-content\/uploads\/2020\/02\/triduo_1302_2-450x373.jpg 450w, https:\/\/franciscanos.org.br\/noticias\/wp-content\/uploads\/2020\/02\/triduo_1302_2-1024x848.jpg 1024w, https:\/\/franciscanos.org.br\/noticias\/wp-content\/uploads\/2020\/02\/triduo_1302_2-768x636.jpg 768w, https:\/\/franciscanos.org.br\/noticias\/wp-content\/uploads\/2020\/02\/triduo_1302_2-150x124.jpg 150w\" sizes=\"(max-width: 1280px) 100vw, 1280px\" \/><\/p>\n<p>O Hino de Frei Bruno abriu a celebra\u00e7\u00e3o &#8211; Na igreja, na rua ou l\u00e1 no interior, \/\u00a0 um amigo sempre pronto a servir seu semelhante\/ pelos morros do vale deixou marcas de amor\/ e por isso sua luz continua t\u00e3o brilhante&#8221; &#8211; deu o tom para as celebra\u00e7\u00f5es que vir\u00e3o nos pr\u00f3ximos dias.<\/p>\n<p>Na sua homilia, Frei Alisson Zanetti, a servi\u00e7o do SAV, explicou que cada forma de vida religiosa, na Igreja, se volta para Jesus e para o Evangelho. &#8220;Este \u00e9 o ponto de partida. N\u00e3o se descobre de imediato. Jesus n\u00e3o foi monge, n\u00e3o deixou nenhuma regra para uma congrega\u00e7\u00e3o institu\u00edda, nem prop\u00f4s votos aos 11 disc\u00edpulos; mas tornou-se Mestre e Modelo Divino de toda perfei\u00e7\u00e3o. Ele n\u00e3o emitiu votos em nenhuma congrega\u00e7\u00e3o e nem fundou, mas, a partir Dele, todas s\u00e3o fundamentadas. Ele mesmo sendo Deus, foi batizado e o Esp\u00edrito Santo, que o tinha fecundado, desceu sobre Ele&#8221;, explicou o frade.<\/p>\n<p>Segundo o frade, S\u00e3o Tom\u00e1s de Aquino diz que n\u00e3o era pr\u00f3prio de Jesus fazer votos porque era Deus, mesmo tendo se encarnado como homem, seus olhos estavam fixos s\u00f3 no bem. &#8220;Para vivermos a dimens\u00e3o essencial da vida religiosa consagrada temos que ter bem claro quais s\u00e3o os mais fundamentais motivos religiosos que levaram a escolher esta vida. \u00c9 mais um modo de ser do que um modo de fazer. Deus nos fez religiosos para sermos religiosos e n\u00e3o exercermos o cargo de religiosos&#8221;, destacou Frei Alisson.<\/p>\n<p><img loading=\"lazy\" class=\"alignleft size-full wp-image-220297\" src=\"https:\/\/franciscanos.org.br\/noticias\/wp-content\/uploads\/2020\/02\/triduo_1302_1.jpg\" alt=\"\" width=\"1280\" height=\"918\" srcset=\"https:\/\/franciscanos.org.br\/noticias\/wp-content\/uploads\/2020\/02\/triduo_1302_1.jpg 1280w, https:\/\/franciscanos.org.br\/noticias\/wp-content\/uploads\/2020\/02\/triduo_1302_1-450x323.jpg 450w, https:\/\/franciscanos.org.br\/noticias\/wp-content\/uploads\/2020\/02\/triduo_1302_1-1024x734.jpg 1024w, https:\/\/franciscanos.org.br\/noticias\/wp-content\/uploads\/2020\/02\/triduo_1302_1-768x551.jpg 768w, https:\/\/franciscanos.org.br\/noticias\/wp-content\/uploads\/2020\/02\/triduo_1302_1-150x108.jpg 150w\" sizes=\"(max-width: 1280px) 100vw, 1280px\" \/><\/p>\n<p>Para o pregador <em>(na foto acima<\/em>), a vida religiosa tem estrutura de governo, sistema de forma\u00e7\u00e3o, sistema de vida comum, disciplina, linhas comuns que trabalham valores em conjunto. &#8220;Isto \u00e9 um valor, n\u00e3o pode somente ser visto como peso estrutural; mas a uni\u00e3o de for\u00e7as para um testemunho, servi\u00e7o, pastoral e forma\u00e7\u00e3o humana&#8221;, acrescentou.<\/p>\n<p>Segundo ele, a vida religiosa consagrada \u00e9 gratuita, \u00e9 garantida por Deus e n\u00e3o pelo C\u00f3digo de Direito Can\u00f4nico, por Regras, Constitui\u00e7\u00f5es ou Estatutos. &#8220;A a\u00e7\u00e3o do Esp\u00edrito insuflando carismas vem antes da reflex\u00e3o teol\u00f3gica, e mesmo antes do Direito Can\u00f4nico&#8221;, destacou.<\/p>\n<p>Para o frade, s\u00f3 existe uma consagra\u00e7\u00e3o: o Batismo. A Vida Religiosa Consagrada, ou a vida religiosa, n\u00e3o comporta teologicamente uma nova consagra\u00e7\u00e3o, mas sim uma reafirma\u00e7\u00e3o da voca\u00e7\u00e3o batismal. &#8220;O batismo \u00e9 o nascimento. Como a crian\u00e7a que nasce depende dos pais para viver, tamb\u00e9m n\u00f3s dependemos da vida que Deus nos oferece. No batismo, a Igreja reunida celebra a experi\u00eancia de sermos dependentes, filhos de Deus. Por meio desse sacramento, participamos da vida de Cristo. Jesus Cristo \u00e9 o grande sinal de que Deus cuida de n\u00f3s. Tornar o sacramento sacramental. Viver todos os dias como homens e mulheres de Deus. A cada dia n\u00f3s renovamos essa nossa consagra\u00e7\u00e3o batismal, a nossa voca\u00e7\u00e3o de crist\u00e3os e crist\u00e3s&#8221;, explicou.<\/p>\n<p><img loading=\"lazy\" class=\"alignleft size-full wp-image-220298\" src=\"https:\/\/franciscanos.org.br\/noticias\/wp-content\/uploads\/2020\/02\/triduo_1302_4.jpg\" alt=\"\" width=\"1280\" height=\"960\" srcset=\"https:\/\/franciscanos.org.br\/noticias\/wp-content\/uploads\/2020\/02\/triduo_1302_4.jpg 1280w, https:\/\/franciscanos.org.br\/noticias\/wp-content\/uploads\/2020\/02\/triduo_1302_4-450x338.jpg 450w, https:\/\/franciscanos.org.br\/noticias\/wp-content\/uploads\/2020\/02\/triduo_1302_4-1024x768.jpg 1024w, https:\/\/franciscanos.org.br\/noticias\/wp-content\/uploads\/2020\/02\/triduo_1302_4-768x576.jpg 768w, https:\/\/franciscanos.org.br\/noticias\/wp-content\/uploads\/2020\/02\/triduo_1302_4-150x113.jpg 150w, https:\/\/franciscanos.org.br\/noticias\/wp-content\/uploads\/2020\/02\/triduo_1302_4-600x450.jpg 600w\" sizes=\"(max-width: 1280px) 100vw, 1280px\" \/><\/p>\n<p>Segundo frade, a Vida Consagrada \u00e9 o \u00e1pice da voca\u00e7\u00e3o batismal e o franciscano Frei Bruno \u00e9 para n\u00f3s esse modelo de vida e de santidade. &#8220;A Igreja ainda n\u00e3o o aclamou santo, mas o povo, no seu cora\u00e7\u00e3o, na sua f\u00e9, j\u00e1 tem ele como um homem de Deus, como santo. Frei Bruno n\u00e3o nasceu santo, mas se tornou santo a partir justamente dessa a\u00e7\u00e3o do Esp\u00edrito Santo, a partir de quando tornou o seu batismo sacramental todos os dias de sua vida. Seus passos, sua hist\u00f3ria e sua vida continuam vivos no ch\u00e3o desta terra sagrada e por onde mais ele passou e no cora\u00e7\u00e3o e na mente daqueles que se sentem tocados pela sua intercess\u00e3o. Sem o batismo n\u00e3o se constr\u00f3i um crist\u00e3o e menos ainda um santo&#8221;, decretou.<\/p>\n<p>Frei Alisson ponderou que a Vida Religiosa Franciscana n\u00e3o \u00e9 melhor do que as outras, mas ela \u00e9 inspirada por Francisco de Assis, que primeiramente nos leva a Deus. &#8220;Para n\u00f3s, seus filhos espirituais, ele \u00e9 uma placa indicativa, ele \u00e9 o nosso aplicativo, o nosso <em>Waze<\/em>, se \u00e9 que podemos dizer assim. Ele nos leva a Jesus, pobre e crucificado. E tem tamb\u00e9m os tra\u00e7os e express\u00f5es de uma espiritualidade pr\u00f3pria. A vida religiosa, segundo Francisco, deve ser comunit\u00e1ria. Ele parte da solid\u00e3o para a comunh\u00e3o. E logo no seu Testamento, Francisco vai dizer: &#8216;O Senhor revelou a mim&#8230;&#8217;. N\u00e3o foi ningu\u00e9m que mandou SMS, ou uma mensagem no Instagram. Foi o pr\u00f3prio Deus que revelou a ele o que deveria fazer ou qual seria o santo modo de operar de Deus na vida daquele homem&#8221;, ressaltou.<\/p>\n<p><img loading=\"lazy\" class=\"alignleft size-full wp-image-220299\" src=\"https:\/\/franciscanos.org.br\/noticias\/wp-content\/uploads\/2020\/02\/triduo_1302_7.jpg\" alt=\"\" width=\"1280\" height=\"823\" srcset=\"https:\/\/franciscanos.org.br\/noticias\/wp-content\/uploads\/2020\/02\/triduo_1302_7.jpg 1280w, https:\/\/franciscanos.org.br\/noticias\/wp-content\/uploads\/2020\/02\/triduo_1302_7-450x289.jpg 450w, https:\/\/franciscanos.org.br\/noticias\/wp-content\/uploads\/2020\/02\/triduo_1302_7-1024x658.jpg 1024w, https:\/\/franciscanos.org.br\/noticias\/wp-content\/uploads\/2020\/02\/triduo_1302_7-768x494.jpg 768w, https:\/\/franciscanos.org.br\/noticias\/wp-content\/uploads\/2020\/02\/triduo_1302_7-150x96.jpg 150w\" sizes=\"(max-width: 1280px) 100vw, 1280px\" \/><\/p>\n<p>Para ele, n\u00e3o existe vida religiosa consagrada abstrata, mas existe o religioso, a religiosa, concretos! &#8220;Por isso que ela n\u00e3o \u00e9 perfeita. Quem acha que vai entrar na vida religiosa para ser santo porque l\u00e1 \u00e9 o lugar, est\u00e1 absolutamente enganado! N\u00f3s nos santificamos, como religiosos, a partir de Deus, a partir do Esp\u00edrito Santo e principalmente a partir do testemunho de vida do povo crist\u00e3o, que na sua f\u00e9 nos ensina a sermos melhores e mais realizados como religiosos (as)&#8221;, ensinou.<\/p>\n<p>Hoje esse cuidado &#8211; continuou o frade &#8211; deve ser ainda maior: \u00c9 um instrumento de servi\u00e7o \u00e0 vida a partir de um carisma pr\u00f3prio. Confunde-se muito atividade religiosa com vida religiosa. O religioso (a) cai num vazio espiritual que \u00e9 dif\u00edcil sair dele depois.<\/p>\n<p>&nbsp;<\/p>\n<p><img loading=\"lazy\" class=\"alignleft size-full wp-image-220300\" src=\"https:\/\/franciscanos.org.br\/noticias\/wp-content\/uploads\/2020\/02\/triduo_1302_5.jpg\" alt=\"\" width=\"1280\" height=\"649\" srcset=\"https:\/\/franciscanos.org.br\/noticias\/wp-content\/uploads\/2020\/02\/triduo_1302_5.jpg 1280w, https:\/\/franciscanos.org.br\/noticias\/wp-content\/uploads\/2020\/02\/triduo_1302_5-450x228.jpg 450w, https:\/\/franciscanos.org.br\/noticias\/wp-content\/uploads\/2020\/02\/triduo_1302_5-1024x519.jpg 1024w, https:\/\/franciscanos.org.br\/noticias\/wp-content\/uploads\/2020\/02\/triduo_1302_5-768x389.jpg 768w, https:\/\/franciscanos.org.br\/noticias\/wp-content\/uploads\/2020\/02\/triduo_1302_5-150x76.jpg 150w\" sizes=\"(max-width: 1280px) 100vw, 1280px\" \/><\/p>\n<p><em>As sand\u00e1lias lembrando as caminhadas de Frei Bruno e representando nossa caminhada crist\u00e3 e batismal.<\/em><\/p>\n<p>&#8220;Francisco \u00e9 para n\u00f3s um modelo porque nos ensina a termos uma vis\u00e3o muito positiva do ser humano. Para ele, cada pessoa tem que ser vista com muita rever\u00eancia porque ela traz em si o mist\u00e9rio de Deus expresso em todos os seus dons particulares. Cada pessoa reflete a imagem de Deus. Do leproso \u00e0 dama nobre, sua amiga Jacoba de Settesoli, cada pessoa \u00e9 grandiosa em si mesma. Trabalhar com os pobres, entre os pobres e para os pobres n\u00e3o \u00e9 apenas um estilo de vida, \u00e9 a pr\u00f3pria Forma de Vida franciscana&#8221;, evidenciou Frei Alisson, mostrando tamb\u00e9m o exemplo do Papa Francisco para n\u00f3s hoje: &#8220;O nosso bispo de Roma, Francisco, se reconhece pecador e pede ora\u00e7\u00f5es; lembra que a Igreja precisa de uma convers\u00e3o e uma cont\u00ednua reforma evang\u00e9lica, uma reforma no estilo de Francisco de Assis&#8221;.<\/p>\n<p>Segundo o frade, os dois Franciscos pedem uma Vida religiosa acolhedora, hospitaleira, capaz de iniciar na f\u00e9 aos que buscam um Deus desconhecido, uma vida religiosa nazarena, n\u00e3o dav\u00eddica, cheia de pompas. &#8220;\u00c9 olhando para Jesus, para Francisco, para o nosso Frei Bruno que hoje n\u00f3s queremos agradecer a Deus pelo dom de sermos batizados (as), pelo dom da vida religiosa dentro da Igreja&#8221;, disse.<\/p>\n<p>&nbsp;<\/p>\n<p><img loading=\"lazy\" class=\"alignleft size-full wp-image-220302\" src=\"https:\/\/franciscanos.org.br\/noticias\/wp-content\/uploads\/2020\/02\/triduo_1302_6.jpg\" alt=\"\" width=\"890\" height=\"1340\" srcset=\"https:\/\/franciscanos.org.br\/noticias\/wp-content\/uploads\/2020\/02\/triduo_1302_6.jpg 890w, https:\/\/franciscanos.org.br\/noticias\/wp-content\/uploads\/2020\/02\/triduo_1302_6-299x450.jpg 299w, https:\/\/franciscanos.org.br\/noticias\/wp-content\/uploads\/2020\/02\/triduo_1302_6-680x1024.jpg 680w, https:\/\/franciscanos.org.br\/noticias\/wp-content\/uploads\/2020\/02\/triduo_1302_6-768x1156.jpg 768w, https:\/\/franciscanos.org.br\/noticias\/wp-content\/uploads\/2020\/02\/triduo_1302_6-150x226.jpg 150w\" sizes=\"(max-width: 890px) 100vw, 890px\" \/><\/p>\n<p>&#8220;Tamb\u00e9m queremos olhar para a vida do nosso irm\u00e3o Frei Evaldo e desejar a ele um feliz e fecundo sacerd\u00f3cio. Que o sacerd\u00f3cio e a vida religiosa de Frei Evaldo sejam como foi a vida de Jesus de Nazar\u00e9, como foi a vida de S\u00e3o Francisco de Assis, como foi a vida de Frei Bruno, homem de ora\u00e7\u00e3o e de caridade. E n\u00e3o como foi justamente a vida do Rei Davi dentro dos pal\u00e1cios e dentro das pompas. Que Deus seja louvado pela vida de nossos irm\u00e3os, um que j\u00e1 est\u00e1 galgando para comunh\u00e3o celestial dos santos, o nosso Frei Bruno, e o nosso Frei Evaldo, que est\u00e1 nessa Igreja peregrina, humana, tamb\u00e9m buscando a santidade como o Frei Bruno encontrou&#8221;, completou.<\/p>\n<p>Logo depois da homilia, Frei Diego chamou Frei Evaldo para se juntar a ele no presbit\u00e9rio. &#8220;Conforme Frei Alisson nos ajudou na reflex\u00e3o, hoje estamos celebrando esse grande sacramento do batismo, que \u00e9 a porta de entrada de todos os sacramentos e Frei Evaldo n\u00e3o foi sozinho \u00e0 igreja para ser batizado. Ele teve duas pessoas muito importantes na vida dele, que o ensinaram o caminho de f\u00e9 e essas duas pessoas est\u00e3o aqui. Os seus pais, D. Doralina e o sr. Arno&#8221;, explicou.<\/p>\n<p>Frei Diego convidou Frei Evaldo para acender sua vela no C\u00edrio Pascal e depois acender as velas dos pais. &#8220;Essa chama da esperan\u00e7a, que Frei Evaldo cultivou com carinho e cuidado, um dia aprendeu que deveria compartilhar. Voc\u00eas tr\u00eas v\u00e3o espalhar essa chama para a igreja&#8221;, pediu Frei Diego, enquanto a assembleia cantou &#8220;A n\u00f3s descei divina luz&#8221;.<\/p>\n<p>Sob as luzes das velas, Frei Evaldo fez a sua profiss\u00e3o de f\u00e9. Depois, na profiss\u00e3o de castidade, Frei Diego chamou a turma do ordenando, porque professaram com ele.<\/p>\n<p><img loading=\"lazy\" class=\"alignleft size-full wp-image-220301\" src=\"https:\/\/franciscanos.org.br\/noticias\/wp-content\/uploads\/2020\/02\/triduo_1302_8.jpg\" alt=\"\" width=\"1280\" height=\"960\" srcset=\"https:\/\/franciscanos.org.br\/noticias\/wp-content\/uploads\/2020\/02\/triduo_1302_8.jpg 1280w, https:\/\/franciscanos.org.br\/noticias\/wp-content\/uploads\/2020\/02\/triduo_1302_8-450x338.jpg 450w, https:\/\/franciscanos.org.br\/noticias\/wp-content\/uploads\/2020\/02\/triduo_1302_8-1024x768.jpg 1024w, https:\/\/franciscanos.org.br\/noticias\/wp-content\/uploads\/2020\/02\/triduo_1302_8-768x576.jpg 768w, https:\/\/franciscanos.org.br\/noticias\/wp-content\/uploads\/2020\/02\/triduo_1302_8-150x113.jpg 150w, https:\/\/franciscanos.org.br\/noticias\/wp-content\/uploads\/2020\/02\/triduo_1302_8-600x450.jpg 600w\" sizes=\"(max-width: 1280px) 100vw, 1280px\" \/><\/p>\n<p>Na prociss\u00e3o do ofert\u00f3rio teve um ter\u00e7o simbolizando a nossa f\u00e9; a \u00e1gua, s\u00edmbolo do nosso batismo; frutas, representando o nosso trabalho; as sand\u00e1lias lembrando as caminhadas de Frei Bruno nesta terra e representando nossa caminhada crist\u00e3 e batismal; e o p\u00e3o e o vinho que agora se tornam Corpo e Sangue de Cristo. &#8220;Vamos ofertar nossa vida junto com Frei Evaldo que ir\u00e1 consagrar sua vida a Cristo Jesus&#8221;, disse o comentarista.<\/p>\n<p>Nesta sexta-feira, no segundo dia do Tr\u00edduo, o tema da festa \u00e9 &#8220;Frei Bruno, pregador do Evangelho&#8221;, tendo a anima\u00e7\u00e3o das Comunidades da Linha Limeira e Vila Tigre. Frei Vanderlei da Silva fez os agradecimentos.<\/p>\n<p>Frei Bruno morreu com fama de santidade no dia 25 de fevereiro de 1960. At\u00e9 o dia 25, para marcar esta data, a Par\u00f3quia ter\u00e1 a Novena de Frei Bruno na Igreja Matriz, todos os dias, \u00e0s 19 horas, com exce\u00e7\u00e3o no dia 20, \u00e0s 8h30. Frei Bruno tamb\u00e9m \u00e9 lembrado na Missa das 19 horas, toda quarta-feira, quando a anima\u00e7\u00e3o lit\u00fargica \u00e9 feita por uma das 60 Comunidades da Par\u00f3quia.<\/p>\n<hr \/>\n<p><strong>VEJA MAIS IMAGENS DA CELEBRA\u00c7\u00c3O EUCAR\u00cdSTICA DESTA NOITE<\/strong><\/p>\n\n\t\t<style type=\"text\/css\">\n\t\t\t#gallery-1 {\n\t\t\t\tmargin: auto;\n\t\t\t}\n\t\t\t#gallery-1 .gallery-item {\n\t\t\t\tfloat: left;\n\t\t\t\tmargin-top: 10px;\n\t\t\t\ttext-align: center;\n\t\t\t\twidth: 20%;\n\t\t\t}\n\t\t\t#gallery-1 img {\n\t\t\t\tborder: 2px solid #cfcfcf;\n\t\t\t}\n\t\t\t#gallery-1 .gallery-caption {\n\t\t\t\tmargin-left: 0;\n\t\t\t}\n\t\t\t\/* see gallery_shortcode() in wp-includes\/media.php *\/\n\t\t<\/style>\n\t\t<div id='gallery-1' class='gallery galleryid-220294 gallery-columns-5 gallery-size-thumbnail'><dl class='gallery-item'>\n\t\t\t<dt class='gallery-icon landscape'>\n\t\t\t\t<a href='https:\/\/franciscanos.org.br\/noticias\/wp-content\/uploads\/2020\/02\/triduo-1.jpg'><img width=\"300\" height=\"300\" src=\"https:\/\/franciscanos.org.br\/noticias\/wp-content\/uploads\/2020\/02\/triduo-1-300x300.jpg\" class=\"attachment-thumbnail size-thumbnail\" alt=\"\" loading=\"lazy\" srcset=\"https:\/\/franciscanos.org.br\/noticias\/wp-content\/uploads\/2020\/02\/triduo-1-300x300.jpg 300w, https:\/\/franciscanos.org.br\/noticias\/wp-content\/uploads\/2020\/02\/triduo-1-100x100.jpg 100w, https:\/\/franciscanos.org.br\/noticias\/wp-content\/uploads\/2020\/02\/triduo-1-400x400.jpg 400w\" sizes=\"(max-width: 300px) 100vw, 300px\" \/><\/a>\n\t\t\t<\/dt><\/dl><dl class='gallery-item'>\n\t\t\t<dt class='gallery-icon landscape'>\n\t\t\t\t<a href='https:\/\/franciscanos.org.br\/noticias\/wp-content\/uploads\/2020\/02\/triduo-2.jpg'><img width=\"300\" height=\"300\" src=\"https:\/\/franciscanos.org.br\/noticias\/wp-content\/uploads\/2020\/02\/triduo-2-300x300.jpg\" class=\"attachment-thumbnail size-thumbnail\" alt=\"\" loading=\"lazy\" srcset=\"https:\/\/franciscanos.org.br\/noticias\/wp-content\/uploads\/2020\/02\/triduo-2-300x300.jpg 300w, https:\/\/franciscanos.org.br\/noticias\/wp-content\/uploads\/2020\/02\/triduo-2-100x100.jpg 100w, https:\/\/franciscanos.org.br\/noticias\/wp-content\/uploads\/2020\/02\/triduo-2-400x400.jpg 400w\" sizes=\"(max-width: 300px) 100vw, 300px\" \/><\/a>\n\t\t\t<\/dt><\/dl><dl class='gallery-item'>\n\t\t\t<dt class='gallery-icon portrait'>\n\t\t\t\t<a href='https:\/\/franciscanos.org.br\/noticias\/wp-content\/uploads\/2020\/02\/triduo-3.jpg'><img width=\"300\" height=\"300\" src=\"https:\/\/franciscanos.org.br\/noticias\/wp-content\/uploads\/2020\/02\/triduo-3-300x300.jpg\" class=\"attachment-thumbnail size-thumbnail\" alt=\"\" loading=\"lazy\" srcset=\"https:\/\/franciscanos.org.br\/noticias\/wp-content\/uploads\/2020\/02\/triduo-3-300x300.jpg 300w, https:\/\/franciscanos.org.br\/noticias\/wp-content\/uploads\/2020\/02\/triduo-3-100x100.jpg 100w, https:\/\/franciscanos.org.br\/noticias\/wp-content\/uploads\/2020\/02\/triduo-3-400x400.jpg 400w\" sizes=\"(max-width: 300px) 100vw, 300px\" \/><\/a>\n\t\t\t<\/dt><\/dl><dl class='gallery-item'>\n\t\t\t<dt class='gallery-icon landscape'>\n\t\t\t\t<a href='https:\/\/franciscanos.org.br\/noticias\/wp-content\/uploads\/2020\/02\/triduo-4.jpg'><img width=\"300\" height=\"300\" src=\"https:\/\/franciscanos.org.br\/noticias\/wp-content\/uploads\/2020\/02\/triduo-4-300x300.jpg\" class=\"attachment-thumbnail size-thumbnail\" alt=\"\" loading=\"lazy\" srcset=\"https:\/\/franciscanos.org.br\/noticias\/wp-content\/uploads\/2020\/02\/triduo-4-300x300.jpg 300w, https:\/\/franciscanos.org.br\/noticias\/wp-content\/uploads\/2020\/02\/triduo-4-100x100.jpg 100w, https:\/\/franciscanos.org.br\/noticias\/wp-content\/uploads\/2020\/02\/triduo-4-400x400.jpg 400w\" sizes=\"(max-width: 300px) 100vw, 300px\" \/><\/a>\n\t\t\t<\/dt><\/dl><dl class='gallery-item'>\n\t\t\t<dt class='gallery-icon portrait'>\n\t\t\t\t<a href='https:\/\/franciscanos.org.br\/noticias\/wp-content\/uploads\/2020\/02\/triduo-5.jpg'><img width=\"300\" height=\"300\" src=\"https:\/\/franciscanos.org.br\/noticias\/wp-content\/uploads\/2020\/02\/triduo-5-300x300.jpg\" class=\"attachment-thumbnail size-thumbnail\" alt=\"\" loading=\"lazy\" srcset=\"https:\/\/franciscanos.org.br\/noticias\/wp-content\/uploads\/2020\/02\/triduo-5-300x300.jpg 300w, https:\/\/franciscanos.org.br\/noticias\/wp-content\/uploads\/2020\/02\/triduo-5-100x100.jpg 100w, https:\/\/franciscanos.org.br\/noticias\/wp-content\/uploads\/2020\/02\/triduo-5-400x400.jpg 400w\" sizes=\"(max-width: 300px) 100vw, 300px\" \/><\/a>\n\t\t\t<\/dt><\/dl><br style=\"clear: both\" \/><dl class='gallery-item'>\n\t\t\t<dt class='gallery-icon portrait'>\n\t\t\t\t<a href='https:\/\/franciscanos.org.br\/noticias\/wp-content\/uploads\/2020\/02\/triduo-6.jpg'><img width=\"300\" height=\"300\" src=\"https:\/\/franciscanos.org.br\/noticias\/wp-content\/uploads\/2020\/02\/triduo-6-300x300.jpg\" class=\"attachment-thumbnail size-thumbnail\" alt=\"\" loading=\"lazy\" srcset=\"https:\/\/franciscanos.org.br\/noticias\/wp-content\/uploads\/2020\/02\/triduo-6-300x300.jpg 300w, https:\/\/franciscanos.org.br\/noticias\/wp-content\/uploads\/2020\/02\/triduo-6-100x100.jpg 100w, https:\/\/franciscanos.org.br\/noticias\/wp-content\/uploads\/2020\/02\/triduo-6-400x400.jpg 400w\" sizes=\"(max-width: 300px) 100vw, 300px\" \/><\/a>\n\t\t\t<\/dt><\/dl><dl class='gallery-item'>\n\t\t\t<dt class='gallery-icon landscape'>\n\t\t\t\t<a href='https:\/\/franciscanos.org.br\/noticias\/wp-content\/uploads\/2020\/02\/triduo-7.jpg'><img width=\"300\" height=\"300\" src=\"https:\/\/franciscanos.org.br\/noticias\/wp-content\/uploads\/2020\/02\/triduo-7-300x300.jpg\" class=\"attachment-thumbnail size-thumbnail\" alt=\"\" loading=\"lazy\" srcset=\"https:\/\/franciscanos.org.br\/noticias\/wp-content\/uploads\/2020\/02\/triduo-7-300x300.jpg 300w, https:\/\/franciscanos.org.br\/noticias\/wp-content\/uploads\/2020\/02\/triduo-7-100x100.jpg 100w, https:\/\/franciscanos.org.br\/noticias\/wp-content\/uploads\/2020\/02\/triduo-7-400x400.jpg 400w\" sizes=\"(max-width: 300px) 100vw, 300px\" \/><\/a>\n\t\t\t<\/dt><\/dl><dl class='gallery-item'>\n\t\t\t<dt class='gallery-icon landscape'>\n\t\t\t\t<a href='https:\/\/franciscanos.org.br\/noticias\/wp-content\/uploads\/2020\/02\/triduo-8.jpg'><img width=\"300\" height=\"300\" src=\"https:\/\/franciscanos.org.br\/noticias\/wp-content\/uploads\/2020\/02\/triduo-8-300x300.jpg\" class=\"attachment-thumbnail size-thumbnail\" alt=\"\" loading=\"lazy\" srcset=\"https:\/\/franciscanos.org.br\/noticias\/wp-content\/uploads\/2020\/02\/triduo-8-300x300.jpg 300w, https:\/\/franciscanos.org.br\/noticias\/wp-content\/uploads\/2020\/02\/triduo-8-100x100.jpg 100w, https:\/\/franciscanos.org.br\/noticias\/wp-content\/uploads\/2020\/02\/triduo-8-400x400.jpg 400w\" sizes=\"(max-width: 300px) 100vw, 300px\" \/><\/a>\n\t\t\t<\/dt><\/dl><dl class='gallery-item'>\n\t\t\t<dt class='gallery-icon landscape'>\n\t\t\t\t<a href='https:\/\/franciscanos.org.br\/noticias\/wp-content\/uploads\/2020\/02\/triduo-9.jpg'><img width=\"300\" height=\"300\" src=\"https:\/\/franciscanos.org.br\/noticias\/wp-content\/uploads\/2020\/02\/triduo-9-300x300.jpg\" class=\"attachment-thumbnail size-thumbnail\" alt=\"\" loading=\"lazy\" srcset=\"https:\/\/franciscanos.org.br\/noticias\/wp-content\/uploads\/2020\/02\/triduo-9-300x300.jpg 300w, https:\/\/franciscanos.org.br\/noticias\/wp-content\/uploads\/2020\/02\/triduo-9-100x100.jpg 100w, https:\/\/franciscanos.org.br\/noticias\/wp-content\/uploads\/2020\/02\/triduo-9-400x400.jpg 400w\" sizes=\"(max-width: 300px) 100vw, 300px\" \/><\/a>\n\t\t\t<\/dt><\/dl><dl class='gallery-item'>\n\t\t\t<dt class='gallery-icon landscape'>\n\t\t\t\t<a href='https:\/\/franciscanos.org.br\/noticias\/wp-content\/uploads\/2020\/02\/triduo-10.jpg'><img width=\"300\" height=\"300\" src=\"https:\/\/franciscanos.org.br\/noticias\/wp-content\/uploads\/2020\/02\/triduo-10-300x300.jpg\" class=\"attachment-thumbnail size-thumbnail\" alt=\"\" loading=\"lazy\" srcset=\"https:\/\/franciscanos.org.br\/noticias\/wp-content\/uploads\/2020\/02\/triduo-10-300x300.jpg 300w, https:\/\/franciscanos.org.br\/noticias\/wp-content\/uploads\/2020\/02\/triduo-10-100x100.jpg 100w, https:\/\/franciscanos.org.br\/noticias\/wp-content\/uploads\/2020\/02\/triduo-10-400x400.jpg 400w\" sizes=\"(max-width: 300px) 100vw, 300px\" \/><\/a>\n\t\t\t<\/dt><\/dl><br style=\"clear: both\" \/><dl class='gallery-item'>\n\t\t\t<dt class='gallery-icon landscape'>\n\t\t\t\t<a href='https:\/\/franciscanos.org.br\/noticias\/wp-content\/uploads\/2020\/02\/triduo-13.jpg'><img width=\"300\" height=\"300\" src=\"https:\/\/franciscanos.org.br\/noticias\/wp-content\/uploads\/2020\/02\/triduo-13-300x300.jpg\" class=\"attachment-thumbnail size-thumbnail\" alt=\"\" loading=\"lazy\" srcset=\"https:\/\/franciscanos.org.br\/noticias\/wp-content\/uploads\/2020\/02\/triduo-13-300x300.jpg 300w, https:\/\/franciscanos.org.br\/noticias\/wp-content\/uploads\/2020\/02\/triduo-13-100x100.jpg 100w, https:\/\/franciscanos.org.br\/noticias\/wp-content\/uploads\/2020\/02\/triduo-13-400x400.jpg 400w\" sizes=\"(max-width: 300px) 100vw, 300px\" \/><\/a>\n\t\t\t<\/dt><\/dl><dl class='gallery-item'>\n\t\t\t<dt class='gallery-icon landscape'>\n\t\t\t\t<a href='https:\/\/franciscanos.org.br\/noticias\/wp-content\/uploads\/2020\/02\/triduo-14.jpg'><img width=\"300\" height=\"300\" src=\"https:\/\/franciscanos.org.br\/noticias\/wp-content\/uploads\/2020\/02\/triduo-14-300x300.jpg\" class=\"attachment-thumbnail size-thumbnail\" alt=\"\" loading=\"lazy\" srcset=\"https:\/\/franciscanos.org.br\/noticias\/wp-content\/uploads\/2020\/02\/triduo-14-300x300.jpg 300w, https:\/\/franciscanos.org.br\/noticias\/wp-content\/uploads\/2020\/02\/triduo-14-100x100.jpg 100w, https:\/\/franciscanos.org.br\/noticias\/wp-content\/uploads\/2020\/02\/triduo-14-400x400.jpg 400w\" sizes=\"(max-width: 300px) 100vw, 300px\" \/><\/a>\n\t\t\t<\/dt><\/dl><dl class='gallery-item'>\n\t\t\t<dt class='gallery-icon landscape'>\n\t\t\t\t<a href='https:\/\/franciscanos.org.br\/noticias\/wp-content\/uploads\/2020\/02\/triduo-15.jpg'><img width=\"300\" height=\"300\" src=\"https:\/\/franciscanos.org.br\/noticias\/wp-content\/uploads\/2020\/02\/triduo-15-300x300.jpg\" class=\"attachment-thumbnail size-thumbnail\" alt=\"\" loading=\"lazy\" srcset=\"https:\/\/franciscanos.org.br\/noticias\/wp-content\/uploads\/2020\/02\/triduo-15-300x300.jpg 300w, https:\/\/franciscanos.org.br\/noticias\/wp-content\/uploads\/2020\/02\/triduo-15-100x100.jpg 100w, https:\/\/franciscanos.org.br\/noticias\/wp-content\/uploads\/2020\/02\/triduo-15-400x400.jpg 400w\" sizes=\"(max-width: 300px) 100vw, 300px\" \/><\/a>\n\t\t\t<\/dt><\/dl><dl class='gallery-item'>\n\t\t\t<dt class='gallery-icon portrait'>\n\t\t\t\t<a href='https:\/\/franciscanos.org.br\/noticias\/wp-content\/uploads\/2020\/02\/triduo-16.jpg'><img width=\"300\" height=\"300\" src=\"https:\/\/franciscanos.org.br\/noticias\/wp-content\/uploads\/2020\/02\/triduo-16-300x300.jpg\" class=\"attachment-thumbnail size-thumbnail\" alt=\"\" loading=\"lazy\" srcset=\"https:\/\/franciscanos.org.br\/noticias\/wp-content\/uploads\/2020\/02\/triduo-16-300x300.jpg 300w, https:\/\/franciscanos.org.br\/noticias\/wp-content\/uploads\/2020\/02\/triduo-16-100x100.jpg 100w, https:\/\/franciscanos.org.br\/noticias\/wp-content\/uploads\/2020\/02\/triduo-16-400x400.jpg 400w\" sizes=\"(max-width: 300px) 100vw, 300px\" \/><\/a>\n\t\t\t<\/dt><\/dl><dl class='gallery-item'>\n\t\t\t<dt class='gallery-icon landscape'>\n\t\t\t\t<a href='https:\/\/franciscanos.org.br\/noticias\/wp-content\/uploads\/2020\/02\/triduo-17.jpg'><img width=\"300\" height=\"300\" src=\"https:\/\/franciscanos.org.br\/noticias\/wp-content\/uploads\/2020\/02\/triduo-17-300x300.jpg\" class=\"attachment-thumbnail size-thumbnail\" alt=\"\" loading=\"lazy\" srcset=\"https:\/\/franciscanos.org.br\/noticias\/wp-content\/uploads\/2020\/02\/triduo-17-300x300.jpg 300w, https:\/\/franciscanos.org.br\/noticias\/wp-content\/uploads\/2020\/02\/triduo-17-100x100.jpg 100w, https:\/\/franciscanos.org.br\/noticias\/wp-content\/uploads\/2020\/02\/triduo-17-400x400.jpg 400w\" sizes=\"(max-width: 300px) 100vw, 300px\" \/><\/a>\n\t\t\t<\/dt><\/dl><br style=\"clear: both\" \/><dl class='gallery-item'>\n\t\t\t<dt class='gallery-icon landscape'>\n\t\t\t\t<a href='https:\/\/franciscanos.org.br\/noticias\/wp-content\/uploads\/2020\/02\/triduo-18.jpg'><img width=\"300\" height=\"300\" src=\"https:\/\/franciscanos.org.br\/noticias\/wp-content\/uploads\/2020\/02\/triduo-18-300x300.jpg\" class=\"attachment-thumbnail size-thumbnail\" alt=\"\" loading=\"lazy\" srcset=\"https:\/\/franciscanos.org.br\/noticias\/wp-content\/uploads\/2020\/02\/triduo-18-300x300.jpg 300w, https:\/\/franciscanos.org.br\/noticias\/wp-content\/uploads\/2020\/02\/triduo-18-100x100.jpg 100w, https:\/\/franciscanos.org.br\/noticias\/wp-content\/uploads\/2020\/02\/triduo-18-400x400.jpg 400w\" sizes=\"(max-width: 300px) 100vw, 300px\" \/><\/a>\n\t\t\t<\/dt><\/dl><dl class='gallery-item'>\n\t\t\t<dt class='gallery-icon landscape'>\n\t\t\t\t<a href='https:\/\/franciscanos.org.br\/noticias\/wp-content\/uploads\/2020\/02\/triduo-19.jpg'><img width=\"300\" height=\"300\" src=\"https:\/\/franciscanos.org.br\/noticias\/wp-content\/uploads\/2020\/02\/triduo-19-300x300.jpg\" class=\"attachment-thumbnail size-thumbnail\" alt=\"\" loading=\"lazy\" srcset=\"https:\/\/franciscanos.org.br\/noticias\/wp-content\/uploads\/2020\/02\/triduo-19-300x300.jpg 300w, https:\/\/franciscanos.org.br\/noticias\/wp-content\/uploads\/2020\/02\/triduo-19-100x100.jpg 100w, https:\/\/franciscanos.org.br\/noticias\/wp-content\/uploads\/2020\/02\/triduo-19-400x400.jpg 400w\" sizes=\"(max-width: 300px) 100vw, 300px\" \/><\/a>\n\t\t\t<\/dt><\/dl><dl class='gallery-item'>\n\t\t\t<dt class='gallery-icon landscape'>\n\t\t\t\t<a href='https:\/\/franciscanos.org.br\/noticias\/wp-content\/uploads\/2020\/02\/triduo-20.jpg'><img width=\"300\" height=\"300\" src=\"https:\/\/franciscanos.org.br\/noticias\/wp-content\/uploads\/2020\/02\/triduo-20-300x300.jpg\" class=\"attachment-thumbnail size-thumbnail\" alt=\"\" loading=\"lazy\" srcset=\"https:\/\/franciscanos.org.br\/noticias\/wp-content\/uploads\/2020\/02\/triduo-20-300x300.jpg 300w, https:\/\/franciscanos.org.br\/noticias\/wp-content\/uploads\/2020\/02\/triduo-20-100x100.jpg 100w, https:\/\/franciscanos.org.br\/noticias\/wp-content\/uploads\/2020\/02\/triduo-20-400x400.jpg 400w\" sizes=\"(max-width: 300px) 100vw, 300px\" \/><\/a>\n\t\t\t<\/dt><\/dl><dl class='gallery-item'>\n\t\t\t<dt class='gallery-icon landscape'>\n\t\t\t\t<a href='https:\/\/franciscanos.org.br\/noticias\/wp-content\/uploads\/2020\/02\/triduo-21.jpg'><img width=\"300\" height=\"300\" src=\"https:\/\/franciscanos.org.br\/noticias\/wp-content\/uploads\/2020\/02\/triduo-21-300x300.jpg\" class=\"attachment-thumbnail size-thumbnail\" alt=\"\" loading=\"lazy\" srcset=\"https:\/\/franciscanos.org.br\/noticias\/wp-content\/uploads\/2020\/02\/triduo-21-300x300.jpg 300w, https:\/\/franciscanos.org.br\/noticias\/wp-content\/uploads\/2020\/02\/triduo-21-100x100.jpg 100w, https:\/\/franciscanos.org.br\/noticias\/wp-content\/uploads\/2020\/02\/triduo-21-400x400.jpg 400w\" sizes=\"(max-width: 300px) 100vw, 300px\" \/><\/a>\n\t\t\t<\/dt><\/dl><dl class='gallery-item'>\n\t\t\t<dt class='gallery-icon landscape'>\n\t\t\t\t<a href='https:\/\/franciscanos.org.br\/noticias\/wp-content\/uploads\/2020\/02\/triduo-22.jpg'><img width=\"300\" height=\"300\" src=\"https:\/\/franciscanos.org.br\/noticias\/wp-content\/uploads\/2020\/02\/triduo-22-300x300.jpg\" class=\"attachment-thumbnail size-thumbnail\" alt=\"\" loading=\"lazy\" srcset=\"https:\/\/franciscanos.org.br\/noticias\/wp-content\/uploads\/2020\/02\/triduo-22-300x300.jpg 300w, https:\/\/franciscanos.org.br\/noticias\/wp-content\/uploads\/2020\/02\/triduo-22-100x100.jpg 100w, https:\/\/franciscanos.org.br\/noticias\/wp-content\/uploads\/2020\/02\/triduo-22-400x400.jpg 400w\" sizes=\"(max-width: 300px) 100vw, 300px\" \/><\/a>\n\t\t\t<\/dt><\/dl><br style=\"clear: both\" \/><dl class='gallery-item'>\n\t\t\t<dt class='gallery-icon portrait'>\n\t\t\t\t<a href='https:\/\/franciscanos.org.br\/noticias\/wp-content\/uploads\/2020\/02\/triduo-23.jpg'><img width=\"300\" height=\"300\" src=\"https:\/\/franciscanos.org.br\/noticias\/wp-content\/uploads\/2020\/02\/triduo-23-300x300.jpg\" class=\"attachment-thumbnail size-thumbnail\" alt=\"\" loading=\"lazy\" srcset=\"https:\/\/franciscanos.org.br\/noticias\/wp-content\/uploads\/2020\/02\/triduo-23-300x300.jpg 300w, https:\/\/franciscanos.org.br\/noticias\/wp-content\/uploads\/2020\/02\/triduo-23-100x100.jpg 100w, https:\/\/franciscanos.org.br\/noticias\/wp-content\/uploads\/2020\/02\/triduo-23-400x400.jpg 400w\" sizes=\"(max-width: 300px) 100vw, 300px\" \/><\/a>\n\t\t\t<\/dt><\/dl><dl class='gallery-item'>\n\t\t\t<dt class='gallery-icon landscape'>\n\t\t\t\t<a href='https:\/\/franciscanos.org.br\/noticias\/wp-content\/uploads\/2020\/02\/triduo-24.jpg'><img width=\"300\" height=\"300\" src=\"https:\/\/franciscanos.org.br\/noticias\/wp-content\/uploads\/2020\/02\/triduo-24-300x300.jpg\" class=\"attachment-thumbnail size-thumbnail\" alt=\"\" loading=\"lazy\" srcset=\"https:\/\/franciscanos.org.br\/noticias\/wp-content\/uploads\/2020\/02\/triduo-24-300x300.jpg 300w, https:\/\/franciscanos.org.br\/noticias\/wp-content\/uploads\/2020\/02\/triduo-24-100x100.jpg 100w, https:\/\/franciscanos.org.br\/noticias\/wp-content\/uploads\/2020\/02\/triduo-24-400x400.jpg 400w\" sizes=\"(max-width: 300px) 100vw, 300px\" \/><\/a>\n\t\t\t<\/dt><\/dl><dl class='gallery-item'>\n\t\t\t<dt class='gallery-icon landscape'>\n\t\t\t\t<a href='https:\/\/franciscanos.org.br\/noticias\/wp-content\/uploads\/2020\/02\/triduo-25.jpg'><img width=\"300\" height=\"300\" src=\"https:\/\/franciscanos.org.br\/noticias\/wp-content\/uploads\/2020\/02\/triduo-25-300x300.jpg\" class=\"attachment-thumbnail size-thumbnail\" alt=\"\" loading=\"lazy\" srcset=\"https:\/\/franciscanos.org.br\/noticias\/wp-content\/uploads\/2020\/02\/triduo-25-300x300.jpg 300w, https:\/\/franciscanos.org.br\/noticias\/wp-content\/uploads\/2020\/02\/triduo-25-100x100.jpg 100w, https:\/\/franciscanos.org.br\/noticias\/wp-content\/uploads\/2020\/02\/triduo-25-400x400.jpg 400w\" sizes=\"(max-width: 300px) 100vw, 300px\" \/><\/a>\n\t\t\t<\/dt><\/dl><dl class='gallery-item'>\n\t\t\t<dt class='gallery-icon landscape'>\n\t\t\t\t<a href='https:\/\/franciscanos.org.br\/noticias\/wp-content\/uploads\/2020\/02\/triduo-26.jpg'><img width=\"300\" height=\"300\" src=\"https:\/\/franciscanos.org.br\/noticias\/wp-content\/uploads\/2020\/02\/triduo-26-300x300.jpg\" class=\"attachment-thumbnail size-thumbnail\" alt=\"\" loading=\"lazy\" srcset=\"https:\/\/franciscanos.org.br\/noticias\/wp-content\/uploads\/2020\/02\/triduo-26-300x300.jpg 300w, https:\/\/franciscanos.org.br\/noticias\/wp-content\/uploads\/2020\/02\/triduo-26-100x100.jpg 100w, https:\/\/franciscanos.org.br\/noticias\/wp-content\/uploads\/2020\/02\/triduo-26-400x400.jpg 400w\" sizes=\"(max-width: 300px) 100vw, 300px\" \/><\/a>\n\t\t\t<\/dt><\/dl><dl class='gallery-item'>\n\t\t\t<dt class='gallery-icon landscape'>\n\t\t\t\t<a href='https:\/\/franciscanos.org.br\/noticias\/wp-content\/uploads\/2020\/02\/triduo-27.jpg'><img width=\"300\" height=\"300\" src=\"https:\/\/franciscanos.org.br\/noticias\/wp-content\/uploads\/2020\/02\/triduo-27-300x300.jpg\" class=\"attachment-thumbnail size-thumbnail\" alt=\"\" loading=\"lazy\" srcset=\"https:\/\/franciscanos.org.br\/noticias\/wp-content\/uploads\/2020\/02\/triduo-27-300x300.jpg 300w, https:\/\/franciscanos.org.br\/noticias\/wp-content\/uploads\/2020\/02\/triduo-27-100x100.jpg 100w, https:\/\/franciscanos.org.br\/noticias\/wp-content\/uploads\/2020\/02\/triduo-27-400x400.jpg 400w\" sizes=\"(max-width: 300px) 100vw, 300px\" \/><\/a>\n\t\t\t<\/dt><\/dl><br style=\"clear: both\" \/><dl class='gallery-item'>\n\t\t\t<dt class='gallery-icon landscape'>\n\t\t\t\t<a href='https:\/\/franciscanos.org.br\/noticias\/wp-content\/uploads\/2020\/02\/triduo-28.jpg'><img width=\"300\" height=\"300\" src=\"https:\/\/franciscanos.org.br\/noticias\/wp-content\/uploads\/2020\/02\/triduo-28-300x300.jpg\" class=\"attachment-thumbnail size-thumbnail\" alt=\"\" loading=\"lazy\" srcset=\"https:\/\/franciscanos.org.br\/noticias\/wp-content\/uploads\/2020\/02\/triduo-28-300x300.jpg 300w, https:\/\/franciscanos.org.br\/noticias\/wp-content\/uploads\/2020\/02\/triduo-28-100x100.jpg 100w, https:\/\/franciscanos.org.br\/noticias\/wp-content\/uploads\/2020\/02\/triduo-28-400x400.jpg 400w\" sizes=\"(max-width: 300px) 100vw, 300px\" \/><\/a>\n\t\t\t<\/dt><\/dl><dl class='gallery-item'>\n\t\t\t<dt class='gallery-icon landscape'>\n\t\t\t\t<a href='https:\/\/franciscanos.org.br\/noticias\/wp-content\/uploads\/2020\/02\/triduo-29.jpg'><img width=\"300\" height=\"300\" src=\"https:\/\/franciscanos.org.br\/noticias\/wp-content\/uploads\/2020\/02\/triduo-29-300x300.jpg\" class=\"attachment-thumbnail size-thumbnail\" alt=\"\" loading=\"lazy\" srcset=\"https:\/\/franciscanos.org.br\/noticias\/wp-content\/uploads\/2020\/02\/triduo-29-300x300.jpg 300w, https:\/\/franciscanos.org.br\/noticias\/wp-content\/uploads\/2020\/02\/triduo-29-100x100.jpg 100w, https:\/\/franciscanos.org.br\/noticias\/wp-content\/uploads\/2020\/02\/triduo-29-400x400.jpg 400w\" sizes=\"(max-width: 300px) 100vw, 300px\" \/><\/a>\n\t\t\t<\/dt><\/dl><dl class='gallery-item'>\n\t\t\t<dt class='gallery-icon landscape'>\n\t\t\t\t<a href='https:\/\/franciscanos.org.br\/noticias\/wp-content\/uploads\/2020\/02\/triduo-30.jpg'><img width=\"300\" height=\"300\" src=\"https:\/\/franciscanos.org.br\/noticias\/wp-content\/uploads\/2020\/02\/triduo-30-300x300.jpg\" class=\"attachment-thumbnail size-thumbnail\" alt=\"\" loading=\"lazy\" srcset=\"https:\/\/franciscanos.org.br\/noticias\/wp-content\/uploads\/2020\/02\/triduo-30-300x300.jpg 300w, https:\/\/franciscanos.org.br\/noticias\/wp-content\/uploads\/2020\/02\/triduo-30-100x100.jpg 100w, https:\/\/franciscanos.org.br\/noticias\/wp-content\/uploads\/2020\/02\/triduo-30-400x400.jpg 400w\" sizes=\"(max-width: 300px) 100vw, 300px\" \/><\/a>\n\t\t\t<\/dt><\/dl><dl class='gallery-item'>\n\t\t\t<dt class='gallery-icon landscape'>\n\t\t\t\t<a href='https:\/\/franciscanos.org.br\/noticias\/wp-content\/uploads\/2020\/02\/triduo-32.jpg'><img width=\"300\" height=\"300\" src=\"https:\/\/franciscanos.org.br\/noticias\/wp-content\/uploads\/2020\/02\/triduo-32-300x300.jpg\" class=\"attachment-thumbnail size-thumbnail\" alt=\"\" loading=\"lazy\" srcset=\"https:\/\/franciscanos.org.br\/noticias\/wp-content\/uploads\/2020\/02\/triduo-32-300x300.jpg 300w, https:\/\/franciscanos.org.br\/noticias\/wp-content\/uploads\/2020\/02\/triduo-32-100x100.jpg 100w, https:\/\/franciscanos.org.br\/noticias\/wp-content\/uploads\/2020\/02\/triduo-32-400x400.jpg 400w\" sizes=\"(max-width: 300px) 100vw, 300px\" \/><\/a>\n\t\t\t<\/dt><\/dl><dl class='gallery-item'>\n\t\t\t<dt class='gallery-icon landscape'>\n\t\t\t\t<a href='https:\/\/franciscanos.org.br\/noticias\/wp-content\/uploads\/2020\/02\/triduo-33.jpg'><img width=\"300\" height=\"300\" src=\"https:\/\/franciscanos.org.br\/noticias\/wp-content\/uploads\/2020\/02\/triduo-33-300x300.jpg\" class=\"attachment-thumbnail size-thumbnail\" alt=\"\" loading=\"lazy\" srcset=\"https:\/\/franciscanos.org.br\/noticias\/wp-content\/uploads\/2020\/02\/triduo-33-300x300.jpg 300w, https:\/\/franciscanos.org.br\/noticias\/wp-content\/uploads\/2020\/02\/triduo-33-100x100.jpg 100w, https:\/\/franciscanos.org.br\/noticias\/wp-content\/uploads\/2020\/02\/triduo-33-400x400.jpg 400w\" sizes=\"(max-width: 300px) 100vw, 300px\" \/><\/a>\n\t\t\t<\/dt><\/dl><br style=\"clear: both\" \/><dl class='gallery-item'>\n\t\t\t<dt class='gallery-icon landscape'>\n\t\t\t\t<a href='https:\/\/franciscanos.org.br\/noticias\/wp-content\/uploads\/2020\/02\/triduo-34.jpg'><img width=\"300\" height=\"300\" src=\"https:\/\/franciscanos.org.br\/noticias\/wp-content\/uploads\/2020\/02\/triduo-34-300x300.jpg\" class=\"attachment-thumbnail size-thumbnail\" alt=\"\" loading=\"lazy\" srcset=\"https:\/\/franciscanos.org.br\/noticias\/wp-content\/uploads\/2020\/02\/triduo-34-300x300.jpg 300w, https:\/\/franciscanos.org.br\/noticias\/wp-content\/uploads\/2020\/02\/triduo-34-100x100.jpg 100w, https:\/\/franciscanos.org.br\/noticias\/wp-content\/uploads\/2020\/02\/triduo-34-400x400.jpg 400w\" sizes=\"(max-width: 300px) 100vw, 300px\" \/><\/a>\n\t\t\t<\/dt><\/dl><dl class='gallery-item'>\n\t\t\t<dt class='gallery-icon landscape'>\n\t\t\t\t<a href='https:\/\/franciscanos.org.br\/noticias\/wp-content\/uploads\/2020\/02\/triduo-35.jpg'><img width=\"300\" height=\"300\" src=\"https:\/\/franciscanos.org.br\/noticias\/wp-content\/uploads\/2020\/02\/triduo-35-300x300.jpg\" class=\"attachment-thumbnail size-thumbnail\" alt=\"\" loading=\"lazy\" srcset=\"https:\/\/franciscanos.org.br\/noticias\/wp-content\/uploads\/2020\/02\/triduo-35-300x300.jpg 300w, https:\/\/franciscanos.org.br\/noticias\/wp-content\/uploads\/2020\/02\/triduo-35-100x100.jpg 100w, https:\/\/franciscanos.org.br\/noticias\/wp-content\/uploads\/2020\/02\/triduo-35-400x400.jpg 400w\" sizes=\"(max-width: 300px) 100vw, 300px\" \/><\/a>\n\t\t\t<\/dt><\/dl><dl class='gallery-item'>\n\t\t\t<dt class='gallery-icon landscape'>\n\t\t\t\t<a href='https:\/\/franciscanos.org.br\/noticias\/wp-content\/uploads\/2020\/02\/triduo-36.jpg'><img width=\"300\" height=\"300\" src=\"https:\/\/franciscanos.org.br\/noticias\/wp-content\/uploads\/2020\/02\/triduo-36-300x300.jpg\" class=\"attachment-thumbnail size-thumbnail\" alt=\"\" loading=\"lazy\" srcset=\"https:\/\/franciscanos.org.br\/noticias\/wp-content\/uploads\/2020\/02\/triduo-36-300x300.jpg 300w, https:\/\/franciscanos.org.br\/noticias\/wp-content\/uploads\/2020\/02\/triduo-36-100x100.jpg 100w, https:\/\/franciscanos.org.br\/noticias\/wp-content\/uploads\/2020\/02\/triduo-36-400x400.jpg 400w\" sizes=\"(max-width: 300px) 100vw, 300px\" \/><\/a>\n\t\t\t<\/dt><\/dl><dl class='gallery-item'>\n\t\t\t<dt class='gallery-icon portrait'>\n\t\t\t\t<a href='https:\/\/franciscanos.org.br\/noticias\/wp-content\/uploads\/2020\/02\/triduo-37.jpg'><img width=\"300\" height=\"300\" src=\"https:\/\/franciscanos.org.br\/noticias\/wp-content\/uploads\/2020\/02\/triduo-37-300x300.jpg\" class=\"attachment-thumbnail size-thumbnail\" alt=\"\" loading=\"lazy\" srcset=\"https:\/\/franciscanos.org.br\/noticias\/wp-content\/uploads\/2020\/02\/triduo-37-300x300.jpg 300w, https:\/\/franciscanos.org.br\/noticias\/wp-content\/uploads\/2020\/02\/triduo-37-100x100.jpg 100w, https:\/\/franciscanos.org.br\/noticias\/wp-content\/uploads\/2020\/02\/triduo-37-400x400.jpg 400w\" sizes=\"(max-width: 300px) 100vw, 300px\" \/><\/a>\n\t\t\t<\/dt><\/dl><dl class='gallery-item'>\n\t\t\t<dt class='gallery-icon landscape'>\n\t\t\t\t<a href='https:\/\/franciscanos.org.br\/noticias\/wp-content\/uploads\/2020\/02\/triduo-38.jpg'><img width=\"300\" height=\"300\" src=\"https:\/\/franciscanos.org.br\/noticias\/wp-content\/uploads\/2020\/02\/triduo-38-300x300.jpg\" class=\"attachment-thumbnail size-thumbnail\" alt=\"\" loading=\"lazy\" srcset=\"https:\/\/franciscanos.org.br\/noticias\/wp-content\/uploads\/2020\/02\/triduo-38-300x300.jpg 300w, https:\/\/franciscanos.org.br\/noticias\/wp-content\/uploads\/2020\/02\/triduo-38-100x100.jpg 100w, https:\/\/franciscanos.org.br\/noticias\/wp-content\/uploads\/2020\/02\/triduo-38-400x400.jpg 400w\" sizes=\"(max-width: 300px) 100vw, 300px\" \/><\/a>\n\t\t\t<\/dt><\/dl><br style=\"clear: both\" \/><dl class='gallery-item'>\n\t\t\t<dt class='gallery-icon portrait'>\n\t\t\t\t<a href='https:\/\/franciscanos.org.br\/noticias\/wp-content\/uploads\/2020\/02\/triduo-39.jpg'><img width=\"300\" height=\"300\" src=\"https:\/\/franciscanos.org.br\/noticias\/wp-content\/uploads\/2020\/02\/triduo-39-300x300.jpg\" class=\"attachment-thumbnail size-thumbnail\" alt=\"\" loading=\"lazy\" srcset=\"https:\/\/franciscanos.org.br\/noticias\/wp-content\/uploads\/2020\/02\/triduo-39-300x300.jpg 300w, https:\/\/franciscanos.org.br\/noticias\/wp-content\/uploads\/2020\/02\/triduo-39-100x100.jpg 100w, https:\/\/franciscanos.org.br\/noticias\/wp-content\/uploads\/2020\/02\/triduo-39-400x400.jpg 400w\" sizes=\"(max-width: 300px) 100vw, 300px\" \/><\/a>\n\t\t\t<\/dt><\/dl><dl class='gallery-item'>\n\t\t\t<dt class='gallery-icon portrait'>\n\t\t\t\t<a href='https:\/\/franciscanos.org.br\/noticias\/wp-content\/uploads\/2020\/02\/triduo-40.jpg'><img width=\"300\" height=\"300\" src=\"https:\/\/franciscanos.org.br\/noticias\/wp-content\/uploads\/2020\/02\/triduo-40-300x300.jpg\" class=\"attachment-thumbnail size-thumbnail\" alt=\"\" loading=\"lazy\" srcset=\"https:\/\/franciscanos.org.br\/noticias\/wp-content\/uploads\/2020\/02\/triduo-40-300x300.jpg 300w, https:\/\/franciscanos.org.br\/noticias\/wp-content\/uploads\/2020\/02\/triduo-40-100x100.jpg 100w, https:\/\/franciscanos.org.br\/noticias\/wp-content\/uploads\/2020\/02\/triduo-40-400x400.jpg 400w\" sizes=\"(max-width: 300px) 100vw, 300px\" \/><\/a>\n\t\t\t<\/dt><\/dl><dl class='gallery-item'>\n\t\t\t<dt class='gallery-icon landscape'>\n\t\t\t\t<a href='https:\/\/franciscanos.org.br\/noticias\/wp-content\/uploads\/2020\/02\/triduo-41.jpg'><img width=\"300\" height=\"300\" src=\"https:\/\/franciscanos.org.br\/noticias\/wp-content\/uploads\/2020\/02\/triduo-41-300x300.jpg\" class=\"attachment-thumbnail size-thumbnail\" alt=\"\" loading=\"lazy\" srcset=\"https:\/\/franciscanos.org.br\/noticias\/wp-content\/uploads\/2020\/02\/triduo-41-300x300.jpg 300w, https:\/\/franciscanos.org.br\/noticias\/wp-content\/uploads\/2020\/02\/triduo-41-100x100.jpg 100w, https:\/\/franciscanos.org.br\/noticias\/wp-content\/uploads\/2020\/02\/triduo-41-400x400.jpg 400w\" sizes=\"(max-width: 300px) 100vw, 300px\" \/><\/a>\n\t\t\t<\/dt><\/dl><dl class='gallery-item'>\n\t\t\t<dt class='gallery-icon landscape'>\n\t\t\t\t<a href='https:\/\/franciscanos.org.br\/noticias\/wp-content\/uploads\/2020\/02\/triduo-42.jpg'><img width=\"300\" height=\"300\" src=\"https:\/\/franciscanos.org.br\/noticias\/wp-content\/uploads\/2020\/02\/triduo-42-300x300.jpg\" class=\"attachment-thumbnail size-thumbnail\" alt=\"\" loading=\"lazy\" srcset=\"https:\/\/franciscanos.org.br\/noticias\/wp-content\/uploads\/2020\/02\/triduo-42-300x300.jpg 300w, https:\/\/franciscanos.org.br\/noticias\/wp-content\/uploads\/2020\/02\/triduo-42-100x100.jpg 100w, https:\/\/franciscanos.org.br\/noticias\/wp-content\/uploads\/2020\/02\/triduo-42-400x400.jpg 400w\" sizes=\"(max-width: 300px) 100vw, 300px\" \/><\/a>\n\t\t\t<\/dt><\/dl><dl class='gallery-item'>\n\t\t\t<dt class='gallery-icon portrait'>\n\t\t\t\t<a href='https:\/\/franciscanos.org.br\/noticias\/wp-content\/uploads\/2020\/02\/triduo-43.jpg'><img width=\"300\" height=\"300\" src=\"https:\/\/franciscanos.org.br\/noticias\/wp-content\/uploads\/2020\/02\/triduo-43-300x300.jpg\" class=\"attachment-thumbnail size-thumbnail\" alt=\"\" loading=\"lazy\" srcset=\"https:\/\/franciscanos.org.br\/noticias\/wp-content\/uploads\/2020\/02\/triduo-43-300x300.jpg 300w, https:\/\/franciscanos.org.br\/noticias\/wp-content\/uploads\/2020\/02\/triduo-43-100x100.jpg 100w, https:\/\/franciscanos.org.br\/noticias\/wp-content\/uploads\/2020\/02\/triduo-43-400x400.jpg 400w\" sizes=\"(max-width: 300px) 100vw, 300px\" \/><\/a>\n\t\t\t<\/dt><\/dl><br style=\"clear: both\" \/><dl class='gallery-item'>\n\t\t\t<dt class='gallery-icon landscape'>\n\t\t\t\t<a href='https:\/\/franciscanos.org.br\/noticias\/wp-content\/uploads\/2020\/02\/triduo-44.jpg'><img width=\"300\" height=\"300\" src=\"https:\/\/franciscanos.org.br\/noticias\/wp-content\/uploads\/2020\/02\/triduo-44-300x300.jpg\" class=\"attachment-thumbnail size-thumbnail\" alt=\"\" loading=\"lazy\" srcset=\"https:\/\/franciscanos.org.br\/noticias\/wp-content\/uploads\/2020\/02\/triduo-44-300x300.jpg 300w, https:\/\/franciscanos.org.br\/noticias\/wp-content\/uploads\/2020\/02\/triduo-44-100x100.jpg 100w, https:\/\/franciscanos.org.br\/noticias\/wp-content\/uploads\/2020\/02\/triduo-44-400x400.jpg 400w\" sizes=\"(max-width: 300px) 100vw, 300px\" \/><\/a>\n\t\t\t<\/dt><\/dl><dl class='gallery-item'>\n\t\t\t<dt class='gallery-icon landscape'>\n\t\t\t\t<a href='https:\/\/franciscanos.org.br\/noticias\/wp-content\/uploads\/2020\/02\/triduo-45.jpg'><img width=\"300\" height=\"300\" src=\"https:\/\/franciscanos.org.br\/noticias\/wp-content\/uploads\/2020\/02\/triduo-45-300x300.jpg\" class=\"attachment-thumbnail size-thumbnail\" alt=\"\" loading=\"lazy\" srcset=\"https:\/\/franciscanos.org.br\/noticias\/wp-content\/uploads\/2020\/02\/triduo-45-300x300.jpg 300w, https:\/\/franciscanos.org.br\/noticias\/wp-content\/uploads\/2020\/02\/triduo-45-100x100.jpg 100w, https:\/\/franciscanos.org.br\/noticias\/wp-content\/uploads\/2020\/02\/triduo-45-400x400.jpg 400w\" sizes=\"(max-width: 300px) 100vw, 300px\" \/><\/a>\n\t\t\t<\/dt><\/dl><dl class='gallery-item'>\n\t\t\t<dt class='gallery-icon landscape'>\n\t\t\t\t<a href='https:\/\/franciscanos.org.br\/noticias\/wp-content\/uploads\/2020\/02\/triduo-46.jpg'><img width=\"300\" height=\"300\" src=\"https:\/\/franciscanos.org.br\/noticias\/wp-content\/uploads\/2020\/02\/triduo-46-300x300.jpg\" class=\"attachment-thumbnail size-thumbnail\" alt=\"\" loading=\"lazy\" srcset=\"https:\/\/franciscanos.org.br\/noticias\/wp-content\/uploads\/2020\/02\/triduo-46-300x300.jpg 300w, https:\/\/franciscanos.org.br\/noticias\/wp-content\/uploads\/2020\/02\/triduo-46-100x100.jpg 100w, https:\/\/franciscanos.org.br\/noticias\/wp-content\/uploads\/2020\/02\/triduo-46-400x400.jpg 400w\" sizes=\"(max-width: 300px) 100vw, 300px\" \/><\/a>\n\t\t\t<\/dt><\/dl><dl class='gallery-item'>\n\t\t\t<dt class='gallery-icon landscape'>\n\t\t\t\t<a href='https:\/\/franciscanos.org.br\/noticias\/wp-content\/uploads\/2020\/02\/triduo-47.jpg'><img width=\"300\" height=\"300\" src=\"https:\/\/franciscanos.org.br\/noticias\/wp-content\/uploads\/2020\/02\/triduo-47-300x300.jpg\" class=\"attachment-thumbnail size-thumbnail\" alt=\"\" loading=\"lazy\" srcset=\"https:\/\/franciscanos.org.br\/noticias\/wp-content\/uploads\/2020\/02\/triduo-47-300x300.jpg 300w, https:\/\/franciscanos.org.br\/noticias\/wp-content\/uploads\/2020\/02\/triduo-47-100x100.jpg 100w, https:\/\/franciscanos.org.br\/noticias\/wp-content\/uploads\/2020\/02\/triduo-47-400x400.jpg 400w\" sizes=\"(max-width: 300px) 100vw, 300px\" \/><\/a>\n\t\t\t<\/dt><\/dl><dl class='gallery-item'>\n\t\t\t<dt class='gallery-icon landscape'>\n\t\t\t\t<a href='https:\/\/franciscanos.org.br\/noticias\/wp-content\/uploads\/2020\/02\/triduo-48.jpg'><img width=\"300\" height=\"300\" src=\"https:\/\/franciscanos.org.br\/noticias\/wp-content\/uploads\/2020\/02\/triduo-48-300x300.jpg\" class=\"attachment-thumbnail size-thumbnail\" alt=\"\" loading=\"lazy\" srcset=\"https:\/\/franciscanos.org.br\/noticias\/wp-content\/uploads\/2020\/02\/triduo-48-300x300.jpg 300w, https:\/\/franciscanos.org.br\/noticias\/wp-content\/uploads\/2020\/02\/triduo-48-100x100.jpg 100w, https:\/\/franciscanos.org.br\/noticias\/wp-content\/uploads\/2020\/02\/triduo-48-400x400.jpg 400w\" sizes=\"(max-width: 300px) 100vw, 300px\" \/><\/a>\n\t\t\t<\/dt><\/dl><br style=\"clear: both\" \/>\n\t\t<\/div>\n\n<p>&nbsp;<\/p>\n","protected":false},"excerpt":{"rendered":"<p>1\u00ba dia da Festa de Frei Bruno e prepara\u00e7\u00e3o para ordena\u00e7\u00e3o presbiteral de Frei Evaldo Ludwig<\/p>\n","protected":false},"author":3,"featured_media":220303,"comment_status":"open","ping_status":"open","sticky":false,"template":"","format":"standard","meta":[],"categories":[1],"tags":[157],"acf":[],"yoast_head":"<!-- This site is optimized with the Yoast SEO plugin v19.2 - https:\/\/yoast.com\/wordpress\/plugins\/seo\/ -->\n<title>Frei Alisson: &quot;S\u00e3o Francisco \u00e9 nosso &#039;aplicativo&#039; que leva a Jesus&quot; - Not\u00edcias - Franciscanos<\/title>\n<meta name=\"robots\" content=\"index, follow, max-snippet:-1, max-image-preview:large, max-video-preview:-1\" \/>\n<link rel=\"canonical\" href=\"https:\/\/franciscanos.org.br\/noticias\/frei-alisson-sao-francisco-e-nosso-aplicativo-que-leva-a-jesus.html\" \/>\n<meta property=\"og:locale\" content=\"pt_BR\" \/>\n<meta property=\"og:type\" content=\"article\" \/>\n<meta property=\"og:title\" content=\"Frei Alisson: &quot;S\u00e3o Francisco \u00e9 nosso &#039;aplicativo&#039; que leva a Jesus&quot; - Not\u00edcias - Franciscanos\" \/>\n<meta property=\"og:description\" content=\"1\u00ba dia da Festa de Frei Bruno e prepara\u00e7\u00e3o para ordena\u00e7\u00e3o presbiteral de Frei Evaldo Ludwig\" \/>\n<meta property=\"og:url\" content=\"https:\/\/franciscanos.org.br\/noticias\/frei-alisson-sao-francisco-e-nosso-aplicativo-que-leva-a-jesus.html\" \/>\n<meta property=\"og:site_name\" content=\"Not\u00edcias - Franciscanos\" \/>\n<meta property=\"article:published_time\" content=\"2020-02-14T02:10:30+00:00\" \/>\n<meta property=\"article:modified_time\" content=\"2021-07-05T22:51:46+00:00\" \/>\n<meta property=\"og:image\" content=\"https:\/\/franciscanos.org.br\/noticias\/wp-content\/uploads\/2020\/02\/triduo_1302_d.jpg\" \/>\n\t<meta property=\"og:image:width\" content=\"273\" \/>\n\t<meta property=\"og:image:height\" content=\"181\" \/>\n\t<meta property=\"og:image:type\" content=\"image\/jpeg\" \/>\n<meta name=\"author\" content=\"moacir\" \/>\n<meta name=\"twitter:card\" content=\"summary_large_image\" \/>\n<meta name=\"twitter:label1\" content=\"Escrito por\" \/>\n\t<meta name=\"twitter:data1\" content=\"moacir\" \/>\n\t<meta name=\"twitter:label2\" content=\"Est. tempo de leitura\" \/>\n\t<meta name=\"twitter:data2\" content=\"9 minutos\" \/>\n<script type=\"application\/ld+json\" class=\"yoast-schema-graph\">{\"@context\":\"https:\/\/schema.org\",\"@graph\":[{\"@type\":\"WebSite\",\"@id\":\"https:\/\/franciscanos.org.br\/noticias\/#website\",\"url\":\"https:\/\/franciscanos.org.br\/noticias\/\",\"name\":\"Not\u00edcias - Franciscanos\",\"description\":\"Prov\u00edncia Franciscana da Imaculada Concei\u00e7\u00e3o do Brasil - Ordem dos Frades Menores - OFM\",\"potentialAction\":[{\"@type\":\"SearchAction\",\"target\":{\"@type\":\"EntryPoint\",\"urlTemplate\":\"https:\/\/franciscanos.org.br\/noticias\/?s={search_term_string}\"},\"query-input\":\"required name=search_term_string\"}],\"inLanguage\":\"pt-BR\"},{\"@type\":\"ImageObject\",\"inLanguage\":\"pt-BR\",\"@id\":\"https:\/\/franciscanos.org.br\/noticias\/frei-alisson-sao-francisco-e-nosso-aplicativo-que-leva-a-jesus.html#primaryimage\",\"url\":\"https:\/\/franciscanos.org.br\/noticias\/wp-content\/uploads\/2020\/02\/triduo_1302_d.jpg\",\"contentUrl\":\"https:\/\/franciscanos.org.br\/noticias\/wp-content\/uploads\/2020\/02\/triduo_1302_d.jpg\",\"width\":273,\"height\":181},{\"@type\":\"WebPage\",\"@id\":\"https:\/\/franciscanos.org.br\/noticias\/frei-alisson-sao-francisco-e-nosso-aplicativo-que-leva-a-jesus.html#webpage\",\"url\":\"https:\/\/franciscanos.org.br\/noticias\/frei-alisson-sao-francisco-e-nosso-aplicativo-que-leva-a-jesus.html\",\"name\":\"Frei Alisson: \\\"S\u00e3o Francisco \u00e9 nosso 'aplicativo' que leva a Jesus\\\" - Not\u00edcias - Franciscanos\",\"isPartOf\":{\"@id\":\"https:\/\/franciscanos.org.br\/noticias\/#website\"},\"primaryImageOfPage\":{\"@id\":\"https:\/\/franciscanos.org.br\/noticias\/frei-alisson-sao-francisco-e-nosso-aplicativo-que-leva-a-jesus.html#primaryimage\"},\"datePublished\":\"2020-02-14T02:10:30+00:00\",\"dateModified\":\"2021-07-05T22:51:46+00:00\",\"author\":{\"@id\":\"https:\/\/franciscanos.org.br\/noticias\/#\/schema\/person\/b5c8cba458c330ccff548b056e95a5d4\"},\"breadcrumb\":{\"@id\":\"https:\/\/franciscanos.org.br\/noticias\/frei-alisson-sao-francisco-e-nosso-aplicativo-que-leva-a-jesus.html#breadcrumb\"},\"inLanguage\":\"pt-BR\",\"potentialAction\":[{\"@type\":\"ReadAction\",\"target\":[\"https:\/\/franciscanos.org.br\/noticias\/frei-alisson-sao-francisco-e-nosso-aplicativo-que-leva-a-jesus.html\"]}]},{\"@type\":\"BreadcrumbList\",\"@id\":\"https:\/\/franciscanos.org.br\/noticias\/frei-alisson-sao-francisco-e-nosso-aplicativo-que-leva-a-jesus.html#breadcrumb\",\"itemListElement\":[{\"@type\":\"ListItem\",\"position\":1,\"name\":\"Home\",\"item\":\"https:\/\/franciscanos.org.br\/noticias\"},{\"@type\":\"ListItem\",\"position\":2,\"name\":\"Frei Alisson: &#8220;S\u00e3o Francisco \u00e9 nosso &#8216;aplicativo&#8217; que leva a Jesus&#8221;\"}]},{\"@type\":\"Person\",\"@id\":\"https:\/\/franciscanos.org.br\/noticias\/#\/schema\/person\/b5c8cba458c330ccff548b056e95a5d4\",\"name\":\"moacir\",\"image\":{\"@type\":\"ImageObject\",\"inLanguage\":\"pt-BR\",\"@id\":\"https:\/\/franciscanos.org.br\/noticias\/#\/schema\/person\/image\/\",\"url\":\"https:\/\/secure.gravatar.com\/avatar\/d08aa2ce4c8dd416d4479aa8536fcf64?s=96&d=mm&r=g\",\"contentUrl\":\"https:\/\/secure.gravatar.com\/avatar\/d08aa2ce4c8dd416d4479aa8536fcf64?s=96&d=mm&r=g\",\"caption\":\"moacir\"},\"url\":\"https:\/\/franciscanos.org.br\/noticias\/author\/moacir\"}]}<\/script>\n<!-- \/ Yoast SEO plugin. -->","yoast_head_json":{"title":"Frei Alisson: \"S\u00e3o Francisco \u00e9 nosso 'aplicativo' que leva a Jesus\" - Not\u00edcias - Franciscanos","robots":{"index":"index","follow":"follow","max-snippet":"max-snippet:-1","max-image-preview":"max-image-preview:large","max-video-preview":"max-video-preview:-1"},"canonical":"https:\/\/franciscanos.org.br\/noticias\/frei-alisson-sao-francisco-e-nosso-aplicativo-que-leva-a-jesus.html","og_locale":"pt_BR","og_type":"article","og_title":"Frei Alisson: \"S\u00e3o Francisco \u00e9 nosso 'aplicativo' que leva a Jesus\" - Not\u00edcias - Franciscanos","og_description":"1\u00ba dia da Festa de Frei Bruno e prepara\u00e7\u00e3o para ordena\u00e7\u00e3o presbiteral de Frei Evaldo Ludwig","og_url":"https:\/\/franciscanos.org.br\/noticias\/frei-alisson-sao-francisco-e-nosso-aplicativo-que-leva-a-jesus.html","og_site_name":"Not\u00edcias - Franciscanos","article_published_time":"2020-02-14T02:10:30+00:00","article_modified_time":"2021-07-05T22:51:46+00:00","og_image":[{"width":273,"height":181,"url":"https:\/\/franciscanos.org.br\/noticias\/wp-content\/uploads\/2020\/02\/triduo_1302_d.jpg","type":"image\/jpeg"}],"author":"moacir","twitter_card":"summary_large_image","twitter_misc":{"Escrito por":"moacir","Est. tempo de leitura":"9 minutos"},"schema":{"@context":"https:\/\/schema.org","@graph":[{"@type":"WebSite","@id":"https:\/\/franciscanos.org.br\/noticias\/#website","url":"https:\/\/franciscanos.org.br\/noticias\/","name":"Not\u00edcias - Franciscanos","description":"Prov\u00edncia Franciscana da Imaculada Concei\u00e7\u00e3o do Brasil - Ordem dos Frades Menores - OFM","potentialAction":[{"@type":"SearchAction","target":{"@type":"EntryPoint","urlTemplate":"https:\/\/franciscanos.org.br\/noticias\/?s={search_term_string}"},"query-input":"required name=search_term_string"}],"inLanguage":"pt-BR"},{"@type":"ImageObject","inLanguage":"pt-BR","@id":"https:\/\/franciscanos.org.br\/noticias\/frei-alisson-sao-francisco-e-nosso-aplicativo-que-leva-a-jesus.html#primaryimage","url":"https:\/\/franciscanos.org.br\/noticias\/wp-content\/uploads\/2020\/02\/triduo_1302_d.jpg","contentUrl":"https:\/\/franciscanos.org.br\/noticias\/wp-content\/uploads\/2020\/02\/triduo_1302_d.jpg","width":273,"height":181},{"@type":"WebPage","@id":"https:\/\/franciscanos.org.br\/noticias\/frei-alisson-sao-francisco-e-nosso-aplicativo-que-leva-a-jesus.html#webpage","url":"https:\/\/franciscanos.org.br\/noticias\/frei-alisson-sao-francisco-e-nosso-aplicativo-que-leva-a-jesus.html","name":"Frei Alisson: \"S\u00e3o Francisco \u00e9 nosso 'aplicativo' que leva a Jesus\" - Not\u00edcias - Franciscanos","isPartOf":{"@id":"https:\/\/franciscanos.org.br\/noticias\/#website"},"primaryImageOfPage":{"@id":"https:\/\/franciscanos.org.br\/noticias\/frei-alisson-sao-francisco-e-nosso-aplicativo-que-leva-a-jesus.html#primaryimage"},"datePublished":"2020-02-14T02:10:30+00:00","dateModified":"2021-07-05T22:51:46+00:00","author":{"@id":"https:\/\/franciscanos.org.br\/noticias\/#\/schema\/person\/b5c8cba458c330ccff548b056e95a5d4"},"breadcrumb":{"@id":"https:\/\/franciscanos.org.br\/noticias\/frei-alisson-sao-francisco-e-nosso-aplicativo-que-leva-a-jesus.html#breadcrumb"},"inLanguage":"pt-BR","potentialAction":[{"@type":"ReadAction","target":["https:\/\/franciscanos.org.br\/noticias\/frei-alisson-sao-francisco-e-nosso-aplicativo-que-leva-a-jesus.html"]}]},{"@type":"BreadcrumbList","@id":"https:\/\/franciscanos.org.br\/noticias\/frei-alisson-sao-francisco-e-nosso-aplicativo-que-leva-a-jesus.html#breadcrumb","itemListElement":[{"@type":"ListItem","position":1,"name":"Home","item":"https:\/\/franciscanos.org.br\/noticias"},{"@type":"ListItem","position":2,"name":"Frei Alisson: &#8220;S\u00e3o Francisco \u00e9 nosso &#8216;aplicativo&#8217; que leva a Jesus&#8221;"}]},{"@type":"Person","@id":"https:\/\/franciscanos.org.br\/noticias\/#\/schema\/person\/b5c8cba458c330ccff548b056e95a5d4","name":"moacir","image":{"@type":"ImageObject","inLanguage":"pt-BR","@id":"https:\/\/franciscanos.org.br\/noticias\/#\/schema\/person\/image\/","url":"https:\/\/secure.gravatar.com\/avatar\/d08aa2ce4c8dd416d4479aa8536fcf64?s=96&d=mm&r=g","contentUrl":"https:\/\/secure.gravatar.com\/avatar\/d08aa2ce4c8dd416d4479aa8536fcf64?s=96&d=mm&r=g","caption":"moacir"},"url":"https:\/\/franciscanos.org.br\/noticias\/author\/moacir"}]}},"_links":{"self":[{"href":"https:\/\/franciscanos.org.br\/noticias\/wp-json\/wp\/v2\/posts\/220294"}],"collection":[{"href":"https:\/\/franciscanos.org.br\/noticias\/wp-json\/wp\/v2\/posts"}],"about":[{"href":"https:\/\/franciscanos.org.br\/noticias\/wp-json\/wp\/v2\/types\/post"}],"author":[{"embeddable":true,"href":"https:\/\/franciscanos.org.br\/noticias\/wp-json\/wp\/v2\/users\/3"}],"replies":[{"embeddable":true,"href":"https:\/\/franciscanos.org.br\/noticias\/wp-json\/wp\/v2\/comments?post=220294"}],"version-history":[{"count":1,"href":"https:\/\/franciscanos.org.br\/noticias\/wp-json\/wp\/v2\/posts\/220294\/revisions"}],"predecessor-version":[{"id":232864,"href":"https:\/\/franciscanos.org.br\/noticias\/wp-json\/wp\/v2\/posts\/220294\/revisions\/232864"}],"wp:featuredmedia":[{"embeddable":true,"href":"https:\/\/franciscanos.org.br\/noticias\/wp-json\/wp\/v2\/media\/220303"}],"wp:attachment":[{"href":"https:\/\/franciscanos.org.br\/noticias\/wp-json\/wp\/v2\/media?parent=220294"}],"wp:term":[{"taxonomy":"category","embeddable":true,"href":"https:\/\/franciscanos.org.br\/noticias\/wp-json\/wp\/v2\/categories?post=220294"},{"taxonomy":"post_tag","embeddable":true,"href":"https:\/\/franciscanos.org.br\/noticias\/wp-json\/wp\/v2\/tags?post=220294"}],"curies":[{"name":"wp","href":"https:\/\/api.w.org\/{rel}","templated":true}]}}