{"id":220283,"date":"2020-02-13T15:46:08","date_gmt":"2020-02-13T18:46:08","guid":{"rendered":"https:\/\/franciscanos.org.br\/noticias\/?p=220283"},"modified":"2021-08-29T16:33:30","modified_gmt":"2021-08-29T19:33:30","slug":"papa-deslizar-no-mundanismo-e-a-lenta-apostasia-do-coracao","status":"publish","type":"post","link":"https:\/\/franciscanos.org.br\/noticias\/papa-deslizar-no-mundanismo-e-a-lenta-apostasia-do-coracao.html","title":{"rendered":"Papa: deslizar no mundanismo \u00e9 a lenta apostasia do cora\u00e7\u00e3o"},"content":{"rendered":"<div id=\"attachment_220284\" style=\"width: 1010px\" class=\"wp-caption alignnone\"><img aria-describedby=\"caption-attachment-220284\" loading=\"lazy\" class=\"wp-image-220284 size-full\" src=\"https:\/\/franciscanos.org.br\/noticias\/wp-content\/uploads\/2020\/02\/marta_1302.jpeg\" alt=\"\" width=\"1000\" height=\"563\" srcset=\"https:\/\/franciscanos.org.br\/noticias\/wp-content\/uploads\/2020\/02\/marta_1302.jpeg 1000w, https:\/\/franciscanos.org.br\/noticias\/wp-content\/uploads\/2020\/02\/marta_1302-450x253.jpeg 450w, https:\/\/franciscanos.org.br\/noticias\/wp-content\/uploads\/2020\/02\/marta_1302-768x432.jpeg 768w, https:\/\/franciscanos.org.br\/noticias\/wp-content\/uploads\/2020\/02\/marta_1302-150x84.jpeg 150w\" sizes=\"(max-width: 1000px) 100vw, 1000px\" \/><p id=\"caption-attachment-220284\" class=\"wp-caption-text\">\u00a0 \u00a0 \u00a0 \u00a0 \u00a0 \u00a0 \u00a0 \u00a0 \u00a0 \u00a0 \u00a0 \u00a0 \u00a0 \u00a0 \u00a0 \u00a0 \u00a0 \u00a0 \u00a0 \u00a0 \u00a0 \u00a0 \u00a0 \u00a0 \u00a0 \u00a0 \u00a0 \u00a0 \u00a0 \u00a0 \u00a0 \u00a0 \u00a0 \u00a0 \u00a0 \u00a0 \u00a0 \u00a0 \u00a0 \u00a0 \u00a0 \u00a0 \u00a0 \u00a0 \u00a0 \u00a0 \u00a0 \u00a0 \u00a0 \u00a0 \u00a0 \u00a0 \u00a0 \u00a0 \u00a0 \u00a0 \u00a0 \u00a0 \u00a0 <em>\u00a0 \u00a0 \u00a0Imagem: Vatican Media<\/em><\/p><\/div>\n<p><strong>Cidade do Vaticano<\/strong> &#8211; Deixar-se deslizar lentamente no pecado, relativizando as coisas e entrando em &#8220;negocia\u00e7\u00e3o&#8221; com os deuses do dinheiro, da vaidade e do orgulho. A partir daquela que define como &#8220;queda com anestesia&#8221;, o Papa fez sua homilia na Missa desta manh\u00e3 (13\/02) na Casa Santa Marta, refletindo sobre a hist\u00f3ria do rei Salom\u00e3o.<\/p>\n<p>A Primeira Leitura da Liturgia do dia (1Rs 11, 4-13) &#8220;nos fala da apostasia, por assim dizer, de Salom\u00e3o&#8221;, que n\u00e3o foi fiel ao Senhor, explicou Francisco. De fato, quando ele era idoso, suas mulheres o fizeram &#8220;desviar seu cora\u00e7\u00e3o&#8221; para seguir outros deuses.<\/p>\n<p>Quando jovem, era muito valoroso, pedindo ao Senhor somente a sabedoria, e Deus o tornou s\u00e1bio, a ponto de os ju\u00edzes irem at\u00e9 ele, assim como tamb\u00e9m a rainha de Sab\u00e1, da \u00c1frica, com presentes, porque ouviram falar de sua sabedoria. &#8220;V\u00ea-se que essa mulher era um pouco fil\u00f3sofa e lhe fez perguntas dif\u00edceis&#8221;, diz o Papa, observando que &#8220;Salom\u00e3o saiu vitorioso dessas perguntas&#8221; porque sabia como responder.<\/p>\n<p><strong>A lenta apostasia<\/strong><\/p>\n<p>Naquele tempo, continua Francisco, era poss\u00edvel ter mais de uma esposa, o que n\u00e3o quer dizer &#8211; explica &#8211; que fosse l\u00edcito ser um &#8220;mulherengo&#8221;. O cora\u00e7\u00e3o de Salom\u00e3o, por\u00e9m, se enfraqueceu n\u00e3o por ter se casado com essas mulheres &#8211; podia faz\u00ea-lo &#8211; mas porque as havia escolhido de outro povo, com outros deuses. E Salom\u00e3o ent\u00e3o caiu na &#8220;armadilha&#8221; e se perdeu quando uma das esposas lhe disse para ir adorar Camos ou Melcom. E fez isso por todas as mulheres estrangeiras que ofereciam sacrif\u00edcios aos seus deuses. Em uma palavra, &#8220;permitiu tudo, deixou de adorar o \u00fanico Deus&#8221;. Do cora\u00e7\u00e3o enfraquecido pelo excesso de afei\u00e7\u00e3o pelas mulheres, &#8220;o paganismo entrou em sua vida&#8221;. Assim, destaca Francisco, aquele jovem s\u00e1bio que rezou pedindo sabedoria, caiu ao ponto de ser rejeitado pelo Senhor.<\/p>\n<p>&#8220;N\u00e3o foi uma apostasia da noite para o dia, foi uma apostasia lenta&#8221;, explica o Papa. Tamb\u00e9m o rei Davi, seu pai, de fato, havia pecado &#8211; gravemente pelo menos duas vezes \u2013 mas logo se arrependeu e pediu perd\u00e3o: permaneceu fiel ao Senhor que o guardou at\u00e9 o fim.<\/p>\n<p>Davi chorou por aquele pecado e pela morte do filho Absal\u00e3o e quando fugia dele, humilhou-se pensando em seu pecado, quando as pessoas o insultavam. &#8220;Era santo. Salom\u00e3o n\u00e3o \u00e9 santo&#8221;, afirmou. O Senhor lhe havia dado tantos dons, mas ele havia desperdi\u00e7ado tudo porque deixara seu cora\u00e7\u00e3o enfraquecer. N\u00e3o se trata &#8211; observa o Papa &#8211; do &#8220;pecado de uma vez&#8221;, mas do &#8220;deslizar&#8221;.<\/p>\n<p>As mulheres desviaram seu cora\u00e7\u00e3o e o Senhor o reprova: &#8220;Voc\u00ea desviou o cora\u00e7\u00e3o&#8221;. E isto ocorre na nossa vida. Nenhum de n\u00f3s \u00e9 um criminoso, nenhum de n\u00f3s comete grandes pecados como Davi cometeu com a esposa de Urias, nenhum. Mas onde est\u00e1 o perigo? Deixar-se escorregar lentamente porque \u00e9 uma queda com anestesia, voc\u00ea n\u00e3o se d\u00e1 conta, mas lentamente voc\u00ea escorrega, relativiza as coisas e perde a fidelidade a Deus. Estas mulheres eram de outros povos, tinham outros deuses, e quantas vezes nos esquecemos do Senhor e entramos em negocia\u00e7\u00f5es com outros deuses: o dinheiro, a vaidade, o orgulho. Mas isto \u00e9 feito lentamente e se n\u00e3o houver gra\u00e7a de Deus, perdemos tudo.<\/p>\n<p><strong>Cuidado com a mundanidade, voc\u00ea n\u00e3o pode estar bem com Deus e com o diabo<\/strong><\/p>\n<p>Mais uma vez o Papa se refere ao Salmo 105 (106) para enfatizar que esta mistura com os povos e aprender a agir como eles significa tornar-se mundano, pag\u00e3o: E para n\u00f3s este lento deslizamento na vida \u00e9 em dire\u00e7\u00e3o da mundaniza\u00e7\u00e3o, este \u00e9 o pecado grave: &#8220;Todos o fazem, mas sim, n\u00e3o h\u00e1 problema, sim, n\u00e3o \u00e9 realmente o ideal, mas&#8230;&#8221;. Estas palavras justificam-nos ao pre\u00e7o de perder a fidelidade ao \u00fanico Deus. Eles s\u00e3o \u00eddolos modernos. Vamos pensar neste pecado da mundaniza\u00e7\u00e3o. De perder a autenticidade do Evangelho. O genu\u00edno da Palavra de Deus, de perder o amor deste Deus que deu a sua vida por n\u00f3s. N\u00e3o se pode estar bem com Deus e com o diabo. Isto \u00e9 o que todos dizemos quando falamos de uma pessoa que \u00e9 um pouco assim: &#8220;Ele est\u00e1 bem com Deus e com o diabo&#8221;. Ele perdeu a sua fidelidade.<\/p>\n<p><strong>O amor de Deus far\u00e1 com que paremos<\/strong><\/p>\n<p>E, na pr\u00e1tica, continua, significa n\u00e3o ser fiel &#8220;nem a Deus nem ao diabo&#8221;. Em conclus\u00e3o, o Papa exorta-nos a pedir ao Senhor a gra\u00e7a de parar quando compreendermos que o cora\u00e7\u00e3o come\u00e7a a escorregar:\u00a0Pensemos neste pecado de Salom\u00e3o, pensemos em como aquele s\u00e1bio Salom\u00e3o caiu, aben\u00e7oado pelo Senhor, com toda a heran\u00e7a de seu pai Davi, como ele caiu lentamente, anestesiado para esta idolatria, para esta mundaniza\u00e7\u00e3o e lhe foi tirado o reino. Pe\u00e7amos ao Senhor a gra\u00e7a de entender quando nosso cora\u00e7\u00e3o come\u00e7a a enfraquecer e a escorregar, para nos deter. Ser\u00e3o a Sua gra\u00e7a e o Seu amor nos deter se n\u00f3s rezarmos a Ele.<\/p>\n<hr \/>\n<p><em>Fonte: Vatican News<\/em><\/p>\n","protected":false},"excerpt":{"rendered":"<p>Missa em Santa Marta<\/p>\n","protected":false},"author":3,"featured_media":220285,"comment_status":"open","ping_status":"open","sticky":false,"template":"","format":"standard","meta":[],"categories":[1428],"tags":[1586],"acf":[],"yoast_head":"<!-- This site is optimized with the Yoast SEO plugin v19.2 - https:\/\/yoast.com\/wordpress\/plugins\/seo\/ -->\n<title>Papa: deslizar no mundanismo \u00e9 a lenta apostasia do cora\u00e7\u00e3o - Not\u00edcias - Franciscanos<\/title>\n<meta name=\"robots\" content=\"index, follow, max-snippet:-1, max-image-preview:large, max-video-preview:-1\" \/>\n<link rel=\"canonical\" href=\"https:\/\/franciscanos.org.br\/noticias\/papa-deslizar-no-mundanismo-e-a-lenta-apostasia-do-coracao.html\" \/>\n<meta property=\"og:locale\" content=\"pt_BR\" \/>\n<meta property=\"og:type\" content=\"article\" \/>\n<meta property=\"og:title\" content=\"Papa: deslizar no mundanismo \u00e9 a lenta apostasia do cora\u00e7\u00e3o - Not\u00edcias - Franciscanos\" \/>\n<meta property=\"og:description\" content=\"Missa em Santa Marta\" \/>\n<meta property=\"og:url\" content=\"https:\/\/franciscanos.org.br\/noticias\/papa-deslizar-no-mundanismo-e-a-lenta-apostasia-do-coracao.html\" \/>\n<meta property=\"og:site_name\" content=\"Not\u00edcias - Franciscanos\" \/>\n<meta property=\"article:published_time\" content=\"2020-02-13T18:46:08+00:00\" \/>\n<meta property=\"article:modified_time\" content=\"2021-08-29T19:33:30+00:00\" \/>\n<meta property=\"og:image\" content=\"https:\/\/franciscanos.org.br\/noticias\/wp-content\/uploads\/2020\/02\/papa_1302.jpg\" \/>\n\t<meta property=\"og:image:width\" content=\"273\" \/>\n\t<meta property=\"og:image:height\" content=\"181\" \/>\n\t<meta property=\"og:image:type\" content=\"image\/jpeg\" \/>\n<meta name=\"author\" content=\"moacir\" \/>\n<meta name=\"twitter:card\" content=\"summary_large_image\" \/>\n<meta name=\"twitter:label1\" content=\"Escrito por\" \/>\n\t<meta name=\"twitter:data1\" content=\"moacir\" \/>\n\t<meta name=\"twitter:label2\" content=\"Est. tempo de leitura\" \/>\n\t<meta name=\"twitter:data2\" content=\"4 minutos\" \/>\n<script type=\"application\/ld+json\" class=\"yoast-schema-graph\">{\"@context\":\"https:\/\/schema.org\",\"@graph\":[{\"@type\":\"WebSite\",\"@id\":\"https:\/\/franciscanos.org.br\/noticias\/#website\",\"url\":\"https:\/\/franciscanos.org.br\/noticias\/\",\"name\":\"Not\u00edcias - Franciscanos\",\"description\":\"Prov\u00edncia Franciscana da Imaculada Concei\u00e7\u00e3o do Brasil - Ordem dos Frades Menores - OFM\",\"potentialAction\":[{\"@type\":\"SearchAction\",\"target\":{\"@type\":\"EntryPoint\",\"urlTemplate\":\"https:\/\/franciscanos.org.br\/noticias\/?s={search_term_string}\"},\"query-input\":\"required name=search_term_string\"}],\"inLanguage\":\"pt-BR\"},{\"@type\":\"ImageObject\",\"inLanguage\":\"pt-BR\",\"@id\":\"https:\/\/franciscanos.org.br\/noticias\/papa-deslizar-no-mundanismo-e-a-lenta-apostasia-do-coracao.html#primaryimage\",\"url\":\"https:\/\/franciscanos.org.br\/noticias\/wp-content\/uploads\/2020\/02\/papa_1302.jpg\",\"contentUrl\":\"https:\/\/franciscanos.org.br\/noticias\/wp-content\/uploads\/2020\/02\/papa_1302.jpg\",\"width\":273,\"height\":181},{\"@type\":\"WebPage\",\"@id\":\"https:\/\/franciscanos.org.br\/noticias\/papa-deslizar-no-mundanismo-e-a-lenta-apostasia-do-coracao.html#webpage\",\"url\":\"https:\/\/franciscanos.org.br\/noticias\/papa-deslizar-no-mundanismo-e-a-lenta-apostasia-do-coracao.html\",\"name\":\"Papa: deslizar no mundanismo \u00e9 a lenta apostasia do cora\u00e7\u00e3o - Not\u00edcias - Franciscanos\",\"isPartOf\":{\"@id\":\"https:\/\/franciscanos.org.br\/noticias\/#website\"},\"primaryImageOfPage\":{\"@id\":\"https:\/\/franciscanos.org.br\/noticias\/papa-deslizar-no-mundanismo-e-a-lenta-apostasia-do-coracao.html#primaryimage\"},\"datePublished\":\"2020-02-13T18:46:08+00:00\",\"dateModified\":\"2021-08-29T19:33:30+00:00\",\"author\":{\"@id\":\"https:\/\/franciscanos.org.br\/noticias\/#\/schema\/person\/b5c8cba458c330ccff548b056e95a5d4\"},\"breadcrumb\":{\"@id\":\"https:\/\/franciscanos.org.br\/noticias\/papa-deslizar-no-mundanismo-e-a-lenta-apostasia-do-coracao.html#breadcrumb\"},\"inLanguage\":\"pt-BR\",\"potentialAction\":[{\"@type\":\"ReadAction\",\"target\":[\"https:\/\/franciscanos.org.br\/noticias\/papa-deslizar-no-mundanismo-e-a-lenta-apostasia-do-coracao.html\"]}]},{\"@type\":\"BreadcrumbList\",\"@id\":\"https:\/\/franciscanos.org.br\/noticias\/papa-deslizar-no-mundanismo-e-a-lenta-apostasia-do-coracao.html#breadcrumb\",\"itemListElement\":[{\"@type\":\"ListItem\",\"position\":1,\"name\":\"Home\",\"item\":\"https:\/\/franciscanos.org.br\/noticias\"},{\"@type\":\"ListItem\",\"position\":2,\"name\":\"Papa: deslizar no mundanismo \u00e9 a lenta apostasia do cora\u00e7\u00e3o\"}]},{\"@type\":\"Person\",\"@id\":\"https:\/\/franciscanos.org.br\/noticias\/#\/schema\/person\/b5c8cba458c330ccff548b056e95a5d4\",\"name\":\"moacir\",\"image\":{\"@type\":\"ImageObject\",\"inLanguage\":\"pt-BR\",\"@id\":\"https:\/\/franciscanos.org.br\/noticias\/#\/schema\/person\/image\/\",\"url\":\"https:\/\/secure.gravatar.com\/avatar\/d08aa2ce4c8dd416d4479aa8536fcf64?s=96&d=mm&r=g\",\"contentUrl\":\"https:\/\/secure.gravatar.com\/avatar\/d08aa2ce4c8dd416d4479aa8536fcf64?s=96&d=mm&r=g\",\"caption\":\"moacir\"},\"url\":\"https:\/\/franciscanos.org.br\/noticias\/author\/moacir\"}]}<\/script>\n<!-- \/ Yoast SEO plugin. -->","yoast_head_json":{"title":"Papa: deslizar no mundanismo \u00e9 a lenta apostasia do cora\u00e7\u00e3o - Not\u00edcias - Franciscanos","robots":{"index":"index","follow":"follow","max-snippet":"max-snippet:-1","max-image-preview":"max-image-preview:large","max-video-preview":"max-video-preview:-1"},"canonical":"https:\/\/franciscanos.org.br\/noticias\/papa-deslizar-no-mundanismo-e-a-lenta-apostasia-do-coracao.html","og_locale":"pt_BR","og_type":"article","og_title":"Papa: deslizar no mundanismo \u00e9 a lenta apostasia do cora\u00e7\u00e3o - Not\u00edcias - Franciscanos","og_description":"Missa em Santa Marta","og_url":"https:\/\/franciscanos.org.br\/noticias\/papa-deslizar-no-mundanismo-e-a-lenta-apostasia-do-coracao.html","og_site_name":"Not\u00edcias - Franciscanos","article_published_time":"2020-02-13T18:46:08+00:00","article_modified_time":"2021-08-29T19:33:30+00:00","og_image":[{"width":273,"height":181,"url":"https:\/\/franciscanos.org.br\/noticias\/wp-content\/uploads\/2020\/02\/papa_1302.jpg","type":"image\/jpeg"}],"author":"moacir","twitter_card":"summary_large_image","twitter_misc":{"Escrito por":"moacir","Est. tempo de leitura":"4 minutos"},"schema":{"@context":"https:\/\/schema.org","@graph":[{"@type":"WebSite","@id":"https:\/\/franciscanos.org.br\/noticias\/#website","url":"https:\/\/franciscanos.org.br\/noticias\/","name":"Not\u00edcias - Franciscanos","description":"Prov\u00edncia Franciscana da Imaculada Concei\u00e7\u00e3o do Brasil - Ordem dos Frades Menores - OFM","potentialAction":[{"@type":"SearchAction","target":{"@type":"EntryPoint","urlTemplate":"https:\/\/franciscanos.org.br\/noticias\/?s={search_term_string}"},"query-input":"required name=search_term_string"}],"inLanguage":"pt-BR"},{"@type":"ImageObject","inLanguage":"pt-BR","@id":"https:\/\/franciscanos.org.br\/noticias\/papa-deslizar-no-mundanismo-e-a-lenta-apostasia-do-coracao.html#primaryimage","url":"https:\/\/franciscanos.org.br\/noticias\/wp-content\/uploads\/2020\/02\/papa_1302.jpg","contentUrl":"https:\/\/franciscanos.org.br\/noticias\/wp-content\/uploads\/2020\/02\/papa_1302.jpg","width":273,"height":181},{"@type":"WebPage","@id":"https:\/\/franciscanos.org.br\/noticias\/papa-deslizar-no-mundanismo-e-a-lenta-apostasia-do-coracao.html#webpage","url":"https:\/\/franciscanos.org.br\/noticias\/papa-deslizar-no-mundanismo-e-a-lenta-apostasia-do-coracao.html","name":"Papa: deslizar no mundanismo \u00e9 a lenta apostasia do cora\u00e7\u00e3o - Not\u00edcias - Franciscanos","isPartOf":{"@id":"https:\/\/franciscanos.org.br\/noticias\/#website"},"primaryImageOfPage":{"@id":"https:\/\/franciscanos.org.br\/noticias\/papa-deslizar-no-mundanismo-e-a-lenta-apostasia-do-coracao.html#primaryimage"},"datePublished":"2020-02-13T18:46:08+00:00","dateModified":"2021-08-29T19:33:30+00:00","author":{"@id":"https:\/\/franciscanos.org.br\/noticias\/#\/schema\/person\/b5c8cba458c330ccff548b056e95a5d4"},"breadcrumb":{"@id":"https:\/\/franciscanos.org.br\/noticias\/papa-deslizar-no-mundanismo-e-a-lenta-apostasia-do-coracao.html#breadcrumb"},"inLanguage":"pt-BR","potentialAction":[{"@type":"ReadAction","target":["https:\/\/franciscanos.org.br\/noticias\/papa-deslizar-no-mundanismo-e-a-lenta-apostasia-do-coracao.html"]}]},{"@type":"BreadcrumbList","@id":"https:\/\/franciscanos.org.br\/noticias\/papa-deslizar-no-mundanismo-e-a-lenta-apostasia-do-coracao.html#breadcrumb","itemListElement":[{"@type":"ListItem","position":1,"name":"Home","item":"https:\/\/franciscanos.org.br\/noticias"},{"@type":"ListItem","position":2,"name":"Papa: deslizar no mundanismo \u00e9 a lenta apostasia do cora\u00e7\u00e3o"}]},{"@type":"Person","@id":"https:\/\/franciscanos.org.br\/noticias\/#\/schema\/person\/b5c8cba458c330ccff548b056e95a5d4","name":"moacir","image":{"@type":"ImageObject","inLanguage":"pt-BR","@id":"https:\/\/franciscanos.org.br\/noticias\/#\/schema\/person\/image\/","url":"https:\/\/secure.gravatar.com\/avatar\/d08aa2ce4c8dd416d4479aa8536fcf64?s=96&d=mm&r=g","contentUrl":"https:\/\/secure.gravatar.com\/avatar\/d08aa2ce4c8dd416d4479aa8536fcf64?s=96&d=mm&r=g","caption":"moacir"},"url":"https:\/\/franciscanos.org.br\/noticias\/author\/moacir"}]}},"_links":{"self":[{"href":"https:\/\/franciscanos.org.br\/noticias\/wp-json\/wp\/v2\/posts\/220283"}],"collection":[{"href":"https:\/\/franciscanos.org.br\/noticias\/wp-json\/wp\/v2\/posts"}],"about":[{"href":"https:\/\/franciscanos.org.br\/noticias\/wp-json\/wp\/v2\/types\/post"}],"author":[{"embeddable":true,"href":"https:\/\/franciscanos.org.br\/noticias\/wp-json\/wp\/v2\/users\/3"}],"replies":[{"embeddable":true,"href":"https:\/\/franciscanos.org.br\/noticias\/wp-json\/wp\/v2\/comments?post=220283"}],"version-history":[{"count":2,"href":"https:\/\/franciscanos.org.br\/noticias\/wp-json\/wp\/v2\/posts\/220283\/revisions"}],"predecessor-version":[{"id":234047,"href":"https:\/\/franciscanos.org.br\/noticias\/wp-json\/wp\/v2\/posts\/220283\/revisions\/234047"}],"wp:featuredmedia":[{"embeddable":true,"href":"https:\/\/franciscanos.org.br\/noticias\/wp-json\/wp\/v2\/media\/220285"}],"wp:attachment":[{"href":"https:\/\/franciscanos.org.br\/noticias\/wp-json\/wp\/v2\/media?parent=220283"}],"wp:term":[{"taxonomy":"category","embeddable":true,"href":"https:\/\/franciscanos.org.br\/noticias\/wp-json\/wp\/v2\/categories?post=220283"},{"taxonomy":"post_tag","embeddable":true,"href":"https:\/\/franciscanos.org.br\/noticias\/wp-json\/wp\/v2\/tags?post=220283"}],"curies":[{"name":"wp","href":"https:\/\/api.w.org\/{rel}","templated":true}]}}