{"id":22022,"date":"2012-08-13T07:06:14","date_gmt":"2012-08-13T10:06:14","guid":{"rendered":"http:\/\/new.franciscanos.org.br\/?p=22022"},"modified":"2019-01-31T15:47:48","modified_gmt":"2019-01-31T17:47:48","slug":"frades-clarissas-e-comunidade-de-vila-velha-celebram-com-jubilo-a-conclusao-do-ano-clariano","status":"publish","type":"post","link":"https:\/\/franciscanos.org.br\/noticias\/frades-clarissas-e-comunidade-de-vila-velha-celebram-com-jubilo-a-conclusao-do-ano-clariano.html","title":{"rendered":"Frades, Clarissas e comunidade de Vila Velha celebram com j\u00fabilo a conclus\u00e3o do ano clariano"},"content":{"rendered":"<p><img loading=\"lazy\" class=\"alignnone size-full wp-image-198763\" src=\"https:\/\/franciscanos.org.br\/noticias\/wp-content\/uploads\/2012\/08\/2995_100812.jpg\" alt=\"\" width=\"830\" height=\"239\" srcset=\"https:\/\/franciscanos.org.br\/noticias\/wp-content\/uploads\/2012\/08\/2995_100812.jpg 830w, https:\/\/franciscanos.org.br\/noticias\/wp-content\/uploads\/2012\/08\/2995_100812-450x130.jpg 450w, https:\/\/franciscanos.org.br\/noticias\/wp-content\/uploads\/2012\/08\/2995_100812-768x221.jpg 768w, https:\/\/franciscanos.org.br\/noticias\/wp-content\/uploads\/2012\/08\/2995_100812-150x43.jpg 150w\" sizes=\"(max-width: 830px) 100vw, 830px\" \/><\/p>\n<p><strong>Frei Walter de Carvalho J\u00fanior<\/strong><\/p>\n<p>Depois de um dia de visita ao Convento da Penha, passeio de escuna pela ba\u00eda de Vit\u00f3ria, visita ao Pal\u00e1cio Anchieta \u2013 sede de governo do estado do Esp\u00edrito Santo -, e a outras igrejas do patrim\u00f4nio hist\u00f3rico da cidade, os frades da UCLAF se uniram aos frades de Vila Velha, aos frades e Irm\u00e3s Clarissas de Colatina, \u00e0 OFS e \u00e0 animada comunidade do santu\u00e1rio do Divino Esp\u00edrito Santo para celebrar a conclus\u00e3o do jubileu dos 800 anos do carisma de Santa Clara.<\/p>\n<p>A solenidade da celebra\u00e7\u00e3o se confirmou pelo entusiasmo do povo que frequenta o santu\u00e1rio, sempre muito acolhedor e simp\u00e1tico. A liturgia, bem preparada, como costuma acontecer, teve encena\u00e7\u00e3o comovente de jovens que retrataram a decis\u00e3o de Clara em responder ao chamado do Senhor, deixando a casa paterna e a Ele consagrando-se, na Porci\u00fancula, na presen\u00e7a de Francisco e seus primeiros companheiros. Ao final da celebra\u00e7\u00e3o, a abadessa de Colatina aben\u00e7oou p\u00e3es, conforme a tradi\u00e7\u00e3o, e as irm\u00e3s os distribu\u00edram ao povo.<\/p>\n<p>Hoje de manh\u00e3, os frades procurar\u00e3o definir propostas sobre os temas abordados durante os dias de encontro. A conclus\u00e3o da assembleia da UCLAF est\u00e1 prevista para as 12h00.<\/p>\n<p>CONGO<\/p>\n<p>Na noite de ontem, num momento de confraterniza\u00e7\u00e3o ap\u00f3s o dia de trabalho, os participantes da UCLAF receberam a visita da Banda de Congo da Barra do Jucu, do folclore capixaba. No in\u00edcio os frades apenas observavam e apreciavam a m\u00fasica e a batucada.<br \/>\n<a href=\"http:\/\/franciscanos.org.br\/wp-content\/uploads\/2012\/08\/2986_100812.jpg\"><img loading=\"lazy\" class=\"alignright wp-image-21960 size-medium\" title=\"2986_100812\" src=\"http:\/\/franciscanos.org.br\/wp-content\/uploads\/2012\/08\/2986_100812-225x300.jpg\" alt=\"\" width=\"225\" height=\"300\" \/><\/a>Depois, aos poucos foram se deixando envolver e v\u00e1rios entraram no ritmo da banda, dan\u00e7aram e at\u00e9 interagiram com os m\u00fasicos, assumindo tambores e outros instrumentos.<br \/>\nO dia de hoje ser\u00e1 dedicado ao um passeio tur\u00edstico por Vila Velha. Os frades ir\u00e3o ao Convento da Penha e outros pontos\u00a0 de Vila Velha, e, por fim, \u00e0 noite, participar\u00e3o da Missa em honra de Santa Clara, no Santu\u00e1rio do Divino Esp\u00edrito Santo.<\/p>\n<p>JPIC<\/p>\n<p>Aos poucos, os Ministros da UCLAF, em estudos de grupo e sess\u00f5es plen\u00e1rias, come\u00e7am a delinear propostas sobre os temas que v\u00eam sendo objeto de reflex\u00e3o, a serem votadas at\u00e9 o final da reuni\u00e3o, no s\u00e1bado.<\/p>\n<div id=\"attachment_21948\" style=\"width: 310px\" class=\"wp-caption alignleft\"><a href=\"http:\/\/franciscanos.org.br\/wp-content\/uploads\/2012\/08\/2984_090812.jpg\"><img aria-describedby=\"caption-attachment-21948\" loading=\"lazy\" class=\"size-medium wp-image-21948\" title=\"2984_090812\" src=\"http:\/\/franciscanos.org.br\/wp-content\/uploads\/2012\/08\/2984_090812-300x231.jpg\" alt=\"\" width=\"300\" height=\"231\" \/><\/a><p id=\"caption-attachment-21948\" class=\"wp-caption-text\">Na foto, o frade do meio \u00e9 o F\u00e1bio L&#8217;amour.<\/p><\/div>\n<p>Na manh\u00e3 de hoje Frei F\u00e1bio L\u2019amour, em nome do escrit\u00f3rio do servi\u00e7o JPIC (Justi\u00e7a, Paz e Integridade da Cria\u00e7\u00e3o) da C\u00faria Geral exp\u00f4s reflex\u00e3o acompanhada da apresenta\u00e7\u00e3o de iniciativas e desafios desse servi\u00e7o no \u00e2mbito da Ordem dos Frades Menores. Salientou que a voca\u00e7\u00e3o prof\u00e9tica \u00e9 elemento primordial da voca\u00e7\u00e3o crist\u00e3 e, portanto, os valores \u00a0JPIC n\u00e3o s\u00e3o opcionais em nosso carisma e identidade, mas irrenunci\u00e1veis e constitutivos. Mais do que uma tarefa, JPIC \u00e9 uma espiritualidade que deve permear cada frade menor em sua vida e miss\u00e3o e tem estreito v\u00ednculo com a minoridade. O Escrit\u00f3rio JPIC tem procurado implementar os mandatos do \u00faltimo Cap\u00edtulo Geral fornecendo subs\u00eddios (dentre os quais o boletim Contato) e favorecendo a forma\u00e7\u00e3o dos animadores desse Servi\u00e7o nas diversas entidades. Frei F\u00e1bio apresentou as propostas levantadas no Semin\u00e1rio franciscano que aconteceu em parceria com o SINFRAJUP (Servi\u00e7o Interfranciscano para a Justi\u00e7a, Paz e Integridade da cria\u00e7\u00e3o \u2013 Brasil) durante a Rio + 20, neste ano.<\/p>\n","protected":false},"excerpt":{"rendered":"<p>UCLAF <\/p>\n","protected":false},"author":1,"featured_media":198764,"comment_status":"closed","ping_status":"closed","sticky":false,"template":"","format":"standard","meta":[],"categories":[1],"tags":[310],"acf":[],"yoast_head":"<!-- This site is optimized with the Yoast SEO plugin v19.2 - https:\/\/yoast.com\/wordpress\/plugins\/seo\/ -->\n<title>Frades, Clarissas e comunidade de Vila Velha celebram com j\u00fabilo a conclus\u00e3o do ano clariano - Not\u00edcias - Franciscanos<\/title>\n<meta name=\"robots\" content=\"index, follow, max-snippet:-1, max-image-preview:large, max-video-preview:-1\" \/>\n<link rel=\"canonical\" href=\"https:\/\/franciscanos.org.br\/noticias\/frades-clarissas-e-comunidade-de-vila-velha-celebram-com-jubilo-a-conclusao-do-ano-clariano.html\" \/>\n<meta property=\"og:locale\" content=\"pt_BR\" \/>\n<meta property=\"og:type\" content=\"article\" \/>\n<meta property=\"og:title\" content=\"Frades, Clarissas e comunidade de Vila Velha celebram com j\u00fabilo a conclus\u00e3o do ano clariano - Not\u00edcias - Franciscanos\" \/>\n<meta property=\"og:description\" content=\"UCLAF\" \/>\n<meta property=\"og:url\" content=\"https:\/\/franciscanos.org.br\/noticias\/frades-clarissas-e-comunidade-de-vila-velha-celebram-com-jubilo-a-conclusao-do-ano-clariano.html\" \/>\n<meta property=\"og:site_name\" content=\"Not\u00edcias - Franciscanos\" \/>\n<meta property=\"article:published_time\" content=\"2012-08-13T10:06:14+00:00\" \/>\n<meta property=\"article:modified_time\" content=\"2019-01-31T17:47:48+00:00\" \/>\n<meta property=\"og:image\" content=\"https:\/\/franciscanos.org.br\/noticias\/wp-content\/uploads\/2012\/08\/irmas_31.jpg\" \/>\n\t<meta property=\"og:image:width\" content=\"273\" \/>\n\t<meta property=\"og:image:height\" content=\"181\" \/>\n\t<meta property=\"og:image:type\" content=\"image\/jpeg\" \/>\n<meta name=\"author\" content=\"admin\" \/>\n<meta name=\"twitter:card\" content=\"summary_large_image\" \/>\n<meta name=\"twitter:label1\" content=\"Escrito por\" \/>\n\t<meta name=\"twitter:data1\" content=\"admin\" \/>\n\t<meta name=\"twitter:label2\" content=\"Est. tempo de leitura\" \/>\n\t<meta name=\"twitter:data2\" content=\"3 minutos\" \/>\n<script type=\"application\/ld+json\" class=\"yoast-schema-graph\">{\"@context\":\"https:\/\/schema.org\",\"@graph\":[{\"@type\":\"WebSite\",\"@id\":\"https:\/\/franciscanos.org.br\/noticias\/#website\",\"url\":\"https:\/\/franciscanos.org.br\/noticias\/\",\"name\":\"Not\u00edcias - Franciscanos\",\"description\":\"Prov\u00edncia Franciscana da Imaculada Concei\u00e7\u00e3o do Brasil - Ordem dos Frades Menores - OFM\",\"potentialAction\":[{\"@type\":\"SearchAction\",\"target\":{\"@type\":\"EntryPoint\",\"urlTemplate\":\"https:\/\/franciscanos.org.br\/noticias\/?s={search_term_string}\"},\"query-input\":\"required name=search_term_string\"}],\"inLanguage\":\"pt-BR\"},{\"@type\":\"ImageObject\",\"inLanguage\":\"pt-BR\",\"@id\":\"https:\/\/franciscanos.org.br\/noticias\/frades-clarissas-e-comunidade-de-vila-velha-celebram-com-jubilo-a-conclusao-do-ano-clariano.html#primaryimage\",\"url\":\"https:\/\/franciscanos.org.br\/noticias\/wp-content\/uploads\/2012\/08\/irmas_31.jpg\",\"contentUrl\":\"https:\/\/franciscanos.org.br\/noticias\/wp-content\/uploads\/2012\/08\/irmas_31.jpg\",\"width\":273,\"height\":181},{\"@type\":\"WebPage\",\"@id\":\"https:\/\/franciscanos.org.br\/noticias\/frades-clarissas-e-comunidade-de-vila-velha-celebram-com-jubilo-a-conclusao-do-ano-clariano.html#webpage\",\"url\":\"https:\/\/franciscanos.org.br\/noticias\/frades-clarissas-e-comunidade-de-vila-velha-celebram-com-jubilo-a-conclusao-do-ano-clariano.html\",\"name\":\"Frades, Clarissas e comunidade de Vila Velha celebram com j\u00fabilo a conclus\u00e3o do ano clariano - Not\u00edcias - Franciscanos\",\"isPartOf\":{\"@id\":\"https:\/\/franciscanos.org.br\/noticias\/#website\"},\"primaryImageOfPage\":{\"@id\":\"https:\/\/franciscanos.org.br\/noticias\/frades-clarissas-e-comunidade-de-vila-velha-celebram-com-jubilo-a-conclusao-do-ano-clariano.html#primaryimage\"},\"datePublished\":\"2012-08-13T10:06:14+00:00\",\"dateModified\":\"2019-01-31T17:47:48+00:00\",\"author\":{\"@id\":\"https:\/\/franciscanos.org.br\/noticias\/#\/schema\/person\/b38fbf43118f02820bd932f2e4b14ad3\"},\"breadcrumb\":{\"@id\":\"https:\/\/franciscanos.org.br\/noticias\/frades-clarissas-e-comunidade-de-vila-velha-celebram-com-jubilo-a-conclusao-do-ano-clariano.html#breadcrumb\"},\"inLanguage\":\"pt-BR\",\"potentialAction\":[{\"@type\":\"ReadAction\",\"target\":[\"https:\/\/franciscanos.org.br\/noticias\/frades-clarissas-e-comunidade-de-vila-velha-celebram-com-jubilo-a-conclusao-do-ano-clariano.html\"]}]},{\"@type\":\"BreadcrumbList\",\"@id\":\"https:\/\/franciscanos.org.br\/noticias\/frades-clarissas-e-comunidade-de-vila-velha-celebram-com-jubilo-a-conclusao-do-ano-clariano.html#breadcrumb\",\"itemListElement\":[{\"@type\":\"ListItem\",\"position\":1,\"name\":\"Home\",\"item\":\"https:\/\/franciscanos.org.br\/noticias\"},{\"@type\":\"ListItem\",\"position\":2,\"name\":\"Frades, Clarissas e comunidade de Vila Velha celebram com j\u00fabilo a conclus\u00e3o do ano clariano\"}]},{\"@type\":\"Person\",\"@id\":\"https:\/\/franciscanos.org.br\/noticias\/#\/schema\/person\/b38fbf43118f02820bd932f2e4b14ad3\",\"name\":\"admin\",\"image\":{\"@type\":\"ImageObject\",\"inLanguage\":\"pt-BR\",\"@id\":\"https:\/\/franciscanos.org.br\/noticias\/#\/schema\/person\/image\/\",\"url\":\"https:\/\/secure.gravatar.com\/avatar\/e8495742d34d0ba6448ea1c628263b3e?s=96&d=mm&r=g\",\"contentUrl\":\"https:\/\/secure.gravatar.com\/avatar\/e8495742d34d0ba6448ea1c628263b3e?s=96&d=mm&r=g\",\"caption\":\"admin\"},\"url\":\"https:\/\/franciscanos.org.br\/noticias\/author\/admin\"}]}<\/script>\n<!-- \/ Yoast SEO plugin. -->","yoast_head_json":{"title":"Frades, Clarissas e comunidade de Vila Velha celebram com j\u00fabilo a conclus\u00e3o do ano clariano - Not\u00edcias - Franciscanos","robots":{"index":"index","follow":"follow","max-snippet":"max-snippet:-1","max-image-preview":"max-image-preview:large","max-video-preview":"max-video-preview:-1"},"canonical":"https:\/\/franciscanos.org.br\/noticias\/frades-clarissas-e-comunidade-de-vila-velha-celebram-com-jubilo-a-conclusao-do-ano-clariano.html","og_locale":"pt_BR","og_type":"article","og_title":"Frades, Clarissas e comunidade de Vila Velha celebram com j\u00fabilo a conclus\u00e3o do ano clariano - Not\u00edcias - Franciscanos","og_description":"UCLAF","og_url":"https:\/\/franciscanos.org.br\/noticias\/frades-clarissas-e-comunidade-de-vila-velha-celebram-com-jubilo-a-conclusao-do-ano-clariano.html","og_site_name":"Not\u00edcias - Franciscanos","article_published_time":"2012-08-13T10:06:14+00:00","article_modified_time":"2019-01-31T17:47:48+00:00","og_image":[{"width":273,"height":181,"url":"https:\/\/franciscanos.org.br\/noticias\/wp-content\/uploads\/2012\/08\/irmas_31.jpg","type":"image\/jpeg"}],"author":"admin","twitter_card":"summary_large_image","twitter_misc":{"Escrito por":"admin","Est. tempo de leitura":"3 minutos"},"schema":{"@context":"https:\/\/schema.org","@graph":[{"@type":"WebSite","@id":"https:\/\/franciscanos.org.br\/noticias\/#website","url":"https:\/\/franciscanos.org.br\/noticias\/","name":"Not\u00edcias - Franciscanos","description":"Prov\u00edncia Franciscana da Imaculada Concei\u00e7\u00e3o do Brasil - Ordem dos Frades Menores - OFM","potentialAction":[{"@type":"SearchAction","target":{"@type":"EntryPoint","urlTemplate":"https:\/\/franciscanos.org.br\/noticias\/?s={search_term_string}"},"query-input":"required name=search_term_string"}],"inLanguage":"pt-BR"},{"@type":"ImageObject","inLanguage":"pt-BR","@id":"https:\/\/franciscanos.org.br\/noticias\/frades-clarissas-e-comunidade-de-vila-velha-celebram-com-jubilo-a-conclusao-do-ano-clariano.html#primaryimage","url":"https:\/\/franciscanos.org.br\/noticias\/wp-content\/uploads\/2012\/08\/irmas_31.jpg","contentUrl":"https:\/\/franciscanos.org.br\/noticias\/wp-content\/uploads\/2012\/08\/irmas_31.jpg","width":273,"height":181},{"@type":"WebPage","@id":"https:\/\/franciscanos.org.br\/noticias\/frades-clarissas-e-comunidade-de-vila-velha-celebram-com-jubilo-a-conclusao-do-ano-clariano.html#webpage","url":"https:\/\/franciscanos.org.br\/noticias\/frades-clarissas-e-comunidade-de-vila-velha-celebram-com-jubilo-a-conclusao-do-ano-clariano.html","name":"Frades, Clarissas e comunidade de Vila Velha celebram com j\u00fabilo a conclus\u00e3o do ano clariano - Not\u00edcias - Franciscanos","isPartOf":{"@id":"https:\/\/franciscanos.org.br\/noticias\/#website"},"primaryImageOfPage":{"@id":"https:\/\/franciscanos.org.br\/noticias\/frades-clarissas-e-comunidade-de-vila-velha-celebram-com-jubilo-a-conclusao-do-ano-clariano.html#primaryimage"},"datePublished":"2012-08-13T10:06:14+00:00","dateModified":"2019-01-31T17:47:48+00:00","author":{"@id":"https:\/\/franciscanos.org.br\/noticias\/#\/schema\/person\/b38fbf43118f02820bd932f2e4b14ad3"},"breadcrumb":{"@id":"https:\/\/franciscanos.org.br\/noticias\/frades-clarissas-e-comunidade-de-vila-velha-celebram-com-jubilo-a-conclusao-do-ano-clariano.html#breadcrumb"},"inLanguage":"pt-BR","potentialAction":[{"@type":"ReadAction","target":["https:\/\/franciscanos.org.br\/noticias\/frades-clarissas-e-comunidade-de-vila-velha-celebram-com-jubilo-a-conclusao-do-ano-clariano.html"]}]},{"@type":"BreadcrumbList","@id":"https:\/\/franciscanos.org.br\/noticias\/frades-clarissas-e-comunidade-de-vila-velha-celebram-com-jubilo-a-conclusao-do-ano-clariano.html#breadcrumb","itemListElement":[{"@type":"ListItem","position":1,"name":"Home","item":"https:\/\/franciscanos.org.br\/noticias"},{"@type":"ListItem","position":2,"name":"Frades, Clarissas e comunidade de Vila Velha celebram com j\u00fabilo a conclus\u00e3o do ano clariano"}]},{"@type":"Person","@id":"https:\/\/franciscanos.org.br\/noticias\/#\/schema\/person\/b38fbf43118f02820bd932f2e4b14ad3","name":"admin","image":{"@type":"ImageObject","inLanguage":"pt-BR","@id":"https:\/\/franciscanos.org.br\/noticias\/#\/schema\/person\/image\/","url":"https:\/\/secure.gravatar.com\/avatar\/e8495742d34d0ba6448ea1c628263b3e?s=96&d=mm&r=g","contentUrl":"https:\/\/secure.gravatar.com\/avatar\/e8495742d34d0ba6448ea1c628263b3e?s=96&d=mm&r=g","caption":"admin"},"url":"https:\/\/franciscanos.org.br\/noticias\/author\/admin"}]}},"_links":{"self":[{"href":"https:\/\/franciscanos.org.br\/noticias\/wp-json\/wp\/v2\/posts\/22022"}],"collection":[{"href":"https:\/\/franciscanos.org.br\/noticias\/wp-json\/wp\/v2\/posts"}],"about":[{"href":"https:\/\/franciscanos.org.br\/noticias\/wp-json\/wp\/v2\/types\/post"}],"author":[{"embeddable":true,"href":"https:\/\/franciscanos.org.br\/noticias\/wp-json\/wp\/v2\/users\/1"}],"replies":[{"embeddable":true,"href":"https:\/\/franciscanos.org.br\/noticias\/wp-json\/wp\/v2\/comments?post=22022"}],"version-history":[{"count":0,"href":"https:\/\/franciscanos.org.br\/noticias\/wp-json\/wp\/v2\/posts\/22022\/revisions"}],"wp:featuredmedia":[{"embeddable":true,"href":"https:\/\/franciscanos.org.br\/noticias\/wp-json\/wp\/v2\/media\/198764"}],"wp:attachment":[{"href":"https:\/\/franciscanos.org.br\/noticias\/wp-json\/wp\/v2\/media?parent=22022"}],"wp:term":[{"taxonomy":"category","embeddable":true,"href":"https:\/\/franciscanos.org.br\/noticias\/wp-json\/wp\/v2\/categories?post=22022"},{"taxonomy":"post_tag","embeddable":true,"href":"https:\/\/franciscanos.org.br\/noticias\/wp-json\/wp\/v2\/tags?post=22022"}],"curies":[{"name":"wp","href":"https:\/\/api.w.org\/{rel}","templated":true}]}}