{"id":219962,"date":"2020-02-13T10:17:02","date_gmt":"2020-02-13T13:17:02","guid":{"rendered":"https:\/\/franciscanos.org.br\/noticias\/?p=219962"},"modified":"2020-02-13T10:17:02","modified_gmt":"2020-02-13T13:17:02","slug":"provincia-recebe-mocao-de-aplauso-da-assembleia-legislativa-de-santa-catarina-pelas-missoes-franciscanas","status":"publish","type":"post","link":"https:\/\/franciscanos.org.br\/noticias\/provincia-recebe-mocao-de-aplauso-da-assembleia-legislativa-de-santa-catarina-pelas-missoes-franciscanas.html","title":{"rendered":"Prov\u00edncia recebe Mo\u00e7\u00e3o de Aplauso da Assembleia Legislativa de Santa Catarina pelas Miss\u00f5es Franciscanas"},"content":{"rendered":"<p><img loading=\"lazy\" class=\"alignnone wp-image-219963 size-full\" src=\"https:\/\/franciscanos.org.br\/noticias\/wp-content\/uploads\/2020\/02\/xaxim_1302.jpg\" alt=\"\" width=\"1280\" height=\"960\" srcset=\"https:\/\/franciscanos.org.br\/noticias\/wp-content\/uploads\/2020\/02\/xaxim_1302.jpg 1280w, https:\/\/franciscanos.org.br\/noticias\/wp-content\/uploads\/2020\/02\/xaxim_1302-450x338.jpg 450w, https:\/\/franciscanos.org.br\/noticias\/wp-content\/uploads\/2020\/02\/xaxim_1302-1024x768.jpg 1024w, https:\/\/franciscanos.org.br\/noticias\/wp-content\/uploads\/2020\/02\/xaxim_1302-768x576.jpg 768w, https:\/\/franciscanos.org.br\/noticias\/wp-content\/uploads\/2020\/02\/xaxim_1302-150x113.jpg 150w, https:\/\/franciscanos.org.br\/noticias\/wp-content\/uploads\/2020\/02\/xaxim_1302-600x450.jpg 600w\" sizes=\"(max-width: 1280px) 100vw, 1280px\" \/><\/p>\n<p>A Prov\u00edncia Franciscana da Imaculada Concei\u00e7\u00e3o do Brasil, atrav\u00e9s do Servi\u00e7o de Anima\u00e7\u00e3o Vocacional (SAV), recebeu uma Mo\u00e7\u00e3o de Aplauso da Assembleia Legislativa de Santa Catarina por ter realizado as Miss\u00f5es Franciscanas da Juventude, em Xaxim, de 29 de janeiro a 2 de fevereiro. Proposta pelo deputado estadual, Marcius Machado, a mo\u00e7\u00e3o congratula a entidade por este evento franciscano, assinalando que: &#8211; As miss\u00f5es Franciscanas da Juventude s\u00e3o eventos promovidos pela Prov\u00edncia Franciscana da Imaculada Concei\u00e7\u00e3o do Brasil, voltados aos jovens que desejam vivenciar um per\u00edodo de ora\u00e7\u00e3o, reflex\u00e3o e miss\u00e3o de solidariedade; as Miss\u00f5es ocorrem uma vez ao ano nas cidades que fazem parte da Prov\u00edncia Franciscana; a 7\u00aa Miss\u00e3o Franciscana da Juventude, realizada na Par\u00f3quia do Munic\u00edpio de Xaxim, com dura\u00e7\u00e3o de 7 (sete) dias, teve a participa\u00e7\u00e3o de 800 jovens, sendo praticadas in\u00fameras atividades, forma\u00e7\u00f5es e oficinas que abordaram quest\u00f5es relativas \u00e0 ecologia, justi\u00e7a, paz e integridade da cria\u00e7\u00e3o, entre outras; e &#8211; o Munic\u00edpio de Lages foi escolhido para sediar a 8\u00aa Miss\u00e3o Franciscana da Juventude.<\/p>\n<p>Segundo a Mo\u00e7\u00e3o, citando os frades coordenadores deste evento, declara: &#8220;A Assembleia Legislativa do Estado de Santa Catarina, acolhendo proposi\u00e7\u00e3o do Deputado Marcius Machado, aplaude a Prov\u00edncia Franciscana da Imaculada Concei\u00e7\u00e3o do Brasil pela realiza\u00e7\u00e3o da 7\u00aa Miss\u00e3o Franciscana da Juventude, na Par\u00f3quia do Munic\u00edpio de Xaxim. Atenciosamente, Deputado Julio Garcia &#8211; Presidente&#8221;. A sess\u00e3o que aprovou a Mo\u00e7\u00e3o foi realizada nesta quarta-feira, 12 de fevereiro.<\/p>\n<p>A Prov\u00edncia Franciscana da Imaculada Concei\u00e7\u00e3o do Brasil agradece ao deputado Marcius Machado e \u00e0 Assembleia Legislativa por esta honraria, confirmando nossa prioridade no trabalho evangelizador com a juventude.<\/p>\n","protected":false},"excerpt":{"rendered":"<p>Miss\u00f5es Franciscanas da Juventude<\/p>\n","protected":false},"author":3,"featured_media":219969,"comment_status":"open","ping_status":"open","sticky":false,"template":"","format":"standard","meta":[],"categories":[1],"tags":[1206],"acf":[],"yoast_head":"<!-- This site is optimized with the Yoast SEO plugin v19.2 - https:\/\/yoast.com\/wordpress\/plugins\/seo\/ -->\n<title>Prov\u00edncia recebe Mo\u00e7\u00e3o de Aplauso da Assembleia Legislativa de Santa Catarina pelas Miss\u00f5es Franciscanas - Not\u00edcias - Franciscanos<\/title>\n<meta name=\"robots\" content=\"index, follow, max-snippet:-1, max-image-preview:large, max-video-preview:-1\" \/>\n<link rel=\"canonical\" href=\"https:\/\/franciscanos.org.br\/noticias\/provincia-recebe-mocao-de-aplauso-da-assembleia-legislativa-de-santa-catarina-pelas-missoes-franciscanas.html\" \/>\n<meta property=\"og:locale\" content=\"pt_BR\" \/>\n<meta property=\"og:type\" content=\"article\" \/>\n<meta property=\"og:title\" content=\"Prov\u00edncia recebe Mo\u00e7\u00e3o de Aplauso da Assembleia Legislativa de Santa Catarina pelas Miss\u00f5es Franciscanas - Not\u00edcias - Franciscanos\" \/>\n<meta property=\"og:description\" content=\"Miss\u00f5es Franciscanas da Juventude\" \/>\n<meta property=\"og:url\" content=\"https:\/\/franciscanos.org.br\/noticias\/provincia-recebe-mocao-de-aplauso-da-assembleia-legislativa-de-santa-catarina-pelas-missoes-franciscanas.html\" \/>\n<meta property=\"og:site_name\" content=\"Not\u00edcias - Franciscanos\" \/>\n<meta property=\"article:published_time\" content=\"2020-02-13T13:17:02+00:00\" \/>\n<meta property=\"og:image\" content=\"https:\/\/franciscanos.org.br\/noticias\/wp-content\/uploads\/2020\/02\/xaxim_1302d.jpg\" \/>\n\t<meta property=\"og:image:width\" content=\"273\" \/>\n\t<meta property=\"og:image:height\" content=\"181\" \/>\n\t<meta property=\"og:image:type\" content=\"image\/jpeg\" \/>\n<meta name=\"author\" content=\"moacir\" \/>\n<meta name=\"twitter:card\" content=\"summary_large_image\" \/>\n<meta name=\"twitter:label1\" content=\"Escrito por\" \/>\n\t<meta name=\"twitter:data1\" content=\"moacir\" \/>\n\t<meta name=\"twitter:label2\" content=\"Est. tempo de leitura\" \/>\n\t<meta name=\"twitter:data2\" content=\"1 minuto\" \/>\n<script type=\"application\/ld+json\" class=\"yoast-schema-graph\">{\"@context\":\"https:\/\/schema.org\",\"@graph\":[{\"@type\":\"WebSite\",\"@id\":\"https:\/\/franciscanos.org.br\/noticias\/#website\",\"url\":\"https:\/\/franciscanos.org.br\/noticias\/\",\"name\":\"Not\u00edcias - Franciscanos\",\"description\":\"Prov\u00edncia Franciscana da Imaculada Concei\u00e7\u00e3o do Brasil - Ordem dos Frades Menores - OFM\",\"potentialAction\":[{\"@type\":\"SearchAction\",\"target\":{\"@type\":\"EntryPoint\",\"urlTemplate\":\"https:\/\/franciscanos.org.br\/noticias\/?s={search_term_string}\"},\"query-input\":\"required name=search_term_string\"}],\"inLanguage\":\"pt-BR\"},{\"@type\":\"ImageObject\",\"inLanguage\":\"pt-BR\",\"@id\":\"https:\/\/franciscanos.org.br\/noticias\/provincia-recebe-mocao-de-aplauso-da-assembleia-legislativa-de-santa-catarina-pelas-missoes-franciscanas.html#primaryimage\",\"url\":\"https:\/\/franciscanos.org.br\/noticias\/wp-content\/uploads\/2020\/02\/xaxim_1302d.jpg\",\"contentUrl\":\"https:\/\/franciscanos.org.br\/noticias\/wp-content\/uploads\/2020\/02\/xaxim_1302d.jpg\",\"width\":273,\"height\":181},{\"@type\":\"WebPage\",\"@id\":\"https:\/\/franciscanos.org.br\/noticias\/provincia-recebe-mocao-de-aplauso-da-assembleia-legislativa-de-santa-catarina-pelas-missoes-franciscanas.html#webpage\",\"url\":\"https:\/\/franciscanos.org.br\/noticias\/provincia-recebe-mocao-de-aplauso-da-assembleia-legislativa-de-santa-catarina-pelas-missoes-franciscanas.html\",\"name\":\"Prov\u00edncia recebe Mo\u00e7\u00e3o de Aplauso da Assembleia Legislativa de Santa Catarina pelas Miss\u00f5es Franciscanas - Not\u00edcias - Franciscanos\",\"isPartOf\":{\"@id\":\"https:\/\/franciscanos.org.br\/noticias\/#website\"},\"primaryImageOfPage\":{\"@id\":\"https:\/\/franciscanos.org.br\/noticias\/provincia-recebe-mocao-de-aplauso-da-assembleia-legislativa-de-santa-catarina-pelas-missoes-franciscanas.html#primaryimage\"},\"datePublished\":\"2020-02-13T13:17:02+00:00\",\"dateModified\":\"2020-02-13T13:17:02+00:00\",\"author\":{\"@id\":\"https:\/\/franciscanos.org.br\/noticias\/#\/schema\/person\/b5c8cba458c330ccff548b056e95a5d4\"},\"breadcrumb\":{\"@id\":\"https:\/\/franciscanos.org.br\/noticias\/provincia-recebe-mocao-de-aplauso-da-assembleia-legislativa-de-santa-catarina-pelas-missoes-franciscanas.html#breadcrumb\"},\"inLanguage\":\"pt-BR\",\"potentialAction\":[{\"@type\":\"ReadAction\",\"target\":[\"https:\/\/franciscanos.org.br\/noticias\/provincia-recebe-mocao-de-aplauso-da-assembleia-legislativa-de-santa-catarina-pelas-missoes-franciscanas.html\"]}]},{\"@type\":\"BreadcrumbList\",\"@id\":\"https:\/\/franciscanos.org.br\/noticias\/provincia-recebe-mocao-de-aplauso-da-assembleia-legislativa-de-santa-catarina-pelas-missoes-franciscanas.html#breadcrumb\",\"itemListElement\":[{\"@type\":\"ListItem\",\"position\":1,\"name\":\"Home\",\"item\":\"https:\/\/franciscanos.org.br\/noticias\"},{\"@type\":\"ListItem\",\"position\":2,\"name\":\"Prov\u00edncia recebe Mo\u00e7\u00e3o de Aplauso da Assembleia Legislativa de Santa Catarina pelas Miss\u00f5es Franciscanas\"}]},{\"@type\":\"Person\",\"@id\":\"https:\/\/franciscanos.org.br\/noticias\/#\/schema\/person\/b5c8cba458c330ccff548b056e95a5d4\",\"name\":\"moacir\",\"image\":{\"@type\":\"ImageObject\",\"inLanguage\":\"pt-BR\",\"@id\":\"https:\/\/franciscanos.org.br\/noticias\/#\/schema\/person\/image\/\",\"url\":\"https:\/\/secure.gravatar.com\/avatar\/d08aa2ce4c8dd416d4479aa8536fcf64?s=96&d=mm&r=g\",\"contentUrl\":\"https:\/\/secure.gravatar.com\/avatar\/d08aa2ce4c8dd416d4479aa8536fcf64?s=96&d=mm&r=g\",\"caption\":\"moacir\"},\"url\":\"https:\/\/franciscanos.org.br\/noticias\/author\/moacir\"}]}<\/script>\n<!-- \/ Yoast SEO plugin. -->","yoast_head_json":{"title":"Prov\u00edncia recebe Mo\u00e7\u00e3o de Aplauso da Assembleia Legislativa de Santa Catarina pelas Miss\u00f5es Franciscanas - Not\u00edcias - Franciscanos","robots":{"index":"index","follow":"follow","max-snippet":"max-snippet:-1","max-image-preview":"max-image-preview:large","max-video-preview":"max-video-preview:-1"},"canonical":"https:\/\/franciscanos.org.br\/noticias\/provincia-recebe-mocao-de-aplauso-da-assembleia-legislativa-de-santa-catarina-pelas-missoes-franciscanas.html","og_locale":"pt_BR","og_type":"article","og_title":"Prov\u00edncia recebe Mo\u00e7\u00e3o de Aplauso da Assembleia Legislativa de Santa Catarina pelas Miss\u00f5es Franciscanas - Not\u00edcias - Franciscanos","og_description":"Miss\u00f5es Franciscanas da Juventude","og_url":"https:\/\/franciscanos.org.br\/noticias\/provincia-recebe-mocao-de-aplauso-da-assembleia-legislativa-de-santa-catarina-pelas-missoes-franciscanas.html","og_site_name":"Not\u00edcias - Franciscanos","article_published_time":"2020-02-13T13:17:02+00:00","og_image":[{"width":273,"height":181,"url":"https:\/\/franciscanos.org.br\/noticias\/wp-content\/uploads\/2020\/02\/xaxim_1302d.jpg","type":"image\/jpeg"}],"author":"moacir","twitter_card":"summary_large_image","twitter_misc":{"Escrito por":"moacir","Est. tempo de leitura":"1 minuto"},"schema":{"@context":"https:\/\/schema.org","@graph":[{"@type":"WebSite","@id":"https:\/\/franciscanos.org.br\/noticias\/#website","url":"https:\/\/franciscanos.org.br\/noticias\/","name":"Not\u00edcias - Franciscanos","description":"Prov\u00edncia Franciscana da Imaculada Concei\u00e7\u00e3o do Brasil - Ordem dos Frades Menores - OFM","potentialAction":[{"@type":"SearchAction","target":{"@type":"EntryPoint","urlTemplate":"https:\/\/franciscanos.org.br\/noticias\/?s={search_term_string}"},"query-input":"required name=search_term_string"}],"inLanguage":"pt-BR"},{"@type":"ImageObject","inLanguage":"pt-BR","@id":"https:\/\/franciscanos.org.br\/noticias\/provincia-recebe-mocao-de-aplauso-da-assembleia-legislativa-de-santa-catarina-pelas-missoes-franciscanas.html#primaryimage","url":"https:\/\/franciscanos.org.br\/noticias\/wp-content\/uploads\/2020\/02\/xaxim_1302d.jpg","contentUrl":"https:\/\/franciscanos.org.br\/noticias\/wp-content\/uploads\/2020\/02\/xaxim_1302d.jpg","width":273,"height":181},{"@type":"WebPage","@id":"https:\/\/franciscanos.org.br\/noticias\/provincia-recebe-mocao-de-aplauso-da-assembleia-legislativa-de-santa-catarina-pelas-missoes-franciscanas.html#webpage","url":"https:\/\/franciscanos.org.br\/noticias\/provincia-recebe-mocao-de-aplauso-da-assembleia-legislativa-de-santa-catarina-pelas-missoes-franciscanas.html","name":"Prov\u00edncia recebe Mo\u00e7\u00e3o de Aplauso da Assembleia Legislativa de Santa Catarina pelas Miss\u00f5es Franciscanas - Not\u00edcias - Franciscanos","isPartOf":{"@id":"https:\/\/franciscanos.org.br\/noticias\/#website"},"primaryImageOfPage":{"@id":"https:\/\/franciscanos.org.br\/noticias\/provincia-recebe-mocao-de-aplauso-da-assembleia-legislativa-de-santa-catarina-pelas-missoes-franciscanas.html#primaryimage"},"datePublished":"2020-02-13T13:17:02+00:00","dateModified":"2020-02-13T13:17:02+00:00","author":{"@id":"https:\/\/franciscanos.org.br\/noticias\/#\/schema\/person\/b5c8cba458c330ccff548b056e95a5d4"},"breadcrumb":{"@id":"https:\/\/franciscanos.org.br\/noticias\/provincia-recebe-mocao-de-aplauso-da-assembleia-legislativa-de-santa-catarina-pelas-missoes-franciscanas.html#breadcrumb"},"inLanguage":"pt-BR","potentialAction":[{"@type":"ReadAction","target":["https:\/\/franciscanos.org.br\/noticias\/provincia-recebe-mocao-de-aplauso-da-assembleia-legislativa-de-santa-catarina-pelas-missoes-franciscanas.html"]}]},{"@type":"BreadcrumbList","@id":"https:\/\/franciscanos.org.br\/noticias\/provincia-recebe-mocao-de-aplauso-da-assembleia-legislativa-de-santa-catarina-pelas-missoes-franciscanas.html#breadcrumb","itemListElement":[{"@type":"ListItem","position":1,"name":"Home","item":"https:\/\/franciscanos.org.br\/noticias"},{"@type":"ListItem","position":2,"name":"Prov\u00edncia recebe Mo\u00e7\u00e3o de Aplauso da Assembleia Legislativa de Santa Catarina pelas Miss\u00f5es Franciscanas"}]},{"@type":"Person","@id":"https:\/\/franciscanos.org.br\/noticias\/#\/schema\/person\/b5c8cba458c330ccff548b056e95a5d4","name":"moacir","image":{"@type":"ImageObject","inLanguage":"pt-BR","@id":"https:\/\/franciscanos.org.br\/noticias\/#\/schema\/person\/image\/","url":"https:\/\/secure.gravatar.com\/avatar\/d08aa2ce4c8dd416d4479aa8536fcf64?s=96&d=mm&r=g","contentUrl":"https:\/\/secure.gravatar.com\/avatar\/d08aa2ce4c8dd416d4479aa8536fcf64?s=96&d=mm&r=g","caption":"moacir"},"url":"https:\/\/franciscanos.org.br\/noticias\/author\/moacir"}]}},"_links":{"self":[{"href":"https:\/\/franciscanos.org.br\/noticias\/wp-json\/wp\/v2\/posts\/219962"}],"collection":[{"href":"https:\/\/franciscanos.org.br\/noticias\/wp-json\/wp\/v2\/posts"}],"about":[{"href":"https:\/\/franciscanos.org.br\/noticias\/wp-json\/wp\/v2\/types\/post"}],"author":[{"embeddable":true,"href":"https:\/\/franciscanos.org.br\/noticias\/wp-json\/wp\/v2\/users\/3"}],"replies":[{"embeddable":true,"href":"https:\/\/franciscanos.org.br\/noticias\/wp-json\/wp\/v2\/comments?post=219962"}],"version-history":[{"count":0,"href":"https:\/\/franciscanos.org.br\/noticias\/wp-json\/wp\/v2\/posts\/219962\/revisions"}],"wp:featuredmedia":[{"embeddable":true,"href":"https:\/\/franciscanos.org.br\/noticias\/wp-json\/wp\/v2\/media\/219969"}],"wp:attachment":[{"href":"https:\/\/franciscanos.org.br\/noticias\/wp-json\/wp\/v2\/media?parent=219962"}],"wp:term":[{"taxonomy":"category","embeddable":true,"href":"https:\/\/franciscanos.org.br\/noticias\/wp-json\/wp\/v2\/categories?post=219962"},{"taxonomy":"post_tag","embeddable":true,"href":"https:\/\/franciscanos.org.br\/noticias\/wp-json\/wp\/v2\/tags?post=219962"}],"curies":[{"name":"wp","href":"https:\/\/api.w.org\/{rel}","templated":true}]}}