{"id":219444,"date":"2020-02-11T17:56:19","date_gmt":"2020-02-11T20:56:19","guid":{"rendered":"https:\/\/franciscanos.org.br\/noticias\/?p=219444"},"modified":"2020-02-12T10:35:04","modified_gmt":"2020-02-12T13:35:04","slug":"pastoral-do-bom-jesus-participa-do-congresso-catequistas-brasil-2020","status":"publish","type":"post","link":"https:\/\/franciscanos.org.br\/noticias\/pastoral-do-bom-jesus-participa-do-congresso-catequistas-brasil-2020.html","title":{"rendered":"Pastoral do Bom Jesus participa do Congresso Catequistas Brasil 2020"},"content":{"rendered":"<p><img loading=\"lazy\" class=\"alignnone size-full wp-image-219445\" src=\"https:\/\/franciscanos.org.br\/noticias\/wp-content\/uploads\/2020\/02\/bomjesus_1102.jpg\" alt=\"\" width=\"890\" height=\"584\" srcset=\"https:\/\/franciscanos.org.br\/noticias\/wp-content\/uploads\/2020\/02\/bomjesus_1102.jpg 890w, https:\/\/franciscanos.org.br\/noticias\/wp-content\/uploads\/2020\/02\/bomjesus_1102-450x295.jpg 450w, https:\/\/franciscanos.org.br\/noticias\/wp-content\/uploads\/2020\/02\/bomjesus_1102-768x504.jpg 768w, https:\/\/franciscanos.org.br\/noticias\/wp-content\/uploads\/2020\/02\/bomjesus_1102-150x98.jpg 150w\" sizes=\"(max-width: 890px) 100vw, 890px\" \/><\/p>\n<p>Entre os dias 7 e 9 de fevereiro, participaram da 2\u00aa edi\u00e7\u00e3o do Congresso Catequistas Brasil a coordenadora da Pastoral Escolar e Universit\u00e1ria, Rita Kleink, o vice-presidente do Grupo Educacional Bom Jesus, Frei M\u00e1rio Jos\u00e9 Knapik, e mais treze catequistas do Grupo Bom Jesus. O evento aconteceu no Santu\u00e1rio de Aparecida (SP) e reuniu importantes nomes da catequese no Brasil.<\/p>\n<p>Realizado pela <em>Revista Par\u00f3quias<\/em> e promovido pela Promotoria Cat\u00f3lica (Promocat), o Catequistas Brasil conta com o apoio da CNBB, da Arquidiocese de Aparecida, do Santu\u00e1rio Nacional de Aparecida e da Faculdade Dehoniana dos padres do Sagrado Cora\u00e7\u00e3o de Jesus.<\/p>\n<p>Tendo como tema \u201cVenha e Veja, o encontro teve como objetivo contribuir para forma\u00e7\u00e3o e a evangeliza\u00e7\u00e3o dos catequistas. Inspira\u00e7\u00e3o, motiva\u00e7\u00e3o e conhecimento foram as tr\u00eas palavras chave do evento, no qual os catequistas tiveram a oportunidade de participar de diferentes palestras, viv\u00eancias, <em>workshops<\/em> e apresenta\u00e7\u00f5es de m\u00fasicas cat\u00f3licas, entre as mais de cinquenta atividades que aconteceram simultaneamente em diversos locais. Al\u00e9m dessas atra\u00e7\u00f5es, esta\u00e7\u00f5es din\u00e2micas foram apresentadas pelas principais editoras cat\u00f3licas do Brasil, entre elas a Editora Vozes.<\/p>\n<p><img loading=\"lazy\" class=\"alignnone size-full wp-image-219446\" src=\"https:\/\/franciscanos.org.br\/noticias\/wp-content\/uploads\/2020\/02\/bomjesus_1102_4.jpg\" alt=\"\" width=\"1280\" height=\"776\" srcset=\"https:\/\/franciscanos.org.br\/noticias\/wp-content\/uploads\/2020\/02\/bomjesus_1102_4.jpg 1280w, https:\/\/franciscanos.org.br\/noticias\/wp-content\/uploads\/2020\/02\/bomjesus_1102_4-450x273.jpg 450w, https:\/\/franciscanos.org.br\/noticias\/wp-content\/uploads\/2020\/02\/bomjesus_1102_4-1024x621.jpg 1024w, https:\/\/franciscanos.org.br\/noticias\/wp-content\/uploads\/2020\/02\/bomjesus_1102_4-768x466.jpg 768w, https:\/\/franciscanos.org.br\/noticias\/wp-content\/uploads\/2020\/02\/bomjesus_1102_4-150x91.jpg 150w\" sizes=\"(max-width: 1280px) 100vw, 1280px\" \/><\/p>\n<p>Entre as palestras, enfatizamos a do Padre Paulo Gil, membro da Comiss\u00e3o Regional da Anima\u00e7\u00e3o B\u00edblico-catequ\u00e9tica para a regi\u00e3o Sul I da CNBB e assessor da Anima\u00e7\u00e3o B\u00edblico-catequ\u00e9tica da Arquidiocese de S\u00e3o Paulo, que abordou o tema \u201cCatequese, fam\u00edlia e comunidade: passos, la\u00e7os e espa\u00e7os\u201d. Segundo ele, catequese, fam\u00edlia e comunidade s\u00e3o lugares onde se constroem la\u00e7os com gestos simples e atitudes cotidianas; s\u00e3o ambientes onde os v\u00ednculos e afetos produzem respeito e amor m\u00fatuo; s\u00e3o espa\u00e7os onde o cultivo da ora\u00e7\u00e3o e da espiritualidade propiciam o crescimento e o amadurecimento da f\u00e9 crist\u00e3. Nesse sentido, a arte de construir relacionamentos familiares respeitosos e confi\u00e1veis exige de seus membros firmeza e flexibilidade, for\u00e7a e sensibilidade, disciplina e prud\u00eancia.<\/p>\n<p>Em seguida, Pe. J\u00e2nison de S\u00e1 Santos, assessor nacional da Comiss\u00e3o B\u00edblico-Catequ\u00e9tica da CNBB, refletiu sobre o \u201cO an\u00fancio querigm\u00e1tico no contexto da cultura urbana\u201d. Na \u00f3tica do conferencista, os catequistas s\u00e3o chamados a escutar, admirar e compreender a cultura urbana. Marcada por um contexto de toler\u00e2ncia e intoler\u00e2ncia, diferen\u00e7a e indiferen\u00e7a, nessa cultura os disc\u00edpulos mission\u00e1rios s\u00e3o anunciadores do querigma a todas as pessoas que desejam acolher livremente a mensagem de Jesus Cristo.<\/p>\n<p>Na sequ\u00eancia, Mois\u00e9s Sbardelotto, jornalista, professor e consultor em comunica\u00e7\u00e3o para diversos \u00f3rg\u00e3os e institui\u00e7\u00f5es civis e religiosos, apresentou uma reflex\u00e3o sobre o tema \u201cComunicar a f\u00e9: por qu\u00ea? Para qu\u00ea? Com quem? \u201d. Segundo o professor, no meio de tanta conectividade e midiatiza\u00e7\u00e3o a comunica\u00e7\u00e3o convive com novas experi\u00eancias e pr\u00e1ticas de f\u00e9, sendo primordial aprofundar a reflex\u00e3o sobre a cultura digital na perspectiva das inter-rela\u00e7\u00f5es entre o ser humano, a tecnologia, o ambiente e o sagrado.<\/p>\n<p><img loading=\"lazy\" class=\"alignnone wp-image-219515 size-full\" src=\"https:\/\/franciscanos.org.br\/noticias\/wp-content\/uploads\/2020\/02\/zezinho_2.jpg\" alt=\"\" width=\"890\" height=\"587\" srcset=\"https:\/\/franciscanos.org.br\/noticias\/wp-content\/uploads\/2020\/02\/zezinho_2.jpg 890w, https:\/\/franciscanos.org.br\/noticias\/wp-content\/uploads\/2020\/02\/zezinho_2-450x297.jpg 450w, https:\/\/franciscanos.org.br\/noticias\/wp-content\/uploads\/2020\/02\/zezinho_2-768x507.jpg 768w, https:\/\/franciscanos.org.br\/noticias\/wp-content\/uploads\/2020\/02\/zezinho_2-150x99.jpg 150w\" sizes=\"(max-width: 890px) 100vw, 890px\" \/><\/p>\n<p><em>No final de sua mensagem, Pe. Zezinho aben\u00e7oou os catequistas e foi aben\u00e7oado por eles.<\/em><\/p>\n<p>A grande surpresa do evento foi a presen\u00e7a do Pe. Zezinho, que n\u00e3o estava previsto na programa\u00e7\u00e3o. Suas s\u00e1bias palavras encantaram a todos. Segundo ele, o catequista precisa estudar e buscar novos meios para transmitir a mensagem da f\u00e9 crist\u00e3 no mundo contempor\u00e2neo. \u201cTalvez esse seja o grande sentido de estarmos aqui nesse encontro de forma\u00e7\u00e3o, de estudo e reflex\u00e3o sobre nossa miss\u00e3o catequ\u00e9tica\u201d, enfatizou Pe. Zezinho, segundo o qual \u201cN\u00e3o h\u00e1 como ser catequista apenas com o cora\u00e7\u00e3o e a voca\u00e7\u00e3o. Para exercer seu minist\u00e9rio catequ\u00e9tico, anunciar e testemunhar Jesus Cristo, o catequista precisa de forma\u00e7\u00e3o continuada\u201d.<\/p>\n<p>No \u00faltimo dia de forma\u00e7\u00e3o, Frei Carlos Mesters, da Ordem Carmelita e doutor em Teologia B\u00edblica, abordou o tema \u201cJesus t\u00e3o humano como s\u00f3 Deus pode ser humano\u201d. Ao discorrer sobre a tem\u00e1tica, acentuou que Jesus nasceu e cresceu como n\u00f3s. Seus sentimentos, gestos e atitudes diante do povo revelam sua profunda humanidade. Com base no texto b\u00edblico \u201cO Filho do Homem n\u00e3o veio para ser servido, mas para servir e dar vida como resgaste em favor de muitos\u201d (Mc 10,45), destacou que Jesus veio para humanizar, servir e libertar o povo.<\/p>\n<p>O encerramento do congresso foi acompanhado da missa de envio presidida por Dom Joel Portella Amado, secret\u00e1rio-geral da CNBB, e concelebrada por todos os sacerdotes presentes no evento. Em sua mensagem aos catequistas, Dom Joel destacou a import\u00e2ncia do testemunho de cada catequista em sua comunidade. Segundo ele, \u201cJesus confiou em seus disc\u00edpulos e continua confiando em n\u00f3s, fazendo-nos participantes de sua miss\u00e3o salv\u00edfica\u201d.<\/p>\n<p><img loading=\"lazy\" class=\"alignnone size-full wp-image-219448\" src=\"https:\/\/franciscanos.org.br\/noticias\/wp-content\/uploads\/2020\/02\/bomjesus_1102_3.jpg\" alt=\"\" width=\"1280\" height=\"663\" srcset=\"https:\/\/franciscanos.org.br\/noticias\/wp-content\/uploads\/2020\/02\/bomjesus_1102_3.jpg 1280w, https:\/\/franciscanos.org.br\/noticias\/wp-content\/uploads\/2020\/02\/bomjesus_1102_3-450x233.jpg 450w, https:\/\/franciscanos.org.br\/noticias\/wp-content\/uploads\/2020\/02\/bomjesus_1102_3-1024x530.jpg 1024w, https:\/\/franciscanos.org.br\/noticias\/wp-content\/uploads\/2020\/02\/bomjesus_1102_3-768x398.jpg 768w, https:\/\/franciscanos.org.br\/noticias\/wp-content\/uploads\/2020\/02\/bomjesus_1102_3-150x78.jpg 150w\" sizes=\"(max-width: 1280px) 100vw, 1280px\" \/><\/p>\n<p>A participa\u00e7\u00e3o da Pastoral Escolar nesse evento demonstra a import\u00e2ncia dada pelo Grupo Educacional Bom Jesus \u00e0 forma\u00e7\u00e3o de seus catequistas e \u00e0 integra\u00e7\u00e3o ao projeto de evangeliza\u00e7\u00e3o da CNBB, das dioceses e arquidioceses. Os catequistas do Grupo retornaram do evento renovados e fortalecidos pela forma\u00e7\u00e3o recebida e t\u00eam agora a miss\u00e3o de serem multiplicadores dos momentos vivenciados no Catequistas Brasil.<\/p>\n<p>Aproveitamos para destacar a alegria dos nossos catequistas e a renova\u00e7\u00e3o do seu compromisso de serem testemunhas de Cristo e mensageiros do amor, da paz e do bem. No decorrer deste ano, o Grupo Bom Jesus, com o apoio da Coordena\u00e7\u00e3o Pastoral, realizar\u00e1 encontros de forma\u00e7\u00e3o catequ\u00e9tica para os demais catequistas da institui\u00e7\u00e3o. Por fim, informamos que a 3\u00aa edi\u00e7\u00e3o do Catequistas Brasil acontecer\u00e1 de 5 a 7 de fevereiro de 2021 no Santu\u00e1rio Nacional de Aparecida.<\/p>\n<p><strong>Frei M\u00e1rio Jos\u00e9 Knapik<\/strong><\/p>\n<p><img loading=\"lazy\" class=\"alignnone wp-image-219447 size-full\" src=\"https:\/\/franciscanos.org.br\/noticias\/wp-content\/uploads\/2020\/02\/bomjesus_1102_2.jpg\" alt=\"\" width=\"890\" height=\"669\" srcset=\"https:\/\/franciscanos.org.br\/noticias\/wp-content\/uploads\/2020\/02\/bomjesus_1102_2.jpg 890w, https:\/\/franciscanos.org.br\/noticias\/wp-content\/uploads\/2020\/02\/bomjesus_1102_2-450x338.jpg 450w, https:\/\/franciscanos.org.br\/noticias\/wp-content\/uploads\/2020\/02\/bomjesus_1102_2-768x577.jpg 768w, https:\/\/franciscanos.org.br\/noticias\/wp-content\/uploads\/2020\/02\/bomjesus_1102_2-150x113.jpg 150w, https:\/\/franciscanos.org.br\/noticias\/wp-content\/uploads\/2020\/02\/bomjesus_1102_2-600x450.jpg 600w\" sizes=\"(max-width: 890px) 100vw, 890px\" \/><\/p>\n","protected":false},"excerpt":{"rendered":"<p>Grupo Educacional Bom Jesus<\/p>\n","protected":false},"author":3,"featured_media":219449,"comment_status":"open","ping_status":"open","sticky":false,"template":"","format":"standard","meta":[],"categories":[1],"tags":[1116],"acf":[],"yoast_head":"<!-- This site is optimized with the Yoast SEO plugin v19.2 - https:\/\/yoast.com\/wordpress\/plugins\/seo\/ -->\n<title>Pastoral do Bom Jesus participa do Congresso Catequistas Brasil 2020 - Not\u00edcias - Franciscanos<\/title>\n<meta name=\"robots\" content=\"index, follow, max-snippet:-1, max-image-preview:large, max-video-preview:-1\" \/>\n<link rel=\"canonical\" href=\"https:\/\/franciscanos.org.br\/noticias\/pastoral-do-bom-jesus-participa-do-congresso-catequistas-brasil-2020.html\" \/>\n<meta property=\"og:locale\" content=\"pt_BR\" \/>\n<meta property=\"og:type\" content=\"article\" \/>\n<meta property=\"og:title\" content=\"Pastoral do Bom Jesus participa do Congresso Catequistas Brasil 2020 - Not\u00edcias - Franciscanos\" \/>\n<meta property=\"og:description\" content=\"Grupo Educacional Bom Jesus\" \/>\n<meta property=\"og:url\" content=\"https:\/\/franciscanos.org.br\/noticias\/pastoral-do-bom-jesus-participa-do-congresso-catequistas-brasil-2020.html\" \/>\n<meta property=\"og:site_name\" content=\"Not\u00edcias - Franciscanos\" \/>\n<meta property=\"article:published_time\" content=\"2020-02-11T20:56:19+00:00\" \/>\n<meta property=\"article:modified_time\" content=\"2020-02-12T13:35:04+00:00\" \/>\n<meta property=\"og:image\" content=\"https:\/\/franciscanos.org.br\/noticias\/wp-content\/uploads\/2020\/02\/bomjesus_1102d.jpg\" \/>\n\t<meta property=\"og:image:width\" content=\"273\" \/>\n\t<meta property=\"og:image:height\" content=\"181\" \/>\n\t<meta property=\"og:image:type\" content=\"image\/jpeg\" \/>\n<meta name=\"author\" content=\"moacir\" \/>\n<meta name=\"twitter:card\" content=\"summary_large_image\" \/>\n<meta name=\"twitter:label1\" content=\"Escrito por\" \/>\n\t<meta name=\"twitter:data1\" content=\"moacir\" \/>\n\t<meta name=\"twitter:label2\" content=\"Est. tempo de leitura\" \/>\n\t<meta name=\"twitter:data2\" content=\"5 minutos\" \/>\n<script type=\"application\/ld+json\" class=\"yoast-schema-graph\">{\"@context\":\"https:\/\/schema.org\",\"@graph\":[{\"@type\":\"WebSite\",\"@id\":\"https:\/\/franciscanos.org.br\/noticias\/#website\",\"url\":\"https:\/\/franciscanos.org.br\/noticias\/\",\"name\":\"Not\u00edcias - Franciscanos\",\"description\":\"Prov\u00edncia Franciscana da Imaculada Concei\u00e7\u00e3o do Brasil - Ordem dos Frades Menores - OFM\",\"potentialAction\":[{\"@type\":\"SearchAction\",\"target\":{\"@type\":\"EntryPoint\",\"urlTemplate\":\"https:\/\/franciscanos.org.br\/noticias\/?s={search_term_string}\"},\"query-input\":\"required name=search_term_string\"}],\"inLanguage\":\"pt-BR\"},{\"@type\":\"ImageObject\",\"inLanguage\":\"pt-BR\",\"@id\":\"https:\/\/franciscanos.org.br\/noticias\/pastoral-do-bom-jesus-participa-do-congresso-catequistas-brasil-2020.html#primaryimage\",\"url\":\"https:\/\/franciscanos.org.br\/noticias\/wp-content\/uploads\/2020\/02\/bomjesus_1102d.jpg\",\"contentUrl\":\"https:\/\/franciscanos.org.br\/noticias\/wp-content\/uploads\/2020\/02\/bomjesus_1102d.jpg\",\"width\":273,\"height\":181},{\"@type\":\"WebPage\",\"@id\":\"https:\/\/franciscanos.org.br\/noticias\/pastoral-do-bom-jesus-participa-do-congresso-catequistas-brasil-2020.html#webpage\",\"url\":\"https:\/\/franciscanos.org.br\/noticias\/pastoral-do-bom-jesus-participa-do-congresso-catequistas-brasil-2020.html\",\"name\":\"Pastoral do Bom Jesus participa do Congresso Catequistas Brasil 2020 - Not\u00edcias - Franciscanos\",\"isPartOf\":{\"@id\":\"https:\/\/franciscanos.org.br\/noticias\/#website\"},\"primaryImageOfPage\":{\"@id\":\"https:\/\/franciscanos.org.br\/noticias\/pastoral-do-bom-jesus-participa-do-congresso-catequistas-brasil-2020.html#primaryimage\"},\"datePublished\":\"2020-02-11T20:56:19+00:00\",\"dateModified\":\"2020-02-12T13:35:04+00:00\",\"author\":{\"@id\":\"https:\/\/franciscanos.org.br\/noticias\/#\/schema\/person\/b5c8cba458c330ccff548b056e95a5d4\"},\"breadcrumb\":{\"@id\":\"https:\/\/franciscanos.org.br\/noticias\/pastoral-do-bom-jesus-participa-do-congresso-catequistas-brasil-2020.html#breadcrumb\"},\"inLanguage\":\"pt-BR\",\"potentialAction\":[{\"@type\":\"ReadAction\",\"target\":[\"https:\/\/franciscanos.org.br\/noticias\/pastoral-do-bom-jesus-participa-do-congresso-catequistas-brasil-2020.html\"]}]},{\"@type\":\"BreadcrumbList\",\"@id\":\"https:\/\/franciscanos.org.br\/noticias\/pastoral-do-bom-jesus-participa-do-congresso-catequistas-brasil-2020.html#breadcrumb\",\"itemListElement\":[{\"@type\":\"ListItem\",\"position\":1,\"name\":\"Home\",\"item\":\"https:\/\/franciscanos.org.br\/noticias\"},{\"@type\":\"ListItem\",\"position\":2,\"name\":\"Pastoral do Bom Jesus participa do Congresso Catequistas Brasil 2020\"}]},{\"@type\":\"Person\",\"@id\":\"https:\/\/franciscanos.org.br\/noticias\/#\/schema\/person\/b5c8cba458c330ccff548b056e95a5d4\",\"name\":\"moacir\",\"image\":{\"@type\":\"ImageObject\",\"inLanguage\":\"pt-BR\",\"@id\":\"https:\/\/franciscanos.org.br\/noticias\/#\/schema\/person\/image\/\",\"url\":\"https:\/\/secure.gravatar.com\/avatar\/d08aa2ce4c8dd416d4479aa8536fcf64?s=96&d=mm&r=g\",\"contentUrl\":\"https:\/\/secure.gravatar.com\/avatar\/d08aa2ce4c8dd416d4479aa8536fcf64?s=96&d=mm&r=g\",\"caption\":\"moacir\"},\"url\":\"https:\/\/franciscanos.org.br\/noticias\/author\/moacir\"}]}<\/script>\n<!-- \/ Yoast SEO plugin. -->","yoast_head_json":{"title":"Pastoral do Bom Jesus participa do Congresso Catequistas Brasil 2020 - Not\u00edcias - Franciscanos","robots":{"index":"index","follow":"follow","max-snippet":"max-snippet:-1","max-image-preview":"max-image-preview:large","max-video-preview":"max-video-preview:-1"},"canonical":"https:\/\/franciscanos.org.br\/noticias\/pastoral-do-bom-jesus-participa-do-congresso-catequistas-brasil-2020.html","og_locale":"pt_BR","og_type":"article","og_title":"Pastoral do Bom Jesus participa do Congresso Catequistas Brasil 2020 - Not\u00edcias - Franciscanos","og_description":"Grupo Educacional Bom Jesus","og_url":"https:\/\/franciscanos.org.br\/noticias\/pastoral-do-bom-jesus-participa-do-congresso-catequistas-brasil-2020.html","og_site_name":"Not\u00edcias - Franciscanos","article_published_time":"2020-02-11T20:56:19+00:00","article_modified_time":"2020-02-12T13:35:04+00:00","og_image":[{"width":273,"height":181,"url":"https:\/\/franciscanos.org.br\/noticias\/wp-content\/uploads\/2020\/02\/bomjesus_1102d.jpg","type":"image\/jpeg"}],"author":"moacir","twitter_card":"summary_large_image","twitter_misc":{"Escrito por":"moacir","Est. tempo de leitura":"5 minutos"},"schema":{"@context":"https:\/\/schema.org","@graph":[{"@type":"WebSite","@id":"https:\/\/franciscanos.org.br\/noticias\/#website","url":"https:\/\/franciscanos.org.br\/noticias\/","name":"Not\u00edcias - Franciscanos","description":"Prov\u00edncia Franciscana da Imaculada Concei\u00e7\u00e3o do Brasil - Ordem dos Frades Menores - OFM","potentialAction":[{"@type":"SearchAction","target":{"@type":"EntryPoint","urlTemplate":"https:\/\/franciscanos.org.br\/noticias\/?s={search_term_string}"},"query-input":"required name=search_term_string"}],"inLanguage":"pt-BR"},{"@type":"ImageObject","inLanguage":"pt-BR","@id":"https:\/\/franciscanos.org.br\/noticias\/pastoral-do-bom-jesus-participa-do-congresso-catequistas-brasil-2020.html#primaryimage","url":"https:\/\/franciscanos.org.br\/noticias\/wp-content\/uploads\/2020\/02\/bomjesus_1102d.jpg","contentUrl":"https:\/\/franciscanos.org.br\/noticias\/wp-content\/uploads\/2020\/02\/bomjesus_1102d.jpg","width":273,"height":181},{"@type":"WebPage","@id":"https:\/\/franciscanos.org.br\/noticias\/pastoral-do-bom-jesus-participa-do-congresso-catequistas-brasil-2020.html#webpage","url":"https:\/\/franciscanos.org.br\/noticias\/pastoral-do-bom-jesus-participa-do-congresso-catequistas-brasil-2020.html","name":"Pastoral do Bom Jesus participa do Congresso Catequistas Brasil 2020 - Not\u00edcias - Franciscanos","isPartOf":{"@id":"https:\/\/franciscanos.org.br\/noticias\/#website"},"primaryImageOfPage":{"@id":"https:\/\/franciscanos.org.br\/noticias\/pastoral-do-bom-jesus-participa-do-congresso-catequistas-brasil-2020.html#primaryimage"},"datePublished":"2020-02-11T20:56:19+00:00","dateModified":"2020-02-12T13:35:04+00:00","author":{"@id":"https:\/\/franciscanos.org.br\/noticias\/#\/schema\/person\/b5c8cba458c330ccff548b056e95a5d4"},"breadcrumb":{"@id":"https:\/\/franciscanos.org.br\/noticias\/pastoral-do-bom-jesus-participa-do-congresso-catequistas-brasil-2020.html#breadcrumb"},"inLanguage":"pt-BR","potentialAction":[{"@type":"ReadAction","target":["https:\/\/franciscanos.org.br\/noticias\/pastoral-do-bom-jesus-participa-do-congresso-catequistas-brasil-2020.html"]}]},{"@type":"BreadcrumbList","@id":"https:\/\/franciscanos.org.br\/noticias\/pastoral-do-bom-jesus-participa-do-congresso-catequistas-brasil-2020.html#breadcrumb","itemListElement":[{"@type":"ListItem","position":1,"name":"Home","item":"https:\/\/franciscanos.org.br\/noticias"},{"@type":"ListItem","position":2,"name":"Pastoral do Bom Jesus participa do Congresso Catequistas Brasil 2020"}]},{"@type":"Person","@id":"https:\/\/franciscanos.org.br\/noticias\/#\/schema\/person\/b5c8cba458c330ccff548b056e95a5d4","name":"moacir","image":{"@type":"ImageObject","inLanguage":"pt-BR","@id":"https:\/\/franciscanos.org.br\/noticias\/#\/schema\/person\/image\/","url":"https:\/\/secure.gravatar.com\/avatar\/d08aa2ce4c8dd416d4479aa8536fcf64?s=96&d=mm&r=g","contentUrl":"https:\/\/secure.gravatar.com\/avatar\/d08aa2ce4c8dd416d4479aa8536fcf64?s=96&d=mm&r=g","caption":"moacir"},"url":"https:\/\/franciscanos.org.br\/noticias\/author\/moacir"}]}},"_links":{"self":[{"href":"https:\/\/franciscanos.org.br\/noticias\/wp-json\/wp\/v2\/posts\/219444"}],"collection":[{"href":"https:\/\/franciscanos.org.br\/noticias\/wp-json\/wp\/v2\/posts"}],"about":[{"href":"https:\/\/franciscanos.org.br\/noticias\/wp-json\/wp\/v2\/types\/post"}],"author":[{"embeddable":true,"href":"https:\/\/franciscanos.org.br\/noticias\/wp-json\/wp\/v2\/users\/3"}],"replies":[{"embeddable":true,"href":"https:\/\/franciscanos.org.br\/noticias\/wp-json\/wp\/v2\/comments?post=219444"}],"version-history":[{"count":0,"href":"https:\/\/franciscanos.org.br\/noticias\/wp-json\/wp\/v2\/posts\/219444\/revisions"}],"wp:featuredmedia":[{"embeddable":true,"href":"https:\/\/franciscanos.org.br\/noticias\/wp-json\/wp\/v2\/media\/219449"}],"wp:attachment":[{"href":"https:\/\/franciscanos.org.br\/noticias\/wp-json\/wp\/v2\/media?parent=219444"}],"wp:term":[{"taxonomy":"category","embeddable":true,"href":"https:\/\/franciscanos.org.br\/noticias\/wp-json\/wp\/v2\/categories?post=219444"},{"taxonomy":"post_tag","embeddable":true,"href":"https:\/\/franciscanos.org.br\/noticias\/wp-json\/wp\/v2\/tags?post=219444"}],"curies":[{"name":"wp","href":"https:\/\/api.w.org\/{rel}","templated":true}]}}