{"id":219438,"date":"2020-02-11T15:17:42","date_gmt":"2020-02-11T18:17:42","guid":{"rendered":"https:\/\/franciscanos.org.br\/noticias\/?p=219438"},"modified":"2020-02-11T15:17:42","modified_gmt":"2020-02-11T18:17:42","slug":"frei-gregorio-celebra-60-anos-de-sua-vesticao-religiosa","status":"publish","type":"post","link":"https:\/\/franciscanos.org.br\/noticias\/frei-gregorio-celebra-60-anos-de-sua-vesticao-religiosa.html","title":{"rendered":"Frei Greg\u00f3rio celebra 60 anos de sua vesti\u00e7\u00e3o religiosa"},"content":{"rendered":"<p><img loading=\"lazy\" class=\"alignnone size-full wp-image-219439\" src=\"https:\/\/franciscanos.org.br\/noticias\/wp-content\/uploads\/2020\/02\/greg.jpg\" alt=\"\" width=\"890\" height=\"510\" srcset=\"https:\/\/franciscanos.org.br\/noticias\/wp-content\/uploads\/2020\/02\/greg.jpg 890w, https:\/\/franciscanos.org.br\/noticias\/wp-content\/uploads\/2020\/02\/greg-450x258.jpg 450w, https:\/\/franciscanos.org.br\/noticias\/wp-content\/uploads\/2020\/02\/greg-768x440.jpg 768w, https:\/\/franciscanos.org.br\/noticias\/wp-content\/uploads\/2020\/02\/greg-150x86.jpg 150w\" sizes=\"(max-width: 890px) 100vw, 890px\" \/><\/p>\n<p>A Fraternidade do Convento S\u00e3o Boaventura se alegra pela vida e voca\u00e7\u00e3o de Frei Greg\u00f3rio Martins, que, nesta ter\u00e7a-feira (11\/02), celebra 60 anos de sua vesti\u00e7\u00e3o religiosa e, no dia 12 de fevereiro,\u00a0 59 de sua Primeira profiss\u00e3o. Os festejos come\u00e7aram com as celebra\u00e7\u00f5es lit\u00fargicas das <em>Laudes<\/em> e da Missa de A\u00e7\u00e3o de Gra\u00e7as presidida pelo guardi\u00e3o Frei Marcos Vinicius, que carinhosamente chamou \u00e0 frente o festejado e pediu que toda a Fraternidade, de m\u00e3os estendidas, invocasse a intercess\u00e3o de Nossa Senhora de Lurdes que hoje celebramos.<\/p>\n<p>Por fim, ap\u00f3s a Ora\u00e7\u00e3o do Meio-Dia foi cantando os Parab\u00e9ns, agradecendo ao Senhor a vida e voca\u00e7\u00e3o de nosso confrade. Pedimos ainda que a prote\u00e7\u00e3o de Nossa Senhora de Lurdes e de nosso Ser\u00e1fico Pai S\u00e3o Francisco possam recair sobre Frei Greg\u00f3rio para continuar louvando e bendizendo ao Senhor.<\/p>\n<p>Frei Greg\u00f3rio \u00e9 natural de Santo Amaro da Imperatriz, Santa Catarina. Nasceu no dia 6 de junho de 1943 e ingressou na Ordem dos Frades Menores no dia 11 de fevereiro de 1960. Fez a profiss\u00e3o solene no dia 1\u00ba de agosto de 1968. Em nossa Fraternidade colabora no cuidado do jardim e dos servi\u00e7os fraternos.<\/p>\n","protected":false},"excerpt":{"rendered":"<p>Fraternidade de Rondinha<\/p>\n","protected":false},"author":3,"featured_media":219440,"comment_status":"open","ping_status":"open","sticky":false,"template":"","format":"standard","meta":[],"categories":[1],"tags":[1590],"acf":[],"yoast_head":"<!-- This site is optimized with the Yoast SEO plugin v19.2 - https:\/\/yoast.com\/wordpress\/plugins\/seo\/ -->\n<title>Frei Greg\u00f3rio celebra 60 anos de sua vesti\u00e7\u00e3o religiosa - Not\u00edcias - Franciscanos<\/title>\n<meta name=\"robots\" content=\"index, follow, max-snippet:-1, max-image-preview:large, max-video-preview:-1\" \/>\n<link rel=\"canonical\" href=\"https:\/\/franciscanos.org.br\/noticias\/frei-gregorio-celebra-60-anos-de-sua-vesticao-religiosa.html\" \/>\n<meta property=\"og:locale\" content=\"pt_BR\" \/>\n<meta property=\"og:type\" content=\"article\" \/>\n<meta property=\"og:title\" content=\"Frei Greg\u00f3rio celebra 60 anos de sua vesti\u00e7\u00e3o religiosa - Not\u00edcias - Franciscanos\" \/>\n<meta property=\"og:description\" content=\"Fraternidade de Rondinha\" \/>\n<meta property=\"og:url\" content=\"https:\/\/franciscanos.org.br\/noticias\/frei-gregorio-celebra-60-anos-de-sua-vesticao-religiosa.html\" \/>\n<meta property=\"og:site_name\" content=\"Not\u00edcias - Franciscanos\" \/>\n<meta property=\"article:published_time\" content=\"2020-02-11T18:17:42+00:00\" \/>\n<meta property=\"og:image\" content=\"https:\/\/franciscanos.org.br\/noticias\/wp-content\/uploads\/2020\/02\/greg_1.jpg\" \/>\n\t<meta property=\"og:image:width\" content=\"273\" \/>\n\t<meta property=\"og:image:height\" content=\"181\" \/>\n\t<meta property=\"og:image:type\" content=\"image\/jpeg\" \/>\n<meta name=\"author\" content=\"moacir\" \/>\n<meta name=\"twitter:card\" content=\"summary_large_image\" \/>\n<meta name=\"twitter:label1\" content=\"Escrito por\" \/>\n\t<meta name=\"twitter:data1\" content=\"moacir\" \/>\n\t<meta name=\"twitter:label2\" content=\"Est. tempo de leitura\" \/>\n\t<meta name=\"twitter:data2\" content=\"1 minuto\" \/>\n<script type=\"application\/ld+json\" class=\"yoast-schema-graph\">{\"@context\":\"https:\/\/schema.org\",\"@graph\":[{\"@type\":\"WebSite\",\"@id\":\"https:\/\/franciscanos.org.br\/noticias\/#website\",\"url\":\"https:\/\/franciscanos.org.br\/noticias\/\",\"name\":\"Not\u00edcias - Franciscanos\",\"description\":\"Prov\u00edncia Franciscana da Imaculada Concei\u00e7\u00e3o do Brasil - Ordem dos Frades Menores - OFM\",\"potentialAction\":[{\"@type\":\"SearchAction\",\"target\":{\"@type\":\"EntryPoint\",\"urlTemplate\":\"https:\/\/franciscanos.org.br\/noticias\/?s={search_term_string}\"},\"query-input\":\"required name=search_term_string\"}],\"inLanguage\":\"pt-BR\"},{\"@type\":\"ImageObject\",\"inLanguage\":\"pt-BR\",\"@id\":\"https:\/\/franciscanos.org.br\/noticias\/frei-gregorio-celebra-60-anos-de-sua-vesticao-religiosa.html#primaryimage\",\"url\":\"https:\/\/franciscanos.org.br\/noticias\/wp-content\/uploads\/2020\/02\/greg_1.jpg\",\"contentUrl\":\"https:\/\/franciscanos.org.br\/noticias\/wp-content\/uploads\/2020\/02\/greg_1.jpg\",\"width\":273,\"height\":181},{\"@type\":\"WebPage\",\"@id\":\"https:\/\/franciscanos.org.br\/noticias\/frei-gregorio-celebra-60-anos-de-sua-vesticao-religiosa.html#webpage\",\"url\":\"https:\/\/franciscanos.org.br\/noticias\/frei-gregorio-celebra-60-anos-de-sua-vesticao-religiosa.html\",\"name\":\"Frei Greg\u00f3rio celebra 60 anos de sua vesti\u00e7\u00e3o religiosa - Not\u00edcias - Franciscanos\",\"isPartOf\":{\"@id\":\"https:\/\/franciscanos.org.br\/noticias\/#website\"},\"primaryImageOfPage\":{\"@id\":\"https:\/\/franciscanos.org.br\/noticias\/frei-gregorio-celebra-60-anos-de-sua-vesticao-religiosa.html#primaryimage\"},\"datePublished\":\"2020-02-11T18:17:42+00:00\",\"dateModified\":\"2020-02-11T18:17:42+00:00\",\"author\":{\"@id\":\"https:\/\/franciscanos.org.br\/noticias\/#\/schema\/person\/b5c8cba458c330ccff548b056e95a5d4\"},\"breadcrumb\":{\"@id\":\"https:\/\/franciscanos.org.br\/noticias\/frei-gregorio-celebra-60-anos-de-sua-vesticao-religiosa.html#breadcrumb\"},\"inLanguage\":\"pt-BR\",\"potentialAction\":[{\"@type\":\"ReadAction\",\"target\":[\"https:\/\/franciscanos.org.br\/noticias\/frei-gregorio-celebra-60-anos-de-sua-vesticao-religiosa.html\"]}]},{\"@type\":\"BreadcrumbList\",\"@id\":\"https:\/\/franciscanos.org.br\/noticias\/frei-gregorio-celebra-60-anos-de-sua-vesticao-religiosa.html#breadcrumb\",\"itemListElement\":[{\"@type\":\"ListItem\",\"position\":1,\"name\":\"Home\",\"item\":\"https:\/\/franciscanos.org.br\/noticias\"},{\"@type\":\"ListItem\",\"position\":2,\"name\":\"Frei Greg\u00f3rio celebra 60 anos de sua vesti\u00e7\u00e3o religiosa\"}]},{\"@type\":\"Person\",\"@id\":\"https:\/\/franciscanos.org.br\/noticias\/#\/schema\/person\/b5c8cba458c330ccff548b056e95a5d4\",\"name\":\"moacir\",\"image\":{\"@type\":\"ImageObject\",\"inLanguage\":\"pt-BR\",\"@id\":\"https:\/\/franciscanos.org.br\/noticias\/#\/schema\/person\/image\/\",\"url\":\"https:\/\/secure.gravatar.com\/avatar\/d08aa2ce4c8dd416d4479aa8536fcf64?s=96&d=mm&r=g\",\"contentUrl\":\"https:\/\/secure.gravatar.com\/avatar\/d08aa2ce4c8dd416d4479aa8536fcf64?s=96&d=mm&r=g\",\"caption\":\"moacir\"},\"url\":\"https:\/\/franciscanos.org.br\/noticias\/author\/moacir\"}]}<\/script>\n<!-- \/ Yoast SEO plugin. -->","yoast_head_json":{"title":"Frei Greg\u00f3rio celebra 60 anos de sua vesti\u00e7\u00e3o religiosa - Not\u00edcias - Franciscanos","robots":{"index":"index","follow":"follow","max-snippet":"max-snippet:-1","max-image-preview":"max-image-preview:large","max-video-preview":"max-video-preview:-1"},"canonical":"https:\/\/franciscanos.org.br\/noticias\/frei-gregorio-celebra-60-anos-de-sua-vesticao-religiosa.html","og_locale":"pt_BR","og_type":"article","og_title":"Frei Greg\u00f3rio celebra 60 anos de sua vesti\u00e7\u00e3o religiosa - Not\u00edcias - Franciscanos","og_description":"Fraternidade de Rondinha","og_url":"https:\/\/franciscanos.org.br\/noticias\/frei-gregorio-celebra-60-anos-de-sua-vesticao-religiosa.html","og_site_name":"Not\u00edcias - Franciscanos","article_published_time":"2020-02-11T18:17:42+00:00","og_image":[{"width":273,"height":181,"url":"https:\/\/franciscanos.org.br\/noticias\/wp-content\/uploads\/2020\/02\/greg_1.jpg","type":"image\/jpeg"}],"author":"moacir","twitter_card":"summary_large_image","twitter_misc":{"Escrito por":"moacir","Est. tempo de leitura":"1 minuto"},"schema":{"@context":"https:\/\/schema.org","@graph":[{"@type":"WebSite","@id":"https:\/\/franciscanos.org.br\/noticias\/#website","url":"https:\/\/franciscanos.org.br\/noticias\/","name":"Not\u00edcias - Franciscanos","description":"Prov\u00edncia Franciscana da Imaculada Concei\u00e7\u00e3o do Brasil - Ordem dos Frades Menores - OFM","potentialAction":[{"@type":"SearchAction","target":{"@type":"EntryPoint","urlTemplate":"https:\/\/franciscanos.org.br\/noticias\/?s={search_term_string}"},"query-input":"required name=search_term_string"}],"inLanguage":"pt-BR"},{"@type":"ImageObject","inLanguage":"pt-BR","@id":"https:\/\/franciscanos.org.br\/noticias\/frei-gregorio-celebra-60-anos-de-sua-vesticao-religiosa.html#primaryimage","url":"https:\/\/franciscanos.org.br\/noticias\/wp-content\/uploads\/2020\/02\/greg_1.jpg","contentUrl":"https:\/\/franciscanos.org.br\/noticias\/wp-content\/uploads\/2020\/02\/greg_1.jpg","width":273,"height":181},{"@type":"WebPage","@id":"https:\/\/franciscanos.org.br\/noticias\/frei-gregorio-celebra-60-anos-de-sua-vesticao-religiosa.html#webpage","url":"https:\/\/franciscanos.org.br\/noticias\/frei-gregorio-celebra-60-anos-de-sua-vesticao-religiosa.html","name":"Frei Greg\u00f3rio celebra 60 anos de sua vesti\u00e7\u00e3o religiosa - Not\u00edcias - Franciscanos","isPartOf":{"@id":"https:\/\/franciscanos.org.br\/noticias\/#website"},"primaryImageOfPage":{"@id":"https:\/\/franciscanos.org.br\/noticias\/frei-gregorio-celebra-60-anos-de-sua-vesticao-religiosa.html#primaryimage"},"datePublished":"2020-02-11T18:17:42+00:00","dateModified":"2020-02-11T18:17:42+00:00","author":{"@id":"https:\/\/franciscanos.org.br\/noticias\/#\/schema\/person\/b5c8cba458c330ccff548b056e95a5d4"},"breadcrumb":{"@id":"https:\/\/franciscanos.org.br\/noticias\/frei-gregorio-celebra-60-anos-de-sua-vesticao-religiosa.html#breadcrumb"},"inLanguage":"pt-BR","potentialAction":[{"@type":"ReadAction","target":["https:\/\/franciscanos.org.br\/noticias\/frei-gregorio-celebra-60-anos-de-sua-vesticao-religiosa.html"]}]},{"@type":"BreadcrumbList","@id":"https:\/\/franciscanos.org.br\/noticias\/frei-gregorio-celebra-60-anos-de-sua-vesticao-religiosa.html#breadcrumb","itemListElement":[{"@type":"ListItem","position":1,"name":"Home","item":"https:\/\/franciscanos.org.br\/noticias"},{"@type":"ListItem","position":2,"name":"Frei Greg\u00f3rio celebra 60 anos de sua vesti\u00e7\u00e3o religiosa"}]},{"@type":"Person","@id":"https:\/\/franciscanos.org.br\/noticias\/#\/schema\/person\/b5c8cba458c330ccff548b056e95a5d4","name":"moacir","image":{"@type":"ImageObject","inLanguage":"pt-BR","@id":"https:\/\/franciscanos.org.br\/noticias\/#\/schema\/person\/image\/","url":"https:\/\/secure.gravatar.com\/avatar\/d08aa2ce4c8dd416d4479aa8536fcf64?s=96&d=mm&r=g","contentUrl":"https:\/\/secure.gravatar.com\/avatar\/d08aa2ce4c8dd416d4479aa8536fcf64?s=96&d=mm&r=g","caption":"moacir"},"url":"https:\/\/franciscanos.org.br\/noticias\/author\/moacir"}]}},"_links":{"self":[{"href":"https:\/\/franciscanos.org.br\/noticias\/wp-json\/wp\/v2\/posts\/219438"}],"collection":[{"href":"https:\/\/franciscanos.org.br\/noticias\/wp-json\/wp\/v2\/posts"}],"about":[{"href":"https:\/\/franciscanos.org.br\/noticias\/wp-json\/wp\/v2\/types\/post"}],"author":[{"embeddable":true,"href":"https:\/\/franciscanos.org.br\/noticias\/wp-json\/wp\/v2\/users\/3"}],"replies":[{"embeddable":true,"href":"https:\/\/franciscanos.org.br\/noticias\/wp-json\/wp\/v2\/comments?post=219438"}],"version-history":[{"count":0,"href":"https:\/\/franciscanos.org.br\/noticias\/wp-json\/wp\/v2\/posts\/219438\/revisions"}],"wp:featuredmedia":[{"embeddable":true,"href":"https:\/\/franciscanos.org.br\/noticias\/wp-json\/wp\/v2\/media\/219440"}],"wp:attachment":[{"href":"https:\/\/franciscanos.org.br\/noticias\/wp-json\/wp\/v2\/media?parent=219438"}],"wp:term":[{"taxonomy":"category","embeddable":true,"href":"https:\/\/franciscanos.org.br\/noticias\/wp-json\/wp\/v2\/categories?post=219438"},{"taxonomy":"post_tag","embeddable":true,"href":"https:\/\/franciscanos.org.br\/noticias\/wp-json\/wp\/v2\/tags?post=219438"}],"curies":[{"name":"wp","href":"https:\/\/api.w.org\/{rel}","templated":true}]}}