{"id":218875,"date":"2020-02-13T00:40:16","date_gmt":"2020-02-13T03:40:16","guid":{"rendered":"https:\/\/franciscanos.org.br\/noticias\/?p=218875"},"modified":"2020-02-13T07:12:07","modified_gmt":"2020-02-13T10:12:07","slug":"santo-para-os-xaxienses-frei-bruno-e-celebrado-neste-domingo","status":"publish","type":"post","link":"https:\/\/franciscanos.org.br\/noticias\/santo-para-os-xaxienses-frei-bruno-e-celebrado-neste-domingo.html","title":{"rendered":"Santo para os xaxienses, Frei Bruno \u00e9 celebrado neste domingo"},"content":{"rendered":"<p><img loading=\"lazy\" class=\"alignnone size-full wp-image-218876\" src=\"https:\/\/franciscanos.org.br\/noticias\/wp-content\/uploads\/2020\/02\/bruno_1002.jpg\" alt=\"\" width=\"1280\" height=\"960\" srcset=\"https:\/\/franciscanos.org.br\/noticias\/wp-content\/uploads\/2020\/02\/bruno_1002.jpg 1280w, https:\/\/franciscanos.org.br\/noticias\/wp-content\/uploads\/2020\/02\/bruno_1002-450x338.jpg 450w, https:\/\/franciscanos.org.br\/noticias\/wp-content\/uploads\/2020\/02\/bruno_1002-1024x768.jpg 1024w, https:\/\/franciscanos.org.br\/noticias\/wp-content\/uploads\/2020\/02\/bruno_1002-768x576.jpg 768w, https:\/\/franciscanos.org.br\/noticias\/wp-content\/uploads\/2020\/02\/bruno_1002-150x113.jpg 150w, https:\/\/franciscanos.org.br\/noticias\/wp-content\/uploads\/2020\/02\/bruno_1002-600x450.jpg 600w\" sizes=\"(max-width: 1280px) 100vw, 1280px\" \/><\/p>\n<p><strong>Moacir Beggo<\/strong><\/p>\n<p>Em Xaxim, cidade do Oeste Catarinense, um frade franciscano deixou sua marca de santidade. Por isso \u00e9 muito comum encontrar seu nome em pra\u00e7a, no hospital, no com\u00e9rcio e em um dos bairros. Na pra\u00e7a da Matriz S\u00e3o Luiz Gonzaga, que leva seu nome, seu busto est\u00e1 num cantinho muito procurado e n\u00e3o \u00e9 diferente com a imagem do lado da igreja. Frei Bruno Linden \u00e9 esse frade venerado, um mission\u00e1rio alem\u00e3o que chegou ao Brasil em 1894 e que hoje tamb\u00e9m ganhou a principal festa religiosa em sua mem\u00f3ria. &#8220;Hoje \u00e9 a maior festa religiosa da Par\u00f3quia&#8221;, explica o p\u00e1roco Frei Gilson Kammer, lembrando que no ano outras duas festas s\u00e3o realizadas: a do Padroeiro e de Nossa Senhora da Sa\u00fade.<\/p>\n<p>Neste ano, os paroquianos e os frades se desdobraram para garantir as festividades que come\u00e7aram com as Miss\u00f5es Franciscanas da Juventude, no in\u00edcio de fevereiro, e continuar\u00e3o com a Festa de Frei Bruno e com a ordena\u00e7\u00e3o presbiteral de Frei Evaldo Ludwig, de 13 a 16 de fevereiro na Matriz S\u00e3o Luiz Gonzaga. No domingo, a Missa Solene da Festa de Frei Bruno, \u00e0s 10 horas, ser\u00e1 tamb\u00e9m a Primeira Missa do novo presb\u00edtero. Esta celebra\u00e7\u00e3o tamb\u00e9m ser\u00e1 marcada pelo acolhimento de 110 novos coroinhas que servir\u00e3o nas Comunidades da Par\u00f3quia. O diferencial ser\u00e1 o uniforme deles que imita o h\u00e1bito franciscano. Os novos &#8220;francisquinhos e frascisquinhas&#8221; ser\u00e3o acolhidos pelo p\u00e1roco, aben\u00e7oados e enviados em miss\u00e3o para as suas comunidades.<\/p>\n<p><img loading=\"lazy\" class=\"alignnone wp-image-218877 size-full\" src=\"https:\/\/franciscanos.org.br\/noticias\/wp-content\/uploads\/2020\/02\/bruno_1002_3.jpg\" alt=\"\" width=\"1280\" height=\"623\" srcset=\"https:\/\/franciscanos.org.br\/noticias\/wp-content\/uploads\/2020\/02\/bruno_1002_3.jpg 1280w, https:\/\/franciscanos.org.br\/noticias\/wp-content\/uploads\/2020\/02\/bruno_1002_3-450x219.jpg 450w, https:\/\/franciscanos.org.br\/noticias\/wp-content\/uploads\/2020\/02\/bruno_1002_3-1024x498.jpg 1024w, https:\/\/franciscanos.org.br\/noticias\/wp-content\/uploads\/2020\/02\/bruno_1002_3-768x374.jpg 768w, https:\/\/franciscanos.org.br\/noticias\/wp-content\/uploads\/2020\/02\/bruno_1002_3-150x73.jpg 150w\" sizes=\"(max-width: 1280px) 100vw, 1280px\" \/><\/p>\n<p><em>\u00daltimo ensaio com os coroinhas no s\u00e1bado passado para a festa deste domingo<\/em><\/p>\n<p>&#8220;A festa e todas as grandes a\u00e7\u00f5es de evangeliza\u00e7\u00e3o deste ano est\u00e3o no contexto do ano jubilar, nesse esp\u00edrito de j\u00fabilo e gratid\u00e3o, mas tamb\u00e9m de celebra\u00e7\u00e3o e perspectiva de continuidade da evangeliza\u00e7\u00e3o na caminhada&#8221;, diz Frei Gilson, recordando que a Par\u00f3quia S\u00e3o Luiz Gonzaga celebra 80 anos de sua cria\u00e7\u00e3o. Segundo o p\u00e1roco, a oitava edi\u00e7\u00e3o da festa de Frei Bruno tamb\u00e9m vem a ser um acontecimento importante neste jubileu para rememorar e partilhar esse carinho que todo o povo tem por Frei Bruno. &#8220;\u00c9 muito comum a gente ouvir as fam\u00edlias, principalmente as pessoas de mais idade, dizendo que fizeram a primeira Eucaristia, foram batizadas ou foram casadas por Frei Bruno. Al\u00e9m da grande festa social, vamos dizer assim, um dos objetivos da equipe organizadora \u00e9 o de dar um enfoque \u00e0 parte religiosa. Ent\u00e3o,\u00a0quando a parte religiosa \u00e9 bem celebrada, a social e a financeira v\u00eam como consequ\u00eancia disso&#8221;, avalia o frade.<\/p>\n<p>Frei Gilson lembra tamb\u00e9m que este ano a mem\u00f3ria de Frei Bruno ter\u00e1 dupla celebra\u00e7\u00e3o: Os 60 anos da morte de Frei Bruno (ele faleceu no dia 25 de fevereiro de 1960) e os 30 anos da Caminhada Penitencial de Frei Bruno, em Joa\u00e7aba, onde foi sepultado o Servo de Deus. &#8220;Aqui, o Frei Bruno \u00e9 lembrado pelas fam\u00edlias como homem de ora\u00e7\u00e3o, como homem que levou o Evangelho, viveu o Evangelho na sua pr\u00f3pria vida e se tornou modelo para as fam\u00edlias, para os paroquianos. As pessoas ainda guardam com muito carinho essa recorda\u00e7\u00e3o. Falam de sua presen\u00e7a com muita gratid\u00e3o. Nessa sintonia com Frei Bruno, a gente recorda todo o trabalho, toda a miss\u00e3o de tantos frades que passaram nesses oitenta anos da Par\u00f3quia. Com Frei Bruno e Frei Pl\u00e1cido, talvez os personagens principais dessa hist\u00f3ria, e que iniciaram essa caminhada, tantos frades vieram atr\u00e1s. Ent\u00e3o, queremos com esta festa lembrar isso e, para os mais novos, apresentar aquilo que talvez os seus pais e av\u00f3s vivenciaram e continuam animando a vida de f\u00e9 dessas pessoas&#8221;, acredita Frei Gilson.<\/p>\n<p><img loading=\"lazy\" class=\"alignnone size-full wp-image-218878\" src=\"https:\/\/franciscanos.org.br\/noticias\/wp-content\/uploads\/2020\/02\/bruno_1002_6.jpg\" alt=\"\" width=\"1280\" height=\"856\" srcset=\"https:\/\/franciscanos.org.br\/noticias\/wp-content\/uploads\/2020\/02\/bruno_1002_6.jpg 1280w, https:\/\/franciscanos.org.br\/noticias\/wp-content\/uploads\/2020\/02\/bruno_1002_6-450x301.jpg 450w, https:\/\/franciscanos.org.br\/noticias\/wp-content\/uploads\/2020\/02\/bruno_1002_6-1024x685.jpg 1024w, https:\/\/franciscanos.org.br\/noticias\/wp-content\/uploads\/2020\/02\/bruno_1002_6-768x514.jpg 768w, https:\/\/franciscanos.org.br\/noticias\/wp-content\/uploads\/2020\/02\/bruno_1002_6-150x100.jpg 150w\" sizes=\"(max-width: 1280px) 100vw, 1280px\" \/><\/p>\n<p><em>Frei Gilson: &#8220;As crian\u00e7as tamb\u00e9m evangelizam a partir do seu trabalho na catequese&#8221;.<\/em><\/p>\n<p><strong>OS &#8220;FRANCISQUINHOS&#8221;<\/strong><\/p>\n<p>Segundo o p\u00e1roco, os coroinhas entram nessa din\u00e2mica de motiva\u00e7\u00e3o e inser\u00e7\u00e3o da hist\u00f3ria da presen\u00e7a franciscana em Xaxim. &#8220;As crian\u00e7as tamb\u00e9m evangelizam a partir do seu trabalho na catequese. Ent\u00e3o, n\u00e3o \u00e9 uma pastoral nova ou uma pastoral que a gente est\u00e1 inventando do nada, mas \u00e9 algo que vai contribuir para o crescimento humano dessas pessoas. Aquilo que elas vivenciam na catequese, poder\u00e3o colocar em pr\u00e1tica, principalmente, no servi\u00e7o do altar, da Palavra, e da comunidade em si&#8221;, explica Frei Gilson.<\/p>\n<div id=\"attachment_219825\" style=\"width: 510px\" class=\"wp-caption alignright\"><img aria-describedby=\"caption-attachment-219825\" loading=\"lazy\" class=\"wp-image-219825 size-full\" src=\"https:\/\/franciscanos.org.br\/noticias\/wp-content\/uploads\/2020\/02\/post_guara.jpg\" alt=\"\" width=\"500\" height=\"279\" srcset=\"https:\/\/franciscanos.org.br\/noticias\/wp-content\/uploads\/2020\/02\/post_guara.jpg 500w, https:\/\/franciscanos.org.br\/noticias\/wp-content\/uploads\/2020\/02\/post_guara-450x251.jpg 450w, https:\/\/franciscanos.org.br\/noticias\/wp-content\/uploads\/2020\/02\/post_guara-150x84.jpg 150w\" sizes=\"(max-width: 500px) 100vw, 500px\" \/><p id=\"caption-attachment-219825\" class=\"wp-caption-text\"><em>Os postulantes Felipe e Samuel iniciaram a forma\u00e7\u00e3o dos coroinhas<\/em><\/p><\/div>\n<p>&#8220;Com toda certeza, estamos ainda repletos das l\u00e1grimas de emo\u00e7\u00e3o, de alegria e de contentamento pelos 800 jovens que estiveram aqui com a gente, com tantas outras fam\u00edlias e jovens que se engajaram nas Miss\u00f5es Franciscanas da Juventude. Tudo isso mostra que dentro da festa temos condi\u00e7\u00f5es de ser Igreja viva com as crian\u00e7as, com os jovens, com os adultos. Ou seja, todo mundo forma a Igreja viva, a Igreja que est\u00e1 presente em todos os lugares, mesmo os mais distantes e com poucas fam\u00edlias&#8221;, acrescentou o frade.<\/p>\n<p>Segundo o p\u00e1roco, h\u00e1 muitos anos n\u00e3o havia forma\u00e7\u00e3o para novos coroinhas. &#8220;Ent\u00e3o, no ano passado, a gente conversou entre n\u00f3s, frades, e conversamos com algumas lideran\u00e7as sobre a possibilidade de ativar essa Pastoral. Todo mundo aprovou. Com os dois aspirantes que fizeram o est\u00e1gio aqui e que agora s\u00e3o postulantes, o Felipe Luiz Mendon\u00e7a e Samuel Correa Ribeiro, demos in\u00edcio \u00e0 forma\u00e7\u00e3o em todas as comunidades, oferecendo informa\u00e7\u00f5es b\u00e1sicas de como servir. Fizeram tamb\u00e9m um livreto como guia e entregaram para cada fam\u00edlia. V\u00e1rias comunidades ficaram felizes com esta a\u00e7\u00e3o evangelizadora que movimentou a crian\u00e7ada&#8221;, avaliou Frei Gilson.<\/p>\n<p>Por ser uma par\u00f3quia franciscana, que est\u00e1 vivendo esse ano jubilar na Festa de Frei Bruno, os coroinhas usar\u00e3o as vestes de S\u00e3o Francisco e de Santa Clara. &#8220;E aqui tamb\u00e9m, dentro dos 80 anos, \u00e9 uma maneira de representar e mostrar o carisma franciscano. O h\u00e1bito, diz o ditado, n\u00e3o faz o monge, mas mostra esse esp\u00edrito com que Frei Bruno e tantos outros frades caminharam por essas terras. Essas crian\u00e7as nos lembram isso a partir da veste&#8221;, esclareceu.<\/p>\n<p><img loading=\"lazy\" class=\"alignnone size-full wp-image-218879\" src=\"https:\/\/franciscanos.org.br\/noticias\/wp-content\/uploads\/2020\/02\/bruno_1002_1.jpg\" alt=\"\" width=\"1280\" height=\"893\" srcset=\"https:\/\/franciscanos.org.br\/noticias\/wp-content\/uploads\/2020\/02\/bruno_1002_1.jpg 1280w, https:\/\/franciscanos.org.br\/noticias\/wp-content\/uploads\/2020\/02\/bruno_1002_1-450x314.jpg 450w, https:\/\/franciscanos.org.br\/noticias\/wp-content\/uploads\/2020\/02\/bruno_1002_1-1024x714.jpg 1024w, https:\/\/franciscanos.org.br\/noticias\/wp-content\/uploads\/2020\/02\/bruno_1002_1-768x536.jpg 768w, https:\/\/franciscanos.org.br\/noticias\/wp-content\/uploads\/2020\/02\/bruno_1002_1-150x105.jpg 150w, https:\/\/franciscanos.org.br\/noticias\/wp-content\/uploads\/2020\/02\/bruno_1002_1-474x332.jpg 474w\" sizes=\"(max-width: 1280px) 100vw, 1280px\" \/><\/p>\n<p><strong>TESTEMUNHOS<\/strong><\/p>\n<p>O sr. Adelino Zanchet rezava diante da imagem de Frei Bruno na pra\u00e7a da Matriz no s\u00e1bado de manh\u00e3 (08\/2). Aos 96 anos, l\u00facido, seu Adelino tem dificuldades de locomo\u00e7\u00e3o e a filha Ivete o trouxe. Ele gosta de rezar para aquele que j\u00e1 \u00e9 &#8220;santo&#8221;, por tudo o que fez para as pessoas e para a Igreja de Xaxim.<\/p>\n<p>Ele lembra que Frei Bruno era incans\u00e1vel na visita \u00e0s fam\u00edlias, n\u00e3o importasse os rinc\u00f5es rurais do munic\u00edpio. Sr. Adelino gosta de ilustrar essa santidade de Frei Bruno com hist\u00f3rias, que correm de gera\u00e7\u00f5es em gera\u00e7\u00f5es. Segundo ele, antes de se casar, Frei Bruno curou uma jovem que estava possu\u00edda por um esp\u00edrito mau. &#8220;Ela n\u00e3o deixava ele aben\u00e7o\u00e1-la. Derrubava os bancos da igreja e n\u00e3o parava. Frei Bruno, ent\u00e3o, foi para a sacristia, pediu que deixassem ela olhando para o sacr\u00e1rio e ele saiu da igreja para entrar por tr\u00e1s e chegar perto dela, podendo dar a b\u00ean\u00e7\u00e3o. A menina, que era de Rio Grande, ficou curada, casou-se e teve filhos&#8221;, recordou.<\/p>\n<p><img loading=\"lazy\" class=\"alignnone size-full wp-image-218880\" src=\"https:\/\/franciscanos.org.br\/noticias\/wp-content\/uploads\/2020\/02\/bruno_1002_2.jpg\" alt=\"\" width=\"1280\" height=\"1225\" srcset=\"https:\/\/franciscanos.org.br\/noticias\/wp-content\/uploads\/2020\/02\/bruno_1002_2.jpg 1280w, https:\/\/franciscanos.org.br\/noticias\/wp-content\/uploads\/2020\/02\/bruno_1002_2-450x431.jpg 450w, https:\/\/franciscanos.org.br\/noticias\/wp-content\/uploads\/2020\/02\/bruno_1002_2-1024x980.jpg 1024w, https:\/\/franciscanos.org.br\/noticias\/wp-content\/uploads\/2020\/02\/bruno_1002_2-768x735.jpg 768w, https:\/\/franciscanos.org.br\/noticias\/wp-content\/uploads\/2020\/02\/bruno_1002_2-150x144.jpg 150w\" sizes=\"(max-width: 1280px) 100vw, 1280px\" \/><\/p>\n<p><em>O sr. Adelino vem sempre fazer uma ora\u00e7\u00e3o diante do busto de Frei Bruno. Boas lembran\u00e7as do &#8216;frei santo&#8217;.<\/em><\/p>\n<p>&#8220;Lembro sempre dele. Algumas vezes ele ia a cavalo, mas preferia mesmo caminhar&#8221;, recordou sr. Adelino. Segundo ele, uma vez, Frei Bruno precisava atravessar o rio para ir a uma comunidade e passou por um campo de futebol. &#8220;A &#8216;piazada&#8217; disse para ele n\u00e3o chegar perto do rio porque estava cheio. Ele respondeu: &#8216;Eu vou ver se d\u00e1 para passar, sen\u00e3o eu volto&#8217;. Ele foi l\u00e1 e quando a &#8216;piazada&#8217; olhou, ele estava do outro lado e nem tinha o sapato molhado&#8221;. Seu Adelino contou tamb\u00e9m que dois jagun\u00e7os assaltaram Frei Bruno em uma de suas viagens. Ele pediu que n\u00e3o fizessem nada e que pegaria o dinheiro. Pegou um crucifixo do bolso e mostrou para os assaltantes, que sa\u00edram correndo&#8221;, disse com alegria. Frei Bruno casou seu Adelino, que viveu com sua esposa por 72 anos. Ela faleceu h\u00e1 sete meses, aos 94 anos. Para ele, o Vaticano vai &#8220;santific\u00e1-lo porque ele \u00e9 santo&#8221;. E n\u00e3o tem d\u00favida.<\/p>\n<p>No \u00faltimo dia 17 de dezembro, o Vaticano divulgou um comunicado assinado pelo Prefeito da Congrega\u00e7\u00e3o para as Causas dos Santos, Dom Giovanni Angelo Becciu, informando que a documenta\u00e7\u00e3o enviada para processo diocesano da Causa de Frei Bruno Linden foi aprovada. Em breve Frei Bruno ser\u00e1 declarado Vener\u00e1vel.<\/p>\n<p>A aprova\u00e7\u00e3o da Congrega\u00e7\u00e3o para as Causas dos Santos para a abertura do processo foi dada no dia 7 de maio de 2013. No dia 30 de outubro de 2013, o bispo diocesano de Joa\u00e7aba, D. M\u00e1rio Marquez, nomeou e instalou o Tribunal Eclesi\u00e1stico. Desde ent\u00e3o, o Tribunal trabalhou na elabora\u00e7\u00e3o do processo, do qual constam os documentos oficiais necess\u00e1rios para a sua abertura: 33 depoimentos de pessoas que conheceram e conviveram com Frei Bruno; uma biografia completa, acompanhada de documentos hist\u00f3ricos; os escritos de Frei Bruno, acompanhados de uma avalia\u00e7\u00e3o teol\u00f3gica. No total, foram anexadas 5.000 folhas aos autos do processo, que foi enviado \u00e0 Congrega\u00e7\u00e3o para as Causas dos Santos no dia 25 de fevereiro de 2018.<\/p>\n<p><img loading=\"lazy\" class=\"alignnone size-full wp-image-218881\" src=\"https:\/\/franciscanos.org.br\/noticias\/wp-content\/uploads\/2020\/02\/bruno_1002_7-scaled.jpg\" alt=\"\" width=\"1920\" height=\"932\" srcset=\"https:\/\/franciscanos.org.br\/noticias\/wp-content\/uploads\/2020\/02\/bruno_1002_7-scaled.jpg 1920w, https:\/\/franciscanos.org.br\/noticias\/wp-content\/uploads\/2020\/02\/bruno_1002_7-450x218.jpg 450w, https:\/\/franciscanos.org.br\/noticias\/wp-content\/uploads\/2020\/02\/bruno_1002_7-1024x497.jpg 1024w, https:\/\/franciscanos.org.br\/noticias\/wp-content\/uploads\/2020\/02\/bruno_1002_7-768x373.jpg 768w, https:\/\/franciscanos.org.br\/noticias\/wp-content\/uploads\/2020\/02\/bruno_1002_7-1536x745.jpg 1536w, https:\/\/franciscanos.org.br\/noticias\/wp-content\/uploads\/2020\/02\/bruno_1002_7-2048x994.jpg 2048w, https:\/\/franciscanos.org.br\/noticias\/wp-content\/uploads\/2020\/02\/bruno_1002_7-150x73.jpg 150w\" sizes=\"(max-width: 1920px) 100vw, 1920px\" \/><\/p>\n<p>&#8220;A partir de agora, um encarregado vai ler e julgar se realmente esses depoimentos justificam que Frei Bruno tenha vivido as virtudes em grau heroico. Terminado isso, que vai levar certamente alguns meses, Frei Bruno ser\u00e1 praticamente declarado Vener\u00e1vel, como espera o povo&#8221;, explicou o vice-postulador Frei Est\u00eav\u00e3o Ottenbreit. O passo seguinte, \u00e9 fazer a <em>Positio<\/em>, um resumo de todo o processo diocesano em forma de livro. &#8220;Outro resumo ser\u00e1 feito para os cardeais julgarem a causa. Tendo o reconhecimento de um milagre, o pr\u00f3ximo passo ser\u00e1 a beatifica\u00e7\u00e3o&#8221;, diz Frei Est\u00eav\u00e3o.<\/p>\n<p>Esse encontro de Frei Bruno com Xaxim come\u00e7a em 1945, quando foi transferido para Esteves Junior. No final do mesmo ano, veio para Xaxim, onde, por 6 anos, foi superior e p\u00e1roco. Ficou em Xaxim por mais 3 anos como coadjutor. Quando completou 80 anos, foi transferido para Joa\u00e7aba. Era o ano de 1956. O trabalho sem descanso, as longas caminhadas marcaram o velho frade e lhe deixaram sua sa\u00fade mais fragilizada. Por recomenda\u00e7\u00e3o do provincial, foi para Luzerna para um repouso for\u00e7ado. Jamais Frei Bruno pensou em descansar, estava sempre em busca de oportunidades de fazer o bem. Sentindo-se bem melhor, Frei Bruno retornou a Joa\u00e7aba, onde ficou seus \u00faltimos 4 anos de vida. Morreu com fama de santidade no dia 25 de fevereiro de 1960.<\/p>\n<p><img loading=\"lazy\" class=\"alignnone size-full wp-image-218882\" src=\"https:\/\/franciscanos.org.br\/noticias\/wp-content\/uploads\/2020\/02\/bruno_1002_4.jpg\" alt=\"\" width=\"1280\" height=\"960\" srcset=\"https:\/\/franciscanos.org.br\/noticias\/wp-content\/uploads\/2020\/02\/bruno_1002_4.jpg 1280w, https:\/\/franciscanos.org.br\/noticias\/wp-content\/uploads\/2020\/02\/bruno_1002_4-450x338.jpg 450w, https:\/\/franciscanos.org.br\/noticias\/wp-content\/uploads\/2020\/02\/bruno_1002_4-1024x768.jpg 1024w, https:\/\/franciscanos.org.br\/noticias\/wp-content\/uploads\/2020\/02\/bruno_1002_4-768x576.jpg 768w, https:\/\/franciscanos.org.br\/noticias\/wp-content\/uploads\/2020\/02\/bruno_1002_4-150x113.jpg 150w, https:\/\/franciscanos.org.br\/noticias\/wp-content\/uploads\/2020\/02\/bruno_1002_4-600x450.jpg 600w\" sizes=\"(max-width: 1280px) 100vw, 1280px\" \/><\/p>\n<p>&nbsp;<\/p>\n","protected":false},"excerpt":{"rendered":"<p>Oitava Festa de Frei Bruno em Xaxim<\/p>\n","protected":false},"author":3,"featured_media":218883,"comment_status":"open","ping_status":"open","sticky":false,"template":"","format":"standard","meta":[],"categories":[1488,1],"tags":[873],"acf":[],"yoast_head":"<!-- This site is optimized with the Yoast SEO plugin v19.2 - https:\/\/yoast.com\/wordpress\/plugins\/seo\/ -->\n<title>Santo para os xaxienses, Frei Bruno \u00e9 celebrado neste domingo - Not\u00edcias - Franciscanos<\/title>\n<meta name=\"robots\" content=\"index, follow, max-snippet:-1, max-image-preview:large, max-video-preview:-1\" \/>\n<link rel=\"canonical\" href=\"https:\/\/franciscanos.org.br\/noticias\/santo-para-os-xaxienses-frei-bruno-e-celebrado-neste-domingo.html\" \/>\n<meta property=\"og:locale\" content=\"pt_BR\" \/>\n<meta property=\"og:type\" content=\"article\" \/>\n<meta property=\"og:title\" content=\"Santo para os xaxienses, Frei Bruno \u00e9 celebrado neste domingo - Not\u00edcias - Franciscanos\" \/>\n<meta property=\"og:description\" content=\"Oitava Festa de Frei Bruno em Xaxim\" \/>\n<meta property=\"og:url\" content=\"https:\/\/franciscanos.org.br\/noticias\/santo-para-os-xaxienses-frei-bruno-e-celebrado-neste-domingo.html\" \/>\n<meta property=\"og:site_name\" content=\"Not\u00edcias - Franciscanos\" \/>\n<meta property=\"article:published_time\" content=\"2020-02-13T03:40:16+00:00\" \/>\n<meta property=\"article:modified_time\" content=\"2020-02-13T10:12:07+00:00\" \/>\n<meta property=\"og:image\" content=\"https:\/\/franciscanos.org.br\/noticias\/wp-content\/uploads\/2020\/02\/bruno_1002_d.jpg\" \/>\n\t<meta property=\"og:image:width\" content=\"273\" \/>\n\t<meta property=\"og:image:height\" content=\"181\" \/>\n\t<meta property=\"og:image:type\" content=\"image\/jpeg\" \/>\n<meta name=\"author\" content=\"moacir\" \/>\n<meta name=\"twitter:card\" content=\"summary_large_image\" \/>\n<meta name=\"twitter:label1\" content=\"Escrito por\" \/>\n\t<meta name=\"twitter:data1\" content=\"moacir\" \/>\n\t<meta name=\"twitter:label2\" content=\"Est. tempo de leitura\" \/>\n\t<meta name=\"twitter:data2\" content=\"9 minutos\" \/>\n<script type=\"application\/ld+json\" class=\"yoast-schema-graph\">{\"@context\":\"https:\/\/schema.org\",\"@graph\":[{\"@type\":\"WebSite\",\"@id\":\"https:\/\/franciscanos.org.br\/noticias\/#website\",\"url\":\"https:\/\/franciscanos.org.br\/noticias\/\",\"name\":\"Not\u00edcias - Franciscanos\",\"description\":\"Prov\u00edncia Franciscana da Imaculada Concei\u00e7\u00e3o do Brasil - Ordem dos Frades Menores - OFM\",\"potentialAction\":[{\"@type\":\"SearchAction\",\"target\":{\"@type\":\"EntryPoint\",\"urlTemplate\":\"https:\/\/franciscanos.org.br\/noticias\/?s={search_term_string}\"},\"query-input\":\"required name=search_term_string\"}],\"inLanguage\":\"pt-BR\"},{\"@type\":\"ImageObject\",\"inLanguage\":\"pt-BR\",\"@id\":\"https:\/\/franciscanos.org.br\/noticias\/santo-para-os-xaxienses-frei-bruno-e-celebrado-neste-domingo.html#primaryimage\",\"url\":\"https:\/\/franciscanos.org.br\/noticias\/wp-content\/uploads\/2020\/02\/bruno_1002_d.jpg\",\"contentUrl\":\"https:\/\/franciscanos.org.br\/noticias\/wp-content\/uploads\/2020\/02\/bruno_1002_d.jpg\",\"width\":273,\"height\":181},{\"@type\":\"WebPage\",\"@id\":\"https:\/\/franciscanos.org.br\/noticias\/santo-para-os-xaxienses-frei-bruno-e-celebrado-neste-domingo.html#webpage\",\"url\":\"https:\/\/franciscanos.org.br\/noticias\/santo-para-os-xaxienses-frei-bruno-e-celebrado-neste-domingo.html\",\"name\":\"Santo para os xaxienses, Frei Bruno \u00e9 celebrado neste domingo - Not\u00edcias - Franciscanos\",\"isPartOf\":{\"@id\":\"https:\/\/franciscanos.org.br\/noticias\/#website\"},\"primaryImageOfPage\":{\"@id\":\"https:\/\/franciscanos.org.br\/noticias\/santo-para-os-xaxienses-frei-bruno-e-celebrado-neste-domingo.html#primaryimage\"},\"datePublished\":\"2020-02-13T03:40:16+00:00\",\"dateModified\":\"2020-02-13T10:12:07+00:00\",\"author\":{\"@id\":\"https:\/\/franciscanos.org.br\/noticias\/#\/schema\/person\/b5c8cba458c330ccff548b056e95a5d4\"},\"breadcrumb\":{\"@id\":\"https:\/\/franciscanos.org.br\/noticias\/santo-para-os-xaxienses-frei-bruno-e-celebrado-neste-domingo.html#breadcrumb\"},\"inLanguage\":\"pt-BR\",\"potentialAction\":[{\"@type\":\"ReadAction\",\"target\":[\"https:\/\/franciscanos.org.br\/noticias\/santo-para-os-xaxienses-frei-bruno-e-celebrado-neste-domingo.html\"]}]},{\"@type\":\"BreadcrumbList\",\"@id\":\"https:\/\/franciscanos.org.br\/noticias\/santo-para-os-xaxienses-frei-bruno-e-celebrado-neste-domingo.html#breadcrumb\",\"itemListElement\":[{\"@type\":\"ListItem\",\"position\":1,\"name\":\"Home\",\"item\":\"https:\/\/franciscanos.org.br\/noticias\"},{\"@type\":\"ListItem\",\"position\":2,\"name\":\"Santo para os xaxienses, Frei Bruno \u00e9 celebrado neste domingo\"}]},{\"@type\":\"Person\",\"@id\":\"https:\/\/franciscanos.org.br\/noticias\/#\/schema\/person\/b5c8cba458c330ccff548b056e95a5d4\",\"name\":\"moacir\",\"image\":{\"@type\":\"ImageObject\",\"inLanguage\":\"pt-BR\",\"@id\":\"https:\/\/franciscanos.org.br\/noticias\/#\/schema\/person\/image\/\",\"url\":\"https:\/\/secure.gravatar.com\/avatar\/d08aa2ce4c8dd416d4479aa8536fcf64?s=96&d=mm&r=g\",\"contentUrl\":\"https:\/\/secure.gravatar.com\/avatar\/d08aa2ce4c8dd416d4479aa8536fcf64?s=96&d=mm&r=g\",\"caption\":\"moacir\"},\"url\":\"https:\/\/franciscanos.org.br\/noticias\/author\/moacir\"}]}<\/script>\n<!-- \/ Yoast SEO plugin. -->","yoast_head_json":{"title":"Santo para os xaxienses, Frei Bruno \u00e9 celebrado neste domingo - Not\u00edcias - Franciscanos","robots":{"index":"index","follow":"follow","max-snippet":"max-snippet:-1","max-image-preview":"max-image-preview:large","max-video-preview":"max-video-preview:-1"},"canonical":"https:\/\/franciscanos.org.br\/noticias\/santo-para-os-xaxienses-frei-bruno-e-celebrado-neste-domingo.html","og_locale":"pt_BR","og_type":"article","og_title":"Santo para os xaxienses, Frei Bruno \u00e9 celebrado neste domingo - Not\u00edcias - Franciscanos","og_description":"Oitava Festa de Frei Bruno em Xaxim","og_url":"https:\/\/franciscanos.org.br\/noticias\/santo-para-os-xaxienses-frei-bruno-e-celebrado-neste-domingo.html","og_site_name":"Not\u00edcias - Franciscanos","article_published_time":"2020-02-13T03:40:16+00:00","article_modified_time":"2020-02-13T10:12:07+00:00","og_image":[{"width":273,"height":181,"url":"https:\/\/franciscanos.org.br\/noticias\/wp-content\/uploads\/2020\/02\/bruno_1002_d.jpg","type":"image\/jpeg"}],"author":"moacir","twitter_card":"summary_large_image","twitter_misc":{"Escrito por":"moacir","Est. tempo de leitura":"9 minutos"},"schema":{"@context":"https:\/\/schema.org","@graph":[{"@type":"WebSite","@id":"https:\/\/franciscanos.org.br\/noticias\/#website","url":"https:\/\/franciscanos.org.br\/noticias\/","name":"Not\u00edcias - Franciscanos","description":"Prov\u00edncia Franciscana da Imaculada Concei\u00e7\u00e3o do Brasil - Ordem dos Frades Menores - OFM","potentialAction":[{"@type":"SearchAction","target":{"@type":"EntryPoint","urlTemplate":"https:\/\/franciscanos.org.br\/noticias\/?s={search_term_string}"},"query-input":"required name=search_term_string"}],"inLanguage":"pt-BR"},{"@type":"ImageObject","inLanguage":"pt-BR","@id":"https:\/\/franciscanos.org.br\/noticias\/santo-para-os-xaxienses-frei-bruno-e-celebrado-neste-domingo.html#primaryimage","url":"https:\/\/franciscanos.org.br\/noticias\/wp-content\/uploads\/2020\/02\/bruno_1002_d.jpg","contentUrl":"https:\/\/franciscanos.org.br\/noticias\/wp-content\/uploads\/2020\/02\/bruno_1002_d.jpg","width":273,"height":181},{"@type":"WebPage","@id":"https:\/\/franciscanos.org.br\/noticias\/santo-para-os-xaxienses-frei-bruno-e-celebrado-neste-domingo.html#webpage","url":"https:\/\/franciscanos.org.br\/noticias\/santo-para-os-xaxienses-frei-bruno-e-celebrado-neste-domingo.html","name":"Santo para os xaxienses, Frei Bruno \u00e9 celebrado neste domingo - Not\u00edcias - Franciscanos","isPartOf":{"@id":"https:\/\/franciscanos.org.br\/noticias\/#website"},"primaryImageOfPage":{"@id":"https:\/\/franciscanos.org.br\/noticias\/santo-para-os-xaxienses-frei-bruno-e-celebrado-neste-domingo.html#primaryimage"},"datePublished":"2020-02-13T03:40:16+00:00","dateModified":"2020-02-13T10:12:07+00:00","author":{"@id":"https:\/\/franciscanos.org.br\/noticias\/#\/schema\/person\/b5c8cba458c330ccff548b056e95a5d4"},"breadcrumb":{"@id":"https:\/\/franciscanos.org.br\/noticias\/santo-para-os-xaxienses-frei-bruno-e-celebrado-neste-domingo.html#breadcrumb"},"inLanguage":"pt-BR","potentialAction":[{"@type":"ReadAction","target":["https:\/\/franciscanos.org.br\/noticias\/santo-para-os-xaxienses-frei-bruno-e-celebrado-neste-domingo.html"]}]},{"@type":"BreadcrumbList","@id":"https:\/\/franciscanos.org.br\/noticias\/santo-para-os-xaxienses-frei-bruno-e-celebrado-neste-domingo.html#breadcrumb","itemListElement":[{"@type":"ListItem","position":1,"name":"Home","item":"https:\/\/franciscanos.org.br\/noticias"},{"@type":"ListItem","position":2,"name":"Santo para os xaxienses, Frei Bruno \u00e9 celebrado neste domingo"}]},{"@type":"Person","@id":"https:\/\/franciscanos.org.br\/noticias\/#\/schema\/person\/b5c8cba458c330ccff548b056e95a5d4","name":"moacir","image":{"@type":"ImageObject","inLanguage":"pt-BR","@id":"https:\/\/franciscanos.org.br\/noticias\/#\/schema\/person\/image\/","url":"https:\/\/secure.gravatar.com\/avatar\/d08aa2ce4c8dd416d4479aa8536fcf64?s=96&d=mm&r=g","contentUrl":"https:\/\/secure.gravatar.com\/avatar\/d08aa2ce4c8dd416d4479aa8536fcf64?s=96&d=mm&r=g","caption":"moacir"},"url":"https:\/\/franciscanos.org.br\/noticias\/author\/moacir"}]}},"_links":{"self":[{"href":"https:\/\/franciscanos.org.br\/noticias\/wp-json\/wp\/v2\/posts\/218875"}],"collection":[{"href":"https:\/\/franciscanos.org.br\/noticias\/wp-json\/wp\/v2\/posts"}],"about":[{"href":"https:\/\/franciscanos.org.br\/noticias\/wp-json\/wp\/v2\/types\/post"}],"author":[{"embeddable":true,"href":"https:\/\/franciscanos.org.br\/noticias\/wp-json\/wp\/v2\/users\/3"}],"replies":[{"embeddable":true,"href":"https:\/\/franciscanos.org.br\/noticias\/wp-json\/wp\/v2\/comments?post=218875"}],"version-history":[{"count":0,"href":"https:\/\/franciscanos.org.br\/noticias\/wp-json\/wp\/v2\/posts\/218875\/revisions"}],"wp:featuredmedia":[{"embeddable":true,"href":"https:\/\/franciscanos.org.br\/noticias\/wp-json\/wp\/v2\/media\/218883"}],"wp:attachment":[{"href":"https:\/\/franciscanos.org.br\/noticias\/wp-json\/wp\/v2\/media?parent=218875"}],"wp:term":[{"taxonomy":"category","embeddable":true,"href":"https:\/\/franciscanos.org.br\/noticias\/wp-json\/wp\/v2\/categories?post=218875"},{"taxonomy":"post_tag","embeddable":true,"href":"https:\/\/franciscanos.org.br\/noticias\/wp-json\/wp\/v2\/tags?post=218875"}],"curies":[{"name":"wp","href":"https:\/\/api.w.org\/{rel}","templated":true}]}}