{"id":218827,"date":"2020-02-09T09:01:47","date_gmt":"2020-02-09T12:01:47","guid":{"rendered":"https:\/\/franciscanos.org.br\/noticias\/?p=218827"},"modified":"2021-08-29T17:39:51","modified_gmt":"2021-08-29T20:39:51","slug":"papa-a-igreja-nao-pode-fechar-se-em-si-mesma","status":"publish","type":"post","link":"https:\/\/franciscanos.org.br\/noticias\/papa-a-igreja-nao-pode-fechar-se-em-si-mesma.html","title":{"rendered":"Papa: a Igreja n\u00e3o pode fechar-se em si mesma"},"content":{"rendered":"<div id=\"attachment_218828\" style=\"width: 1010px\" class=\"wp-caption alignnone\"><img aria-describedby=\"caption-attachment-218828\" loading=\"lazy\" class=\"wp-image-218828 size-full\" src=\"https:\/\/franciscanos.org.br\/noticias\/wp-content\/uploads\/2020\/02\/Angelus_0902.jpg\" alt=\"\" width=\"1000\" height=\"535\" srcset=\"https:\/\/franciscanos.org.br\/noticias\/wp-content\/uploads\/2020\/02\/Angelus_0902.jpg 1000w, https:\/\/franciscanos.org.br\/noticias\/wp-content\/uploads\/2020\/02\/Angelus_0902-450x241.jpg 450w, https:\/\/franciscanos.org.br\/noticias\/wp-content\/uploads\/2020\/02\/Angelus_0902-768x411.jpg 768w, https:\/\/franciscanos.org.br\/noticias\/wp-content\/uploads\/2020\/02\/Angelus_0902-150x80.jpg 150w\" sizes=\"(max-width: 1000px) 100vw, 1000px\" \/><p id=\"caption-attachment-218828\" class=\"wp-caption-text\">\u00a0 \u00a0 \u00a0 \u00a0 \u00a0 \u00a0 \u00a0 \u00a0 \u00a0 \u00a0 \u00a0 \u00a0 \u00a0 \u00a0 \u00a0 \u00a0 \u00a0 \u00a0 \u00a0 \u00a0 \u00a0 \u00a0 \u00a0 \u00a0 \u00a0 \u00a0 \u00a0 \u00a0 \u00a0 \u00a0 \u00a0 \u00a0 \u00a0 \u00a0 \u00a0 \u00a0 \u00a0 \u00a0 \u00a0 \u00a0 \u00a0 \u00a0 \u00a0 \u00a0 \u00a0 \u00a0 \u00a0 \u00a0 \u00a0 \u00a0 \u00a0 \u00a0 \u00a0 \u00a0 \u00a0 \u00a0 \u00a0 \u00a0 <em>\u00a0 \u00a0 \u00a0 Imagem: Vatican Media<\/em><\/p><\/div>\n<p><strong>Cidade do Vaticano &#8211;<\/strong> &#8220;Jesus nos convida a n\u00e3o ter medo de viver no mundo, mesmo que nele por vezes existam condi\u00e7\u00f5es de conflito e pecado. Diante da viol\u00eancia, da injusti\u00e7a e da opress\u00e3o, a Igreja n\u00e3o pode se fechar em si mesma ou esconder-se na seguran\u00e7a do pr\u00f3prio recinto; n\u00e3o pode abandonar sua miss\u00e3o de evangeliza\u00e7\u00e3o e de servi\u00e7o&#8221;, disse o Papa em sua alocu\u00e7\u00e3o antes de rezar o Angelus neste V Domingo do Tempo Comum.<\/p>\n<p>Queridos irm\u00e3os e irm\u00e3s, bom dia!<\/p>\n<p>No Evangelho de hoje (cf. Mt 5, 13-16), Jesus diz aos seus disc\u00edpulos: &#8220;V\u00f3s sois o sal da terra [&#8230;]. V\u00f3s sois a luz do mundo&#8221; (vv. 13.14). Ele utiliza uma linguagem simb\u00f3lica para indicar \u00e0queles que pretendem segui-lo, alguns crit\u00e9rios para viver a presen\u00e7a e o testemunho no mundo.<\/p>\n<p>Primeira imagem: sal. O sal \u00e9 o elemento que d\u00e1 sabor e que conserva e preserva os alimentos da corrup\u00e7\u00e3o. O disc\u00edpulo, portanto, \u00e9 chamado a ter afastados da sociedade os perigos, os germes corrosivos que poluem a vida das pessoas.<\/p>\n<p>Trata-se de resistir \u00e0 degrada\u00e7\u00e3o moral, ao pecado, testemunhando os valores da honestidade e da fraternidade, sem ceder \u00e0s tenta\u00e7\u00f5es mundanas do carreirismo, do poder e da riqueza.<\/p>\n<p>\u00c9 \u201csal\u201d o &#8220;disc\u00edpulo&#8221; que, apesar dos fracassos cotidianos &#8211; porque todos n\u00f3s os temos &#8211; levanta-se do p\u00f3 dos pr\u00f3prios erros, recome\u00e7ando com coragem e paci\u00eancia, a cada dia, a buscar o di\u00e1logo e o encontro com os outros. \u00c9 &#8220;sal&#8221; o disc\u00edpulo que n\u00e3o busca o consenso e o aplauso, mas se esfor\u00e7a para ser uma presen\u00e7a humilde, construtiva, na fidelidade aos ensinamentos de Jesus, que veio ao mundo n\u00e3o para ser servido, mas para servir. E h\u00e1 tanta necessidade desse comportamento.<\/p>\n<p>A segunda imagem que Jesus prop\u00f5e aos seus disc\u00edpulos \u00e9 a da luz: &#8220;V\u00f3s sois a luz do mundo&#8221;. A luz dissipa a escurid\u00e3o e permite ver. Jesus \u00e9 a luz que dissipou as trevas, mas elas ainda permanecem no mundo e nas pessoas. \u00c9 tarefa do crist\u00e3o dissip\u00e1-las, fazendo resplandecer a luz de Cristo e anunciando seu Evangelho.<\/p>\n<p>Trata-se de uma irradia\u00e7\u00e3o que tamb\u00e9m pode derivar de nossas palavras, mas deve, acima de tudo, brotar de nossas &#8220;boas obras&#8221; (v. 16).<\/p>\n<p>Um disc\u00edpulo e uma comunidade crist\u00e3 s\u00e3o luz no mundo quando direcionam os outros para Deus, ajudando cada um a fazer a experi\u00eancia da sua bondade e da sua miseric\u00f3rdia.<\/p>\n<p>O disc\u00edpulo de Jesus \u00e9 luz quando sabe viver a pr\u00f3pria f\u00e9 fora de espa\u00e7os restritos, quando contribui para eliminar os preconceitos, a eliminar as cal\u00fanias e a deixar entrar a luz da verdade nas situa\u00e7\u00f5es deterioradas pela hipocrisia e pela mentira. Iluminar. Mas n\u00e3o \u00e9 a minha luz, \u00e9 a luz de Jesus. N\u00f3s somos instrumentos para que a luz de Jesus chegue a todos.<\/p>\n<p>Jesus nos convida a n\u00e3o ter medo de viver no mundo, mesmo que nele por vezes existam condi\u00e7\u00f5es de conflito e pecado.<\/p>\n<p>Diante da viol\u00eancia, da injusti\u00e7a, da opress\u00e3o, o crist\u00e3o n\u00e3o pode fechar-se em si mesmo ou esconder-se na seguran\u00e7a do pr\u00f3prio recinto. Tamb\u00e9m a Igreja n\u00e3o pode fechar-se em si mesma, n\u00e3o pode abandonar sua miss\u00e3o de evangeliza\u00e7\u00e3o e de servi\u00e7o.<\/p>\n<p>Jesus na \u00faltima ceia, pediu ao Pai n\u00e3o para tirar os disc\u00edpulos do mundo, de deix\u00e1-los, ali, no mundo, mas de proteg\u00ea-los do esp\u00edrito do mundo.<\/p>\n<p>A Igreja se dedica com generosidade e ternura aos pequenos e aos pobres: este n\u00e3o \u00e9 o esp\u00edrito do mundo, esta \u00e9 a sua luz, \u00e9 o sal. A Igreja escuta o clamor dos \u00faltimos e dos exclu\u00eddos, porque tem consci\u00eancia de ser uma comunidade peregrina chamada a prolongar a presen\u00e7a salv\u00edfica de Jesus Cristo na hist\u00f3ria.<\/p>\n<p>Que a Virgem Santa nos ajude a ser sal e luz em meio \u00e0s pessoas, levando a todos, com a vida e a palavra, a Boa Nova do amor de Deus.<\/p>\n<hr \/>\n<p><em>Fonte: Vatican News<\/em><\/p>\n","protected":false},"excerpt":{"rendered":"<p>Ora\u00e7\u00e3o do Angelus<\/p>\n","protected":false},"author":3,"featured_media":218829,"comment_status":"open","ping_status":"open","sticky":false,"template":"","format":"standard","meta":[],"categories":[1428],"tags":[403],"acf":[],"yoast_head":"<!-- This site is optimized with the Yoast SEO plugin v19.2 - https:\/\/yoast.com\/wordpress\/plugins\/seo\/ -->\n<title>Papa: a Igreja n\u00e3o pode fechar-se em si mesma - Not\u00edcias - Franciscanos<\/title>\n<meta name=\"robots\" content=\"index, follow, max-snippet:-1, max-image-preview:large, max-video-preview:-1\" \/>\n<link rel=\"canonical\" href=\"https:\/\/franciscanos.org.br\/noticias\/papa-a-igreja-nao-pode-fechar-se-em-si-mesma.html\" \/>\n<meta property=\"og:locale\" content=\"pt_BR\" \/>\n<meta property=\"og:type\" content=\"article\" \/>\n<meta property=\"og:title\" content=\"Papa: a Igreja n\u00e3o pode fechar-se em si mesma - Not\u00edcias - Franciscanos\" \/>\n<meta property=\"og:description\" content=\"Ora\u00e7\u00e3o do Angelus\" \/>\n<meta property=\"og:url\" content=\"https:\/\/franciscanos.org.br\/noticias\/papa-a-igreja-nao-pode-fechar-se-em-si-mesma.html\" \/>\n<meta property=\"og:site_name\" content=\"Not\u00edcias - Franciscanos\" \/>\n<meta property=\"article:published_time\" content=\"2020-02-09T12:01:47+00:00\" \/>\n<meta property=\"article:modified_time\" content=\"2021-08-29T20:39:51+00:00\" \/>\n<meta property=\"og:image\" content=\"https:\/\/franciscanos.org.br\/noticias\/wp-content\/uploads\/2020\/02\/Angelus_0902d.jpg\" \/>\n\t<meta property=\"og:image:width\" content=\"273\" \/>\n\t<meta property=\"og:image:height\" content=\"181\" \/>\n\t<meta property=\"og:image:type\" content=\"image\/jpeg\" \/>\n<meta name=\"author\" content=\"moacir\" \/>\n<meta name=\"twitter:card\" content=\"summary_large_image\" \/>\n<meta name=\"twitter:label1\" content=\"Escrito por\" \/>\n\t<meta name=\"twitter:data1\" content=\"moacir\" \/>\n\t<meta name=\"twitter:label2\" content=\"Est. tempo de leitura\" \/>\n\t<meta name=\"twitter:data2\" content=\"4 minutos\" \/>\n<script type=\"application\/ld+json\" class=\"yoast-schema-graph\">{\"@context\":\"https:\/\/schema.org\",\"@graph\":[{\"@type\":\"WebSite\",\"@id\":\"https:\/\/franciscanos.org.br\/noticias\/#website\",\"url\":\"https:\/\/franciscanos.org.br\/noticias\/\",\"name\":\"Not\u00edcias - Franciscanos\",\"description\":\"Prov\u00edncia Franciscana da Imaculada Concei\u00e7\u00e3o do Brasil - Ordem dos Frades Menores - OFM\",\"potentialAction\":[{\"@type\":\"SearchAction\",\"target\":{\"@type\":\"EntryPoint\",\"urlTemplate\":\"https:\/\/franciscanos.org.br\/noticias\/?s={search_term_string}\"},\"query-input\":\"required name=search_term_string\"}],\"inLanguage\":\"pt-BR\"},{\"@type\":\"ImageObject\",\"inLanguage\":\"pt-BR\",\"@id\":\"https:\/\/franciscanos.org.br\/noticias\/papa-a-igreja-nao-pode-fechar-se-em-si-mesma.html#primaryimage\",\"url\":\"https:\/\/franciscanos.org.br\/noticias\/wp-content\/uploads\/2020\/02\/Angelus_0902d.jpg\",\"contentUrl\":\"https:\/\/franciscanos.org.br\/noticias\/wp-content\/uploads\/2020\/02\/Angelus_0902d.jpg\",\"width\":273,\"height\":181},{\"@type\":\"WebPage\",\"@id\":\"https:\/\/franciscanos.org.br\/noticias\/papa-a-igreja-nao-pode-fechar-se-em-si-mesma.html#webpage\",\"url\":\"https:\/\/franciscanos.org.br\/noticias\/papa-a-igreja-nao-pode-fechar-se-em-si-mesma.html\",\"name\":\"Papa: a Igreja n\u00e3o pode fechar-se em si mesma - Not\u00edcias - Franciscanos\",\"isPartOf\":{\"@id\":\"https:\/\/franciscanos.org.br\/noticias\/#website\"},\"primaryImageOfPage\":{\"@id\":\"https:\/\/franciscanos.org.br\/noticias\/papa-a-igreja-nao-pode-fechar-se-em-si-mesma.html#primaryimage\"},\"datePublished\":\"2020-02-09T12:01:47+00:00\",\"dateModified\":\"2021-08-29T20:39:51+00:00\",\"author\":{\"@id\":\"https:\/\/franciscanos.org.br\/noticias\/#\/schema\/person\/b5c8cba458c330ccff548b056e95a5d4\"},\"breadcrumb\":{\"@id\":\"https:\/\/franciscanos.org.br\/noticias\/papa-a-igreja-nao-pode-fechar-se-em-si-mesma.html#breadcrumb\"},\"inLanguage\":\"pt-BR\",\"potentialAction\":[{\"@type\":\"ReadAction\",\"target\":[\"https:\/\/franciscanos.org.br\/noticias\/papa-a-igreja-nao-pode-fechar-se-em-si-mesma.html\"]}]},{\"@type\":\"BreadcrumbList\",\"@id\":\"https:\/\/franciscanos.org.br\/noticias\/papa-a-igreja-nao-pode-fechar-se-em-si-mesma.html#breadcrumb\",\"itemListElement\":[{\"@type\":\"ListItem\",\"position\":1,\"name\":\"Home\",\"item\":\"https:\/\/franciscanos.org.br\/noticias\"},{\"@type\":\"ListItem\",\"position\":2,\"name\":\"Papa: a Igreja n\u00e3o pode fechar-se em si mesma\"}]},{\"@type\":\"Person\",\"@id\":\"https:\/\/franciscanos.org.br\/noticias\/#\/schema\/person\/b5c8cba458c330ccff548b056e95a5d4\",\"name\":\"moacir\",\"image\":{\"@type\":\"ImageObject\",\"inLanguage\":\"pt-BR\",\"@id\":\"https:\/\/franciscanos.org.br\/noticias\/#\/schema\/person\/image\/\",\"url\":\"https:\/\/secure.gravatar.com\/avatar\/d08aa2ce4c8dd416d4479aa8536fcf64?s=96&d=mm&r=g\",\"contentUrl\":\"https:\/\/secure.gravatar.com\/avatar\/d08aa2ce4c8dd416d4479aa8536fcf64?s=96&d=mm&r=g\",\"caption\":\"moacir\"},\"url\":\"https:\/\/franciscanos.org.br\/noticias\/author\/moacir\"}]}<\/script>\n<!-- \/ Yoast SEO plugin. -->","yoast_head_json":{"title":"Papa: a Igreja n\u00e3o pode fechar-se em si mesma - Not\u00edcias - Franciscanos","robots":{"index":"index","follow":"follow","max-snippet":"max-snippet:-1","max-image-preview":"max-image-preview:large","max-video-preview":"max-video-preview:-1"},"canonical":"https:\/\/franciscanos.org.br\/noticias\/papa-a-igreja-nao-pode-fechar-se-em-si-mesma.html","og_locale":"pt_BR","og_type":"article","og_title":"Papa: a Igreja n\u00e3o pode fechar-se em si mesma - Not\u00edcias - Franciscanos","og_description":"Ora\u00e7\u00e3o do Angelus","og_url":"https:\/\/franciscanos.org.br\/noticias\/papa-a-igreja-nao-pode-fechar-se-em-si-mesma.html","og_site_name":"Not\u00edcias - Franciscanos","article_published_time":"2020-02-09T12:01:47+00:00","article_modified_time":"2021-08-29T20:39:51+00:00","og_image":[{"width":273,"height":181,"url":"https:\/\/franciscanos.org.br\/noticias\/wp-content\/uploads\/2020\/02\/Angelus_0902d.jpg","type":"image\/jpeg"}],"author":"moacir","twitter_card":"summary_large_image","twitter_misc":{"Escrito por":"moacir","Est. tempo de leitura":"4 minutos"},"schema":{"@context":"https:\/\/schema.org","@graph":[{"@type":"WebSite","@id":"https:\/\/franciscanos.org.br\/noticias\/#website","url":"https:\/\/franciscanos.org.br\/noticias\/","name":"Not\u00edcias - Franciscanos","description":"Prov\u00edncia Franciscana da Imaculada Concei\u00e7\u00e3o do Brasil - Ordem dos Frades Menores - OFM","potentialAction":[{"@type":"SearchAction","target":{"@type":"EntryPoint","urlTemplate":"https:\/\/franciscanos.org.br\/noticias\/?s={search_term_string}"},"query-input":"required name=search_term_string"}],"inLanguage":"pt-BR"},{"@type":"ImageObject","inLanguage":"pt-BR","@id":"https:\/\/franciscanos.org.br\/noticias\/papa-a-igreja-nao-pode-fechar-se-em-si-mesma.html#primaryimage","url":"https:\/\/franciscanos.org.br\/noticias\/wp-content\/uploads\/2020\/02\/Angelus_0902d.jpg","contentUrl":"https:\/\/franciscanos.org.br\/noticias\/wp-content\/uploads\/2020\/02\/Angelus_0902d.jpg","width":273,"height":181},{"@type":"WebPage","@id":"https:\/\/franciscanos.org.br\/noticias\/papa-a-igreja-nao-pode-fechar-se-em-si-mesma.html#webpage","url":"https:\/\/franciscanos.org.br\/noticias\/papa-a-igreja-nao-pode-fechar-se-em-si-mesma.html","name":"Papa: a Igreja n\u00e3o pode fechar-se em si mesma - Not\u00edcias - Franciscanos","isPartOf":{"@id":"https:\/\/franciscanos.org.br\/noticias\/#website"},"primaryImageOfPage":{"@id":"https:\/\/franciscanos.org.br\/noticias\/papa-a-igreja-nao-pode-fechar-se-em-si-mesma.html#primaryimage"},"datePublished":"2020-02-09T12:01:47+00:00","dateModified":"2021-08-29T20:39:51+00:00","author":{"@id":"https:\/\/franciscanos.org.br\/noticias\/#\/schema\/person\/b5c8cba458c330ccff548b056e95a5d4"},"breadcrumb":{"@id":"https:\/\/franciscanos.org.br\/noticias\/papa-a-igreja-nao-pode-fechar-se-em-si-mesma.html#breadcrumb"},"inLanguage":"pt-BR","potentialAction":[{"@type":"ReadAction","target":["https:\/\/franciscanos.org.br\/noticias\/papa-a-igreja-nao-pode-fechar-se-em-si-mesma.html"]}]},{"@type":"BreadcrumbList","@id":"https:\/\/franciscanos.org.br\/noticias\/papa-a-igreja-nao-pode-fechar-se-em-si-mesma.html#breadcrumb","itemListElement":[{"@type":"ListItem","position":1,"name":"Home","item":"https:\/\/franciscanos.org.br\/noticias"},{"@type":"ListItem","position":2,"name":"Papa: a Igreja n\u00e3o pode fechar-se em si mesma"}]},{"@type":"Person","@id":"https:\/\/franciscanos.org.br\/noticias\/#\/schema\/person\/b5c8cba458c330ccff548b056e95a5d4","name":"moacir","image":{"@type":"ImageObject","inLanguage":"pt-BR","@id":"https:\/\/franciscanos.org.br\/noticias\/#\/schema\/person\/image\/","url":"https:\/\/secure.gravatar.com\/avatar\/d08aa2ce4c8dd416d4479aa8536fcf64?s=96&d=mm&r=g","contentUrl":"https:\/\/secure.gravatar.com\/avatar\/d08aa2ce4c8dd416d4479aa8536fcf64?s=96&d=mm&r=g","caption":"moacir"},"url":"https:\/\/franciscanos.org.br\/noticias\/author\/moacir"}]}},"_links":{"self":[{"href":"https:\/\/franciscanos.org.br\/noticias\/wp-json\/wp\/v2\/posts\/218827"}],"collection":[{"href":"https:\/\/franciscanos.org.br\/noticias\/wp-json\/wp\/v2\/posts"}],"about":[{"href":"https:\/\/franciscanos.org.br\/noticias\/wp-json\/wp\/v2\/types\/post"}],"author":[{"embeddable":true,"href":"https:\/\/franciscanos.org.br\/noticias\/wp-json\/wp\/v2\/users\/3"}],"replies":[{"embeddable":true,"href":"https:\/\/franciscanos.org.br\/noticias\/wp-json\/wp\/v2\/comments?post=218827"}],"version-history":[{"count":2,"href":"https:\/\/franciscanos.org.br\/noticias\/wp-json\/wp\/v2\/posts\/218827\/revisions"}],"predecessor-version":[{"id":234054,"href":"https:\/\/franciscanos.org.br\/noticias\/wp-json\/wp\/v2\/posts\/218827\/revisions\/234054"}],"wp:featuredmedia":[{"embeddable":true,"href":"https:\/\/franciscanos.org.br\/noticias\/wp-json\/wp\/v2\/media\/218829"}],"wp:attachment":[{"href":"https:\/\/franciscanos.org.br\/noticias\/wp-json\/wp\/v2\/media?parent=218827"}],"wp:term":[{"taxonomy":"category","embeddable":true,"href":"https:\/\/franciscanos.org.br\/noticias\/wp-json\/wp\/v2\/categories?post=218827"},{"taxonomy":"post_tag","embeddable":true,"href":"https:\/\/franciscanos.org.br\/noticias\/wp-json\/wp\/v2\/tags?post=218827"}],"curies":[{"name":"wp","href":"https:\/\/api.w.org\/{rel}","templated":true}]}}