{"id":218816,"date":"2020-02-07T07:23:37","date_gmt":"2020-02-07T10:23:37","guid":{"rendered":"https:\/\/franciscanos.org.br\/noticias\/?p=218816"},"modified":"2021-08-29T17:40:30","modified_gmt":"2021-08-29T20:40:30","slug":"papa-nao-ha-humildade-sem-humilhacoes","status":"publish","type":"post","link":"https:\/\/franciscanos.org.br\/noticias\/papa-nao-ha-humildade-sem-humilhacoes.html","title":{"rendered":"Papa: n\u00e3o h\u00e1 humildade sem humilha\u00e7\u00f5es"},"content":{"rendered":"<div id=\"attachment_218817\" style=\"width: 1010px\" class=\"wp-caption alignnone\"><img aria-describedby=\"caption-attachment-218817\" loading=\"lazy\" class=\"wp-image-218817 size-full\" src=\"https:\/\/franciscanos.org.br\/noticias\/wp-content\/uploads\/2020\/02\/MARTA_1.jpeg\" alt=\"\" width=\"1000\" height=\"563\" srcset=\"https:\/\/franciscanos.org.br\/noticias\/wp-content\/uploads\/2020\/02\/MARTA_1.jpeg 1000w, https:\/\/franciscanos.org.br\/noticias\/wp-content\/uploads\/2020\/02\/MARTA_1-450x253.jpeg 450w, https:\/\/franciscanos.org.br\/noticias\/wp-content\/uploads\/2020\/02\/MARTA_1-768x432.jpeg 768w, https:\/\/franciscanos.org.br\/noticias\/wp-content\/uploads\/2020\/02\/MARTA_1-150x84.jpeg 150w\" sizes=\"(max-width: 1000px) 100vw, 1000px\" \/><p id=\"caption-attachment-218817\" class=\"wp-caption-text\">\u00a0 \u00a0 \u00a0 \u00a0 \u00a0 \u00a0 \u00a0 \u00a0 \u00a0 \u00a0 \u00a0 \u00a0 \u00a0 \u00a0 \u00a0 \u00a0 \u00a0 \u00a0 \u00a0 \u00a0 \u00a0 \u00a0 \u00a0 \u00a0 \u00a0 \u00a0 \u00a0 \u00a0 \u00a0 \u00a0 \u00a0 \u00a0 \u00a0 \u00a0 \u00a0 \u00a0 \u00a0 \u00a0 \u00a0 \u00a0 \u00a0 \u00a0 \u00a0 \u00a0 \u00a0 \u00a0 \u00a0 \u00a0 \u00a0 \u00a0 \u00a0 \u00a0 \u00a0 \u00a0 \u00a0 \u00a0 \u00a0 \u00a0 \u00a0 \u00a0 \u00a0 \u00a0 \u00a0 \u00a0 \u00a0 \u00a0 \u00a0 \u00a0 \u00a0 \u00a0<em> \u00a0 \u00a0 \u00a0 \u00a0Imagem: Vatican Media<\/em><\/p><\/div>\n<p><strong>Cidade do Vaticano<\/strong> &#8211; N\u00e3o ter &#8220;medo das humilha\u00e7\u00f5es&#8221;, pe\u00e7amos ao Senhor que nos envie &#8220;algumas&#8221; para &#8220;nos tornar humildes&#8221;, a fim de &#8220;melhor imitar&#8221; Jesus. Esta \u00e9 a recomenda\u00e7\u00e3o do Papa Francisco na Missa da manh\u00e3 (07\/02) celebrada na Casa Santa Marta.\u00a0Refletindo sobre o Evangelho de Marcos, o Pont\u00edfice explica como Jo\u00e3o Batista foi enviado por Deus para &#8220;indicar o caminho&#8221;, &#8220;o caminho&#8221; de Jesus. O &#8220;\u00faltimo dos profetas&#8221;, recorda de fato o Papa, teve a gra\u00e7a poder dizer: &#8220;Este \u00e9 o Messias&#8221;.<\/p>\n<p>O trabalho de Jo\u00e3o Batista n\u00e3o foi tanto o de pregar que Jesus viria e preparar o povo, mas o de dar testemunho de Jesus Cristo e d\u00e1-lo com a pr\u00f3pria vida. E dar testemunho do caminho escolhido por Deus para nossa salva\u00e7\u00e3o: o caminho da humilha\u00e7\u00e3o. Paulo expressa isso de forma t\u00e3o clara em sua Carta aos Filipenses: &#8220;Jesus aniquilou a si mesmo at\u00e9 a morte, morte de Cruz&#8221;. E essa morte de Cruz, esse caminho de aniquila\u00e7\u00e3o, de humilha\u00e7\u00e3o, \u00e9 tamb\u00e9m o nosso caminho, o caminho que Deus mostra aos crist\u00e3os para seguir em frente.<\/p>\n<p><img loading=\"lazy\" class=\"alignnone size-full wp-image-218818\" src=\"https:\/\/franciscanos.org.br\/noticias\/wp-content\/uploads\/2020\/02\/MARTA_03.jpeg\" alt=\"\" width=\"1000\" height=\"563\" srcset=\"https:\/\/franciscanos.org.br\/noticias\/wp-content\/uploads\/2020\/02\/MARTA_03.jpeg 1000w, https:\/\/franciscanos.org.br\/noticias\/wp-content\/uploads\/2020\/02\/MARTA_03-450x253.jpeg 450w, https:\/\/franciscanos.org.br\/noticias\/wp-content\/uploads\/2020\/02\/MARTA_03-768x432.jpeg 768w, https:\/\/franciscanos.org.br\/noticias\/wp-content\/uploads\/2020\/02\/MARTA_03-150x84.jpeg 150w\" sizes=\"(max-width: 1000px) 100vw, 1000px\" \/><\/p>\n<p><strong>O fim mais humilhante<\/strong><\/p>\n<p>Quer Jo\u00e3o como Jesus &#8211; enfatiza Francisco &#8211; tiveram a &#8220;tenta\u00e7\u00e3o da soberba, do orgulho&#8221;: Jesus &#8220;no deserto com o diabo, depois de jejuar&#8221;; Jo\u00e3o diante dos doutores da lei que perguntavam se era ele o Messias: ele poderia ter respondido que era &#8220;seu ministro&#8221;, mas &#8220;se humilhou&#8221;.<\/p>\n<p>Ambos, continua o Papa, &#8220;tiveram a autoridade diante do povo&#8221;, sua prega\u00e7\u00e3o tinha autoridade. E ambos conheceram &#8220;momentos de rebaixamento&#8221;, uma esp\u00e9cie de &#8220;depress\u00e3o humana e espiritual&#8221;, como a define o Pont\u00edfice: Jesus no Jardim das Oliveiras e Jo\u00e3o na pris\u00e3o, tentado pelo &#8220;verme da d\u00favida&#8221; se Jesus era realmente o Messias.<\/p>\n<p>Os dois \u2013 destaca ainda &#8211; &#8220;acabaram da maneira mais humilhante&#8221;: Jesus com a morte na Cruz, &#8220;a morte dos criminosos mais baixos, terr\u00edvel fisicamente e tamb\u00e9m moralmente&#8221;, &#8220;nu diante do povo&#8221; e de &#8220;sua m\u00e3e&#8221;. Jo\u00e3o Batista &#8220;decapitado na pris\u00e3o por um guarda&#8221; por ordem de um rei &#8220;debilitado pelos v\u00edcios&#8221;, &#8220;corrompido pelo capricho de uma bailarina e pelo \u00f3dio de uma ad\u00faltera&#8221;, com refer\u00eancia a Herod\u00edades e sua filha:<\/p>\n<p>O profeta, o grande profeta, o maior homem nascido de uma mulher &#8211; como Jesus o qualifica &#8211; e o Filho de Deus escolheram o caminho da humilha\u00e7\u00e3o. \u00c9 o caminho que nos mostram e que n\u00f3, crist\u00e3os devemos seguir. De fato, nas Vem-aventuran\u00e7as, \u00e9 enfatizado que o caminho \u00e9 o da humildade.<\/p>\n<p><img loading=\"lazy\" class=\"alignnone size-full wp-image-218819\" src=\"https:\/\/franciscanos.org.br\/noticias\/wp-content\/uploads\/2020\/02\/MARTA_05.jpeg\" alt=\"\" width=\"1000\" height=\"563\" srcset=\"https:\/\/franciscanos.org.br\/noticias\/wp-content\/uploads\/2020\/02\/MARTA_05.jpeg 1000w, https:\/\/franciscanos.org.br\/noticias\/wp-content\/uploads\/2020\/02\/MARTA_05-450x253.jpeg 450w, https:\/\/franciscanos.org.br\/noticias\/wp-content\/uploads\/2020\/02\/MARTA_05-768x432.jpeg 768w, https:\/\/franciscanos.org.br\/noticias\/wp-content\/uploads\/2020\/02\/MARTA_05-150x84.jpeg 150w\" sizes=\"(max-width: 1000px) 100vw, 1000px\" \/><\/p>\n<p><strong>Caminho mundano<\/strong><\/p>\n<p>N\u00e3o se pode ser &#8220;humildes sem humilha\u00e7\u00f5es&#8221;, destaca o Papa. Seu convite ent\u00e3o aos crist\u00e3os \u00e9 para tirar li\u00e7\u00f5es da &#8220;mensagem&#8221; da Palavra de Deus de hoje:<\/p>\n<p>Quando procuramos nos mostrar, na Igreja, na comunidade, para ter um cargo ou outra coisa, esse \u00e9 o caminho do mundo, \u00e9 um caminho mundano, n\u00e3o \u00e9 o caminho de Jesus. E tamb\u00e9m aos pastores pode acontecer essa tenta\u00e7\u00e3o de galgadores: &#8220;Isso \u00e9 uma injusti\u00e7a, isso \u00e9 uma humilha\u00e7\u00e3o, n\u00e3o posso tolerar isso&#8221;. Mas se um pastor n\u00e3o segue por esse caminho, n\u00e3o \u00e9 disc\u00edpulo de Jesus: \u00e9 um galgador com uma batina. N\u00e3o h\u00e1 humildade sem humilha\u00e7\u00e3o.<\/p>\n<hr \/>\n<p><em>Fonte: Vatican News<\/em><\/p>\n","protected":false},"excerpt":{"rendered":"<p>Missa em Santa Marta<\/p>\n","protected":false},"author":3,"featured_media":218820,"comment_status":"open","ping_status":"open","sticky":false,"template":"","format":"standard","meta":[],"categories":[1428],"tags":[1586],"acf":[],"yoast_head":"<!-- This site is optimized with the Yoast SEO plugin v19.2 - https:\/\/yoast.com\/wordpress\/plugins\/seo\/ -->\n<title>Papa: n\u00e3o h\u00e1 humildade sem humilha\u00e7\u00f5es - Not\u00edcias - Franciscanos<\/title>\n<meta name=\"robots\" content=\"index, follow, max-snippet:-1, max-image-preview:large, max-video-preview:-1\" \/>\n<link rel=\"canonical\" href=\"https:\/\/franciscanos.org.br\/noticias\/papa-nao-ha-humildade-sem-humilhacoes.html\" \/>\n<meta property=\"og:locale\" content=\"pt_BR\" \/>\n<meta property=\"og:type\" content=\"article\" \/>\n<meta property=\"og:title\" content=\"Papa: n\u00e3o h\u00e1 humildade sem humilha\u00e7\u00f5es - Not\u00edcias - Franciscanos\" \/>\n<meta property=\"og:description\" content=\"Missa em Santa Marta\" \/>\n<meta property=\"og:url\" content=\"https:\/\/franciscanos.org.br\/noticias\/papa-nao-ha-humildade-sem-humilhacoes.html\" \/>\n<meta property=\"og:site_name\" content=\"Not\u00edcias - Franciscanos\" \/>\n<meta property=\"article:published_time\" content=\"2020-02-07T10:23:37+00:00\" \/>\n<meta property=\"article:modified_time\" content=\"2021-08-29T20:40:30+00:00\" \/>\n<meta property=\"og:image\" content=\"https:\/\/franciscanos.org.br\/noticias\/wp-content\/uploads\/2020\/02\/marta_07d.jpg\" \/>\n\t<meta property=\"og:image:width\" content=\"273\" \/>\n\t<meta property=\"og:image:height\" content=\"181\" \/>\n\t<meta property=\"og:image:type\" content=\"image\/jpeg\" \/>\n<meta name=\"author\" content=\"moacir\" \/>\n<meta name=\"twitter:card\" content=\"summary_large_image\" \/>\n<meta name=\"twitter:label1\" content=\"Escrito por\" \/>\n\t<meta name=\"twitter:data1\" content=\"moacir\" \/>\n\t<meta name=\"twitter:label2\" content=\"Est. tempo de leitura\" \/>\n\t<meta name=\"twitter:data2\" content=\"3 minutos\" \/>\n<script type=\"application\/ld+json\" class=\"yoast-schema-graph\">{\"@context\":\"https:\/\/schema.org\",\"@graph\":[{\"@type\":\"WebSite\",\"@id\":\"https:\/\/franciscanos.org.br\/noticias\/#website\",\"url\":\"https:\/\/franciscanos.org.br\/noticias\/\",\"name\":\"Not\u00edcias - Franciscanos\",\"description\":\"Prov\u00edncia Franciscana da Imaculada Concei\u00e7\u00e3o do Brasil - Ordem dos Frades Menores - OFM\",\"potentialAction\":[{\"@type\":\"SearchAction\",\"target\":{\"@type\":\"EntryPoint\",\"urlTemplate\":\"https:\/\/franciscanos.org.br\/noticias\/?s={search_term_string}\"},\"query-input\":\"required name=search_term_string\"}],\"inLanguage\":\"pt-BR\"},{\"@type\":\"ImageObject\",\"inLanguage\":\"pt-BR\",\"@id\":\"https:\/\/franciscanos.org.br\/noticias\/papa-nao-ha-humildade-sem-humilhacoes.html#primaryimage\",\"url\":\"https:\/\/franciscanos.org.br\/noticias\/wp-content\/uploads\/2020\/02\/marta_07d.jpg\",\"contentUrl\":\"https:\/\/franciscanos.org.br\/noticias\/wp-content\/uploads\/2020\/02\/marta_07d.jpg\",\"width\":273,\"height\":181},{\"@type\":\"WebPage\",\"@id\":\"https:\/\/franciscanos.org.br\/noticias\/papa-nao-ha-humildade-sem-humilhacoes.html#webpage\",\"url\":\"https:\/\/franciscanos.org.br\/noticias\/papa-nao-ha-humildade-sem-humilhacoes.html\",\"name\":\"Papa: n\u00e3o h\u00e1 humildade sem humilha\u00e7\u00f5es - Not\u00edcias - Franciscanos\",\"isPartOf\":{\"@id\":\"https:\/\/franciscanos.org.br\/noticias\/#website\"},\"primaryImageOfPage\":{\"@id\":\"https:\/\/franciscanos.org.br\/noticias\/papa-nao-ha-humildade-sem-humilhacoes.html#primaryimage\"},\"datePublished\":\"2020-02-07T10:23:37+00:00\",\"dateModified\":\"2021-08-29T20:40:30+00:00\",\"author\":{\"@id\":\"https:\/\/franciscanos.org.br\/noticias\/#\/schema\/person\/b5c8cba458c330ccff548b056e95a5d4\"},\"breadcrumb\":{\"@id\":\"https:\/\/franciscanos.org.br\/noticias\/papa-nao-ha-humildade-sem-humilhacoes.html#breadcrumb\"},\"inLanguage\":\"pt-BR\",\"potentialAction\":[{\"@type\":\"ReadAction\",\"target\":[\"https:\/\/franciscanos.org.br\/noticias\/papa-nao-ha-humildade-sem-humilhacoes.html\"]}]},{\"@type\":\"BreadcrumbList\",\"@id\":\"https:\/\/franciscanos.org.br\/noticias\/papa-nao-ha-humildade-sem-humilhacoes.html#breadcrumb\",\"itemListElement\":[{\"@type\":\"ListItem\",\"position\":1,\"name\":\"Home\",\"item\":\"https:\/\/franciscanos.org.br\/noticias\"},{\"@type\":\"ListItem\",\"position\":2,\"name\":\"Papa: n\u00e3o h\u00e1 humildade sem humilha\u00e7\u00f5es\"}]},{\"@type\":\"Person\",\"@id\":\"https:\/\/franciscanos.org.br\/noticias\/#\/schema\/person\/b5c8cba458c330ccff548b056e95a5d4\",\"name\":\"moacir\",\"image\":{\"@type\":\"ImageObject\",\"inLanguage\":\"pt-BR\",\"@id\":\"https:\/\/franciscanos.org.br\/noticias\/#\/schema\/person\/image\/\",\"url\":\"https:\/\/secure.gravatar.com\/avatar\/d08aa2ce4c8dd416d4479aa8536fcf64?s=96&d=mm&r=g\",\"contentUrl\":\"https:\/\/secure.gravatar.com\/avatar\/d08aa2ce4c8dd416d4479aa8536fcf64?s=96&d=mm&r=g\",\"caption\":\"moacir\"},\"url\":\"https:\/\/franciscanos.org.br\/noticias\/author\/moacir\"}]}<\/script>\n<!-- \/ Yoast SEO plugin. -->","yoast_head_json":{"title":"Papa: n\u00e3o h\u00e1 humildade sem humilha\u00e7\u00f5es - Not\u00edcias - Franciscanos","robots":{"index":"index","follow":"follow","max-snippet":"max-snippet:-1","max-image-preview":"max-image-preview:large","max-video-preview":"max-video-preview:-1"},"canonical":"https:\/\/franciscanos.org.br\/noticias\/papa-nao-ha-humildade-sem-humilhacoes.html","og_locale":"pt_BR","og_type":"article","og_title":"Papa: n\u00e3o h\u00e1 humildade sem humilha\u00e7\u00f5es - Not\u00edcias - Franciscanos","og_description":"Missa em Santa Marta","og_url":"https:\/\/franciscanos.org.br\/noticias\/papa-nao-ha-humildade-sem-humilhacoes.html","og_site_name":"Not\u00edcias - Franciscanos","article_published_time":"2020-02-07T10:23:37+00:00","article_modified_time":"2021-08-29T20:40:30+00:00","og_image":[{"width":273,"height":181,"url":"https:\/\/franciscanos.org.br\/noticias\/wp-content\/uploads\/2020\/02\/marta_07d.jpg","type":"image\/jpeg"}],"author":"moacir","twitter_card":"summary_large_image","twitter_misc":{"Escrito por":"moacir","Est. tempo de leitura":"3 minutos"},"schema":{"@context":"https:\/\/schema.org","@graph":[{"@type":"WebSite","@id":"https:\/\/franciscanos.org.br\/noticias\/#website","url":"https:\/\/franciscanos.org.br\/noticias\/","name":"Not\u00edcias - Franciscanos","description":"Prov\u00edncia Franciscana da Imaculada Concei\u00e7\u00e3o do Brasil - Ordem dos Frades Menores - OFM","potentialAction":[{"@type":"SearchAction","target":{"@type":"EntryPoint","urlTemplate":"https:\/\/franciscanos.org.br\/noticias\/?s={search_term_string}"},"query-input":"required name=search_term_string"}],"inLanguage":"pt-BR"},{"@type":"ImageObject","inLanguage":"pt-BR","@id":"https:\/\/franciscanos.org.br\/noticias\/papa-nao-ha-humildade-sem-humilhacoes.html#primaryimage","url":"https:\/\/franciscanos.org.br\/noticias\/wp-content\/uploads\/2020\/02\/marta_07d.jpg","contentUrl":"https:\/\/franciscanos.org.br\/noticias\/wp-content\/uploads\/2020\/02\/marta_07d.jpg","width":273,"height":181},{"@type":"WebPage","@id":"https:\/\/franciscanos.org.br\/noticias\/papa-nao-ha-humildade-sem-humilhacoes.html#webpage","url":"https:\/\/franciscanos.org.br\/noticias\/papa-nao-ha-humildade-sem-humilhacoes.html","name":"Papa: n\u00e3o h\u00e1 humildade sem humilha\u00e7\u00f5es - Not\u00edcias - Franciscanos","isPartOf":{"@id":"https:\/\/franciscanos.org.br\/noticias\/#website"},"primaryImageOfPage":{"@id":"https:\/\/franciscanos.org.br\/noticias\/papa-nao-ha-humildade-sem-humilhacoes.html#primaryimage"},"datePublished":"2020-02-07T10:23:37+00:00","dateModified":"2021-08-29T20:40:30+00:00","author":{"@id":"https:\/\/franciscanos.org.br\/noticias\/#\/schema\/person\/b5c8cba458c330ccff548b056e95a5d4"},"breadcrumb":{"@id":"https:\/\/franciscanos.org.br\/noticias\/papa-nao-ha-humildade-sem-humilhacoes.html#breadcrumb"},"inLanguage":"pt-BR","potentialAction":[{"@type":"ReadAction","target":["https:\/\/franciscanos.org.br\/noticias\/papa-nao-ha-humildade-sem-humilhacoes.html"]}]},{"@type":"BreadcrumbList","@id":"https:\/\/franciscanos.org.br\/noticias\/papa-nao-ha-humildade-sem-humilhacoes.html#breadcrumb","itemListElement":[{"@type":"ListItem","position":1,"name":"Home","item":"https:\/\/franciscanos.org.br\/noticias"},{"@type":"ListItem","position":2,"name":"Papa: n\u00e3o h\u00e1 humildade sem humilha\u00e7\u00f5es"}]},{"@type":"Person","@id":"https:\/\/franciscanos.org.br\/noticias\/#\/schema\/person\/b5c8cba458c330ccff548b056e95a5d4","name":"moacir","image":{"@type":"ImageObject","inLanguage":"pt-BR","@id":"https:\/\/franciscanos.org.br\/noticias\/#\/schema\/person\/image\/","url":"https:\/\/secure.gravatar.com\/avatar\/d08aa2ce4c8dd416d4479aa8536fcf64?s=96&d=mm&r=g","contentUrl":"https:\/\/secure.gravatar.com\/avatar\/d08aa2ce4c8dd416d4479aa8536fcf64?s=96&d=mm&r=g","caption":"moacir"},"url":"https:\/\/franciscanos.org.br\/noticias\/author\/moacir"}]}},"_links":{"self":[{"href":"https:\/\/franciscanos.org.br\/noticias\/wp-json\/wp\/v2\/posts\/218816"}],"collection":[{"href":"https:\/\/franciscanos.org.br\/noticias\/wp-json\/wp\/v2\/posts"}],"about":[{"href":"https:\/\/franciscanos.org.br\/noticias\/wp-json\/wp\/v2\/types\/post"}],"author":[{"embeddable":true,"href":"https:\/\/franciscanos.org.br\/noticias\/wp-json\/wp\/v2\/users\/3"}],"replies":[{"embeddable":true,"href":"https:\/\/franciscanos.org.br\/noticias\/wp-json\/wp\/v2\/comments?post=218816"}],"version-history":[{"count":2,"href":"https:\/\/franciscanos.org.br\/noticias\/wp-json\/wp\/v2\/posts\/218816\/revisions"}],"predecessor-version":[{"id":234055,"href":"https:\/\/franciscanos.org.br\/noticias\/wp-json\/wp\/v2\/posts\/218816\/revisions\/234055"}],"wp:featuredmedia":[{"embeddable":true,"href":"https:\/\/franciscanos.org.br\/noticias\/wp-json\/wp\/v2\/media\/218820"}],"wp:attachment":[{"href":"https:\/\/franciscanos.org.br\/noticias\/wp-json\/wp\/v2\/media?parent=218816"}],"wp:term":[{"taxonomy":"category","embeddable":true,"href":"https:\/\/franciscanos.org.br\/noticias\/wp-json\/wp\/v2\/categories?post=218816"},{"taxonomy":"post_tag","embeddable":true,"href":"https:\/\/franciscanos.org.br\/noticias\/wp-json\/wp\/v2\/tags?post=218816"}],"curies":[{"name":"wp","href":"https:\/\/api.w.org\/{rel}","templated":true}]}}