{"id":21858,"date":"2012-08-08T13:06:14","date_gmt":"2012-08-08T16:06:14","guid":{"rendered":"http:\/\/new.franciscanos.org.br\/?p=21858"},"modified":"2019-03-25T20:01:07","modified_gmt":"2019-03-25T23:01:07","slug":"tema-da-vocacao-ocupa-os-participantes-da-uclaf","status":"publish","type":"post","link":"https:\/\/franciscanos.org.br\/noticias\/tema-da-vocacao-ocupa-os-participantes-da-uclaf.html","title":{"rendered":"Tema da voca\u00e7\u00e3o ocupa os participantes da UCLAF"},"content":{"rendered":"<p><a href=\"http:\/\/franciscanos.org.br\/wp-content\/uploads\/2012\/08\/2968_080812.jpg\"><img loading=\"lazy\" class=\"alignleft size-full wp-image-21862\" title=\"2968_080812\" src=\"http:\/\/franciscanos.org.br\/wp-content\/uploads\/2012\/08\/2968_080812.jpg\" alt=\"\" width=\"300\" height=\"386\" \/><\/a>Na manh\u00e3 de hoje, ap\u00f3s a Celebra\u00e7\u00e3o Eucar\u00edstica, a cada dia presidida pelos frades de uma das quatro Confer\u00eancias &#8211; e sempre organizada e animada por Frei Alberto Eckel e Frei \u00a0Florival Toledo -, Frei Beto Breis, tamb\u00e9m assessor para a Assembleia, exp\u00f4s o tema da voca\u00e7\u00e3o na perspectiva do tema: Viver o Evangelho como Menores na Am\u00e9rica Latina e no Caribe.<\/p>\n<p>Frei Beto ressaltou a import\u00e2ncia do cultivo vocacional permanente como parte do pr\u00f3prio processo de forma\u00e7\u00e3o, sempre tamb\u00e9m permanente, pois s\u00e3o \u00a0\u00e2mbitos em que nunca um frade ou formando est\u00e1 pronto, mas sempre por recome\u00e7ar. Frei Beto enfatizou que a perseveran\u00e7a n\u00e3o se confunde com a simples perman\u00eancia na institui\u00e7\u00e3o, mas comporta, antes de tudo, a fidelidade ao carisma professado e vivido como forma de vida.<\/p>\n<div id=\"attachment_21874\" style=\"width: 410px\" class=\"wp-caption alignright\"><a href=\"http:\/\/franciscanos.org.br\/wp-content\/uploads\/2012\/08\/2970_090812.jpg\"><img aria-describedby=\"caption-attachment-21874\" loading=\"lazy\" class=\"size-full wp-image-21874\" title=\"2970_090812\" src=\"http:\/\/franciscanos.org.br\/wp-content\/uploads\/2012\/08\/2970_090812.jpg\" alt=\"\" width=\"400\" height=\"300\" \/><\/a><p id=\"caption-attachment-21874\" class=\"wp-caption-text\">Frei Armando Montoya<\/p><\/div>\n<p><strong>O minist\u00e9rio do acompanhamento nas etapas da Forma\u00e7\u00e3o<\/strong><br \/>\nNa tarde de ontem, a reflex\u00e3o da Assembleia da UCLAF continuou sendo em torno do cultivo vocacional, por\u00e9m, mais especificamente, sobre o minist\u00e9rio do acompanhamento nas diversas etapas de forma\u00e7\u00e3o. Frei Armando Montoya, da Col\u00f4mbia, partindo de sua longa experi\u00eancia como formador, fez uma bela exposi\u00e7\u00e3o sobre o tema. E ao falar da proposta que fazemos aos jovens candidatos e da nossa identidade franciscana, fez algumas perguntas e considera\u00e7\u00f5es: \u201cQue proposta temos para nossos jovens de hoje? Que lhes oferecemos? A resposta parece simples: nosso ser franciscanos. Por\u00e9m, \u00e9 precisamente ali que reside nossa debilidade&#8230; Perdemos os contornos de nossa identidade. Uma das raz\u00f5es que aparecem como causas de desist\u00eancia \u00e9 a falta de identidade pr\u00f3pria. Come\u00e7ando pelo muito que temos falado sobre o tipo de Ordem que somos. Ordem clerical? Ordem laical? Ordem mista? \u00c9 necess\u00e1rio chegar a definir, partindo disso, nossa identidade, por diversos motivos. Somos IRM\u00c3OS MENORES, n\u00e3o somos um grupo de religiosos simplesmente, nem somos Jesu\u00edtas, Dominicanos ou Beneditinos, muito menos uma comunidade de sacerdotes; e esta identidade de Irm\u00e3os e Menores deve atravessar palpavelmente todas as etapas da forma\u00e7\u00e3o. Podemos recuperar nossa identidade de Irm\u00e3os Menores, de perten\u00e7a \u00e0 Religi\u00e3o iniciada por S\u00e3o Francisco, atrav\u00e9s de uma forma\u00e7\u00e3o permanente e inicial (ordem das palavras n\u00e3o \u00e9 por engano), fundamentada nos princ\u00edpios teol\u00f3gicos e nos eixos de nossa espiritualidade e na inser\u00e7\u00e3o permanente no mundo pobre\u201d.<\/p>\n<p><strong>PROJETO AMAZ\u00d4NIA<\/strong><\/p>\n<p>No segundo dia de trabalho dos Ministros Provinciais da Am\u00e9rica Latina e do Caribe, reunidos em Vila Velha desde segunda-feira, o Projeto Amaz\u00f4nia foi tratado em diversas falas. Primeiro, Frei Jo\u00e3o In\u00e1cio M\u00fcller, presidente da UCLAF, em seu relat\u00f3rio, reservou bom espa\u00e7o de tempo para mostrar o hist\u00f3rico e como se constituiu a Fraternidade de Requena, no Peru, que concretiza o projeto da Ordem de aumentar a presen\u00e7a franciscana na Amaz\u00f4nia, tendo em vista a for\u00e7a humanizadora do Evangelho, a salvaguarda e a integridade da cria\u00e7\u00e3o, e a defesa e a promo\u00e7\u00e3o das culturas aut\u00f3ctones.<\/p>\n<p>Tamb\u00e9m Frei Nestor Schwertz, definidor geral para a Am\u00e9rica Latina, relembrou os passos dados em v\u00e1rios congressos e reuni\u00f5es at\u00e9 que fosse constitu\u00edda a Fraternidade de Requena. Afirmou que desde o s\u00e9culo XVI sempre houve a presen\u00e7a franciscana na regi\u00e3o amaz\u00f4nica, por\u00e9m em experi\u00eancias fr\u00e1geis e desarticuladas.<\/p>\n<p>J\u00e1 Frei Eug\u00eanio Ortiz, membro da Fraternidade constitu\u00edda no in\u00edcio deste ano, al\u00e9m de apresentar um folder sobre o Projeto Amaz\u00f4nia, informou sobre como os mission\u00e1rios t\u00eam se dedicado, num primeiro momento, \u00e0 forma\u00e7\u00e3o e ao discernimento sobre o pr\u00f3prio projeto, para somente depois assumir trabalhos em sintonia com o que se espera de uma fraternidade mission\u00e1ria e evangelizadora no contexto da Amaz\u00f4nia. Citando o mandato 24 do \u00faltimo Cap\u00edtulo Geral, Frei Eug\u00eanio explicou que, na sua realiza\u00e7\u00e3o, o projeto tem tr\u00eas compromissos concretos: 1) Apoiar e refor\u00e7ar as presen\u00e7as j\u00e1 existentes desde o s\u00e9culo XVI (Vicariatos e Cust\u00f3dias); 2) Criar novas fraternidades interprovinciais; 3) Criar uma rede de solidariedade em n\u00edvel de toda a Ordem, da Fam\u00edlia Franciscana e outros grupos.<\/p>\n<p>No final da manh\u00e3, Frei Sandro Roberto da Costa, fez uma exposi\u00e7\u00e3o sobre o curso Master em Evangeliza\u00e7\u00e3o, que teve in\u00edcio em 2009 e, neste ano, por falta de inscri\u00e7\u00f5es, n\u00e3o se realizou. Frei Sandro fez alus\u00e3o \u00e0s boas avalia\u00e7\u00f5es feitas pelos que participaram do curso, e tamb\u00e9m \u00e0s dificuldades encontradas. At\u00e9 o final da Assembleia, os Ministros da UCLAF dever\u00e3o posicionar-se sobre a quest\u00e3o.<\/p>\n<p>No per\u00edodo da tarde, as Confer\u00eancias apresentaram estat\u00edsticas referentes aos que ingressam na Ordem, aos que a deixam, os motivos pelos quais fazem isso, e as iniciativas que as entidades est\u00e3o tomando na tentativa de diminuir o n\u00famero de egressos.<\/p>\n<p><strong>Impactos da P\u00f3s-modernidade na Vida Religiosa<\/strong><br \/>\nFrei Volney Berkenbrock \u00e9 um dos assessores convidados para a Assembleia e falou aos participantes sobre quais mudan\u00e7as culturais est\u00e3o ocorrendo em nossos dias e como elas interferem na Vida Religiosa. Trata-se, em outras palavras, da incid\u00eancia da P\u00f3s-modernidade em nosso modo de viver e em nossa sociedade. Sua apresenta\u00e7\u00e3o suscitou da Assembleia contribui\u00e7\u00f5es e perguntas para esclarecimento.<\/p>\n<p><strong>Por\u00a0Frei Walter de Carvalho J\u00fanior<\/strong><\/p>\n","protected":false},"excerpt":{"rendered":"<p>OFM<\/p>\n","protected":false},"author":1,"featured_media":201840,"comment_status":"closed","ping_status":"closed","sticky":false,"template":"","format":"standard","meta":[],"categories":[1],"tags":[128,310],"acf":[],"yoast_head":"<!-- This site is optimized with the Yoast SEO plugin v19.2 - https:\/\/yoast.com\/wordpress\/plugins\/seo\/ -->\n<title>Tema da voca\u00e7\u00e3o ocupa os participantes da UCLAF - Not\u00edcias - Franciscanos<\/title>\n<meta name=\"robots\" content=\"index, follow, max-snippet:-1, max-image-preview:large, max-video-preview:-1\" \/>\n<link rel=\"canonical\" href=\"https:\/\/franciscanos.org.br\/noticias\/tema-da-vocacao-ocupa-os-participantes-da-uclaf.html\" \/>\n<meta property=\"og:locale\" content=\"pt_BR\" \/>\n<meta property=\"og:type\" content=\"article\" \/>\n<meta property=\"og:title\" content=\"Tema da voca\u00e7\u00e3o ocupa os participantes da UCLAF - Not\u00edcias - Franciscanos\" \/>\n<meta property=\"og:description\" content=\"OFM\" \/>\n<meta property=\"og:url\" content=\"https:\/\/franciscanos.org.br\/noticias\/tema-da-vocacao-ocupa-os-participantes-da-uclaf.html\" \/>\n<meta property=\"og:site_name\" content=\"Not\u00edcias - Franciscanos\" \/>\n<meta property=\"article:published_time\" content=\"2012-08-08T16:06:14+00:00\" \/>\n<meta property=\"article:modified_time\" content=\"2019-03-25T23:01:07+00:00\" \/>\n<meta property=\"og:image\" content=\"https:\/\/franciscanos.org.br\/noticias\/wp-content\/uploads\/2012\/08\/uclaf.jpg\" \/>\n\t<meta property=\"og:image:width\" content=\"273\" \/>\n\t<meta property=\"og:image:height\" content=\"181\" \/>\n\t<meta property=\"og:image:type\" content=\"image\/jpeg\" \/>\n<meta name=\"author\" content=\"admin\" \/>\n<meta name=\"twitter:card\" content=\"summary_large_image\" \/>\n<meta name=\"twitter:label1\" content=\"Escrito por\" \/>\n\t<meta name=\"twitter:data1\" content=\"admin\" \/>\n\t<meta name=\"twitter:label2\" content=\"Est. tempo de leitura\" \/>\n\t<meta name=\"twitter:data2\" content=\"5 minutos\" \/>\n<script type=\"application\/ld+json\" class=\"yoast-schema-graph\">{\"@context\":\"https:\/\/schema.org\",\"@graph\":[{\"@type\":\"WebSite\",\"@id\":\"https:\/\/franciscanos.org.br\/noticias\/#website\",\"url\":\"https:\/\/franciscanos.org.br\/noticias\/\",\"name\":\"Not\u00edcias - Franciscanos\",\"description\":\"Prov\u00edncia Franciscana da Imaculada Concei\u00e7\u00e3o do Brasil - Ordem dos Frades Menores - OFM\",\"potentialAction\":[{\"@type\":\"SearchAction\",\"target\":{\"@type\":\"EntryPoint\",\"urlTemplate\":\"https:\/\/franciscanos.org.br\/noticias\/?s={search_term_string}\"},\"query-input\":\"required name=search_term_string\"}],\"inLanguage\":\"pt-BR\"},{\"@type\":\"ImageObject\",\"inLanguage\":\"pt-BR\",\"@id\":\"https:\/\/franciscanos.org.br\/noticias\/tema-da-vocacao-ocupa-os-participantes-da-uclaf.html#primaryimage\",\"url\":\"https:\/\/franciscanos.org.br\/noticias\/wp-content\/uploads\/2012\/08\/uclaf.jpg\",\"contentUrl\":\"https:\/\/franciscanos.org.br\/noticias\/wp-content\/uploads\/2012\/08\/uclaf.jpg\",\"width\":273,\"height\":181},{\"@type\":\"WebPage\",\"@id\":\"https:\/\/franciscanos.org.br\/noticias\/tema-da-vocacao-ocupa-os-participantes-da-uclaf.html#webpage\",\"url\":\"https:\/\/franciscanos.org.br\/noticias\/tema-da-vocacao-ocupa-os-participantes-da-uclaf.html\",\"name\":\"Tema da voca\u00e7\u00e3o ocupa os participantes da UCLAF - Not\u00edcias - Franciscanos\",\"isPartOf\":{\"@id\":\"https:\/\/franciscanos.org.br\/noticias\/#website\"},\"primaryImageOfPage\":{\"@id\":\"https:\/\/franciscanos.org.br\/noticias\/tema-da-vocacao-ocupa-os-participantes-da-uclaf.html#primaryimage\"},\"datePublished\":\"2012-08-08T16:06:14+00:00\",\"dateModified\":\"2019-03-25T23:01:07+00:00\",\"author\":{\"@id\":\"https:\/\/franciscanos.org.br\/noticias\/#\/schema\/person\/b38fbf43118f02820bd932f2e4b14ad3\"},\"breadcrumb\":{\"@id\":\"https:\/\/franciscanos.org.br\/noticias\/tema-da-vocacao-ocupa-os-participantes-da-uclaf.html#breadcrumb\"},\"inLanguage\":\"pt-BR\",\"potentialAction\":[{\"@type\":\"ReadAction\",\"target\":[\"https:\/\/franciscanos.org.br\/noticias\/tema-da-vocacao-ocupa-os-participantes-da-uclaf.html\"]}]},{\"@type\":\"BreadcrumbList\",\"@id\":\"https:\/\/franciscanos.org.br\/noticias\/tema-da-vocacao-ocupa-os-participantes-da-uclaf.html#breadcrumb\",\"itemListElement\":[{\"@type\":\"ListItem\",\"position\":1,\"name\":\"Home\",\"item\":\"https:\/\/franciscanos.org.br\/noticias\"},{\"@type\":\"ListItem\",\"position\":2,\"name\":\"Tema da voca\u00e7\u00e3o ocupa os participantes da UCLAF\"}]},{\"@type\":\"Person\",\"@id\":\"https:\/\/franciscanos.org.br\/noticias\/#\/schema\/person\/b38fbf43118f02820bd932f2e4b14ad3\",\"name\":\"admin\",\"image\":{\"@type\":\"ImageObject\",\"inLanguage\":\"pt-BR\",\"@id\":\"https:\/\/franciscanos.org.br\/noticias\/#\/schema\/person\/image\/\",\"url\":\"https:\/\/secure.gravatar.com\/avatar\/e8495742d34d0ba6448ea1c628263b3e?s=96&d=mm&r=g\",\"contentUrl\":\"https:\/\/secure.gravatar.com\/avatar\/e8495742d34d0ba6448ea1c628263b3e?s=96&d=mm&r=g\",\"caption\":\"admin\"},\"url\":\"https:\/\/franciscanos.org.br\/noticias\/author\/admin\"}]}<\/script>\n<!-- \/ Yoast SEO plugin. -->","yoast_head_json":{"title":"Tema da voca\u00e7\u00e3o ocupa os participantes da UCLAF - Not\u00edcias - Franciscanos","robots":{"index":"index","follow":"follow","max-snippet":"max-snippet:-1","max-image-preview":"max-image-preview:large","max-video-preview":"max-video-preview:-1"},"canonical":"https:\/\/franciscanos.org.br\/noticias\/tema-da-vocacao-ocupa-os-participantes-da-uclaf.html","og_locale":"pt_BR","og_type":"article","og_title":"Tema da voca\u00e7\u00e3o ocupa os participantes da UCLAF - Not\u00edcias - Franciscanos","og_description":"OFM","og_url":"https:\/\/franciscanos.org.br\/noticias\/tema-da-vocacao-ocupa-os-participantes-da-uclaf.html","og_site_name":"Not\u00edcias - Franciscanos","article_published_time":"2012-08-08T16:06:14+00:00","article_modified_time":"2019-03-25T23:01:07+00:00","og_image":[{"width":273,"height":181,"url":"https:\/\/franciscanos.org.br\/noticias\/wp-content\/uploads\/2012\/08\/uclaf.jpg","type":"image\/jpeg"}],"author":"admin","twitter_card":"summary_large_image","twitter_misc":{"Escrito por":"admin","Est. tempo de leitura":"5 minutos"},"schema":{"@context":"https:\/\/schema.org","@graph":[{"@type":"WebSite","@id":"https:\/\/franciscanos.org.br\/noticias\/#website","url":"https:\/\/franciscanos.org.br\/noticias\/","name":"Not\u00edcias - Franciscanos","description":"Prov\u00edncia Franciscana da Imaculada Concei\u00e7\u00e3o do Brasil - Ordem dos Frades Menores - OFM","potentialAction":[{"@type":"SearchAction","target":{"@type":"EntryPoint","urlTemplate":"https:\/\/franciscanos.org.br\/noticias\/?s={search_term_string}"},"query-input":"required name=search_term_string"}],"inLanguage":"pt-BR"},{"@type":"ImageObject","inLanguage":"pt-BR","@id":"https:\/\/franciscanos.org.br\/noticias\/tema-da-vocacao-ocupa-os-participantes-da-uclaf.html#primaryimage","url":"https:\/\/franciscanos.org.br\/noticias\/wp-content\/uploads\/2012\/08\/uclaf.jpg","contentUrl":"https:\/\/franciscanos.org.br\/noticias\/wp-content\/uploads\/2012\/08\/uclaf.jpg","width":273,"height":181},{"@type":"WebPage","@id":"https:\/\/franciscanos.org.br\/noticias\/tema-da-vocacao-ocupa-os-participantes-da-uclaf.html#webpage","url":"https:\/\/franciscanos.org.br\/noticias\/tema-da-vocacao-ocupa-os-participantes-da-uclaf.html","name":"Tema da voca\u00e7\u00e3o ocupa os participantes da UCLAF - Not\u00edcias - Franciscanos","isPartOf":{"@id":"https:\/\/franciscanos.org.br\/noticias\/#website"},"primaryImageOfPage":{"@id":"https:\/\/franciscanos.org.br\/noticias\/tema-da-vocacao-ocupa-os-participantes-da-uclaf.html#primaryimage"},"datePublished":"2012-08-08T16:06:14+00:00","dateModified":"2019-03-25T23:01:07+00:00","author":{"@id":"https:\/\/franciscanos.org.br\/noticias\/#\/schema\/person\/b38fbf43118f02820bd932f2e4b14ad3"},"breadcrumb":{"@id":"https:\/\/franciscanos.org.br\/noticias\/tema-da-vocacao-ocupa-os-participantes-da-uclaf.html#breadcrumb"},"inLanguage":"pt-BR","potentialAction":[{"@type":"ReadAction","target":["https:\/\/franciscanos.org.br\/noticias\/tema-da-vocacao-ocupa-os-participantes-da-uclaf.html"]}]},{"@type":"BreadcrumbList","@id":"https:\/\/franciscanos.org.br\/noticias\/tema-da-vocacao-ocupa-os-participantes-da-uclaf.html#breadcrumb","itemListElement":[{"@type":"ListItem","position":1,"name":"Home","item":"https:\/\/franciscanos.org.br\/noticias"},{"@type":"ListItem","position":2,"name":"Tema da voca\u00e7\u00e3o ocupa os participantes da UCLAF"}]},{"@type":"Person","@id":"https:\/\/franciscanos.org.br\/noticias\/#\/schema\/person\/b38fbf43118f02820bd932f2e4b14ad3","name":"admin","image":{"@type":"ImageObject","inLanguage":"pt-BR","@id":"https:\/\/franciscanos.org.br\/noticias\/#\/schema\/person\/image\/","url":"https:\/\/secure.gravatar.com\/avatar\/e8495742d34d0ba6448ea1c628263b3e?s=96&d=mm&r=g","contentUrl":"https:\/\/secure.gravatar.com\/avatar\/e8495742d34d0ba6448ea1c628263b3e?s=96&d=mm&r=g","caption":"admin"},"url":"https:\/\/franciscanos.org.br\/noticias\/author\/admin"}]}},"_links":{"self":[{"href":"https:\/\/franciscanos.org.br\/noticias\/wp-json\/wp\/v2\/posts\/21858"}],"collection":[{"href":"https:\/\/franciscanos.org.br\/noticias\/wp-json\/wp\/v2\/posts"}],"about":[{"href":"https:\/\/franciscanos.org.br\/noticias\/wp-json\/wp\/v2\/types\/post"}],"author":[{"embeddable":true,"href":"https:\/\/franciscanos.org.br\/noticias\/wp-json\/wp\/v2\/users\/1"}],"replies":[{"embeddable":true,"href":"https:\/\/franciscanos.org.br\/noticias\/wp-json\/wp\/v2\/comments?post=21858"}],"version-history":[{"count":0,"href":"https:\/\/franciscanos.org.br\/noticias\/wp-json\/wp\/v2\/posts\/21858\/revisions"}],"wp:featuredmedia":[{"embeddable":true,"href":"https:\/\/franciscanos.org.br\/noticias\/wp-json\/wp\/v2\/media\/201840"}],"wp:attachment":[{"href":"https:\/\/franciscanos.org.br\/noticias\/wp-json\/wp\/v2\/media?parent=21858"}],"wp:term":[{"taxonomy":"category","embeddable":true,"href":"https:\/\/franciscanos.org.br\/noticias\/wp-json\/wp\/v2\/categories?post=21858"},{"taxonomy":"post_tag","embeddable":true,"href":"https:\/\/franciscanos.org.br\/noticias\/wp-json\/wp\/v2\/tags?post=21858"}],"curies":[{"name":"wp","href":"https:\/\/api.w.org\/{rel}","templated":true}]}}