{"id":218515,"date":"2020-02-05T07:09:55","date_gmt":"2020-02-05T10:09:55","guid":{"rendered":"https:\/\/franciscanos.org.br\/noticias\/?p=218515"},"modified":"2021-08-29T17:42:22","modified_gmt":"2021-08-29T20:42:22","slug":"papa-as-riquezas-deste-mundo-vao-embora-tambem-o-dinheiro-o-sudario-nao-tinha-bolsos","status":"publish","type":"post","link":"https:\/\/franciscanos.org.br\/noticias\/papa-as-riquezas-deste-mundo-vao-embora-tambem-o-dinheiro-o-sudario-nao-tinha-bolsos.html","title":{"rendered":"Papa: As riquezas deste mundo v\u00e3o embora, tamb\u00e9m o dinheiro. O sud\u00e1rio n\u00e3o tinha bolsos."},"content":{"rendered":"<div id=\"attachment_218516\" style=\"width: 1010px\" class=\"wp-caption alignnone\"><img aria-describedby=\"caption-attachment-218516\" loading=\"lazy\" class=\"wp-image-218516 size-full\" src=\"https:\/\/franciscanos.org.br\/noticias\/wp-content\/uploads\/2020\/02\/audiencia_01.jpg\" alt=\"\" width=\"1000\" height=\"563\" srcset=\"https:\/\/franciscanos.org.br\/noticias\/wp-content\/uploads\/2020\/02\/audiencia_01.jpg 1000w, https:\/\/franciscanos.org.br\/noticias\/wp-content\/uploads\/2020\/02\/audiencia_01-450x253.jpg 450w, https:\/\/franciscanos.org.br\/noticias\/wp-content\/uploads\/2020\/02\/audiencia_01-768x432.jpg 768w, https:\/\/franciscanos.org.br\/noticias\/wp-content\/uploads\/2020\/02\/audiencia_01-150x84.jpg 150w\" sizes=\"(max-width: 1000px) 100vw, 1000px\" \/><p id=\"caption-attachment-218516\" class=\"wp-caption-text\">\u00a0 \u00a0 \u00a0 \u00a0 \u00a0 \u00a0 \u00a0 \u00a0 \u00a0 \u00a0 \u00a0 \u00a0 \u00a0 \u00a0 \u00a0 \u00a0 \u00a0 \u00a0 \u00a0 \u00a0 \u00a0 \u00a0 \u00a0 \u00a0 \u00a0 \u00a0 \u00a0 \u00a0 \u00a0 \u00a0 \u00a0 \u00a0 \u00a0 \u00a0 \u00a0 \u00a0 \u00a0 \u00a0 \u00a0 \u00a0 \u00a0 \u00a0 \u00a0 \u00a0 \u00a0 \u00a0 \u00a0 \u00a0 \u00a0 \u00a0 \u00a0 \u00a0 \u00a0 \u00a0 \u00a0 <em>\u00a0 \u00a0 \u00a0 \u00a0 \u00a0 \u00a0 \u00a0 Imagens: Vatican Media<\/em><\/p><\/div>\n<p><strong>Cidade do Vaticano<\/strong> &#8211; A Sala Paulo VI acolheu esta quarta-feira (05\/02) milhares de fi\u00e9is e peregrinos que vieram ao Vaticano para a Audi\u00eancia Geral. Na semana passada, o Papa Francisco anunciou um novo ciclo de catequeses dedicado \u00e0s bem-aventuran\u00e7as e hoje comentou a primeira das oito proclamadas por Jesus: bem-aventurados os pobres em esp\u00edrito, porque deles \u00e9 o Reino dos C\u00e9us\u201d. (Mt 5,3).<\/p>\n<p>O Pont\u00edfice come\u00e7ou explicando o significado de \u201cpobres\u201d: aqui n\u00e3o se trata simplesmente de uma pobreza material, mas de ser pobres em esp\u00edrito. O esp\u00edrito, segundo a B\u00edblia, \u00e9 o sopro da vida que Deus comunicou a Ad\u00e3o, \u00e9 a nossa dimens\u00e3o mais \u00edntima, a dimens\u00e3o espiritual, a que nos torna pessoas humanas, o n\u00facleo profundo do nosso ser. Portanto, os \u201cpobres em esp\u00edrito\u201d s\u00e3o aqueles que s\u00e3o e se sentem pobres, mendicantes, no \u00edntimo de seu ser.<\/p>\n<p>\u201cQuantas vezes ouvimos o contr\u00e1rio! \u00c9 preciso ser algu\u00e9m, ser algu\u00e9m\u2026 \u00e9 disto que nasce a solid\u00e3o e a infelicidade: se devo ser &#8216;algu\u00e9m&#8217;, estou competindo com os outros e vivo na preocupa\u00e7\u00e3o obsessiva pelo meu ego. Se n\u00e3o aceito ser pobre, sinto \u00f3dio por tudo aquilo que recorda a minha fragilidade.&#8221;<\/p>\n<p><img loading=\"lazy\" class=\"alignnone wp-image-218518 size-full\" src=\"https:\/\/franciscanos.org.br\/noticias\/wp-content\/uploads\/2020\/02\/audiencia_03.jpeg\" alt=\"\" width=\"1000\" height=\"563\" srcset=\"https:\/\/franciscanos.org.br\/noticias\/wp-content\/uploads\/2020\/02\/audiencia_03.jpeg 1000w, https:\/\/franciscanos.org.br\/noticias\/wp-content\/uploads\/2020\/02\/audiencia_03-450x253.jpeg 450w, https:\/\/franciscanos.org.br\/noticias\/wp-content\/uploads\/2020\/02\/audiencia_03-768x432.jpeg 768w, https:\/\/franciscanos.org.br\/noticias\/wp-content\/uploads\/2020\/02\/audiencia_03-150x84.jpeg 150w\" sizes=\"(max-width: 1000px) 100vw, 1000px\" \/><\/p>\n<p><strong>Digerir os pr\u00f3prios limites<\/strong><br \/>\nDiante de si, cada um sabe que, por mais que fa\u00e7a, permanece sempre radicalmente incompleto e vulner\u00e1vel. N\u00e3o tem truque que cubra essa vulnerabilidade. Cada um de n\u00f3s \u00e9 vulner\u00e1vel dentro. Mas como se vive mal rejeitando os pr\u00f3prios limites! Vive-se mal, n\u00e3o se digere o limite. Est\u00e1 ali. As pessoas orgulhosas n\u00e3o pedem ajuda porque querem se mostrar autossuficientes. Quantos precisam de ajuda, mas o orgulho lhes impede de pedir ajuda. E quanto \u00e9 dif\u00edcil admitir um erro e pedir perd\u00e3o!<\/p>\n<p>Francisco recordou que quando d\u00e1 um conselho aos rec\u00e9m-casado sobre como levar avante o matrim\u00f4nio, diz tr\u00eas palavras m\u00e1gicas: com licen\u00e7a, obrigado, desculpa. &#8220;Palavras que v\u00eam da pobreza.&#8221; &#8220;Os casais me dizem que a terceira \u00e9 a mais dif\u00edcil, porque quem \u00e9 orgulhoso n\u00e3o consegue perdir desculpa, tem sempre raz\u00e3o. N\u00e3o \u00e9 pobre.&#8221;<\/p>\n<p><strong>Cansa\u00e7o de pedir perd\u00e3o<\/strong><br \/>\nAo inv\u00e9s, o Senhor jamais se cansa de perdoar; somos n\u00f3s que nos cansamos de pedir perd\u00e3o. &#8220;O cansa\u00e7o de pedir perd\u00e3o \u00e9 uma doen\u00e7a ruim.&#8221;<\/p>\n<p>Pedir perd\u00e3o, acrescentou o Papa, humilha a nossa imagem hip\u00f3crita, mas Jesus nos recorda que ser pobres \u00e9 uma ocasi\u00e3o de gra\u00e7a e nos mostra o caminho para sair desta ang\u00fastia de se mostrar perfeito. Nos foi dado o direito de ser pobres em esp\u00edrito, porque este \u00e9 o caminho do Reino de Deus.<\/p>\n<p>Mas se deve reiterar algo fundamental: n\u00e3o devemos nos transformar para nos tornar pobres em esp\u00edrito, porque j\u00e1 o somos! Precisamos de tudo. Somos todos pobres em esp\u00edrito, mendicantes. \u00c9 a condi\u00e7\u00e3o humana.<\/p>\n<p><img loading=\"lazy\" class=\"alignnone size-full wp-image-218519\" src=\"https:\/\/franciscanos.org.br\/noticias\/wp-content\/uploads\/2020\/02\/audiencia_02.jpeg\" alt=\"\" width=\"1000\" height=\"563\" srcset=\"https:\/\/franciscanos.org.br\/noticias\/wp-content\/uploads\/2020\/02\/audiencia_02.jpeg 1000w, https:\/\/franciscanos.org.br\/noticias\/wp-content\/uploads\/2020\/02\/audiencia_02-450x253.jpeg 450w, https:\/\/franciscanos.org.br\/noticias\/wp-content\/uploads\/2020\/02\/audiencia_02-768x432.jpeg 768w, https:\/\/franciscanos.org.br\/noticias\/wp-content\/uploads\/2020\/02\/audiencia_02-150x84.jpeg 150w\" sizes=\"(max-width: 1000px) 100vw, 1000px\" \/><\/p>\n<p><strong>Os reinos deste mundo caem<\/strong><br \/>\nO Reino de Deus \u00e9 dos pobres em esp\u00edrito, mas h\u00e1 tamb\u00e9m os reinos deste mundo, feitos de pessoas com posses e comodidades. Mas s\u00e3o reinos que acabam. O poder dos homens, inclusive os maiores imp\u00e9rios, passam e desaparecem. &#8220;Mas vemos na televis\u00e3o, nos jornais, governantes fortes, poderosos, mas ca\u00edram. Ontem eram, hoje n\u00e3o s\u00e3o mais. As riquezas deste mundo v\u00e3o embora, tamb\u00e9m o dinheiro. O sud\u00e1rio n\u00e3o tinha bolsos. Nunca vi atr\u00e1s de um cortejo f\u00fanebre um caminh\u00e3o de mudan\u00e7as.&#8221;<\/p>\n<p>Reina realmente quem sabe amar o verdadeiro bem mais que a si mesmo. Este \u00e9 o poder de Deus. Cristo se mostrou poderoso porque soube fazer o que os reis da terra n\u00e3o fazem: dar a vida pelos homens.<\/p>\n<p>\u201cEste \u00e9 o poder verdadeiro: poder da fraternidade, da caridade, do amor, da humildade. Isso fez Cristo. Nisto est\u00e1 a verdadeira liberdade. Quem tem os poderes da humildade, do servi\u00e7o, da fraternidade, \u00e9 livre.\u201d<\/p>\n<p>O Papa ent\u00e3o concluiu: &#8220;H\u00e1 uma pobreza que devemos aceitar, a do nosso ser, e uma pobreza que, ao inv\u00e9s, devemos buscar, aquela concreta, das coisas deste mundo, para ser livres e poder amar. Sempre buscar a liberdade do cora\u00e7\u00e3o, aquela que tem ra\u00edzes na pobreza de n\u00f3s mesmos.&#8221;<\/p>\n<hr \/>\n<p><em>Fonte: Vatican News<\/em><\/p>\n","protected":false},"excerpt":{"rendered":"<p>Audi\u00eancia Geral<\/p>\n","protected":false},"author":3,"featured_media":218517,"comment_status":"open","ping_status":"open","sticky":false,"template":"","format":"standard","meta":[],"categories":[1428],"tags":[487],"acf":[],"yoast_head":"<!-- This site is optimized with the Yoast SEO plugin v19.2 - https:\/\/yoast.com\/wordpress\/plugins\/seo\/ -->\n<title>Papa: As riquezas deste mundo v\u00e3o embora, tamb\u00e9m o dinheiro. O sud\u00e1rio n\u00e3o tinha bolsos. - Not\u00edcias - Franciscanos<\/title>\n<meta name=\"robots\" content=\"index, follow, max-snippet:-1, max-image-preview:large, max-video-preview:-1\" \/>\n<link rel=\"canonical\" href=\"https:\/\/franciscanos.org.br\/noticias\/papa-as-riquezas-deste-mundo-vao-embora-tambem-o-dinheiro-o-sudario-nao-tinha-bolsos.html\" \/>\n<meta property=\"og:locale\" content=\"pt_BR\" \/>\n<meta property=\"og:type\" content=\"article\" \/>\n<meta property=\"og:title\" content=\"Papa: As riquezas deste mundo v\u00e3o embora, tamb\u00e9m o dinheiro. O sud\u00e1rio n\u00e3o tinha bolsos. - Not\u00edcias - Franciscanos\" \/>\n<meta property=\"og:description\" content=\"Audi\u00eancia Geral\" \/>\n<meta property=\"og:url\" content=\"https:\/\/franciscanos.org.br\/noticias\/papa-as-riquezas-deste-mundo-vao-embora-tambem-o-dinheiro-o-sudario-nao-tinha-bolsos.html\" \/>\n<meta property=\"og:site_name\" content=\"Not\u00edcias - Franciscanos\" \/>\n<meta property=\"article:published_time\" content=\"2020-02-05T10:09:55+00:00\" \/>\n<meta property=\"article:modified_time\" content=\"2021-08-29T20:42:22+00:00\" \/>\n<meta property=\"og:image\" content=\"https:\/\/franciscanos.org.br\/noticias\/wp-content\/uploads\/2020\/02\/audiencia_0502.jpg\" \/>\n\t<meta property=\"og:image:width\" content=\"273\" \/>\n\t<meta property=\"og:image:height\" content=\"181\" \/>\n\t<meta property=\"og:image:type\" content=\"image\/jpeg\" \/>\n<meta name=\"author\" content=\"moacir\" \/>\n<meta name=\"twitter:card\" content=\"summary_large_image\" \/>\n<meta name=\"twitter:label1\" content=\"Escrito por\" \/>\n\t<meta name=\"twitter:data1\" content=\"moacir\" \/>\n\t<meta name=\"twitter:label2\" content=\"Est. tempo de leitura\" \/>\n\t<meta name=\"twitter:data2\" content=\"4 minutos\" \/>\n<script type=\"application\/ld+json\" class=\"yoast-schema-graph\">{\"@context\":\"https:\/\/schema.org\",\"@graph\":[{\"@type\":\"WebSite\",\"@id\":\"https:\/\/franciscanos.org.br\/noticias\/#website\",\"url\":\"https:\/\/franciscanos.org.br\/noticias\/\",\"name\":\"Not\u00edcias - Franciscanos\",\"description\":\"Prov\u00edncia Franciscana da Imaculada Concei\u00e7\u00e3o do Brasil - Ordem dos Frades Menores - OFM\",\"potentialAction\":[{\"@type\":\"SearchAction\",\"target\":{\"@type\":\"EntryPoint\",\"urlTemplate\":\"https:\/\/franciscanos.org.br\/noticias\/?s={search_term_string}\"},\"query-input\":\"required name=search_term_string\"}],\"inLanguage\":\"pt-BR\"},{\"@type\":\"ImageObject\",\"inLanguage\":\"pt-BR\",\"@id\":\"https:\/\/franciscanos.org.br\/noticias\/papa-as-riquezas-deste-mundo-vao-embora-tambem-o-dinheiro-o-sudario-nao-tinha-bolsos.html#primaryimage\",\"url\":\"https:\/\/franciscanos.org.br\/noticias\/wp-content\/uploads\/2020\/02\/audiencia_0502.jpg\",\"contentUrl\":\"https:\/\/franciscanos.org.br\/noticias\/wp-content\/uploads\/2020\/02\/audiencia_0502.jpg\",\"width\":273,\"height\":181},{\"@type\":\"WebPage\",\"@id\":\"https:\/\/franciscanos.org.br\/noticias\/papa-as-riquezas-deste-mundo-vao-embora-tambem-o-dinheiro-o-sudario-nao-tinha-bolsos.html#webpage\",\"url\":\"https:\/\/franciscanos.org.br\/noticias\/papa-as-riquezas-deste-mundo-vao-embora-tambem-o-dinheiro-o-sudario-nao-tinha-bolsos.html\",\"name\":\"Papa: As riquezas deste mundo v\u00e3o embora, tamb\u00e9m o dinheiro. O sud\u00e1rio n\u00e3o tinha bolsos. - Not\u00edcias - Franciscanos\",\"isPartOf\":{\"@id\":\"https:\/\/franciscanos.org.br\/noticias\/#website\"},\"primaryImageOfPage\":{\"@id\":\"https:\/\/franciscanos.org.br\/noticias\/papa-as-riquezas-deste-mundo-vao-embora-tambem-o-dinheiro-o-sudario-nao-tinha-bolsos.html#primaryimage\"},\"datePublished\":\"2020-02-05T10:09:55+00:00\",\"dateModified\":\"2021-08-29T20:42:22+00:00\",\"author\":{\"@id\":\"https:\/\/franciscanos.org.br\/noticias\/#\/schema\/person\/b5c8cba458c330ccff548b056e95a5d4\"},\"breadcrumb\":{\"@id\":\"https:\/\/franciscanos.org.br\/noticias\/papa-as-riquezas-deste-mundo-vao-embora-tambem-o-dinheiro-o-sudario-nao-tinha-bolsos.html#breadcrumb\"},\"inLanguage\":\"pt-BR\",\"potentialAction\":[{\"@type\":\"ReadAction\",\"target\":[\"https:\/\/franciscanos.org.br\/noticias\/papa-as-riquezas-deste-mundo-vao-embora-tambem-o-dinheiro-o-sudario-nao-tinha-bolsos.html\"]}]},{\"@type\":\"BreadcrumbList\",\"@id\":\"https:\/\/franciscanos.org.br\/noticias\/papa-as-riquezas-deste-mundo-vao-embora-tambem-o-dinheiro-o-sudario-nao-tinha-bolsos.html#breadcrumb\",\"itemListElement\":[{\"@type\":\"ListItem\",\"position\":1,\"name\":\"Home\",\"item\":\"https:\/\/franciscanos.org.br\/noticias\"},{\"@type\":\"ListItem\",\"position\":2,\"name\":\"Papa: As riquezas deste mundo v\u00e3o embora, tamb\u00e9m o dinheiro. O sud\u00e1rio n\u00e3o tinha bolsos.\"}]},{\"@type\":\"Person\",\"@id\":\"https:\/\/franciscanos.org.br\/noticias\/#\/schema\/person\/b5c8cba458c330ccff548b056e95a5d4\",\"name\":\"moacir\",\"image\":{\"@type\":\"ImageObject\",\"inLanguage\":\"pt-BR\",\"@id\":\"https:\/\/franciscanos.org.br\/noticias\/#\/schema\/person\/image\/\",\"url\":\"https:\/\/secure.gravatar.com\/avatar\/d08aa2ce4c8dd416d4479aa8536fcf64?s=96&d=mm&r=g\",\"contentUrl\":\"https:\/\/secure.gravatar.com\/avatar\/d08aa2ce4c8dd416d4479aa8536fcf64?s=96&d=mm&r=g\",\"caption\":\"moacir\"},\"url\":\"https:\/\/franciscanos.org.br\/noticias\/author\/moacir\"}]}<\/script>\n<!-- \/ Yoast SEO plugin. -->","yoast_head_json":{"title":"Papa: As riquezas deste mundo v\u00e3o embora, tamb\u00e9m o dinheiro. O sud\u00e1rio n\u00e3o tinha bolsos. - Not\u00edcias - Franciscanos","robots":{"index":"index","follow":"follow","max-snippet":"max-snippet:-1","max-image-preview":"max-image-preview:large","max-video-preview":"max-video-preview:-1"},"canonical":"https:\/\/franciscanos.org.br\/noticias\/papa-as-riquezas-deste-mundo-vao-embora-tambem-o-dinheiro-o-sudario-nao-tinha-bolsos.html","og_locale":"pt_BR","og_type":"article","og_title":"Papa: As riquezas deste mundo v\u00e3o embora, tamb\u00e9m o dinheiro. O sud\u00e1rio n\u00e3o tinha bolsos. - Not\u00edcias - Franciscanos","og_description":"Audi\u00eancia Geral","og_url":"https:\/\/franciscanos.org.br\/noticias\/papa-as-riquezas-deste-mundo-vao-embora-tambem-o-dinheiro-o-sudario-nao-tinha-bolsos.html","og_site_name":"Not\u00edcias - Franciscanos","article_published_time":"2020-02-05T10:09:55+00:00","article_modified_time":"2021-08-29T20:42:22+00:00","og_image":[{"width":273,"height":181,"url":"https:\/\/franciscanos.org.br\/noticias\/wp-content\/uploads\/2020\/02\/audiencia_0502.jpg","type":"image\/jpeg"}],"author":"moacir","twitter_card":"summary_large_image","twitter_misc":{"Escrito por":"moacir","Est. tempo de leitura":"4 minutos"},"schema":{"@context":"https:\/\/schema.org","@graph":[{"@type":"WebSite","@id":"https:\/\/franciscanos.org.br\/noticias\/#website","url":"https:\/\/franciscanos.org.br\/noticias\/","name":"Not\u00edcias - Franciscanos","description":"Prov\u00edncia Franciscana da Imaculada Concei\u00e7\u00e3o do Brasil - Ordem dos Frades Menores - OFM","potentialAction":[{"@type":"SearchAction","target":{"@type":"EntryPoint","urlTemplate":"https:\/\/franciscanos.org.br\/noticias\/?s={search_term_string}"},"query-input":"required name=search_term_string"}],"inLanguage":"pt-BR"},{"@type":"ImageObject","inLanguage":"pt-BR","@id":"https:\/\/franciscanos.org.br\/noticias\/papa-as-riquezas-deste-mundo-vao-embora-tambem-o-dinheiro-o-sudario-nao-tinha-bolsos.html#primaryimage","url":"https:\/\/franciscanos.org.br\/noticias\/wp-content\/uploads\/2020\/02\/audiencia_0502.jpg","contentUrl":"https:\/\/franciscanos.org.br\/noticias\/wp-content\/uploads\/2020\/02\/audiencia_0502.jpg","width":273,"height":181},{"@type":"WebPage","@id":"https:\/\/franciscanos.org.br\/noticias\/papa-as-riquezas-deste-mundo-vao-embora-tambem-o-dinheiro-o-sudario-nao-tinha-bolsos.html#webpage","url":"https:\/\/franciscanos.org.br\/noticias\/papa-as-riquezas-deste-mundo-vao-embora-tambem-o-dinheiro-o-sudario-nao-tinha-bolsos.html","name":"Papa: As riquezas deste mundo v\u00e3o embora, tamb\u00e9m o dinheiro. O sud\u00e1rio n\u00e3o tinha bolsos. - Not\u00edcias - Franciscanos","isPartOf":{"@id":"https:\/\/franciscanos.org.br\/noticias\/#website"},"primaryImageOfPage":{"@id":"https:\/\/franciscanos.org.br\/noticias\/papa-as-riquezas-deste-mundo-vao-embora-tambem-o-dinheiro-o-sudario-nao-tinha-bolsos.html#primaryimage"},"datePublished":"2020-02-05T10:09:55+00:00","dateModified":"2021-08-29T20:42:22+00:00","author":{"@id":"https:\/\/franciscanos.org.br\/noticias\/#\/schema\/person\/b5c8cba458c330ccff548b056e95a5d4"},"breadcrumb":{"@id":"https:\/\/franciscanos.org.br\/noticias\/papa-as-riquezas-deste-mundo-vao-embora-tambem-o-dinheiro-o-sudario-nao-tinha-bolsos.html#breadcrumb"},"inLanguage":"pt-BR","potentialAction":[{"@type":"ReadAction","target":["https:\/\/franciscanos.org.br\/noticias\/papa-as-riquezas-deste-mundo-vao-embora-tambem-o-dinheiro-o-sudario-nao-tinha-bolsos.html"]}]},{"@type":"BreadcrumbList","@id":"https:\/\/franciscanos.org.br\/noticias\/papa-as-riquezas-deste-mundo-vao-embora-tambem-o-dinheiro-o-sudario-nao-tinha-bolsos.html#breadcrumb","itemListElement":[{"@type":"ListItem","position":1,"name":"Home","item":"https:\/\/franciscanos.org.br\/noticias"},{"@type":"ListItem","position":2,"name":"Papa: As riquezas deste mundo v\u00e3o embora, tamb\u00e9m o dinheiro. O sud\u00e1rio n\u00e3o tinha bolsos."}]},{"@type":"Person","@id":"https:\/\/franciscanos.org.br\/noticias\/#\/schema\/person\/b5c8cba458c330ccff548b056e95a5d4","name":"moacir","image":{"@type":"ImageObject","inLanguage":"pt-BR","@id":"https:\/\/franciscanos.org.br\/noticias\/#\/schema\/person\/image\/","url":"https:\/\/secure.gravatar.com\/avatar\/d08aa2ce4c8dd416d4479aa8536fcf64?s=96&d=mm&r=g","contentUrl":"https:\/\/secure.gravatar.com\/avatar\/d08aa2ce4c8dd416d4479aa8536fcf64?s=96&d=mm&r=g","caption":"moacir"},"url":"https:\/\/franciscanos.org.br\/noticias\/author\/moacir"}]}},"_links":{"self":[{"href":"https:\/\/franciscanos.org.br\/noticias\/wp-json\/wp\/v2\/posts\/218515"}],"collection":[{"href":"https:\/\/franciscanos.org.br\/noticias\/wp-json\/wp\/v2\/posts"}],"about":[{"href":"https:\/\/franciscanos.org.br\/noticias\/wp-json\/wp\/v2\/types\/post"}],"author":[{"embeddable":true,"href":"https:\/\/franciscanos.org.br\/noticias\/wp-json\/wp\/v2\/users\/3"}],"replies":[{"embeddable":true,"href":"https:\/\/franciscanos.org.br\/noticias\/wp-json\/wp\/v2\/comments?post=218515"}],"version-history":[{"count":2,"href":"https:\/\/franciscanos.org.br\/noticias\/wp-json\/wp\/v2\/posts\/218515\/revisions"}],"predecessor-version":[{"id":234057,"href":"https:\/\/franciscanos.org.br\/noticias\/wp-json\/wp\/v2\/posts\/218515\/revisions\/234057"}],"wp:featuredmedia":[{"embeddable":true,"href":"https:\/\/franciscanos.org.br\/noticias\/wp-json\/wp\/v2\/media\/218517"}],"wp:attachment":[{"href":"https:\/\/franciscanos.org.br\/noticias\/wp-json\/wp\/v2\/media?parent=218515"}],"wp:term":[{"taxonomy":"category","embeddable":true,"href":"https:\/\/franciscanos.org.br\/noticias\/wp-json\/wp\/v2\/categories?post=218515"},{"taxonomy":"post_tag","embeddable":true,"href":"https:\/\/franciscanos.org.br\/noticias\/wp-json\/wp\/v2\/tags?post=218515"}],"curies":[{"name":"wp","href":"https:\/\/api.w.org\/{rel}","templated":true}]}}