{"id":218509,"date":"2020-02-04T19:32:00","date_gmt":"2020-02-04T22:32:00","guid":{"rendered":"https:\/\/franciscanos.org.br\/noticias\/?p=218509"},"modified":"2020-02-04T19:32:37","modified_gmt":"2020-02-04T22:32:37","slug":"usf-na-mfj-um-povo-de-coracao-enorme-e-chimarrao-na-mao","status":"publish","type":"post","link":"https:\/\/franciscanos.org.br\/noticias\/usf-na-mfj-um-povo-de-coracao-enorme-e-chimarrao-na-mao.html","title":{"rendered":"USF na MFJ: &#8220;Um povo de cora\u00e7\u00e3o enorme e chimarr\u00e3o na m\u00e3o&#8221;"},"content":{"rendered":"<p><img loading=\"lazy\" class=\"alignnone size-full wp-image-218510\" src=\"https:\/\/franciscanos.org.br\/noticias\/wp-content\/uploads\/2020\/02\/usf_missoes_1.jpg\" alt=\"\" width=\"1280\" height=\"960\" srcset=\"https:\/\/franciscanos.org.br\/noticias\/wp-content\/uploads\/2020\/02\/usf_missoes_1.jpg 1280w, https:\/\/franciscanos.org.br\/noticias\/wp-content\/uploads\/2020\/02\/usf_missoes_1-450x338.jpg 450w, https:\/\/franciscanos.org.br\/noticias\/wp-content\/uploads\/2020\/02\/usf_missoes_1-1024x768.jpg 1024w, https:\/\/franciscanos.org.br\/noticias\/wp-content\/uploads\/2020\/02\/usf_missoes_1-768x576.jpg 768w, https:\/\/franciscanos.org.br\/noticias\/wp-content\/uploads\/2020\/02\/usf_missoes_1-150x113.jpg 150w, https:\/\/franciscanos.org.br\/noticias\/wp-content\/uploads\/2020\/02\/usf_missoes_1-600x450.jpg 600w\" sizes=\"(max-width: 1280px) 100vw, 1280px\" \/><\/p>\n<p><em>Confira o depoimento dos Alunos da Universidade S\u00e3o Francisco que participaram VII edi\u00e7\u00e3o das Miss\u00f5es Franciscanas em Xaxim &#8211; SC:<\/em><\/p>\n<p>\u201cTive a oportunidade de participar da minha primeira experi\u00eancia mission\u00e1ria com a MFJ (Miss\u00f5es Franciscanas da Juventude). Foram dias repletos de muita alegria, amor, paz e humildade com um povo de cora\u00e7\u00e3o enorme e chimarr\u00e3o na m\u00e3o. No momento em que chegamos tivemos uma acolhida calorosa. Muita alegria em cada semblante e amor pela presen\u00e7a de todos que chegavam. O conv\u00edvio com as fam\u00edlias acolhedoras me mostrou a import\u00e2ncia e o valor que \u00e9 poder ter uma fam\u00edlia unida e presente, do mesmo modo, poder realizar visitas \u00e0s casas dos moradores me ensinou que um gesto simples, que \u00e9 poder visitar algu\u00e9m e levar a palavra de Deus al\u00e9m de uma conversa, j\u00e1 faz toda diferen\u00e7a. E como muitos moradores disseram que sentiram a presen\u00e7a de Deus em nossas visitas, vejo que n\u00e3o eram os mission\u00e1rios indo ao encontro de cada casa, mas sim o pr\u00f3prio Jesus que nos usou como instrumentos para poder levar sua presen\u00e7a a diversas fam\u00edlias.<\/p>\n<p>&#8220;Foram dias inesquec\u00edveis que vivemos em Xaxim, que transformaram a vida de cada comunidade e a dos mission\u00e1rios de diversos estados. Com o lema &#8220;E Deus viu que tudo era muito bom&#8221;, pudemos refletir que tudo foi criado e feito da forma mais perfeita e \u00fanica. Portanto, \u00e9 necess\u00e1rio que cuidemos da nossa Casa Comum, a nossa natureza e frutos que Nosso Senhor criou para que o Planeta Terra n\u00e3o continue a chorar com tantas trag\u00e9dias.<\/p>\n<p>&#8220;Ao final dessas Miss\u00f5es, tenho um sentimento enorme de gratid\u00e3o, um cora\u00e7\u00e3o cheio de saudades e l\u00e1grimas de sentir falta de cada um e uma imensa vontade de voltar acompanhar, na minha cidade, um sentimento de revigoramento e n\u00e3o ser mais uma folha seca presente em meu cora\u00e7\u00e3o, para que, dessa forma, a miss\u00e3o franciscana possa estar presente em todos os lugares em que vivemos, fazendo com que a nossa Casa Comum seja um lugar repleto de paz e alegria para todos. Agrade\u00e7o pela oportunidade e por toda experi\u00eancia inesquec\u00edvel. Xaxim estar\u00e1 sempre em nossos cora\u00e7\u00f5es. Paz e bem!\u201d<br \/>\n<strong>Heloisa Santos da Silva, aluna do 3\u00ba semestre de Psicologia<\/strong><\/p>\n<p>\u201cTodos os dias de nossas vidas s\u00e3o preparados por Deus, e essa miss\u00e3o n\u00e3o foi diferente. Ele preparou tudo nos m\u00ednimos detalhes para que todos ali presentes sentissem sua presen\u00e7a, e foi imposs\u00edvel n\u00e3o sentir. Sai de casa sem saber o que me esperava, e depois dessa miss\u00e3o em Xaxim posso afirmar que faria isso quantas vezes fossem necess\u00e1rias. Estar rodeada de jovens que buscam o mesmo que eu me faz arder, me faz ver como Ele foi bom em deixar tudo t\u00e3o bem arrumado para n\u00f3s. Fui acolhida por uma grande fam\u00edlia, que me recebeu de cora\u00e7\u00e3o aberto. Me senti amada em cada minuto. Aos meus irm\u00e3os, pais, primos e tios, obrigada por tudo! Tenho muito a agradecer, pois essa miss\u00e3o me proporcionou muitos momentos de reflex\u00e3o, onde consegui enxergar o meu eu. Imensa gratid\u00e3o por Entre Rios &#8211; Linha Guarani, voc\u00eas foram incr\u00edveis! E me mostraram o verdadeiro significado de amor ao pr\u00f3ximo, de paz e bem, e, por \u00faltimo, mas n\u00e3o menos importante, que n\u00e3o tem hora para um bom &#8216;mod\u00e3o&#8217; com chimarr\u00e3o\u201d.<br \/>\n<strong>Luana Frota Brito, Caloura do Curso de Odontologia<\/strong><\/p>\n<p>\u201cPela primeira vez, tive a oportunidade de participar da experi\u00eancia mission\u00e1ria. A intera\u00e7\u00e3o dos freis com os jovens foi o que mais me chamou a aten\u00e7\u00e3o. O gesto de ouvir, falar, eu nunca tinha tido uma experi\u00eancia assim. Quando cheguei, fiquei insegura. Ser\u00e1 que iria fazer tudo direito ao ir para casa de um desconhecido etc. Mas teve um momento que eu recebi um abra\u00e7o do Frei Alisson e foi ali que tive a certeza que estava no lugar certo. N\u00e3o estava ali por acaso; ent\u00e3o entreguei tudo nas m\u00e3os de Deus.<\/p>\n<p>Ao chegarmos tivemos uma acolhida calorosa, mesmo com chuva. Jovens de cada lugar do territ\u00f3rio da Prov\u00edncia Franciscana estiveram presentes para realizar as Miss\u00f5es Franciscanas da Juventude, em Xaxim-SC. L\u00e1 eu pude conhecer a hist\u00f3ria da MFJ e ouvir testemunhos de alguns participantes. E \u00e9 lindo ver que, a cada ano, o n\u00famero de jovens cresce. Jovens que poderiam estar em qualquer lugar, mas deram seu &#8216;sim&#8217; para as Miss\u00f5es. E fomos novamente bem recebidos em Entre Rios, um cidade linda. Todos muito atenciosos e festeiros. Fui bem acolhida por todos na casa que fiquei. Me senti em fam\u00edlia. J\u00e1 no primeiro dia foi muito emocionante, pois reformamos a capela de S\u00e3o Jo\u00e3o Maria, mesmo com os p\u00e9s de barro, conclu\u00edmos com alegria. Ao realizar as visitas, era gratificante ver o sorriso no rosto dos idosos, quando viam pela porta os mission\u00e1rios chegando em suas casas. Conversar, ouvir suas hist\u00f3rias, e rir com eles, \u00e9 algo t\u00e3o simples, e fizeram t\u00e3o bem para eles quanto para mim, pois guardei comigo cada ensinamento que recebi durante esses dias. E eu s\u00f3 tenho a agradecer por n\u00e3o desistirem da juventude. Obrigada USF. Obrigada Frei Diego, por sempre estar incentivando os jovens! Paz e Bem!\u201d<br \/>\n<strong>Camila Pinheiro de Souza, aluna do 3\u00ba semestre de Psicologia<\/strong><\/p>\n<p><img loading=\"lazy\" class=\"alignnone size-full wp-image-218512\" src=\"https:\/\/franciscanos.org.br\/noticias\/wp-content\/uploads\/2020\/02\/usf_missoes_2.jpg\" alt=\"\" width=\"1280\" height=\"960\" srcset=\"https:\/\/franciscanos.org.br\/noticias\/wp-content\/uploads\/2020\/02\/usf_missoes_2.jpg 1280w, https:\/\/franciscanos.org.br\/noticias\/wp-content\/uploads\/2020\/02\/usf_missoes_2-450x338.jpg 450w, https:\/\/franciscanos.org.br\/noticias\/wp-content\/uploads\/2020\/02\/usf_missoes_2-1024x768.jpg 1024w, https:\/\/franciscanos.org.br\/noticias\/wp-content\/uploads\/2020\/02\/usf_missoes_2-768x576.jpg 768w, https:\/\/franciscanos.org.br\/noticias\/wp-content\/uploads\/2020\/02\/usf_missoes_2-150x113.jpg 150w, https:\/\/franciscanos.org.br\/noticias\/wp-content\/uploads\/2020\/02\/usf_missoes_2-600x450.jpg 600w\" sizes=\"(max-width: 1280px) 100vw, 1280px\" \/><\/p>\n<p>\u201cJesus chamou os doze e come\u00e7ou a envi\u00e1-los dois a dois, dando-lhes poder sobre os esp\u00edritos impuros\u201d (Marcos 6,7). As Miss\u00f5es franciscanas em Xaxim 2020 adicionaram em minha vida momentos especiais e inesquec\u00edveis, onde pessoas desconhecidas de cada canto do territ\u00f3rio da Prov\u00edncia se reuniram e, nestes dias, ficamos unidos e vivenciamos um \u00fanico prop\u00f3sito que \u00e9 a experi\u00eancia de conhecer novas culturas, fam\u00edlias e levar o Evangelho aos que mais necessitam. Quando estamos unidos podemos fazer a diferen\u00e7a e ajudar o pr\u00f3ximo. Os trabalhos e a\u00e7\u00f5es que fizemos foram sensacionais, e com certeza deixamos nossa marca em cada comunidade em que visitamos.<\/p>\n<p>Nas casas em que entramos sempre ped\u00edamos a b\u00ean\u00e7\u00e3o de Nosso Senhor Jesus Cristo para que nunca falte naquela fam\u00edlia a sa\u00fade, paz, prote\u00e7\u00e3o e o alimento de cada dia. Foram dias de evangeliza\u00e7\u00e3o, felicidade e de muita ora\u00e7\u00e3o. Quando convers\u00e1vamos com as pessoas, t\u00ednhamos a chance de promover nossas ora\u00e7\u00f5es, sempre abra\u00e7ando e desejando a &#8220;Paz e Bem&#8221;. N\u00e3o h\u00e1 nada mais gratificante do que encontrar pessoas movidas pelo mesmo objetivo que voc\u00ea, pessoas que querem fazer o bem, levar e encontrar Deus no seu irm\u00e3o. Somos escolhidos por um Deus que vem nos capacitando dia a dia para alcan\u00e7ar a Vida Eterna. Quando sa\u00edmos de casa para participar desta miss\u00e3o pensamos: &#8220;Vamos passar alguns dias com pessoas desconhecidas e longe de nossas fam\u00edlias&#8221;. Por\u00e9m, a realidade \u00e9 que fomos recebidos com muita fartura de alimentos e com muito carinho por toda cidade, principalmente pela fam\u00edlia que me acolheu, que fez papel de uma verdadeira fam\u00edlia, sempre me respeitando, dando carinho e muita aten\u00e7\u00e3o. Todos esses dias podem ser resumidos em uma \u00fanica palavra, que \u00e9 &#8220;saudades&#8221;! Obrigado Xaxim!\u201d<br \/>\n<strong>Gabriel Rossinholli, aluno do 5\u00ba semestre de Odontologia<\/strong><\/p>\n<p>\u201cGostaria que todos tivessem a mesma oportunidade que tive, missionar em um estado totalmente diferente do meu, com costumes, sotaques e um gosto culin\u00e1rio bem peculiar e ao mesmo tempo t\u00e3o lindo. Foram dias debaixo do sol, chuva, tanto no frio quanto no calor. Tive o privil\u00e9gio de missionar em uma comunidade carente, mas em compensa\u00e7\u00e3o, eram muito acolhedores e nos trataram como uma fam\u00edlia mesmo. Vivi momentos fortes, um tanto intenso, mas que sem d\u00favidas deixaram meu cora\u00e7\u00e3o marcado da miseric\u00f3rdia de Deus, marcado com o amor, a f\u00e9 e a caridade.<\/p>\n<p>Aprendi uma nova cultura, um novo jeito de enxergar Cristo no outro. Sem d\u00favida estou voltando para minha casa com o cora\u00e7\u00e3o na m\u00e3o, por deixar uma cidade linda, aben\u00e7oada e com tantas pessoas que buscam os mesmos princ\u00edpios que o meu. Uma parte do meu cora\u00e7\u00e3o sempre estar\u00e1 marcada por Entre Rios. N\u00e3o tenho palavras para descrever o quanto eu sou grata por esta miss\u00e3o em minha vida. Tive o privil\u00e9gio de conhecer ainda mais o carisma Franciscano e provar da mesma gra\u00e7a que eles. Sem d\u00favida, uma das melhores (se n\u00e3o a melhor) experi\u00eancias da minha vida! Paz e bem\u201d.<br \/>\n<strong>Aline Caroline Niza Tilhaqui, aluna do 5\u00ba semestre de Engenharia Qu\u00edmica<\/strong><\/p>\n<p>&#8220;E Deus viu que tudo era muito bom&#8221;. O tema da VII Miss\u00f5es Franciscanas veio para conscientizar e, muito mais do que ver uma realidade, poder mud\u00e1-la. Em visita ao aterro sanit\u00e1rio foi muito mais que ver, foi sentir e se questionar: o que estamos fazendo com tudo de bom que Deus criou? Como mission\u00e1ria franciscana de primeira viagem, percebi ao longo dos cinco dias que as Miss\u00f5es se resumem a uma palavra: AMOR. Amor a uma cultura, amor \u00e0s pessoas que nem conhecemos, amor \u00e0s fam\u00edlias que nos acolhem, amor a espalhar amor. \u00c9 ver Jesus no irm\u00e3o que est\u00e1 doente ou que passa por dificuldades, \u00e9 perceber que atrav\u00e9s de um simples sorriso e abra\u00e7o, Deus se faz presente. S\u00e3o as l\u00e1grimas de pessoas que h\u00e1 cinco dias eram desconhecidas e que hoje fazem parte de um \u00fanico prop\u00f3sito. Tudo isso d\u00e1 mais sentido \u00e0 frase: &#8220;Para Deus e para o amor nada \u00e9 imposs\u00edvel&#8221;; e onde h\u00e1 amor, h\u00e1 paz e onde h\u00e1 paz ali vive o bem. Paz e Bem!\u201d<br \/>\n<strong>Jana\u00edna Vieira do Nascimento, aluna do 3\u00aa semestre de Administra\u00e7\u00e3o<\/strong><\/p>\n<p>\u201cEsta 7\u00ba edi\u00e7\u00e3o das Miss\u00f5es Franciscanas para a Juventude, realizada na cidade de Xaxim, SC, pode comprovar o verdadeiro e aut\u00eantico esp\u00edrito crist\u00e3o de compreens\u00e3o, trabalho em equipe e aux\u00edlio, respeitando as diferen\u00e7as regionais em um di\u00e1logo comum a todos os participantes que acabam por serem protagonistas da vida crist\u00e3.<br \/>\nAs programa\u00e7\u00f5es de entrada, ferramenta fundamental para preparo psicol\u00f3gico do mission\u00e1rio, envolveram temas relacionados a S\u00e3o Francisco de Assis, como foi poss\u00edvel assistir \u00e0 pe\u00e7a teatral &#8220;Auto de S\u00e3o Francisco&#8221;, onde foram trabalhados todos os momentos biogr\u00e1ficos da vida de S\u00e3o Francisco e Santa Clara de Assis em um enredo alegre e engra\u00e7ado. Por fim, acredito que a 8\u00aa edi\u00e7\u00e3o das Miss\u00f5es, a ser realizada na cidade de Lages, SC, tamb\u00e9m ir\u00e1 contribuir para desenvolver o esp\u00edrito crist\u00e3o da caridade exercendo seu papel de cidadania nas comunidades\u201d.<br \/>\n<strong>Eug\u00eanio de Souza Morita, Prof. do Curso de Engenharia Mec\u00e2nica<\/strong><\/p>\n<hr \/>\n<p><em>Pastoral Universit\u00e1ria da USF<\/em><\/p>\n","protected":false},"excerpt":{"rendered":"<p>Miss\u00f5es Franciscanas da Juventude<\/p>\n","protected":false},"author":3,"featured_media":218511,"comment_status":"open","ping_status":"open","sticky":false,"template":"","format":"standard","meta":[],"categories":[1],"tags":[1206,354],"acf":[],"yoast_head":"<!-- This site is optimized with the Yoast SEO plugin v19.2 - https:\/\/yoast.com\/wordpress\/plugins\/seo\/ -->\n<title>USF na MFJ: &quot;Um povo de cora\u00e7\u00e3o enorme e chimarr\u00e3o na m\u00e3o&quot; - Not\u00edcias - Franciscanos<\/title>\n<meta name=\"robots\" content=\"index, follow, max-snippet:-1, max-image-preview:large, max-video-preview:-1\" \/>\n<link rel=\"canonical\" href=\"https:\/\/franciscanos.org.br\/noticias\/usf-na-mfj-um-povo-de-coracao-enorme-e-chimarrao-na-mao.html\" \/>\n<meta property=\"og:locale\" content=\"pt_BR\" \/>\n<meta property=\"og:type\" content=\"article\" \/>\n<meta property=\"og:title\" content=\"USF na MFJ: &quot;Um povo de cora\u00e7\u00e3o enorme e chimarr\u00e3o na m\u00e3o&quot; - Not\u00edcias - Franciscanos\" \/>\n<meta property=\"og:description\" content=\"Miss\u00f5es Franciscanas da Juventude\" \/>\n<meta property=\"og:url\" content=\"https:\/\/franciscanos.org.br\/noticias\/usf-na-mfj-um-povo-de-coracao-enorme-e-chimarrao-na-mao.html\" \/>\n<meta property=\"og:site_name\" content=\"Not\u00edcias - Franciscanos\" \/>\n<meta property=\"article:published_time\" content=\"2020-02-04T22:32:00+00:00\" \/>\n<meta property=\"article:modified_time\" content=\"2020-02-04T22:32:37+00:00\" \/>\n<meta property=\"og:image\" content=\"https:\/\/franciscanos.org.br\/noticias\/wp-content\/uploads\/2020\/02\/usf_missoes_1d.jpg\" \/>\n\t<meta property=\"og:image:width\" content=\"273\" \/>\n\t<meta property=\"og:image:height\" content=\"181\" \/>\n\t<meta property=\"og:image:type\" content=\"image\/jpeg\" \/>\n<meta name=\"author\" content=\"moacir\" \/>\n<meta name=\"twitter:card\" content=\"summary_large_image\" \/>\n<meta name=\"twitter:label1\" content=\"Escrito por\" \/>\n\t<meta name=\"twitter:data1\" content=\"moacir\" \/>\n\t<meta name=\"twitter:label2\" content=\"Est. tempo de leitura\" \/>\n\t<meta name=\"twitter:data2\" content=\"9 minutos\" \/>\n<script type=\"application\/ld+json\" class=\"yoast-schema-graph\">{\"@context\":\"https:\/\/schema.org\",\"@graph\":[{\"@type\":\"WebSite\",\"@id\":\"https:\/\/franciscanos.org.br\/noticias\/#website\",\"url\":\"https:\/\/franciscanos.org.br\/noticias\/\",\"name\":\"Not\u00edcias - Franciscanos\",\"description\":\"Prov\u00edncia Franciscana da Imaculada Concei\u00e7\u00e3o do Brasil - Ordem dos Frades Menores - OFM\",\"potentialAction\":[{\"@type\":\"SearchAction\",\"target\":{\"@type\":\"EntryPoint\",\"urlTemplate\":\"https:\/\/franciscanos.org.br\/noticias\/?s={search_term_string}\"},\"query-input\":\"required name=search_term_string\"}],\"inLanguage\":\"pt-BR\"},{\"@type\":\"ImageObject\",\"inLanguage\":\"pt-BR\",\"@id\":\"https:\/\/franciscanos.org.br\/noticias\/usf-na-mfj-um-povo-de-coracao-enorme-e-chimarrao-na-mao.html#primaryimage\",\"url\":\"https:\/\/franciscanos.org.br\/noticias\/wp-content\/uploads\/2020\/02\/usf_missoes_1d.jpg\",\"contentUrl\":\"https:\/\/franciscanos.org.br\/noticias\/wp-content\/uploads\/2020\/02\/usf_missoes_1d.jpg\",\"width\":273,\"height\":181},{\"@type\":\"WebPage\",\"@id\":\"https:\/\/franciscanos.org.br\/noticias\/usf-na-mfj-um-povo-de-coracao-enorme-e-chimarrao-na-mao.html#webpage\",\"url\":\"https:\/\/franciscanos.org.br\/noticias\/usf-na-mfj-um-povo-de-coracao-enorme-e-chimarrao-na-mao.html\",\"name\":\"USF na MFJ: \\\"Um povo de cora\u00e7\u00e3o enorme e chimarr\u00e3o na m\u00e3o\\\" - Not\u00edcias - Franciscanos\",\"isPartOf\":{\"@id\":\"https:\/\/franciscanos.org.br\/noticias\/#website\"},\"primaryImageOfPage\":{\"@id\":\"https:\/\/franciscanos.org.br\/noticias\/usf-na-mfj-um-povo-de-coracao-enorme-e-chimarrao-na-mao.html#primaryimage\"},\"datePublished\":\"2020-02-04T22:32:00+00:00\",\"dateModified\":\"2020-02-04T22:32:37+00:00\",\"author\":{\"@id\":\"https:\/\/franciscanos.org.br\/noticias\/#\/schema\/person\/b5c8cba458c330ccff548b056e95a5d4\"},\"breadcrumb\":{\"@id\":\"https:\/\/franciscanos.org.br\/noticias\/usf-na-mfj-um-povo-de-coracao-enorme-e-chimarrao-na-mao.html#breadcrumb\"},\"inLanguage\":\"pt-BR\",\"potentialAction\":[{\"@type\":\"ReadAction\",\"target\":[\"https:\/\/franciscanos.org.br\/noticias\/usf-na-mfj-um-povo-de-coracao-enorme-e-chimarrao-na-mao.html\"]}]},{\"@type\":\"BreadcrumbList\",\"@id\":\"https:\/\/franciscanos.org.br\/noticias\/usf-na-mfj-um-povo-de-coracao-enorme-e-chimarrao-na-mao.html#breadcrumb\",\"itemListElement\":[{\"@type\":\"ListItem\",\"position\":1,\"name\":\"Home\",\"item\":\"https:\/\/franciscanos.org.br\/noticias\"},{\"@type\":\"ListItem\",\"position\":2,\"name\":\"USF na MFJ: &#8220;Um povo de cora\u00e7\u00e3o enorme e chimarr\u00e3o na m\u00e3o&#8221;\"}]},{\"@type\":\"Person\",\"@id\":\"https:\/\/franciscanos.org.br\/noticias\/#\/schema\/person\/b5c8cba458c330ccff548b056e95a5d4\",\"name\":\"moacir\",\"image\":{\"@type\":\"ImageObject\",\"inLanguage\":\"pt-BR\",\"@id\":\"https:\/\/franciscanos.org.br\/noticias\/#\/schema\/person\/image\/\",\"url\":\"https:\/\/secure.gravatar.com\/avatar\/d08aa2ce4c8dd416d4479aa8536fcf64?s=96&d=mm&r=g\",\"contentUrl\":\"https:\/\/secure.gravatar.com\/avatar\/d08aa2ce4c8dd416d4479aa8536fcf64?s=96&d=mm&r=g\",\"caption\":\"moacir\"},\"url\":\"https:\/\/franciscanos.org.br\/noticias\/author\/moacir\"}]}<\/script>\n<!-- \/ Yoast SEO plugin. -->","yoast_head_json":{"title":"USF na MFJ: \"Um povo de cora\u00e7\u00e3o enorme e chimarr\u00e3o na m\u00e3o\" - Not\u00edcias - Franciscanos","robots":{"index":"index","follow":"follow","max-snippet":"max-snippet:-1","max-image-preview":"max-image-preview:large","max-video-preview":"max-video-preview:-1"},"canonical":"https:\/\/franciscanos.org.br\/noticias\/usf-na-mfj-um-povo-de-coracao-enorme-e-chimarrao-na-mao.html","og_locale":"pt_BR","og_type":"article","og_title":"USF na MFJ: \"Um povo de cora\u00e7\u00e3o enorme e chimarr\u00e3o na m\u00e3o\" - Not\u00edcias - Franciscanos","og_description":"Miss\u00f5es Franciscanas da Juventude","og_url":"https:\/\/franciscanos.org.br\/noticias\/usf-na-mfj-um-povo-de-coracao-enorme-e-chimarrao-na-mao.html","og_site_name":"Not\u00edcias - Franciscanos","article_published_time":"2020-02-04T22:32:00+00:00","article_modified_time":"2020-02-04T22:32:37+00:00","og_image":[{"width":273,"height":181,"url":"https:\/\/franciscanos.org.br\/noticias\/wp-content\/uploads\/2020\/02\/usf_missoes_1d.jpg","type":"image\/jpeg"}],"author":"moacir","twitter_card":"summary_large_image","twitter_misc":{"Escrito por":"moacir","Est. tempo de leitura":"9 minutos"},"schema":{"@context":"https:\/\/schema.org","@graph":[{"@type":"WebSite","@id":"https:\/\/franciscanos.org.br\/noticias\/#website","url":"https:\/\/franciscanos.org.br\/noticias\/","name":"Not\u00edcias - Franciscanos","description":"Prov\u00edncia Franciscana da Imaculada Concei\u00e7\u00e3o do Brasil - Ordem dos Frades Menores - OFM","potentialAction":[{"@type":"SearchAction","target":{"@type":"EntryPoint","urlTemplate":"https:\/\/franciscanos.org.br\/noticias\/?s={search_term_string}"},"query-input":"required name=search_term_string"}],"inLanguage":"pt-BR"},{"@type":"ImageObject","inLanguage":"pt-BR","@id":"https:\/\/franciscanos.org.br\/noticias\/usf-na-mfj-um-povo-de-coracao-enorme-e-chimarrao-na-mao.html#primaryimage","url":"https:\/\/franciscanos.org.br\/noticias\/wp-content\/uploads\/2020\/02\/usf_missoes_1d.jpg","contentUrl":"https:\/\/franciscanos.org.br\/noticias\/wp-content\/uploads\/2020\/02\/usf_missoes_1d.jpg","width":273,"height":181},{"@type":"WebPage","@id":"https:\/\/franciscanos.org.br\/noticias\/usf-na-mfj-um-povo-de-coracao-enorme-e-chimarrao-na-mao.html#webpage","url":"https:\/\/franciscanos.org.br\/noticias\/usf-na-mfj-um-povo-de-coracao-enorme-e-chimarrao-na-mao.html","name":"USF na MFJ: \"Um povo de cora\u00e7\u00e3o enorme e chimarr\u00e3o na m\u00e3o\" - Not\u00edcias - Franciscanos","isPartOf":{"@id":"https:\/\/franciscanos.org.br\/noticias\/#website"},"primaryImageOfPage":{"@id":"https:\/\/franciscanos.org.br\/noticias\/usf-na-mfj-um-povo-de-coracao-enorme-e-chimarrao-na-mao.html#primaryimage"},"datePublished":"2020-02-04T22:32:00+00:00","dateModified":"2020-02-04T22:32:37+00:00","author":{"@id":"https:\/\/franciscanos.org.br\/noticias\/#\/schema\/person\/b5c8cba458c330ccff548b056e95a5d4"},"breadcrumb":{"@id":"https:\/\/franciscanos.org.br\/noticias\/usf-na-mfj-um-povo-de-coracao-enorme-e-chimarrao-na-mao.html#breadcrumb"},"inLanguage":"pt-BR","potentialAction":[{"@type":"ReadAction","target":["https:\/\/franciscanos.org.br\/noticias\/usf-na-mfj-um-povo-de-coracao-enorme-e-chimarrao-na-mao.html"]}]},{"@type":"BreadcrumbList","@id":"https:\/\/franciscanos.org.br\/noticias\/usf-na-mfj-um-povo-de-coracao-enorme-e-chimarrao-na-mao.html#breadcrumb","itemListElement":[{"@type":"ListItem","position":1,"name":"Home","item":"https:\/\/franciscanos.org.br\/noticias"},{"@type":"ListItem","position":2,"name":"USF na MFJ: &#8220;Um povo de cora\u00e7\u00e3o enorme e chimarr\u00e3o na m\u00e3o&#8221;"}]},{"@type":"Person","@id":"https:\/\/franciscanos.org.br\/noticias\/#\/schema\/person\/b5c8cba458c330ccff548b056e95a5d4","name":"moacir","image":{"@type":"ImageObject","inLanguage":"pt-BR","@id":"https:\/\/franciscanos.org.br\/noticias\/#\/schema\/person\/image\/","url":"https:\/\/secure.gravatar.com\/avatar\/d08aa2ce4c8dd416d4479aa8536fcf64?s=96&d=mm&r=g","contentUrl":"https:\/\/secure.gravatar.com\/avatar\/d08aa2ce4c8dd416d4479aa8536fcf64?s=96&d=mm&r=g","caption":"moacir"},"url":"https:\/\/franciscanos.org.br\/noticias\/author\/moacir"}]}},"_links":{"self":[{"href":"https:\/\/franciscanos.org.br\/noticias\/wp-json\/wp\/v2\/posts\/218509"}],"collection":[{"href":"https:\/\/franciscanos.org.br\/noticias\/wp-json\/wp\/v2\/posts"}],"about":[{"href":"https:\/\/franciscanos.org.br\/noticias\/wp-json\/wp\/v2\/types\/post"}],"author":[{"embeddable":true,"href":"https:\/\/franciscanos.org.br\/noticias\/wp-json\/wp\/v2\/users\/3"}],"replies":[{"embeddable":true,"href":"https:\/\/franciscanos.org.br\/noticias\/wp-json\/wp\/v2\/comments?post=218509"}],"version-history":[{"count":0,"href":"https:\/\/franciscanos.org.br\/noticias\/wp-json\/wp\/v2\/posts\/218509\/revisions"}],"wp:featuredmedia":[{"embeddable":true,"href":"https:\/\/franciscanos.org.br\/noticias\/wp-json\/wp\/v2\/media\/218511"}],"wp:attachment":[{"href":"https:\/\/franciscanos.org.br\/noticias\/wp-json\/wp\/v2\/media?parent=218509"}],"wp:term":[{"taxonomy":"category","embeddable":true,"href":"https:\/\/franciscanos.org.br\/noticias\/wp-json\/wp\/v2\/categories?post=218509"},{"taxonomy":"post_tag","embeddable":true,"href":"https:\/\/franciscanos.org.br\/noticias\/wp-json\/wp\/v2\/tags?post=218509"}],"curies":[{"name":"wp","href":"https:\/\/api.w.org\/{rel}","templated":true}]}}