{"id":218501,"date":"2020-02-04T11:35:46","date_gmt":"2020-02-04T14:35:46","guid":{"rendered":"https:\/\/franciscanos.org.br\/noticias\/?p=218501"},"modified":"2020-02-11T07:21:05","modified_gmt":"2020-02-11T10:21:05","slug":"usf-ministro-provincial-participa-do-planejamento-pedagogico-2020","status":"publish","type":"post","link":"https:\/\/franciscanos.org.br\/noticias\/usf-ministro-provincial-participa-do-planejamento-pedagogico-2020.html","title":{"rendered":"USF: Ministro Provincial participa do Planejamento Pedag\u00f3gico 2020\u00a0"},"content":{"rendered":"<p style=\"font-weight: 400;\"><img loading=\"lazy\" class=\"alignnone size-full wp-image-218502\" src=\"https:\/\/franciscanos.org.br\/noticias\/wp-content\/uploads\/2020\/02\/usf.jpg\" alt=\"\" width=\"1280\" height=\"853\" srcset=\"https:\/\/franciscanos.org.br\/noticias\/wp-content\/uploads\/2020\/02\/usf.jpg 1280w, https:\/\/franciscanos.org.br\/noticias\/wp-content\/uploads\/2020\/02\/usf-450x300.jpg 450w, https:\/\/franciscanos.org.br\/noticias\/wp-content\/uploads\/2020\/02\/usf-1024x682.jpg 1024w, https:\/\/franciscanos.org.br\/noticias\/wp-content\/uploads\/2020\/02\/usf-768x512.jpg 768w, https:\/\/franciscanos.org.br\/noticias\/wp-content\/uploads\/2020\/02\/usf-150x100.jpg 150w\" sizes=\"(max-width: 1280px) 100vw, 1280px\" \/><\/p>\n<p style=\"font-weight: 400;\"><strong>Ana Paula Moreira<\/strong><\/p>\n<p style=\"font-weight: 400;\"><strong>Bragan\u00e7a Paulista (SP)<\/strong> &#8211;\u00a0A Universidade S\u00e3o Francisco (USF) realizou de 3 a 7 de fevereiro o Planejamento Pedag\u00f3gico 2020. O momento \u00e9 de retorno dos docentes e de cont\u00ednua melhoria da qualidade do ensino oferecido pela Universidade. A abertura oficial contou com a participa\u00e7\u00e3o do Ministro Provincial da Prov\u00edncia Franciscana da Imaculada Concei\u00e7\u00e3o do Brasil e Chanceler da USF, Frei C\u00e9sar K\u00fclkamp, OFM. Foram mais de 50 oficinas, com a participa\u00e7\u00e3o de mais de 500 docentes em todos os c\u00e2mpus.<\/p>\n<p>\u201cQuero parabenizar todos por esse planejamento estrat\u00e9gico, envolvendo a miss\u00e3o, vis\u00e3o e valores dessa comunidade educativa, principalmente por terem constru\u00eddo tudo isso coletivamente. Onde aparece o diferencial de uma educa\u00e7\u00e3o integral, transformadora, humanismo solid\u00e1rio e o respeito a diversidade. Valores necess\u00e1rios nesse nosso tempo\u201d, comentou Frei C\u00e9sar.<\/p>\n<p>O evento contou com a presen\u00e7a de docentes, coordenadores e diretores de c\u00e2mpus, al\u00e9m do Diretor Presidente da CNSP-ASF e vice-reitor, Frei Thiago Alexandre Hayakawa, o reitor, Frei Gilberto Gon\u00e7alves Garcia, Pr\u00f3-Reitor de Ensino, Pesquisa e Extens\u00e3o, professor Dilnei Lorenzi e o Pr\u00f3-Reitor de Administra\u00e7\u00e3o e Planejamento (PROAP), professor Adriel de Moura Cabral.<\/p>\n<p>Durante a abertura oficial, foi apresentada a nova miss\u00e3o, vis\u00e3o e valores, al\u00e9m de todas as etapas da elabora\u00e7\u00e3o do Planejamento Estrat\u00e9gico, desenvolvido em 2019.<\/p>\n<p><img loading=\"lazy\" class=\"alignnone wp-image-218504 size-full\" src=\"https:\/\/franciscanos.org.br\/noticias\/wp-content\/uploads\/2020\/02\/usf_4.jpg\" alt=\"\" width=\"1280\" height=\"714\" srcset=\"https:\/\/franciscanos.org.br\/noticias\/wp-content\/uploads\/2020\/02\/usf_4.jpg 1280w, https:\/\/franciscanos.org.br\/noticias\/wp-content\/uploads\/2020\/02\/usf_4-450x251.jpg 450w, https:\/\/franciscanos.org.br\/noticias\/wp-content\/uploads\/2020\/02\/usf_4-1024x571.jpg 1024w, https:\/\/franciscanos.org.br\/noticias\/wp-content\/uploads\/2020\/02\/usf_4-768x428.jpg 768w, https:\/\/franciscanos.org.br\/noticias\/wp-content\/uploads\/2020\/02\/usf_4-150x84.jpg 150w\" sizes=\"(max-width: 1280px) 100vw, 1280px\" \/><\/p>\n<p>O Planejamento Estrat\u00e9gico tem como principal preposi\u00e7\u00e3o:<br \/>\n\u201cTrabalhar a Cultura Organizacional em prol da efici\u00eancia operacional e da constru\u00e7\u00e3o de uma proposta de valor que gere percep\u00e7\u00e3o de qualidade. Unir os sujeitos, processos e recursos sob um mesmo objetivo de forma alinhada \u00e0 nossa Miss\u00e3o, Vis\u00e3o e Valores\u201d.<\/p>\n<p>O reitor da Universidade, al\u00e9m de desejar boas-vindas, apresentou as principais tend\u00eancias do ensino brasileiro e perspectivas no ensino superior nacional. \u201cOs melhores votos para que todo entusiasmo supere as adversidades poss\u00edveis que teremos neste ano. Continuemos a desempenhar o papel hist\u00f3rico da USF no cen\u00e1rio regional e nacional\u201d, disse Frei Gilberto.<\/p>\n<p>O enceramento foi realizado pelo Frei Thiago que destacou o trabalho coletivo. \u201cO mais importante a ser destacado de todo esse trabalho do nosso planejamento estrat\u00e9gico foi a constru\u00e7\u00e3o coletiva. N\u00f3s paramos e olhamos para nossa institui\u00e7\u00e3o e com isso constru\u00edmos esse planejamento, que j\u00e1 tem pautado todo o nosso trabalho\u201d.<\/p>\n<p><strong>Oficinas<\/strong><br \/>\nAl\u00e9m da abertura oficial, ao longo de toda semana foram promovidas uma s\u00e9rie de oficinas de capacita\u00e7\u00e3o que integram o Programa de Forma\u00e7\u00e3o Continuada (CHAVE). Ocorreram Encontros com Docentes, Experi\u00eancias Metodol\u00f3gicas Din\u00e2micas, Partilha de Experi\u00eancias Exitosas, Aprofundamento, Referencial Te\u00f3rico e Desenvolvimento de Compet\u00eancias. As oficinas estrat\u00e9gicas abordaram a Constru\u00e7\u00e3o das Trilhas da Pr\u00e1tica de Compet\u00eancias, Elabora\u00e7\u00e3o do Componente Curricular Pr\u00e1tica Profissional, Atividades no Ambiente Moodle, Elabora\u00e7\u00e3o do Plano de Atividades e Registro no Di\u00e1rio Eletr\u00f4nico e Gest\u00e3o da Sala Virtual.<br \/>\nForam mais de 50 oficinas, com a participa\u00e7\u00e3o de mais de 500 docentes em todos os c\u00e2mpus<\/p>\n<p><img loading=\"lazy\" class=\"alignnone wp-image-218505 size-full\" src=\"https:\/\/franciscanos.org.br\/noticias\/wp-content\/uploads\/2020\/02\/usf_3.jpg\" alt=\"\" width=\"1280\" height=\"776\" srcset=\"https:\/\/franciscanos.org.br\/noticias\/wp-content\/uploads\/2020\/02\/usf_3.jpg 1280w, https:\/\/franciscanos.org.br\/noticias\/wp-content\/uploads\/2020\/02\/usf_3-450x273.jpg 450w, https:\/\/franciscanos.org.br\/noticias\/wp-content\/uploads\/2020\/02\/usf_3-1024x621.jpg 1024w, https:\/\/franciscanos.org.br\/noticias\/wp-content\/uploads\/2020\/02\/usf_3-768x466.jpg 768w, https:\/\/franciscanos.org.br\/noticias\/wp-content\/uploads\/2020\/02\/usf_3-150x91.jpg 150w\" sizes=\"(max-width: 1280px) 100vw, 1280px\" \/><\/p>\n<p style=\"font-weight: 400;\"><strong>Abaixo a nova miss\u00e3o, vis\u00e3o e valores:<\/strong><br \/>\nMiss\u00e3o &#8211; Educar para a paz e o bem, com excel\u00eancia acad\u00eamica, pluralismo, inova\u00e7\u00e3o e sustentabilidade; Vis\u00e3o &#8211; Ser reconhecida nacionalmente pela excel\u00eancia acad\u00eamica, pela promo\u00e7\u00e3o da inova\u00e7\u00e3o sustent\u00e1vel, do desenvolvimento regional, da justi\u00e7a e da paz; Valores &#8211; Educa\u00e7\u00e3o integral Transformadora, Humanismo Solid\u00e1rio, Respeito \u00e0 Diversidade e Inova\u00e7\u00e3o Sustent\u00e1vel.<\/p>\n<p><img loading=\"lazy\" class=\"alignnone wp-image-218506 size-full\" src=\"https:\/\/franciscanos.org.br\/noticias\/wp-content\/uploads\/2020\/02\/usf_5.jpg\" alt=\"\" width=\"1280\" height=\"699\" srcset=\"https:\/\/franciscanos.org.br\/noticias\/wp-content\/uploads\/2020\/02\/usf_5.jpg 1280w, https:\/\/franciscanos.org.br\/noticias\/wp-content\/uploads\/2020\/02\/usf_5-450x246.jpg 450w, https:\/\/franciscanos.org.br\/noticias\/wp-content\/uploads\/2020\/02\/usf_5-1024x559.jpg 1024w, https:\/\/franciscanos.org.br\/noticias\/wp-content\/uploads\/2020\/02\/usf_5-768x419.jpg 768w, https:\/\/franciscanos.org.br\/noticias\/wp-content\/uploads\/2020\/02\/usf_5-150x82.jpg 150w\" sizes=\"(max-width: 1280px) 100vw, 1280px\" \/><\/p>\n","protected":false},"excerpt":{"rendered":"<p>Universidade S\u00e3o Francisco<\/p>\n","protected":false},"author":3,"featured_media":218503,"comment_status":"open","ping_status":"open","sticky":false,"template":"","format":"standard","meta":[],"categories":[1],"tags":[354],"acf":[],"yoast_head":"<!-- This site is optimized with the Yoast SEO plugin v19.2 - https:\/\/yoast.com\/wordpress\/plugins\/seo\/ -->\n<title>USF: Ministro Provincial participa do Planejamento Pedag\u00f3gico 2020\u00a0 - Not\u00edcias - Franciscanos<\/title>\n<meta name=\"robots\" content=\"index, follow, max-snippet:-1, max-image-preview:large, max-video-preview:-1\" \/>\n<link rel=\"canonical\" href=\"https:\/\/franciscanos.org.br\/noticias\/usf-ministro-provincial-participa-do-planejamento-pedagogico-2020.html\" \/>\n<meta property=\"og:locale\" content=\"pt_BR\" \/>\n<meta property=\"og:type\" content=\"article\" \/>\n<meta property=\"og:title\" content=\"USF: Ministro Provincial participa do Planejamento Pedag\u00f3gico 2020\u00a0 - Not\u00edcias - Franciscanos\" \/>\n<meta property=\"og:description\" content=\"Universidade S\u00e3o Francisco\" \/>\n<meta property=\"og:url\" content=\"https:\/\/franciscanos.org.br\/noticias\/usf-ministro-provincial-participa-do-planejamento-pedagogico-2020.html\" \/>\n<meta property=\"og:site_name\" content=\"Not\u00edcias - Franciscanos\" \/>\n<meta property=\"article:published_time\" content=\"2020-02-04T14:35:46+00:00\" \/>\n<meta property=\"article:modified_time\" content=\"2020-02-11T10:21:05+00:00\" \/>\n<meta property=\"og:image\" content=\"https:\/\/franciscanos.org.br\/noticias\/wp-content\/uploads\/2020\/02\/usf_d.jpg\" \/>\n\t<meta property=\"og:image:width\" content=\"273\" \/>\n\t<meta property=\"og:image:height\" content=\"181\" \/>\n\t<meta property=\"og:image:type\" content=\"image\/jpeg\" \/>\n<meta name=\"author\" content=\"moacir\" \/>\n<meta name=\"twitter:card\" content=\"summary_large_image\" \/>\n<meta name=\"twitter:label1\" content=\"Escrito por\" \/>\n\t<meta name=\"twitter:data1\" content=\"moacir\" \/>\n\t<meta name=\"twitter:label2\" content=\"Est. tempo de leitura\" \/>\n\t<meta name=\"twitter:data2\" content=\"3 minutos\" \/>\n<script type=\"application\/ld+json\" class=\"yoast-schema-graph\">{\"@context\":\"https:\/\/schema.org\",\"@graph\":[{\"@type\":\"WebSite\",\"@id\":\"https:\/\/franciscanos.org.br\/noticias\/#website\",\"url\":\"https:\/\/franciscanos.org.br\/noticias\/\",\"name\":\"Not\u00edcias - Franciscanos\",\"description\":\"Prov\u00edncia Franciscana da Imaculada Concei\u00e7\u00e3o do Brasil - Ordem dos Frades Menores - OFM\",\"potentialAction\":[{\"@type\":\"SearchAction\",\"target\":{\"@type\":\"EntryPoint\",\"urlTemplate\":\"https:\/\/franciscanos.org.br\/noticias\/?s={search_term_string}\"},\"query-input\":\"required name=search_term_string\"}],\"inLanguage\":\"pt-BR\"},{\"@type\":\"ImageObject\",\"inLanguage\":\"pt-BR\",\"@id\":\"https:\/\/franciscanos.org.br\/noticias\/usf-ministro-provincial-participa-do-planejamento-pedagogico-2020.html#primaryimage\",\"url\":\"https:\/\/franciscanos.org.br\/noticias\/wp-content\/uploads\/2020\/02\/usf_d.jpg\",\"contentUrl\":\"https:\/\/franciscanos.org.br\/noticias\/wp-content\/uploads\/2020\/02\/usf_d.jpg\",\"width\":273,\"height\":181},{\"@type\":\"WebPage\",\"@id\":\"https:\/\/franciscanos.org.br\/noticias\/usf-ministro-provincial-participa-do-planejamento-pedagogico-2020.html#webpage\",\"url\":\"https:\/\/franciscanos.org.br\/noticias\/usf-ministro-provincial-participa-do-planejamento-pedagogico-2020.html\",\"name\":\"USF: Ministro Provincial participa do Planejamento Pedag\u00f3gico 2020\u00a0 - Not\u00edcias - Franciscanos\",\"isPartOf\":{\"@id\":\"https:\/\/franciscanos.org.br\/noticias\/#website\"},\"primaryImageOfPage\":{\"@id\":\"https:\/\/franciscanos.org.br\/noticias\/usf-ministro-provincial-participa-do-planejamento-pedagogico-2020.html#primaryimage\"},\"datePublished\":\"2020-02-04T14:35:46+00:00\",\"dateModified\":\"2020-02-11T10:21:05+00:00\",\"author\":{\"@id\":\"https:\/\/franciscanos.org.br\/noticias\/#\/schema\/person\/b5c8cba458c330ccff548b056e95a5d4\"},\"breadcrumb\":{\"@id\":\"https:\/\/franciscanos.org.br\/noticias\/usf-ministro-provincial-participa-do-planejamento-pedagogico-2020.html#breadcrumb\"},\"inLanguage\":\"pt-BR\",\"potentialAction\":[{\"@type\":\"ReadAction\",\"target\":[\"https:\/\/franciscanos.org.br\/noticias\/usf-ministro-provincial-participa-do-planejamento-pedagogico-2020.html\"]}]},{\"@type\":\"BreadcrumbList\",\"@id\":\"https:\/\/franciscanos.org.br\/noticias\/usf-ministro-provincial-participa-do-planejamento-pedagogico-2020.html#breadcrumb\",\"itemListElement\":[{\"@type\":\"ListItem\",\"position\":1,\"name\":\"Home\",\"item\":\"https:\/\/franciscanos.org.br\/noticias\"},{\"@type\":\"ListItem\",\"position\":2,\"name\":\"USF: Ministro Provincial participa do Planejamento Pedag\u00f3gico 2020\u00a0\"}]},{\"@type\":\"Person\",\"@id\":\"https:\/\/franciscanos.org.br\/noticias\/#\/schema\/person\/b5c8cba458c330ccff548b056e95a5d4\",\"name\":\"moacir\",\"image\":{\"@type\":\"ImageObject\",\"inLanguage\":\"pt-BR\",\"@id\":\"https:\/\/franciscanos.org.br\/noticias\/#\/schema\/person\/image\/\",\"url\":\"https:\/\/secure.gravatar.com\/avatar\/d08aa2ce4c8dd416d4479aa8536fcf64?s=96&d=mm&r=g\",\"contentUrl\":\"https:\/\/secure.gravatar.com\/avatar\/d08aa2ce4c8dd416d4479aa8536fcf64?s=96&d=mm&r=g\",\"caption\":\"moacir\"},\"url\":\"https:\/\/franciscanos.org.br\/noticias\/author\/moacir\"}]}<\/script>\n<!-- \/ Yoast SEO plugin. -->","yoast_head_json":{"title":"USF: Ministro Provincial participa do Planejamento Pedag\u00f3gico 2020\u00a0 - Not\u00edcias - Franciscanos","robots":{"index":"index","follow":"follow","max-snippet":"max-snippet:-1","max-image-preview":"max-image-preview:large","max-video-preview":"max-video-preview:-1"},"canonical":"https:\/\/franciscanos.org.br\/noticias\/usf-ministro-provincial-participa-do-planejamento-pedagogico-2020.html","og_locale":"pt_BR","og_type":"article","og_title":"USF: Ministro Provincial participa do Planejamento Pedag\u00f3gico 2020\u00a0 - Not\u00edcias - Franciscanos","og_description":"Universidade S\u00e3o Francisco","og_url":"https:\/\/franciscanos.org.br\/noticias\/usf-ministro-provincial-participa-do-planejamento-pedagogico-2020.html","og_site_name":"Not\u00edcias - Franciscanos","article_published_time":"2020-02-04T14:35:46+00:00","article_modified_time":"2020-02-11T10:21:05+00:00","og_image":[{"width":273,"height":181,"url":"https:\/\/franciscanos.org.br\/noticias\/wp-content\/uploads\/2020\/02\/usf_d.jpg","type":"image\/jpeg"}],"author":"moacir","twitter_card":"summary_large_image","twitter_misc":{"Escrito por":"moacir","Est. tempo de leitura":"3 minutos"},"schema":{"@context":"https:\/\/schema.org","@graph":[{"@type":"WebSite","@id":"https:\/\/franciscanos.org.br\/noticias\/#website","url":"https:\/\/franciscanos.org.br\/noticias\/","name":"Not\u00edcias - Franciscanos","description":"Prov\u00edncia Franciscana da Imaculada Concei\u00e7\u00e3o do Brasil - Ordem dos Frades Menores - OFM","potentialAction":[{"@type":"SearchAction","target":{"@type":"EntryPoint","urlTemplate":"https:\/\/franciscanos.org.br\/noticias\/?s={search_term_string}"},"query-input":"required name=search_term_string"}],"inLanguage":"pt-BR"},{"@type":"ImageObject","inLanguage":"pt-BR","@id":"https:\/\/franciscanos.org.br\/noticias\/usf-ministro-provincial-participa-do-planejamento-pedagogico-2020.html#primaryimage","url":"https:\/\/franciscanos.org.br\/noticias\/wp-content\/uploads\/2020\/02\/usf_d.jpg","contentUrl":"https:\/\/franciscanos.org.br\/noticias\/wp-content\/uploads\/2020\/02\/usf_d.jpg","width":273,"height":181},{"@type":"WebPage","@id":"https:\/\/franciscanos.org.br\/noticias\/usf-ministro-provincial-participa-do-planejamento-pedagogico-2020.html#webpage","url":"https:\/\/franciscanos.org.br\/noticias\/usf-ministro-provincial-participa-do-planejamento-pedagogico-2020.html","name":"USF: Ministro Provincial participa do Planejamento Pedag\u00f3gico 2020\u00a0 - Not\u00edcias - Franciscanos","isPartOf":{"@id":"https:\/\/franciscanos.org.br\/noticias\/#website"},"primaryImageOfPage":{"@id":"https:\/\/franciscanos.org.br\/noticias\/usf-ministro-provincial-participa-do-planejamento-pedagogico-2020.html#primaryimage"},"datePublished":"2020-02-04T14:35:46+00:00","dateModified":"2020-02-11T10:21:05+00:00","author":{"@id":"https:\/\/franciscanos.org.br\/noticias\/#\/schema\/person\/b5c8cba458c330ccff548b056e95a5d4"},"breadcrumb":{"@id":"https:\/\/franciscanos.org.br\/noticias\/usf-ministro-provincial-participa-do-planejamento-pedagogico-2020.html#breadcrumb"},"inLanguage":"pt-BR","potentialAction":[{"@type":"ReadAction","target":["https:\/\/franciscanos.org.br\/noticias\/usf-ministro-provincial-participa-do-planejamento-pedagogico-2020.html"]}]},{"@type":"BreadcrumbList","@id":"https:\/\/franciscanos.org.br\/noticias\/usf-ministro-provincial-participa-do-planejamento-pedagogico-2020.html#breadcrumb","itemListElement":[{"@type":"ListItem","position":1,"name":"Home","item":"https:\/\/franciscanos.org.br\/noticias"},{"@type":"ListItem","position":2,"name":"USF: Ministro Provincial participa do Planejamento Pedag\u00f3gico 2020\u00a0"}]},{"@type":"Person","@id":"https:\/\/franciscanos.org.br\/noticias\/#\/schema\/person\/b5c8cba458c330ccff548b056e95a5d4","name":"moacir","image":{"@type":"ImageObject","inLanguage":"pt-BR","@id":"https:\/\/franciscanos.org.br\/noticias\/#\/schema\/person\/image\/","url":"https:\/\/secure.gravatar.com\/avatar\/d08aa2ce4c8dd416d4479aa8536fcf64?s=96&d=mm&r=g","contentUrl":"https:\/\/secure.gravatar.com\/avatar\/d08aa2ce4c8dd416d4479aa8536fcf64?s=96&d=mm&r=g","caption":"moacir"},"url":"https:\/\/franciscanos.org.br\/noticias\/author\/moacir"}]}},"_links":{"self":[{"href":"https:\/\/franciscanos.org.br\/noticias\/wp-json\/wp\/v2\/posts\/218501"}],"collection":[{"href":"https:\/\/franciscanos.org.br\/noticias\/wp-json\/wp\/v2\/posts"}],"about":[{"href":"https:\/\/franciscanos.org.br\/noticias\/wp-json\/wp\/v2\/types\/post"}],"author":[{"embeddable":true,"href":"https:\/\/franciscanos.org.br\/noticias\/wp-json\/wp\/v2\/users\/3"}],"replies":[{"embeddable":true,"href":"https:\/\/franciscanos.org.br\/noticias\/wp-json\/wp\/v2\/comments?post=218501"}],"version-history":[{"count":0,"href":"https:\/\/franciscanos.org.br\/noticias\/wp-json\/wp\/v2\/posts\/218501\/revisions"}],"wp:featuredmedia":[{"embeddable":true,"href":"https:\/\/franciscanos.org.br\/noticias\/wp-json\/wp\/v2\/media\/218503"}],"wp:attachment":[{"href":"https:\/\/franciscanos.org.br\/noticias\/wp-json\/wp\/v2\/media?parent=218501"}],"wp:term":[{"taxonomy":"category","embeddable":true,"href":"https:\/\/franciscanos.org.br\/noticias\/wp-json\/wp\/v2\/categories?post=218501"},{"taxonomy":"post_tag","embeddable":true,"href":"https:\/\/franciscanos.org.br\/noticias\/wp-json\/wp\/v2\/tags?post=218501"}],"curies":[{"name":"wp","href":"https:\/\/api.w.org\/{rel}","templated":true}]}}