{"id":218488,"date":"2020-02-03T21:54:05","date_gmt":"2020-02-04T00:54:05","guid":{"rendered":"https:\/\/franciscanos.org.br\/noticias\/?p=218488"},"modified":"2020-02-03T22:41:01","modified_gmt":"2020-02-04T01:41:01","slug":"frei-plinio-falece-aos-79-anos-em-nilopolis","status":"publish","type":"post","link":"https:\/\/franciscanos.org.br\/noticias\/frei-plinio-falece-aos-79-anos-em-nilopolis.html","title":{"rendered":"Frei Pl\u00ednio falece aos 79 anos em S\u00e3o Paulo"},"content":{"rendered":"<p><img loading=\"lazy\" class=\"alignnone wp-image-218490 size-full\" src=\"https:\/\/franciscanos.org.br\/noticias\/wp-content\/uploads\/2020\/02\/plinio_alto.jpg\" alt=\"\" width=\"890\" height=\"720\" srcset=\"https:\/\/franciscanos.org.br\/noticias\/wp-content\/uploads\/2020\/02\/plinio_alto.jpg 890w, https:\/\/franciscanos.org.br\/noticias\/wp-content\/uploads\/2020\/02\/plinio_alto-450x364.jpg 450w, https:\/\/franciscanos.org.br\/noticias\/wp-content\/uploads\/2020\/02\/plinio_alto-768x621.jpg 768w, https:\/\/franciscanos.org.br\/noticias\/wp-content\/uploads\/2020\/02\/plinio_alto-150x121.jpg 150w\" sizes=\"(max-width: 890px) 100vw, 890px\" \/><\/p>\n<h3 style=\"text-align: center;\">Frei Pl\u00ednio Gande da Silva<br \/>\n*02\/05\/1940 + 03\/02\/2020<\/h3>\n<p><em>Caros Irm\u00e3os,\u00a0<\/em><em>Paz e Bem!<\/em><\/p>\n<p>O quadro cl\u00ednico de Frei Pl\u00ednio, devido a um c\u00e2ncer,\u00a0 vinha se agravando nos \u00faltimos dias, conforme relatado em boletins anteriores aos frades. Desde s\u00e1bado, dia 01\/02, ele estava passando por momentos de agita\u00e7\u00e3o, del\u00edrios e lucidez. A equipe m\u00e9dica optou pela seda\u00e7\u00e3o a fim de evitar maiores sofrimentos. No fim da tarde de hoje, 03\/02\/2020, Frei Pl\u00ednio veio a \u00f3bito.<br \/>\nEm conversa entre os familiares e a Fraternidade do Largo S\u00e3o Francisco, definiu-se que o vel\u00f3rio ser\u00e1 na Igreja do Convento S\u00e3o Francisco no per\u00edodo da manh\u00e3 com a Missa de corpo presente \u00e0s 12 horas. O sepultamento seguir\u00e1, \u00e0s 14 horas, no Cemit\u00e9rio Sant\u00edssimo Sacramento, na Avenida Doutor Arnaldo, n\u00ba 1.200 &#8211; Sumar\u00e9 &#8211; S\u00e3o Paulo &#8211; SP, no Jazigo dos Frades.<\/p>\n<hr \/>\n<p style=\"padding-left: 40px;\"><strong>Dados pessoais, forma\u00e7\u00e3o e atividades:<\/strong><br \/>\n<strong>02.05.1940 \u2013<\/strong> Nascimento (79 anos)<br \/>\n<strong>11.02.1963<\/strong> \u2013 Vesti\u00e7\u00e3o na Ordem III<br \/>\n<strong>01.05.1965<\/strong> \u2013 Primeira Profiss\u00e3o<br \/>\n<strong>09.10.1966<\/strong> &#8211; Guaratinguet\u00e1 \u2013 Servi\u00e7os Gerais<br \/>\n<strong>31.12.1969<\/strong> &#8211; Convento S\u00e3o Francisco\/SP \u2013 Cozinheiro<br \/>\n<strong>03.03.1975<\/strong> \u2013 Petr\u00f3polis\u2013 CEFEPAL<br \/>\n<strong>26.12.1975<\/strong> &#8211; Guaratinguet\u00e1 \u2013 Estudante e Animador Vocacional<br \/>\n<strong>18.04.1978<\/strong> \u2013 Lages \u2013 Porteiro e sacrist\u00e3o<br \/>\n<strong>05.12.1979<\/strong> \u2013 S\u00e3o Paulo\/Pari &#8211; Porteiro<br \/>\n<strong>14.12.1982<\/strong> \u2013 Petr\u00f3polis \u2013 Porteiro<br \/>\n<strong>08.12.1984<\/strong> \u2013 Convento S\u00e3o Francisco\/SP \u2013 Porteiro<br \/>\n<strong>30.11.1989<\/strong> \u2013 Ipanema \u2013 Servi\u00e7os Gerais<br \/>\n<strong>24.09.1990<\/strong> \u2013 Angola \u2013 Miss\u00e3o<br \/>\n<strong>24.08.1998<\/strong> \u2013 Rio de Janeiro \u2013 Servi\u00e7os Gerais<br \/>\n<strong>23.08.1999<\/strong> &#8211; Grottaferrata\/Antonianum\u2013 Servi\u00e7os Gerais\/Refeitor\u00e1rio<br \/>\n<strong>01.06.2006<\/strong> \u2013 S\u00e3o Paulo\/Pari \u2013 Tratamento de sa\u00fade e servi\u00e7os gerais<br \/>\n<strong>09.08.2007<\/strong> \u2013 Rocinha \u2013 A servi\u00e7o da evangeliza\u00e7\u00e3o<br \/>\n<strong>12.12.2012<\/strong> \u2013 Nil\u00f3polis &#8211; A servi\u00e7o da evangeliza\u00e7\u00e3o<br \/>\n<strong>20.10.2016<\/strong> \u2013 Antonianum\/Roma \u2013 Cafeteria<br \/>\n<strong>20.02.2019<\/strong> \u2013 Nil\u00f3polis &#8211; A servi\u00e7o da evangeliza\u00e7\u00e3o<\/p>\n<hr \/>\n<h3>O frade menor<\/h3>\n<p>Frei Pl\u00ednio nasceu em Divino-MG, mas foi em Volta Redonda-RJ que constituiu morada com sua fam\u00edlia. Em 1961, por ocasi\u00e3o de seu ingresso na casa de Rio Negro, o P\u00e1roco da Par\u00f3quia Nossa Senhora da Concei\u00e7\u00e3o de Volta Redonda fez a seguinte apresenta\u00e7\u00e3o de Frei Pl\u00ednio ao frade superior que deveria acolh\u00ea-lo: <em>\u201cApresento-vos este jovem Pl\u00ednio Gande, paroquiano nosso, com 21 anos de idade, o qual deseja entrar na Vossa Ordem como Irm\u00e3o leigo. De uma fam\u00edlia muito religiosa, sendo a senhora sua m\u00e3e, zeladora exemplar do Apostolado da Ora\u00e7\u00e3o, parece-me que Pl\u00ednio tem todos os requisitos de uma boa voca\u00e7\u00e3o religiosa\u201d<\/em>. Desde seu ingresso na Ordem era clara sua voca\u00e7\u00e3o para o minist\u00e9rio do servi\u00e7o fraterno e cuidado para com os irm\u00e3os.<\/p>\n<p>Foi marcante na sua caminhada religiosa a sua disposi\u00e7\u00e3o para o servi\u00e7o mission\u00e1rio em Angola, constituindo a primeira fraternidade. Esteve na miss\u00e3o por oito anos. Na sua primeira carta ao Provincial, Frei Est\u00eav\u00e3o, disse o seguinte: <em>\u201c\u00c9 com muita alegria, que c\u00e1 de Huambo, posso te dar um sinal de vida. Depois de um ano e um m\u00eas sem comunica\u00e7\u00e3o; gra\u00e7as ao bom Deus posso me comunicar\u201d (&#8230;) Na Kibala, o povo est\u00e1 sofrendo muito: fome, doen\u00e7as e todo tipo de priva\u00e7\u00f5es e inseguran\u00e7a. Os catequistas t\u00eam nos ajudado muito, tanto moral, quanto material. O &#8216;fungi&#8217; nosso de cada dia n\u00e3o tem faltado (&#8230;) Sabemos que a Prov\u00edncia inteira e a Ordem t\u00eam nos acompanhado com suas ora\u00e7\u00f5es; isto nos conforta muito\u201d.<\/em><\/p>\n<p>Dedicou anos de sua vida ao servi\u00e7o simples e discreto na cafeteria e refeit\u00f3rio do Antonianum. Por ocasi\u00e3o de seu retorno \u00e0 Prov\u00edncia, em 2005, o Ministro Geral, Frei Jos\u00e9 Rodr\u00edguez Carballo escreveu ao Provincial dizendo:<em> \u201cPelo governo da Ordem os sinceros agradecimentos pelo generoso servi\u00e7o prestado nesses anos em nossa Fraternidade Internacional\u201d.<\/em><\/p>\n<p>Em 2012, Frei Pl\u00ednio celebrou solenemente na Rocinha o seu jubileu de ouro de vida franciscana. A missa foi presidida pelo amigo de longa data, Dom Leonardo, e a homilia foi feita por Frei Walter Hugo de Almeida, colega de turma, que destacou o seguinte sobre o seu irm\u00e3o:<em> \u201cFrei Pl\u00ednio inspira a grandeza do que \u00e9 ser consagrado, seu abra\u00e7o acolhe a todos que passam por sua vida. Seu amor se multiplica. Vive a pobreza e a caridade ensinadas por S\u00e3o Francisco, na liberdade de quem escolheu a vontade de Deus\u201d.<\/em><\/p>\n<p><strong>R.I.P<\/strong><\/p>\n<p><strong>Frei Je\u00e2 Paulo Andrade<\/strong><\/p>\n","protected":false},"excerpt":{"rendered":"<p>Prov\u00edncia em luto<\/p>\n","protected":false},"author":3,"featured_media":218489,"comment_status":"open","ping_status":"open","sticky":false,"template":"","format":"standard","meta":[],"categories":[1],"tags":[1160],"acf":[],"yoast_head":"<!-- This site is optimized with the Yoast SEO plugin v19.2 - https:\/\/yoast.com\/wordpress\/plugins\/seo\/ -->\n<title>Frei Pl\u00ednio falece aos 79 anos em S\u00e3o Paulo - Not\u00edcias - Franciscanos<\/title>\n<meta name=\"robots\" content=\"index, follow, max-snippet:-1, max-image-preview:large, max-video-preview:-1\" \/>\n<link rel=\"canonical\" href=\"https:\/\/franciscanos.org.br\/noticias\/frei-plinio-falece-aos-79-anos-em-nilopolis.html\" \/>\n<meta property=\"og:locale\" content=\"pt_BR\" \/>\n<meta property=\"og:type\" content=\"article\" \/>\n<meta property=\"og:title\" content=\"Frei Pl\u00ednio falece aos 79 anos em S\u00e3o Paulo - Not\u00edcias - Franciscanos\" \/>\n<meta property=\"og:description\" content=\"Prov\u00edncia em luto\" \/>\n<meta property=\"og:url\" content=\"https:\/\/franciscanos.org.br\/noticias\/frei-plinio-falece-aos-79-anos-em-nilopolis.html\" \/>\n<meta property=\"og:site_name\" content=\"Not\u00edcias - Franciscanos\" \/>\n<meta property=\"article:published_time\" content=\"2020-02-04T00:54:05+00:00\" \/>\n<meta property=\"article:modified_time\" content=\"2020-02-04T01:41:01+00:00\" \/>\n<meta property=\"og:image\" content=\"https:\/\/franciscanos.org.br\/noticias\/wp-content\/uploads\/2020\/02\/plinio_alto_d.jpg\" \/>\n\t<meta property=\"og:image:width\" content=\"273\" \/>\n\t<meta property=\"og:image:height\" content=\"181\" \/>\n\t<meta property=\"og:image:type\" content=\"image\/jpeg\" \/>\n<meta name=\"author\" content=\"moacir\" \/>\n<meta name=\"twitter:card\" content=\"summary_large_image\" \/>\n<meta name=\"twitter:label1\" content=\"Escrito por\" \/>\n\t<meta name=\"twitter:data1\" content=\"moacir\" \/>\n\t<meta name=\"twitter:label2\" content=\"Est. tempo de leitura\" \/>\n\t<meta name=\"twitter:data2\" content=\"4 minutos\" \/>\n<script type=\"application\/ld+json\" class=\"yoast-schema-graph\">{\"@context\":\"https:\/\/schema.org\",\"@graph\":[{\"@type\":\"WebSite\",\"@id\":\"https:\/\/franciscanos.org.br\/noticias\/#website\",\"url\":\"https:\/\/franciscanos.org.br\/noticias\/\",\"name\":\"Not\u00edcias - Franciscanos\",\"description\":\"Prov\u00edncia Franciscana da Imaculada Concei\u00e7\u00e3o do Brasil - Ordem dos Frades Menores - OFM\",\"potentialAction\":[{\"@type\":\"SearchAction\",\"target\":{\"@type\":\"EntryPoint\",\"urlTemplate\":\"https:\/\/franciscanos.org.br\/noticias\/?s={search_term_string}\"},\"query-input\":\"required name=search_term_string\"}],\"inLanguage\":\"pt-BR\"},{\"@type\":\"ImageObject\",\"inLanguage\":\"pt-BR\",\"@id\":\"https:\/\/franciscanos.org.br\/noticias\/frei-plinio-falece-aos-79-anos-em-nilopolis.html#primaryimage\",\"url\":\"https:\/\/franciscanos.org.br\/noticias\/wp-content\/uploads\/2020\/02\/plinio_alto_d.jpg\",\"contentUrl\":\"https:\/\/franciscanos.org.br\/noticias\/wp-content\/uploads\/2020\/02\/plinio_alto_d.jpg\",\"width\":273,\"height\":181},{\"@type\":\"WebPage\",\"@id\":\"https:\/\/franciscanos.org.br\/noticias\/frei-plinio-falece-aos-79-anos-em-nilopolis.html#webpage\",\"url\":\"https:\/\/franciscanos.org.br\/noticias\/frei-plinio-falece-aos-79-anos-em-nilopolis.html\",\"name\":\"Frei Pl\u00ednio falece aos 79 anos em S\u00e3o Paulo - Not\u00edcias - Franciscanos\",\"isPartOf\":{\"@id\":\"https:\/\/franciscanos.org.br\/noticias\/#website\"},\"primaryImageOfPage\":{\"@id\":\"https:\/\/franciscanos.org.br\/noticias\/frei-plinio-falece-aos-79-anos-em-nilopolis.html#primaryimage\"},\"datePublished\":\"2020-02-04T00:54:05+00:00\",\"dateModified\":\"2020-02-04T01:41:01+00:00\",\"author\":{\"@id\":\"https:\/\/franciscanos.org.br\/noticias\/#\/schema\/person\/b5c8cba458c330ccff548b056e95a5d4\"},\"breadcrumb\":{\"@id\":\"https:\/\/franciscanos.org.br\/noticias\/frei-plinio-falece-aos-79-anos-em-nilopolis.html#breadcrumb\"},\"inLanguage\":\"pt-BR\",\"potentialAction\":[{\"@type\":\"ReadAction\",\"target\":[\"https:\/\/franciscanos.org.br\/noticias\/frei-plinio-falece-aos-79-anos-em-nilopolis.html\"]}]},{\"@type\":\"BreadcrumbList\",\"@id\":\"https:\/\/franciscanos.org.br\/noticias\/frei-plinio-falece-aos-79-anos-em-nilopolis.html#breadcrumb\",\"itemListElement\":[{\"@type\":\"ListItem\",\"position\":1,\"name\":\"Home\",\"item\":\"https:\/\/franciscanos.org.br\/noticias\"},{\"@type\":\"ListItem\",\"position\":2,\"name\":\"Frei Pl\u00ednio falece aos 79 anos em S\u00e3o Paulo\"}]},{\"@type\":\"Person\",\"@id\":\"https:\/\/franciscanos.org.br\/noticias\/#\/schema\/person\/b5c8cba458c330ccff548b056e95a5d4\",\"name\":\"moacir\",\"image\":{\"@type\":\"ImageObject\",\"inLanguage\":\"pt-BR\",\"@id\":\"https:\/\/franciscanos.org.br\/noticias\/#\/schema\/person\/image\/\",\"url\":\"https:\/\/secure.gravatar.com\/avatar\/d08aa2ce4c8dd416d4479aa8536fcf64?s=96&d=mm&r=g\",\"contentUrl\":\"https:\/\/secure.gravatar.com\/avatar\/d08aa2ce4c8dd416d4479aa8536fcf64?s=96&d=mm&r=g\",\"caption\":\"moacir\"},\"url\":\"https:\/\/franciscanos.org.br\/noticias\/author\/moacir\"}]}<\/script>\n<!-- \/ Yoast SEO plugin. -->","yoast_head_json":{"title":"Frei Pl\u00ednio falece aos 79 anos em S\u00e3o Paulo - Not\u00edcias - Franciscanos","robots":{"index":"index","follow":"follow","max-snippet":"max-snippet:-1","max-image-preview":"max-image-preview:large","max-video-preview":"max-video-preview:-1"},"canonical":"https:\/\/franciscanos.org.br\/noticias\/frei-plinio-falece-aos-79-anos-em-nilopolis.html","og_locale":"pt_BR","og_type":"article","og_title":"Frei Pl\u00ednio falece aos 79 anos em S\u00e3o Paulo - Not\u00edcias - Franciscanos","og_description":"Prov\u00edncia em luto","og_url":"https:\/\/franciscanos.org.br\/noticias\/frei-plinio-falece-aos-79-anos-em-nilopolis.html","og_site_name":"Not\u00edcias - Franciscanos","article_published_time":"2020-02-04T00:54:05+00:00","article_modified_time":"2020-02-04T01:41:01+00:00","og_image":[{"width":273,"height":181,"url":"https:\/\/franciscanos.org.br\/noticias\/wp-content\/uploads\/2020\/02\/plinio_alto_d.jpg","type":"image\/jpeg"}],"author":"moacir","twitter_card":"summary_large_image","twitter_misc":{"Escrito por":"moacir","Est. tempo de leitura":"4 minutos"},"schema":{"@context":"https:\/\/schema.org","@graph":[{"@type":"WebSite","@id":"https:\/\/franciscanos.org.br\/noticias\/#website","url":"https:\/\/franciscanos.org.br\/noticias\/","name":"Not\u00edcias - Franciscanos","description":"Prov\u00edncia Franciscana da Imaculada Concei\u00e7\u00e3o do Brasil - Ordem dos Frades Menores - OFM","potentialAction":[{"@type":"SearchAction","target":{"@type":"EntryPoint","urlTemplate":"https:\/\/franciscanos.org.br\/noticias\/?s={search_term_string}"},"query-input":"required name=search_term_string"}],"inLanguage":"pt-BR"},{"@type":"ImageObject","inLanguage":"pt-BR","@id":"https:\/\/franciscanos.org.br\/noticias\/frei-plinio-falece-aos-79-anos-em-nilopolis.html#primaryimage","url":"https:\/\/franciscanos.org.br\/noticias\/wp-content\/uploads\/2020\/02\/plinio_alto_d.jpg","contentUrl":"https:\/\/franciscanos.org.br\/noticias\/wp-content\/uploads\/2020\/02\/plinio_alto_d.jpg","width":273,"height":181},{"@type":"WebPage","@id":"https:\/\/franciscanos.org.br\/noticias\/frei-plinio-falece-aos-79-anos-em-nilopolis.html#webpage","url":"https:\/\/franciscanos.org.br\/noticias\/frei-plinio-falece-aos-79-anos-em-nilopolis.html","name":"Frei Pl\u00ednio falece aos 79 anos em S\u00e3o Paulo - Not\u00edcias - Franciscanos","isPartOf":{"@id":"https:\/\/franciscanos.org.br\/noticias\/#website"},"primaryImageOfPage":{"@id":"https:\/\/franciscanos.org.br\/noticias\/frei-plinio-falece-aos-79-anos-em-nilopolis.html#primaryimage"},"datePublished":"2020-02-04T00:54:05+00:00","dateModified":"2020-02-04T01:41:01+00:00","author":{"@id":"https:\/\/franciscanos.org.br\/noticias\/#\/schema\/person\/b5c8cba458c330ccff548b056e95a5d4"},"breadcrumb":{"@id":"https:\/\/franciscanos.org.br\/noticias\/frei-plinio-falece-aos-79-anos-em-nilopolis.html#breadcrumb"},"inLanguage":"pt-BR","potentialAction":[{"@type":"ReadAction","target":["https:\/\/franciscanos.org.br\/noticias\/frei-plinio-falece-aos-79-anos-em-nilopolis.html"]}]},{"@type":"BreadcrumbList","@id":"https:\/\/franciscanos.org.br\/noticias\/frei-plinio-falece-aos-79-anos-em-nilopolis.html#breadcrumb","itemListElement":[{"@type":"ListItem","position":1,"name":"Home","item":"https:\/\/franciscanos.org.br\/noticias"},{"@type":"ListItem","position":2,"name":"Frei Pl\u00ednio falece aos 79 anos em S\u00e3o Paulo"}]},{"@type":"Person","@id":"https:\/\/franciscanos.org.br\/noticias\/#\/schema\/person\/b5c8cba458c330ccff548b056e95a5d4","name":"moacir","image":{"@type":"ImageObject","inLanguage":"pt-BR","@id":"https:\/\/franciscanos.org.br\/noticias\/#\/schema\/person\/image\/","url":"https:\/\/secure.gravatar.com\/avatar\/d08aa2ce4c8dd416d4479aa8536fcf64?s=96&d=mm&r=g","contentUrl":"https:\/\/secure.gravatar.com\/avatar\/d08aa2ce4c8dd416d4479aa8536fcf64?s=96&d=mm&r=g","caption":"moacir"},"url":"https:\/\/franciscanos.org.br\/noticias\/author\/moacir"}]}},"_links":{"self":[{"href":"https:\/\/franciscanos.org.br\/noticias\/wp-json\/wp\/v2\/posts\/218488"}],"collection":[{"href":"https:\/\/franciscanos.org.br\/noticias\/wp-json\/wp\/v2\/posts"}],"about":[{"href":"https:\/\/franciscanos.org.br\/noticias\/wp-json\/wp\/v2\/types\/post"}],"author":[{"embeddable":true,"href":"https:\/\/franciscanos.org.br\/noticias\/wp-json\/wp\/v2\/users\/3"}],"replies":[{"embeddable":true,"href":"https:\/\/franciscanos.org.br\/noticias\/wp-json\/wp\/v2\/comments?post=218488"}],"version-history":[{"count":0,"href":"https:\/\/franciscanos.org.br\/noticias\/wp-json\/wp\/v2\/posts\/218488\/revisions"}],"wp:featuredmedia":[{"embeddable":true,"href":"https:\/\/franciscanos.org.br\/noticias\/wp-json\/wp\/v2\/media\/218489"}],"wp:attachment":[{"href":"https:\/\/franciscanos.org.br\/noticias\/wp-json\/wp\/v2\/media?parent=218488"}],"wp:term":[{"taxonomy":"category","embeddable":true,"href":"https:\/\/franciscanos.org.br\/noticias\/wp-json\/wp\/v2\/categories?post=218488"},{"taxonomy":"post_tag","embeddable":true,"href":"https:\/\/franciscanos.org.br\/noticias\/wp-json\/wp\/v2\/tags?post=218488"}],"curies":[{"name":"wp","href":"https:\/\/api.w.org\/{rel}","templated":true}]}}