{"id":218482,"date":"2020-02-03T07:01:43","date_gmt":"2020-02-03T10:01:43","guid":{"rendered":"https:\/\/franciscanos.org.br\/noticias\/?p=218482"},"modified":"2020-02-03T07:03:25","modified_gmt":"2020-02-03T10:03:25","slug":"seminario-sao-francisco-de-assis-acolhe-a-turma-de-2020","status":"publish","type":"post","link":"https:\/\/franciscanos.org.br\/noticias\/seminario-sao-francisco-de-assis-acolhe-a-turma-de-2020.html","title":{"rendered":"Semin\u00e1rio S\u00e3o Francisco de Assis acolhe a turma de 2020"},"content":{"rendered":"<p><img loading=\"lazy\" class=\"alignnone wp-image-218484 size-full\" src=\"https:\/\/franciscanos.org.br\/noticias\/wp-content\/uploads\/2020\/02\/ituporanga_03.jpg\" alt=\"\" width=\"890\" height=\"674\" srcset=\"https:\/\/franciscanos.org.br\/noticias\/wp-content\/uploads\/2020\/02\/ituporanga_03.jpg 890w, https:\/\/franciscanos.org.br\/noticias\/wp-content\/uploads\/2020\/02\/ituporanga_03-450x341.jpg 450w, https:\/\/franciscanos.org.br\/noticias\/wp-content\/uploads\/2020\/02\/ituporanga_03-768x582.jpg 768w, https:\/\/franciscanos.org.br\/noticias\/wp-content\/uploads\/2020\/02\/ituporanga_03-150x114.jpg 150w\" sizes=\"(max-width: 890px) 100vw, 890px\" \/><\/p>\n<p><strong>Ituporanga (SC)<\/strong> &#8211; O Semin\u00e1rio S\u00e3o Francisco de Assis, em Ituporanga (SC), iniciou a etapa formativa de 2020, neste dia 31 de janeiro, com a chegada de 30 seminaristas, sendo 17 aspirantes e 13 do Ensino M\u00e9dio, procedentes dos cinco estados onde a Prov\u00edncia da Imaculada Concei\u00e7\u00e3o se encontra presente (Esp\u00edrito Santo, Rio de Janeiro, S\u00e3o Paulo, Paran\u00e1 e Santa Catarina).<\/p>\n<p>O semin\u00e1rio acolhe duas etapas distintas de forma\u00e7\u00e3o. Parte do grupo ainda cursa o Ensino M\u00e9dio em uma das escolas da cidade e tem, al\u00e9m disso, os refor\u00e7os necess\u00e1rios em casa, bem como a forma\u00e7\u00e3o humana, crist\u00e3 e franciscana que lhes ajudar\u00e3o em seu discernimento vocacional. Outra parte do grupo j\u00e1 concluiu o Ensino M\u00e9dio, alguns j\u00e1 possuindo Curso Superior, e, tendo sentido o chamado \u00e0 vida franciscana, v\u00eam ao semin\u00e1rio para sua primeira etapa de forma\u00e7\u00e3o: o Aspirantado.<\/p>\n<p>Atrav\u00e9s dos momentos de conv\u00edvio fraterno, ora\u00e7\u00e3o, trabalho, estudo e esporte, todos poder\u00e3o vivenciar o carisma franciscano e experimentar em seus cora\u00e7\u00f5es o chamado da vida em fraternidade dedicada a Deus seguindo o modo de vida de S\u00e3o Francisco de Assis.<\/p>\n<p>\u201cEspero amadurecer melhor a minha voca\u00e7\u00e3o, ter em mente os objetivos e buscar alcan\u00e7\u00e1-los, criando boas amizades, me desenvolver tanto na parte acad\u00eamica, como na religiosa e humana\u201d, diz o seminarista Gabriel Speran\u00e7a Goschel.<\/p>\n<p>\u201cEspero trilhar os caminhos da santidade, seguindo a vontade de Jesus Cristo, buscando um discernimento mais profundo, atrav\u00e9s das ora\u00e7\u00f5es e viv\u00eancia da vida franciscana em fraternidade. Tudo \u00e9 aprendizado e atrav\u00e9s dos estudos e vida fraterna, quero obter mais conhecimento para o cotidiano na vida religiosa. Seguir os passos do Santo de Assis para assim como ele buscar o sentido das coisas em Deus\u201d, acredita o aspirante Higor Augusto dos Santos Almeida.<\/p>\n<p>Que este seja um ano de forte experi\u00eancia vocacional a cada um deles. Que conservem sempre seu cora\u00e7\u00e3o aberto aos apelos do Senhor e descubram em si mesmos, a capacidade e for\u00e7a para moldar sua vida \u00e0 vontade de Deus para cada um deles!<\/p>\n<hr \/>\n<p><em>Equipe de Comunica\u00e7\u00e3o do Semin\u00e1rio<\/em><\/p>\n","protected":false},"excerpt":{"rendered":"<p>Forma\u00e7\u00e3o e Estudos<\/p>\n","protected":false},"author":3,"featured_media":218483,"comment_status":"open","ping_status":"open","sticky":false,"template":"","format":"standard","meta":[],"categories":[1],"tags":[650],"acf":[],"yoast_head":"<!-- This site is optimized with the Yoast SEO plugin v19.2 - https:\/\/yoast.com\/wordpress\/plugins\/seo\/ -->\n<title>Semin\u00e1rio S\u00e3o Francisco de Assis acolhe a turma de 2020 - Not\u00edcias - Franciscanos<\/title>\n<meta name=\"robots\" content=\"index, follow, max-snippet:-1, max-image-preview:large, max-video-preview:-1\" \/>\n<link rel=\"canonical\" href=\"https:\/\/franciscanos.org.br\/noticias\/seminario-sao-francisco-de-assis-acolhe-a-turma-de-2020.html\" \/>\n<meta property=\"og:locale\" content=\"pt_BR\" \/>\n<meta property=\"og:type\" content=\"article\" \/>\n<meta property=\"og:title\" content=\"Semin\u00e1rio S\u00e3o Francisco de Assis acolhe a turma de 2020 - Not\u00edcias - Franciscanos\" \/>\n<meta property=\"og:description\" content=\"Forma\u00e7\u00e3o e Estudos\" \/>\n<meta property=\"og:url\" content=\"https:\/\/franciscanos.org.br\/noticias\/seminario-sao-francisco-de-assis-acolhe-a-turma-de-2020.html\" \/>\n<meta property=\"og:site_name\" content=\"Not\u00edcias - Franciscanos\" \/>\n<meta property=\"article:published_time\" content=\"2020-02-03T10:01:43+00:00\" \/>\n<meta property=\"article:modified_time\" content=\"2020-02-03T10:03:25+00:00\" \/>\n<meta property=\"og:image\" content=\"https:\/\/franciscanos.org.br\/noticias\/wp-content\/uploads\/2020\/02\/ituporanga_03d.jpg\" \/>\n\t<meta property=\"og:image:width\" content=\"273\" \/>\n\t<meta property=\"og:image:height\" content=\"181\" \/>\n\t<meta property=\"og:image:type\" content=\"image\/jpeg\" \/>\n<meta name=\"author\" content=\"moacir\" \/>\n<meta name=\"twitter:card\" content=\"summary_large_image\" \/>\n<meta name=\"twitter:label1\" content=\"Escrito por\" \/>\n\t<meta name=\"twitter:data1\" content=\"moacir\" \/>\n\t<meta name=\"twitter:label2\" content=\"Est. tempo de leitura\" \/>\n\t<meta name=\"twitter:data2\" content=\"2 minutos\" \/>\n<script type=\"application\/ld+json\" class=\"yoast-schema-graph\">{\"@context\":\"https:\/\/schema.org\",\"@graph\":[{\"@type\":\"WebSite\",\"@id\":\"https:\/\/franciscanos.org.br\/noticias\/#website\",\"url\":\"https:\/\/franciscanos.org.br\/noticias\/\",\"name\":\"Not\u00edcias - Franciscanos\",\"description\":\"Prov\u00edncia Franciscana da Imaculada Concei\u00e7\u00e3o do Brasil - Ordem dos Frades Menores - OFM\",\"potentialAction\":[{\"@type\":\"SearchAction\",\"target\":{\"@type\":\"EntryPoint\",\"urlTemplate\":\"https:\/\/franciscanos.org.br\/noticias\/?s={search_term_string}\"},\"query-input\":\"required name=search_term_string\"}],\"inLanguage\":\"pt-BR\"},{\"@type\":\"ImageObject\",\"inLanguage\":\"pt-BR\",\"@id\":\"https:\/\/franciscanos.org.br\/noticias\/seminario-sao-francisco-de-assis-acolhe-a-turma-de-2020.html#primaryimage\",\"url\":\"https:\/\/franciscanos.org.br\/noticias\/wp-content\/uploads\/2020\/02\/ituporanga_03d.jpg\",\"contentUrl\":\"https:\/\/franciscanos.org.br\/noticias\/wp-content\/uploads\/2020\/02\/ituporanga_03d.jpg\",\"width\":273,\"height\":181},{\"@type\":\"WebPage\",\"@id\":\"https:\/\/franciscanos.org.br\/noticias\/seminario-sao-francisco-de-assis-acolhe-a-turma-de-2020.html#webpage\",\"url\":\"https:\/\/franciscanos.org.br\/noticias\/seminario-sao-francisco-de-assis-acolhe-a-turma-de-2020.html\",\"name\":\"Semin\u00e1rio S\u00e3o Francisco de Assis acolhe a turma de 2020 - Not\u00edcias - Franciscanos\",\"isPartOf\":{\"@id\":\"https:\/\/franciscanos.org.br\/noticias\/#website\"},\"primaryImageOfPage\":{\"@id\":\"https:\/\/franciscanos.org.br\/noticias\/seminario-sao-francisco-de-assis-acolhe-a-turma-de-2020.html#primaryimage\"},\"datePublished\":\"2020-02-03T10:01:43+00:00\",\"dateModified\":\"2020-02-03T10:03:25+00:00\",\"author\":{\"@id\":\"https:\/\/franciscanos.org.br\/noticias\/#\/schema\/person\/b5c8cba458c330ccff548b056e95a5d4\"},\"breadcrumb\":{\"@id\":\"https:\/\/franciscanos.org.br\/noticias\/seminario-sao-francisco-de-assis-acolhe-a-turma-de-2020.html#breadcrumb\"},\"inLanguage\":\"pt-BR\",\"potentialAction\":[{\"@type\":\"ReadAction\",\"target\":[\"https:\/\/franciscanos.org.br\/noticias\/seminario-sao-francisco-de-assis-acolhe-a-turma-de-2020.html\"]}]},{\"@type\":\"BreadcrumbList\",\"@id\":\"https:\/\/franciscanos.org.br\/noticias\/seminario-sao-francisco-de-assis-acolhe-a-turma-de-2020.html#breadcrumb\",\"itemListElement\":[{\"@type\":\"ListItem\",\"position\":1,\"name\":\"Home\",\"item\":\"https:\/\/franciscanos.org.br\/noticias\"},{\"@type\":\"ListItem\",\"position\":2,\"name\":\"Semin\u00e1rio S\u00e3o Francisco de Assis acolhe a turma de 2020\"}]},{\"@type\":\"Person\",\"@id\":\"https:\/\/franciscanos.org.br\/noticias\/#\/schema\/person\/b5c8cba458c330ccff548b056e95a5d4\",\"name\":\"moacir\",\"image\":{\"@type\":\"ImageObject\",\"inLanguage\":\"pt-BR\",\"@id\":\"https:\/\/franciscanos.org.br\/noticias\/#\/schema\/person\/image\/\",\"url\":\"https:\/\/secure.gravatar.com\/avatar\/d08aa2ce4c8dd416d4479aa8536fcf64?s=96&d=mm&r=g\",\"contentUrl\":\"https:\/\/secure.gravatar.com\/avatar\/d08aa2ce4c8dd416d4479aa8536fcf64?s=96&d=mm&r=g\",\"caption\":\"moacir\"},\"url\":\"https:\/\/franciscanos.org.br\/noticias\/author\/moacir\"}]}<\/script>\n<!-- \/ Yoast SEO plugin. -->","yoast_head_json":{"title":"Semin\u00e1rio S\u00e3o Francisco de Assis acolhe a turma de 2020 - Not\u00edcias - Franciscanos","robots":{"index":"index","follow":"follow","max-snippet":"max-snippet:-1","max-image-preview":"max-image-preview:large","max-video-preview":"max-video-preview:-1"},"canonical":"https:\/\/franciscanos.org.br\/noticias\/seminario-sao-francisco-de-assis-acolhe-a-turma-de-2020.html","og_locale":"pt_BR","og_type":"article","og_title":"Semin\u00e1rio S\u00e3o Francisco de Assis acolhe a turma de 2020 - Not\u00edcias - Franciscanos","og_description":"Forma\u00e7\u00e3o e Estudos","og_url":"https:\/\/franciscanos.org.br\/noticias\/seminario-sao-francisco-de-assis-acolhe-a-turma-de-2020.html","og_site_name":"Not\u00edcias - Franciscanos","article_published_time":"2020-02-03T10:01:43+00:00","article_modified_time":"2020-02-03T10:03:25+00:00","og_image":[{"width":273,"height":181,"url":"https:\/\/franciscanos.org.br\/noticias\/wp-content\/uploads\/2020\/02\/ituporanga_03d.jpg","type":"image\/jpeg"}],"author":"moacir","twitter_card":"summary_large_image","twitter_misc":{"Escrito por":"moacir","Est. tempo de leitura":"2 minutos"},"schema":{"@context":"https:\/\/schema.org","@graph":[{"@type":"WebSite","@id":"https:\/\/franciscanos.org.br\/noticias\/#website","url":"https:\/\/franciscanos.org.br\/noticias\/","name":"Not\u00edcias - Franciscanos","description":"Prov\u00edncia Franciscana da Imaculada Concei\u00e7\u00e3o do Brasil - Ordem dos Frades Menores - OFM","potentialAction":[{"@type":"SearchAction","target":{"@type":"EntryPoint","urlTemplate":"https:\/\/franciscanos.org.br\/noticias\/?s={search_term_string}"},"query-input":"required name=search_term_string"}],"inLanguage":"pt-BR"},{"@type":"ImageObject","inLanguage":"pt-BR","@id":"https:\/\/franciscanos.org.br\/noticias\/seminario-sao-francisco-de-assis-acolhe-a-turma-de-2020.html#primaryimage","url":"https:\/\/franciscanos.org.br\/noticias\/wp-content\/uploads\/2020\/02\/ituporanga_03d.jpg","contentUrl":"https:\/\/franciscanos.org.br\/noticias\/wp-content\/uploads\/2020\/02\/ituporanga_03d.jpg","width":273,"height":181},{"@type":"WebPage","@id":"https:\/\/franciscanos.org.br\/noticias\/seminario-sao-francisco-de-assis-acolhe-a-turma-de-2020.html#webpage","url":"https:\/\/franciscanos.org.br\/noticias\/seminario-sao-francisco-de-assis-acolhe-a-turma-de-2020.html","name":"Semin\u00e1rio S\u00e3o Francisco de Assis acolhe a turma de 2020 - Not\u00edcias - Franciscanos","isPartOf":{"@id":"https:\/\/franciscanos.org.br\/noticias\/#website"},"primaryImageOfPage":{"@id":"https:\/\/franciscanos.org.br\/noticias\/seminario-sao-francisco-de-assis-acolhe-a-turma-de-2020.html#primaryimage"},"datePublished":"2020-02-03T10:01:43+00:00","dateModified":"2020-02-03T10:03:25+00:00","author":{"@id":"https:\/\/franciscanos.org.br\/noticias\/#\/schema\/person\/b5c8cba458c330ccff548b056e95a5d4"},"breadcrumb":{"@id":"https:\/\/franciscanos.org.br\/noticias\/seminario-sao-francisco-de-assis-acolhe-a-turma-de-2020.html#breadcrumb"},"inLanguage":"pt-BR","potentialAction":[{"@type":"ReadAction","target":["https:\/\/franciscanos.org.br\/noticias\/seminario-sao-francisco-de-assis-acolhe-a-turma-de-2020.html"]}]},{"@type":"BreadcrumbList","@id":"https:\/\/franciscanos.org.br\/noticias\/seminario-sao-francisco-de-assis-acolhe-a-turma-de-2020.html#breadcrumb","itemListElement":[{"@type":"ListItem","position":1,"name":"Home","item":"https:\/\/franciscanos.org.br\/noticias"},{"@type":"ListItem","position":2,"name":"Semin\u00e1rio S\u00e3o Francisco de Assis acolhe a turma de 2020"}]},{"@type":"Person","@id":"https:\/\/franciscanos.org.br\/noticias\/#\/schema\/person\/b5c8cba458c330ccff548b056e95a5d4","name":"moacir","image":{"@type":"ImageObject","inLanguage":"pt-BR","@id":"https:\/\/franciscanos.org.br\/noticias\/#\/schema\/person\/image\/","url":"https:\/\/secure.gravatar.com\/avatar\/d08aa2ce4c8dd416d4479aa8536fcf64?s=96&d=mm&r=g","contentUrl":"https:\/\/secure.gravatar.com\/avatar\/d08aa2ce4c8dd416d4479aa8536fcf64?s=96&d=mm&r=g","caption":"moacir"},"url":"https:\/\/franciscanos.org.br\/noticias\/author\/moacir"}]}},"_links":{"self":[{"href":"https:\/\/franciscanos.org.br\/noticias\/wp-json\/wp\/v2\/posts\/218482"}],"collection":[{"href":"https:\/\/franciscanos.org.br\/noticias\/wp-json\/wp\/v2\/posts"}],"about":[{"href":"https:\/\/franciscanos.org.br\/noticias\/wp-json\/wp\/v2\/types\/post"}],"author":[{"embeddable":true,"href":"https:\/\/franciscanos.org.br\/noticias\/wp-json\/wp\/v2\/users\/3"}],"replies":[{"embeddable":true,"href":"https:\/\/franciscanos.org.br\/noticias\/wp-json\/wp\/v2\/comments?post=218482"}],"version-history":[{"count":0,"href":"https:\/\/franciscanos.org.br\/noticias\/wp-json\/wp\/v2\/posts\/218482\/revisions"}],"wp:featuredmedia":[{"embeddable":true,"href":"https:\/\/franciscanos.org.br\/noticias\/wp-json\/wp\/v2\/media\/218483"}],"wp:attachment":[{"href":"https:\/\/franciscanos.org.br\/noticias\/wp-json\/wp\/v2\/media?parent=218482"}],"wp:term":[{"taxonomy":"category","embeddable":true,"href":"https:\/\/franciscanos.org.br\/noticias\/wp-json\/wp\/v2\/categories?post=218482"},{"taxonomy":"post_tag","embeddable":true,"href":"https:\/\/franciscanos.org.br\/noticias\/wp-json\/wp\/v2\/tags?post=218482"}],"curies":[{"name":"wp","href":"https:\/\/api.w.org\/{rel}","templated":true}]}}