{"id":218450,"date":"2020-02-02T18:43:50","date_gmt":"2020-02-02T21:43:50","guid":{"rendered":"https:\/\/franciscanos.org.br\/noticias\/?p=218450"},"modified":"2021-08-29T17:43:43","modified_gmt":"2021-08-29T20:43:43","slug":"angelus-a-estagnacao-nao-combina-com-o-testemunho-cristao-e-a-missao-da-igreja","status":"publish","type":"post","link":"https:\/\/franciscanos.org.br\/noticias\/angelus-a-estagnacao-nao-combina-com-o-testemunho-cristao-e-a-missao-da-igreja.html","title":{"rendered":"Angelus: a estagna\u00e7\u00e3o n\u00e3o combina com o testemunho crist\u00e3o e a miss\u00e3o da Igreja"},"content":{"rendered":"<div id=\"attachment_218452\" style=\"width: 900px\" class=\"wp-caption alignnone\"><img aria-describedby=\"caption-attachment-218452\" loading=\"lazy\" class=\"wp-image-218452 size-full\" src=\"https:\/\/franciscanos.org.br\/noticias\/wp-content\/uploads\/2020\/02\/papa_02.jpg\" alt=\"\" width=\"890\" height=\"501\" srcset=\"https:\/\/franciscanos.org.br\/noticias\/wp-content\/uploads\/2020\/02\/papa_02.jpg 890w, https:\/\/franciscanos.org.br\/noticias\/wp-content\/uploads\/2020\/02\/papa_02-450x253.jpg 450w, https:\/\/franciscanos.org.br\/noticias\/wp-content\/uploads\/2020\/02\/papa_02-768x432.jpg 768w, https:\/\/franciscanos.org.br\/noticias\/wp-content\/uploads\/2020\/02\/papa_02-150x84.jpg 150w\" sizes=\"(max-width: 890px) 100vw, 890px\" \/><p id=\"caption-attachment-218452\" class=\"wp-caption-text\">\u00a0 \u00a0 \u00a0 \u00a0 \u00a0 \u00a0 \u00a0 \u00a0 \u00a0 \u00a0 \u00a0 \u00a0 \u00a0 \u00a0 \u00a0 \u00a0 \u00a0 \u00a0 \u00a0 \u00a0 \u00a0 \u00a0 \u00a0 \u00a0 \u00a0 \u00a0 \u00a0 \u00a0 \u00a0 \u00a0 \u00a0 \u00a0 \u00a0 \u00a0 \u00a0 \u00a0 \u00a0 \u00a0 \u00a0 \u00a0 \u00a0 \u00a0 \u00a0 \u00a0 \u00a0 \u00a0 \u00a0 \u00a0 \u00a0 \u00a0 \u00a0 \u00a0 \u00a0 \u00a0 \u00a0 \u00a0 \u00a0 \u00a0 \u00a0 <em>Imagem: Vatican media<\/em><\/p><\/div>\n<p><strong>Cidade do Vaticano<\/strong> &#8211; O Papa Francisco rezou a ora\u00e7\u00e3o mariana do Angelus deste domingo (02\/02), Festa da Apresenta\u00e7\u00e3o do Senhor e XXIV Dia Mundial da Vida Consagrada, com os fi\u00e9is e peregrinos reunidos na Pra\u00e7a S\u00e3o Pedro.<\/p>\n<p>Na alocu\u00e7\u00e3o que precedeu a ora\u00e7\u00e3o, o Pont\u00edfice disse: \u201cCelebramos hoje a Festa da Apresenta\u00e7\u00e3o do Senhor: quando Jesus rec\u00e9m-nascido foi apresentado ao templo pela Virgem Maria e S\u00e3o Jos\u00e9. Nesta data tamb\u00e9m se celebra o Dia da Vida Consagrada, que recorda o grande tesouro na Igreja daqueles que seguem o Senhor de perto, professando os conselhos evang\u00e9licos.\u201d<\/p>\n<p>Segundo o Evangelho, \u201cquarenta dias ap\u00f3s o nascimento, os pais de Jesus levaram o Menino a Jerusal\u00e9m para consagr\u00e1-lo a Deus, conforme prescrito pela lei judaica\u201d.<\/p>\n<p><strong>Movimento<\/strong><br \/>\n\u201cAo descrever um rito previsto pela tradi\u00e7\u00e3o, este epis\u00f3dio chama a nossa aten\u00e7\u00e3o para o exemplo de alguns personagens. Eles s\u00e3o pegos no momento em que fazem experi\u00eancia do encontro com o Senhor no lugar em que Ele se faz presente e pr\u00f3ximo ao homem. Trata-se de Maria e Jos\u00e9, Sime\u00e3o e Ana, que representam modelos de acolhimento e doa\u00e7\u00e3o da vida a Deus. Eles n\u00e3o eram iguais. Eram diferentes, mas todos buscavam e se deixavam guiar pelo Senhor. O evangelista Lucas descreve todos eles numa dupla atitude: de movimento e admira\u00e7\u00e3o\u201d, sublinhou o Papa.<\/p>\n<p>A primeira atitude \u00e9 o movimento. Maria e Jos\u00e9 v\u00e3o em dire\u00e7\u00e3o a Jerusal\u00e9m. Por sua vez, Sime\u00e3o, movido pelo Esp\u00edrito, vai ao templo, enquanto Ana serve a Deus dia e noite sem cessar. Desse modo, os quatro protagonistas da passagem do Evangelho nos mostram que a vida crist\u00e3 exige dinamismo e disponibilidade de caminhar, deixando-se guiar pelo Esp\u00edrito Santo.<\/p>\n<p>\u201cA estagna\u00e7\u00e3o n\u00e3o combina com o testemunho crist\u00e3o e com a miss\u00e3o da Igreja. O mundo precisa de crist\u00e3os que se movam, que nunca se cansam de andar pelas estradas da vida, para levar a todos a palavra consoladora de Jesus.\u201d<\/p>\n<p>A seguir, o Papa disse que \u201ctodo batizado recebeu a voca\u00e7\u00e3o para o an\u00fancio, para a miss\u00e3o evangelizadora! As par\u00f3quias e v\u00e1rias comunidades eclesiais s\u00e3o chamadas a incentivar o compromisso dos jovens, fam\u00edlias e idosos, para que todos possam ter uma experi\u00eancia crist\u00e3, vivendo a vida e a miss\u00e3o da Igreja como protagonistas\u201d.<\/p>\n<p>A segunda atitude com a qual S\u00e3o Lucas apresenta os quatro personagens da hist\u00f3ria \u00e9 a admira\u00e7\u00e3o. Maria e Jos\u00e9 \u201cficaram maravilhados com o que se dizia Dele. A admira\u00e7\u00e3o \u00e9 uma rea\u00e7\u00e3o expl\u00edcita tamb\u00e9m do velho Sime\u00e3o, que no Menino Jesus v\u00ea com seus pr\u00f3prios olhos a salva\u00e7\u00e3o realizada por Deus em favor de seu povo. E o mesmo acontece com Ana, que \u00abtamb\u00e9m come\u00e7ou a louvar a Deus\u00bb e ir mostrar Jesus \u00e0s pessoas. Esta \u00e9 uma santa faladora, conversava bem, falava de coisas boas, n\u00e3o coisas ruins. Dizia, anunciava: uma santa que ia de uma mulher para outra mostrando-lhes Jesus.<\/p>\n<p>Segundo o Pont\u00edfice, \u201cessas figuras de fi\u00e9is s\u00e3o circundadas pela admira\u00e7\u00e3o, porque se deixam cativar e se envolver pelos eventos que aconteciam diante de seus olhos\u201d.<\/p>\n<p><strong>Capacidade de se surpreender<\/strong><br \/>\nA capacidade de se surpreender com as coisas que nos circundam, favorece a experi\u00eancia religiosa e torna fecundo o encontro com o Senhor. Ao contr\u00e1rio, a incapacidade de nos surpreender nos torna indiferentes e amplia as dist\u00e2ncias entre o caminho de f\u00e9 e a vida cotidiana.<\/p>\n<p>Francisco concluiu, pedindo \u00e0 \u201cVirgem Maria para que nos ajude a contemplar todos os dias em Jesus o dom de Deus para n\u00f3s, e a nos deixar envolver por Ele no movimento do dom, com admira\u00e7\u00e3o alegre, para que toda a nossa vida se torne um louvor a Deus no servi\u00e7o aos irm\u00e3os\u201d.<\/p>\n<p>Ap\u00f3s a ora\u00e7\u00e3o mariana do Angelus, o Santo Padre recordou que a It\u00e1lia celebra, neste domingo, o Dia pela Vida sobre o tema \u201cAbram as portas para a vida\u201d. Unindo-se \u00e0 mensagem dos bispos, o Pont\u00edfice \u201cdeseja que este dia seja uma ocasi\u00e3o para cuidar e proteger a vida humana desde o in\u00edcio at\u00e9 o seu fim natural\u201d.<\/p>\n<p>\u201cTamb\u00e9m \u00e9 necess\u00e1rio combater toda forma de viola\u00e7\u00e3o da dignidade, mesmo quando est\u00e1 em jogo a tecnologia ou a economia, abrindo as portas para novas formas de fraternidade solid\u00e1ria.\u201d<\/p>\n<p>A seguir, o Papa convidou todos os presentes na Pra\u00e7a S\u00e3o Pedro a rezarem uma Ave-Maria pelos homens e mulheres consagrados que trabalham muito e em segredo. Por fim, pediu um aplauso para todos os consagrados e pediu aos fi\u00e9is para n\u00e3o se esquecerem de rezar por ele.<\/p>\n<hr \/>\n<p><em>Fonte: Vatican News<\/em><\/p>\n","protected":false},"excerpt":{"rendered":"<p>Angelus<\/p>\n","protected":false},"author":3,"featured_media":218451,"comment_status":"open","ping_status":"open","sticky":false,"template":"","format":"standard","meta":[],"categories":[1428],"tags":[403],"acf":[],"yoast_head":"<!-- This site is optimized with the Yoast SEO plugin v19.2 - https:\/\/yoast.com\/wordpress\/plugins\/seo\/ -->\n<title>Angelus: a estagna\u00e7\u00e3o n\u00e3o combina com o testemunho crist\u00e3o e a miss\u00e3o da Igreja - Not\u00edcias - Franciscanos<\/title>\n<meta name=\"robots\" content=\"index, follow, max-snippet:-1, max-image-preview:large, max-video-preview:-1\" \/>\n<link rel=\"canonical\" href=\"https:\/\/franciscanos.org.br\/noticias\/angelus-a-estagnacao-nao-combina-com-o-testemunho-cristao-e-a-missao-da-igreja.html\" \/>\n<meta property=\"og:locale\" content=\"pt_BR\" \/>\n<meta property=\"og:type\" content=\"article\" \/>\n<meta property=\"og:title\" content=\"Angelus: a estagna\u00e7\u00e3o n\u00e3o combina com o testemunho crist\u00e3o e a miss\u00e3o da Igreja - Not\u00edcias - Franciscanos\" \/>\n<meta property=\"og:description\" content=\"Angelus\" \/>\n<meta property=\"og:url\" content=\"https:\/\/franciscanos.org.br\/noticias\/angelus-a-estagnacao-nao-combina-com-o-testemunho-cristao-e-a-missao-da-igreja.html\" \/>\n<meta property=\"og:site_name\" content=\"Not\u00edcias - Franciscanos\" \/>\n<meta property=\"article:published_time\" content=\"2020-02-02T21:43:50+00:00\" \/>\n<meta property=\"article:modified_time\" content=\"2021-08-29T20:43:43+00:00\" \/>\n<meta property=\"og:image\" content=\"https:\/\/franciscanos.org.br\/noticias\/wp-content\/uploads\/2020\/02\/papa_02d.jpg\" \/>\n\t<meta property=\"og:image:width\" content=\"273\" \/>\n\t<meta property=\"og:image:height\" content=\"181\" \/>\n\t<meta property=\"og:image:type\" content=\"image\/jpeg\" \/>\n<meta name=\"author\" content=\"moacir\" \/>\n<meta name=\"twitter:card\" content=\"summary_large_image\" \/>\n<meta name=\"twitter:label1\" content=\"Escrito por\" \/>\n\t<meta name=\"twitter:data1\" content=\"moacir\" \/>\n\t<meta name=\"twitter:label2\" content=\"Est. tempo de leitura\" \/>\n\t<meta name=\"twitter:data2\" content=\"4 minutos\" \/>\n<script type=\"application\/ld+json\" class=\"yoast-schema-graph\">{\"@context\":\"https:\/\/schema.org\",\"@graph\":[{\"@type\":\"WebSite\",\"@id\":\"https:\/\/franciscanos.org.br\/noticias\/#website\",\"url\":\"https:\/\/franciscanos.org.br\/noticias\/\",\"name\":\"Not\u00edcias - Franciscanos\",\"description\":\"Prov\u00edncia Franciscana da Imaculada Concei\u00e7\u00e3o do Brasil - Ordem dos Frades Menores - OFM\",\"potentialAction\":[{\"@type\":\"SearchAction\",\"target\":{\"@type\":\"EntryPoint\",\"urlTemplate\":\"https:\/\/franciscanos.org.br\/noticias\/?s={search_term_string}\"},\"query-input\":\"required name=search_term_string\"}],\"inLanguage\":\"pt-BR\"},{\"@type\":\"ImageObject\",\"inLanguage\":\"pt-BR\",\"@id\":\"https:\/\/franciscanos.org.br\/noticias\/angelus-a-estagnacao-nao-combina-com-o-testemunho-cristao-e-a-missao-da-igreja.html#primaryimage\",\"url\":\"https:\/\/franciscanos.org.br\/noticias\/wp-content\/uploads\/2020\/02\/papa_02d.jpg\",\"contentUrl\":\"https:\/\/franciscanos.org.br\/noticias\/wp-content\/uploads\/2020\/02\/papa_02d.jpg\",\"width\":273,\"height\":181},{\"@type\":\"WebPage\",\"@id\":\"https:\/\/franciscanos.org.br\/noticias\/angelus-a-estagnacao-nao-combina-com-o-testemunho-cristao-e-a-missao-da-igreja.html#webpage\",\"url\":\"https:\/\/franciscanos.org.br\/noticias\/angelus-a-estagnacao-nao-combina-com-o-testemunho-cristao-e-a-missao-da-igreja.html\",\"name\":\"Angelus: a estagna\u00e7\u00e3o n\u00e3o combina com o testemunho crist\u00e3o e a miss\u00e3o da Igreja - Not\u00edcias - Franciscanos\",\"isPartOf\":{\"@id\":\"https:\/\/franciscanos.org.br\/noticias\/#website\"},\"primaryImageOfPage\":{\"@id\":\"https:\/\/franciscanos.org.br\/noticias\/angelus-a-estagnacao-nao-combina-com-o-testemunho-cristao-e-a-missao-da-igreja.html#primaryimage\"},\"datePublished\":\"2020-02-02T21:43:50+00:00\",\"dateModified\":\"2021-08-29T20:43:43+00:00\",\"author\":{\"@id\":\"https:\/\/franciscanos.org.br\/noticias\/#\/schema\/person\/b5c8cba458c330ccff548b056e95a5d4\"},\"breadcrumb\":{\"@id\":\"https:\/\/franciscanos.org.br\/noticias\/angelus-a-estagnacao-nao-combina-com-o-testemunho-cristao-e-a-missao-da-igreja.html#breadcrumb\"},\"inLanguage\":\"pt-BR\",\"potentialAction\":[{\"@type\":\"ReadAction\",\"target\":[\"https:\/\/franciscanos.org.br\/noticias\/angelus-a-estagnacao-nao-combina-com-o-testemunho-cristao-e-a-missao-da-igreja.html\"]}]},{\"@type\":\"BreadcrumbList\",\"@id\":\"https:\/\/franciscanos.org.br\/noticias\/angelus-a-estagnacao-nao-combina-com-o-testemunho-cristao-e-a-missao-da-igreja.html#breadcrumb\",\"itemListElement\":[{\"@type\":\"ListItem\",\"position\":1,\"name\":\"Home\",\"item\":\"https:\/\/franciscanos.org.br\/noticias\"},{\"@type\":\"ListItem\",\"position\":2,\"name\":\"Angelus: a estagna\u00e7\u00e3o n\u00e3o combina com o testemunho crist\u00e3o e a miss\u00e3o da Igreja\"}]},{\"@type\":\"Person\",\"@id\":\"https:\/\/franciscanos.org.br\/noticias\/#\/schema\/person\/b5c8cba458c330ccff548b056e95a5d4\",\"name\":\"moacir\",\"image\":{\"@type\":\"ImageObject\",\"inLanguage\":\"pt-BR\",\"@id\":\"https:\/\/franciscanos.org.br\/noticias\/#\/schema\/person\/image\/\",\"url\":\"https:\/\/secure.gravatar.com\/avatar\/d08aa2ce4c8dd416d4479aa8536fcf64?s=96&d=mm&r=g\",\"contentUrl\":\"https:\/\/secure.gravatar.com\/avatar\/d08aa2ce4c8dd416d4479aa8536fcf64?s=96&d=mm&r=g\",\"caption\":\"moacir\"},\"url\":\"https:\/\/franciscanos.org.br\/noticias\/author\/moacir\"}]}<\/script>\n<!-- \/ Yoast SEO plugin. -->","yoast_head_json":{"title":"Angelus: a estagna\u00e7\u00e3o n\u00e3o combina com o testemunho crist\u00e3o e a miss\u00e3o da Igreja - Not\u00edcias - Franciscanos","robots":{"index":"index","follow":"follow","max-snippet":"max-snippet:-1","max-image-preview":"max-image-preview:large","max-video-preview":"max-video-preview:-1"},"canonical":"https:\/\/franciscanos.org.br\/noticias\/angelus-a-estagnacao-nao-combina-com-o-testemunho-cristao-e-a-missao-da-igreja.html","og_locale":"pt_BR","og_type":"article","og_title":"Angelus: a estagna\u00e7\u00e3o n\u00e3o combina com o testemunho crist\u00e3o e a miss\u00e3o da Igreja - Not\u00edcias - Franciscanos","og_description":"Angelus","og_url":"https:\/\/franciscanos.org.br\/noticias\/angelus-a-estagnacao-nao-combina-com-o-testemunho-cristao-e-a-missao-da-igreja.html","og_site_name":"Not\u00edcias - Franciscanos","article_published_time":"2020-02-02T21:43:50+00:00","article_modified_time":"2021-08-29T20:43:43+00:00","og_image":[{"width":273,"height":181,"url":"https:\/\/franciscanos.org.br\/noticias\/wp-content\/uploads\/2020\/02\/papa_02d.jpg","type":"image\/jpeg"}],"author":"moacir","twitter_card":"summary_large_image","twitter_misc":{"Escrito por":"moacir","Est. tempo de leitura":"4 minutos"},"schema":{"@context":"https:\/\/schema.org","@graph":[{"@type":"WebSite","@id":"https:\/\/franciscanos.org.br\/noticias\/#website","url":"https:\/\/franciscanos.org.br\/noticias\/","name":"Not\u00edcias - Franciscanos","description":"Prov\u00edncia Franciscana da Imaculada Concei\u00e7\u00e3o do Brasil - Ordem dos Frades Menores - OFM","potentialAction":[{"@type":"SearchAction","target":{"@type":"EntryPoint","urlTemplate":"https:\/\/franciscanos.org.br\/noticias\/?s={search_term_string}"},"query-input":"required name=search_term_string"}],"inLanguage":"pt-BR"},{"@type":"ImageObject","inLanguage":"pt-BR","@id":"https:\/\/franciscanos.org.br\/noticias\/angelus-a-estagnacao-nao-combina-com-o-testemunho-cristao-e-a-missao-da-igreja.html#primaryimage","url":"https:\/\/franciscanos.org.br\/noticias\/wp-content\/uploads\/2020\/02\/papa_02d.jpg","contentUrl":"https:\/\/franciscanos.org.br\/noticias\/wp-content\/uploads\/2020\/02\/papa_02d.jpg","width":273,"height":181},{"@type":"WebPage","@id":"https:\/\/franciscanos.org.br\/noticias\/angelus-a-estagnacao-nao-combina-com-o-testemunho-cristao-e-a-missao-da-igreja.html#webpage","url":"https:\/\/franciscanos.org.br\/noticias\/angelus-a-estagnacao-nao-combina-com-o-testemunho-cristao-e-a-missao-da-igreja.html","name":"Angelus: a estagna\u00e7\u00e3o n\u00e3o combina com o testemunho crist\u00e3o e a miss\u00e3o da Igreja - Not\u00edcias - Franciscanos","isPartOf":{"@id":"https:\/\/franciscanos.org.br\/noticias\/#website"},"primaryImageOfPage":{"@id":"https:\/\/franciscanos.org.br\/noticias\/angelus-a-estagnacao-nao-combina-com-o-testemunho-cristao-e-a-missao-da-igreja.html#primaryimage"},"datePublished":"2020-02-02T21:43:50+00:00","dateModified":"2021-08-29T20:43:43+00:00","author":{"@id":"https:\/\/franciscanos.org.br\/noticias\/#\/schema\/person\/b5c8cba458c330ccff548b056e95a5d4"},"breadcrumb":{"@id":"https:\/\/franciscanos.org.br\/noticias\/angelus-a-estagnacao-nao-combina-com-o-testemunho-cristao-e-a-missao-da-igreja.html#breadcrumb"},"inLanguage":"pt-BR","potentialAction":[{"@type":"ReadAction","target":["https:\/\/franciscanos.org.br\/noticias\/angelus-a-estagnacao-nao-combina-com-o-testemunho-cristao-e-a-missao-da-igreja.html"]}]},{"@type":"BreadcrumbList","@id":"https:\/\/franciscanos.org.br\/noticias\/angelus-a-estagnacao-nao-combina-com-o-testemunho-cristao-e-a-missao-da-igreja.html#breadcrumb","itemListElement":[{"@type":"ListItem","position":1,"name":"Home","item":"https:\/\/franciscanos.org.br\/noticias"},{"@type":"ListItem","position":2,"name":"Angelus: a estagna\u00e7\u00e3o n\u00e3o combina com o testemunho crist\u00e3o e a miss\u00e3o da Igreja"}]},{"@type":"Person","@id":"https:\/\/franciscanos.org.br\/noticias\/#\/schema\/person\/b5c8cba458c330ccff548b056e95a5d4","name":"moacir","image":{"@type":"ImageObject","inLanguage":"pt-BR","@id":"https:\/\/franciscanos.org.br\/noticias\/#\/schema\/person\/image\/","url":"https:\/\/secure.gravatar.com\/avatar\/d08aa2ce4c8dd416d4479aa8536fcf64?s=96&d=mm&r=g","contentUrl":"https:\/\/secure.gravatar.com\/avatar\/d08aa2ce4c8dd416d4479aa8536fcf64?s=96&d=mm&r=g","caption":"moacir"},"url":"https:\/\/franciscanos.org.br\/noticias\/author\/moacir"}]}},"_links":{"self":[{"href":"https:\/\/franciscanos.org.br\/noticias\/wp-json\/wp\/v2\/posts\/218450"}],"collection":[{"href":"https:\/\/franciscanos.org.br\/noticias\/wp-json\/wp\/v2\/posts"}],"about":[{"href":"https:\/\/franciscanos.org.br\/noticias\/wp-json\/wp\/v2\/types\/post"}],"author":[{"embeddable":true,"href":"https:\/\/franciscanos.org.br\/noticias\/wp-json\/wp\/v2\/users\/3"}],"replies":[{"embeddable":true,"href":"https:\/\/franciscanos.org.br\/noticias\/wp-json\/wp\/v2\/comments?post=218450"}],"version-history":[{"count":2,"href":"https:\/\/franciscanos.org.br\/noticias\/wp-json\/wp\/v2\/posts\/218450\/revisions"}],"predecessor-version":[{"id":234059,"href":"https:\/\/franciscanos.org.br\/noticias\/wp-json\/wp\/v2\/posts\/218450\/revisions\/234059"}],"wp:featuredmedia":[{"embeddable":true,"href":"https:\/\/franciscanos.org.br\/noticias\/wp-json\/wp\/v2\/media\/218451"}],"wp:attachment":[{"href":"https:\/\/franciscanos.org.br\/noticias\/wp-json\/wp\/v2\/media?parent=218450"}],"wp:term":[{"taxonomy":"category","embeddable":true,"href":"https:\/\/franciscanos.org.br\/noticias\/wp-json\/wp\/v2\/categories?post=218450"},{"taxonomy":"post_tag","embeddable":true,"href":"https:\/\/franciscanos.org.br\/noticias\/wp-json\/wp\/v2\/tags?post=218450"}],"curies":[{"name":"wp","href":"https:\/\/api.w.org\/{rel}","templated":true}]}}