{"id":218361,"date":"2020-02-02T18:17:40","date_gmt":"2020-02-02T21:17:40","guid":{"rendered":"https:\/\/franciscanos.org.br\/noticias\/?p=218361"},"modified":"2020-02-02T20:21:23","modified_gmt":"2020-02-02T23:21:23","slug":"sobraram-emocoes-na-praca-da-matriz-de-xaxim","status":"publish","type":"post","link":"https:\/\/franciscanos.org.br\/noticias\/sobraram-emocoes-na-praca-da-matriz-de-xaxim.html","title":{"rendered":"Sobraram emo\u00e7\u00f5es na pra\u00e7a da Matriz de Xaxim"},"content":{"rendered":"<p><img loading=\"lazy\" class=\"alignnone size-full wp-image-218411\" src=\"https:\/\/franciscanos.org.br\/noticias\/wp-content\/uploads\/2020\/02\/diego_07.jpg\" alt=\"\" width=\"1280\" height=\"853\" srcset=\"https:\/\/franciscanos.org.br\/noticias\/wp-content\/uploads\/2020\/02\/diego_07.jpg 1280w, https:\/\/franciscanos.org.br\/noticias\/wp-content\/uploads\/2020\/02\/diego_07-450x300.jpg 450w, https:\/\/franciscanos.org.br\/noticias\/wp-content\/uploads\/2020\/02\/diego_07-1024x682.jpg 1024w, https:\/\/franciscanos.org.br\/noticias\/wp-content\/uploads\/2020\/02\/diego_07-768x512.jpg 768w, https:\/\/franciscanos.org.br\/noticias\/wp-content\/uploads\/2020\/02\/diego_07-150x100.jpg 150w\" sizes=\"(max-width: 1280px) 100vw, 1280px\" \/><\/p>\n<p><strong>Frei Augusto Luiz Gabriel e Moacir Beggo<\/strong><\/p>\n<p><strong>\u00a0<\/strong><strong>Xaxim (SC) &#8211;<\/strong> Tanto nos depoimentos dos jovens como nos agradecimentos dos frades envolvidos diretamente com as Miss\u00f5es Franciscanas da Juventude, em Xaxim, de 29 a este domingo, 2 de fevereiro, sobraram emo\u00e7\u00f5es. A come\u00e7ar pelo respons\u00e1vel por todo este trabalho com a juventude na Prov\u00edncia Franciscana da Imaculada Concei\u00e7\u00e3o, Frei Diego Melo.<\/p>\n<p>Em primeiro lugar, Frei Diego n\u00e3o poupou elogios \u00e0 Fraternidade S\u00e3o Luiz Gonzaga \u2013 formada por Frei Vanderlei da Silva Neves, o guardi\u00e3o; Frei Gilson Kammer, o p\u00e1roco; Frei Jacir Ant\u00f4nio Zolet, vig\u00e1rio paroquial; e o di\u00e1cono Frei Evaldo Ludwig \u2013 que &#8220;abra\u00e7ou a Miss\u00e3o como nunca&#8221;. Frei Diego lembrou que ainda no final de julho, com o t\u00e9rmino das Miss\u00f5es no Rio de Janeiro, j\u00e1 come\u00e7ou a reunir com os frades de Xaxim para realizar um evento em apenas seis meses. &#8220;A princ\u00edpio esper\u00e1vamos 650 jovens. De repente, o susto: 800 jovens. \u00c0 medida que aumentava o n\u00famero, os freis diziam: &#8216;Damos um jeito&#8217;. Em todo momento, eles foram abertos&#8221;, revela, emocionando-se pela primeira veza.<\/p>\n<p><img loading=\"lazy\" class=\"alignnone size-full wp-image-218416\" src=\"https:\/\/franciscanos.org.br\/noticias\/wp-content\/uploads\/2020\/02\/diego_08.jpg\" alt=\"\" width=\"1280\" height=\"853\" srcset=\"https:\/\/franciscanos.org.br\/noticias\/wp-content\/uploads\/2020\/02\/diego_08.jpg 1280w, https:\/\/franciscanos.org.br\/noticias\/wp-content\/uploads\/2020\/02\/diego_08-450x300.jpg 450w, https:\/\/franciscanos.org.br\/noticias\/wp-content\/uploads\/2020\/02\/diego_08-1024x682.jpg 1024w, https:\/\/franciscanos.org.br\/noticias\/wp-content\/uploads\/2020\/02\/diego_08-768x512.jpg 768w, https:\/\/franciscanos.org.br\/noticias\/wp-content\/uploads\/2020\/02\/diego_08-150x100.jpg 150w\" sizes=\"(max-width: 1280px) 100vw, 1280px\" \/><\/p>\n<p>&#8220;Hoje \u00e9 o dia dos consagrados. N\u00f3s, freis e irm\u00e3s, n\u00e3o temos um filho ou filha, n\u00e3o temos uma \u00fanica fam\u00edlia. N\u00f3s abra\u00e7amos uma fam\u00edlia muito maior. \u00c9 a Fam\u00edlia Franciscana. E Deus nos d\u00e1 a gra\u00e7a de sermos fecundos e de abra\u00e7armos voc\u00eas como filhos e filhas. Por isso que a gente se doa e por isso que a Vida Religiosa vale a pena. Por isso vale a pena ser frade, freira, padre! \u00c9 uma vida que d\u00e1 frutos, que tem sentido. Obrigado a todos os freis, de modo especial esses que est\u00e3o aqui. Obrigado Frei Jaime Campos, que veio de longe para estar conosco. Obrigado, frei, pela sua presen\u00e7a que nos coloca em sintonia com a Ordem. Obrigado aos freis da Prov\u00edncia &#8211; se emociona novamente. Cada ano que passa, os freis v\u00eam em n\u00famero maior. Obrigado Frei Franklin e Frei Tiago, que est\u00e3o pr\u00f3ximos de n\u00f3s na Prov\u00edncia do Rio Grande do Sul. Obrigado aos freis que nos fizeram amar os argentinos. Frei Jesus, Frei Fernando, Frei Christian, Rodrigo e Sofia, pela presen\u00e7a de voc\u00eas. Sejam sempre bem-vindos&#8221;, garantiu.<\/p>\n<p>Segundo Frei Diego, uma \u00e1rvore se conhece pelos frutos. &#8220;A \u00e1rvore franciscana est\u00e1 aqui enchendo esse mundo de frutos. Obrigado a todos. Obrigado, Frei Gustavo, em nome da Prov\u00edncia, que apoia as Miss\u00f5es. Gente, isso tudo \u00e9 uma resposta da Prov\u00edncia da Imaculada, que continua apostando em voc\u00eas. Obrigado meu companheiro no SAV, Frei Alisson Zanetti. Certamente, voc\u00ea cativou muitos jovens nesses dias e vai cativar ainda mais. Obrigado aos jovens que organizaram as caravanas. A gente sabe que n\u00e3o \u00e9 f\u00e1cil. Mas quando a gente v\u00ea toda essa emo\u00e7\u00e3o, o carinho do povo, a gente diz: &#8216;valeu a pena!&#8217;. Obrigado pelo carinho de voc\u00eas!&#8221;, insistiu.<\/p>\n<p><img loading=\"lazy\" class=\"alignnone size-full wp-image-218415\" src=\"https:\/\/franciscanos.org.br\/noticias\/wp-content\/uploads\/2020\/02\/diego_04.jpg\" alt=\"\" width=\"1280\" height=\"960\" srcset=\"https:\/\/franciscanos.org.br\/noticias\/wp-content\/uploads\/2020\/02\/diego_04.jpg 1280w, https:\/\/franciscanos.org.br\/noticias\/wp-content\/uploads\/2020\/02\/diego_04-450x338.jpg 450w, https:\/\/franciscanos.org.br\/noticias\/wp-content\/uploads\/2020\/02\/diego_04-1024x768.jpg 1024w, https:\/\/franciscanos.org.br\/noticias\/wp-content\/uploads\/2020\/02\/diego_04-768x576.jpg 768w, https:\/\/franciscanos.org.br\/noticias\/wp-content\/uploads\/2020\/02\/diego_04-150x113.jpg 150w, https:\/\/franciscanos.org.br\/noticias\/wp-content\/uploads\/2020\/02\/diego_04-600x450.jpg 600w\" sizes=\"(max-width: 1280px) 100vw, 1280px\" \/><\/p>\n<p>Por \u00faltimo, agradeceu \u00e0 juventude. &#8220;A miss\u00e3o n\u00e3o est\u00e1 terminando, ela est\u00e1 apenas come\u00e7ando. Aprendemos que aqui \u00e9 um ponto de chegada, mas \u00e9 um ponto de partida. Agora, \u00e9 na fam\u00edlia de voc\u00eas, na Par\u00f3quia que voc\u00eas v\u00e3o mostrar que essa miss\u00e3o foi importante e vai continuar dando frutos. Sejam promotores, cuidem da Casa Comum, cuidem do relacionamento com Deus, procurem alimentar o cora\u00e7\u00e3o e a alma de voc\u00eas, cuidem do pr\u00f3ximo. A primeira coisa que voc\u00eas v\u00e3o fazer quando chegarem em casa: Eu te amo pai, te amo m\u00e3e! Eu quero cuidar da m\u00e3e Terra, porque tudo est\u00e1 interligado&#8221;, ensinou.<\/p>\n<p><iframe loading=\"lazy\" src=\"https:\/\/www.youtube.com\/embed\/bwRoMD3-bPg\" width=\"890\" height=\"425\" frameborder=\"0\" allowfullscreen=\"allowfullscreen\"><\/iframe><\/p>\n<p>Coube ao p\u00e1roco Frei Gilson Kammer fazer os agradecimentos aos paroquianos que n\u00e3o mediram esfor\u00e7os para realizar essas Miss\u00f5es em Xaxim. Frei Gilson citou todo mundo: os conselhos, comiss\u00f5es, organizadas e formadas para pensar os instantes dessas Miss\u00f5es, os funcion\u00e1rios, os freis que vieram de outros lugares, as irm\u00e3s que acompanharam esse trabalho. &#8220;A Dom Odelir que esteve aqui com a gente e nos deu todo seu apoio&#8221;, enfatizou. Agradeceu as quatro prefeituras &#8211; Xaxim, Marema, Lageado Grande e Entre Rios &#8211; que formam a Par\u00f3quia e que ajudaram com ambul\u00e2ncia, banho e transporte. E citou v\u00e1rias empresas que somaram com a grande equipe de organiza\u00e7\u00e3o (120 pessoas). N\u00e3o esqueceu das 38 comunidades e de &#8220;tantos e tantos&#8221; volunt\u00e1rios, como o batalh\u00e3o da cozinha. &#8220;Voc\u00eas recordam que eu disse que a preocupa\u00e7\u00e3o das fam\u00edlias era se voc\u00eas gostariam da comida. Voc\u00eas comeram bem?&#8221;, perguntou, ouvindo um coro de sim. &#8220;Voc\u00eas puderam se alimentar bem, porque tantos e tantos se doaram por isso. A todos aqueles que trabalharam aqui e nas comunidades, o nosso muito obrigado&#8221;, repetiu.<\/p>\n<p>&#8220;Ao chegar ao fim estas Miss\u00f5es \u00e9 muito bom poder agradecer a cada jovem e \u00e0s fam\u00edlias que acolheram voc\u00eas. Muito obrigado!&#8221;, disse chorando, enquanto foi abra\u00e7ado pelos frades.<\/p>\n<p>&nbsp;<\/p>\n<p><img loading=\"lazy\" class=\"alignnone size-full wp-image-218445\" src=\"https:\/\/franciscanos.org.br\/noticias\/wp-content\/uploads\/2020\/02\/fraternidade.jpg\" alt=\"\" width=\"1280\" height=\"853\" srcset=\"https:\/\/franciscanos.org.br\/noticias\/wp-content\/uploads\/2020\/02\/fraternidade.jpg 1280w, https:\/\/franciscanos.org.br\/noticias\/wp-content\/uploads\/2020\/02\/fraternidade-450x300.jpg 450w, https:\/\/franciscanos.org.br\/noticias\/wp-content\/uploads\/2020\/02\/fraternidade-1024x682.jpg 1024w, https:\/\/franciscanos.org.br\/noticias\/wp-content\/uploads\/2020\/02\/fraternidade-768x512.jpg 768w, https:\/\/franciscanos.org.br\/noticias\/wp-content\/uploads\/2020\/02\/fraternidade-150x100.jpg 150w\" sizes=\"(max-width: 1280px) 100vw, 1280px\" \/><\/p>\n<p><strong>DEPOIMENTOS<\/strong><\/p>\n<p>Frei Diego lembrou a diversidade e riqueza num lugar s\u00f3. &#8220;Essa semana n\u00f3s vivemos uma bonita experi\u00eancia de integra\u00e7\u00e3o. Gente de diferentes sotaques, diferentes regi\u00f5es, de outras realidades sociais, at\u00e9 outras religi\u00f5es se encontraram e fizeram uma grande fam\u00edlia. Certamente, temos uma grande experi\u00eancia para contar. E de que maneira n\u00f3s vamos fazer. Vamos fazer atrav\u00e9s das grandes pra\u00e7as que s\u00e3o as redes digitais. Assim que assimilarem o que vivenciaram, poder\u00e3o publicar no <em>Facebook <\/em>o seu testemunho ou uma foto&#8221;, informou Frei Diego. Os pais, que tamb\u00e9m vivenciaram a experi\u00eancia dos filhos ou dos netos, tamb\u00e9m poder\u00e3o fazer esse testemunho. &#8220;Espero que o testemunho seja sempre assim: foram de um jeito e voltaram muito melhor!. Esta \u00e9 a proposta da nossa miss\u00e3o&#8221;, brincou.<\/p>\n<p><img loading=\"lazy\" class=\"alignnone size-full wp-image-218413\" src=\"https:\/\/franciscanos.org.br\/noticias\/wp-content\/uploads\/2020\/02\/diego_03.jpg\" alt=\"\" width=\"1280\" height=\"720\" srcset=\"https:\/\/franciscanos.org.br\/noticias\/wp-content\/uploads\/2020\/02\/diego_03.jpg 1280w, https:\/\/franciscanos.org.br\/noticias\/wp-content\/uploads\/2020\/02\/diego_03-450x253.jpg 450w, https:\/\/franciscanos.org.br\/noticias\/wp-content\/uploads\/2020\/02\/diego_03-1024x576.jpg 1024w, https:\/\/franciscanos.org.br\/noticias\/wp-content\/uploads\/2020\/02\/diego_03-768x432.jpg 768w, https:\/\/franciscanos.org.br\/noticias\/wp-content\/uploads\/2020\/02\/diego_03-150x84.jpg 150w\" sizes=\"(max-width: 1280px) 100vw, 1280px\" \/><\/p>\n<p>O primeiro depoimento foi de D. Maria Romanini (<em>foto acima<\/em>), que segundo Frei Diego, traduz a beleza de tantas fam\u00edlias que acolheram os jovens. &#8220;Nunca falei num microfone. Bom dia, pessoal! Eu estou muito emocionada. No dia 30 de janeiro, h\u00e1 quatro anos, perdi meu filho num acidente de moto. Agora, no mesmo dia 30, recebi na minha casa um jovem chamado Gustavo. O mesmo nome, e ele \u00e9 id\u00eantico ao meu filho: Alto, magro e carinhoso. Para mim, isso vai ficar marcado enquanto viver. No mesmo quarto que meu filho dormiu, tive o prazer de ir l\u00e1 chamar o Gustavo por tr\u00eas vezes. &#8216;Levanta, Gustavo!&#8217; N\u00e3o quero me desfazer do Giovanni, que tamb\u00e9m acolhi, mas ele entende. Esses meninos foram os que vieram na minha casa me dar carinho. N\u00e3o \u00e9 que n\u00e3o tenho carinho, mas fiquei muito feliz com eles. Obrigado gente, n\u00e3o esperava por isso!&#8221;, agradeceu D. Maria, emocionando a todos.<\/p>\n<p>Gustavo reconheceu que para ele tamb\u00e9m marcou muito esta hist\u00f3ria dela e do filho. &#8220;Eu percebi que, mesmo com todas as dificuldades que encontraram, seguem confiantes em Deus. Sempre unida, essa fam\u00edlia linda que nos acolheu&#8221;, disse.<\/p>\n<p>Antes de descer do palco, D. Maria pediu para deixar uma mensagem: &#8220;Eu quero pedir a esses jovens, que est\u00e3o no caminho de Deus, que continuem! Que n\u00e3o larguem desse caminho. O melhor caminho escolhido \u00e9 esse!&#8221;<\/p>\n<p>&#8220;Isso \u00e9 o que as Miss\u00f5es Franciscanas proporcionam. Isso \u00e9 o que amor faz. E o amor faz romper as barreiras. Muito muito obrigado a essas fam\u00edlias que acolheram esses jovens&#8221;, enfatizou Frei Diego.<\/p>\n<p><img loading=\"lazy\" class=\"alignnone size-full wp-image-218414\" src=\"https:\/\/franciscanos.org.br\/noticias\/wp-content\/uploads\/2020\/02\/diego_05.jpg\" alt=\"\" width=\"1280\" height=\"936\" srcset=\"https:\/\/franciscanos.org.br\/noticias\/wp-content\/uploads\/2020\/02\/diego_05.jpg 1280w, https:\/\/franciscanos.org.br\/noticias\/wp-content\/uploads\/2020\/02\/diego_05-450x329.jpg 450w, https:\/\/franciscanos.org.br\/noticias\/wp-content\/uploads\/2020\/02\/diego_05-1024x749.jpg 1024w, https:\/\/franciscanos.org.br\/noticias\/wp-content\/uploads\/2020\/02\/diego_05-768x562.jpg 768w, https:\/\/franciscanos.org.br\/noticias\/wp-content\/uploads\/2020\/02\/diego_05-150x110.jpg 150w\" sizes=\"(max-width: 1280px) 100vw, 1280px\" \/><\/p>\n<p>A jovem Ju (<em>foto acima)<\/em> esteve na Aldeia Paiol de Barro, numa regi\u00e3o um pouco distante e muito humilde. &#8220;Uma realidade totalmente diferente do que imagin\u00e1vamos. Falaram para a gente que os \u00edndios iriam dar flechadas, mas o que vimos foi o contr\u00e1rio. Queriam apenas um abra\u00e7o. Ali n\u00e3o tinha sinal de internet, de celular, n\u00e3o pude falar com meus pais, meu namorado. As casas s\u00e3o de madeira a pique, muito simples. N\u00e3o tem \u00e1gua, nem energia. Fiquei na casa de uma m\u00e3e solteira, com dois filhos. E ela passa por muitas dificuldades. A fam\u00edlia dela n\u00e3o queria receber a gente. N\u00e3o conheciam Nossa Senhora Aparecida. A gente conseguiu apresentar para eles e para essa menina que cuidou de mim, porque \u00e9 uma menina como eu. E quando eu apresentei a imagem de Nossa Senhora Aparecida, eu nunca vi (choro), algu\u00e9m olhar para uma camisa, que \u00e9 a da minha Par\u00f3quia, a Nossa Senhora Aparecida de Nil\u00f3polis, com tanto amor por uma camisa. Eu percebi que ela criou uma afinidade com a santa que era minha M\u00e3e. Ela se sentia muito sozinha. L\u00e1, eu senti uma solid\u00e3o t\u00e3o grande por n\u00e3o falar com minha fam\u00edlia e senti a solid\u00e3o dela. Depois eu fiquei pensando o quanto eles se sentem sozinhos. Eu queria deixar um pedido para voc\u00eas e para a Comunidade de Xaxim que n\u00e3o esque\u00e7am deles. Porque n\u00e3o adianta a gente querer fazer miss\u00e3o no Rio de Janeiro, em Curitiba, se do nosso lado a gente os ignora e n\u00e3o vai l\u00e1 nem para dar um abra\u00e7o&#8221;, questionou.<\/p>\n<p>Frei Diego aproveitou o assunto para lembrar que foram os \u00edndios que nos acolheram nesse pa\u00eds. &#8220;Os portugueses, quando chegaram, esse pa\u00eds j\u00e1 estava habitado, j\u00e1 estava cheio de pessoas que tinham uma profunda rela\u00e7\u00e3o com Deus, com o pr\u00f3ximo e com a Casa Comum. O Brasil n\u00e3o foi descoberto, foi invadido. Por isso, n\u00f3s temos que cuidar desses que s\u00e3o os donos da casa e a compartilham conosco. Por isso, esse apelo serve para olhar a realidade que nosso pa\u00eds est\u00e1 passando: a redu\u00e7\u00e3o dos direitos dos povos origin\u00e1rios, a redu\u00e7\u00e3o dos espa\u00e7os de terra, a garantia de espa\u00e7os para eles viverem livres. O Papa Francisco disse que precisamos aprender com eles, porque tudo est\u00e1 interligado&#8221;, enfatizou.<\/p>\n<p><img loading=\"lazy\" class=\"alignnone size-full wp-image-218417\" src=\"https:\/\/franciscanos.org.br\/noticias\/wp-content\/uploads\/2020\/02\/diego_09.jpg\" alt=\"\" width=\"1280\" height=\"853\" srcset=\"https:\/\/franciscanos.org.br\/noticias\/wp-content\/uploads\/2020\/02\/diego_09.jpg 1280w, https:\/\/franciscanos.org.br\/noticias\/wp-content\/uploads\/2020\/02\/diego_09-450x300.jpg 450w, https:\/\/franciscanos.org.br\/noticias\/wp-content\/uploads\/2020\/02\/diego_09-1024x682.jpg 1024w, https:\/\/franciscanos.org.br\/noticias\/wp-content\/uploads\/2020\/02\/diego_09-768x512.jpg 768w, https:\/\/franciscanos.org.br\/noticias\/wp-content\/uploads\/2020\/02\/diego_09-150x100.jpg 150w\" sizes=\"(max-width: 1280px) 100vw, 1280px\" \/><\/p>\n<p>Manu <em>(foto acima)<\/em>, fui guardi\u00e3 do bairro Chagas, e mostrou o quanto a rela\u00e7\u00e3o dos jovens com as fam\u00edlias foi construtiva. &#8220;Vivemos experi\u00eancias maravilhosas, como os irm\u00e3os de 18 e 11 que se abra\u00e7aram e choraram na despedida nossa. O de 11 anos disse que n\u00e3o queria vir \u00e0 Missa de encerramento para n\u00e3o se despedir de n\u00f3s&#8221;, disse. Cerca de 400 fam\u00edlias acolheram os 800 jovens e, segundo Frei Gilson, mais fam\u00edlias tinham se oferecido para acolher outros jovens.<\/p>\n<hr \/>\n<p style=\"text-align: center;\"><strong>VEJA MAIS IMAGENS DA MISSA DE ENCERRAMENTO DAS<\/strong><\/p>\n<p style=\"text-align: center;\"><strong> MISS\u00d5ES FRANCISCANAS DA JUVENTUDE<\/strong><\/p>\n\n\t\t<style type=\"text\/css\">\n\t\t\t#gallery-1 {\n\t\t\t\tmargin: auto;\n\t\t\t}\n\t\t\t#gallery-1 .gallery-item {\n\t\t\t\tfloat: left;\n\t\t\t\tmargin-top: 10px;\n\t\t\t\ttext-align: center;\n\t\t\t\twidth: 20%;\n\t\t\t}\n\t\t\t#gallery-1 img {\n\t\t\t\tborder: 2px solid #cfcfcf;\n\t\t\t}\n\t\t\t#gallery-1 .gallery-caption {\n\t\t\t\tmargin-left: 0;\n\t\t\t}\n\t\t\t\/* see gallery_shortcode() in wp-includes\/media.php *\/\n\t\t<\/style>\n\t\t<div id='gallery-1' class='gallery galleryid-218361 gallery-columns-5 gallery-size-thumbnail'><dl class='gallery-item'>\n\t\t\t<dt class='gallery-icon landscape'>\n\t\t\t\t<a href='https:\/\/franciscanos.org.br\/noticias\/wp-content\/uploads\/2020\/02\/encerramento-1.jpg'><img width=\"300\" height=\"300\" src=\"https:\/\/franciscanos.org.br\/noticias\/wp-content\/uploads\/2020\/02\/encerramento-1-300x300.jpg\" class=\"attachment-thumbnail size-thumbnail\" alt=\"\" loading=\"lazy\" srcset=\"https:\/\/franciscanos.org.br\/noticias\/wp-content\/uploads\/2020\/02\/encerramento-1-300x300.jpg 300w, https:\/\/franciscanos.org.br\/noticias\/wp-content\/uploads\/2020\/02\/encerramento-1-100x100.jpg 100w, https:\/\/franciscanos.org.br\/noticias\/wp-content\/uploads\/2020\/02\/encerramento-1-400x400.jpg 400w\" sizes=\"(max-width: 300px) 100vw, 300px\" \/><\/a>\n\t\t\t<\/dt><\/dl><dl class='gallery-item'>\n\t\t\t<dt class='gallery-icon landscape'>\n\t\t\t\t<a href='https:\/\/franciscanos.org.br\/noticias\/wp-content\/uploads\/2020\/02\/encerramento-2.jpg'><img width=\"300\" height=\"300\" src=\"https:\/\/franciscanos.org.br\/noticias\/wp-content\/uploads\/2020\/02\/encerramento-2-300x300.jpg\" class=\"attachment-thumbnail size-thumbnail\" alt=\"\" loading=\"lazy\" srcset=\"https:\/\/franciscanos.org.br\/noticias\/wp-content\/uploads\/2020\/02\/encerramento-2-300x300.jpg 300w, https:\/\/franciscanos.org.br\/noticias\/wp-content\/uploads\/2020\/02\/encerramento-2-100x100.jpg 100w, https:\/\/franciscanos.org.br\/noticias\/wp-content\/uploads\/2020\/02\/encerramento-2-400x400.jpg 400w\" sizes=\"(max-width: 300px) 100vw, 300px\" \/><\/a>\n\t\t\t<\/dt><\/dl><dl class='gallery-item'>\n\t\t\t<dt class='gallery-icon landscape'>\n\t\t\t\t<a href='https:\/\/franciscanos.org.br\/noticias\/wp-content\/uploads\/2020\/02\/encerramento-3.jpg'><img width=\"300\" height=\"300\" src=\"https:\/\/franciscanos.org.br\/noticias\/wp-content\/uploads\/2020\/02\/encerramento-3-300x300.jpg\" class=\"attachment-thumbnail size-thumbnail\" alt=\"\" loading=\"lazy\" srcset=\"https:\/\/franciscanos.org.br\/noticias\/wp-content\/uploads\/2020\/02\/encerramento-3-300x300.jpg 300w, https:\/\/franciscanos.org.br\/noticias\/wp-content\/uploads\/2020\/02\/encerramento-3-100x100.jpg 100w, https:\/\/franciscanos.org.br\/noticias\/wp-content\/uploads\/2020\/02\/encerramento-3-400x400.jpg 400w\" sizes=\"(max-width: 300px) 100vw, 300px\" \/><\/a>\n\t\t\t<\/dt><\/dl><dl class='gallery-item'>\n\t\t\t<dt class='gallery-icon landscape'>\n\t\t\t\t<a href='https:\/\/franciscanos.org.br\/noticias\/wp-content\/uploads\/2020\/02\/encerramento-4.jpg'><img width=\"300\" height=\"300\" src=\"https:\/\/franciscanos.org.br\/noticias\/wp-content\/uploads\/2020\/02\/encerramento-4-300x300.jpg\" class=\"attachment-thumbnail size-thumbnail\" alt=\"\" loading=\"lazy\" srcset=\"https:\/\/franciscanos.org.br\/noticias\/wp-content\/uploads\/2020\/02\/encerramento-4-300x300.jpg 300w, https:\/\/franciscanos.org.br\/noticias\/wp-content\/uploads\/2020\/02\/encerramento-4-100x100.jpg 100w, https:\/\/franciscanos.org.br\/noticias\/wp-content\/uploads\/2020\/02\/encerramento-4-400x400.jpg 400w\" sizes=\"(max-width: 300px) 100vw, 300px\" \/><\/a>\n\t\t\t<\/dt><\/dl><dl class='gallery-item'>\n\t\t\t<dt class='gallery-icon landscape'>\n\t\t\t\t<a href='https:\/\/franciscanos.org.br\/noticias\/wp-content\/uploads\/2020\/02\/encerramento-5.jpg'><img width=\"300\" height=\"300\" src=\"https:\/\/franciscanos.org.br\/noticias\/wp-content\/uploads\/2020\/02\/encerramento-5-300x300.jpg\" class=\"attachment-thumbnail size-thumbnail\" alt=\"\" loading=\"lazy\" srcset=\"https:\/\/franciscanos.org.br\/noticias\/wp-content\/uploads\/2020\/02\/encerramento-5-300x300.jpg 300w, https:\/\/franciscanos.org.br\/noticias\/wp-content\/uploads\/2020\/02\/encerramento-5-100x100.jpg 100w, https:\/\/franciscanos.org.br\/noticias\/wp-content\/uploads\/2020\/02\/encerramento-5-400x400.jpg 400w\" sizes=\"(max-width: 300px) 100vw, 300px\" \/><\/a>\n\t\t\t<\/dt><\/dl><br style=\"clear: both\" \/><dl class='gallery-item'>\n\t\t\t<dt class='gallery-icon landscape'>\n\t\t\t\t<a href='https:\/\/franciscanos.org.br\/noticias\/wp-content\/uploads\/2020\/02\/encerramento-6.jpg'><img width=\"300\" height=\"300\" src=\"https:\/\/franciscanos.org.br\/noticias\/wp-content\/uploads\/2020\/02\/encerramento-6-300x300.jpg\" class=\"attachment-thumbnail size-thumbnail\" alt=\"\" loading=\"lazy\" srcset=\"https:\/\/franciscanos.org.br\/noticias\/wp-content\/uploads\/2020\/02\/encerramento-6-300x300.jpg 300w, https:\/\/franciscanos.org.br\/noticias\/wp-content\/uploads\/2020\/02\/encerramento-6-100x100.jpg 100w, https:\/\/franciscanos.org.br\/noticias\/wp-content\/uploads\/2020\/02\/encerramento-6-400x400.jpg 400w\" sizes=\"(max-width: 300px) 100vw, 300px\" \/><\/a>\n\t\t\t<\/dt><\/dl><dl class='gallery-item'>\n\t\t\t<dt class='gallery-icon landscape'>\n\t\t\t\t<a href='https:\/\/franciscanos.org.br\/noticias\/wp-content\/uploads\/2020\/02\/encerramento-7.jpg'><img width=\"300\" height=\"300\" src=\"https:\/\/franciscanos.org.br\/noticias\/wp-content\/uploads\/2020\/02\/encerramento-7-300x300.jpg\" class=\"attachment-thumbnail size-thumbnail\" alt=\"\" loading=\"lazy\" srcset=\"https:\/\/franciscanos.org.br\/noticias\/wp-content\/uploads\/2020\/02\/encerramento-7-300x300.jpg 300w, https:\/\/franciscanos.org.br\/noticias\/wp-content\/uploads\/2020\/02\/encerramento-7-100x100.jpg 100w, https:\/\/franciscanos.org.br\/noticias\/wp-content\/uploads\/2020\/02\/encerramento-7-400x400.jpg 400w\" sizes=\"(max-width: 300px) 100vw, 300px\" \/><\/a>\n\t\t\t<\/dt><\/dl><dl class='gallery-item'>\n\t\t\t<dt class='gallery-icon landscape'>\n\t\t\t\t<a href='https:\/\/franciscanos.org.br\/noticias\/wp-content\/uploads\/2020\/02\/encerramento-8.jpg'><img width=\"300\" height=\"300\" src=\"https:\/\/franciscanos.org.br\/noticias\/wp-content\/uploads\/2020\/02\/encerramento-8-300x300.jpg\" class=\"attachment-thumbnail size-thumbnail\" alt=\"\" loading=\"lazy\" srcset=\"https:\/\/franciscanos.org.br\/noticias\/wp-content\/uploads\/2020\/02\/encerramento-8-300x300.jpg 300w, https:\/\/franciscanos.org.br\/noticias\/wp-content\/uploads\/2020\/02\/encerramento-8-100x100.jpg 100w, https:\/\/franciscanos.org.br\/noticias\/wp-content\/uploads\/2020\/02\/encerramento-8-400x400.jpg 400w\" sizes=\"(max-width: 300px) 100vw, 300px\" \/><\/a>\n\t\t\t<\/dt><\/dl><dl class='gallery-item'>\n\t\t\t<dt class='gallery-icon landscape'>\n\t\t\t\t<a href='https:\/\/franciscanos.org.br\/noticias\/wp-content\/uploads\/2020\/02\/encerramento-9.jpg'><img width=\"300\" height=\"300\" src=\"https:\/\/franciscanos.org.br\/noticias\/wp-content\/uploads\/2020\/02\/encerramento-9-300x300.jpg\" class=\"attachment-thumbnail size-thumbnail\" alt=\"\" loading=\"lazy\" srcset=\"https:\/\/franciscanos.org.br\/noticias\/wp-content\/uploads\/2020\/02\/encerramento-9-300x300.jpg 300w, https:\/\/franciscanos.org.br\/noticias\/wp-content\/uploads\/2020\/02\/encerramento-9-100x100.jpg 100w, https:\/\/franciscanos.org.br\/noticias\/wp-content\/uploads\/2020\/02\/encerramento-9-400x400.jpg 400w\" sizes=\"(max-width: 300px) 100vw, 300px\" \/><\/a>\n\t\t\t<\/dt><\/dl><dl class='gallery-item'>\n\t\t\t<dt class='gallery-icon landscape'>\n\t\t\t\t<a href='https:\/\/franciscanos.org.br\/noticias\/wp-content\/uploads\/2020\/02\/encerramento-10.jpg'><img width=\"300\" height=\"300\" src=\"https:\/\/franciscanos.org.br\/noticias\/wp-content\/uploads\/2020\/02\/encerramento-10-300x300.jpg\" class=\"attachment-thumbnail size-thumbnail\" alt=\"\" loading=\"lazy\" srcset=\"https:\/\/franciscanos.org.br\/noticias\/wp-content\/uploads\/2020\/02\/encerramento-10-300x300.jpg 300w, https:\/\/franciscanos.org.br\/noticias\/wp-content\/uploads\/2020\/02\/encerramento-10-100x100.jpg 100w, https:\/\/franciscanos.org.br\/noticias\/wp-content\/uploads\/2020\/02\/encerramento-10-400x400.jpg 400w\" sizes=\"(max-width: 300px) 100vw, 300px\" \/><\/a>\n\t\t\t<\/dt><\/dl><br style=\"clear: both\" \/><dl class='gallery-item'>\n\t\t\t<dt class='gallery-icon landscape'>\n\t\t\t\t<a href='https:\/\/franciscanos.org.br\/noticias\/wp-content\/uploads\/2020\/02\/encerramento-11.jpg'><img width=\"300\" height=\"300\" src=\"https:\/\/franciscanos.org.br\/noticias\/wp-content\/uploads\/2020\/02\/encerramento-11-300x300.jpg\" class=\"attachment-thumbnail size-thumbnail\" alt=\"\" loading=\"lazy\" srcset=\"https:\/\/franciscanos.org.br\/noticias\/wp-content\/uploads\/2020\/02\/encerramento-11-300x300.jpg 300w, https:\/\/franciscanos.org.br\/noticias\/wp-content\/uploads\/2020\/02\/encerramento-11-100x100.jpg 100w, https:\/\/franciscanos.org.br\/noticias\/wp-content\/uploads\/2020\/02\/encerramento-11-400x400.jpg 400w\" sizes=\"(max-width: 300px) 100vw, 300px\" \/><\/a>\n\t\t\t<\/dt><\/dl><dl class='gallery-item'>\n\t\t\t<dt class='gallery-icon landscape'>\n\t\t\t\t<a href='https:\/\/franciscanos.org.br\/noticias\/wp-content\/uploads\/2020\/02\/encerramento-12.jpg'><img width=\"300\" height=\"300\" src=\"https:\/\/franciscanos.org.br\/noticias\/wp-content\/uploads\/2020\/02\/encerramento-12-300x300.jpg\" class=\"attachment-thumbnail size-thumbnail\" alt=\"\" loading=\"lazy\" srcset=\"https:\/\/franciscanos.org.br\/noticias\/wp-content\/uploads\/2020\/02\/encerramento-12-300x300.jpg 300w, https:\/\/franciscanos.org.br\/noticias\/wp-content\/uploads\/2020\/02\/encerramento-12-100x100.jpg 100w, https:\/\/franciscanos.org.br\/noticias\/wp-content\/uploads\/2020\/02\/encerramento-12-400x400.jpg 400w\" sizes=\"(max-width: 300px) 100vw, 300px\" \/><\/a>\n\t\t\t<\/dt><\/dl><dl class='gallery-item'>\n\t\t\t<dt class='gallery-icon landscape'>\n\t\t\t\t<a href='https:\/\/franciscanos.org.br\/noticias\/wp-content\/uploads\/2020\/02\/encerramento-14.jpg'><img width=\"300\" height=\"300\" src=\"https:\/\/franciscanos.org.br\/noticias\/wp-content\/uploads\/2020\/02\/encerramento-14-300x300.jpg\" class=\"attachment-thumbnail size-thumbnail\" alt=\"\" loading=\"lazy\" srcset=\"https:\/\/franciscanos.org.br\/noticias\/wp-content\/uploads\/2020\/02\/encerramento-14-300x300.jpg 300w, https:\/\/franciscanos.org.br\/noticias\/wp-content\/uploads\/2020\/02\/encerramento-14-100x100.jpg 100w, https:\/\/franciscanos.org.br\/noticias\/wp-content\/uploads\/2020\/02\/encerramento-14-400x400.jpg 400w\" sizes=\"(max-width: 300px) 100vw, 300px\" \/><\/a>\n\t\t\t<\/dt><\/dl><dl class='gallery-item'>\n\t\t\t<dt class='gallery-icon landscape'>\n\t\t\t\t<a href='https:\/\/franciscanos.org.br\/noticias\/wp-content\/uploads\/2020\/02\/encerramento-15.jpg'><img width=\"300\" height=\"300\" src=\"https:\/\/franciscanos.org.br\/noticias\/wp-content\/uploads\/2020\/02\/encerramento-15-300x300.jpg\" class=\"attachment-thumbnail size-thumbnail\" alt=\"\" loading=\"lazy\" srcset=\"https:\/\/franciscanos.org.br\/noticias\/wp-content\/uploads\/2020\/02\/encerramento-15-300x300.jpg 300w, https:\/\/franciscanos.org.br\/noticias\/wp-content\/uploads\/2020\/02\/encerramento-15-100x100.jpg 100w, https:\/\/franciscanos.org.br\/noticias\/wp-content\/uploads\/2020\/02\/encerramento-15-400x400.jpg 400w\" sizes=\"(max-width: 300px) 100vw, 300px\" \/><\/a>\n\t\t\t<\/dt><\/dl><dl class='gallery-item'>\n\t\t\t<dt class='gallery-icon landscape'>\n\t\t\t\t<a href='https:\/\/franciscanos.org.br\/noticias\/wp-content\/uploads\/2020\/02\/encerramento-16.jpg'><img width=\"300\" height=\"300\" src=\"https:\/\/franciscanos.org.br\/noticias\/wp-content\/uploads\/2020\/02\/encerramento-16-300x300.jpg\" class=\"attachment-thumbnail size-thumbnail\" alt=\"\" loading=\"lazy\" srcset=\"https:\/\/franciscanos.org.br\/noticias\/wp-content\/uploads\/2020\/02\/encerramento-16-300x300.jpg 300w, https:\/\/franciscanos.org.br\/noticias\/wp-content\/uploads\/2020\/02\/encerramento-16-100x100.jpg 100w, https:\/\/franciscanos.org.br\/noticias\/wp-content\/uploads\/2020\/02\/encerramento-16-400x400.jpg 400w\" sizes=\"(max-width: 300px) 100vw, 300px\" \/><\/a>\n\t\t\t<\/dt><\/dl><br style=\"clear: both\" \/><dl class='gallery-item'>\n\t\t\t<dt class='gallery-icon landscape'>\n\t\t\t\t<a href='https:\/\/franciscanos.org.br\/noticias\/wp-content\/uploads\/2020\/02\/encerramento-17.jpg'><img width=\"300\" height=\"300\" src=\"https:\/\/franciscanos.org.br\/noticias\/wp-content\/uploads\/2020\/02\/encerramento-17-300x300.jpg\" class=\"attachment-thumbnail size-thumbnail\" alt=\"\" loading=\"lazy\" srcset=\"https:\/\/franciscanos.org.br\/noticias\/wp-content\/uploads\/2020\/02\/encerramento-17-300x300.jpg 300w, https:\/\/franciscanos.org.br\/noticias\/wp-content\/uploads\/2020\/02\/encerramento-17-100x100.jpg 100w, https:\/\/franciscanos.org.br\/noticias\/wp-content\/uploads\/2020\/02\/encerramento-17-400x400.jpg 400w\" sizes=\"(max-width: 300px) 100vw, 300px\" \/><\/a>\n\t\t\t<\/dt><\/dl><dl class='gallery-item'>\n\t\t\t<dt class='gallery-icon landscape'>\n\t\t\t\t<a href='https:\/\/franciscanos.org.br\/noticias\/wp-content\/uploads\/2020\/02\/encerramento-18.jpg'><img width=\"300\" height=\"300\" src=\"https:\/\/franciscanos.org.br\/noticias\/wp-content\/uploads\/2020\/02\/encerramento-18-300x300.jpg\" class=\"attachment-thumbnail size-thumbnail\" alt=\"\" loading=\"lazy\" srcset=\"https:\/\/franciscanos.org.br\/noticias\/wp-content\/uploads\/2020\/02\/encerramento-18-300x300.jpg 300w, https:\/\/franciscanos.org.br\/noticias\/wp-content\/uploads\/2020\/02\/encerramento-18-100x100.jpg 100w, https:\/\/franciscanos.org.br\/noticias\/wp-content\/uploads\/2020\/02\/encerramento-18-400x400.jpg 400w\" sizes=\"(max-width: 300px) 100vw, 300px\" \/><\/a>\n\t\t\t<\/dt><\/dl><dl class='gallery-item'>\n\t\t\t<dt class='gallery-icon landscape'>\n\t\t\t\t<a href='https:\/\/franciscanos.org.br\/noticias\/wp-content\/uploads\/2020\/02\/encerramento-19.jpg'><img width=\"300\" height=\"300\" src=\"https:\/\/franciscanos.org.br\/noticias\/wp-content\/uploads\/2020\/02\/encerramento-19-300x300.jpg\" class=\"attachment-thumbnail size-thumbnail\" alt=\"\" loading=\"lazy\" srcset=\"https:\/\/franciscanos.org.br\/noticias\/wp-content\/uploads\/2020\/02\/encerramento-19-300x300.jpg 300w, https:\/\/franciscanos.org.br\/noticias\/wp-content\/uploads\/2020\/02\/encerramento-19-100x100.jpg 100w, https:\/\/franciscanos.org.br\/noticias\/wp-content\/uploads\/2020\/02\/encerramento-19-400x400.jpg 400w\" sizes=\"(max-width: 300px) 100vw, 300px\" \/><\/a>\n\t\t\t<\/dt><\/dl><dl class='gallery-item'>\n\t\t\t<dt class='gallery-icon landscape'>\n\t\t\t\t<a href='https:\/\/franciscanos.org.br\/noticias\/wp-content\/uploads\/2020\/02\/encerramento-20.jpg'><img width=\"300\" height=\"300\" src=\"https:\/\/franciscanos.org.br\/noticias\/wp-content\/uploads\/2020\/02\/encerramento-20-300x300.jpg\" class=\"attachment-thumbnail size-thumbnail\" alt=\"\" loading=\"lazy\" srcset=\"https:\/\/franciscanos.org.br\/noticias\/wp-content\/uploads\/2020\/02\/encerramento-20-300x300.jpg 300w, https:\/\/franciscanos.org.br\/noticias\/wp-content\/uploads\/2020\/02\/encerramento-20-100x100.jpg 100w, https:\/\/franciscanos.org.br\/noticias\/wp-content\/uploads\/2020\/02\/encerramento-20-400x400.jpg 400w\" sizes=\"(max-width: 300px) 100vw, 300px\" \/><\/a>\n\t\t\t<\/dt><\/dl><dl class='gallery-item'>\n\t\t\t<dt class='gallery-icon landscape'>\n\t\t\t\t<a href='https:\/\/franciscanos.org.br\/noticias\/wp-content\/uploads\/2020\/02\/encerramento-21.jpg'><img width=\"300\" height=\"300\" src=\"https:\/\/franciscanos.org.br\/noticias\/wp-content\/uploads\/2020\/02\/encerramento-21-300x300.jpg\" class=\"attachment-thumbnail size-thumbnail\" alt=\"\" loading=\"lazy\" srcset=\"https:\/\/franciscanos.org.br\/noticias\/wp-content\/uploads\/2020\/02\/encerramento-21-300x300.jpg 300w, https:\/\/franciscanos.org.br\/noticias\/wp-content\/uploads\/2020\/02\/encerramento-21-100x100.jpg 100w, https:\/\/franciscanos.org.br\/noticias\/wp-content\/uploads\/2020\/02\/encerramento-21-400x400.jpg 400w\" sizes=\"(max-width: 300px) 100vw, 300px\" \/><\/a>\n\t\t\t<\/dt><\/dl><br style=\"clear: both\" \/><dl class='gallery-item'>\n\t\t\t<dt class='gallery-icon landscape'>\n\t\t\t\t<a href='https:\/\/franciscanos.org.br\/noticias\/wp-content\/uploads\/2020\/02\/encerramento-22.jpg'><img width=\"300\" height=\"300\" src=\"https:\/\/franciscanos.org.br\/noticias\/wp-content\/uploads\/2020\/02\/encerramento-22-300x300.jpg\" class=\"attachment-thumbnail size-thumbnail\" alt=\"\" loading=\"lazy\" srcset=\"https:\/\/franciscanos.org.br\/noticias\/wp-content\/uploads\/2020\/02\/encerramento-22-300x300.jpg 300w, https:\/\/franciscanos.org.br\/noticias\/wp-content\/uploads\/2020\/02\/encerramento-22-100x100.jpg 100w, https:\/\/franciscanos.org.br\/noticias\/wp-content\/uploads\/2020\/02\/encerramento-22-400x400.jpg 400w\" sizes=\"(max-width: 300px) 100vw, 300px\" \/><\/a>\n\t\t\t<\/dt><\/dl><dl class='gallery-item'>\n\t\t\t<dt class='gallery-icon landscape'>\n\t\t\t\t<a href='https:\/\/franciscanos.org.br\/noticias\/wp-content\/uploads\/2020\/02\/encerramento-23.jpg'><img width=\"300\" height=\"300\" src=\"https:\/\/franciscanos.org.br\/noticias\/wp-content\/uploads\/2020\/02\/encerramento-23-300x300.jpg\" class=\"attachment-thumbnail size-thumbnail\" alt=\"\" loading=\"lazy\" srcset=\"https:\/\/franciscanos.org.br\/noticias\/wp-content\/uploads\/2020\/02\/encerramento-23-300x300.jpg 300w, https:\/\/franciscanos.org.br\/noticias\/wp-content\/uploads\/2020\/02\/encerramento-23-100x100.jpg 100w, https:\/\/franciscanos.org.br\/noticias\/wp-content\/uploads\/2020\/02\/encerramento-23-400x400.jpg 400w\" sizes=\"(max-width: 300px) 100vw, 300px\" \/><\/a>\n\t\t\t<\/dt><\/dl><dl class='gallery-item'>\n\t\t\t<dt class='gallery-icon landscape'>\n\t\t\t\t<a href='https:\/\/franciscanos.org.br\/noticias\/wp-content\/uploads\/2020\/02\/encerramento-24.jpg'><img width=\"300\" height=\"300\" src=\"https:\/\/franciscanos.org.br\/noticias\/wp-content\/uploads\/2020\/02\/encerramento-24-300x300.jpg\" class=\"attachment-thumbnail size-thumbnail\" alt=\"\" loading=\"lazy\" srcset=\"https:\/\/franciscanos.org.br\/noticias\/wp-content\/uploads\/2020\/02\/encerramento-24-300x300.jpg 300w, https:\/\/franciscanos.org.br\/noticias\/wp-content\/uploads\/2020\/02\/encerramento-24-100x100.jpg 100w, https:\/\/franciscanos.org.br\/noticias\/wp-content\/uploads\/2020\/02\/encerramento-24-400x400.jpg 400w\" sizes=\"(max-width: 300px) 100vw, 300px\" \/><\/a>\n\t\t\t<\/dt><\/dl><dl class='gallery-item'>\n\t\t\t<dt class='gallery-icon landscape'>\n\t\t\t\t<a href='https:\/\/franciscanos.org.br\/noticias\/wp-content\/uploads\/2020\/02\/encerramento-25.jpg'><img width=\"300\" height=\"300\" src=\"https:\/\/franciscanos.org.br\/noticias\/wp-content\/uploads\/2020\/02\/encerramento-25-300x300.jpg\" class=\"attachment-thumbnail size-thumbnail\" alt=\"\" loading=\"lazy\" srcset=\"https:\/\/franciscanos.org.br\/noticias\/wp-content\/uploads\/2020\/02\/encerramento-25-300x300.jpg 300w, https:\/\/franciscanos.org.br\/noticias\/wp-content\/uploads\/2020\/02\/encerramento-25-100x100.jpg 100w, https:\/\/franciscanos.org.br\/noticias\/wp-content\/uploads\/2020\/02\/encerramento-25-400x400.jpg 400w\" sizes=\"(max-width: 300px) 100vw, 300px\" \/><\/a>\n\t\t\t<\/dt><\/dl><dl class='gallery-item'>\n\t\t\t<dt class='gallery-icon portrait'>\n\t\t\t\t<a href='https:\/\/franciscanos.org.br\/noticias\/wp-content\/uploads\/2020\/02\/encerramento-26.jpg'><img width=\"300\" height=\"300\" src=\"https:\/\/franciscanos.org.br\/noticias\/wp-content\/uploads\/2020\/02\/encerramento-26-300x300.jpg\" class=\"attachment-thumbnail size-thumbnail\" alt=\"\" loading=\"lazy\" srcset=\"https:\/\/franciscanos.org.br\/noticias\/wp-content\/uploads\/2020\/02\/encerramento-26-300x300.jpg 300w, https:\/\/franciscanos.org.br\/noticias\/wp-content\/uploads\/2020\/02\/encerramento-26-100x100.jpg 100w, https:\/\/franciscanos.org.br\/noticias\/wp-content\/uploads\/2020\/02\/encerramento-26-400x400.jpg 400w\" sizes=\"(max-width: 300px) 100vw, 300px\" \/><\/a>\n\t\t\t<\/dt><\/dl><br style=\"clear: both\" \/>\n\t\t<\/div>\n\n","protected":false},"excerpt":{"rendered":"<p>Missa de encerramento das Miss\u00f5es Franciscanas da Juventude<\/p>\n","protected":false},"author":3,"featured_media":218412,"comment_status":"open","ping_status":"open","sticky":false,"template":"","format":"standard","meta":[],"categories":[1],"tags":[1206],"acf":[],"yoast_head":"<!-- This site is optimized with the Yoast SEO plugin v19.2 - https:\/\/yoast.com\/wordpress\/plugins\/seo\/ -->\n<title>Sobraram emo\u00e7\u00f5es na pra\u00e7a da Matriz de Xaxim - Not\u00edcias - Franciscanos<\/title>\n<meta name=\"robots\" content=\"index, follow, max-snippet:-1, max-image-preview:large, max-video-preview:-1\" \/>\n<link rel=\"canonical\" href=\"https:\/\/franciscanos.org.br\/noticias\/sobraram-emocoes-na-praca-da-matriz-de-xaxim.html\" \/>\n<meta property=\"og:locale\" content=\"pt_BR\" \/>\n<meta property=\"og:type\" content=\"article\" \/>\n<meta property=\"og:title\" content=\"Sobraram emo\u00e7\u00f5es na pra\u00e7a da Matriz de Xaxim - Not\u00edcias - Franciscanos\" \/>\n<meta property=\"og:description\" content=\"Missa de encerramento das Miss\u00f5es Franciscanas da Juventude\" \/>\n<meta property=\"og:url\" content=\"https:\/\/franciscanos.org.br\/noticias\/sobraram-emocoes-na-praca-da-matriz-de-xaxim.html\" \/>\n<meta property=\"og:site_name\" content=\"Not\u00edcias - Franciscanos\" \/>\n<meta property=\"article:published_time\" content=\"2020-02-02T21:17:40+00:00\" \/>\n<meta property=\"article:modified_time\" content=\"2020-02-02T23:21:23+00:00\" \/>\n<meta property=\"og:image\" content=\"https:\/\/franciscanos.org.br\/noticias\/wp-content\/uploads\/2020\/02\/diego_07d.jpg\" \/>\n\t<meta property=\"og:image:width\" content=\"273\" \/>\n\t<meta property=\"og:image:height\" content=\"181\" \/>\n\t<meta property=\"og:image:type\" content=\"image\/jpeg\" \/>\n<meta name=\"author\" content=\"moacir\" \/>\n<meta name=\"twitter:card\" content=\"summary_large_image\" \/>\n<meta name=\"twitter:label1\" content=\"Escrito por\" \/>\n\t<meta name=\"twitter:data1\" content=\"moacir\" \/>\n\t<meta name=\"twitter:label2\" content=\"Est. tempo de leitura\" \/>\n\t<meta name=\"twitter:data2\" content=\"9 minutos\" \/>\n<script type=\"application\/ld+json\" class=\"yoast-schema-graph\">{\"@context\":\"https:\/\/schema.org\",\"@graph\":[{\"@type\":\"WebSite\",\"@id\":\"https:\/\/franciscanos.org.br\/noticias\/#website\",\"url\":\"https:\/\/franciscanos.org.br\/noticias\/\",\"name\":\"Not\u00edcias - Franciscanos\",\"description\":\"Prov\u00edncia Franciscana da Imaculada Concei\u00e7\u00e3o do Brasil - Ordem dos Frades Menores - OFM\",\"potentialAction\":[{\"@type\":\"SearchAction\",\"target\":{\"@type\":\"EntryPoint\",\"urlTemplate\":\"https:\/\/franciscanos.org.br\/noticias\/?s={search_term_string}\"},\"query-input\":\"required name=search_term_string\"}],\"inLanguage\":\"pt-BR\"},{\"@type\":\"ImageObject\",\"inLanguage\":\"pt-BR\",\"@id\":\"https:\/\/franciscanos.org.br\/noticias\/sobraram-emocoes-na-praca-da-matriz-de-xaxim.html#primaryimage\",\"url\":\"https:\/\/franciscanos.org.br\/noticias\/wp-content\/uploads\/2020\/02\/diego_07d.jpg\",\"contentUrl\":\"https:\/\/franciscanos.org.br\/noticias\/wp-content\/uploads\/2020\/02\/diego_07d.jpg\",\"width\":273,\"height\":181},{\"@type\":\"WebPage\",\"@id\":\"https:\/\/franciscanos.org.br\/noticias\/sobraram-emocoes-na-praca-da-matriz-de-xaxim.html#webpage\",\"url\":\"https:\/\/franciscanos.org.br\/noticias\/sobraram-emocoes-na-praca-da-matriz-de-xaxim.html\",\"name\":\"Sobraram emo\u00e7\u00f5es na pra\u00e7a da Matriz de Xaxim - Not\u00edcias - Franciscanos\",\"isPartOf\":{\"@id\":\"https:\/\/franciscanos.org.br\/noticias\/#website\"},\"primaryImageOfPage\":{\"@id\":\"https:\/\/franciscanos.org.br\/noticias\/sobraram-emocoes-na-praca-da-matriz-de-xaxim.html#primaryimage\"},\"datePublished\":\"2020-02-02T21:17:40+00:00\",\"dateModified\":\"2020-02-02T23:21:23+00:00\",\"author\":{\"@id\":\"https:\/\/franciscanos.org.br\/noticias\/#\/schema\/person\/b5c8cba458c330ccff548b056e95a5d4\"},\"breadcrumb\":{\"@id\":\"https:\/\/franciscanos.org.br\/noticias\/sobraram-emocoes-na-praca-da-matriz-de-xaxim.html#breadcrumb\"},\"inLanguage\":\"pt-BR\",\"potentialAction\":[{\"@type\":\"ReadAction\",\"target\":[\"https:\/\/franciscanos.org.br\/noticias\/sobraram-emocoes-na-praca-da-matriz-de-xaxim.html\"]}]},{\"@type\":\"BreadcrumbList\",\"@id\":\"https:\/\/franciscanos.org.br\/noticias\/sobraram-emocoes-na-praca-da-matriz-de-xaxim.html#breadcrumb\",\"itemListElement\":[{\"@type\":\"ListItem\",\"position\":1,\"name\":\"Home\",\"item\":\"https:\/\/franciscanos.org.br\/noticias\"},{\"@type\":\"ListItem\",\"position\":2,\"name\":\"Sobraram emo\u00e7\u00f5es na pra\u00e7a da Matriz de Xaxim\"}]},{\"@type\":\"Person\",\"@id\":\"https:\/\/franciscanos.org.br\/noticias\/#\/schema\/person\/b5c8cba458c330ccff548b056e95a5d4\",\"name\":\"moacir\",\"image\":{\"@type\":\"ImageObject\",\"inLanguage\":\"pt-BR\",\"@id\":\"https:\/\/franciscanos.org.br\/noticias\/#\/schema\/person\/image\/\",\"url\":\"https:\/\/secure.gravatar.com\/avatar\/d08aa2ce4c8dd416d4479aa8536fcf64?s=96&d=mm&r=g\",\"contentUrl\":\"https:\/\/secure.gravatar.com\/avatar\/d08aa2ce4c8dd416d4479aa8536fcf64?s=96&d=mm&r=g\",\"caption\":\"moacir\"},\"url\":\"https:\/\/franciscanos.org.br\/noticias\/author\/moacir\"}]}<\/script>\n<!-- \/ Yoast SEO plugin. -->","yoast_head_json":{"title":"Sobraram emo\u00e7\u00f5es na pra\u00e7a da Matriz de Xaxim - Not\u00edcias - Franciscanos","robots":{"index":"index","follow":"follow","max-snippet":"max-snippet:-1","max-image-preview":"max-image-preview:large","max-video-preview":"max-video-preview:-1"},"canonical":"https:\/\/franciscanos.org.br\/noticias\/sobraram-emocoes-na-praca-da-matriz-de-xaxim.html","og_locale":"pt_BR","og_type":"article","og_title":"Sobraram emo\u00e7\u00f5es na pra\u00e7a da Matriz de Xaxim - Not\u00edcias - Franciscanos","og_description":"Missa de encerramento das Miss\u00f5es Franciscanas da Juventude","og_url":"https:\/\/franciscanos.org.br\/noticias\/sobraram-emocoes-na-praca-da-matriz-de-xaxim.html","og_site_name":"Not\u00edcias - Franciscanos","article_published_time":"2020-02-02T21:17:40+00:00","article_modified_time":"2020-02-02T23:21:23+00:00","og_image":[{"width":273,"height":181,"url":"https:\/\/franciscanos.org.br\/noticias\/wp-content\/uploads\/2020\/02\/diego_07d.jpg","type":"image\/jpeg"}],"author":"moacir","twitter_card":"summary_large_image","twitter_misc":{"Escrito por":"moacir","Est. tempo de leitura":"9 minutos"},"schema":{"@context":"https:\/\/schema.org","@graph":[{"@type":"WebSite","@id":"https:\/\/franciscanos.org.br\/noticias\/#website","url":"https:\/\/franciscanos.org.br\/noticias\/","name":"Not\u00edcias - Franciscanos","description":"Prov\u00edncia Franciscana da Imaculada Concei\u00e7\u00e3o do Brasil - Ordem dos Frades Menores - OFM","potentialAction":[{"@type":"SearchAction","target":{"@type":"EntryPoint","urlTemplate":"https:\/\/franciscanos.org.br\/noticias\/?s={search_term_string}"},"query-input":"required name=search_term_string"}],"inLanguage":"pt-BR"},{"@type":"ImageObject","inLanguage":"pt-BR","@id":"https:\/\/franciscanos.org.br\/noticias\/sobraram-emocoes-na-praca-da-matriz-de-xaxim.html#primaryimage","url":"https:\/\/franciscanos.org.br\/noticias\/wp-content\/uploads\/2020\/02\/diego_07d.jpg","contentUrl":"https:\/\/franciscanos.org.br\/noticias\/wp-content\/uploads\/2020\/02\/diego_07d.jpg","width":273,"height":181},{"@type":"WebPage","@id":"https:\/\/franciscanos.org.br\/noticias\/sobraram-emocoes-na-praca-da-matriz-de-xaxim.html#webpage","url":"https:\/\/franciscanos.org.br\/noticias\/sobraram-emocoes-na-praca-da-matriz-de-xaxim.html","name":"Sobraram emo\u00e7\u00f5es na pra\u00e7a da Matriz de Xaxim - Not\u00edcias - Franciscanos","isPartOf":{"@id":"https:\/\/franciscanos.org.br\/noticias\/#website"},"primaryImageOfPage":{"@id":"https:\/\/franciscanos.org.br\/noticias\/sobraram-emocoes-na-praca-da-matriz-de-xaxim.html#primaryimage"},"datePublished":"2020-02-02T21:17:40+00:00","dateModified":"2020-02-02T23:21:23+00:00","author":{"@id":"https:\/\/franciscanos.org.br\/noticias\/#\/schema\/person\/b5c8cba458c330ccff548b056e95a5d4"},"breadcrumb":{"@id":"https:\/\/franciscanos.org.br\/noticias\/sobraram-emocoes-na-praca-da-matriz-de-xaxim.html#breadcrumb"},"inLanguage":"pt-BR","potentialAction":[{"@type":"ReadAction","target":["https:\/\/franciscanos.org.br\/noticias\/sobraram-emocoes-na-praca-da-matriz-de-xaxim.html"]}]},{"@type":"BreadcrumbList","@id":"https:\/\/franciscanos.org.br\/noticias\/sobraram-emocoes-na-praca-da-matriz-de-xaxim.html#breadcrumb","itemListElement":[{"@type":"ListItem","position":1,"name":"Home","item":"https:\/\/franciscanos.org.br\/noticias"},{"@type":"ListItem","position":2,"name":"Sobraram emo\u00e7\u00f5es na pra\u00e7a da Matriz de Xaxim"}]},{"@type":"Person","@id":"https:\/\/franciscanos.org.br\/noticias\/#\/schema\/person\/b5c8cba458c330ccff548b056e95a5d4","name":"moacir","image":{"@type":"ImageObject","inLanguage":"pt-BR","@id":"https:\/\/franciscanos.org.br\/noticias\/#\/schema\/person\/image\/","url":"https:\/\/secure.gravatar.com\/avatar\/d08aa2ce4c8dd416d4479aa8536fcf64?s=96&d=mm&r=g","contentUrl":"https:\/\/secure.gravatar.com\/avatar\/d08aa2ce4c8dd416d4479aa8536fcf64?s=96&d=mm&r=g","caption":"moacir"},"url":"https:\/\/franciscanos.org.br\/noticias\/author\/moacir"}]}},"_links":{"self":[{"href":"https:\/\/franciscanos.org.br\/noticias\/wp-json\/wp\/v2\/posts\/218361"}],"collection":[{"href":"https:\/\/franciscanos.org.br\/noticias\/wp-json\/wp\/v2\/posts"}],"about":[{"href":"https:\/\/franciscanos.org.br\/noticias\/wp-json\/wp\/v2\/types\/post"}],"author":[{"embeddable":true,"href":"https:\/\/franciscanos.org.br\/noticias\/wp-json\/wp\/v2\/users\/3"}],"replies":[{"embeddable":true,"href":"https:\/\/franciscanos.org.br\/noticias\/wp-json\/wp\/v2\/comments?post=218361"}],"version-history":[{"count":0,"href":"https:\/\/franciscanos.org.br\/noticias\/wp-json\/wp\/v2\/posts\/218361\/revisions"}],"wp:featuredmedia":[{"embeddable":true,"href":"https:\/\/franciscanos.org.br\/noticias\/wp-json\/wp\/v2\/media\/218412"}],"wp:attachment":[{"href":"https:\/\/franciscanos.org.br\/noticias\/wp-json\/wp\/v2\/media?parent=218361"}],"wp:term":[{"taxonomy":"category","embeddable":true,"href":"https:\/\/franciscanos.org.br\/noticias\/wp-json\/wp\/v2\/categories?post=218361"},{"taxonomy":"post_tag","embeddable":true,"href":"https:\/\/franciscanos.org.br\/noticias\/wp-json\/wp\/v2\/tags?post=218361"}],"curies":[{"name":"wp","href":"https:\/\/api.w.org\/{rel}","templated":true}]}}