{"id":218120,"date":"2020-02-01T09:51:51","date_gmt":"2020-02-01T12:51:51","guid":{"rendered":"https:\/\/franciscanos.org.br\/noticias\/?p=218120"},"modified":"2020-02-01T09:51:51","modified_gmt":"2020-02-01T12:51:51","slug":"grafite-em-sao-paulo-homenageia-vitimas-de-brumadinho","status":"publish","type":"post","link":"https:\/\/franciscanos.org.br\/noticias\/grafite-em-sao-paulo-homenageia-vitimas-de-brumadinho.html","title":{"rendered":"Grafite em S\u00e3o Paulo homenageia v\u00edtimas de Brumadinho"},"content":{"rendered":"<p><img loading=\"lazy\" class=\"alignnone wp-image-218121 size-full\" src=\"https:\/\/franciscanos.org.br\/noticias\/wp-content\/uploads\/2020\/02\/mural_01.jpg\" alt=\"\" width=\"900\" height=\"506\" srcset=\"https:\/\/franciscanos.org.br\/noticias\/wp-content\/uploads\/2020\/02\/mural_01.jpg 900w, https:\/\/franciscanos.org.br\/noticias\/wp-content\/uploads\/2020\/02\/mural_01-450x253.jpg 450w, https:\/\/franciscanos.org.br\/noticias\/wp-content\/uploads\/2020\/02\/mural_01-768x432.jpg 768w, https:\/\/franciscanos.org.br\/noticias\/wp-content\/uploads\/2020\/02\/mural_01-150x84.jpg 150w\" sizes=\"(max-width: 900px) 100vw, 900px\" \/><\/p>\n<p>Um pr\u00e9dio da regi\u00e3o da Santa Ifig\u00eania, no centro de S\u00e3o Paulo, homenageia as v\u00edtimas de Brumadinho, usando como mat\u00e9ria-prima restos do rompimento da barragem da Vale, em Minas Gerais. Com o t\u00edtulo &#8220;Oper\u00e1rios de Brumadinho&#8221;, esse grafite realizado pelo paulistano Mundano com lama que vazou do local da trag\u00e9dia e com uma releitura da obra de Tarsila do Amaral. A obra final tem mais de 800 m2 e \u00e9 uma releitura de &#8220;Oper\u00e1rios&#8221; (1922) da artista pl\u00e1stica paulista. A obra de Mundano pode ser vista na lateral do Edif\u00edcio Minerasil, em frente ao Mercado Municipal de S\u00e3o Paulo.<\/p>\n<h3><img loading=\"lazy\" class=\"alignnone size-full wp-image-218122\" src=\"https:\/\/franciscanos.org.br\/noticias\/wp-content\/uploads\/2020\/02\/amaral_01.png\" alt=\"\" width=\"1280\" height=\"800\" srcset=\"https:\/\/franciscanos.org.br\/noticias\/wp-content\/uploads\/2020\/02\/amaral_01.png 1280w, https:\/\/franciscanos.org.br\/noticias\/wp-content\/uploads\/2020\/02\/amaral_01-450x281.png 450w, https:\/\/franciscanos.org.br\/noticias\/wp-content\/uploads\/2020\/02\/amaral_01-1024x640.png 1024w, https:\/\/franciscanos.org.br\/noticias\/wp-content\/uploads\/2020\/02\/amaral_01-768x480.png 768w, https:\/\/franciscanos.org.br\/noticias\/wp-content\/uploads\/2020\/02\/amaral_01-150x94.png 150w\" sizes=\"(max-width: 1280px) 100vw, 1280px\" \/><br \/>\nConfira o depoimento de Mundano no seu Instagram.<\/h3>\n<p>&#8220;Ontem falei dos desafios de pintar em altura, com lama t\u00f3xica e com um tema complexo, mas meu maior desafio como artista foi a responsabilidade de fazer uma releitura de uma das obras mais ic\u00f4nicas da arte brasileira : \u201cOper\u00e1rios\u201d da Tarsila do Amaral, 1933. Ela \u00e9 a primeira obra a trazer \u00e0 tona a diversidade do povo brasileiro com 51 rostos. \u00c9 um s\u00edmbolo do modernismo e da fase social da Tarsila, que come\u00e7a depois da sua exposi\u00e7\u00e3o em Moscou em 1931, sua pris\u00e3o durante o contexto do governo Get\u00falio Vargas. Tarsila representou oper\u00e1rios e oper\u00e1rias vindo de diversas partes do pa\u00eds e de diferentes origens que vieram pra S\u00e3o Paulo ap\u00f3s a crise de 1929. A obra da destaque paras faces cansadas e desesperan\u00e7adas dos trabalhadores e trabalhadoras com o olhar fixo frontal e olheiras expressivas. Ao fundo, nitidamente tem uma f\u00e1brica poluindo o ar que fica acima de todos oper\u00e1rios. Pra representar essa obra era necess\u00e1rio atualiz\u00e1-la para 2020, e o louco \u00e9 que 87 anos depois, tirando o aumento da polui\u00e7\u00e3o e sendo bem realista: pouco mudou. A cidade de S\u00e3o Paulo continua atraindo cada vez mais pessoas das origens mais diversas e a classe oper\u00e1ria continua explorada. Mesmo com tanta pertin\u00eancia da obra atualmente eu ainda tinha minhas d\u00favidas se conseguiria faz\u00ea-la nessa escala e com lama. Foi quando estive no protesto da C\u00e2mara Municipal de Brumadinho em dezembro e olhei as fotos dos rostos das v\u00edtimas sendo colocadas por familiares lado lado e com o escrito \u201cvale assassina\u201d na parte superior. Foi ali que enxerguei e senti a obra \u201cOper\u00e1rios\u201d e me senti pronto para o desafio. N\u00e3o usei fielmente os rostos das 272 v\u00edtimas, nem dos 11 desaparecidos e dos atingidos que estavam ali pedindo Justi\u00e7a, por ser delicado e o meu recorte da obra s\u00f3 ter 22 rostos . Mas suas express\u00f5es eu nunca mais esqueci e fizeram parte da base das faces mescladas com as da obra original e com os tra\u00e7os de trabalhadores que encontrei durante a produ\u00e7\u00e3o indo de metro, andando na rua e com o p\u00fablico do mercad\u00e3o e todos e todas dos bastidores das incont\u00e1veis frutas que chegam ali 24 hs por dia e alimentam essa cidade . Os oper\u00e1rios se identificaram com a obra e os atingidos agradeceram&#8221;.<\/p>\n","protected":false},"excerpt":{"rendered":"<p>Trag\u00e9dia de Brumadinho<\/p>\n","protected":false},"author":3,"featured_media":218123,"comment_status":"open","ping_status":"open","sticky":false,"template":"","format":"standard","meta":[],"categories":[1],"tags":[1300],"acf":[],"yoast_head":"<!-- This site is optimized with the Yoast SEO plugin v19.2 - https:\/\/yoast.com\/wordpress\/plugins\/seo\/ -->\n<title>Grafite em S\u00e3o Paulo homenageia v\u00edtimas de Brumadinho - Not\u00edcias - Franciscanos<\/title>\n<meta name=\"robots\" content=\"index, follow, max-snippet:-1, max-image-preview:large, max-video-preview:-1\" \/>\n<link rel=\"canonical\" href=\"https:\/\/franciscanos.org.br\/noticias\/grafite-em-sao-paulo-homenageia-vitimas-de-brumadinho.html\" \/>\n<meta property=\"og:locale\" content=\"pt_BR\" \/>\n<meta property=\"og:type\" content=\"article\" \/>\n<meta property=\"og:title\" content=\"Grafite em S\u00e3o Paulo homenageia v\u00edtimas de Brumadinho - Not\u00edcias - Franciscanos\" \/>\n<meta property=\"og:description\" content=\"Trag\u00e9dia de Brumadinho\" \/>\n<meta property=\"og:url\" content=\"https:\/\/franciscanos.org.br\/noticias\/grafite-em-sao-paulo-homenageia-vitimas-de-brumadinho.html\" \/>\n<meta property=\"og:site_name\" content=\"Not\u00edcias - Franciscanos\" \/>\n<meta property=\"article:published_time\" content=\"2020-02-01T12:51:51+00:00\" \/>\n<meta property=\"og:image\" content=\"https:\/\/franciscanos.org.br\/noticias\/wp-content\/uploads\/2020\/02\/mural_01d.jpg\" \/>\n\t<meta property=\"og:image:width\" content=\"273\" \/>\n\t<meta property=\"og:image:height\" content=\"181\" \/>\n\t<meta property=\"og:image:type\" content=\"image\/jpeg\" \/>\n<meta name=\"author\" content=\"moacir\" \/>\n<meta name=\"twitter:card\" content=\"summary_large_image\" \/>\n<meta name=\"twitter:label1\" content=\"Escrito por\" \/>\n\t<meta name=\"twitter:data1\" content=\"moacir\" \/>\n\t<meta name=\"twitter:label2\" content=\"Est. tempo de leitura\" \/>\n\t<meta name=\"twitter:data2\" content=\"3 minutos\" \/>\n<script type=\"application\/ld+json\" class=\"yoast-schema-graph\">{\"@context\":\"https:\/\/schema.org\",\"@graph\":[{\"@type\":\"WebSite\",\"@id\":\"https:\/\/franciscanos.org.br\/noticias\/#website\",\"url\":\"https:\/\/franciscanos.org.br\/noticias\/\",\"name\":\"Not\u00edcias - Franciscanos\",\"description\":\"Prov\u00edncia Franciscana da Imaculada Concei\u00e7\u00e3o do Brasil - Ordem dos Frades Menores - OFM\",\"potentialAction\":[{\"@type\":\"SearchAction\",\"target\":{\"@type\":\"EntryPoint\",\"urlTemplate\":\"https:\/\/franciscanos.org.br\/noticias\/?s={search_term_string}\"},\"query-input\":\"required name=search_term_string\"}],\"inLanguage\":\"pt-BR\"},{\"@type\":\"ImageObject\",\"inLanguage\":\"pt-BR\",\"@id\":\"https:\/\/franciscanos.org.br\/noticias\/grafite-em-sao-paulo-homenageia-vitimas-de-brumadinho.html#primaryimage\",\"url\":\"https:\/\/franciscanos.org.br\/noticias\/wp-content\/uploads\/2020\/02\/mural_01d.jpg\",\"contentUrl\":\"https:\/\/franciscanos.org.br\/noticias\/wp-content\/uploads\/2020\/02\/mural_01d.jpg\",\"width\":273,\"height\":181},{\"@type\":\"WebPage\",\"@id\":\"https:\/\/franciscanos.org.br\/noticias\/grafite-em-sao-paulo-homenageia-vitimas-de-brumadinho.html#webpage\",\"url\":\"https:\/\/franciscanos.org.br\/noticias\/grafite-em-sao-paulo-homenageia-vitimas-de-brumadinho.html\",\"name\":\"Grafite em S\u00e3o Paulo homenageia v\u00edtimas de Brumadinho - Not\u00edcias - Franciscanos\",\"isPartOf\":{\"@id\":\"https:\/\/franciscanos.org.br\/noticias\/#website\"},\"primaryImageOfPage\":{\"@id\":\"https:\/\/franciscanos.org.br\/noticias\/grafite-em-sao-paulo-homenageia-vitimas-de-brumadinho.html#primaryimage\"},\"datePublished\":\"2020-02-01T12:51:51+00:00\",\"dateModified\":\"2020-02-01T12:51:51+00:00\",\"author\":{\"@id\":\"https:\/\/franciscanos.org.br\/noticias\/#\/schema\/person\/b5c8cba458c330ccff548b056e95a5d4\"},\"breadcrumb\":{\"@id\":\"https:\/\/franciscanos.org.br\/noticias\/grafite-em-sao-paulo-homenageia-vitimas-de-brumadinho.html#breadcrumb\"},\"inLanguage\":\"pt-BR\",\"potentialAction\":[{\"@type\":\"ReadAction\",\"target\":[\"https:\/\/franciscanos.org.br\/noticias\/grafite-em-sao-paulo-homenageia-vitimas-de-brumadinho.html\"]}]},{\"@type\":\"BreadcrumbList\",\"@id\":\"https:\/\/franciscanos.org.br\/noticias\/grafite-em-sao-paulo-homenageia-vitimas-de-brumadinho.html#breadcrumb\",\"itemListElement\":[{\"@type\":\"ListItem\",\"position\":1,\"name\":\"Home\",\"item\":\"https:\/\/franciscanos.org.br\/noticias\"},{\"@type\":\"ListItem\",\"position\":2,\"name\":\"Grafite em S\u00e3o Paulo homenageia v\u00edtimas de Brumadinho\"}]},{\"@type\":\"Person\",\"@id\":\"https:\/\/franciscanos.org.br\/noticias\/#\/schema\/person\/b5c8cba458c330ccff548b056e95a5d4\",\"name\":\"moacir\",\"image\":{\"@type\":\"ImageObject\",\"inLanguage\":\"pt-BR\",\"@id\":\"https:\/\/franciscanos.org.br\/noticias\/#\/schema\/person\/image\/\",\"url\":\"https:\/\/secure.gravatar.com\/avatar\/d08aa2ce4c8dd416d4479aa8536fcf64?s=96&d=mm&r=g\",\"contentUrl\":\"https:\/\/secure.gravatar.com\/avatar\/d08aa2ce4c8dd416d4479aa8536fcf64?s=96&d=mm&r=g\",\"caption\":\"moacir\"},\"url\":\"https:\/\/franciscanos.org.br\/noticias\/author\/moacir\"}]}<\/script>\n<!-- \/ Yoast SEO plugin. -->","yoast_head_json":{"title":"Grafite em S\u00e3o Paulo homenageia v\u00edtimas de Brumadinho - Not\u00edcias - Franciscanos","robots":{"index":"index","follow":"follow","max-snippet":"max-snippet:-1","max-image-preview":"max-image-preview:large","max-video-preview":"max-video-preview:-1"},"canonical":"https:\/\/franciscanos.org.br\/noticias\/grafite-em-sao-paulo-homenageia-vitimas-de-brumadinho.html","og_locale":"pt_BR","og_type":"article","og_title":"Grafite em S\u00e3o Paulo homenageia v\u00edtimas de Brumadinho - Not\u00edcias - Franciscanos","og_description":"Trag\u00e9dia de Brumadinho","og_url":"https:\/\/franciscanos.org.br\/noticias\/grafite-em-sao-paulo-homenageia-vitimas-de-brumadinho.html","og_site_name":"Not\u00edcias - Franciscanos","article_published_time":"2020-02-01T12:51:51+00:00","og_image":[{"width":273,"height":181,"url":"https:\/\/franciscanos.org.br\/noticias\/wp-content\/uploads\/2020\/02\/mural_01d.jpg","type":"image\/jpeg"}],"author":"moacir","twitter_card":"summary_large_image","twitter_misc":{"Escrito por":"moacir","Est. tempo de leitura":"3 minutos"},"schema":{"@context":"https:\/\/schema.org","@graph":[{"@type":"WebSite","@id":"https:\/\/franciscanos.org.br\/noticias\/#website","url":"https:\/\/franciscanos.org.br\/noticias\/","name":"Not\u00edcias - Franciscanos","description":"Prov\u00edncia Franciscana da Imaculada Concei\u00e7\u00e3o do Brasil - Ordem dos Frades Menores - OFM","potentialAction":[{"@type":"SearchAction","target":{"@type":"EntryPoint","urlTemplate":"https:\/\/franciscanos.org.br\/noticias\/?s={search_term_string}"},"query-input":"required name=search_term_string"}],"inLanguage":"pt-BR"},{"@type":"ImageObject","inLanguage":"pt-BR","@id":"https:\/\/franciscanos.org.br\/noticias\/grafite-em-sao-paulo-homenageia-vitimas-de-brumadinho.html#primaryimage","url":"https:\/\/franciscanos.org.br\/noticias\/wp-content\/uploads\/2020\/02\/mural_01d.jpg","contentUrl":"https:\/\/franciscanos.org.br\/noticias\/wp-content\/uploads\/2020\/02\/mural_01d.jpg","width":273,"height":181},{"@type":"WebPage","@id":"https:\/\/franciscanos.org.br\/noticias\/grafite-em-sao-paulo-homenageia-vitimas-de-brumadinho.html#webpage","url":"https:\/\/franciscanos.org.br\/noticias\/grafite-em-sao-paulo-homenageia-vitimas-de-brumadinho.html","name":"Grafite em S\u00e3o Paulo homenageia v\u00edtimas de Brumadinho - Not\u00edcias - Franciscanos","isPartOf":{"@id":"https:\/\/franciscanos.org.br\/noticias\/#website"},"primaryImageOfPage":{"@id":"https:\/\/franciscanos.org.br\/noticias\/grafite-em-sao-paulo-homenageia-vitimas-de-brumadinho.html#primaryimage"},"datePublished":"2020-02-01T12:51:51+00:00","dateModified":"2020-02-01T12:51:51+00:00","author":{"@id":"https:\/\/franciscanos.org.br\/noticias\/#\/schema\/person\/b5c8cba458c330ccff548b056e95a5d4"},"breadcrumb":{"@id":"https:\/\/franciscanos.org.br\/noticias\/grafite-em-sao-paulo-homenageia-vitimas-de-brumadinho.html#breadcrumb"},"inLanguage":"pt-BR","potentialAction":[{"@type":"ReadAction","target":["https:\/\/franciscanos.org.br\/noticias\/grafite-em-sao-paulo-homenageia-vitimas-de-brumadinho.html"]}]},{"@type":"BreadcrumbList","@id":"https:\/\/franciscanos.org.br\/noticias\/grafite-em-sao-paulo-homenageia-vitimas-de-brumadinho.html#breadcrumb","itemListElement":[{"@type":"ListItem","position":1,"name":"Home","item":"https:\/\/franciscanos.org.br\/noticias"},{"@type":"ListItem","position":2,"name":"Grafite em S\u00e3o Paulo homenageia v\u00edtimas de Brumadinho"}]},{"@type":"Person","@id":"https:\/\/franciscanos.org.br\/noticias\/#\/schema\/person\/b5c8cba458c330ccff548b056e95a5d4","name":"moacir","image":{"@type":"ImageObject","inLanguage":"pt-BR","@id":"https:\/\/franciscanos.org.br\/noticias\/#\/schema\/person\/image\/","url":"https:\/\/secure.gravatar.com\/avatar\/d08aa2ce4c8dd416d4479aa8536fcf64?s=96&d=mm&r=g","contentUrl":"https:\/\/secure.gravatar.com\/avatar\/d08aa2ce4c8dd416d4479aa8536fcf64?s=96&d=mm&r=g","caption":"moacir"},"url":"https:\/\/franciscanos.org.br\/noticias\/author\/moacir"}]}},"_links":{"self":[{"href":"https:\/\/franciscanos.org.br\/noticias\/wp-json\/wp\/v2\/posts\/218120"}],"collection":[{"href":"https:\/\/franciscanos.org.br\/noticias\/wp-json\/wp\/v2\/posts"}],"about":[{"href":"https:\/\/franciscanos.org.br\/noticias\/wp-json\/wp\/v2\/types\/post"}],"author":[{"embeddable":true,"href":"https:\/\/franciscanos.org.br\/noticias\/wp-json\/wp\/v2\/users\/3"}],"replies":[{"embeddable":true,"href":"https:\/\/franciscanos.org.br\/noticias\/wp-json\/wp\/v2\/comments?post=218120"}],"version-history":[{"count":0,"href":"https:\/\/franciscanos.org.br\/noticias\/wp-json\/wp\/v2\/posts\/218120\/revisions"}],"wp:featuredmedia":[{"embeddable":true,"href":"https:\/\/franciscanos.org.br\/noticias\/wp-json\/wp\/v2\/media\/218123"}],"wp:attachment":[{"href":"https:\/\/franciscanos.org.br\/noticias\/wp-json\/wp\/v2\/media?parent=218120"}],"wp:term":[{"taxonomy":"category","embeddable":true,"href":"https:\/\/franciscanos.org.br\/noticias\/wp-json\/wp\/v2\/categories?post=218120"},{"taxonomy":"post_tag","embeddable":true,"href":"https:\/\/franciscanos.org.br\/noticias\/wp-json\/wp\/v2\/tags?post=218120"}],"curies":[{"name":"wp","href":"https:\/\/api.w.org\/{rel}","templated":true}]}}