{"id":218105,"date":"2020-02-01T09:11:42","date_gmt":"2020-02-01T12:11:42","guid":{"rendered":"https:\/\/franciscanos.org.br\/noticias\/?p=218105"},"modified":"2020-02-01T09:11:42","modified_gmt":"2020-02-01T12:11:42","slug":"nao-temos-medo-de-ir-ao-encontro-dos-excluidos-diz-novo-arcebispo-de-manaus","status":"publish","type":"post","link":"https:\/\/franciscanos.org.br\/noticias\/nao-temos-medo-de-ir-ao-encontro-dos-excluidos-diz-novo-arcebispo-de-manaus.html","title":{"rendered":"&#8220;N\u00e3o temos medo de ir ao encontro dos exclu\u00eddos&#8221;, diz novo Arcebispo de Manaus"},"content":{"rendered":"<p><img loading=\"lazy\" class=\"alignnone wp-image-218106 size-full\" src=\"https:\/\/franciscanos.org.br\/noticias\/wp-content\/uploads\/2020\/02\/leonardo_01.jpg\" alt=\"\" width=\"890\" height=\"593\" srcset=\"https:\/\/franciscanos.org.br\/noticias\/wp-content\/uploads\/2020\/02\/leonardo_01.jpg 890w, https:\/\/franciscanos.org.br\/noticias\/wp-content\/uploads\/2020\/02\/leonardo_01-450x300.jpg 450w, https:\/\/franciscanos.org.br\/noticias\/wp-content\/uploads\/2020\/02\/leonardo_01-768x512.jpg 768w, https:\/\/franciscanos.org.br\/noticias\/wp-content\/uploads\/2020\/02\/leonardo_01-150x100.jpg 150w\" sizes=\"(max-width: 890px) 100vw, 890px\" \/><\/p>\n<p><strong>Manaus (AM)<\/strong> &#8211; Foi com essa mensagem que Dom Leonardo Ulrich Steiner assumiu ontem \u00e0 noite, 31 de janeiro, o cuidado pastoral da Arquidiocese de Manaus (AM). Ele \u00e9 o sucessor de Dom Sergio Castriani, que pediu ren\u00fancia por quest\u00f5es de sa\u00fade. A Catedral Metropolitana Nossa Senhora da Concei\u00e7\u00e3o de Manaus ficou lotada, tanto que foi preciso colocar cadeiras e tel\u00f5es na parte externa da Matriz.<\/p>\n<p>&#8220;N\u00f3s, como Igreja, somos atra\u00eddos pela for\u00e7a dos pobres, a carne do Cristo, como diz o Papa Francisco&#8221;, disse Dom Leonardo, pedindo uma Igreja mission\u00e1ria na Amaz\u00f4nia, que &#8220;busca os abandonados&#8221;.<\/p>\n<p>Segundo Dom Leonardo, a viol\u00eancia nos assusta mas &#8220;nos provoca a oferecer a paz, o entendimento. A viol\u00eancia n\u00e3o se supera com as armas&#8221;, criticou. Infelizmente, segundo o novo Arcebispo do Brasil, hoje em dia estamos trabalhando na base da agressividade, das not\u00edcias falsas. &#8220;Estamos tentando governar o pa\u00eds na base de not\u00edcias falsas, da agressividade, da viol\u00eancia. Isso n\u00e3o constr\u00f3i um Brasil&#8221;, acredita.<\/p>\n<p>Autoridades eclesi\u00e1sticas presentes manifestaram obedi\u00eancia e respeito ao arcebispo. Estavam no altar padres diocesanos do interior do estado, bispos em\u00e9ritos da capital e representantes da Igreja em outros estados, como Roraima, Distrito Federal, Par\u00e1 e Rio Grande do Sul.<\/p>\n<p>O novo arcebispo pediu que os fi\u00e9is rezem pela miss\u00e3o que lhe foi dada. &#8220;Os desafios s\u00e3o sempre grandes, ainda mais numa regi\u00e3o t\u00e3o importante para o Brasil. Mas especificamente eu penso, agora que estou na Amaz\u00f4nia, como podermos ser mais Igreja&#8221;, disse.<\/p>\n<p>Para ele, a Amaz\u00f4nia representa a harmonia da nossa Casa Comum, na express\u00e3o do nosso Papa Francisco. &#8220;E eu estou alegre de contribuir na preserva\u00e7\u00e3o da Casa Comum, de anunciarmos a todos a necessidade de cuidarmos dela. A Amaz\u00f4nia \u00e9 uma regi\u00e3o onde a Igreja pode inovar, pode criar junto com os minist\u00e9rios dos leigos, pode pensar sua pastoral de maneira diferente quanto \u00e0 sua inser\u00e7\u00e3o e tamb\u00e9m, com o S\u00ednodo da Amaz\u00f4nia, meu sonho era poder dar minha contribui\u00e7\u00e3o a partir dele&#8221;, disse, demonstrando gratid\u00e3o ao Papa Francisco por ter nomeado-o para a Arquidiocese de Manaus.<\/p>\n<p>No dia 10 de maio de 2011 foi eleito secret\u00e1rio-geral da CNBB, durante a 49\u00aa Assembleia Geral. Em 21 de setembro daquele ano, o Papa Bento XVI o nomeou bispo auxiliar da Arquidiocese de Bras\u00edlia (DF).<\/p>\n<p>O frade desta Prov\u00edncia Franciscana da Imaculada Concei\u00e7\u00e3o do Brasil foi nomeado bispo em 2 de fevereiro de 2005 pelo Papa Jo\u00e3o Paulo II para a Prelazia de S\u00e3o F\u00e9lix do Araguaia (MT), sucedendo a Dom Pedro Casald\u00e1liga. Foi ordenado bispo no dia 16 de abril do mesmo ano pelo cardeal Dom Paulo Evaristo Arns, adotando como lema episcopal \u201cVerbum Caro Factum\u201d que quer dizer \u201cVerbo feito carne\u201d.<\/p>\n","protected":false},"excerpt":{"rendered":"<p>Missa de posse do novo Arcebispo de Manaus, Dom Leonardo Steiner<\/p>\n","protected":false},"author":3,"featured_media":218107,"comment_status":"open","ping_status":"open","sticky":false,"template":"","format":"standard","meta":[],"categories":[1],"tags":[1584,1535],"acf":[],"yoast_head":"<!-- This site is optimized with the Yoast SEO plugin v19.2 - https:\/\/yoast.com\/wordpress\/plugins\/seo\/ -->\n<title>&quot;N\u00e3o temos medo de ir ao encontro dos exclu\u00eddos&quot;, diz novo Arcebispo de Manaus - Not\u00edcias - Franciscanos<\/title>\n<meta name=\"robots\" content=\"index, follow, max-snippet:-1, max-image-preview:large, max-video-preview:-1\" \/>\n<link rel=\"canonical\" href=\"https:\/\/franciscanos.org.br\/noticias\/nao-temos-medo-de-ir-ao-encontro-dos-excluidos-diz-novo-arcebispo-de-manaus.html\" \/>\n<meta property=\"og:locale\" content=\"pt_BR\" \/>\n<meta property=\"og:type\" content=\"article\" \/>\n<meta property=\"og:title\" content=\"&quot;N\u00e3o temos medo de ir ao encontro dos exclu\u00eddos&quot;, diz novo Arcebispo de Manaus - Not\u00edcias - Franciscanos\" \/>\n<meta property=\"og:description\" content=\"Missa de posse do novo Arcebispo de Manaus, Dom Leonardo Steiner\" \/>\n<meta property=\"og:url\" content=\"https:\/\/franciscanos.org.br\/noticias\/nao-temos-medo-de-ir-ao-encontro-dos-excluidos-diz-novo-arcebispo-de-manaus.html\" \/>\n<meta property=\"og:site_name\" content=\"Not\u00edcias - Franciscanos\" \/>\n<meta property=\"article:published_time\" content=\"2020-02-01T12:11:42+00:00\" \/>\n<meta property=\"og:image\" content=\"https:\/\/franciscanos.org.br\/noticias\/wp-content\/uploads\/2020\/02\/leonardo_01d.jpg\" \/>\n\t<meta property=\"og:image:width\" content=\"273\" \/>\n\t<meta property=\"og:image:height\" content=\"181\" \/>\n\t<meta property=\"og:image:type\" content=\"image\/jpeg\" \/>\n<meta name=\"author\" content=\"moacir\" \/>\n<meta name=\"twitter:card\" content=\"summary_large_image\" \/>\n<meta name=\"twitter:label1\" content=\"Escrito por\" \/>\n\t<meta name=\"twitter:data1\" content=\"moacir\" \/>\n\t<meta name=\"twitter:label2\" content=\"Est. tempo de leitura\" \/>\n\t<meta name=\"twitter:data2\" content=\"2 minutos\" \/>\n<script type=\"application\/ld+json\" class=\"yoast-schema-graph\">{\"@context\":\"https:\/\/schema.org\",\"@graph\":[{\"@type\":\"WebSite\",\"@id\":\"https:\/\/franciscanos.org.br\/noticias\/#website\",\"url\":\"https:\/\/franciscanos.org.br\/noticias\/\",\"name\":\"Not\u00edcias - Franciscanos\",\"description\":\"Prov\u00edncia Franciscana da Imaculada Concei\u00e7\u00e3o do Brasil - Ordem dos Frades Menores - OFM\",\"potentialAction\":[{\"@type\":\"SearchAction\",\"target\":{\"@type\":\"EntryPoint\",\"urlTemplate\":\"https:\/\/franciscanos.org.br\/noticias\/?s={search_term_string}\"},\"query-input\":\"required name=search_term_string\"}],\"inLanguage\":\"pt-BR\"},{\"@type\":\"ImageObject\",\"inLanguage\":\"pt-BR\",\"@id\":\"https:\/\/franciscanos.org.br\/noticias\/nao-temos-medo-de-ir-ao-encontro-dos-excluidos-diz-novo-arcebispo-de-manaus.html#primaryimage\",\"url\":\"https:\/\/franciscanos.org.br\/noticias\/wp-content\/uploads\/2020\/02\/leonardo_01d.jpg\",\"contentUrl\":\"https:\/\/franciscanos.org.br\/noticias\/wp-content\/uploads\/2020\/02\/leonardo_01d.jpg\",\"width\":273,\"height\":181},{\"@type\":\"WebPage\",\"@id\":\"https:\/\/franciscanos.org.br\/noticias\/nao-temos-medo-de-ir-ao-encontro-dos-excluidos-diz-novo-arcebispo-de-manaus.html#webpage\",\"url\":\"https:\/\/franciscanos.org.br\/noticias\/nao-temos-medo-de-ir-ao-encontro-dos-excluidos-diz-novo-arcebispo-de-manaus.html\",\"name\":\"\\\"N\u00e3o temos medo de ir ao encontro dos exclu\u00eddos\\\", diz novo Arcebispo de Manaus - Not\u00edcias - Franciscanos\",\"isPartOf\":{\"@id\":\"https:\/\/franciscanos.org.br\/noticias\/#website\"},\"primaryImageOfPage\":{\"@id\":\"https:\/\/franciscanos.org.br\/noticias\/nao-temos-medo-de-ir-ao-encontro-dos-excluidos-diz-novo-arcebispo-de-manaus.html#primaryimage\"},\"datePublished\":\"2020-02-01T12:11:42+00:00\",\"dateModified\":\"2020-02-01T12:11:42+00:00\",\"author\":{\"@id\":\"https:\/\/franciscanos.org.br\/noticias\/#\/schema\/person\/b5c8cba458c330ccff548b056e95a5d4\"},\"breadcrumb\":{\"@id\":\"https:\/\/franciscanos.org.br\/noticias\/nao-temos-medo-de-ir-ao-encontro-dos-excluidos-diz-novo-arcebispo-de-manaus.html#breadcrumb\"},\"inLanguage\":\"pt-BR\",\"potentialAction\":[{\"@type\":\"ReadAction\",\"target\":[\"https:\/\/franciscanos.org.br\/noticias\/nao-temos-medo-de-ir-ao-encontro-dos-excluidos-diz-novo-arcebispo-de-manaus.html\"]}]},{\"@type\":\"BreadcrumbList\",\"@id\":\"https:\/\/franciscanos.org.br\/noticias\/nao-temos-medo-de-ir-ao-encontro-dos-excluidos-diz-novo-arcebispo-de-manaus.html#breadcrumb\",\"itemListElement\":[{\"@type\":\"ListItem\",\"position\":1,\"name\":\"Home\",\"item\":\"https:\/\/franciscanos.org.br\/noticias\"},{\"@type\":\"ListItem\",\"position\":2,\"name\":\"&#8220;N\u00e3o temos medo de ir ao encontro dos exclu\u00eddos&#8221;, diz novo Arcebispo de Manaus\"}]},{\"@type\":\"Person\",\"@id\":\"https:\/\/franciscanos.org.br\/noticias\/#\/schema\/person\/b5c8cba458c330ccff548b056e95a5d4\",\"name\":\"moacir\",\"image\":{\"@type\":\"ImageObject\",\"inLanguage\":\"pt-BR\",\"@id\":\"https:\/\/franciscanos.org.br\/noticias\/#\/schema\/person\/image\/\",\"url\":\"https:\/\/secure.gravatar.com\/avatar\/d08aa2ce4c8dd416d4479aa8536fcf64?s=96&d=mm&r=g\",\"contentUrl\":\"https:\/\/secure.gravatar.com\/avatar\/d08aa2ce4c8dd416d4479aa8536fcf64?s=96&d=mm&r=g\",\"caption\":\"moacir\"},\"url\":\"https:\/\/franciscanos.org.br\/noticias\/author\/moacir\"}]}<\/script>\n<!-- \/ Yoast SEO plugin. -->","yoast_head_json":{"title":"\"N\u00e3o temos medo de ir ao encontro dos exclu\u00eddos\", diz novo Arcebispo de Manaus - Not\u00edcias - Franciscanos","robots":{"index":"index","follow":"follow","max-snippet":"max-snippet:-1","max-image-preview":"max-image-preview:large","max-video-preview":"max-video-preview:-1"},"canonical":"https:\/\/franciscanos.org.br\/noticias\/nao-temos-medo-de-ir-ao-encontro-dos-excluidos-diz-novo-arcebispo-de-manaus.html","og_locale":"pt_BR","og_type":"article","og_title":"\"N\u00e3o temos medo de ir ao encontro dos exclu\u00eddos\", diz novo Arcebispo de Manaus - Not\u00edcias - Franciscanos","og_description":"Missa de posse do novo Arcebispo de Manaus, Dom Leonardo Steiner","og_url":"https:\/\/franciscanos.org.br\/noticias\/nao-temos-medo-de-ir-ao-encontro-dos-excluidos-diz-novo-arcebispo-de-manaus.html","og_site_name":"Not\u00edcias - Franciscanos","article_published_time":"2020-02-01T12:11:42+00:00","og_image":[{"width":273,"height":181,"url":"https:\/\/franciscanos.org.br\/noticias\/wp-content\/uploads\/2020\/02\/leonardo_01d.jpg","type":"image\/jpeg"}],"author":"moacir","twitter_card":"summary_large_image","twitter_misc":{"Escrito por":"moacir","Est. tempo de leitura":"2 minutos"},"schema":{"@context":"https:\/\/schema.org","@graph":[{"@type":"WebSite","@id":"https:\/\/franciscanos.org.br\/noticias\/#website","url":"https:\/\/franciscanos.org.br\/noticias\/","name":"Not\u00edcias - Franciscanos","description":"Prov\u00edncia Franciscana da Imaculada Concei\u00e7\u00e3o do Brasil - Ordem dos Frades Menores - OFM","potentialAction":[{"@type":"SearchAction","target":{"@type":"EntryPoint","urlTemplate":"https:\/\/franciscanos.org.br\/noticias\/?s={search_term_string}"},"query-input":"required name=search_term_string"}],"inLanguage":"pt-BR"},{"@type":"ImageObject","inLanguage":"pt-BR","@id":"https:\/\/franciscanos.org.br\/noticias\/nao-temos-medo-de-ir-ao-encontro-dos-excluidos-diz-novo-arcebispo-de-manaus.html#primaryimage","url":"https:\/\/franciscanos.org.br\/noticias\/wp-content\/uploads\/2020\/02\/leonardo_01d.jpg","contentUrl":"https:\/\/franciscanos.org.br\/noticias\/wp-content\/uploads\/2020\/02\/leonardo_01d.jpg","width":273,"height":181},{"@type":"WebPage","@id":"https:\/\/franciscanos.org.br\/noticias\/nao-temos-medo-de-ir-ao-encontro-dos-excluidos-diz-novo-arcebispo-de-manaus.html#webpage","url":"https:\/\/franciscanos.org.br\/noticias\/nao-temos-medo-de-ir-ao-encontro-dos-excluidos-diz-novo-arcebispo-de-manaus.html","name":"\"N\u00e3o temos medo de ir ao encontro dos exclu\u00eddos\", diz novo Arcebispo de Manaus - Not\u00edcias - Franciscanos","isPartOf":{"@id":"https:\/\/franciscanos.org.br\/noticias\/#website"},"primaryImageOfPage":{"@id":"https:\/\/franciscanos.org.br\/noticias\/nao-temos-medo-de-ir-ao-encontro-dos-excluidos-diz-novo-arcebispo-de-manaus.html#primaryimage"},"datePublished":"2020-02-01T12:11:42+00:00","dateModified":"2020-02-01T12:11:42+00:00","author":{"@id":"https:\/\/franciscanos.org.br\/noticias\/#\/schema\/person\/b5c8cba458c330ccff548b056e95a5d4"},"breadcrumb":{"@id":"https:\/\/franciscanos.org.br\/noticias\/nao-temos-medo-de-ir-ao-encontro-dos-excluidos-diz-novo-arcebispo-de-manaus.html#breadcrumb"},"inLanguage":"pt-BR","potentialAction":[{"@type":"ReadAction","target":["https:\/\/franciscanos.org.br\/noticias\/nao-temos-medo-de-ir-ao-encontro-dos-excluidos-diz-novo-arcebispo-de-manaus.html"]}]},{"@type":"BreadcrumbList","@id":"https:\/\/franciscanos.org.br\/noticias\/nao-temos-medo-de-ir-ao-encontro-dos-excluidos-diz-novo-arcebispo-de-manaus.html#breadcrumb","itemListElement":[{"@type":"ListItem","position":1,"name":"Home","item":"https:\/\/franciscanos.org.br\/noticias"},{"@type":"ListItem","position":2,"name":"&#8220;N\u00e3o temos medo de ir ao encontro dos exclu\u00eddos&#8221;, diz novo Arcebispo de Manaus"}]},{"@type":"Person","@id":"https:\/\/franciscanos.org.br\/noticias\/#\/schema\/person\/b5c8cba458c330ccff548b056e95a5d4","name":"moacir","image":{"@type":"ImageObject","inLanguage":"pt-BR","@id":"https:\/\/franciscanos.org.br\/noticias\/#\/schema\/person\/image\/","url":"https:\/\/secure.gravatar.com\/avatar\/d08aa2ce4c8dd416d4479aa8536fcf64?s=96&d=mm&r=g","contentUrl":"https:\/\/secure.gravatar.com\/avatar\/d08aa2ce4c8dd416d4479aa8536fcf64?s=96&d=mm&r=g","caption":"moacir"},"url":"https:\/\/franciscanos.org.br\/noticias\/author\/moacir"}]}},"_links":{"self":[{"href":"https:\/\/franciscanos.org.br\/noticias\/wp-json\/wp\/v2\/posts\/218105"}],"collection":[{"href":"https:\/\/franciscanos.org.br\/noticias\/wp-json\/wp\/v2\/posts"}],"about":[{"href":"https:\/\/franciscanos.org.br\/noticias\/wp-json\/wp\/v2\/types\/post"}],"author":[{"embeddable":true,"href":"https:\/\/franciscanos.org.br\/noticias\/wp-json\/wp\/v2\/users\/3"}],"replies":[{"embeddable":true,"href":"https:\/\/franciscanos.org.br\/noticias\/wp-json\/wp\/v2\/comments?post=218105"}],"version-history":[{"count":0,"href":"https:\/\/franciscanos.org.br\/noticias\/wp-json\/wp\/v2\/posts\/218105\/revisions"}],"wp:featuredmedia":[{"embeddable":true,"href":"https:\/\/franciscanos.org.br\/noticias\/wp-json\/wp\/v2\/media\/218107"}],"wp:attachment":[{"href":"https:\/\/franciscanos.org.br\/noticias\/wp-json\/wp\/v2\/media?parent=218105"}],"wp:term":[{"taxonomy":"category","embeddable":true,"href":"https:\/\/franciscanos.org.br\/noticias\/wp-json\/wp\/v2\/categories?post=218105"},{"taxonomy":"post_tag","embeddable":true,"href":"https:\/\/franciscanos.org.br\/noticias\/wp-json\/wp\/v2\/tags?post=218105"}],"curies":[{"name":"wp","href":"https:\/\/api.w.org\/{rel}","templated":true}]}}