{"id":217955,"date":"2020-01-31T16:25:23","date_gmt":"2020-01-31T19:25:23","guid":{"rendered":"https:\/\/franciscanos.org.br\/noticias\/?p=217955"},"modified":"2021-08-29T17:45:26","modified_gmt":"2021-08-29T20:45:26","slug":"a-velhice-nao-e-uma-doenca-mas-um-privilegio","status":"publish","type":"post","link":"https:\/\/franciscanos.org.br\/noticias\/a-velhice-nao-e-uma-doenca-mas-um-privilegio.html","title":{"rendered":"&#8220;A velhice n\u00e3o \u00e9 uma doen\u00e7a, mas um privil\u00e9gio!&#8221;"},"content":{"rendered":"<div id=\"attachment_217956\" style=\"width: 900px\" class=\"wp-caption alignnone\"><img aria-describedby=\"caption-attachment-217956\" loading=\"lazy\" class=\"wp-image-217956 size-full\" src=\"https:\/\/franciscanos.org.br\/noticias\/wp-content\/uploads\/2020\/01\/papa_31.jpg\" alt=\"\" width=\"890\" height=\"501\" srcset=\"https:\/\/franciscanos.org.br\/noticias\/wp-content\/uploads\/2020\/01\/papa_31.jpg 890w, https:\/\/franciscanos.org.br\/noticias\/wp-content\/uploads\/2020\/01\/papa_31-450x253.jpg 450w, https:\/\/franciscanos.org.br\/noticias\/wp-content\/uploads\/2020\/01\/papa_31-768x432.jpg 768w, https:\/\/franciscanos.org.br\/noticias\/wp-content\/uploads\/2020\/01\/papa_31-150x84.jpg 150w\" sizes=\"(max-width: 890px) 100vw, 890px\" \/><p id=\"caption-attachment-217956\" class=\"wp-caption-text\">\u00a0 \u00a0 \u00a0 \u00a0 \u00a0 \u00a0 \u00a0 \u00a0 \u00a0 \u00a0 \u00a0 \u00a0 \u00a0 \u00a0 \u00a0 \u00a0 \u00a0 \u00a0 \u00a0 \u00a0 \u00a0 \u00a0 \u00a0 \u00a0 \u00a0 \u00a0 \u00a0 \u00a0 \u00a0 \u00a0 \u00a0 \u00a0 \u00a0 \u00a0 \u00a0 \u00a0 \u00a0 \u00a0 \u00a0 \u00a0 \u00a0 \u00a0 \u00a0 \u00a0 \u00a0 \u00a0 \u00a0 \u00a0 \u00a0 \u00a0 \u00a0 \u00a0 \u00a0 \u00a0 \u00a0 \u00a0 \u00a0 \u00a0 \u00a0 \u00a0<em> \u00a0 \u00a0 \u00a0 \u00a0 Imagem: Vatican Media<\/em><\/p><\/div>\n<p><strong>Cidade do Vaticano<\/strong> &#8211; O Papa Francisco recebeu na Sala Regia, no Vaticano, nesta sexta-feira (31\/01), os participantes do primeiro Congresso Internacional da Pastoral dos Idosos sobre o tema \u201cA riqueza dos anos\u201d. A confer\u00eancia, promovida pelo Dicast\u00e9rio para os Leigos, a Fam\u00edlia e a Vida, focalizou a aten\u00e7\u00e3o na Pastoral dos Idosos e iniciou uma reflex\u00e3o sobre a presen\u00e7a substancial de av\u00f3s nas par\u00f3quias e sociedades.<\/p>\n<p>\u201cA riqueza dos anos \u00e9 riqueza das pessoas, de cada pessoa que tem muitos anos de vida, experi\u00eancia e hist\u00f3ria. \u00c9 o tesouro precioso que toma forma no percurso da vida de cada homem e mulher, qualquer que seja a sua origem, sua proveni\u00eancia, suas condi\u00e7\u00f5es econ\u00f4micas ou sociais. A vida \u00e9 um dom, e quando \u00e9 longa \u00e9 um privil\u00e9gio, para si e para os outros\u201d, disse o Papa em seu discurso.<\/p>\n<p>&#8220;No s\u00e9culo XXI, a velhice tornou-se um dos tra\u00e7os marcantes da humanidade. Em poucas d\u00e9cadas, a pir\u00e2mide demogr\u00e1fica, que se referia a um grande n\u00famero de crian\u00e7as e jovens e tinha no \u00e1pice poucos idosos, foi invertida. Se tempos atr\u00e1s os idosos povoavam um pequeno estado, hoje enchem um continente inteiro. Nesse sentido, a grande presen\u00e7a de idosos \u00e9 uma novidade para o ambiente social e geogr\u00e1fico do mundo.\u201d<\/p>\n<p>&#8220;Al\u00e9m disso, a velhice hoje corresponde a esta\u00e7\u00f5es diferentes da vida: para alguns \u00e9 a idade em que cessa o compromisso de produzir, as for\u00e7as declinam e aparecem os sinais de doen\u00e7a, da necessidade de ajuda e o isolamento social, para outros \u00e9 o in\u00edcio de um longo per\u00edodo de bem-estar psicof\u00edsico e liberdade das obriga\u00e7\u00f5es de trabalho&#8221;, disse.<\/p>\n<p>\u201cNas duas situa\u00e7\u00f5es, como viver esses anos? Que sentido dar a essa fase da vida, que para muitos pode ser longa?\u201d, perguntou Francisco.<\/p>\n<p>\u201cA desorienta\u00e7\u00e3o social, a indiferen\u00e7a e a rejei\u00e7\u00e3o que as nossas sociedades t\u00eam pelos idosos, chamam n\u00e3o apenas a Igreja, mas todos a uma reflex\u00e3o s\u00e9ria a fim de aprender a acolher e apreciar o valor da velhice\u201d, observou<\/p>\n<p>&#8220;Se de um lado os Estados enfrentam a nova situa\u00e7\u00e3o demogr\u00e1fica no plano econ\u00f4mico, de outro, a sociedade civil precisa de valores e significados para a terceira e a quarta idade. Aqui, a comunidade eclesial pode dar a sua contribui\u00e7\u00e3o&#8221;, continuou.<\/p>\n<p>Francisco pediu para que esse congresso \u201cn\u00e3o se torne uma iniciativa isolada, mas que seja o in\u00edcio de um caminho de aprofundamento pastoral e de discernimento. Devemos mudar os nossos h\u00e1bitos pastorais a fim de responder \u00e0 presen\u00e7a de muitas pessoas idosas nas fam\u00edlias e comunidades\u201d.<\/p>\n<p><strong>A longevidade \u00e9 uma b\u00ean\u00e7\u00e3o<\/strong><br \/>\nA seguir, o Papa disse que a \u201clongevidade na B\u00edblia \u00e9 uma b\u00ean\u00e7\u00e3o\u201d que nos ajuda \u201ca confrontar-nos com a nossa fragilidade, com a depend\u00eancia rec\u00edproca, com os nossos la\u00e7\u00f5es familiares e comunit\u00e1rios, mas sobretudo com a nossa filia\u00e7\u00e3o divina. Concedendo a velhice, Deus doa tempo para aprofundar o nosso conhecimento sobre Ele, a intimidade com Ele a fim de entrar sempre mais em seu cora\u00e7\u00e3o e abandonar-se a Ele\u201d. Ao mesmo tempo, a velhice \u201c\u00e9 um tempo de fecundidade renovada. O plano de salva\u00e7\u00e3o de Deus tamb\u00e9m se realiza na pobreza dos corpos fr\u00e1geis, est\u00e9reis e sem for\u00e7a. Do ventre est\u00e9ril de Sara e do corpo centen\u00e1rio de Abra\u00e3o nasceu o Povo eleito. De Isabel e do velho Zacarias nasceu Jo\u00e3o Batista. O idoso, mesmo quando \u00e9 fraco, pode ser um instrumento da hist\u00f3ria da salva\u00e7\u00e3o\u201d.<\/p>\n<p>Consciente desse papel insubstitu\u00edvel das pessoas idosas, \u201ca Igreja torna-se o lugar em que as gera\u00e7\u00f5es s\u00e3o chamadas a partilhar o projeto de amor de Deus, numa rela\u00e7\u00e3o de troca rec\u00edproca dos dons do Esp\u00edrito Santo. Essa partilha entre gera\u00e7\u00f5es nos obriga a mudar o nosso olhar em rela\u00e7\u00e3o aos idosos a fim de aprender a olhar o futuro junto com eles\u201d.<\/p>\n<p><strong>Os idosos s\u00e3o o hoje e o amanh\u00e3 da Igreja<\/strong><br \/>\n\u201cOs idosos s\u00e3o o hoje e o amanh\u00e3 da Igreja. Sim, eles s\u00e3o tamb\u00e9m o futuro de uma Igreja que, junto com os jovens, profetiza e sonha. Por isso, \u00e9 importante que idosos e jovens conversem entre si. \u00c9 muito importante\u201d.<\/p>\n<p>Segundo o Papa, \u201ca profecia dos idosos se realiza quando a luz do Evangelho entre plenamente em suas vidas, quando, como Sime\u00e3o e Ana, pegam Jesus nos bra\u00e7os e anunciam a \u2018revolu\u00e7\u00e3o da ternura\u2019, a Boa Nova Daquele que trouxe ao mundo a luz do Pai.\u201d<\/p>\n<p><strong>A velhice n\u00e3o \u00e9 uma doen\u00e7a, mas um privil\u00e9gio<\/strong><br \/>\nFrancisco convidou todos a ir \u201cao encontro dos idosos com o sorriso no rosto e o Evangelho nas m\u00e3os\u201d. A sair pelas ruas das par\u00f3quias, procurando os idosos que vivem sozinhos. &#8220;A velhice n\u00e3o \u00e9 uma doen\u00e7a, mas um privil\u00e9gio! A solid\u00e3o pode ser uma doen\u00e7a que pode ser curada com a caridade, a proximidade e o conforto espiritual\u201d.<\/p>\n<p>\u201cDeus tem um povo numeroso de av\u00f3s em todas as partes do mundo. Hoje, nas sociedades secularizadas de muitos pa\u00edses, as gera\u00e7\u00f5es atuais de pais n\u00e3o t\u00eam, na sua maioria, a forma\u00e7\u00e3o crist\u00e3 e a f\u00e9 viva que os av\u00f3s podem transmitir aos seus netos. Eles s\u00e3o o elo indispens\u00e1vel na educa\u00e7\u00e3o das crian\u00e7as e dos jovens na f\u00e9.\u201d<\/p>\n<p>&#8220;Devemos nos acostumar a inclu\u00ed-los em nossos horizontes pastorais e a consider\u00e1-los como uma das componentes vitais de nossas comunidades. Eles n\u00e3o s\u00e3o apenas pessoas que somos chamados a ajudar e a proteger, mas podem ser protagonistas de uma pastoral evangelizadora, testemunhas privilegiadas do amor fiel de Deus\u201d, concluiu o Papa.<\/p>\n<hr \/>\n<p><em>Fonte: Vatican News<\/em><\/p>\n","protected":false},"excerpt":{"rendered":"<p>Audi\u00eancia com o Papa Francisco<\/p>\n","protected":false},"author":3,"featured_media":217957,"comment_status":"open","ping_status":"open","sticky":false,"template":"","format":"standard","meta":[],"categories":[1428],"tags":[55],"acf":[],"yoast_head":"<!-- This site is optimized with the Yoast SEO plugin v19.2 - https:\/\/yoast.com\/wordpress\/plugins\/seo\/ -->\n<title>&quot;A velhice n\u00e3o \u00e9 uma doen\u00e7a, mas um privil\u00e9gio!&quot; - Not\u00edcias - Franciscanos<\/title>\n<meta name=\"robots\" content=\"index, follow, max-snippet:-1, max-image-preview:large, max-video-preview:-1\" \/>\n<link rel=\"canonical\" href=\"https:\/\/franciscanos.org.br\/noticias\/a-velhice-nao-e-uma-doenca-mas-um-privilegio.html\" \/>\n<meta property=\"og:locale\" content=\"pt_BR\" \/>\n<meta property=\"og:type\" content=\"article\" \/>\n<meta property=\"og:title\" content=\"&quot;A velhice n\u00e3o \u00e9 uma doen\u00e7a, mas um privil\u00e9gio!&quot; - Not\u00edcias - Franciscanos\" \/>\n<meta property=\"og:description\" content=\"Audi\u00eancia com o Papa Francisco\" \/>\n<meta property=\"og:url\" content=\"https:\/\/franciscanos.org.br\/noticias\/a-velhice-nao-e-uma-doenca-mas-um-privilegio.html\" \/>\n<meta property=\"og:site_name\" content=\"Not\u00edcias - Franciscanos\" \/>\n<meta property=\"article:published_time\" content=\"2020-01-31T19:25:23+00:00\" \/>\n<meta property=\"article:modified_time\" content=\"2021-08-29T20:45:26+00:00\" \/>\n<meta property=\"og:image\" content=\"https:\/\/franciscanos.org.br\/noticias\/wp-content\/uploads\/2020\/01\/papa_31d.jpg\" \/>\n\t<meta property=\"og:image:width\" content=\"273\" \/>\n\t<meta property=\"og:image:height\" content=\"181\" \/>\n\t<meta property=\"og:image:type\" content=\"image\/jpeg\" \/>\n<meta name=\"author\" content=\"moacir\" \/>\n<meta name=\"twitter:card\" content=\"summary_large_image\" \/>\n<meta name=\"twitter:label1\" content=\"Escrito por\" \/>\n\t<meta name=\"twitter:data1\" content=\"moacir\" \/>\n\t<meta name=\"twitter:label2\" content=\"Est. tempo de leitura\" \/>\n\t<meta name=\"twitter:data2\" content=\"5 minutos\" \/>\n<script type=\"application\/ld+json\" class=\"yoast-schema-graph\">{\"@context\":\"https:\/\/schema.org\",\"@graph\":[{\"@type\":\"WebSite\",\"@id\":\"https:\/\/franciscanos.org.br\/noticias\/#website\",\"url\":\"https:\/\/franciscanos.org.br\/noticias\/\",\"name\":\"Not\u00edcias - Franciscanos\",\"description\":\"Prov\u00edncia Franciscana da Imaculada Concei\u00e7\u00e3o do Brasil - Ordem dos Frades Menores - OFM\",\"potentialAction\":[{\"@type\":\"SearchAction\",\"target\":{\"@type\":\"EntryPoint\",\"urlTemplate\":\"https:\/\/franciscanos.org.br\/noticias\/?s={search_term_string}\"},\"query-input\":\"required name=search_term_string\"}],\"inLanguage\":\"pt-BR\"},{\"@type\":\"ImageObject\",\"inLanguage\":\"pt-BR\",\"@id\":\"https:\/\/franciscanos.org.br\/noticias\/a-velhice-nao-e-uma-doenca-mas-um-privilegio.html#primaryimage\",\"url\":\"https:\/\/franciscanos.org.br\/noticias\/wp-content\/uploads\/2020\/01\/papa_31d.jpg\",\"contentUrl\":\"https:\/\/franciscanos.org.br\/noticias\/wp-content\/uploads\/2020\/01\/papa_31d.jpg\",\"width\":273,\"height\":181},{\"@type\":\"WebPage\",\"@id\":\"https:\/\/franciscanos.org.br\/noticias\/a-velhice-nao-e-uma-doenca-mas-um-privilegio.html#webpage\",\"url\":\"https:\/\/franciscanos.org.br\/noticias\/a-velhice-nao-e-uma-doenca-mas-um-privilegio.html\",\"name\":\"\\\"A velhice n\u00e3o \u00e9 uma doen\u00e7a, mas um privil\u00e9gio!\\\" - Not\u00edcias - Franciscanos\",\"isPartOf\":{\"@id\":\"https:\/\/franciscanos.org.br\/noticias\/#website\"},\"primaryImageOfPage\":{\"@id\":\"https:\/\/franciscanos.org.br\/noticias\/a-velhice-nao-e-uma-doenca-mas-um-privilegio.html#primaryimage\"},\"datePublished\":\"2020-01-31T19:25:23+00:00\",\"dateModified\":\"2021-08-29T20:45:26+00:00\",\"author\":{\"@id\":\"https:\/\/franciscanos.org.br\/noticias\/#\/schema\/person\/b5c8cba458c330ccff548b056e95a5d4\"},\"breadcrumb\":{\"@id\":\"https:\/\/franciscanos.org.br\/noticias\/a-velhice-nao-e-uma-doenca-mas-um-privilegio.html#breadcrumb\"},\"inLanguage\":\"pt-BR\",\"potentialAction\":[{\"@type\":\"ReadAction\",\"target\":[\"https:\/\/franciscanos.org.br\/noticias\/a-velhice-nao-e-uma-doenca-mas-um-privilegio.html\"]}]},{\"@type\":\"BreadcrumbList\",\"@id\":\"https:\/\/franciscanos.org.br\/noticias\/a-velhice-nao-e-uma-doenca-mas-um-privilegio.html#breadcrumb\",\"itemListElement\":[{\"@type\":\"ListItem\",\"position\":1,\"name\":\"Home\",\"item\":\"https:\/\/franciscanos.org.br\/noticias\"},{\"@type\":\"ListItem\",\"position\":2,\"name\":\"&#8220;A velhice n\u00e3o \u00e9 uma doen\u00e7a, mas um privil\u00e9gio!&#8221;\"}]},{\"@type\":\"Person\",\"@id\":\"https:\/\/franciscanos.org.br\/noticias\/#\/schema\/person\/b5c8cba458c330ccff548b056e95a5d4\",\"name\":\"moacir\",\"image\":{\"@type\":\"ImageObject\",\"inLanguage\":\"pt-BR\",\"@id\":\"https:\/\/franciscanos.org.br\/noticias\/#\/schema\/person\/image\/\",\"url\":\"https:\/\/secure.gravatar.com\/avatar\/d08aa2ce4c8dd416d4479aa8536fcf64?s=96&d=mm&r=g\",\"contentUrl\":\"https:\/\/secure.gravatar.com\/avatar\/d08aa2ce4c8dd416d4479aa8536fcf64?s=96&d=mm&r=g\",\"caption\":\"moacir\"},\"url\":\"https:\/\/franciscanos.org.br\/noticias\/author\/moacir\"}]}<\/script>\n<!-- \/ Yoast SEO plugin. -->","yoast_head_json":{"title":"\"A velhice n\u00e3o \u00e9 uma doen\u00e7a, mas um privil\u00e9gio!\" - Not\u00edcias - Franciscanos","robots":{"index":"index","follow":"follow","max-snippet":"max-snippet:-1","max-image-preview":"max-image-preview:large","max-video-preview":"max-video-preview:-1"},"canonical":"https:\/\/franciscanos.org.br\/noticias\/a-velhice-nao-e-uma-doenca-mas-um-privilegio.html","og_locale":"pt_BR","og_type":"article","og_title":"\"A velhice n\u00e3o \u00e9 uma doen\u00e7a, mas um privil\u00e9gio!\" - Not\u00edcias - Franciscanos","og_description":"Audi\u00eancia com o Papa Francisco","og_url":"https:\/\/franciscanos.org.br\/noticias\/a-velhice-nao-e-uma-doenca-mas-um-privilegio.html","og_site_name":"Not\u00edcias - Franciscanos","article_published_time":"2020-01-31T19:25:23+00:00","article_modified_time":"2021-08-29T20:45:26+00:00","og_image":[{"width":273,"height":181,"url":"https:\/\/franciscanos.org.br\/noticias\/wp-content\/uploads\/2020\/01\/papa_31d.jpg","type":"image\/jpeg"}],"author":"moacir","twitter_card":"summary_large_image","twitter_misc":{"Escrito por":"moacir","Est. tempo de leitura":"5 minutos"},"schema":{"@context":"https:\/\/schema.org","@graph":[{"@type":"WebSite","@id":"https:\/\/franciscanos.org.br\/noticias\/#website","url":"https:\/\/franciscanos.org.br\/noticias\/","name":"Not\u00edcias - Franciscanos","description":"Prov\u00edncia Franciscana da Imaculada Concei\u00e7\u00e3o do Brasil - Ordem dos Frades Menores - OFM","potentialAction":[{"@type":"SearchAction","target":{"@type":"EntryPoint","urlTemplate":"https:\/\/franciscanos.org.br\/noticias\/?s={search_term_string}"},"query-input":"required name=search_term_string"}],"inLanguage":"pt-BR"},{"@type":"ImageObject","inLanguage":"pt-BR","@id":"https:\/\/franciscanos.org.br\/noticias\/a-velhice-nao-e-uma-doenca-mas-um-privilegio.html#primaryimage","url":"https:\/\/franciscanos.org.br\/noticias\/wp-content\/uploads\/2020\/01\/papa_31d.jpg","contentUrl":"https:\/\/franciscanos.org.br\/noticias\/wp-content\/uploads\/2020\/01\/papa_31d.jpg","width":273,"height":181},{"@type":"WebPage","@id":"https:\/\/franciscanos.org.br\/noticias\/a-velhice-nao-e-uma-doenca-mas-um-privilegio.html#webpage","url":"https:\/\/franciscanos.org.br\/noticias\/a-velhice-nao-e-uma-doenca-mas-um-privilegio.html","name":"\"A velhice n\u00e3o \u00e9 uma doen\u00e7a, mas um privil\u00e9gio!\" - Not\u00edcias - Franciscanos","isPartOf":{"@id":"https:\/\/franciscanos.org.br\/noticias\/#website"},"primaryImageOfPage":{"@id":"https:\/\/franciscanos.org.br\/noticias\/a-velhice-nao-e-uma-doenca-mas-um-privilegio.html#primaryimage"},"datePublished":"2020-01-31T19:25:23+00:00","dateModified":"2021-08-29T20:45:26+00:00","author":{"@id":"https:\/\/franciscanos.org.br\/noticias\/#\/schema\/person\/b5c8cba458c330ccff548b056e95a5d4"},"breadcrumb":{"@id":"https:\/\/franciscanos.org.br\/noticias\/a-velhice-nao-e-uma-doenca-mas-um-privilegio.html#breadcrumb"},"inLanguage":"pt-BR","potentialAction":[{"@type":"ReadAction","target":["https:\/\/franciscanos.org.br\/noticias\/a-velhice-nao-e-uma-doenca-mas-um-privilegio.html"]}]},{"@type":"BreadcrumbList","@id":"https:\/\/franciscanos.org.br\/noticias\/a-velhice-nao-e-uma-doenca-mas-um-privilegio.html#breadcrumb","itemListElement":[{"@type":"ListItem","position":1,"name":"Home","item":"https:\/\/franciscanos.org.br\/noticias"},{"@type":"ListItem","position":2,"name":"&#8220;A velhice n\u00e3o \u00e9 uma doen\u00e7a, mas um privil\u00e9gio!&#8221;"}]},{"@type":"Person","@id":"https:\/\/franciscanos.org.br\/noticias\/#\/schema\/person\/b5c8cba458c330ccff548b056e95a5d4","name":"moacir","image":{"@type":"ImageObject","inLanguage":"pt-BR","@id":"https:\/\/franciscanos.org.br\/noticias\/#\/schema\/person\/image\/","url":"https:\/\/secure.gravatar.com\/avatar\/d08aa2ce4c8dd416d4479aa8536fcf64?s=96&d=mm&r=g","contentUrl":"https:\/\/secure.gravatar.com\/avatar\/d08aa2ce4c8dd416d4479aa8536fcf64?s=96&d=mm&r=g","caption":"moacir"},"url":"https:\/\/franciscanos.org.br\/noticias\/author\/moacir"}]}},"_links":{"self":[{"href":"https:\/\/franciscanos.org.br\/noticias\/wp-json\/wp\/v2\/posts\/217955"}],"collection":[{"href":"https:\/\/franciscanos.org.br\/noticias\/wp-json\/wp\/v2\/posts"}],"about":[{"href":"https:\/\/franciscanos.org.br\/noticias\/wp-json\/wp\/v2\/types\/post"}],"author":[{"embeddable":true,"href":"https:\/\/franciscanos.org.br\/noticias\/wp-json\/wp\/v2\/users\/3"}],"replies":[{"embeddable":true,"href":"https:\/\/franciscanos.org.br\/noticias\/wp-json\/wp\/v2\/comments?post=217955"}],"version-history":[{"count":2,"href":"https:\/\/franciscanos.org.br\/noticias\/wp-json\/wp\/v2\/posts\/217955\/revisions"}],"predecessor-version":[{"id":234061,"href":"https:\/\/franciscanos.org.br\/noticias\/wp-json\/wp\/v2\/posts\/217955\/revisions\/234061"}],"wp:featuredmedia":[{"embeddable":true,"href":"https:\/\/franciscanos.org.br\/noticias\/wp-json\/wp\/v2\/media\/217957"}],"wp:attachment":[{"href":"https:\/\/franciscanos.org.br\/noticias\/wp-json\/wp\/v2\/media?parent=217955"}],"wp:term":[{"taxonomy":"category","embeddable":true,"href":"https:\/\/franciscanos.org.br\/noticias\/wp-json\/wp\/v2\/categories?post=217955"},{"taxonomy":"post_tag","embeddable":true,"href":"https:\/\/franciscanos.org.br\/noticias\/wp-json\/wp\/v2\/tags?post=217955"}],"curies":[{"name":"wp","href":"https:\/\/api.w.org\/{rel}","templated":true}]}}