{"id":217495,"date":"2020-01-31T08:45:25","date_gmt":"2020-01-31T11:45:25","guid":{"rendered":"https:\/\/franciscanos.org.br\/noticias\/?p=217495"},"modified":"2021-08-29T17:46:06","modified_gmt":"2021-08-29T20:46:06","slug":"a-mundanidade-um-lento-deslizar-no-pecado","status":"publish","type":"post","link":"https:\/\/franciscanos.org.br\/noticias\/a-mundanidade-um-lento-deslizar-no-pecado.html","title":{"rendered":"A mundanidade, um lento deslizar no pecado"},"content":{"rendered":"<div id=\"attachment_217496\" style=\"width: 900px\" class=\"wp-caption alignnone\"><img aria-describedby=\"caption-attachment-217496\" loading=\"lazy\" class=\"wp-image-217496 size-full\" src=\"https:\/\/franciscanos.org.br\/noticias\/wp-content\/uploads\/2020\/01\/marta_310120g.jpg\" alt=\"\" width=\"890\" height=\"500\" srcset=\"https:\/\/franciscanos.org.br\/noticias\/wp-content\/uploads\/2020\/01\/marta_310120g.jpg 890w, https:\/\/franciscanos.org.br\/noticias\/wp-content\/uploads\/2020\/01\/marta_310120g-450x253.jpg 450w, https:\/\/franciscanos.org.br\/noticias\/wp-content\/uploads\/2020\/01\/marta_310120g-768x431.jpg 768w, https:\/\/franciscanos.org.br\/noticias\/wp-content\/uploads\/2020\/01\/marta_310120g-150x84.jpg 150w\" sizes=\"(max-width: 890px) 100vw, 890px\" \/><p id=\"caption-attachment-217496\" class=\"wp-caption-text\">\u00a0 \u00a0 \u00a0 \u00a0 \u00a0 \u00a0 \u00a0 \u00a0 \u00a0 \u00a0 \u00a0 \u00a0 \u00a0 \u00a0 \u00a0 \u00a0 \u00a0 \u00a0 \u00a0 \u00a0 \u00a0 \u00a0 \u00a0 \u00a0 \u00a0 \u00a0 \u00a0 \u00a0 \u00a0 \u00a0 \u00a0 \u00a0 \u00a0 \u00a0 \u00a0 \u00a0 \u00a0 \u00a0 \u00a0 \u00a0 \u00a0 \u00a0 \u00a0 \u00a0 \u00a0 \u00a0 \u00a0 \u00a0 \u00a0 \u00a0 \u00a0 \u00a0 \u00a0 \u00a0 \u00a0 \u00a0 \u00a0 \u00a0 \u00a0 \u00a0 \u00a0 \u00a0<em> Imagem: Vatican Media<\/em><\/p><\/div>\n<p><strong>Cidade do Vaticano<\/strong> &#8211;\u00a0Uma vida normal, tranquila, um cora\u00e7\u00e3o que n\u00e3o se move nem mesmo diante dos pecados mais graves, um mundanismo que rouba a capacidade de ver o mal sendo feito. O Papa Francisco, na homilia da Missa na Casa Santa Marta na manh\u00e3 de hoje (31\/01), rel\u00ea a passagem extra\u00edda do segundo livro de Samuel, focada na figura do rei Davi, o &#8220;santo rei Davi&#8221;, que caindo na vida c\u00f4moda, esquece ter sido eleito por Deus.<\/p>\n<p>Davi, como tantos homens de hoje, pessoas que parecem boas, \u201cque v\u00e3o \u00e0 Missa todos os domingos, que se dizem crist\u00e3s&#8221;, mas que perderam &#8220;a consci\u00eancia do pecado&#8221;: um dos males de nosso tempo, dizia Pio XII. Um tempo em que parece que tudo pode ser feito, uma &#8220;atmosfera espiritual&#8221; da qual se arrepender, quem sabe gra\u00e7as \u00e0 repreens\u00e3o de algu\u00e9m ou por \u201cuma sacudida&#8221; da vida.<\/p>\n<p>Francisco se concentra nos pecados de Davi: o censo do povo e a forma como faz Urias morrer, depois de ter engravidado sua esposa Betsabeia. Ele escolhe o assassinato porque seu plano para colocar as coisas no lugar depois do adult\u00e9rio, falha miseravelmente. \u201cDavi &#8211; afirma o Papa &#8211; continuou a sua vida normal. Tranquilo. O cora\u00e7\u00e3o n\u00e3o se moveu&#8221;: &#8220;Mas como o grande Davi, que \u00e9 santo, que havia feito tantas coisas boas, que era t\u00e3o unido a Deus, foi capaz de fazer isso? Isso n\u00e3o se faz da noite para o dia. O Grande Davi escorregou lentamente, lentamente. H\u00e1 pecados de um momento: o pecado da ira, um insulto, que eu n\u00e3o posso controlar. Mas h\u00e1 pecados nos quais se desliza lentamente, com o esp\u00edrito do mundanismo. \u00c9 o esp\u00edrito do mundo que te leva a fazer essas coisas, como se fossem normais, como cometer um assassinato&#8230;&#8221;<\/p>\n<p>Lentamente, \u00e9 um adv\u00e9rbio que o Papa repete muitas vezes em sua homilia. Explica o modo como pouco a pouco o pecado toma posse do homem, aproveitando de sua comodidade. \u201cSomos todos pecadores &#8211; prossegue Francisco &#8211; mas \u00e0s vezes cometemos pecados do momento. Fico com raiva, insulto. Depois me arrependo.&#8221;<\/p>\n<p>\u00c0s vezes, pelo contr\u00e1rio, &#8220;nos deixamos deslizar para um estado de vida em que&#8230; parece normal&#8221;. Normal, por exemplo, \u00e9 &#8220;n\u00e3o pagar a dom\u00e9stica como deve ser paga\u201d, ou aqueles que trabalham no campo e recebem metade do valor devido: &#8220;Mas s\u00e3o pessoas boas, parece, que fazem isso, que v\u00e3o \u00e0 Missa todo domingo, que se dizem crist\u00e3s. Mas por que fazes isso? E os outros pecados? Digo somente este&#8230; Porque deslizaste para um estado no qual perdeste a consci\u00eancia do pecado. E este \u00e9 um dos males do nosso tempo. Pio XII disse: perder a consci\u00eancia do pecado. &#8220;Mas, se pode fazer tudo &#8230;&#8221; e, no final, leva uma vida inteira para resolver um problema.<\/p>\n<p><strong>Ser sacudido pela vida<\/strong><\/p>\n<p>N\u00e3o s\u00e3o coisas antigas, explica o Papa, recordando um caso recente ocorrido na Argentina com alguns jovens jogadores de rugby que espancaram um companheiro at\u00e9 a morte depois de uma noitada. Jovens \u2013 afirma o Papa \u2013 que se tornaram &#8220;um bando de lobos&#8221;. Um fato que leva a questionar sobre a educa\u00e7\u00e3o dos jovens, sobre a sociedade.<\/p>\n<p>\u201cTantas vezes h\u00e1 necessidade de um tapa da vida\u201d para parar, para dar um basta naquele lento deslizar para o pecado. H\u00e1 necessidade de uma pessoa como o profeta Nat\u00e3, enviado por Deus a Davi, para faz\u00ea-lo ver seu erro:<\/p>\n<p>Pensemos um pouco: qual \u00e9 a atmosfera espiritual da minha vida? Estou atento, sempre tenho necessidade de algu\u00e9m para me dizer a verdade, ou n\u00e3o, acredito que n\u00e3o? Escuto a repreens\u00e3o de algum amigo, do confessor, do marido, da esposa, dos filhos, que me ajuda um pouco? Olhando para esta hist\u00f3ria de Davi &#8211; do Santo Rei Davi, perguntemo-nos: se um Santo foi capaz de cair assim, estejamos atentos, irm\u00e3os e irm\u00e3s, isso pode acontecer tamb\u00e9m conosco. E tamb\u00e9m nos perguntemos: eu, em que atmosfera vivo? Que o Senhor nos d\u00ea a gra\u00e7a de sempre nos enviar um profeta &#8211; pode ser o vizinho, o filho, a m\u00e3e, o pai &#8211; que nos sacuda quando estivermos deslizando para essa atmosfera onde parece que tudo seja l\u00edcito.<\/p>\n<hr \/>\n<p><em>Fonte: Vatican News<\/em><\/p>\n","protected":false},"excerpt":{"rendered":"<p>Papa em Santa Marta<\/p>\n","protected":false},"author":1,"featured_media":217497,"comment_status":"open","ping_status":"open","sticky":false,"template":"","format":"standard","meta":[],"categories":[1428],"tags":[829],"acf":[],"yoast_head":"<!-- This site is optimized with the Yoast SEO plugin v19.2 - https:\/\/yoast.com\/wordpress\/plugins\/seo\/ -->\n<title>A mundanidade, um lento deslizar no pecado - Not\u00edcias - Franciscanos<\/title>\n<meta name=\"robots\" content=\"index, follow, max-snippet:-1, max-image-preview:large, max-video-preview:-1\" \/>\n<link rel=\"canonical\" href=\"https:\/\/franciscanos.org.br\/noticias\/a-mundanidade-um-lento-deslizar-no-pecado.html\" \/>\n<meta property=\"og:locale\" content=\"pt_BR\" \/>\n<meta property=\"og:type\" content=\"article\" \/>\n<meta property=\"og:title\" content=\"A mundanidade, um lento deslizar no pecado - Not\u00edcias - Franciscanos\" \/>\n<meta property=\"og:description\" content=\"Papa em Santa Marta\" \/>\n<meta property=\"og:url\" content=\"https:\/\/franciscanos.org.br\/noticias\/a-mundanidade-um-lento-deslizar-no-pecado.html\" \/>\n<meta property=\"og:site_name\" content=\"Not\u00edcias - Franciscanos\" \/>\n<meta property=\"article:published_time\" content=\"2020-01-31T11:45:25+00:00\" \/>\n<meta property=\"article:modified_time\" content=\"2021-08-29T20:46:06+00:00\" \/>\n<meta property=\"og:image\" content=\"https:\/\/franciscanos.org.br\/noticias\/wp-content\/uploads\/2020\/01\/marta_310120.jpg\" \/>\n\t<meta property=\"og:image:width\" content=\"273\" \/>\n\t<meta property=\"og:image:height\" content=\"181\" \/>\n\t<meta property=\"og:image:type\" content=\"image\/jpeg\" \/>\n<meta name=\"author\" content=\"admin\" \/>\n<meta name=\"twitter:card\" content=\"summary_large_image\" \/>\n<meta name=\"twitter:label1\" content=\"Escrito por\" \/>\n\t<meta name=\"twitter:data1\" content=\"admin\" \/>\n\t<meta name=\"twitter:label2\" content=\"Est. tempo de leitura\" \/>\n\t<meta name=\"twitter:data2\" content=\"4 minutos\" \/>\n<script type=\"application\/ld+json\" class=\"yoast-schema-graph\">{\"@context\":\"https:\/\/schema.org\",\"@graph\":[{\"@type\":\"WebSite\",\"@id\":\"https:\/\/franciscanos.org.br\/noticias\/#website\",\"url\":\"https:\/\/franciscanos.org.br\/noticias\/\",\"name\":\"Not\u00edcias - Franciscanos\",\"description\":\"Prov\u00edncia Franciscana da Imaculada Concei\u00e7\u00e3o do Brasil - Ordem dos Frades Menores - OFM\",\"potentialAction\":[{\"@type\":\"SearchAction\",\"target\":{\"@type\":\"EntryPoint\",\"urlTemplate\":\"https:\/\/franciscanos.org.br\/noticias\/?s={search_term_string}\"},\"query-input\":\"required name=search_term_string\"}],\"inLanguage\":\"pt-BR\"},{\"@type\":\"ImageObject\",\"inLanguage\":\"pt-BR\",\"@id\":\"https:\/\/franciscanos.org.br\/noticias\/a-mundanidade-um-lento-deslizar-no-pecado.html#primaryimage\",\"url\":\"https:\/\/franciscanos.org.br\/noticias\/wp-content\/uploads\/2020\/01\/marta_310120.jpg\",\"contentUrl\":\"https:\/\/franciscanos.org.br\/noticias\/wp-content\/uploads\/2020\/01\/marta_310120.jpg\",\"width\":273,\"height\":181},{\"@type\":\"WebPage\",\"@id\":\"https:\/\/franciscanos.org.br\/noticias\/a-mundanidade-um-lento-deslizar-no-pecado.html#webpage\",\"url\":\"https:\/\/franciscanos.org.br\/noticias\/a-mundanidade-um-lento-deslizar-no-pecado.html\",\"name\":\"A mundanidade, um lento deslizar no pecado - Not\u00edcias - Franciscanos\",\"isPartOf\":{\"@id\":\"https:\/\/franciscanos.org.br\/noticias\/#website\"},\"primaryImageOfPage\":{\"@id\":\"https:\/\/franciscanos.org.br\/noticias\/a-mundanidade-um-lento-deslizar-no-pecado.html#primaryimage\"},\"datePublished\":\"2020-01-31T11:45:25+00:00\",\"dateModified\":\"2021-08-29T20:46:06+00:00\",\"author\":{\"@id\":\"https:\/\/franciscanos.org.br\/noticias\/#\/schema\/person\/b38fbf43118f02820bd932f2e4b14ad3\"},\"breadcrumb\":{\"@id\":\"https:\/\/franciscanos.org.br\/noticias\/a-mundanidade-um-lento-deslizar-no-pecado.html#breadcrumb\"},\"inLanguage\":\"pt-BR\",\"potentialAction\":[{\"@type\":\"ReadAction\",\"target\":[\"https:\/\/franciscanos.org.br\/noticias\/a-mundanidade-um-lento-deslizar-no-pecado.html\"]}]},{\"@type\":\"BreadcrumbList\",\"@id\":\"https:\/\/franciscanos.org.br\/noticias\/a-mundanidade-um-lento-deslizar-no-pecado.html#breadcrumb\",\"itemListElement\":[{\"@type\":\"ListItem\",\"position\":1,\"name\":\"Home\",\"item\":\"https:\/\/franciscanos.org.br\/noticias\"},{\"@type\":\"ListItem\",\"position\":2,\"name\":\"A mundanidade, um lento deslizar no pecado\"}]},{\"@type\":\"Person\",\"@id\":\"https:\/\/franciscanos.org.br\/noticias\/#\/schema\/person\/b38fbf43118f02820bd932f2e4b14ad3\",\"name\":\"admin\",\"image\":{\"@type\":\"ImageObject\",\"inLanguage\":\"pt-BR\",\"@id\":\"https:\/\/franciscanos.org.br\/noticias\/#\/schema\/person\/image\/\",\"url\":\"https:\/\/secure.gravatar.com\/avatar\/e8495742d34d0ba6448ea1c628263b3e?s=96&d=mm&r=g\",\"contentUrl\":\"https:\/\/secure.gravatar.com\/avatar\/e8495742d34d0ba6448ea1c628263b3e?s=96&d=mm&r=g\",\"caption\":\"admin\"},\"url\":\"https:\/\/franciscanos.org.br\/noticias\/author\/admin\"}]}<\/script>\n<!-- \/ Yoast SEO plugin. -->","yoast_head_json":{"title":"A mundanidade, um lento deslizar no pecado - Not\u00edcias - Franciscanos","robots":{"index":"index","follow":"follow","max-snippet":"max-snippet:-1","max-image-preview":"max-image-preview:large","max-video-preview":"max-video-preview:-1"},"canonical":"https:\/\/franciscanos.org.br\/noticias\/a-mundanidade-um-lento-deslizar-no-pecado.html","og_locale":"pt_BR","og_type":"article","og_title":"A mundanidade, um lento deslizar no pecado - Not\u00edcias - Franciscanos","og_description":"Papa em Santa Marta","og_url":"https:\/\/franciscanos.org.br\/noticias\/a-mundanidade-um-lento-deslizar-no-pecado.html","og_site_name":"Not\u00edcias - Franciscanos","article_published_time":"2020-01-31T11:45:25+00:00","article_modified_time":"2021-08-29T20:46:06+00:00","og_image":[{"width":273,"height":181,"url":"https:\/\/franciscanos.org.br\/noticias\/wp-content\/uploads\/2020\/01\/marta_310120.jpg","type":"image\/jpeg"}],"author":"admin","twitter_card":"summary_large_image","twitter_misc":{"Escrito por":"admin","Est. tempo de leitura":"4 minutos"},"schema":{"@context":"https:\/\/schema.org","@graph":[{"@type":"WebSite","@id":"https:\/\/franciscanos.org.br\/noticias\/#website","url":"https:\/\/franciscanos.org.br\/noticias\/","name":"Not\u00edcias - Franciscanos","description":"Prov\u00edncia Franciscana da Imaculada Concei\u00e7\u00e3o do Brasil - Ordem dos Frades Menores - OFM","potentialAction":[{"@type":"SearchAction","target":{"@type":"EntryPoint","urlTemplate":"https:\/\/franciscanos.org.br\/noticias\/?s={search_term_string}"},"query-input":"required name=search_term_string"}],"inLanguage":"pt-BR"},{"@type":"ImageObject","inLanguage":"pt-BR","@id":"https:\/\/franciscanos.org.br\/noticias\/a-mundanidade-um-lento-deslizar-no-pecado.html#primaryimage","url":"https:\/\/franciscanos.org.br\/noticias\/wp-content\/uploads\/2020\/01\/marta_310120.jpg","contentUrl":"https:\/\/franciscanos.org.br\/noticias\/wp-content\/uploads\/2020\/01\/marta_310120.jpg","width":273,"height":181},{"@type":"WebPage","@id":"https:\/\/franciscanos.org.br\/noticias\/a-mundanidade-um-lento-deslizar-no-pecado.html#webpage","url":"https:\/\/franciscanos.org.br\/noticias\/a-mundanidade-um-lento-deslizar-no-pecado.html","name":"A mundanidade, um lento deslizar no pecado - Not\u00edcias - Franciscanos","isPartOf":{"@id":"https:\/\/franciscanos.org.br\/noticias\/#website"},"primaryImageOfPage":{"@id":"https:\/\/franciscanos.org.br\/noticias\/a-mundanidade-um-lento-deslizar-no-pecado.html#primaryimage"},"datePublished":"2020-01-31T11:45:25+00:00","dateModified":"2021-08-29T20:46:06+00:00","author":{"@id":"https:\/\/franciscanos.org.br\/noticias\/#\/schema\/person\/b38fbf43118f02820bd932f2e4b14ad3"},"breadcrumb":{"@id":"https:\/\/franciscanos.org.br\/noticias\/a-mundanidade-um-lento-deslizar-no-pecado.html#breadcrumb"},"inLanguage":"pt-BR","potentialAction":[{"@type":"ReadAction","target":["https:\/\/franciscanos.org.br\/noticias\/a-mundanidade-um-lento-deslizar-no-pecado.html"]}]},{"@type":"BreadcrumbList","@id":"https:\/\/franciscanos.org.br\/noticias\/a-mundanidade-um-lento-deslizar-no-pecado.html#breadcrumb","itemListElement":[{"@type":"ListItem","position":1,"name":"Home","item":"https:\/\/franciscanos.org.br\/noticias"},{"@type":"ListItem","position":2,"name":"A mundanidade, um lento deslizar no pecado"}]},{"@type":"Person","@id":"https:\/\/franciscanos.org.br\/noticias\/#\/schema\/person\/b38fbf43118f02820bd932f2e4b14ad3","name":"admin","image":{"@type":"ImageObject","inLanguage":"pt-BR","@id":"https:\/\/franciscanos.org.br\/noticias\/#\/schema\/person\/image\/","url":"https:\/\/secure.gravatar.com\/avatar\/e8495742d34d0ba6448ea1c628263b3e?s=96&d=mm&r=g","contentUrl":"https:\/\/secure.gravatar.com\/avatar\/e8495742d34d0ba6448ea1c628263b3e?s=96&d=mm&r=g","caption":"admin"},"url":"https:\/\/franciscanos.org.br\/noticias\/author\/admin"}]}},"_links":{"self":[{"href":"https:\/\/franciscanos.org.br\/noticias\/wp-json\/wp\/v2\/posts\/217495"}],"collection":[{"href":"https:\/\/franciscanos.org.br\/noticias\/wp-json\/wp\/v2\/posts"}],"about":[{"href":"https:\/\/franciscanos.org.br\/noticias\/wp-json\/wp\/v2\/types\/post"}],"author":[{"embeddable":true,"href":"https:\/\/franciscanos.org.br\/noticias\/wp-json\/wp\/v2\/users\/1"}],"replies":[{"embeddable":true,"href":"https:\/\/franciscanos.org.br\/noticias\/wp-json\/wp\/v2\/comments?post=217495"}],"version-history":[{"count":2,"href":"https:\/\/franciscanos.org.br\/noticias\/wp-json\/wp\/v2\/posts\/217495\/revisions"}],"predecessor-version":[{"id":234062,"href":"https:\/\/franciscanos.org.br\/noticias\/wp-json\/wp\/v2\/posts\/217495\/revisions\/234062"}],"wp:featuredmedia":[{"embeddable":true,"href":"https:\/\/franciscanos.org.br\/noticias\/wp-json\/wp\/v2\/media\/217497"}],"wp:attachment":[{"href":"https:\/\/franciscanos.org.br\/noticias\/wp-json\/wp\/v2\/media?parent=217495"}],"wp:term":[{"taxonomy":"category","embeddable":true,"href":"https:\/\/franciscanos.org.br\/noticias\/wp-json\/wp\/v2\/categories?post=217495"},{"taxonomy":"post_tag","embeddable":true,"href":"https:\/\/franciscanos.org.br\/noticias\/wp-json\/wp\/v2\/tags?post=217495"}],"curies":[{"name":"wp","href":"https:\/\/api.w.org\/{rel}","templated":true}]}}