{"id":217435,"date":"2020-01-30T22:03:01","date_gmt":"2020-01-31T01:03:01","guid":{"rendered":"https:\/\/franciscanos.org.br\/noticias\/?p=217435"},"modified":"2020-01-30T22:15:10","modified_gmt":"2020-01-31T01:15:10","slug":"uma-revolucao-pela-laudato-si","status":"publish","type":"post","link":"https:\/\/franciscanos.org.br\/noticias\/uma-revolucao-pela-laudato-si.html","title":{"rendered":"Uma revolu\u00e7\u00e3o pela Laudato Si&#8217;"},"content":{"rendered":"<p><img loading=\"lazy\" class=\"alignnone size-full wp-image-217436\" src=\"https:\/\/franciscanos.org.br\/noticias\/wp-content\/uploads\/2020\/01\/jaime_3001.jpg\" alt=\"\" width=\"1280\" height=\"849\" srcset=\"https:\/\/franciscanos.org.br\/noticias\/wp-content\/uploads\/2020\/01\/jaime_3001.jpg 1280w, https:\/\/franciscanos.org.br\/noticias\/wp-content\/uploads\/2020\/01\/jaime_3001-450x298.jpg 450w, https:\/\/franciscanos.org.br\/noticias\/wp-content\/uploads\/2020\/01\/jaime_3001-1024x679.jpg 1024w, https:\/\/franciscanos.org.br\/noticias\/wp-content\/uploads\/2020\/01\/jaime_3001-768x509.jpg 768w, https:\/\/franciscanos.org.br\/noticias\/wp-content\/uploads\/2020\/01\/jaime_3001-150x99.jpg 150w\" sizes=\"(max-width: 1280px) 100vw, 1280px\" \/><\/p>\n<p><strong>Frei Augusto Luiz Gabriel e Moacir Beggo<\/strong><\/p>\n<p><strong>Xaxim (SC)<\/strong> &#8211; &#8220;Revolu\u00e7\u00e3o <em>Laudato Si&#8217;<\/em>&#8220;. Essa \u00e9 a proposta que o animador do Escrit\u00f3rio Geral de Justi\u00e7a, Paz e Integridade da Cria\u00e7\u00e3o (JPIC), Frei Jaime Campos, fez aos 800 jovens que participam das Miss\u00f5es Franciscanas da Juventude em Xaxim. Essa &#8220;revolu\u00e7\u00e3o&#8221;, segundo Frei Jaime \u00e9 um concurso que vai envolver a Ordem dos Frades Menores em todo o mundo e tamb\u00e9m o Papa Francisco.<\/p>\n<p>Frei Jaime foi o terceiro palestrante dessas Miss\u00f5es e, depois de falar e mostrar no tel\u00e3o como se estrutura e funciona o servi\u00e7o de JPIC no mundo, ele disse que esse servi\u00e7o trabalha para construir um mundo onde todas e todos possam viver como fam\u00edlia, no amor. Segundo ele, essa proposta da Ordem dos Frades Menores procura responder a este apelo, contribuindo na transforma\u00e7\u00e3o do mundo, preparando o caminho para o Reino de Deus&#8221;.<\/p>\n<p><img loading=\"lazy\" class=\"alignnone size-full wp-image-217437\" src=\"https:\/\/franciscanos.org.br\/noticias\/wp-content\/uploads\/2020\/01\/laudato_30_1.jpg\" alt=\"\" width=\"1280\" height=\"853\" srcset=\"https:\/\/franciscanos.org.br\/noticias\/wp-content\/uploads\/2020\/01\/laudato_30_1.jpg 1280w, https:\/\/franciscanos.org.br\/noticias\/wp-content\/uploads\/2020\/01\/laudato_30_1-450x300.jpg 450w, https:\/\/franciscanos.org.br\/noticias\/wp-content\/uploads\/2020\/01\/laudato_30_1-1024x682.jpg 1024w, https:\/\/franciscanos.org.br\/noticias\/wp-content\/uploads\/2020\/01\/laudato_30_1-768x512.jpg 768w, https:\/\/franciscanos.org.br\/noticias\/wp-content\/uploads\/2020\/01\/laudato_30_1-150x100.jpg 150w\" sizes=\"(max-width: 1280px) 100vw, 1280px\" \/><\/p>\n<p>O escrit\u00f3rio do JPIC tem um diretor, ou animador geral, e um assistente. Um total de 14 confer\u00eancias, que agrupam as prov\u00edncias por idiomas, \u00e1rea geogr\u00e1fica e n\u00famero, \u00e0s quais se acrescenta a Cust\u00f3dia da Terra Santa, tem um delegado que faz parte do Conselho Internacional de Justi\u00e7a e Paz. Cada entidade tem um animador local e no caso da Prov\u00edncia da Imaculada Concei\u00e7\u00e3o, Frei Diego Melo, faz esse trabalho.<\/p>\n<p>As \u00e1reas de a\u00e7\u00e3o do escrit\u00f3rio central de Roma s\u00e3o quatro:<\/p>\n<ol>\n<li>Forma\u00e7\u00e3o: Treinamento, com o desenvolvimento de materiais de ajuda por escrito, a edi\u00e7\u00e3o do boletim quadrimestral &#8220;Contato&#8221;, a organiza\u00e7\u00e3o de um curso JPIC na Universidade Antonianum de Roma;<\/li>\n<li>Coordena\u00e7\u00e3o de congressos internacionais organizados pela Ordem Geral e reuni\u00f5es do conselho internacional e do comit\u00ea de anima\u00e7\u00e3o;<\/li>\n<li>Comunica\u00e7\u00e3o com o governo Geral da Ordem Franciscana;<\/li>\n<li>Colabora\u00e7\u00e3o com os secretariados gerais da OFM e com organiza\u00e7\u00f5es ligadas ao mundo franciscano.<\/li>\n<\/ol>\n<p><img loading=\"lazy\" class=\"alignnone size-full wp-image-217438\" src=\"https:\/\/franciscanos.org.br\/noticias\/wp-content\/uploads\/2020\/01\/laudato_30_2.jpg\" alt=\"\" width=\"1280\" height=\"853\" srcset=\"https:\/\/franciscanos.org.br\/noticias\/wp-content\/uploads\/2020\/01\/laudato_30_2.jpg 1280w, https:\/\/franciscanos.org.br\/noticias\/wp-content\/uploads\/2020\/01\/laudato_30_2-450x300.jpg 450w, https:\/\/franciscanos.org.br\/noticias\/wp-content\/uploads\/2020\/01\/laudato_30_2-1024x682.jpg 1024w, https:\/\/franciscanos.org.br\/noticias\/wp-content\/uploads\/2020\/01\/laudato_30_2-768x512.jpg 768w, https:\/\/franciscanos.org.br\/noticias\/wp-content\/uploads\/2020\/01\/laudato_30_2-150x100.jpg 150w\" sizes=\"(max-width: 1280px) 100vw, 1280px\" \/><\/p>\n<p>Um desses trabalhos \u00e9 a \u201c<em>Serata Laudato Si\u2019<\/em>\u201d, evento cultural que promove a mensagem da Enc\u00edclica <em>Laudato Si\u2019<\/em>, sobre o cuidado da Casa Comum, escrita pelo Papa Francisco. Como explicou Frei Jaime, antes do Brasil este evento aconteceu em Roma e Panam\u00e1. O objetivo \u00e9 conscientizar sobre a crise clim\u00e1tica, atrav\u00e9s da arte, da cultura e da m\u00fasica, bem como proporcionar um espa\u00e7o de convers\u00e3o ecol\u00f3gica em favor das gera\u00e7\u00f5es futuras.<\/p>\n<p>Frei Jaime Campos explicou que os valores de Justi\u00e7a, Paz e Integridade da Cria\u00e7\u00e3o s\u00e3o os mesmos nos quais o Papa Francisco insiste: &#8220;O Papa fala de ecologia integral, porque n\u00e3o \u00e9 apenas uma ecologia que busca proteger plantas e animais. Isso leva o homem em considera\u00e7\u00e3o. Os problemas da ecologia t\u00eam a ver com injusti\u00e7a social&#8221;. Por outro lado, temos um aspecto importante a aprender com S\u00e3o Francisco, segundo Frei Jaime: a fraternidade universal. &#8220;Somos todos irm\u00e3os. Esta concep\u00e7\u00e3o de vida, juntamente com a espiritualidade franciscana, permite-nos compreender que, atrav\u00e9s da cria\u00e7\u00e3o, podemos alcan\u00e7ar Deus&#8221;. Para Frei Jaime, \u00e9 um desafio ao qual n\u00e3o podemos permanecer indiferentes.<\/p>\n<p><img loading=\"lazy\" class=\"alignnone size-full wp-image-217441\" src=\"https:\/\/franciscanos.org.br\/noticias\/wp-content\/uploads\/2020\/01\/laudato_30_3.jpg\" alt=\"\" width=\"1280\" height=\"713\" srcset=\"https:\/\/franciscanos.org.br\/noticias\/wp-content\/uploads\/2020\/01\/laudato_30_3.jpg 1280w, https:\/\/franciscanos.org.br\/noticias\/wp-content\/uploads\/2020\/01\/laudato_30_3-450x251.jpg 450w, https:\/\/franciscanos.org.br\/noticias\/wp-content\/uploads\/2020\/01\/laudato_30_3-1024x570.jpg 1024w, https:\/\/franciscanos.org.br\/noticias\/wp-content\/uploads\/2020\/01\/laudato_30_3-768x428.jpg 768w, https:\/\/franciscanos.org.br\/noticias\/wp-content\/uploads\/2020\/01\/laudato_30_3-150x84.jpg 150w\" sizes=\"(max-width: 1280px) 100vw, 1280px\" \/><\/p>\n<p>Segundo a <em>Laudato Si&#8217;,<\/em> \u00e9 poss\u00edvel necessitar de pouco e viver muito, sobretudo quando se \u00e9 capaz de dar espa\u00e7o a outros prazeres, encontrando satisfa\u00e7\u00e3o nos encontros fraternos, no servi\u00e7o, na frutifica\u00e7\u00e3o dos pr\u00f3prios carismas, na m\u00fasica e na arte, no contato com a natureza, na ora\u00e7\u00e3o. &#8220;A felicidade exige saber limitar algumas necessidades que nos entorpecem, permanecendo assim dispon\u00edveis para as m\u00faltiplas possibilidades que a vida oferece&#8221;. (LS 223)<\/p>\n<p>Frei Diego agradeceu a presen\u00e7a de Frei Jaime e refor\u00e7ou a proposta de abra\u00e7ar este servi\u00e7o. &#8220;Por que estamos falando de Justi\u00e7a, Paz e Integridade da Cria\u00e7\u00e3o? Por que falar sobre meio ambiente? O Frei Jaime refor\u00e7ou antes os fundamentos b\u00edblicos e franciscanos. Tem tudo a ver com a nossa f\u00e9. E depois mostrou tantos bonitos exemplos no mundo. Agora, eu lan\u00e7o uma proposta para voc\u00eas. E n\u00f3s, o que vamos fazer de concreto, l\u00e1 na cidade onde voc\u00ea mora, no grupo de jovens de voc\u00eas? Voc\u00eas v\u00e3o voltar l\u00e1 para suas casas e recolher tudo isso que ouviram e v\u00e3o pensar: quais as necessidades da minha cidade. Ser\u00e1 que s\u00e3o os imigrantes, ser\u00e1 que \u00e9 o reflorestamento, ser\u00e1 que uma quest\u00e3o da depreda\u00e7\u00e3o de um parque?&#8221;, prop\u00f4s Frei Diego.<\/p>\n<p><img loading=\"lazy\" class=\"alignnone size-full wp-image-217439\" src=\"https:\/\/franciscanos.org.br\/noticias\/wp-content\/uploads\/2020\/01\/oficinas_30.jpg\" alt=\"\" width=\"1280\" height=\"700\" srcset=\"https:\/\/franciscanos.org.br\/noticias\/wp-content\/uploads\/2020\/01\/oficinas_30.jpg 1280w, https:\/\/franciscanos.org.br\/noticias\/wp-content\/uploads\/2020\/01\/oficinas_30-450x246.jpg 450w, https:\/\/franciscanos.org.br\/noticias\/wp-content\/uploads\/2020\/01\/oficinas_30-1024x560.jpg 1024w, https:\/\/franciscanos.org.br\/noticias\/wp-content\/uploads\/2020\/01\/oficinas_30-768x420.jpg 768w, https:\/\/franciscanos.org.br\/noticias\/wp-content\/uploads\/2020\/01\/oficinas_30-150x82.jpg 150w\" sizes=\"(max-width: 1280px) 100vw, 1280px\" \/><\/p>\n<p><strong>DIA DE OFICINAS<\/strong><\/p>\n<p>Depois da palestra de Frei Jaime, os 800 jovens foram divididos em grupos para participar de oficinas espalhadas por toda a cidade. Confira:<\/p>\n<p><strong>Oficinas e seus respectivos respons\u00e1veis<\/strong><\/p>\n<p>1. Experi\u00eancias Mission\u00e1rias na Angola e Amaz\u00f4nia: Frei At\u00edlio Battistuz e Frei Samuel Ferreira de Lima<br \/>\n2. Juventude e o Movimento Cat\u00f3lico Global pelo clima \u2013 Igor Bastos<br \/>\n3. Pastoral Indigenista: Jackson Ant\u00f4nio L. Santana e Irm\u00e3 Diva Nascimento Barbosa<br \/>\n4. Teatro como revolu\u00e7\u00e3o cultural a servi\u00e7o da Casa comum \u2013 Alejandro Abdala<br \/>\n5. Dan\u00e7as urbanas: a vida como express\u00e3o corporal na casa comum \u2013 Felipe Roveda Tavares<br \/>\n6. Juventudes nas par\u00f3quias \u2013 Mariana Rogoski<br \/>\n7. Masculinidade T\u00f3xica: da fragilidade \u00e0 estrutura\u00e7\u00e3o do machismo. Tha\u00eds de Oliveira e Carlos Neto<br \/>\n8. Depress\u00e3o, traumas e dramas psicol\u00f3gicos juvenis \u2013 Denise Barcelos da Silva<br \/>\n9. O ator e o movimento \u2013 despertando a energia corporal \u2013 Ciro Barcelos<br \/>\n10. Discernimento Vocacional \u2013 vida religiosa e sacerdotal \u2013 Frei Alisson Zanetti<br \/>\n11. Jufra \u2013 Juventude Franciscana \u2013 Gabriela Consolaro (Floripa)<br \/>\n12. Juventude e conflitos familiares \u2013 Ariane e Leandro Lucietto<br \/>\n13. Cultura e Dan\u00e7as ga\u00fachas \u2013 Algacir Pagnoncelli e Laurete Mella<br \/>\n14. Quais as propostas do S\u00ednodo da Amaz\u00f4nia? \u2013 Moema Miranda<br \/>\n15. Construindo um estilo de vida respons\u00e1vel e fraterno com a cria\u00e7\u00e3o \u2013 Frei Jaime Campos<br \/>\n16. Fundamentos para um engajamento social franciscano \u2013 Rafael Correa<br \/>\n17. Plantas Medicinais, guardi\u00e3s das sementes crioulas e produ\u00e7\u00e3o de alimentos org\u00e2nicos \u2013 Iraci Lopes<br \/>\n18. Cooperativismo e preserva\u00e7\u00e3o ambiental \u2013 CooperAlfa \u2013<br \/>\n19. Conhecendo a realidade dos imigrantes Haitianos \u2013 Lorenci Maria Guollo Zambenedetti<br \/>\n20. Ditadura da moda e da beleza: revendo o conceito de biotipo ideal e enfrentando os desafios e preconceitos. Tais Maximo Jasper<\/p>\n","protected":false},"excerpt":{"rendered":"<p>Miss\u00f5es Franciscanas da Juventude<\/p>\n","protected":false},"author":3,"featured_media":217440,"comment_status":"open","ping_status":"open","sticky":false,"template":"","format":"standard","meta":[],"categories":[1],"tags":[1206],"acf":[],"yoast_head":"<!-- This site is optimized with the Yoast SEO plugin v19.2 - https:\/\/yoast.com\/wordpress\/plugins\/seo\/ -->\n<title>Uma revolu\u00e7\u00e3o pela Laudato Si&#039; - Not\u00edcias - Franciscanos<\/title>\n<meta name=\"robots\" content=\"index, follow, max-snippet:-1, max-image-preview:large, max-video-preview:-1\" \/>\n<link rel=\"canonical\" href=\"https:\/\/franciscanos.org.br\/noticias\/uma-revolucao-pela-laudato-si.html\" \/>\n<meta property=\"og:locale\" content=\"pt_BR\" \/>\n<meta property=\"og:type\" content=\"article\" \/>\n<meta property=\"og:title\" content=\"Uma revolu\u00e7\u00e3o pela Laudato Si&#039; - Not\u00edcias - Franciscanos\" \/>\n<meta property=\"og:description\" content=\"Miss\u00f5es Franciscanas da Juventude\" \/>\n<meta property=\"og:url\" content=\"https:\/\/franciscanos.org.br\/noticias\/uma-revolucao-pela-laudato-si.html\" \/>\n<meta property=\"og:site_name\" content=\"Not\u00edcias - Franciscanos\" \/>\n<meta property=\"article:published_time\" content=\"2020-01-31T01:03:01+00:00\" \/>\n<meta property=\"article:modified_time\" content=\"2020-01-31T01:15:10+00:00\" \/>\n<meta property=\"og:image\" content=\"https:\/\/franciscanos.org.br\/noticias\/wp-content\/uploads\/2020\/01\/laudato_30d.jpg\" \/>\n\t<meta property=\"og:image:width\" content=\"273\" \/>\n\t<meta property=\"og:image:height\" content=\"181\" \/>\n\t<meta property=\"og:image:type\" content=\"image\/jpeg\" \/>\n<meta name=\"author\" content=\"moacir\" \/>\n<meta name=\"twitter:card\" content=\"summary_large_image\" \/>\n<meta name=\"twitter:label1\" content=\"Escrito por\" \/>\n\t<meta name=\"twitter:data1\" content=\"moacir\" \/>\n\t<meta name=\"twitter:label2\" content=\"Est. tempo de leitura\" \/>\n\t<meta name=\"twitter:data2\" content=\"5 minutos\" \/>\n<script type=\"application\/ld+json\" class=\"yoast-schema-graph\">{\"@context\":\"https:\/\/schema.org\",\"@graph\":[{\"@type\":\"WebSite\",\"@id\":\"https:\/\/franciscanos.org.br\/noticias\/#website\",\"url\":\"https:\/\/franciscanos.org.br\/noticias\/\",\"name\":\"Not\u00edcias - Franciscanos\",\"description\":\"Prov\u00edncia Franciscana da Imaculada Concei\u00e7\u00e3o do Brasil - Ordem dos Frades Menores - OFM\",\"potentialAction\":[{\"@type\":\"SearchAction\",\"target\":{\"@type\":\"EntryPoint\",\"urlTemplate\":\"https:\/\/franciscanos.org.br\/noticias\/?s={search_term_string}\"},\"query-input\":\"required name=search_term_string\"}],\"inLanguage\":\"pt-BR\"},{\"@type\":\"ImageObject\",\"inLanguage\":\"pt-BR\",\"@id\":\"https:\/\/franciscanos.org.br\/noticias\/uma-revolucao-pela-laudato-si.html#primaryimage\",\"url\":\"https:\/\/franciscanos.org.br\/noticias\/wp-content\/uploads\/2020\/01\/laudato_30d.jpg\",\"contentUrl\":\"https:\/\/franciscanos.org.br\/noticias\/wp-content\/uploads\/2020\/01\/laudato_30d.jpg\",\"width\":273,\"height\":181},{\"@type\":\"WebPage\",\"@id\":\"https:\/\/franciscanos.org.br\/noticias\/uma-revolucao-pela-laudato-si.html#webpage\",\"url\":\"https:\/\/franciscanos.org.br\/noticias\/uma-revolucao-pela-laudato-si.html\",\"name\":\"Uma revolu\u00e7\u00e3o pela Laudato Si' - Not\u00edcias - Franciscanos\",\"isPartOf\":{\"@id\":\"https:\/\/franciscanos.org.br\/noticias\/#website\"},\"primaryImageOfPage\":{\"@id\":\"https:\/\/franciscanos.org.br\/noticias\/uma-revolucao-pela-laudato-si.html#primaryimage\"},\"datePublished\":\"2020-01-31T01:03:01+00:00\",\"dateModified\":\"2020-01-31T01:15:10+00:00\",\"author\":{\"@id\":\"https:\/\/franciscanos.org.br\/noticias\/#\/schema\/person\/b5c8cba458c330ccff548b056e95a5d4\"},\"breadcrumb\":{\"@id\":\"https:\/\/franciscanos.org.br\/noticias\/uma-revolucao-pela-laudato-si.html#breadcrumb\"},\"inLanguage\":\"pt-BR\",\"potentialAction\":[{\"@type\":\"ReadAction\",\"target\":[\"https:\/\/franciscanos.org.br\/noticias\/uma-revolucao-pela-laudato-si.html\"]}]},{\"@type\":\"BreadcrumbList\",\"@id\":\"https:\/\/franciscanos.org.br\/noticias\/uma-revolucao-pela-laudato-si.html#breadcrumb\",\"itemListElement\":[{\"@type\":\"ListItem\",\"position\":1,\"name\":\"Home\",\"item\":\"https:\/\/franciscanos.org.br\/noticias\"},{\"@type\":\"ListItem\",\"position\":2,\"name\":\"Uma revolu\u00e7\u00e3o pela Laudato Si&#8217;\"}]},{\"@type\":\"Person\",\"@id\":\"https:\/\/franciscanos.org.br\/noticias\/#\/schema\/person\/b5c8cba458c330ccff548b056e95a5d4\",\"name\":\"moacir\",\"image\":{\"@type\":\"ImageObject\",\"inLanguage\":\"pt-BR\",\"@id\":\"https:\/\/franciscanos.org.br\/noticias\/#\/schema\/person\/image\/\",\"url\":\"https:\/\/secure.gravatar.com\/avatar\/d08aa2ce4c8dd416d4479aa8536fcf64?s=96&d=mm&r=g\",\"contentUrl\":\"https:\/\/secure.gravatar.com\/avatar\/d08aa2ce4c8dd416d4479aa8536fcf64?s=96&d=mm&r=g\",\"caption\":\"moacir\"},\"url\":\"https:\/\/franciscanos.org.br\/noticias\/author\/moacir\"}]}<\/script>\n<!-- \/ Yoast SEO plugin. -->","yoast_head_json":{"title":"Uma revolu\u00e7\u00e3o pela Laudato Si' - Not\u00edcias - Franciscanos","robots":{"index":"index","follow":"follow","max-snippet":"max-snippet:-1","max-image-preview":"max-image-preview:large","max-video-preview":"max-video-preview:-1"},"canonical":"https:\/\/franciscanos.org.br\/noticias\/uma-revolucao-pela-laudato-si.html","og_locale":"pt_BR","og_type":"article","og_title":"Uma revolu\u00e7\u00e3o pela Laudato Si' - Not\u00edcias - Franciscanos","og_description":"Miss\u00f5es Franciscanas da Juventude","og_url":"https:\/\/franciscanos.org.br\/noticias\/uma-revolucao-pela-laudato-si.html","og_site_name":"Not\u00edcias - Franciscanos","article_published_time":"2020-01-31T01:03:01+00:00","article_modified_time":"2020-01-31T01:15:10+00:00","og_image":[{"width":273,"height":181,"url":"https:\/\/franciscanos.org.br\/noticias\/wp-content\/uploads\/2020\/01\/laudato_30d.jpg","type":"image\/jpeg"}],"author":"moacir","twitter_card":"summary_large_image","twitter_misc":{"Escrito por":"moacir","Est. tempo de leitura":"5 minutos"},"schema":{"@context":"https:\/\/schema.org","@graph":[{"@type":"WebSite","@id":"https:\/\/franciscanos.org.br\/noticias\/#website","url":"https:\/\/franciscanos.org.br\/noticias\/","name":"Not\u00edcias - Franciscanos","description":"Prov\u00edncia Franciscana da Imaculada Concei\u00e7\u00e3o do Brasil - Ordem dos Frades Menores - OFM","potentialAction":[{"@type":"SearchAction","target":{"@type":"EntryPoint","urlTemplate":"https:\/\/franciscanos.org.br\/noticias\/?s={search_term_string}"},"query-input":"required name=search_term_string"}],"inLanguage":"pt-BR"},{"@type":"ImageObject","inLanguage":"pt-BR","@id":"https:\/\/franciscanos.org.br\/noticias\/uma-revolucao-pela-laudato-si.html#primaryimage","url":"https:\/\/franciscanos.org.br\/noticias\/wp-content\/uploads\/2020\/01\/laudato_30d.jpg","contentUrl":"https:\/\/franciscanos.org.br\/noticias\/wp-content\/uploads\/2020\/01\/laudato_30d.jpg","width":273,"height":181},{"@type":"WebPage","@id":"https:\/\/franciscanos.org.br\/noticias\/uma-revolucao-pela-laudato-si.html#webpage","url":"https:\/\/franciscanos.org.br\/noticias\/uma-revolucao-pela-laudato-si.html","name":"Uma revolu\u00e7\u00e3o pela Laudato Si' - Not\u00edcias - Franciscanos","isPartOf":{"@id":"https:\/\/franciscanos.org.br\/noticias\/#website"},"primaryImageOfPage":{"@id":"https:\/\/franciscanos.org.br\/noticias\/uma-revolucao-pela-laudato-si.html#primaryimage"},"datePublished":"2020-01-31T01:03:01+00:00","dateModified":"2020-01-31T01:15:10+00:00","author":{"@id":"https:\/\/franciscanos.org.br\/noticias\/#\/schema\/person\/b5c8cba458c330ccff548b056e95a5d4"},"breadcrumb":{"@id":"https:\/\/franciscanos.org.br\/noticias\/uma-revolucao-pela-laudato-si.html#breadcrumb"},"inLanguage":"pt-BR","potentialAction":[{"@type":"ReadAction","target":["https:\/\/franciscanos.org.br\/noticias\/uma-revolucao-pela-laudato-si.html"]}]},{"@type":"BreadcrumbList","@id":"https:\/\/franciscanos.org.br\/noticias\/uma-revolucao-pela-laudato-si.html#breadcrumb","itemListElement":[{"@type":"ListItem","position":1,"name":"Home","item":"https:\/\/franciscanos.org.br\/noticias"},{"@type":"ListItem","position":2,"name":"Uma revolu\u00e7\u00e3o pela Laudato Si&#8217;"}]},{"@type":"Person","@id":"https:\/\/franciscanos.org.br\/noticias\/#\/schema\/person\/b5c8cba458c330ccff548b056e95a5d4","name":"moacir","image":{"@type":"ImageObject","inLanguage":"pt-BR","@id":"https:\/\/franciscanos.org.br\/noticias\/#\/schema\/person\/image\/","url":"https:\/\/secure.gravatar.com\/avatar\/d08aa2ce4c8dd416d4479aa8536fcf64?s=96&d=mm&r=g","contentUrl":"https:\/\/secure.gravatar.com\/avatar\/d08aa2ce4c8dd416d4479aa8536fcf64?s=96&d=mm&r=g","caption":"moacir"},"url":"https:\/\/franciscanos.org.br\/noticias\/author\/moacir"}]}},"_links":{"self":[{"href":"https:\/\/franciscanos.org.br\/noticias\/wp-json\/wp\/v2\/posts\/217435"}],"collection":[{"href":"https:\/\/franciscanos.org.br\/noticias\/wp-json\/wp\/v2\/posts"}],"about":[{"href":"https:\/\/franciscanos.org.br\/noticias\/wp-json\/wp\/v2\/types\/post"}],"author":[{"embeddable":true,"href":"https:\/\/franciscanos.org.br\/noticias\/wp-json\/wp\/v2\/users\/3"}],"replies":[{"embeddable":true,"href":"https:\/\/franciscanos.org.br\/noticias\/wp-json\/wp\/v2\/comments?post=217435"}],"version-history":[{"count":0,"href":"https:\/\/franciscanos.org.br\/noticias\/wp-json\/wp\/v2\/posts\/217435\/revisions"}],"wp:featuredmedia":[{"embeddable":true,"href":"https:\/\/franciscanos.org.br\/noticias\/wp-json\/wp\/v2\/media\/217440"}],"wp:attachment":[{"href":"https:\/\/franciscanos.org.br\/noticias\/wp-json\/wp\/v2\/media?parent=217435"}],"wp:term":[{"taxonomy":"category","embeddable":true,"href":"https:\/\/franciscanos.org.br\/noticias\/wp-json\/wp\/v2\/categories?post=217435"},{"taxonomy":"post_tag","embeddable":true,"href":"https:\/\/franciscanos.org.br\/noticias\/wp-json\/wp\/v2\/tags?post=217435"}],"curies":[{"name":"wp","href":"https:\/\/api.w.org\/{rel}","templated":true}]}}