{"id":217427,"date":"2020-01-30T16:51:58","date_gmt":"2020-01-30T19:51:58","guid":{"rendered":"https:\/\/franciscanos.org.br\/noticias\/?p=217427"},"modified":"2020-01-31T13:24:22","modified_gmt":"2020-01-31T16:24:22","slug":"aos-75-anos-falece-frei-joao-pereira-da-silva","status":"publish","type":"post","link":"https:\/\/franciscanos.org.br\/noticias\/aos-75-anos-falece-frei-joao-pereira-da-silva.html","title":{"rendered":"Aos 75 anos, falece Frei Jo\u00e3o Pereira da Silva"},"content":{"rendered":"<p><img loading=\"lazy\" class=\"alignnone size-full wp-image-217428\" src=\"https:\/\/franciscanos.org.br\/noticias\/wp-content\/uploads\/2020\/01\/joao_3001.jpg\" alt=\"\" width=\"890\" height=\"635\" srcset=\"https:\/\/franciscanos.org.br\/noticias\/wp-content\/uploads\/2020\/01\/joao_3001.jpg 890w, https:\/\/franciscanos.org.br\/noticias\/wp-content\/uploads\/2020\/01\/joao_3001-450x321.jpg 450w, https:\/\/franciscanos.org.br\/noticias\/wp-content\/uploads\/2020\/01\/joao_3001-768x548.jpg 768w, https:\/\/franciscanos.org.br\/noticias\/wp-content\/uploads\/2020\/01\/joao_3001-150x107.jpg 150w\" sizes=\"(max-width: 890px) 100vw, 890px\" \/><\/p>\n<h3><strong>*15\/08\/1944 + 30\/01\/2020<\/strong><\/h3>\n<p>Faleceu na tarde do dia 30 de janeiro, \u00e0s 12h50,\u00a0 aos 75 anos, Frei Jo\u00e3o Pereira da Silva. Ele estava internado desde o dia 11 de dezembro em Bauru (SP), passando por momentos de agravamento e melhora no seu quadro cl\u00ednico. No dia 17 de janeiro, o guardi\u00e3o, frei Ademir Sanquetti, foi chamado ao hospital pela equipe m\u00e9dica a fim de receber uma avalia\u00e7\u00e3o do estado de sa\u00fade de frei Jo\u00e3o. Foi quando Dr. Ortega comunicou que o seu quadro era grave e irrevers\u00edvel. Um tratamento paliativo foi adotado. Enquanto o tempo se passava, era percept\u00edvel que suas for\u00e7as diminu\u00edam. Nos \u00faltimos dias, em decorr\u00eancia de uma pneumonia, frei Jo\u00e3o adquiriu uma infec\u00e7\u00e3o generalizada, ocasionando, aos poucos, a fal\u00eancia de \u00f3rg\u00e3os vitais. Hoje, dia 30 de janeiro de 2020, \u00e0s 12h50, foi constatado o seu falecimento.<\/p>\n<p>Seu vel\u00f3rio ser\u00e1 na Igreja matriz da Par\u00f3quia Santo Ant\u00f4nio de Bauru \u00e0 partir das 20h30. A missa de corpo presente acontecer\u00e1 nesta sexta (31), \u00e0s 9h, de onde seguir\u00e1 para o Semin\u00e1rio de Agudos, onde ser\u00e1 sepultado.<\/p>\n<p><strong>Dados pessoais, forma\u00e7\u00e3o e atividades:<\/strong><\/p>\n<p>&#8211; Nascimento: 15.08.1944 (75 anos de idade)<br \/>\n&#8211; Ribeir\u00e3o Pinhal (PR)<br \/>\n&#8211; Vesti\u00e7\u00e3o: 20.01.1977 \u2013 Rodeio<br \/>\n&#8211; Primeira Profiss\u00e3o: 20.01.1978 (41 anos de Vida Franciscana)<br \/>\n&#8211; Profiss\u00e3o Solene: 01.08.1981<br \/>\n&#8211; Ordena\u00e7\u00e3o Presbiteral: 30.07.1983 (36 anos de Sacerd\u00f3cio)<br \/>\n&#8211; 1978 \u2013 1982 \u2013 Petr\u00f3polis \u2013 estudos de Filosofia e Teologia;<br \/>\n&#8211; 22.06.1983 \u2013 Porto Uni\u00e3o \u2013 vig\u00e1rio cooperador;<br \/>\n&#8211; 21.01.1986 \u2013 Conc\u00f3rdia \u2013 vig\u00e1rio paroquial;<br \/>\n&#8211; 30.11.1989 \u2013 Nil\u00f3polis-RJ\/Concei\u00e7\u00e3o \u2013 guardi\u00e3o e p\u00e1roco;<br \/>\n&#8211; 22.11.2000 \u2013 Amparo \u2013 guardi\u00e3o e p\u00e1roco;<br \/>\n&#8211; 25.02.2016 \u2013 S\u00e3o Sebasti\u00e3o \u2013 guardi\u00e3o e p\u00e1roco;<br \/>\n&#8211; 04.07.2019 \u2013 Bauru \u2013 vig\u00e1rio paroquial;<\/p>\n<p><strong>O frade menor<\/strong><\/p>\n<p>Frei Jo\u00e3o \u00e9 o sexto filho de sete irm\u00e3os do casal Os\u00f3rio Pereira da Silva e Ol\u00edmpia D\u00e2ndida Ribeiro. Seus pais eram de Minas de Gerais; em 1940 venderam um pequeno terreno que tinham e num esp\u00edrito de aventura migraram para o Paran\u00e1. Como eram agricultores especializaram-se no cultivo do caf\u00e9. Sua fam\u00edlia era muito simples e humilde, mas unida e religiosa. Frei Jo\u00e3o cresceu rezando o ter\u00e7o em casa e na casa de seus vizinhos. Sua voca\u00e7\u00e3o surgiu por meio da participa\u00e7\u00e3o ativa na vida eclesial da sua comunidade. Obteve informa\u00e7\u00f5es dos frades franciscanos atrav\u00e9s da Folhinha do Sagrado Cora\u00e7\u00e3o de Jesus, adquirida fielmente por seu pai todos os anos.<\/p>\n<p><strong>\u201cO que diz de si&#8230;\u201d<\/strong><\/p>\n<p>\u201cSou de temperamento calmo, humilde, paciente, dedicado e prestativo, compreensivo, n\u00e3o sei se posso dizer que sou alegre, mas tamb\u00e9m n\u00e3o sou triste, bastante calado sim, mas um sil\u00eancio ativo. Tenho a pol\u00edtica da boa conviv\u00eancia\u201d.<\/p>\n<p>\u201cNa vida fraterna como guardi\u00e3o e p\u00e1roco tive algumas dificuldades. Diante de comportamentos n\u00e3o condizentes com a fraternidade e com o trabalho pastoral, levei com paci\u00eancia, mas tamb\u00e9m com firmeza\u201d.<\/p>\n<p><strong>&#8220;O que dizem dele&#8230;\u201d<\/strong><\/p>\n<p>\u201cNo tempo do personalismo, da tecnologia, da propaganda e do estrelato, um frade vindo do Paran\u00e1 foi portador do dom unificador. Sem jamais usar uma palavra contra a harmonia, sem desejar convencer, brilhar, dominar e atrav\u00e9s do trabalho silencioso, modesto e pertinaz, ao longo de dez anos, sem louvores, frei Jo\u00e3o transformou-se pela sua for\u00e7a moral em um grande benfeitor. Frei Jo\u00e3o \u00e9 portador de dons do amor.\u201d (Carta do povo de Nil\u00f3polis, por ocasi\u00e3o de sua transfer\u00eancia para Amparo no ano 2000).<\/p>\n<p>Para o povo e para os frades que conviveram com frei Jo\u00e3o, sempre foi marcante o seu jeito simples, fiel e correto de conduzir seu minist\u00e9rio. Seu sil\u00eancio conseguiu imprimir uma marca de carinho das pessoas para com ele e cuidado seu para com o povo. Na sua ficha autobiogr\u00e1fica diz que sempre gostou da pastoral paroquial e sentia-se realizado por ter sempre trabalhado naquilo que sonhava para si. Considerava um fato marcante fazer parte da \u201cturma dos gafanhotos\u201d e sentia-se orgulhoso pelo t\u00edtulo de Cidad\u00e3o Amparense. Sobre a vida religiosa franciscana dizia que \u00e9 uma das espiritualidades mais completas, mais rica, mais profunda e mais humana e, portanto, mais divina; d\u00e1 alegria de viv\u00ea-la.<\/p>\n<p><strong>R.I.P.<\/strong><\/p>\n","protected":false},"excerpt":{"rendered":"<p>Falecimento<\/p>\n","protected":false},"author":1,"featured_media":217429,"comment_status":"open","ping_status":"open","sticky":false,"template":"","format":"standard","meta":[],"categories":[1],"tags":[128,306],"acf":[],"yoast_head":"<!-- This site is optimized with the Yoast SEO plugin v19.2 - https:\/\/yoast.com\/wordpress\/plugins\/seo\/ -->\n<title>Aos 75 anos, falece Frei Jo\u00e3o Pereira da Silva - Not\u00edcias - Franciscanos<\/title>\n<meta name=\"robots\" content=\"index, follow, max-snippet:-1, max-image-preview:large, max-video-preview:-1\" \/>\n<link rel=\"canonical\" href=\"https:\/\/franciscanos.org.br\/noticias\/aos-75-anos-falece-frei-joao-pereira-da-silva.html\" \/>\n<meta property=\"og:locale\" content=\"pt_BR\" \/>\n<meta property=\"og:type\" content=\"article\" \/>\n<meta property=\"og:title\" content=\"Aos 75 anos, falece Frei Jo\u00e3o Pereira da Silva - Not\u00edcias - Franciscanos\" \/>\n<meta property=\"og:description\" content=\"Falecimento\" \/>\n<meta property=\"og:url\" content=\"https:\/\/franciscanos.org.br\/noticias\/aos-75-anos-falece-frei-joao-pereira-da-silva.html\" \/>\n<meta property=\"og:site_name\" content=\"Not\u00edcias - Franciscanos\" \/>\n<meta property=\"article:published_time\" content=\"2020-01-30T19:51:58+00:00\" \/>\n<meta property=\"article:modified_time\" content=\"2020-01-31T16:24:22+00:00\" \/>\n<meta property=\"og:image\" content=\"https:\/\/franciscanos.org.br\/noticias\/wp-content\/uploads\/2020\/01\/joao_3001d.jpg\" \/>\n\t<meta property=\"og:image:width\" content=\"273\" \/>\n\t<meta property=\"og:image:height\" content=\"181\" \/>\n\t<meta property=\"og:image:type\" content=\"image\/jpeg\" \/>\n<meta name=\"author\" content=\"admin\" \/>\n<meta name=\"twitter:card\" content=\"summary_large_image\" \/>\n<meta name=\"twitter:label1\" content=\"Escrito por\" \/>\n\t<meta name=\"twitter:data1\" content=\"admin\" \/>\n\t<meta name=\"twitter:label2\" content=\"Est. tempo de leitura\" \/>\n\t<meta name=\"twitter:data2\" content=\"4 minutos\" \/>\n<script type=\"application\/ld+json\" class=\"yoast-schema-graph\">{\"@context\":\"https:\/\/schema.org\",\"@graph\":[{\"@type\":\"WebSite\",\"@id\":\"https:\/\/franciscanos.org.br\/noticias\/#website\",\"url\":\"https:\/\/franciscanos.org.br\/noticias\/\",\"name\":\"Not\u00edcias - Franciscanos\",\"description\":\"Prov\u00edncia Franciscana da Imaculada Concei\u00e7\u00e3o do Brasil - Ordem dos Frades Menores - OFM\",\"potentialAction\":[{\"@type\":\"SearchAction\",\"target\":{\"@type\":\"EntryPoint\",\"urlTemplate\":\"https:\/\/franciscanos.org.br\/noticias\/?s={search_term_string}\"},\"query-input\":\"required name=search_term_string\"}],\"inLanguage\":\"pt-BR\"},{\"@type\":\"ImageObject\",\"inLanguage\":\"pt-BR\",\"@id\":\"https:\/\/franciscanos.org.br\/noticias\/aos-75-anos-falece-frei-joao-pereira-da-silva.html#primaryimage\",\"url\":\"https:\/\/franciscanos.org.br\/noticias\/wp-content\/uploads\/2020\/01\/joao_3001d.jpg\",\"contentUrl\":\"https:\/\/franciscanos.org.br\/noticias\/wp-content\/uploads\/2020\/01\/joao_3001d.jpg\",\"width\":273,\"height\":181},{\"@type\":\"WebPage\",\"@id\":\"https:\/\/franciscanos.org.br\/noticias\/aos-75-anos-falece-frei-joao-pereira-da-silva.html#webpage\",\"url\":\"https:\/\/franciscanos.org.br\/noticias\/aos-75-anos-falece-frei-joao-pereira-da-silva.html\",\"name\":\"Aos 75 anos, falece Frei Jo\u00e3o Pereira da Silva - Not\u00edcias - Franciscanos\",\"isPartOf\":{\"@id\":\"https:\/\/franciscanos.org.br\/noticias\/#website\"},\"primaryImageOfPage\":{\"@id\":\"https:\/\/franciscanos.org.br\/noticias\/aos-75-anos-falece-frei-joao-pereira-da-silva.html#primaryimage\"},\"datePublished\":\"2020-01-30T19:51:58+00:00\",\"dateModified\":\"2020-01-31T16:24:22+00:00\",\"author\":{\"@id\":\"https:\/\/franciscanos.org.br\/noticias\/#\/schema\/person\/b38fbf43118f02820bd932f2e4b14ad3\"},\"breadcrumb\":{\"@id\":\"https:\/\/franciscanos.org.br\/noticias\/aos-75-anos-falece-frei-joao-pereira-da-silva.html#breadcrumb\"},\"inLanguage\":\"pt-BR\",\"potentialAction\":[{\"@type\":\"ReadAction\",\"target\":[\"https:\/\/franciscanos.org.br\/noticias\/aos-75-anos-falece-frei-joao-pereira-da-silva.html\"]}]},{\"@type\":\"BreadcrumbList\",\"@id\":\"https:\/\/franciscanos.org.br\/noticias\/aos-75-anos-falece-frei-joao-pereira-da-silva.html#breadcrumb\",\"itemListElement\":[{\"@type\":\"ListItem\",\"position\":1,\"name\":\"Home\",\"item\":\"https:\/\/franciscanos.org.br\/noticias\"},{\"@type\":\"ListItem\",\"position\":2,\"name\":\"Aos 75 anos, falece Frei Jo\u00e3o Pereira da Silva\"}]},{\"@type\":\"Person\",\"@id\":\"https:\/\/franciscanos.org.br\/noticias\/#\/schema\/person\/b38fbf43118f02820bd932f2e4b14ad3\",\"name\":\"admin\",\"image\":{\"@type\":\"ImageObject\",\"inLanguage\":\"pt-BR\",\"@id\":\"https:\/\/franciscanos.org.br\/noticias\/#\/schema\/person\/image\/\",\"url\":\"https:\/\/secure.gravatar.com\/avatar\/e8495742d34d0ba6448ea1c628263b3e?s=96&d=mm&r=g\",\"contentUrl\":\"https:\/\/secure.gravatar.com\/avatar\/e8495742d34d0ba6448ea1c628263b3e?s=96&d=mm&r=g\",\"caption\":\"admin\"},\"url\":\"https:\/\/franciscanos.org.br\/noticias\/author\/admin\"}]}<\/script>\n<!-- \/ Yoast SEO plugin. -->","yoast_head_json":{"title":"Aos 75 anos, falece Frei Jo\u00e3o Pereira da Silva - Not\u00edcias - Franciscanos","robots":{"index":"index","follow":"follow","max-snippet":"max-snippet:-1","max-image-preview":"max-image-preview:large","max-video-preview":"max-video-preview:-1"},"canonical":"https:\/\/franciscanos.org.br\/noticias\/aos-75-anos-falece-frei-joao-pereira-da-silva.html","og_locale":"pt_BR","og_type":"article","og_title":"Aos 75 anos, falece Frei Jo\u00e3o Pereira da Silva - Not\u00edcias - Franciscanos","og_description":"Falecimento","og_url":"https:\/\/franciscanos.org.br\/noticias\/aos-75-anos-falece-frei-joao-pereira-da-silva.html","og_site_name":"Not\u00edcias - Franciscanos","article_published_time":"2020-01-30T19:51:58+00:00","article_modified_time":"2020-01-31T16:24:22+00:00","og_image":[{"width":273,"height":181,"url":"https:\/\/franciscanos.org.br\/noticias\/wp-content\/uploads\/2020\/01\/joao_3001d.jpg","type":"image\/jpeg"}],"author":"admin","twitter_card":"summary_large_image","twitter_misc":{"Escrito por":"admin","Est. tempo de leitura":"4 minutos"},"schema":{"@context":"https:\/\/schema.org","@graph":[{"@type":"WebSite","@id":"https:\/\/franciscanos.org.br\/noticias\/#website","url":"https:\/\/franciscanos.org.br\/noticias\/","name":"Not\u00edcias - Franciscanos","description":"Prov\u00edncia Franciscana da Imaculada Concei\u00e7\u00e3o do Brasil - Ordem dos Frades Menores - OFM","potentialAction":[{"@type":"SearchAction","target":{"@type":"EntryPoint","urlTemplate":"https:\/\/franciscanos.org.br\/noticias\/?s={search_term_string}"},"query-input":"required name=search_term_string"}],"inLanguage":"pt-BR"},{"@type":"ImageObject","inLanguage":"pt-BR","@id":"https:\/\/franciscanos.org.br\/noticias\/aos-75-anos-falece-frei-joao-pereira-da-silva.html#primaryimage","url":"https:\/\/franciscanos.org.br\/noticias\/wp-content\/uploads\/2020\/01\/joao_3001d.jpg","contentUrl":"https:\/\/franciscanos.org.br\/noticias\/wp-content\/uploads\/2020\/01\/joao_3001d.jpg","width":273,"height":181},{"@type":"WebPage","@id":"https:\/\/franciscanos.org.br\/noticias\/aos-75-anos-falece-frei-joao-pereira-da-silva.html#webpage","url":"https:\/\/franciscanos.org.br\/noticias\/aos-75-anos-falece-frei-joao-pereira-da-silva.html","name":"Aos 75 anos, falece Frei Jo\u00e3o Pereira da Silva - Not\u00edcias - Franciscanos","isPartOf":{"@id":"https:\/\/franciscanos.org.br\/noticias\/#website"},"primaryImageOfPage":{"@id":"https:\/\/franciscanos.org.br\/noticias\/aos-75-anos-falece-frei-joao-pereira-da-silva.html#primaryimage"},"datePublished":"2020-01-30T19:51:58+00:00","dateModified":"2020-01-31T16:24:22+00:00","author":{"@id":"https:\/\/franciscanos.org.br\/noticias\/#\/schema\/person\/b38fbf43118f02820bd932f2e4b14ad3"},"breadcrumb":{"@id":"https:\/\/franciscanos.org.br\/noticias\/aos-75-anos-falece-frei-joao-pereira-da-silva.html#breadcrumb"},"inLanguage":"pt-BR","potentialAction":[{"@type":"ReadAction","target":["https:\/\/franciscanos.org.br\/noticias\/aos-75-anos-falece-frei-joao-pereira-da-silva.html"]}]},{"@type":"BreadcrumbList","@id":"https:\/\/franciscanos.org.br\/noticias\/aos-75-anos-falece-frei-joao-pereira-da-silva.html#breadcrumb","itemListElement":[{"@type":"ListItem","position":1,"name":"Home","item":"https:\/\/franciscanos.org.br\/noticias"},{"@type":"ListItem","position":2,"name":"Aos 75 anos, falece Frei Jo\u00e3o Pereira da Silva"}]},{"@type":"Person","@id":"https:\/\/franciscanos.org.br\/noticias\/#\/schema\/person\/b38fbf43118f02820bd932f2e4b14ad3","name":"admin","image":{"@type":"ImageObject","inLanguage":"pt-BR","@id":"https:\/\/franciscanos.org.br\/noticias\/#\/schema\/person\/image\/","url":"https:\/\/secure.gravatar.com\/avatar\/e8495742d34d0ba6448ea1c628263b3e?s=96&d=mm&r=g","contentUrl":"https:\/\/secure.gravatar.com\/avatar\/e8495742d34d0ba6448ea1c628263b3e?s=96&d=mm&r=g","caption":"admin"},"url":"https:\/\/franciscanos.org.br\/noticias\/author\/admin"}]}},"_links":{"self":[{"href":"https:\/\/franciscanos.org.br\/noticias\/wp-json\/wp\/v2\/posts\/217427"}],"collection":[{"href":"https:\/\/franciscanos.org.br\/noticias\/wp-json\/wp\/v2\/posts"}],"about":[{"href":"https:\/\/franciscanos.org.br\/noticias\/wp-json\/wp\/v2\/types\/post"}],"author":[{"embeddable":true,"href":"https:\/\/franciscanos.org.br\/noticias\/wp-json\/wp\/v2\/users\/1"}],"replies":[{"embeddable":true,"href":"https:\/\/franciscanos.org.br\/noticias\/wp-json\/wp\/v2\/comments?post=217427"}],"version-history":[{"count":0,"href":"https:\/\/franciscanos.org.br\/noticias\/wp-json\/wp\/v2\/posts\/217427\/revisions"}],"wp:featuredmedia":[{"embeddable":true,"href":"https:\/\/franciscanos.org.br\/noticias\/wp-json\/wp\/v2\/media\/217429"}],"wp:attachment":[{"href":"https:\/\/franciscanos.org.br\/noticias\/wp-json\/wp\/v2\/media?parent=217427"}],"wp:term":[{"taxonomy":"category","embeddable":true,"href":"https:\/\/franciscanos.org.br\/noticias\/wp-json\/wp\/v2\/categories?post=217427"},{"taxonomy":"post_tag","embeddable":true,"href":"https:\/\/franciscanos.org.br\/noticias\/wp-json\/wp\/v2\/tags?post=217427"}],"curies":[{"name":"wp","href":"https:\/\/api.w.org\/{rel}","templated":true}]}}