{"id":217251,"date":"2020-01-30T12:09:29","date_gmt":"2020-01-30T15:09:29","guid":{"rendered":"https:\/\/franciscanos.org.br\/noticias\/?p=217251"},"modified":"2020-01-30T12:24:32","modified_gmt":"2020-01-30T15:24:32","slug":"apelo-a-romper-com-velhos-esquemas-abrir-se-a-novidade-que-vem-de-deus","status":"publish","type":"post","link":"https:\/\/franciscanos.org.br\/noticias\/apelo-a-romper-com-velhos-esquemas-abrir-se-a-novidade-que-vem-de-deus.html","title":{"rendered":"Apelo a romper com velhos esquemas, abrir-se \u00e0 novidade que vem de Deus"},"content":{"rendered":"<p><img loading=\"lazy\" class=\"alignnone size-full wp-image-217257\" src=\"https:\/\/franciscanos.org.br\/noticias\/wp-content\/uploads\/2020\/01\/ofm_300120g2.jpg\" alt=\"\" width=\"890\" height=\"501\" srcset=\"https:\/\/franciscanos.org.br\/noticias\/wp-content\/uploads\/2020\/01\/ofm_300120g2.jpg 890w, https:\/\/franciscanos.org.br\/noticias\/wp-content\/uploads\/2020\/01\/ofm_300120g2-450x253.jpg 450w, https:\/\/franciscanos.org.br\/noticias\/wp-content\/uploads\/2020\/01\/ofm_300120g2-768x432.jpg 768w, https:\/\/franciscanos.org.br\/noticias\/wp-content\/uploads\/2020\/01\/ofm_300120g2-150x84.jpg 150w\" sizes=\"(max-width: 890px) 100vw, 890px\" \/><\/p>\n<p>Terminou nesta quinta-feira (30\/01), em Roma, o encontro dos novos Provinciais e Cust\u00f3dios eleitos pela primeira vez (nos anos de 2018 e 2019) com o Ministro Geral da Ordem dos Frades Menores, Frei Michael Perry, e o Definit\u00f3rio Geral.<\/p>\n<p>O Ministro Provincial, Frei C\u00e9sar K\u00fclkamp, \u00e9 um dos participantes do encontro. Do Brasil, participam mais 5 frades: Frei Edilson Rocha da Silva, da Cust\u00f3dia S\u00e3o Benedito da Amaz\u00f4nia; Frei Marco Aur\u00e9lio da Cruz, da Prov\u00edncia Sant\u00edssimo Nome de Jesus; Frei Fernando Aparecido, da Cust\u00f3dia Sagrado Cora\u00e7\u00e3o de Jesus; Frei Ant\u00f4nio Pach\u00eaco Ramos, da Prov\u00edncia Nossa Senhora da Assun\u00e7\u00e3o e Frei Marino Pedro Rhoden, da Prov\u00edncia S\u00e3o Francisco de Assis. No total, 30 frades estiveram reunidos deste o dia 20 de janeiro na C\u00faria da Ordem dos Frades Menores.<\/p>\n<p>Durante o encontro, foram tratados diversos temas, como: o servi\u00e7o da autoridade, a forma\u00e7\u00e3o para a miss\u00e3o, acompanhamento dos frades que passam por momentos dif\u00edceis, sa\u00eddas da Ordem, o Ministro Provincial e o Definit\u00f3rio, o Conselho Plen\u00e1rio da Ordem de 2018 \u00e0 luz do Cap\u00edtulo Geral e a economia. Todos os participantes tiveram um encontro pessoal com o Ministro Geral e puderam visitar a estrutura da C\u00faria Geral.<\/p>\n<p>Na missa de encerramento, o Ministro Geral proferiu a homilia abaixo:<\/p>\n<p>Nas leituras que a Liturgia nos apresentou nestes dias, acompanhamos a hist\u00f3ria da consolida\u00e7\u00e3o do poder de Davi e a reorganiza\u00e7\u00e3o do reino de Israel. Seu desejo de construir uma casa digna de custodiar a Arca da Alian\u00e7a, s\u00edmbolo por excel\u00eancia da presen\u00e7a de Deus em meio ao povo eleito, \u00e9 de suma import\u00e2ncia. Inicialmente, o profeta Nat\u00e3 anima a Davi a construir uma estrutura f\u00edsica, um templo, para comemorar as inumer\u00e1veis interven\u00e7\u00f5es de Deus a favor do povo. Mais tarde, quase em contradi\u00e7\u00e3o, orienta que ele n\u00e3o prossiga com este grandioso plano.<\/p>\n<p>Alguns estudiosos percebem no texto uma cr\u00edtica teol\u00f3gica ao plano de Davi de utilizar o projeto do templo para consolidar seu poder real. Trazer a Arca para Jerusal\u00e9m significaria, seguindo a l\u00f3gica da monarquia, um \u201cselo de aprova\u00e7\u00e3o\u201d divino em suas maiores ambi\u00e7\u00f5es de construir um reino forte e unido. Outros estudiosos sugerem que as interpreta\u00e7\u00f5es cruzadas da palavra \u201ccasa\u201d \u2014 que indica um reino (entidade pol\u00edtica), ou uma estrutura f\u00edsica (templo), ou a promessa de uma dinastia duradoura \u2014 representam os interesses divergentes daqueles que contribu\u00edram \u00e0s sucessivas reda\u00e7\u00f5es do texto original. Apesar destas diferentes maneiras de interpretar o significado original, o que permanece constante \u00e9 a n\u00e3o t\u00e3o sutil contradi\u00e7\u00e3o entre a vontade de Deus e a dos seres humanos. Como nos recorda o profeta Isa\u00edas: \u201cOs meus projetos n\u00e3o s\u00e3o os projetos de voc\u00eas, e os caminhos de voc\u00eas n\u00e3o s\u00e3o os meus caminhos, diz o Senhor. Tanto quanto o c\u00e9u est\u00e1 acima da terra, assim os meus caminhos est\u00e3o acima dos caminhos de voc\u00eas, e os meus projetos est\u00e3o acima dos seus projetos\u201d (Is 55, 8-9). A mensagem, tanto de Samuel, como de Isa\u00edas, \u00e9 algo que n\u00e3o \u00e9 somente dirigido ao povo da primeira alian\u00e7a, est\u00e1 dirigido a todos n\u00f3s, que somos disc\u00edpulos do Senhor Jesus, e muito especialmente dirigido \u00e0queles que s\u00e3o chamados a servir como ministros.<\/p>\n<p>Assim como Davi, um dos maiores desafios que enfrentamos \u00e9 o de manter nossos olhos e ouvidos, nossa mente e cora\u00e7\u00e3o, abertos \u00e0 voz que vem do alto, de Deus. \u00c9 evidente que haver\u00e1 momentos nos quais nos convenceremos tanto de que compreendemos completamente uma situa\u00e7\u00e3o particular, e, portanto, n\u00e3o tenhamos necessidade de seguir escutando a voz dos demais, ou inclusive, a voz de Deus. Isto pode acontecer a qualquer um de n\u00f3s, especialmente quando, no decorrer de nosso servi\u00e7o, cansamo-nos de escutar vozes contrastantes, ou quando estamos diante de irm\u00e3os que d\u00e3o um testemunho contr\u00e1rio ao Evangelho. Podemos nos convencer de nossa autossufici\u00eancia e infalibilidade e nos fecharmos \u00e0 busca de nossas possibilidades, repetindo velhos esquemas. Quando isto acontece, n\u00e3o pode surgir nada novo na vida dos frades, na vida da Entidade ou em nossas pr\u00f3prias mentes e cora\u00e7\u00f5es. Inv\u00e9s de permitir a novidade, simplesmente repetimos esquemas antigos. Este \u00e9 precisamente o ponto do texto b\u00edblico do primeiro e segundo Livro de Samuel. Deus n\u00e3o quer que cheguemos sempre \u00e0s mesmas conclus\u00f5es e repitamos as mesmas pr\u00e1ticas que aparentemente funcionaram no passado. O fato que Deus pare\u00e7a disposto a acolher a constru\u00e7\u00e3o de um templo \u00e9 uma prova de que Deus tamb\u00e9m \u00e9 parte deste processo de mudan\u00e7a. Deus reconhece que mudar, segundo as palavras de S\u00e3o Jo\u00e3o Neumann, \u00e9 chegar a ser perfeito, \u00e9 escolher a vida em detrimento da morte.<\/p>\n<p><img loading=\"lazy\" class=\"alignnone size-full wp-image-217255\" src=\"https:\/\/franciscanos.org.br\/noticias\/wp-content\/uploads\/2020\/01\/ofm_300120g.jpg\" alt=\"\" width=\"890\" height=\"501\" srcset=\"https:\/\/franciscanos.org.br\/noticias\/wp-content\/uploads\/2020\/01\/ofm_300120g.jpg 890w, https:\/\/franciscanos.org.br\/noticias\/wp-content\/uploads\/2020\/01\/ofm_300120g-450x253.jpg 450w, https:\/\/franciscanos.org.br\/noticias\/wp-content\/uploads\/2020\/01\/ofm_300120g-768x432.jpg 768w, https:\/\/franciscanos.org.br\/noticias\/wp-content\/uploads\/2020\/01\/ofm_300120g-150x84.jpg 150w\" sizes=\"(max-width: 890px) 100vw, 890px\" \/><\/p>\n<p>Um dos apontamentos mais importantes do Conselho Plen\u00e1rio da Ordem, em 2018, foi reconhecer que a vida continua somente na medida em que muda. Nos informes das Confer\u00eancias, detecta-se uma crescente consci\u00eancia de que a mudan\u00e7a n\u00e3o somente \u00e9 inevit\u00e1vel, mas desej\u00e1vel. A \u00fanica maneira de abra\u00e7ar a mudan\u00e7a \u00e9 comprometer-se num processo de di\u00e1logo sincero e aberto, de discernimento, reunindo todas as ferramentas que est\u00e3o a nossa disposi\u00e7\u00e3o \u2014 nossa vida espiritual, a for\u00e7a da vida fraterna, o abra\u00e7o de um mundo necessitado de amor, aceita\u00e7\u00e3o e esperan\u00e7a. Como nos recorda o 2\u00ba Livro de Samuel e o Papa Francisco, na <em>Evangelii Gaudium<\/em> (45), a meta de nosso caminho de f\u00e9 n\u00e3o \u00e9 a autopromo\u00e7\u00e3o, nem a sobreviv\u00eancia. Esta \u00e9 a tenta\u00e7\u00e3o de Davi, de construir algo para celebrar as conquistas pessoais. Por\u00e9m, n\u00e3o h\u00e1 futuro, n\u00e3o h\u00e1 vida, quando vamos por este caminho. No fim, at\u00e9 o rei Davi se arrepende e submete sua vontade, seus desejos, suas aspira\u00e7\u00f5es de construir um imp\u00e9rio \u00e0 vontade de Deus, como afirma sua ora\u00e7\u00e3o:<\/p>\n<p>\u201cAgora, Jav\u00e9 Deus, confirma para sempre a promessa que fizeste ao teu servo e para a fam\u00edlia dele, e faze como prometeste. E o teu nome ser\u00e1 engrandecido para sempre. Ent\u00e3o se dir\u00e1: Jav\u00e9 dos ex\u00e9rcitos \u00e9 o Deus de Israel. Ent\u00e3o a fam\u00edlia de teu servo Davi permanecer\u00e1 firme diante de ti\u201d (2 Sam 7, 25-26).<\/p>\n<p>Irm\u00e3os, que a ora\u00e7\u00e3o de Davi se converta em nossa ora\u00e7\u00e3o. Que renunciemos com valentia aos projetos de origem meramente humano, onde n\u00e3o h\u00e1 lugar para a gra\u00e7a de Deus. Que Ele nos d\u00ea sabedoria para reconhecer a diferen\u00e7a, buscando somente a vontade de Deus para nossas vidas e para as vidas daqueles irm\u00e3os que foram confiados \u00e0 nossas m\u00e3os.<\/p>\n<p><em>Fonte: <a href=\"https:\/\/ofm.org\/blog\/homily-of-the-minister-general-at-the-conclusion-of-the-2020-meeting-with-provincial-ministers-and-custodes\/\" target=\"_blank\" rel=\"noopener noreferrer\">ofm.org<\/a><\/em><\/p>\n<hr \/>\n<p>Confira mais imagens:<\/p>\n\n\t\t<style type=\"text\/css\">\n\t\t\t#gallery-1 {\n\t\t\t\tmargin: auto;\n\t\t\t}\n\t\t\t#gallery-1 .gallery-item {\n\t\t\t\tfloat: left;\n\t\t\t\tmargin-top: 10px;\n\t\t\t\ttext-align: center;\n\t\t\t\twidth: 20%;\n\t\t\t}\n\t\t\t#gallery-1 img {\n\t\t\t\tborder: 2px solid #cfcfcf;\n\t\t\t}\n\t\t\t#gallery-1 .gallery-caption {\n\t\t\t\tmargin-left: 0;\n\t\t\t}\n\t\t\t\/* see gallery_shortcode() in wp-includes\/media.php *\/\n\t\t<\/style>\n\t\t<div id='gallery-1' class='gallery galleryid-217251 gallery-columns-5 gallery-size-thumbnail'><dl class='gallery-item'>\n\t\t\t<dt class='gallery-icon landscape'>\n\t\t\t\t<a href='https:\/\/franciscanos.org.br\/noticias\/wp-content\/uploads\/2020\/01\/NewProvincials_Conclusion_2.jpg'><img width=\"300\" height=\"300\" src=\"https:\/\/franciscanos.org.br\/noticias\/wp-content\/uploads\/2020\/01\/NewProvincials_Conclusion_2-300x300.jpg\" class=\"attachment-thumbnail size-thumbnail\" alt=\"\" loading=\"lazy\" srcset=\"https:\/\/franciscanos.org.br\/noticias\/wp-content\/uploads\/2020\/01\/NewProvincials_Conclusion_2-300x300.jpg 300w, https:\/\/franciscanos.org.br\/noticias\/wp-content\/uploads\/2020\/01\/NewProvincials_Conclusion_2-100x100.jpg 100w, https:\/\/franciscanos.org.br\/noticias\/wp-content\/uploads\/2020\/01\/NewProvincials_Conclusion_2-400x400.jpg 400w\" sizes=\"(max-width: 300px) 100vw, 300px\" \/><\/a>\n\t\t\t<\/dt><\/dl><dl class='gallery-item'>\n\t\t\t<dt class='gallery-icon landscape'>\n\t\t\t\t<a href='https:\/\/franciscanos.org.br\/noticias\/wp-content\/uploads\/2020\/01\/NewProvincials_Conclusion_7.jpg'><img width=\"300\" height=\"300\" src=\"https:\/\/franciscanos.org.br\/noticias\/wp-content\/uploads\/2020\/01\/NewProvincials_Conclusion_7-300x300.jpg\" class=\"attachment-thumbnail size-thumbnail\" alt=\"\" loading=\"lazy\" srcset=\"https:\/\/franciscanos.org.br\/noticias\/wp-content\/uploads\/2020\/01\/NewProvincials_Conclusion_7-300x300.jpg 300w, https:\/\/franciscanos.org.br\/noticias\/wp-content\/uploads\/2020\/01\/NewProvincials_Conclusion_7-100x100.jpg 100w, https:\/\/franciscanos.org.br\/noticias\/wp-content\/uploads\/2020\/01\/NewProvincials_Conclusion_7-400x400.jpg 400w\" sizes=\"(max-width: 300px) 100vw, 300px\" \/><\/a>\n\t\t\t<\/dt><\/dl><dl class='gallery-item'>\n\t\t\t<dt class='gallery-icon landscape'>\n\t\t\t\t<a href='https:\/\/franciscanos.org.br\/noticias\/wp-content\/uploads\/2020\/01\/NewProvincials_Conclusion_9.jpg'><img width=\"300\" height=\"300\" src=\"https:\/\/franciscanos.org.br\/noticias\/wp-content\/uploads\/2020\/01\/NewProvincials_Conclusion_9-300x300.jpg\" class=\"attachment-thumbnail size-thumbnail\" alt=\"\" loading=\"lazy\" srcset=\"https:\/\/franciscanos.org.br\/noticias\/wp-content\/uploads\/2020\/01\/NewProvincials_Conclusion_9-300x300.jpg 300w, https:\/\/franciscanos.org.br\/noticias\/wp-content\/uploads\/2020\/01\/NewProvincials_Conclusion_9-100x100.jpg 100w, https:\/\/franciscanos.org.br\/noticias\/wp-content\/uploads\/2020\/01\/NewProvincials_Conclusion_9-400x400.jpg 400w\" sizes=\"(max-width: 300px) 100vw, 300px\" \/><\/a>\n\t\t\t<\/dt><\/dl><dl class='gallery-item'>\n\t\t\t<dt class='gallery-icon landscape'>\n\t\t\t\t<a href='https:\/\/franciscanos.org.br\/noticias\/wp-content\/uploads\/2020\/01\/NewProvincials_Conclusion_11.jpg'><img width=\"300\" height=\"300\" src=\"https:\/\/franciscanos.org.br\/noticias\/wp-content\/uploads\/2020\/01\/NewProvincials_Conclusion_11-300x300.jpg\" class=\"attachment-thumbnail size-thumbnail\" alt=\"\" loading=\"lazy\" srcset=\"https:\/\/franciscanos.org.br\/noticias\/wp-content\/uploads\/2020\/01\/NewProvincials_Conclusion_11-300x300.jpg 300w, https:\/\/franciscanos.org.br\/noticias\/wp-content\/uploads\/2020\/01\/NewProvincials_Conclusion_11-100x100.jpg 100w, https:\/\/franciscanos.org.br\/noticias\/wp-content\/uploads\/2020\/01\/NewProvincials_Conclusion_11-400x400.jpg 400w\" sizes=\"(max-width: 300px) 100vw, 300px\" \/><\/a>\n\t\t\t<\/dt><\/dl><dl class='gallery-item'>\n\t\t\t<dt class='gallery-icon landscape'>\n\t\t\t\t<a href='https:\/\/franciscanos.org.br\/noticias\/wp-content\/uploads\/2020\/01\/NewProvincials_Conclusion_13.jpg'><img width=\"300\" height=\"300\" src=\"https:\/\/franciscanos.org.br\/noticias\/wp-content\/uploads\/2020\/01\/NewProvincials_Conclusion_13-300x300.jpg\" class=\"attachment-thumbnail size-thumbnail\" alt=\"\" loading=\"lazy\" srcset=\"https:\/\/franciscanos.org.br\/noticias\/wp-content\/uploads\/2020\/01\/NewProvincials_Conclusion_13-300x300.jpg 300w, https:\/\/franciscanos.org.br\/noticias\/wp-content\/uploads\/2020\/01\/NewProvincials_Conclusion_13-100x100.jpg 100w, https:\/\/franciscanos.org.br\/noticias\/wp-content\/uploads\/2020\/01\/NewProvincials_Conclusion_13-400x400.jpg 400w\" sizes=\"(max-width: 300px) 100vw, 300px\" \/><\/a>\n\t\t\t<\/dt><\/dl><br style=\"clear: both\" \/><dl class='gallery-item'>\n\t\t\t<dt class='gallery-icon landscape'>\n\t\t\t\t<a href='https:\/\/franciscanos.org.br\/noticias\/wp-content\/uploads\/2020\/01\/NewProvincials_Conclusion_14.jpg'><img width=\"300\" height=\"300\" src=\"https:\/\/franciscanos.org.br\/noticias\/wp-content\/uploads\/2020\/01\/NewProvincials_Conclusion_14-300x300.jpg\" class=\"attachment-thumbnail size-thumbnail\" alt=\"\" loading=\"lazy\" srcset=\"https:\/\/franciscanos.org.br\/noticias\/wp-content\/uploads\/2020\/01\/NewProvincials_Conclusion_14-300x300.jpg 300w, https:\/\/franciscanos.org.br\/noticias\/wp-content\/uploads\/2020\/01\/NewProvincials_Conclusion_14-100x100.jpg 100w, https:\/\/franciscanos.org.br\/noticias\/wp-content\/uploads\/2020\/01\/NewProvincials_Conclusion_14-400x400.jpg 400w\" sizes=\"(max-width: 300px) 100vw, 300px\" \/><\/a>\n\t\t\t<\/dt><\/dl><dl class='gallery-item'>\n\t\t\t<dt class='gallery-icon landscape'>\n\t\t\t\t<a href='https:\/\/franciscanos.org.br\/noticias\/wp-content\/uploads\/2020\/01\/NewProvincials_Conclusion_16.jpg'><img width=\"300\" height=\"300\" src=\"https:\/\/franciscanos.org.br\/noticias\/wp-content\/uploads\/2020\/01\/NewProvincials_Conclusion_16-300x300.jpg\" class=\"attachment-thumbnail size-thumbnail\" alt=\"\" loading=\"lazy\" srcset=\"https:\/\/franciscanos.org.br\/noticias\/wp-content\/uploads\/2020\/01\/NewProvincials_Conclusion_16-300x300.jpg 300w, https:\/\/franciscanos.org.br\/noticias\/wp-content\/uploads\/2020\/01\/NewProvincials_Conclusion_16-100x100.jpg 100w, https:\/\/franciscanos.org.br\/noticias\/wp-content\/uploads\/2020\/01\/NewProvincials_Conclusion_16-400x400.jpg 400w\" sizes=\"(max-width: 300px) 100vw, 300px\" \/><\/a>\n\t\t\t<\/dt><\/dl><dl class='gallery-item'>\n\t\t\t<dt class='gallery-icon landscape'>\n\t\t\t\t<a href='https:\/\/franciscanos.org.br\/noticias\/wp-content\/uploads\/2020\/01\/NewProvincials_Conclusion_17.jpg'><img width=\"300\" height=\"300\" src=\"https:\/\/franciscanos.org.br\/noticias\/wp-content\/uploads\/2020\/01\/NewProvincials_Conclusion_17-300x300.jpg\" class=\"attachment-thumbnail size-thumbnail\" alt=\"\" loading=\"lazy\" srcset=\"https:\/\/franciscanos.org.br\/noticias\/wp-content\/uploads\/2020\/01\/NewProvincials_Conclusion_17-300x300.jpg 300w, https:\/\/franciscanos.org.br\/noticias\/wp-content\/uploads\/2020\/01\/NewProvincials_Conclusion_17-100x100.jpg 100w, https:\/\/franciscanos.org.br\/noticias\/wp-content\/uploads\/2020\/01\/NewProvincials_Conclusion_17-400x400.jpg 400w\" sizes=\"(max-width: 300px) 100vw, 300px\" \/><\/a>\n\t\t\t<\/dt><\/dl><dl class='gallery-item'>\n\t\t\t<dt class='gallery-icon landscape'>\n\t\t\t\t<a href='https:\/\/franciscanos.org.br\/noticias\/wp-content\/uploads\/2020\/01\/NewProvincials_Conclusion_18.jpg'><img width=\"300\" height=\"300\" src=\"https:\/\/franciscanos.org.br\/noticias\/wp-content\/uploads\/2020\/01\/NewProvincials_Conclusion_18-300x300.jpg\" class=\"attachment-thumbnail size-thumbnail\" alt=\"\" loading=\"lazy\" srcset=\"https:\/\/franciscanos.org.br\/noticias\/wp-content\/uploads\/2020\/01\/NewProvincials_Conclusion_18-300x300.jpg 300w, https:\/\/franciscanos.org.br\/noticias\/wp-content\/uploads\/2020\/01\/NewProvincials_Conclusion_18-100x100.jpg 100w, https:\/\/franciscanos.org.br\/noticias\/wp-content\/uploads\/2020\/01\/NewProvincials_Conclusion_18-400x400.jpg 400w\" sizes=\"(max-width: 300px) 100vw, 300px\" \/><\/a>\n\t\t\t<\/dt><\/dl><dl class='gallery-item'>\n\t\t\t<dt class='gallery-icon landscape'>\n\t\t\t\t<a href='https:\/\/franciscanos.org.br\/noticias\/wp-content\/uploads\/2020\/01\/NewProvincials_Conclusion_19.jpg'><img width=\"300\" height=\"300\" src=\"https:\/\/franciscanos.org.br\/noticias\/wp-content\/uploads\/2020\/01\/NewProvincials_Conclusion_19-300x300.jpg\" class=\"attachment-thumbnail size-thumbnail\" alt=\"\" loading=\"lazy\" srcset=\"https:\/\/franciscanos.org.br\/noticias\/wp-content\/uploads\/2020\/01\/NewProvincials_Conclusion_19-300x300.jpg 300w, https:\/\/franciscanos.org.br\/noticias\/wp-content\/uploads\/2020\/01\/NewProvincials_Conclusion_19-100x100.jpg 100w, https:\/\/franciscanos.org.br\/noticias\/wp-content\/uploads\/2020\/01\/NewProvincials_Conclusion_19-400x400.jpg 400w\" sizes=\"(max-width: 300px) 100vw, 300px\" \/><\/a>\n\t\t\t<\/dt><\/dl><br style=\"clear: both\" \/><dl class='gallery-item'>\n\t\t\t<dt class='gallery-icon landscape'>\n\t\t\t\t<a href='https:\/\/franciscanos.org.br\/noticias\/wp-content\/uploads\/2020\/01\/NewProvincials_Conclusion_24.jpg'><img width=\"300\" height=\"300\" src=\"https:\/\/franciscanos.org.br\/noticias\/wp-content\/uploads\/2020\/01\/NewProvincials_Conclusion_24-300x300.jpg\" class=\"attachment-thumbnail size-thumbnail\" alt=\"\" loading=\"lazy\" srcset=\"https:\/\/franciscanos.org.br\/noticias\/wp-content\/uploads\/2020\/01\/NewProvincials_Conclusion_24-300x300.jpg 300w, https:\/\/franciscanos.org.br\/noticias\/wp-content\/uploads\/2020\/01\/NewProvincials_Conclusion_24-100x100.jpg 100w, https:\/\/franciscanos.org.br\/noticias\/wp-content\/uploads\/2020\/01\/NewProvincials_Conclusion_24-400x400.jpg 400w\" sizes=\"(max-width: 300px) 100vw, 300px\" \/><\/a>\n\t\t\t<\/dt><\/dl><dl class='gallery-item'>\n\t\t\t<dt class='gallery-icon landscape'>\n\t\t\t\t<a href='https:\/\/franciscanos.org.br\/noticias\/wp-content\/uploads\/2020\/01\/NewProvincials_Conclusion_31.jpg'><img width=\"300\" height=\"300\" src=\"https:\/\/franciscanos.org.br\/noticias\/wp-content\/uploads\/2020\/01\/NewProvincials_Conclusion_31-300x300.jpg\" class=\"attachment-thumbnail size-thumbnail\" alt=\"\" loading=\"lazy\" srcset=\"https:\/\/franciscanos.org.br\/noticias\/wp-content\/uploads\/2020\/01\/NewProvincials_Conclusion_31-300x300.jpg 300w, https:\/\/franciscanos.org.br\/noticias\/wp-content\/uploads\/2020\/01\/NewProvincials_Conclusion_31-100x100.jpg 100w, https:\/\/franciscanos.org.br\/noticias\/wp-content\/uploads\/2020\/01\/NewProvincials_Conclusion_31-400x400.jpg 400w\" sizes=\"(max-width: 300px) 100vw, 300px\" \/><\/a>\n\t\t\t<\/dt><\/dl><dl class='gallery-item'>\n\t\t\t<dt class='gallery-icon landscape'>\n\t\t\t\t<a href='https:\/\/franciscanos.org.br\/noticias\/wp-content\/uploads\/2020\/01\/NewProvincials_Conclusion_41.jpg'><img width=\"300\" height=\"300\" src=\"https:\/\/franciscanos.org.br\/noticias\/wp-content\/uploads\/2020\/01\/NewProvincials_Conclusion_41-300x300.jpg\" class=\"attachment-thumbnail size-thumbnail\" alt=\"\" loading=\"lazy\" srcset=\"https:\/\/franciscanos.org.br\/noticias\/wp-content\/uploads\/2020\/01\/NewProvincials_Conclusion_41-300x300.jpg 300w, https:\/\/franciscanos.org.br\/noticias\/wp-content\/uploads\/2020\/01\/NewProvincials_Conclusion_41-100x100.jpg 100w, https:\/\/franciscanos.org.br\/noticias\/wp-content\/uploads\/2020\/01\/NewProvincials_Conclusion_41-400x400.jpg 400w\" sizes=\"(max-width: 300px) 100vw, 300px\" \/><\/a>\n\t\t\t<\/dt><\/dl><dl class='gallery-item'>\n\t\t\t<dt class='gallery-icon landscape'>\n\t\t\t\t<a href='https:\/\/franciscanos.org.br\/noticias\/wp-content\/uploads\/2020\/01\/NewProvincials_Conclusion_44.jpg'><img width=\"300\" height=\"300\" src=\"https:\/\/franciscanos.org.br\/noticias\/wp-content\/uploads\/2020\/01\/NewProvincials_Conclusion_44-300x300.jpg\" class=\"attachment-thumbnail size-thumbnail\" alt=\"\" loading=\"lazy\" srcset=\"https:\/\/franciscanos.org.br\/noticias\/wp-content\/uploads\/2020\/01\/NewProvincials_Conclusion_44-300x300.jpg 300w, https:\/\/franciscanos.org.br\/noticias\/wp-content\/uploads\/2020\/01\/NewProvincials_Conclusion_44-100x100.jpg 100w, https:\/\/franciscanos.org.br\/noticias\/wp-content\/uploads\/2020\/01\/NewProvincials_Conclusion_44-400x400.jpg 400w\" sizes=\"(max-width: 300px) 100vw, 300px\" \/><\/a>\n\t\t\t<\/dt><\/dl><dl class='gallery-item'>\n\t\t\t<dt class='gallery-icon landscape'>\n\t\t\t\t<a href='https:\/\/franciscanos.org.br\/noticias\/wp-content\/uploads\/2020\/01\/NewProvincials_Conclusion_48.jpg'><img width=\"300\" height=\"300\" src=\"https:\/\/franciscanos.org.br\/noticias\/wp-content\/uploads\/2020\/01\/NewProvincials_Conclusion_48-300x300.jpg\" class=\"attachment-thumbnail size-thumbnail\" alt=\"\" loading=\"lazy\" srcset=\"https:\/\/franciscanos.org.br\/noticias\/wp-content\/uploads\/2020\/01\/NewProvincials_Conclusion_48-300x300.jpg 300w, https:\/\/franciscanos.org.br\/noticias\/wp-content\/uploads\/2020\/01\/NewProvincials_Conclusion_48-100x100.jpg 100w, https:\/\/franciscanos.org.br\/noticias\/wp-content\/uploads\/2020\/01\/NewProvincials_Conclusion_48-400x400.jpg 400w\" sizes=\"(max-width: 300px) 100vw, 300px\" \/><\/a>\n\t\t\t<\/dt><\/dl><br style=\"clear: both\" \/>\n\t\t<\/div>\n\n","protected":false},"excerpt":{"rendered":"<p>Ordem dos Frades Menores<\/p>\n","protected":false},"author":1,"featured_media":217273,"comment_status":"open","ping_status":"open","sticky":false,"template":"","format":"standard","meta":[],"categories":[1],"tags":[397],"acf":[],"yoast_head":"<!-- This site is optimized with the Yoast SEO plugin v19.2 - https:\/\/yoast.com\/wordpress\/plugins\/seo\/ -->\n<title>Apelo a romper com velhos esquemas, abrir-se \u00e0 novidade que vem de Deus - Not\u00edcias - Franciscanos<\/title>\n<meta name=\"robots\" content=\"index, follow, max-snippet:-1, max-image-preview:large, max-video-preview:-1\" \/>\n<link rel=\"canonical\" href=\"https:\/\/franciscanos.org.br\/noticias\/apelo-a-romper-com-velhos-esquemas-abrir-se-a-novidade-que-vem-de-deus.html\" \/>\n<meta property=\"og:locale\" content=\"pt_BR\" \/>\n<meta property=\"og:type\" content=\"article\" \/>\n<meta property=\"og:title\" content=\"Apelo a romper com velhos esquemas, abrir-se \u00e0 novidade que vem de Deus - Not\u00edcias - Franciscanos\" \/>\n<meta property=\"og:description\" content=\"Ordem dos Frades Menores\" \/>\n<meta property=\"og:url\" content=\"https:\/\/franciscanos.org.br\/noticias\/apelo-a-romper-com-velhos-esquemas-abrir-se-a-novidade-que-vem-de-deus.html\" \/>\n<meta property=\"og:site_name\" content=\"Not\u00edcias - Franciscanos\" \/>\n<meta property=\"article:published_time\" content=\"2020-01-30T15:09:29+00:00\" \/>\n<meta property=\"article:modified_time\" content=\"2020-01-30T15:24:32+00:00\" \/>\n<meta property=\"og:image\" content=\"https:\/\/franciscanos.org.br\/noticias\/wp-content\/uploads\/2020\/01\/ofm_300120p.jpg\" \/>\n\t<meta property=\"og:image:width\" content=\"273\" \/>\n\t<meta property=\"og:image:height\" content=\"181\" \/>\n\t<meta property=\"og:image:type\" content=\"image\/jpeg\" \/>\n<meta name=\"author\" content=\"admin\" \/>\n<meta name=\"twitter:card\" content=\"summary_large_image\" \/>\n<meta name=\"twitter:label1\" content=\"Escrito por\" \/>\n\t<meta name=\"twitter:data1\" content=\"admin\" \/>\n\t<meta name=\"twitter:label2\" content=\"Est. tempo de leitura\" \/>\n\t<meta name=\"twitter:data2\" content=\"6 minutos\" \/>\n<script type=\"application\/ld+json\" class=\"yoast-schema-graph\">{\"@context\":\"https:\/\/schema.org\",\"@graph\":[{\"@type\":\"WebSite\",\"@id\":\"https:\/\/franciscanos.org.br\/noticias\/#website\",\"url\":\"https:\/\/franciscanos.org.br\/noticias\/\",\"name\":\"Not\u00edcias - Franciscanos\",\"description\":\"Prov\u00edncia Franciscana da Imaculada Concei\u00e7\u00e3o do Brasil - Ordem dos Frades Menores - OFM\",\"potentialAction\":[{\"@type\":\"SearchAction\",\"target\":{\"@type\":\"EntryPoint\",\"urlTemplate\":\"https:\/\/franciscanos.org.br\/noticias\/?s={search_term_string}\"},\"query-input\":\"required name=search_term_string\"}],\"inLanguage\":\"pt-BR\"},{\"@type\":\"ImageObject\",\"inLanguage\":\"pt-BR\",\"@id\":\"https:\/\/franciscanos.org.br\/noticias\/apelo-a-romper-com-velhos-esquemas-abrir-se-a-novidade-que-vem-de-deus.html#primaryimage\",\"url\":\"https:\/\/franciscanos.org.br\/noticias\/wp-content\/uploads\/2020\/01\/ofm_300120p.jpg\",\"contentUrl\":\"https:\/\/franciscanos.org.br\/noticias\/wp-content\/uploads\/2020\/01\/ofm_300120p.jpg\",\"width\":273,\"height\":181},{\"@type\":\"WebPage\",\"@id\":\"https:\/\/franciscanos.org.br\/noticias\/apelo-a-romper-com-velhos-esquemas-abrir-se-a-novidade-que-vem-de-deus.html#webpage\",\"url\":\"https:\/\/franciscanos.org.br\/noticias\/apelo-a-romper-com-velhos-esquemas-abrir-se-a-novidade-que-vem-de-deus.html\",\"name\":\"Apelo a romper com velhos esquemas, abrir-se \u00e0 novidade que vem de Deus - Not\u00edcias - Franciscanos\",\"isPartOf\":{\"@id\":\"https:\/\/franciscanos.org.br\/noticias\/#website\"},\"primaryImageOfPage\":{\"@id\":\"https:\/\/franciscanos.org.br\/noticias\/apelo-a-romper-com-velhos-esquemas-abrir-se-a-novidade-que-vem-de-deus.html#primaryimage\"},\"datePublished\":\"2020-01-30T15:09:29+00:00\",\"dateModified\":\"2020-01-30T15:24:32+00:00\",\"author\":{\"@id\":\"https:\/\/franciscanos.org.br\/noticias\/#\/schema\/person\/b38fbf43118f02820bd932f2e4b14ad3\"},\"breadcrumb\":{\"@id\":\"https:\/\/franciscanos.org.br\/noticias\/apelo-a-romper-com-velhos-esquemas-abrir-se-a-novidade-que-vem-de-deus.html#breadcrumb\"},\"inLanguage\":\"pt-BR\",\"potentialAction\":[{\"@type\":\"ReadAction\",\"target\":[\"https:\/\/franciscanos.org.br\/noticias\/apelo-a-romper-com-velhos-esquemas-abrir-se-a-novidade-que-vem-de-deus.html\"]}]},{\"@type\":\"BreadcrumbList\",\"@id\":\"https:\/\/franciscanos.org.br\/noticias\/apelo-a-romper-com-velhos-esquemas-abrir-se-a-novidade-que-vem-de-deus.html#breadcrumb\",\"itemListElement\":[{\"@type\":\"ListItem\",\"position\":1,\"name\":\"Home\",\"item\":\"https:\/\/franciscanos.org.br\/noticias\"},{\"@type\":\"ListItem\",\"position\":2,\"name\":\"Apelo a romper com velhos esquemas, abrir-se \u00e0 novidade que vem de Deus\"}]},{\"@type\":\"Person\",\"@id\":\"https:\/\/franciscanos.org.br\/noticias\/#\/schema\/person\/b38fbf43118f02820bd932f2e4b14ad3\",\"name\":\"admin\",\"image\":{\"@type\":\"ImageObject\",\"inLanguage\":\"pt-BR\",\"@id\":\"https:\/\/franciscanos.org.br\/noticias\/#\/schema\/person\/image\/\",\"url\":\"https:\/\/secure.gravatar.com\/avatar\/e8495742d34d0ba6448ea1c628263b3e?s=96&d=mm&r=g\",\"contentUrl\":\"https:\/\/secure.gravatar.com\/avatar\/e8495742d34d0ba6448ea1c628263b3e?s=96&d=mm&r=g\",\"caption\":\"admin\"},\"url\":\"https:\/\/franciscanos.org.br\/noticias\/author\/admin\"}]}<\/script>\n<!-- \/ Yoast SEO plugin. -->","yoast_head_json":{"title":"Apelo a romper com velhos esquemas, abrir-se \u00e0 novidade que vem de Deus - Not\u00edcias - Franciscanos","robots":{"index":"index","follow":"follow","max-snippet":"max-snippet:-1","max-image-preview":"max-image-preview:large","max-video-preview":"max-video-preview:-1"},"canonical":"https:\/\/franciscanos.org.br\/noticias\/apelo-a-romper-com-velhos-esquemas-abrir-se-a-novidade-que-vem-de-deus.html","og_locale":"pt_BR","og_type":"article","og_title":"Apelo a romper com velhos esquemas, abrir-se \u00e0 novidade que vem de Deus - Not\u00edcias - Franciscanos","og_description":"Ordem dos Frades Menores","og_url":"https:\/\/franciscanos.org.br\/noticias\/apelo-a-romper-com-velhos-esquemas-abrir-se-a-novidade-que-vem-de-deus.html","og_site_name":"Not\u00edcias - Franciscanos","article_published_time":"2020-01-30T15:09:29+00:00","article_modified_time":"2020-01-30T15:24:32+00:00","og_image":[{"width":273,"height":181,"url":"https:\/\/franciscanos.org.br\/noticias\/wp-content\/uploads\/2020\/01\/ofm_300120p.jpg","type":"image\/jpeg"}],"author":"admin","twitter_card":"summary_large_image","twitter_misc":{"Escrito por":"admin","Est. tempo de leitura":"6 minutos"},"schema":{"@context":"https:\/\/schema.org","@graph":[{"@type":"WebSite","@id":"https:\/\/franciscanos.org.br\/noticias\/#website","url":"https:\/\/franciscanos.org.br\/noticias\/","name":"Not\u00edcias - Franciscanos","description":"Prov\u00edncia Franciscana da Imaculada Concei\u00e7\u00e3o do Brasil - Ordem dos Frades Menores - OFM","potentialAction":[{"@type":"SearchAction","target":{"@type":"EntryPoint","urlTemplate":"https:\/\/franciscanos.org.br\/noticias\/?s={search_term_string}"},"query-input":"required name=search_term_string"}],"inLanguage":"pt-BR"},{"@type":"ImageObject","inLanguage":"pt-BR","@id":"https:\/\/franciscanos.org.br\/noticias\/apelo-a-romper-com-velhos-esquemas-abrir-se-a-novidade-que-vem-de-deus.html#primaryimage","url":"https:\/\/franciscanos.org.br\/noticias\/wp-content\/uploads\/2020\/01\/ofm_300120p.jpg","contentUrl":"https:\/\/franciscanos.org.br\/noticias\/wp-content\/uploads\/2020\/01\/ofm_300120p.jpg","width":273,"height":181},{"@type":"WebPage","@id":"https:\/\/franciscanos.org.br\/noticias\/apelo-a-romper-com-velhos-esquemas-abrir-se-a-novidade-que-vem-de-deus.html#webpage","url":"https:\/\/franciscanos.org.br\/noticias\/apelo-a-romper-com-velhos-esquemas-abrir-se-a-novidade-que-vem-de-deus.html","name":"Apelo a romper com velhos esquemas, abrir-se \u00e0 novidade que vem de Deus - Not\u00edcias - Franciscanos","isPartOf":{"@id":"https:\/\/franciscanos.org.br\/noticias\/#website"},"primaryImageOfPage":{"@id":"https:\/\/franciscanos.org.br\/noticias\/apelo-a-romper-com-velhos-esquemas-abrir-se-a-novidade-que-vem-de-deus.html#primaryimage"},"datePublished":"2020-01-30T15:09:29+00:00","dateModified":"2020-01-30T15:24:32+00:00","author":{"@id":"https:\/\/franciscanos.org.br\/noticias\/#\/schema\/person\/b38fbf43118f02820bd932f2e4b14ad3"},"breadcrumb":{"@id":"https:\/\/franciscanos.org.br\/noticias\/apelo-a-romper-com-velhos-esquemas-abrir-se-a-novidade-que-vem-de-deus.html#breadcrumb"},"inLanguage":"pt-BR","potentialAction":[{"@type":"ReadAction","target":["https:\/\/franciscanos.org.br\/noticias\/apelo-a-romper-com-velhos-esquemas-abrir-se-a-novidade-que-vem-de-deus.html"]}]},{"@type":"BreadcrumbList","@id":"https:\/\/franciscanos.org.br\/noticias\/apelo-a-romper-com-velhos-esquemas-abrir-se-a-novidade-que-vem-de-deus.html#breadcrumb","itemListElement":[{"@type":"ListItem","position":1,"name":"Home","item":"https:\/\/franciscanos.org.br\/noticias"},{"@type":"ListItem","position":2,"name":"Apelo a romper com velhos esquemas, abrir-se \u00e0 novidade que vem de Deus"}]},{"@type":"Person","@id":"https:\/\/franciscanos.org.br\/noticias\/#\/schema\/person\/b38fbf43118f02820bd932f2e4b14ad3","name":"admin","image":{"@type":"ImageObject","inLanguage":"pt-BR","@id":"https:\/\/franciscanos.org.br\/noticias\/#\/schema\/person\/image\/","url":"https:\/\/secure.gravatar.com\/avatar\/e8495742d34d0ba6448ea1c628263b3e?s=96&d=mm&r=g","contentUrl":"https:\/\/secure.gravatar.com\/avatar\/e8495742d34d0ba6448ea1c628263b3e?s=96&d=mm&r=g","caption":"admin"},"url":"https:\/\/franciscanos.org.br\/noticias\/author\/admin"}]}},"_links":{"self":[{"href":"https:\/\/franciscanos.org.br\/noticias\/wp-json\/wp\/v2\/posts\/217251"}],"collection":[{"href":"https:\/\/franciscanos.org.br\/noticias\/wp-json\/wp\/v2\/posts"}],"about":[{"href":"https:\/\/franciscanos.org.br\/noticias\/wp-json\/wp\/v2\/types\/post"}],"author":[{"embeddable":true,"href":"https:\/\/franciscanos.org.br\/noticias\/wp-json\/wp\/v2\/users\/1"}],"replies":[{"embeddable":true,"href":"https:\/\/franciscanos.org.br\/noticias\/wp-json\/wp\/v2\/comments?post=217251"}],"version-history":[{"count":0,"href":"https:\/\/franciscanos.org.br\/noticias\/wp-json\/wp\/v2\/posts\/217251\/revisions"}],"wp:featuredmedia":[{"embeddable":true,"href":"https:\/\/franciscanos.org.br\/noticias\/wp-json\/wp\/v2\/media\/217273"}],"wp:attachment":[{"href":"https:\/\/franciscanos.org.br\/noticias\/wp-json\/wp\/v2\/media?parent=217251"}],"wp:term":[{"taxonomy":"category","embeddable":true,"href":"https:\/\/franciscanos.org.br\/noticias\/wp-json\/wp\/v2\/categories?post=217251"},{"taxonomy":"post_tag","embeddable":true,"href":"https:\/\/franciscanos.org.br\/noticias\/wp-json\/wp\/v2\/tags?post=217251"}],"curies":[{"name":"wp","href":"https:\/\/api.w.org\/{rel}","templated":true}]}}