{"id":217090,"date":"2020-01-30T08:41:39","date_gmt":"2020-01-30T11:41:39","guid":{"rendered":"https:\/\/franciscanos.org.br\/noticias\/?p=217090"},"modified":"2021-08-29T17:46:45","modified_gmt":"2021-08-29T20:46:45","slug":"viver-e-julgar-com-o-estilo-misericordioso-do-cristao","status":"publish","type":"post","link":"https:\/\/franciscanos.org.br\/noticias\/viver-e-julgar-com-o-estilo-misericordioso-do-cristao.html","title":{"rendered":"Viver e julgar com o estilo misericordioso do crist\u00e3o"},"content":{"rendered":"<div id=\"attachment_217091\" style=\"width: 900px\" class=\"wp-caption alignnone\"><img aria-describedby=\"caption-attachment-217091\" loading=\"lazy\" class=\"wp-image-217091 size-full\" src=\"https:\/\/franciscanos.org.br\/noticias\/wp-content\/uploads\/2020\/01\/marta_300120g.jpg\" alt=\"\" width=\"890\" height=\"500\" srcset=\"https:\/\/franciscanos.org.br\/noticias\/wp-content\/uploads\/2020\/01\/marta_300120g.jpg 890w, https:\/\/franciscanos.org.br\/noticias\/wp-content\/uploads\/2020\/01\/marta_300120g-450x253.jpg 450w, https:\/\/franciscanos.org.br\/noticias\/wp-content\/uploads\/2020\/01\/marta_300120g-768x431.jpg 768w, https:\/\/franciscanos.org.br\/noticias\/wp-content\/uploads\/2020\/01\/marta_300120g-150x84.jpg 150w\" sizes=\"(max-width: 890px) 100vw, 890px\" \/><p id=\"caption-attachment-217091\" class=\"wp-caption-text\">\u00a0 \u00a0 \u00a0 \u00a0 \u00a0 \u00a0 \u00a0 \u00a0 \u00a0 \u00a0 \u00a0 \u00a0 \u00a0 \u00a0 \u00a0 \u00a0 \u00a0 \u00a0 \u00a0 \u00a0 \u00a0 \u00a0 \u00a0 \u00a0 \u00a0 \u00a0 \u00a0 \u00a0 \u00a0 \u00a0 \u00a0 \u00a0 \u00a0 \u00a0 \u00a0 \u00a0 \u00a0 \u00a0 \u00a0 \u00a0 \u00a0 \u00a0 \u00a0 \u00a0 \u00a0 \u00a0 \u00a0 \u00a0 \u00a0 \u00a0 \u00a0 \u00a0 \u00a0 \u00a0 \u00a0 \u00a0 \u00a0 \u00a0 \u00a0 \u00a0 \u00a0 \u00a0 \u00a0 \u00a0 \u00a0 \u00a0 \u00a0<em> \u00a0 Imagem: Vatican Media<\/em><\/p><\/div>\n<p><strong>Cidade do Vaticano &#8211;<\/strong> A p\u00e1gina que o Evangelho de Marcos (Mc 2, 21-25) nos prop\u00f5e hoje \u00e9 rica de frases e conselhos de Jesus. O Papa Francisco escolhe uma para refletir na sua homilia na capela da Casa Santa Marta, num di\u00e1logo constante com os fi\u00e9is presentes: &#8220;Com a mesma medida com que medirdes, tamb\u00e9m v\u00f3s sereis medidos&#8221;.<\/p>\n<p>Todos n\u00f3s, afirmou o Papa, fazemos as contas com a vida, fazemos no presente e, sobretudo, faremos ao final da nossa exist\u00eancia, e esta frase de Jesus nos diz justamente \u201ccomo ser\u00e1 aquele momento&#8221;, isto \u00e9, como ser\u00e1 o ju\u00edzo.<\/p>\n<p>Enquanto o trecho das Bem-aventuran\u00e7as e o cap\u00edtulo 25 do Evangelho de Mateus falam das \u201ccoisas que devemos fazer\u201d, o Evangelho de hoje mostra como faz\u00ea-las, o estilo e a medida: &#8220;Com qual medida eu me\u00e7o os outros? Com qual medida me\u00e7o a mim mesmo? \u00c9 uma medida generosa, repleta do amor de Deus ou \u00e9 uma medida rasa? E com aquela medida eu serei julgado, n\u00e3o ser\u00e1 outra: com aquela, aquela que eu fa\u00e7o. Qual \u00e9 o n\u00edvel em que coloquei a minha trave? Coloquei no alto? Devemos pensar nisso. E isso o vemos n\u00e3o s\u00f3 nas coisas boas ou m\u00e1s que fazemos, mas no estilo cont\u00ednuo de vida&#8221;.<\/p>\n<p><strong>O modelo do estilo crist\u00e3o: Deus que humilha a si mesmo<\/strong><\/p>\n<p>O Papa destacou que cada um de n\u00f3s tem um estilo, \u201cum modo de medir a si mesmo, as coisas e os outros&#8221; e ser\u00e1 o mesmo que o Senhor usar\u00e1 conosco. Portanto, explicou, quem mede com ego\u00edsmo, assim ser\u00e1 medido; quem n\u00e3o tem piedade e que para subir na vida \u201c\u00e9 capaz de pisar na cabe\u00e7a de todos&#8221;, ser\u00e1 julgado do mesmo modo, isto \u00e9, \u201csem piedade\u201d. O contr\u00e1rio disto \u00e9 o estilo de vida do crist\u00e3o, que Francisco assim prop\u00f4s: &#8220;E como crist\u00e3o eu me pergunto qual \u00e9 a medida de refer\u00eancia, a medida de compara\u00e7\u00e3o para saber se estou num n\u00edvel crist\u00e3o, um n\u00edvel que Jesus quer? \u00c9 a capacidade de me humilhar, \u00e9 a capacidade de sofrer as humilha\u00e7\u00f5es. Um crist\u00e3o que n\u00e3o \u00e9 capaz de carregar consigo as humilha\u00e7\u00f5es da vida, lhe falta algo. \u00c9 um crist\u00e3o de verniz ou de interesse. \u201cMas, padre, por que isto?\u201d. Porque Jesus fez assim, ele mesmo se aniquiliou, assim diz Paulo: \u201chumilhou-se a si mesmo e foi obediente at\u00e9 \u00e0 morte, e morte de cruz!\u201d. Ele era Deus, mas n\u00e3o se agarrou a isto: humilhou-se a si mesmo. Este \u00e9 o modelo&#8221;.<\/p>\n<p><strong>Mundanos, pecadores, empreendedores ou crist\u00e3o?<\/strong><\/p>\n<p>E como exemplo de um estilo de vida definido \u201cmundano\u201d e incapaz de seguir o modelo de Jesus, o Papa citou as \u201clamenta\u00e7\u00f5es\u201d que lhe referem os bispos quando t\u00eam dificuldades para transferir os sacerdotes de par\u00f3quia, porque consideradas &#8220;de categoria inferior&#8221; e n\u00e3o superior como eles aspiram e, portanto, vivem esta transfer\u00eancia como uma puni\u00e7\u00e3o.<\/p>\n<p>Francisco ent\u00e3o comentou como reconhecer o \u201cmeu estilo\u201d, o \u201cmeu modo de julgar\u201d segundo o comportamento que assumo diante das humilha\u00e7\u00f5es: &#8220;um modo de julgar mundano, um modo de julgar pecador, um modo de julgar empresarial ou um modo de julgar crist\u00e3o&#8221;: &#8220;Com a mesma medida com que medirdes, tamb\u00e9m v\u00f3s sereis medidos\u201d, a mesma medida. Se \u00e9 uma medida crist\u00e3, que segue Jesus no seu caminho, (com) a mesma serei julgado, com muita, muita, muita piedade, com muita compaix\u00e3o, com muita miseric\u00f3rdia. Mas se a minha medida \u00e9 mundana e s\u00f3 uso a f\u00e9 crist\u00e3 \u2013 sim, fa\u00e7o, vou \u00e0 missa, mas vivo como mundano \u2013 serei medido com esta medida. Pe\u00e7amos ao Senhor a gra\u00e7a de viver de modo crist\u00e3o e, sobretudo, de n\u00e3o ter medo da cruz, das humilha\u00e7\u00f5es, porque este \u00e9 o caminho que Ele escolheu para nos salvar e isto \u00e9 o que garante que a minha medida \u00e9 crist\u00e3: a capacidade de carregar a cruz, a capacidade de sofrer alguma humilha\u00e7\u00e3o&#8221;.<\/p>\n<hr \/>\n<p><em>Fonte: Vatican News<\/em><\/p>\n","protected":false},"excerpt":{"rendered":"<p>Papa em Santa Marta<\/p>\n","protected":false},"author":1,"featured_media":217092,"comment_status":"open","ping_status":"open","sticky":false,"template":"","format":"standard","meta":[],"categories":[1428],"tags":[829],"acf":[],"yoast_head":"<!-- This site is optimized with the Yoast SEO plugin v19.2 - https:\/\/yoast.com\/wordpress\/plugins\/seo\/ -->\n<title>Viver e julgar com o estilo misericordioso do crist\u00e3o - Not\u00edcias - Franciscanos<\/title>\n<meta name=\"robots\" content=\"index, follow, max-snippet:-1, max-image-preview:large, max-video-preview:-1\" \/>\n<link rel=\"canonical\" href=\"https:\/\/franciscanos.org.br\/noticias\/viver-e-julgar-com-o-estilo-misericordioso-do-cristao.html\" \/>\n<meta property=\"og:locale\" content=\"pt_BR\" \/>\n<meta property=\"og:type\" content=\"article\" \/>\n<meta property=\"og:title\" content=\"Viver e julgar com o estilo misericordioso do crist\u00e3o - Not\u00edcias - Franciscanos\" \/>\n<meta property=\"og:description\" content=\"Papa em Santa Marta\" \/>\n<meta property=\"og:url\" content=\"https:\/\/franciscanos.org.br\/noticias\/viver-e-julgar-com-o-estilo-misericordioso-do-cristao.html\" \/>\n<meta property=\"og:site_name\" content=\"Not\u00edcias - Franciscanos\" \/>\n<meta property=\"article:published_time\" content=\"2020-01-30T11:41:39+00:00\" \/>\n<meta property=\"article:modified_time\" content=\"2021-08-29T20:46:45+00:00\" \/>\n<meta property=\"og:image\" content=\"https:\/\/franciscanos.org.br\/noticias\/wp-content\/uploads\/2020\/01\/marta_300120p.jpg\" \/>\n\t<meta property=\"og:image:width\" content=\"273\" \/>\n\t<meta property=\"og:image:height\" content=\"181\" \/>\n\t<meta property=\"og:image:type\" content=\"image\/jpeg\" \/>\n<meta name=\"author\" content=\"admin\" \/>\n<meta name=\"twitter:card\" content=\"summary_large_image\" \/>\n<meta name=\"twitter:label1\" content=\"Escrito por\" \/>\n\t<meta name=\"twitter:data1\" content=\"admin\" \/>\n\t<meta name=\"twitter:label2\" content=\"Est. tempo de leitura\" \/>\n\t<meta name=\"twitter:data2\" content=\"3 minutos\" \/>\n<script type=\"application\/ld+json\" class=\"yoast-schema-graph\">{\"@context\":\"https:\/\/schema.org\",\"@graph\":[{\"@type\":\"WebSite\",\"@id\":\"https:\/\/franciscanos.org.br\/noticias\/#website\",\"url\":\"https:\/\/franciscanos.org.br\/noticias\/\",\"name\":\"Not\u00edcias - Franciscanos\",\"description\":\"Prov\u00edncia Franciscana da Imaculada Concei\u00e7\u00e3o do Brasil - Ordem dos Frades Menores - OFM\",\"potentialAction\":[{\"@type\":\"SearchAction\",\"target\":{\"@type\":\"EntryPoint\",\"urlTemplate\":\"https:\/\/franciscanos.org.br\/noticias\/?s={search_term_string}\"},\"query-input\":\"required name=search_term_string\"}],\"inLanguage\":\"pt-BR\"},{\"@type\":\"ImageObject\",\"inLanguage\":\"pt-BR\",\"@id\":\"https:\/\/franciscanos.org.br\/noticias\/viver-e-julgar-com-o-estilo-misericordioso-do-cristao.html#primaryimage\",\"url\":\"https:\/\/franciscanos.org.br\/noticias\/wp-content\/uploads\/2020\/01\/marta_300120p.jpg\",\"contentUrl\":\"https:\/\/franciscanos.org.br\/noticias\/wp-content\/uploads\/2020\/01\/marta_300120p.jpg\",\"width\":273,\"height\":181},{\"@type\":\"WebPage\",\"@id\":\"https:\/\/franciscanos.org.br\/noticias\/viver-e-julgar-com-o-estilo-misericordioso-do-cristao.html#webpage\",\"url\":\"https:\/\/franciscanos.org.br\/noticias\/viver-e-julgar-com-o-estilo-misericordioso-do-cristao.html\",\"name\":\"Viver e julgar com o estilo misericordioso do crist\u00e3o - Not\u00edcias - Franciscanos\",\"isPartOf\":{\"@id\":\"https:\/\/franciscanos.org.br\/noticias\/#website\"},\"primaryImageOfPage\":{\"@id\":\"https:\/\/franciscanos.org.br\/noticias\/viver-e-julgar-com-o-estilo-misericordioso-do-cristao.html#primaryimage\"},\"datePublished\":\"2020-01-30T11:41:39+00:00\",\"dateModified\":\"2021-08-29T20:46:45+00:00\",\"author\":{\"@id\":\"https:\/\/franciscanos.org.br\/noticias\/#\/schema\/person\/b38fbf43118f02820bd932f2e4b14ad3\"},\"breadcrumb\":{\"@id\":\"https:\/\/franciscanos.org.br\/noticias\/viver-e-julgar-com-o-estilo-misericordioso-do-cristao.html#breadcrumb\"},\"inLanguage\":\"pt-BR\",\"potentialAction\":[{\"@type\":\"ReadAction\",\"target\":[\"https:\/\/franciscanos.org.br\/noticias\/viver-e-julgar-com-o-estilo-misericordioso-do-cristao.html\"]}]},{\"@type\":\"BreadcrumbList\",\"@id\":\"https:\/\/franciscanos.org.br\/noticias\/viver-e-julgar-com-o-estilo-misericordioso-do-cristao.html#breadcrumb\",\"itemListElement\":[{\"@type\":\"ListItem\",\"position\":1,\"name\":\"Home\",\"item\":\"https:\/\/franciscanos.org.br\/noticias\"},{\"@type\":\"ListItem\",\"position\":2,\"name\":\"Viver e julgar com o estilo misericordioso do crist\u00e3o\"}]},{\"@type\":\"Person\",\"@id\":\"https:\/\/franciscanos.org.br\/noticias\/#\/schema\/person\/b38fbf43118f02820bd932f2e4b14ad3\",\"name\":\"admin\",\"image\":{\"@type\":\"ImageObject\",\"inLanguage\":\"pt-BR\",\"@id\":\"https:\/\/franciscanos.org.br\/noticias\/#\/schema\/person\/image\/\",\"url\":\"https:\/\/secure.gravatar.com\/avatar\/e8495742d34d0ba6448ea1c628263b3e?s=96&d=mm&r=g\",\"contentUrl\":\"https:\/\/secure.gravatar.com\/avatar\/e8495742d34d0ba6448ea1c628263b3e?s=96&d=mm&r=g\",\"caption\":\"admin\"},\"url\":\"https:\/\/franciscanos.org.br\/noticias\/author\/admin\"}]}<\/script>\n<!-- \/ Yoast SEO plugin. -->","yoast_head_json":{"title":"Viver e julgar com o estilo misericordioso do crist\u00e3o - Not\u00edcias - Franciscanos","robots":{"index":"index","follow":"follow","max-snippet":"max-snippet:-1","max-image-preview":"max-image-preview:large","max-video-preview":"max-video-preview:-1"},"canonical":"https:\/\/franciscanos.org.br\/noticias\/viver-e-julgar-com-o-estilo-misericordioso-do-cristao.html","og_locale":"pt_BR","og_type":"article","og_title":"Viver e julgar com o estilo misericordioso do crist\u00e3o - Not\u00edcias - Franciscanos","og_description":"Papa em Santa Marta","og_url":"https:\/\/franciscanos.org.br\/noticias\/viver-e-julgar-com-o-estilo-misericordioso-do-cristao.html","og_site_name":"Not\u00edcias - Franciscanos","article_published_time":"2020-01-30T11:41:39+00:00","article_modified_time":"2021-08-29T20:46:45+00:00","og_image":[{"width":273,"height":181,"url":"https:\/\/franciscanos.org.br\/noticias\/wp-content\/uploads\/2020\/01\/marta_300120p.jpg","type":"image\/jpeg"}],"author":"admin","twitter_card":"summary_large_image","twitter_misc":{"Escrito por":"admin","Est. tempo de leitura":"3 minutos"},"schema":{"@context":"https:\/\/schema.org","@graph":[{"@type":"WebSite","@id":"https:\/\/franciscanos.org.br\/noticias\/#website","url":"https:\/\/franciscanos.org.br\/noticias\/","name":"Not\u00edcias - Franciscanos","description":"Prov\u00edncia Franciscana da Imaculada Concei\u00e7\u00e3o do Brasil - Ordem dos Frades Menores - OFM","potentialAction":[{"@type":"SearchAction","target":{"@type":"EntryPoint","urlTemplate":"https:\/\/franciscanos.org.br\/noticias\/?s={search_term_string}"},"query-input":"required name=search_term_string"}],"inLanguage":"pt-BR"},{"@type":"ImageObject","inLanguage":"pt-BR","@id":"https:\/\/franciscanos.org.br\/noticias\/viver-e-julgar-com-o-estilo-misericordioso-do-cristao.html#primaryimage","url":"https:\/\/franciscanos.org.br\/noticias\/wp-content\/uploads\/2020\/01\/marta_300120p.jpg","contentUrl":"https:\/\/franciscanos.org.br\/noticias\/wp-content\/uploads\/2020\/01\/marta_300120p.jpg","width":273,"height":181},{"@type":"WebPage","@id":"https:\/\/franciscanos.org.br\/noticias\/viver-e-julgar-com-o-estilo-misericordioso-do-cristao.html#webpage","url":"https:\/\/franciscanos.org.br\/noticias\/viver-e-julgar-com-o-estilo-misericordioso-do-cristao.html","name":"Viver e julgar com o estilo misericordioso do crist\u00e3o - Not\u00edcias - Franciscanos","isPartOf":{"@id":"https:\/\/franciscanos.org.br\/noticias\/#website"},"primaryImageOfPage":{"@id":"https:\/\/franciscanos.org.br\/noticias\/viver-e-julgar-com-o-estilo-misericordioso-do-cristao.html#primaryimage"},"datePublished":"2020-01-30T11:41:39+00:00","dateModified":"2021-08-29T20:46:45+00:00","author":{"@id":"https:\/\/franciscanos.org.br\/noticias\/#\/schema\/person\/b38fbf43118f02820bd932f2e4b14ad3"},"breadcrumb":{"@id":"https:\/\/franciscanos.org.br\/noticias\/viver-e-julgar-com-o-estilo-misericordioso-do-cristao.html#breadcrumb"},"inLanguage":"pt-BR","potentialAction":[{"@type":"ReadAction","target":["https:\/\/franciscanos.org.br\/noticias\/viver-e-julgar-com-o-estilo-misericordioso-do-cristao.html"]}]},{"@type":"BreadcrumbList","@id":"https:\/\/franciscanos.org.br\/noticias\/viver-e-julgar-com-o-estilo-misericordioso-do-cristao.html#breadcrumb","itemListElement":[{"@type":"ListItem","position":1,"name":"Home","item":"https:\/\/franciscanos.org.br\/noticias"},{"@type":"ListItem","position":2,"name":"Viver e julgar com o estilo misericordioso do crist\u00e3o"}]},{"@type":"Person","@id":"https:\/\/franciscanos.org.br\/noticias\/#\/schema\/person\/b38fbf43118f02820bd932f2e4b14ad3","name":"admin","image":{"@type":"ImageObject","inLanguage":"pt-BR","@id":"https:\/\/franciscanos.org.br\/noticias\/#\/schema\/person\/image\/","url":"https:\/\/secure.gravatar.com\/avatar\/e8495742d34d0ba6448ea1c628263b3e?s=96&d=mm&r=g","contentUrl":"https:\/\/secure.gravatar.com\/avatar\/e8495742d34d0ba6448ea1c628263b3e?s=96&d=mm&r=g","caption":"admin"},"url":"https:\/\/franciscanos.org.br\/noticias\/author\/admin"}]}},"_links":{"self":[{"href":"https:\/\/franciscanos.org.br\/noticias\/wp-json\/wp\/v2\/posts\/217090"}],"collection":[{"href":"https:\/\/franciscanos.org.br\/noticias\/wp-json\/wp\/v2\/posts"}],"about":[{"href":"https:\/\/franciscanos.org.br\/noticias\/wp-json\/wp\/v2\/types\/post"}],"author":[{"embeddable":true,"href":"https:\/\/franciscanos.org.br\/noticias\/wp-json\/wp\/v2\/users\/1"}],"replies":[{"embeddable":true,"href":"https:\/\/franciscanos.org.br\/noticias\/wp-json\/wp\/v2\/comments?post=217090"}],"version-history":[{"count":2,"href":"https:\/\/franciscanos.org.br\/noticias\/wp-json\/wp\/v2\/posts\/217090\/revisions"}],"predecessor-version":[{"id":234064,"href":"https:\/\/franciscanos.org.br\/noticias\/wp-json\/wp\/v2\/posts\/217090\/revisions\/234064"}],"wp:featuredmedia":[{"embeddable":true,"href":"https:\/\/franciscanos.org.br\/noticias\/wp-json\/wp\/v2\/media\/217092"}],"wp:attachment":[{"href":"https:\/\/franciscanos.org.br\/noticias\/wp-json\/wp\/v2\/media?parent=217090"}],"wp:term":[{"taxonomy":"category","embeddable":true,"href":"https:\/\/franciscanos.org.br\/noticias\/wp-json\/wp\/v2\/categories?post=217090"},{"taxonomy":"post_tag","embeddable":true,"href":"https:\/\/franciscanos.org.br\/noticias\/wp-json\/wp\/v2\/tags?post=217090"}],"curies":[{"name":"wp","href":"https:\/\/api.w.org\/{rel}","templated":true}]}}