{"id":217083,"date":"2020-01-29T19:02:34","date_gmt":"2020-01-29T22:02:34","guid":{"rendered":"https:\/\/franciscanos.org.br\/noticias\/?p=217083"},"modified":"2021-08-29T17:47:25","modified_gmt":"2021-08-29T20:47:25","slug":"bem-aventurancas-novo-ciclo-de-catequeses-do-papa-francisco","status":"publish","type":"post","link":"https:\/\/franciscanos.org.br\/noticias\/bem-aventurancas-novo-ciclo-de-catequeses-do-papa-francisco.html","title":{"rendered":"Bem-aventuran\u00e7as: novo ciclo de catequeses do Papa Francisco"},"content":{"rendered":"<div id=\"attachment_217084\" style=\"width: 900px\" class=\"wp-caption alignnone\"><img aria-describedby=\"caption-attachment-217084\" loading=\"lazy\" class=\"wp-image-217084 size-full\" src=\"https:\/\/franciscanos.org.br\/noticias\/wp-content\/uploads\/2020\/01\/audiencia.jpg\" alt=\"\" width=\"890\" height=\"593\" srcset=\"https:\/\/franciscanos.org.br\/noticias\/wp-content\/uploads\/2020\/01\/audiencia.jpg 890w, https:\/\/franciscanos.org.br\/noticias\/wp-content\/uploads\/2020\/01\/audiencia-450x300.jpg 450w, https:\/\/franciscanos.org.br\/noticias\/wp-content\/uploads\/2020\/01\/audiencia-768x512.jpg 768w, https:\/\/franciscanos.org.br\/noticias\/wp-content\/uploads\/2020\/01\/audiencia-150x100.jpg 150w\" sizes=\"(max-width: 890px) 100vw, 890px\" \/><p id=\"caption-attachment-217084\" class=\"wp-caption-text\">\u00a0 \u00a0 \u00a0 \u00a0 \u00a0 \u00a0 \u00a0 \u00a0 \u00a0 \u00a0 \u00a0 \u00a0 \u00a0 \u00a0 \u00a0 \u00a0 \u00a0 \u00a0 \u00a0 \u00a0 \u00a0 \u00a0 \u00a0 \u00a0 \u00a0 \u00a0 \u00a0 \u00a0 \u00a0 \u00a0 \u00a0 \u00a0 \u00a0 \u00a0 \u00a0 \u00a0 \u00a0 \u00a0 \u00a0 \u00a0 \u00a0 \u00a0 \u00a0 \u00a0 \u00a0 \u00a0 \u00a0 \u00a0 \u00a0 \u00a0 \u00a0 \u00a0 \u00a0 \u00a0 \u00a0 \u00a0 \u00a0 \u00a0 \u00a0<em> \u00a0 \u00a0 \u00a0 \u00a0 \u00a0 \u00a0Imagem: Vatican Media<\/em><\/p><\/div>\n<p><strong>Cidade do Vaticano<\/strong> &#8211; Na Audi\u00eancia Geral desta quarta-feira (29\/01), realizada na Sala Paulo VI, o Papa Francisco anunciou um novo ciclo de catequeses, desta vez dedicado \u00e0s bem-aventuran\u00e7as.<\/p>\n<p>No Evangelho de Mateus (5, 1-11), o texto se abre com o serm\u00e3o da montanha, que iluminou a vida dos fi\u00e9is e inclusive de muitos n\u00e3o fi\u00e9is, por conter a \u201ccarteira de identidade\u201d dos crist\u00e3os, o seu estilo de vida seguindo o exemplo de Cristo.<\/p>\n<p>Nas pr\u00f3ximas semanas, o Pont\u00edfice comentar\u00e1 cada uma das bem-aventuran\u00e7as, dedicando esta primeira catequese a uma explica\u00e7\u00e3o global das palavras de Jesus.<\/p>\n<p>Antes de tudo, afirmou, \u00e9 importante como acontece a proclama\u00e7\u00e3o desta mensagem: suas palavras s\u00e3o endere\u00e7adas aos disc\u00edpulos, com um horizonte mais amplo que \u00e9 a multid\u00e3o que se reuniu \u00e0s margens do mar da Galileia \u2013 multid\u00e3o que representa hoje toda a humanidade. &#8220;\u00c9 uma mensagem para toda a humanidade.&#8221;<\/p>\n<p>A montanha ainda evoca o Sinai, onde Deus deu a Mois\u00e9s os dez mandamentos. Jesus come\u00e7a a ensinar uma nova lei: ser pobres, mansos, misericordiosos&#8230; que vai al\u00e9m de meras \u201cnormas\u201d. Com efeito, Jesus nada imp\u00f5e, mas revela o caminho da felicidade \u2013 o Seu caminho \u2013 repetindo oito vezes a palavra \u201cbem-aventurados\u201d.<\/p>\n<p>As bem-aventuran\u00e7as, prosseguiu o Pont\u00edfice, se comp\u00f5em de tr\u00eas partes. Primeiramente, consta sempre a palavra \u201cbem-aventurados\u201d; depois, a situa\u00e7\u00e3o em que se encontram estes beatos: pobreza, afli\u00e7\u00e3o, injusti\u00e7a, guerra, persegui\u00e7\u00e3o, etc.; e finalmente o motivo de tal felicidade, introduzido pela palavra \u201cporque\u2026\u201d.<\/p>\n<p>\u201cSeria belo aprender de cor as bem-aventuran\u00e7as, para ter na mente e no cora\u00e7\u00e3o esta lei que Jesus nos d\u00e1.\u201d<\/p>\n<p><strong>O motivo da felicidade<\/strong><br \/>\nOs \u201cporqu\u00eas\u201d n\u00e3o dizem respeito \u00e0 situa\u00e7\u00e3o atual, mas \u00e0 nova condi\u00e7\u00e3o que os Bem-aventurados receber\u00e3o de Deus. De fato, ao indicar tais motivos, Jesus usa frequentemente um futuro passivo: ser\u00e3o consolados, ser\u00e3o saciados, etc.<\/p>\n<p>Francisco explicou ainda o significado da palavra \u201cbem-aventurado\u201d, que \u00e9 uma pessoa que est\u00e1 numa condi\u00e7\u00e3o de gra\u00e7a, que progride na gra\u00e7a de Deus e no caminho de Deus. \u201cPaci\u00eancia, pobreza, servi\u00e7o aos outros, consola\u00e7\u00e3o: estas pessoas s\u00e3o felizes.\u201d<\/p>\n<p>Para doar-se a n\u00f3s, Deus escolhe com frequ\u00eancia estradas impens\u00e1veis, provavelmente aquelas dos nossos limites, das nossas l\u00e1grimas, das nossas derrotas. \u00c9 a alegria pascal, da qual falam os irm\u00e3os orientais, aquela que tem os estigmas, mas est\u00e1 viva, atravessou a morte e fez a experi\u00eancia do poder de Deus.<\/p>\n<p>O Papa ent\u00e3o concluiu com uma recomenda\u00e7\u00e3o aos fi\u00e9is:\u00a0\u201cAs bem-aventuran\u00e7as levam \u00e0 alegria, sempre. S\u00e3o o caminho para chegar \u00e0 alegria. E nos far\u00e1 bem hoje pegar o Evangelho de Mateus, cap\u00edtulo 5, vers\u00edculos 1-11 e ler as bem-aventuran\u00e7as e talvez repetir isso algumas vezes durante a semana para entender este caminho belo e certo da felicidade que o Senhor nos prop\u00f5e.\u201d<\/p>\n<hr \/>\n<p><em>Fonte: Vatican News<\/em><\/p>\n","protected":false},"excerpt":{"rendered":"<p>Audi\u00eancia Geral<\/p>\n","protected":false},"author":3,"featured_media":217085,"comment_status":"open","ping_status":"open","sticky":false,"template":"","format":"standard","meta":[],"categories":[1428],"tags":[487],"acf":[],"yoast_head":"<!-- This site is optimized with the Yoast SEO plugin v19.2 - https:\/\/yoast.com\/wordpress\/plugins\/seo\/ -->\n<title>Bem-aventuran\u00e7as: novo ciclo de catequeses do Papa Francisco - Not\u00edcias - Franciscanos<\/title>\n<meta name=\"robots\" content=\"index, follow, max-snippet:-1, max-image-preview:large, max-video-preview:-1\" \/>\n<link rel=\"canonical\" href=\"https:\/\/franciscanos.org.br\/noticias\/bem-aventurancas-novo-ciclo-de-catequeses-do-papa-francisco.html\" \/>\n<meta property=\"og:locale\" content=\"pt_BR\" \/>\n<meta property=\"og:type\" content=\"article\" \/>\n<meta property=\"og:title\" content=\"Bem-aventuran\u00e7as: novo ciclo de catequeses do Papa Francisco - Not\u00edcias - Franciscanos\" \/>\n<meta property=\"og:description\" content=\"Audi\u00eancia Geral\" \/>\n<meta property=\"og:url\" content=\"https:\/\/franciscanos.org.br\/noticias\/bem-aventurancas-novo-ciclo-de-catequeses-do-papa-francisco.html\" \/>\n<meta property=\"og:site_name\" content=\"Not\u00edcias - Franciscanos\" \/>\n<meta property=\"article:published_time\" content=\"2020-01-29T22:02:34+00:00\" \/>\n<meta property=\"article:modified_time\" content=\"2021-08-29T20:47:25+00:00\" \/>\n<meta property=\"og:image\" content=\"https:\/\/franciscanos.org.br\/noticias\/wp-content\/uploads\/2020\/01\/audiencia_d.jpg\" \/>\n\t<meta property=\"og:image:width\" content=\"273\" \/>\n\t<meta property=\"og:image:height\" content=\"181\" \/>\n\t<meta property=\"og:image:type\" content=\"image\/jpeg\" \/>\n<meta name=\"author\" content=\"moacir\" \/>\n<meta name=\"twitter:card\" content=\"summary_large_image\" \/>\n<meta name=\"twitter:label1\" content=\"Escrito por\" \/>\n\t<meta name=\"twitter:data1\" content=\"moacir\" \/>\n\t<meta name=\"twitter:label2\" content=\"Est. tempo de leitura\" \/>\n\t<meta name=\"twitter:data2\" content=\"3 minutos\" \/>\n<script type=\"application\/ld+json\" class=\"yoast-schema-graph\">{\"@context\":\"https:\/\/schema.org\",\"@graph\":[{\"@type\":\"WebSite\",\"@id\":\"https:\/\/franciscanos.org.br\/noticias\/#website\",\"url\":\"https:\/\/franciscanos.org.br\/noticias\/\",\"name\":\"Not\u00edcias - Franciscanos\",\"description\":\"Prov\u00edncia Franciscana da Imaculada Concei\u00e7\u00e3o do Brasil - Ordem dos Frades Menores - OFM\",\"potentialAction\":[{\"@type\":\"SearchAction\",\"target\":{\"@type\":\"EntryPoint\",\"urlTemplate\":\"https:\/\/franciscanos.org.br\/noticias\/?s={search_term_string}\"},\"query-input\":\"required name=search_term_string\"}],\"inLanguage\":\"pt-BR\"},{\"@type\":\"ImageObject\",\"inLanguage\":\"pt-BR\",\"@id\":\"https:\/\/franciscanos.org.br\/noticias\/bem-aventurancas-novo-ciclo-de-catequeses-do-papa-francisco.html#primaryimage\",\"url\":\"https:\/\/franciscanos.org.br\/noticias\/wp-content\/uploads\/2020\/01\/audiencia_d.jpg\",\"contentUrl\":\"https:\/\/franciscanos.org.br\/noticias\/wp-content\/uploads\/2020\/01\/audiencia_d.jpg\",\"width\":273,\"height\":181},{\"@type\":\"WebPage\",\"@id\":\"https:\/\/franciscanos.org.br\/noticias\/bem-aventurancas-novo-ciclo-de-catequeses-do-papa-francisco.html#webpage\",\"url\":\"https:\/\/franciscanos.org.br\/noticias\/bem-aventurancas-novo-ciclo-de-catequeses-do-papa-francisco.html\",\"name\":\"Bem-aventuran\u00e7as: novo ciclo de catequeses do Papa Francisco - Not\u00edcias - Franciscanos\",\"isPartOf\":{\"@id\":\"https:\/\/franciscanos.org.br\/noticias\/#website\"},\"primaryImageOfPage\":{\"@id\":\"https:\/\/franciscanos.org.br\/noticias\/bem-aventurancas-novo-ciclo-de-catequeses-do-papa-francisco.html#primaryimage\"},\"datePublished\":\"2020-01-29T22:02:34+00:00\",\"dateModified\":\"2021-08-29T20:47:25+00:00\",\"author\":{\"@id\":\"https:\/\/franciscanos.org.br\/noticias\/#\/schema\/person\/b5c8cba458c330ccff548b056e95a5d4\"},\"breadcrumb\":{\"@id\":\"https:\/\/franciscanos.org.br\/noticias\/bem-aventurancas-novo-ciclo-de-catequeses-do-papa-francisco.html#breadcrumb\"},\"inLanguage\":\"pt-BR\",\"potentialAction\":[{\"@type\":\"ReadAction\",\"target\":[\"https:\/\/franciscanos.org.br\/noticias\/bem-aventurancas-novo-ciclo-de-catequeses-do-papa-francisco.html\"]}]},{\"@type\":\"BreadcrumbList\",\"@id\":\"https:\/\/franciscanos.org.br\/noticias\/bem-aventurancas-novo-ciclo-de-catequeses-do-papa-francisco.html#breadcrumb\",\"itemListElement\":[{\"@type\":\"ListItem\",\"position\":1,\"name\":\"Home\",\"item\":\"https:\/\/franciscanos.org.br\/noticias\"},{\"@type\":\"ListItem\",\"position\":2,\"name\":\"Bem-aventuran\u00e7as: novo ciclo de catequeses do Papa Francisco\"}]},{\"@type\":\"Person\",\"@id\":\"https:\/\/franciscanos.org.br\/noticias\/#\/schema\/person\/b5c8cba458c330ccff548b056e95a5d4\",\"name\":\"moacir\",\"image\":{\"@type\":\"ImageObject\",\"inLanguage\":\"pt-BR\",\"@id\":\"https:\/\/franciscanos.org.br\/noticias\/#\/schema\/person\/image\/\",\"url\":\"https:\/\/secure.gravatar.com\/avatar\/d08aa2ce4c8dd416d4479aa8536fcf64?s=96&d=mm&r=g\",\"contentUrl\":\"https:\/\/secure.gravatar.com\/avatar\/d08aa2ce4c8dd416d4479aa8536fcf64?s=96&d=mm&r=g\",\"caption\":\"moacir\"},\"url\":\"https:\/\/franciscanos.org.br\/noticias\/author\/moacir\"}]}<\/script>\n<!-- \/ Yoast SEO plugin. -->","yoast_head_json":{"title":"Bem-aventuran\u00e7as: novo ciclo de catequeses do Papa Francisco - Not\u00edcias - Franciscanos","robots":{"index":"index","follow":"follow","max-snippet":"max-snippet:-1","max-image-preview":"max-image-preview:large","max-video-preview":"max-video-preview:-1"},"canonical":"https:\/\/franciscanos.org.br\/noticias\/bem-aventurancas-novo-ciclo-de-catequeses-do-papa-francisco.html","og_locale":"pt_BR","og_type":"article","og_title":"Bem-aventuran\u00e7as: novo ciclo de catequeses do Papa Francisco - Not\u00edcias - Franciscanos","og_description":"Audi\u00eancia Geral","og_url":"https:\/\/franciscanos.org.br\/noticias\/bem-aventurancas-novo-ciclo-de-catequeses-do-papa-francisco.html","og_site_name":"Not\u00edcias - Franciscanos","article_published_time":"2020-01-29T22:02:34+00:00","article_modified_time":"2021-08-29T20:47:25+00:00","og_image":[{"width":273,"height":181,"url":"https:\/\/franciscanos.org.br\/noticias\/wp-content\/uploads\/2020\/01\/audiencia_d.jpg","type":"image\/jpeg"}],"author":"moacir","twitter_card":"summary_large_image","twitter_misc":{"Escrito por":"moacir","Est. tempo de leitura":"3 minutos"},"schema":{"@context":"https:\/\/schema.org","@graph":[{"@type":"WebSite","@id":"https:\/\/franciscanos.org.br\/noticias\/#website","url":"https:\/\/franciscanos.org.br\/noticias\/","name":"Not\u00edcias - Franciscanos","description":"Prov\u00edncia Franciscana da Imaculada Concei\u00e7\u00e3o do Brasil - Ordem dos Frades Menores - OFM","potentialAction":[{"@type":"SearchAction","target":{"@type":"EntryPoint","urlTemplate":"https:\/\/franciscanos.org.br\/noticias\/?s={search_term_string}"},"query-input":"required name=search_term_string"}],"inLanguage":"pt-BR"},{"@type":"ImageObject","inLanguage":"pt-BR","@id":"https:\/\/franciscanos.org.br\/noticias\/bem-aventurancas-novo-ciclo-de-catequeses-do-papa-francisco.html#primaryimage","url":"https:\/\/franciscanos.org.br\/noticias\/wp-content\/uploads\/2020\/01\/audiencia_d.jpg","contentUrl":"https:\/\/franciscanos.org.br\/noticias\/wp-content\/uploads\/2020\/01\/audiencia_d.jpg","width":273,"height":181},{"@type":"WebPage","@id":"https:\/\/franciscanos.org.br\/noticias\/bem-aventurancas-novo-ciclo-de-catequeses-do-papa-francisco.html#webpage","url":"https:\/\/franciscanos.org.br\/noticias\/bem-aventurancas-novo-ciclo-de-catequeses-do-papa-francisco.html","name":"Bem-aventuran\u00e7as: novo ciclo de catequeses do Papa Francisco - Not\u00edcias - Franciscanos","isPartOf":{"@id":"https:\/\/franciscanos.org.br\/noticias\/#website"},"primaryImageOfPage":{"@id":"https:\/\/franciscanos.org.br\/noticias\/bem-aventurancas-novo-ciclo-de-catequeses-do-papa-francisco.html#primaryimage"},"datePublished":"2020-01-29T22:02:34+00:00","dateModified":"2021-08-29T20:47:25+00:00","author":{"@id":"https:\/\/franciscanos.org.br\/noticias\/#\/schema\/person\/b5c8cba458c330ccff548b056e95a5d4"},"breadcrumb":{"@id":"https:\/\/franciscanos.org.br\/noticias\/bem-aventurancas-novo-ciclo-de-catequeses-do-papa-francisco.html#breadcrumb"},"inLanguage":"pt-BR","potentialAction":[{"@type":"ReadAction","target":["https:\/\/franciscanos.org.br\/noticias\/bem-aventurancas-novo-ciclo-de-catequeses-do-papa-francisco.html"]}]},{"@type":"BreadcrumbList","@id":"https:\/\/franciscanos.org.br\/noticias\/bem-aventurancas-novo-ciclo-de-catequeses-do-papa-francisco.html#breadcrumb","itemListElement":[{"@type":"ListItem","position":1,"name":"Home","item":"https:\/\/franciscanos.org.br\/noticias"},{"@type":"ListItem","position":2,"name":"Bem-aventuran\u00e7as: novo ciclo de catequeses do Papa Francisco"}]},{"@type":"Person","@id":"https:\/\/franciscanos.org.br\/noticias\/#\/schema\/person\/b5c8cba458c330ccff548b056e95a5d4","name":"moacir","image":{"@type":"ImageObject","inLanguage":"pt-BR","@id":"https:\/\/franciscanos.org.br\/noticias\/#\/schema\/person\/image\/","url":"https:\/\/secure.gravatar.com\/avatar\/d08aa2ce4c8dd416d4479aa8536fcf64?s=96&d=mm&r=g","contentUrl":"https:\/\/secure.gravatar.com\/avatar\/d08aa2ce4c8dd416d4479aa8536fcf64?s=96&d=mm&r=g","caption":"moacir"},"url":"https:\/\/franciscanos.org.br\/noticias\/author\/moacir"}]}},"_links":{"self":[{"href":"https:\/\/franciscanos.org.br\/noticias\/wp-json\/wp\/v2\/posts\/217083"}],"collection":[{"href":"https:\/\/franciscanos.org.br\/noticias\/wp-json\/wp\/v2\/posts"}],"about":[{"href":"https:\/\/franciscanos.org.br\/noticias\/wp-json\/wp\/v2\/types\/post"}],"author":[{"embeddable":true,"href":"https:\/\/franciscanos.org.br\/noticias\/wp-json\/wp\/v2\/users\/3"}],"replies":[{"embeddable":true,"href":"https:\/\/franciscanos.org.br\/noticias\/wp-json\/wp\/v2\/comments?post=217083"}],"version-history":[{"count":2,"href":"https:\/\/franciscanos.org.br\/noticias\/wp-json\/wp\/v2\/posts\/217083\/revisions"}],"predecessor-version":[{"id":234066,"href":"https:\/\/franciscanos.org.br\/noticias\/wp-json\/wp\/v2\/posts\/217083\/revisions\/234066"}],"wp:featuredmedia":[{"embeddable":true,"href":"https:\/\/franciscanos.org.br\/noticias\/wp-json\/wp\/v2\/media\/217085"}],"wp:attachment":[{"href":"https:\/\/franciscanos.org.br\/noticias\/wp-json\/wp\/v2\/media?parent=217083"}],"wp:term":[{"taxonomy":"category","embeddable":true,"href":"https:\/\/franciscanos.org.br\/noticias\/wp-json\/wp\/v2\/categories?post=217083"},{"taxonomy":"post_tag","embeddable":true,"href":"https:\/\/franciscanos.org.br\/noticias\/wp-json\/wp\/v2\/tags?post=217083"}],"curies":[{"name":"wp","href":"https:\/\/api.w.org\/{rel}","templated":true}]}}