{"id":217024,"date":"2020-01-29T19:52:55","date_gmt":"2020-01-29T22:52:55","guid":{"rendered":"https:\/\/franciscanos.org.br\/noticias\/?p=217024"},"modified":"2020-01-29T20:07:28","modified_gmt":"2020-01-29T23:07:28","slug":"moema-e-igor-provocacoes-e-esperanca-na-mfj","status":"publish","type":"post","link":"https:\/\/franciscanos.org.br\/noticias\/moema-e-igor-provocacoes-e-esperanca-na-mfj.html","title":{"rendered":"Moema e Igor: provoca\u00e7\u00f5es e esperan\u00e7a na MFJ"},"content":{"rendered":"<p><img loading=\"lazy\" class=\"alignnone size-full wp-image-217025\" src=\"https:\/\/franciscanos.org.br\/noticias\/wp-content\/uploads\/2020\/01\/moema_2901_1.jpg\" alt=\"\" width=\"1820\" height=\"1115\" srcset=\"https:\/\/franciscanos.org.br\/noticias\/wp-content\/uploads\/2020\/01\/moema_2901_1.jpg 1820w, https:\/\/franciscanos.org.br\/noticias\/wp-content\/uploads\/2020\/01\/moema_2901_1-450x276.jpg 450w, https:\/\/franciscanos.org.br\/noticias\/wp-content\/uploads\/2020\/01\/moema_2901_1-1024x627.jpg 1024w, https:\/\/franciscanos.org.br\/noticias\/wp-content\/uploads\/2020\/01\/moema_2901_1-768x471.jpg 768w, https:\/\/franciscanos.org.br\/noticias\/wp-content\/uploads\/2020\/01\/moema_2901_1-1536x941.jpg 1536w, https:\/\/franciscanos.org.br\/noticias\/wp-content\/uploads\/2020\/01\/moema_2901_1-150x92.jpg 150w\" sizes=\"(max-width: 1820px) 100vw, 1820px\" \/><\/p>\n<p><strong>Frei Augusto Luiz Gabriel e Moacir Beggo<\/strong><\/p>\n<p><strong>\u00a0<\/strong><strong>Xaxim (SC)<\/strong> &#8211; Os jovens franciscanos n\u00e3o tiveram descanso na tarde desta quarta-feira, 29 de janeiro. Logo depois do almo\u00e7o, \u00e0s 14 horas, eles ganharam a oportunidade de ouvir as duas primeiras palestras programadas para as Miss\u00f5es Franciscanas da Juventude, dentro do tema e lema: \u201cE Deus viu que tudo era muito bom\u201d e \u201cGuardi\u00f5es das rela\u00e7\u00f5es com Deus, com o pr\u00f3ximo e com a casa comum\u201d.<\/p>\n<p>Primeiro, o jovem Igor Bastos, que \u00e9 o coordenador no Brasil do Movimento Cat\u00f3lico Global pelo Clima e tamb\u00e9m \u00e9 da Jufra (Juventude Franciscana), falou sobre a import\u00e2ncia de os jovens assumirem o protagonismo na evangeliza\u00e7\u00e3o, e depois a antrop\u00f3loga e leiga franciscana, Moema Miranda, que participou do S\u00ednodo para a Amaz\u00f4nia, abordou o tema <em>Laudato Si\u2019<\/em> para os nossos dias, bem como as suas consequ\u00eancias pr\u00e1ticas em nossas vidas.<\/p>\n<p><img loading=\"lazy\" class=\"alignnone size-full wp-image-217026\" src=\"https:\/\/franciscanos.org.br\/noticias\/wp-content\/uploads\/2020\/01\/moema_2901.jpg\" alt=\"\" width=\"1280\" height=\"853\" srcset=\"https:\/\/franciscanos.org.br\/noticias\/wp-content\/uploads\/2020\/01\/moema_2901.jpg 1280w, https:\/\/franciscanos.org.br\/noticias\/wp-content\/uploads\/2020\/01\/moema_2901-450x300.jpg 450w, https:\/\/franciscanos.org.br\/noticias\/wp-content\/uploads\/2020\/01\/moema_2901-1024x682.jpg 1024w, https:\/\/franciscanos.org.br\/noticias\/wp-content\/uploads\/2020\/01\/moema_2901-768x512.jpg 768w, https:\/\/franciscanos.org.br\/noticias\/wp-content\/uploads\/2020\/01\/moema_2901-150x100.jpg 150w\" sizes=\"(max-width: 1280px) 100vw, 1280px\" \/><\/p>\n<p>Os dois foram enf\u00e1ticos ao falar diretamente para os 800 jovens: o futuro do Planeta depende muito deles! Igor pediu para serem promotores da esperan\u00e7a nesses tempos dif\u00edceis que vivemos e Moema foi convocou: &#8220;O tempo \u00e9 agora!&#8221;<\/p>\n<p>Os dois palestrantes se detiveram na enc\u00edclica <em>Laudato Si&#8217;<\/em> para esta tarde de forma\u00e7\u00e3o franciscana. Moema lembrou aos jovens que o Papa Francisco escreveu a <em>Laudato Si&#8217;<\/em> num momento delicado quando acontecia a Confer\u00eancia de Paris sobre o clima. &#8220;Essa carta enc\u00edclica \u00e9 hoje o documento mais importante da Igreja Cat\u00f3lica. E o Papa disse no S\u00ednodo da Amaz\u00f4nia, no ano passado: eu quero ver como \u00e9 que a enc\u00edclica <em>Laudato Si&#8217;<\/em> acontece na realidade&#8221;, recordou Moema.<\/p>\n<p><img loading=\"lazy\" class=\"alignnone size-full wp-image-217027\" src=\"https:\/\/franciscanos.org.br\/noticias\/wp-content\/uploads\/2020\/01\/igor_2901.jpg\" alt=\"\" width=\"1820\" height=\"1213\" srcset=\"https:\/\/franciscanos.org.br\/noticias\/wp-content\/uploads\/2020\/01\/igor_2901.jpg 1820w, https:\/\/franciscanos.org.br\/noticias\/wp-content\/uploads\/2020\/01\/igor_2901-450x300.jpg 450w, https:\/\/franciscanos.org.br\/noticias\/wp-content\/uploads\/2020\/01\/igor_2901-1024x682.jpg 1024w, https:\/\/franciscanos.org.br\/noticias\/wp-content\/uploads\/2020\/01\/igor_2901-768x512.jpg 768w, https:\/\/franciscanos.org.br\/noticias\/wp-content\/uploads\/2020\/01\/igor_2901-1536x1024.jpg 1536w, https:\/\/franciscanos.org.br\/noticias\/wp-content\/uploads\/2020\/01\/igor_2901-150x100.jpg 150w\" sizes=\"(max-width: 1820px) 100vw, 1820px\" \/><\/p>\n<p>&#8220;\u00c9 um tempo muito dif\u00edcil porque o Planeta Terra est\u00e1 dizendo para a gente: tudo est\u00e1 interligado e do jeito que voc\u00eas est\u00e3o vivendo aqui, talvez, v\u00e3o destruir toda a cria\u00e7\u00e3o. N\u00e3o todos n\u00f3s, mas uma grande parte da humanidade&#8221;, acrescentou Miranda.<\/p>\n<p>Miranda enfatizou que o Papa alerta: &#8220;Olha, ainda tem tempo de mudar! Mas \u00e9 esse tempo agora. N\u00e3o d\u00e1 para ficar esperando. Tem que ter urg\u00eancia. E o Papa fala assim: N\u00e3o deixem que roubem de n\u00f3s esperan\u00e7a. N\u00e3o deixem que roubem a esperan\u00e7a que o mundo pode ser um lugar bom. Que a vida pode ser boa. Que o futuro pode ser melhor. N\u00e3o deixem que os poderosos digam &#8220;tem que ser assim&#8221;. Tem gente que passa fome e \u00e9 assim mesmo. Tem gente que n\u00e3o tem direitos e \u00e9 assim mesmo. N\u00e3o, \u00e9 poss\u00edvel mudar e a gente tem que se empenhar nessa mudan\u00e7a&#8221;, indicou.<\/p>\n<p><img loading=\"lazy\" class=\"alignnone size-full wp-image-217028\" src=\"https:\/\/franciscanos.org.br\/noticias\/wp-content\/uploads\/2020\/01\/moema_2901_2.jpg\" alt=\"\" width=\"1280\" height=\"793\" srcset=\"https:\/\/franciscanos.org.br\/noticias\/wp-content\/uploads\/2020\/01\/moema_2901_2.jpg 1280w, https:\/\/franciscanos.org.br\/noticias\/wp-content\/uploads\/2020\/01\/moema_2901_2-450x279.jpg 450w, https:\/\/franciscanos.org.br\/noticias\/wp-content\/uploads\/2020\/01\/moema_2901_2-1024x634.jpg 1024w, https:\/\/franciscanos.org.br\/noticias\/wp-content\/uploads\/2020\/01\/moema_2901_2-768x476.jpg 768w, https:\/\/franciscanos.org.br\/noticias\/wp-content\/uploads\/2020\/01\/moema_2901_2-150x93.jpg 150w\" sizes=\"(max-width: 1280px) 100vw, 1280px\" \/><\/p>\n<p>Segundo Moema, do jeito que a gente est\u00e1 vivendo, estamos deixando o mundo quase sem salva\u00e7\u00e3o. Ela citou o Painel Intergovernamental sobre Mudan\u00e7as do Clima (IPCC), criado pela Organiza\u00e7\u00e3o Meteorol\u00f3gica Mundial (OMM) e pela <em>United Nations Environment Programme<\/em> (UNEP) em 1988, alertando que devido \u00e0s concentra\u00e7\u00f5es atuais e as emiss\u00f5es cont\u00ednuas de gases de efeito estufa, \u00e9 prov\u00e1vel que o final deste s\u00e9culo registre um aumento de 1 a 2\u00b0 C na temperatura m\u00e9dia global acima do n\u00edvel de 1990 (cerca de 1,5 a 2,5\u00b0 C acima do n\u00edvel pr\u00e9-industrial). Os oceanos do mundo se aquecer\u00e3o e o derretimento do gelo continuar\u00e1. Em 2100, prev\u00ea-se que o aumento m\u00e9dio do n\u00edvel do mar seja de 24 a 30 cm em 2065 e de 40 a 63 cm em rela\u00e7\u00e3o ao per\u00edodo de 1986-2005. A maioria das consequ\u00eancias da mudan\u00e7a clim\u00e1tica persistir\u00e1 por muitos s\u00e9culos, mesmo se as emiss\u00f5es forem interrompidas.<\/p>\n<p>&#8220;Isso n\u00e3o \u00e9 porque Deus quer assim como se diz&#8221;, lamentou Moema. &#8220;Essas mudan\u00e7as clim\u00e1ticas n\u00e3o afetam todo mundo igualmente. As pessoas mais pobres, que menos contribuem para isso, sofrem mais. Na minha cidade, Teres\u00f3polis, teve uma enchente medonha, e as casas dos ricos se ergueram r\u00e1pido, mas as dos pobres at\u00e9 hoje est\u00e3o esperando&#8221;, recordou. &#8220;N\u00f3s, franciscanos e franciscanas, voc\u00eas que s\u00e3o jovens, t\u00eam que estar muito, muito ocupados com isso. N\u00e3o digo preocupados e com medo. \u00c9 poss\u00edvel mudar!&#8221;, encorajou.<\/p>\n<p>No final, atualizou o di\u00e1logo de Francisco com Jesus na igrejinha de S\u00e3o Dami\u00e3o &#8211; &#8220;Francisco, vai e reconstr\u00f3i a minha casa&#8221; &#8211; lembrando que a casa a ser reconstru\u00edda hoje \u00e9 a Casa Comum, \u00e9 a o nosso Planeta que est\u00e1 em ru\u00ednas.<\/p>\n<p><img loading=\"lazy\" class=\"alignnone size-full wp-image-217029\" src=\"https:\/\/franciscanos.org.br\/noticias\/wp-content\/uploads\/2020\/01\/moema_2901_3.jpg\" alt=\"\" width=\"1280\" height=\"960\" srcset=\"https:\/\/franciscanos.org.br\/noticias\/wp-content\/uploads\/2020\/01\/moema_2901_3.jpg 1280w, https:\/\/franciscanos.org.br\/noticias\/wp-content\/uploads\/2020\/01\/moema_2901_3-450x338.jpg 450w, https:\/\/franciscanos.org.br\/noticias\/wp-content\/uploads\/2020\/01\/moema_2901_3-1024x768.jpg 1024w, https:\/\/franciscanos.org.br\/noticias\/wp-content\/uploads\/2020\/01\/moema_2901_3-768x576.jpg 768w, https:\/\/franciscanos.org.br\/noticias\/wp-content\/uploads\/2020\/01\/moema_2901_3-150x113.jpg 150w, https:\/\/franciscanos.org.br\/noticias\/wp-content\/uploads\/2020\/01\/moema_2901_3-600x450.jpg 600w\" sizes=\"(max-width: 1280px) 100vw, 1280px\" \/><\/p>\n<p>Para Igor, a responsabilidade que o Papa Francisco coloca nas m\u00e3os dessa gera\u00e7\u00e3o \u00e9 muito grande. &#8220;A mensagem que gostaria de deixar nesse in\u00edcio das Miss\u00f5es \u00e9 para n\u00e3o deixar essa alegria de estar junto acabar aqui. Que aqui seja um espa\u00e7o para a gente se alimentar na amizade, na nossa pr\u00f3pria experi\u00eancia, para voltar \u00e0s nossas cidades e continuar o trabalho por uma sociedade mais justa e fraterna. Para sermos promotores da globaliza\u00e7\u00e3o da esperan\u00e7a. S\u00e3o tempos dif\u00edceis que vivemos, mas que a gente n\u00e3o perca a esperan\u00e7a. Que a gente n\u00e3o perca a perfeita alegria!&#8221;, desejou Igor Bastos.<\/p>\n<p>Muita m\u00fasica e dan\u00e7a movimentaram os jovens nos intervalos entre as atividades. Um desses momentos foi a &#8220;aula&#8221; que os xaxienses deram de como usar o len\u00e7o de ga\u00facho.\u00a0O len\u00e7o \u00e9 parte essencial da indument\u00e1ria do ga\u00facho. Inicialmente, era utilizado na cabe\u00e7a, mas a partir de revolu\u00e7\u00f5es pol\u00edticas no Rio Grande do Sul passou para o pesco\u00e7o com uma conota\u00e7\u00e3o mais representativa. Ainda hoje as cores mais usadas s\u00e3o branco e vermelho, mas sem conota\u00e7\u00e3o pol\u00edtica.<\/p>\n<p>Crian\u00e7as do projeto do Jardim Peri de S\u00e3o Paulo, do Servi\u00e7o Franciscano de Solidariedade \u2013 Sefras \u2013, apresentaram uma m\u00edstica aos jovens denunciando as injusti\u00e7as numa cidade grande.<\/p>\n<hr \/>\n<p><strong>VEJA MAIS IMAGENS DA TARDE NA MFJ<\/strong><\/p>\n\n\t\t<style type=\"text\/css\">\n\t\t\t#gallery-1 {\n\t\t\t\tmargin: auto;\n\t\t\t}\n\t\t\t#gallery-1 .gallery-item {\n\t\t\t\tfloat: left;\n\t\t\t\tmargin-top: 10px;\n\t\t\t\ttext-align: center;\n\t\t\t\twidth: 25%;\n\t\t\t}\n\t\t\t#gallery-1 img {\n\t\t\t\tborder: 2px solid #cfcfcf;\n\t\t\t}\n\t\t\t#gallery-1 .gallery-caption {\n\t\t\t\tmargin-left: 0;\n\t\t\t}\n\t\t\t\/* see gallery_shortcode() in wp-includes\/media.php *\/\n\t\t<\/style>\n\t\t<div id='gallery-1' class='gallery galleryid-217024 gallery-columns-4 gallery-size-thumbnail'><dl class='gallery-item'>\n\t\t\t<dt class='gallery-icon landscape'>\n\t\t\t\t<a href='https:\/\/franciscanos.org.br\/noticias\/wp-content\/uploads\/2020\/01\/mfj-1-1.jpg'><img width=\"300\" height=\"300\" src=\"https:\/\/franciscanos.org.br\/noticias\/wp-content\/uploads\/2020\/01\/mfj-1-1-300x300.jpg\" class=\"attachment-thumbnail size-thumbnail\" alt=\"\" loading=\"lazy\" srcset=\"https:\/\/franciscanos.org.br\/noticias\/wp-content\/uploads\/2020\/01\/mfj-1-1-300x300.jpg 300w, https:\/\/franciscanos.org.br\/noticias\/wp-content\/uploads\/2020\/01\/mfj-1-1-100x100.jpg 100w, https:\/\/franciscanos.org.br\/noticias\/wp-content\/uploads\/2020\/01\/mfj-1-1-400x400.jpg 400w\" sizes=\"(max-width: 300px) 100vw, 300px\" \/><\/a>\n\t\t\t<\/dt><\/dl><dl class='gallery-item'>\n\t\t\t<dt class='gallery-icon portrait'>\n\t\t\t\t<a href='https:\/\/franciscanos.org.br\/noticias\/wp-content\/uploads\/2020\/01\/mfj-2-1.jpg'><img width=\"300\" height=\"300\" src=\"https:\/\/franciscanos.org.br\/noticias\/wp-content\/uploads\/2020\/01\/mfj-2-1-300x300.jpg\" class=\"attachment-thumbnail size-thumbnail\" alt=\"\" loading=\"lazy\" srcset=\"https:\/\/franciscanos.org.br\/noticias\/wp-content\/uploads\/2020\/01\/mfj-2-1-300x300.jpg 300w, https:\/\/franciscanos.org.br\/noticias\/wp-content\/uploads\/2020\/01\/mfj-2-1-100x100.jpg 100w, https:\/\/franciscanos.org.br\/noticias\/wp-content\/uploads\/2020\/01\/mfj-2-1-400x400.jpg 400w\" sizes=\"(max-width: 300px) 100vw, 300px\" \/><\/a>\n\t\t\t<\/dt><\/dl><dl class='gallery-item'>\n\t\t\t<dt class='gallery-icon landscape'>\n\t\t\t\t<a href='https:\/\/franciscanos.org.br\/noticias\/wp-content\/uploads\/2020\/01\/mfj-3-1.jpg'><img width=\"300\" height=\"300\" src=\"https:\/\/franciscanos.org.br\/noticias\/wp-content\/uploads\/2020\/01\/mfj-3-1-300x300.jpg\" class=\"attachment-thumbnail size-thumbnail\" alt=\"\" loading=\"lazy\" srcset=\"https:\/\/franciscanos.org.br\/noticias\/wp-content\/uploads\/2020\/01\/mfj-3-1-300x300.jpg 300w, https:\/\/franciscanos.org.br\/noticias\/wp-content\/uploads\/2020\/01\/mfj-3-1-100x100.jpg 100w, https:\/\/franciscanos.org.br\/noticias\/wp-content\/uploads\/2020\/01\/mfj-3-1-400x400.jpg 400w\" sizes=\"(max-width: 300px) 100vw, 300px\" \/><\/a>\n\t\t\t<\/dt><\/dl><dl class='gallery-item'>\n\t\t\t<dt class='gallery-icon landscape'>\n\t\t\t\t<a href='https:\/\/franciscanos.org.br\/noticias\/wp-content\/uploads\/2020\/01\/mfj-4-1.jpg'><img width=\"300\" height=\"300\" src=\"https:\/\/franciscanos.org.br\/noticias\/wp-content\/uploads\/2020\/01\/mfj-4-1-300x300.jpg\" class=\"attachment-thumbnail size-thumbnail\" alt=\"\" loading=\"lazy\" srcset=\"https:\/\/franciscanos.org.br\/noticias\/wp-content\/uploads\/2020\/01\/mfj-4-1-300x300.jpg 300w, https:\/\/franciscanos.org.br\/noticias\/wp-content\/uploads\/2020\/01\/mfj-4-1-100x100.jpg 100w, https:\/\/franciscanos.org.br\/noticias\/wp-content\/uploads\/2020\/01\/mfj-4-1-400x400.jpg 400w\" sizes=\"(max-width: 300px) 100vw, 300px\" \/><\/a>\n\t\t\t<\/dt><\/dl><br style=\"clear: both\" \/><dl class='gallery-item'>\n\t\t\t<dt class='gallery-icon landscape'>\n\t\t\t\t<a href='https:\/\/franciscanos.org.br\/noticias\/wp-content\/uploads\/2020\/01\/mfj-5-1.jpg'><img width=\"300\" height=\"300\" src=\"https:\/\/franciscanos.org.br\/noticias\/wp-content\/uploads\/2020\/01\/mfj-5-1-300x300.jpg\" class=\"attachment-thumbnail size-thumbnail\" alt=\"\" loading=\"lazy\" srcset=\"https:\/\/franciscanos.org.br\/noticias\/wp-content\/uploads\/2020\/01\/mfj-5-1-300x300.jpg 300w, https:\/\/franciscanos.org.br\/noticias\/wp-content\/uploads\/2020\/01\/mfj-5-1-100x100.jpg 100w, https:\/\/franciscanos.org.br\/noticias\/wp-content\/uploads\/2020\/01\/mfj-5-1-400x400.jpg 400w\" sizes=\"(max-width: 300px) 100vw, 300px\" \/><\/a>\n\t\t\t<\/dt><\/dl><dl class='gallery-item'>\n\t\t\t<dt class='gallery-icon landscape'>\n\t\t\t\t<a href='https:\/\/franciscanos.org.br\/noticias\/wp-content\/uploads\/2020\/01\/mfj-6-1.jpg'><img width=\"300\" height=\"300\" src=\"https:\/\/franciscanos.org.br\/noticias\/wp-content\/uploads\/2020\/01\/mfj-6-1-300x300.jpg\" class=\"attachment-thumbnail size-thumbnail\" alt=\"\" loading=\"lazy\" srcset=\"https:\/\/franciscanos.org.br\/noticias\/wp-content\/uploads\/2020\/01\/mfj-6-1-300x300.jpg 300w, https:\/\/franciscanos.org.br\/noticias\/wp-content\/uploads\/2020\/01\/mfj-6-1-100x100.jpg 100w, https:\/\/franciscanos.org.br\/noticias\/wp-content\/uploads\/2020\/01\/mfj-6-1-400x400.jpg 400w\" sizes=\"(max-width: 300px) 100vw, 300px\" \/><\/a>\n\t\t\t<\/dt><\/dl><dl class='gallery-item'>\n\t\t\t<dt class='gallery-icon landscape'>\n\t\t\t\t<a href='https:\/\/franciscanos.org.br\/noticias\/wp-content\/uploads\/2020\/01\/mfj-7-1.jpg'><img width=\"300\" height=\"300\" src=\"https:\/\/franciscanos.org.br\/noticias\/wp-content\/uploads\/2020\/01\/mfj-7-1-300x300.jpg\" class=\"attachment-thumbnail size-thumbnail\" alt=\"\" loading=\"lazy\" srcset=\"https:\/\/franciscanos.org.br\/noticias\/wp-content\/uploads\/2020\/01\/mfj-7-1-300x300.jpg 300w, https:\/\/franciscanos.org.br\/noticias\/wp-content\/uploads\/2020\/01\/mfj-7-1-100x100.jpg 100w, https:\/\/franciscanos.org.br\/noticias\/wp-content\/uploads\/2020\/01\/mfj-7-1-400x400.jpg 400w\" sizes=\"(max-width: 300px) 100vw, 300px\" \/><\/a>\n\t\t\t<\/dt><\/dl><dl class='gallery-item'>\n\t\t\t<dt class='gallery-icon landscape'>\n\t\t\t\t<a href='https:\/\/franciscanos.org.br\/noticias\/wp-content\/uploads\/2020\/01\/mfj-9-1.jpg'><img width=\"300\" height=\"300\" src=\"https:\/\/franciscanos.org.br\/noticias\/wp-content\/uploads\/2020\/01\/mfj-9-1-300x300.jpg\" class=\"attachment-thumbnail size-thumbnail\" alt=\"\" loading=\"lazy\" srcset=\"https:\/\/franciscanos.org.br\/noticias\/wp-content\/uploads\/2020\/01\/mfj-9-1-300x300.jpg 300w, https:\/\/franciscanos.org.br\/noticias\/wp-content\/uploads\/2020\/01\/mfj-9-1-100x100.jpg 100w, https:\/\/franciscanos.org.br\/noticias\/wp-content\/uploads\/2020\/01\/mfj-9-1-400x400.jpg 400w\" sizes=\"(max-width: 300px) 100vw, 300px\" \/><\/a>\n\t\t\t<\/dt><\/dl><br style=\"clear: both\" \/><dl class='gallery-item'>\n\t\t\t<dt class='gallery-icon landscape'>\n\t\t\t\t<a href='https:\/\/franciscanos.org.br\/noticias\/wp-content\/uploads\/2020\/01\/mfj-10-1.jpg'><img width=\"300\" height=\"300\" src=\"https:\/\/franciscanos.org.br\/noticias\/wp-content\/uploads\/2020\/01\/mfj-10-1-300x300.jpg\" class=\"attachment-thumbnail size-thumbnail\" alt=\"\" loading=\"lazy\" srcset=\"https:\/\/franciscanos.org.br\/noticias\/wp-content\/uploads\/2020\/01\/mfj-10-1-300x300.jpg 300w, https:\/\/franciscanos.org.br\/noticias\/wp-content\/uploads\/2020\/01\/mfj-10-1-100x100.jpg 100w, https:\/\/franciscanos.org.br\/noticias\/wp-content\/uploads\/2020\/01\/mfj-10-1-400x400.jpg 400w\" sizes=\"(max-width: 300px) 100vw, 300px\" \/><\/a>\n\t\t\t<\/dt><\/dl><dl class='gallery-item'>\n\t\t\t<dt class='gallery-icon landscape'>\n\t\t\t\t<a href='https:\/\/franciscanos.org.br\/noticias\/wp-content\/uploads\/2020\/01\/mfj-11-2.jpg'><img width=\"300\" height=\"300\" src=\"https:\/\/franciscanos.org.br\/noticias\/wp-content\/uploads\/2020\/01\/mfj-11-2-300x300.jpg\" class=\"attachment-thumbnail size-thumbnail\" alt=\"\" loading=\"lazy\" srcset=\"https:\/\/franciscanos.org.br\/noticias\/wp-content\/uploads\/2020\/01\/mfj-11-2-300x300.jpg 300w, https:\/\/franciscanos.org.br\/noticias\/wp-content\/uploads\/2020\/01\/mfj-11-2-100x100.jpg 100w, https:\/\/franciscanos.org.br\/noticias\/wp-content\/uploads\/2020\/01\/mfj-11-2-400x400.jpg 400w\" sizes=\"(max-width: 300px) 100vw, 300px\" \/><\/a>\n\t\t\t<\/dt><\/dl><dl class='gallery-item'>\n\t\t\t<dt class='gallery-icon landscape'>\n\t\t\t\t<a href='https:\/\/franciscanos.org.br\/noticias\/wp-content\/uploads\/2020\/01\/mfj-12-1.jpg'><img width=\"300\" height=\"300\" src=\"https:\/\/franciscanos.org.br\/noticias\/wp-content\/uploads\/2020\/01\/mfj-12-1-300x300.jpg\" class=\"attachment-thumbnail size-thumbnail\" alt=\"\" loading=\"lazy\" srcset=\"https:\/\/franciscanos.org.br\/noticias\/wp-content\/uploads\/2020\/01\/mfj-12-1-300x300.jpg 300w, https:\/\/franciscanos.org.br\/noticias\/wp-content\/uploads\/2020\/01\/mfj-12-1-100x100.jpg 100w, https:\/\/franciscanos.org.br\/noticias\/wp-content\/uploads\/2020\/01\/mfj-12-1-400x400.jpg 400w\" sizes=\"(max-width: 300px) 100vw, 300px\" \/><\/a>\n\t\t\t<\/dt><\/dl><dl class='gallery-item'>\n\t\t\t<dt class='gallery-icon landscape'>\n\t\t\t\t<a href='https:\/\/franciscanos.org.br\/noticias\/wp-content\/uploads\/2020\/01\/mfj-13-1.jpg'><img width=\"300\" height=\"300\" src=\"https:\/\/franciscanos.org.br\/noticias\/wp-content\/uploads\/2020\/01\/mfj-13-1-300x300.jpg\" class=\"attachment-thumbnail size-thumbnail\" alt=\"\" loading=\"lazy\" srcset=\"https:\/\/franciscanos.org.br\/noticias\/wp-content\/uploads\/2020\/01\/mfj-13-1-300x300.jpg 300w, https:\/\/franciscanos.org.br\/noticias\/wp-content\/uploads\/2020\/01\/mfj-13-1-100x100.jpg 100w, https:\/\/franciscanos.org.br\/noticias\/wp-content\/uploads\/2020\/01\/mfj-13-1-400x400.jpg 400w\" sizes=\"(max-width: 300px) 100vw, 300px\" \/><\/a>\n\t\t\t<\/dt><\/dl><br style=\"clear: both\" \/>\n\t\t<\/div>\n\n<p>&nbsp;<\/p>\n<p>&nbsp;<\/p>\n<p>&nbsp;<\/p>\n<p>&nbsp;<\/p>\n","protected":false},"excerpt":{"rendered":"<p>Primeiro dia das Miss\u00f5es Franciscanas da Juventude<\/p>\n","protected":false},"author":3,"featured_media":0,"comment_status":"open","ping_status":"open","sticky":false,"template":"","format":"standard","meta":[],"categories":[1],"tags":[1206],"acf":[],"yoast_head":"<!-- This site is optimized with the Yoast SEO plugin v19.2 - https:\/\/yoast.com\/wordpress\/plugins\/seo\/ -->\n<title>Moema e Igor: provoca\u00e7\u00f5es e esperan\u00e7a na MFJ - Not\u00edcias - Franciscanos<\/title>\n<meta name=\"robots\" content=\"index, follow, max-snippet:-1, max-image-preview:large, max-video-preview:-1\" \/>\n<link rel=\"canonical\" href=\"https:\/\/franciscanos.org.br\/noticias\/moema-e-igor-provocacoes-e-esperanca-na-mfj.html\" \/>\n<meta property=\"og:locale\" content=\"pt_BR\" \/>\n<meta property=\"og:type\" content=\"article\" \/>\n<meta property=\"og:title\" content=\"Moema e Igor: provoca\u00e7\u00f5es e esperan\u00e7a na MFJ - Not\u00edcias - Franciscanos\" \/>\n<meta property=\"og:description\" content=\"Primeiro dia das Miss\u00f5es Franciscanas da Juventude\" \/>\n<meta property=\"og:url\" content=\"https:\/\/franciscanos.org.br\/noticias\/moema-e-igor-provocacoes-e-esperanca-na-mfj.html\" \/>\n<meta property=\"og:site_name\" content=\"Not\u00edcias - Franciscanos\" \/>\n<meta property=\"article:published_time\" content=\"2020-01-29T22:52:55+00:00\" \/>\n<meta property=\"article:modified_time\" content=\"2020-01-29T23:07:28+00:00\" \/>\n<meta property=\"og:image\" content=\"https:\/\/franciscanos.org.br\/noticias\/wp-content\/uploads\/2020\/01\/mfj-1-1-300x300.jpg\" \/>\n<meta name=\"author\" content=\"moacir\" \/>\n<meta name=\"twitter:card\" content=\"summary_large_image\" \/>\n<meta name=\"twitter:label1\" content=\"Escrito por\" \/>\n\t<meta name=\"twitter:data1\" content=\"moacir\" \/>\n\t<meta name=\"twitter:label2\" content=\"Est. tempo de leitura\" \/>\n\t<meta name=\"twitter:data2\" content=\"5 minutos\" \/>\n<script type=\"application\/ld+json\" class=\"yoast-schema-graph\">{\"@context\":\"https:\/\/schema.org\",\"@graph\":[{\"@type\":\"WebSite\",\"@id\":\"https:\/\/franciscanos.org.br\/noticias\/#website\",\"url\":\"https:\/\/franciscanos.org.br\/noticias\/\",\"name\":\"Not\u00edcias - Franciscanos\",\"description\":\"Prov\u00edncia Franciscana da Imaculada Concei\u00e7\u00e3o do Brasil - Ordem dos Frades Menores - OFM\",\"potentialAction\":[{\"@type\":\"SearchAction\",\"target\":{\"@type\":\"EntryPoint\",\"urlTemplate\":\"https:\/\/franciscanos.org.br\/noticias\/?s={search_term_string}\"},\"query-input\":\"required name=search_term_string\"}],\"inLanguage\":\"pt-BR\"},{\"@type\":\"ImageObject\",\"inLanguage\":\"pt-BR\",\"@id\":\"https:\/\/franciscanos.org.br\/noticias\/moema-e-igor-provocacoes-e-esperanca-na-mfj.html#primaryimage\",\"url\":\"https:\/\/franciscanos.org.br\/noticias\/wp-content\/uploads\/2020\/01\/moema_2901_1.jpg\",\"contentUrl\":\"https:\/\/franciscanos.org.br\/noticias\/wp-content\/uploads\/2020\/01\/moema_2901_1.jpg\",\"width\":1820,\"height\":1115},{\"@type\":\"WebPage\",\"@id\":\"https:\/\/franciscanos.org.br\/noticias\/moema-e-igor-provocacoes-e-esperanca-na-mfj.html#webpage\",\"url\":\"https:\/\/franciscanos.org.br\/noticias\/moema-e-igor-provocacoes-e-esperanca-na-mfj.html\",\"name\":\"Moema e Igor: provoca\u00e7\u00f5es e esperan\u00e7a na MFJ - Not\u00edcias - Franciscanos\",\"isPartOf\":{\"@id\":\"https:\/\/franciscanos.org.br\/noticias\/#website\"},\"primaryImageOfPage\":{\"@id\":\"https:\/\/franciscanos.org.br\/noticias\/moema-e-igor-provocacoes-e-esperanca-na-mfj.html#primaryimage\"},\"datePublished\":\"2020-01-29T22:52:55+00:00\",\"dateModified\":\"2020-01-29T23:07:28+00:00\",\"author\":{\"@id\":\"https:\/\/franciscanos.org.br\/noticias\/#\/schema\/person\/b5c8cba458c330ccff548b056e95a5d4\"},\"breadcrumb\":{\"@id\":\"https:\/\/franciscanos.org.br\/noticias\/moema-e-igor-provocacoes-e-esperanca-na-mfj.html#breadcrumb\"},\"inLanguage\":\"pt-BR\",\"potentialAction\":[{\"@type\":\"ReadAction\",\"target\":[\"https:\/\/franciscanos.org.br\/noticias\/moema-e-igor-provocacoes-e-esperanca-na-mfj.html\"]}]},{\"@type\":\"BreadcrumbList\",\"@id\":\"https:\/\/franciscanos.org.br\/noticias\/moema-e-igor-provocacoes-e-esperanca-na-mfj.html#breadcrumb\",\"itemListElement\":[{\"@type\":\"ListItem\",\"position\":1,\"name\":\"Home\",\"item\":\"https:\/\/franciscanos.org.br\/noticias\"},{\"@type\":\"ListItem\",\"position\":2,\"name\":\"Moema e Igor: provoca\u00e7\u00f5es e esperan\u00e7a na MFJ\"}]},{\"@type\":\"Person\",\"@id\":\"https:\/\/franciscanos.org.br\/noticias\/#\/schema\/person\/b5c8cba458c330ccff548b056e95a5d4\",\"name\":\"moacir\",\"image\":{\"@type\":\"ImageObject\",\"inLanguage\":\"pt-BR\",\"@id\":\"https:\/\/franciscanos.org.br\/noticias\/#\/schema\/person\/image\/\",\"url\":\"https:\/\/secure.gravatar.com\/avatar\/d08aa2ce4c8dd416d4479aa8536fcf64?s=96&d=mm&r=g\",\"contentUrl\":\"https:\/\/secure.gravatar.com\/avatar\/d08aa2ce4c8dd416d4479aa8536fcf64?s=96&d=mm&r=g\",\"caption\":\"moacir\"},\"url\":\"https:\/\/franciscanos.org.br\/noticias\/author\/moacir\"}]}<\/script>\n<!-- \/ Yoast SEO plugin. -->","yoast_head_json":{"title":"Moema e Igor: provoca\u00e7\u00f5es e esperan\u00e7a na MFJ - Not\u00edcias - Franciscanos","robots":{"index":"index","follow":"follow","max-snippet":"max-snippet:-1","max-image-preview":"max-image-preview:large","max-video-preview":"max-video-preview:-1"},"canonical":"https:\/\/franciscanos.org.br\/noticias\/moema-e-igor-provocacoes-e-esperanca-na-mfj.html","og_locale":"pt_BR","og_type":"article","og_title":"Moema e Igor: provoca\u00e7\u00f5es e esperan\u00e7a na MFJ - Not\u00edcias - Franciscanos","og_description":"Primeiro dia das Miss\u00f5es Franciscanas da Juventude","og_url":"https:\/\/franciscanos.org.br\/noticias\/moema-e-igor-provocacoes-e-esperanca-na-mfj.html","og_site_name":"Not\u00edcias - Franciscanos","article_published_time":"2020-01-29T22:52:55+00:00","article_modified_time":"2020-01-29T23:07:28+00:00","og_image":[{"url":"https:\/\/franciscanos.org.br\/noticias\/wp-content\/uploads\/2020\/01\/mfj-1-1-300x300.jpg"}],"author":"moacir","twitter_card":"summary_large_image","twitter_misc":{"Escrito por":"moacir","Est. tempo de leitura":"5 minutos"},"schema":{"@context":"https:\/\/schema.org","@graph":[{"@type":"WebSite","@id":"https:\/\/franciscanos.org.br\/noticias\/#website","url":"https:\/\/franciscanos.org.br\/noticias\/","name":"Not\u00edcias - Franciscanos","description":"Prov\u00edncia Franciscana da Imaculada Concei\u00e7\u00e3o do Brasil - Ordem dos Frades Menores - OFM","potentialAction":[{"@type":"SearchAction","target":{"@type":"EntryPoint","urlTemplate":"https:\/\/franciscanos.org.br\/noticias\/?s={search_term_string}"},"query-input":"required name=search_term_string"}],"inLanguage":"pt-BR"},{"@type":"ImageObject","inLanguage":"pt-BR","@id":"https:\/\/franciscanos.org.br\/noticias\/moema-e-igor-provocacoes-e-esperanca-na-mfj.html#primaryimage","url":"https:\/\/franciscanos.org.br\/noticias\/wp-content\/uploads\/2020\/01\/moema_2901_1.jpg","contentUrl":"https:\/\/franciscanos.org.br\/noticias\/wp-content\/uploads\/2020\/01\/moema_2901_1.jpg","width":1820,"height":1115},{"@type":"WebPage","@id":"https:\/\/franciscanos.org.br\/noticias\/moema-e-igor-provocacoes-e-esperanca-na-mfj.html#webpage","url":"https:\/\/franciscanos.org.br\/noticias\/moema-e-igor-provocacoes-e-esperanca-na-mfj.html","name":"Moema e Igor: provoca\u00e7\u00f5es e esperan\u00e7a na MFJ - Not\u00edcias - Franciscanos","isPartOf":{"@id":"https:\/\/franciscanos.org.br\/noticias\/#website"},"primaryImageOfPage":{"@id":"https:\/\/franciscanos.org.br\/noticias\/moema-e-igor-provocacoes-e-esperanca-na-mfj.html#primaryimage"},"datePublished":"2020-01-29T22:52:55+00:00","dateModified":"2020-01-29T23:07:28+00:00","author":{"@id":"https:\/\/franciscanos.org.br\/noticias\/#\/schema\/person\/b5c8cba458c330ccff548b056e95a5d4"},"breadcrumb":{"@id":"https:\/\/franciscanos.org.br\/noticias\/moema-e-igor-provocacoes-e-esperanca-na-mfj.html#breadcrumb"},"inLanguage":"pt-BR","potentialAction":[{"@type":"ReadAction","target":["https:\/\/franciscanos.org.br\/noticias\/moema-e-igor-provocacoes-e-esperanca-na-mfj.html"]}]},{"@type":"BreadcrumbList","@id":"https:\/\/franciscanos.org.br\/noticias\/moema-e-igor-provocacoes-e-esperanca-na-mfj.html#breadcrumb","itemListElement":[{"@type":"ListItem","position":1,"name":"Home","item":"https:\/\/franciscanos.org.br\/noticias"},{"@type":"ListItem","position":2,"name":"Moema e Igor: provoca\u00e7\u00f5es e esperan\u00e7a na MFJ"}]},{"@type":"Person","@id":"https:\/\/franciscanos.org.br\/noticias\/#\/schema\/person\/b5c8cba458c330ccff548b056e95a5d4","name":"moacir","image":{"@type":"ImageObject","inLanguage":"pt-BR","@id":"https:\/\/franciscanos.org.br\/noticias\/#\/schema\/person\/image\/","url":"https:\/\/secure.gravatar.com\/avatar\/d08aa2ce4c8dd416d4479aa8536fcf64?s=96&d=mm&r=g","contentUrl":"https:\/\/secure.gravatar.com\/avatar\/d08aa2ce4c8dd416d4479aa8536fcf64?s=96&d=mm&r=g","caption":"moacir"},"url":"https:\/\/franciscanos.org.br\/noticias\/author\/moacir"}]}},"_links":{"self":[{"href":"https:\/\/franciscanos.org.br\/noticias\/wp-json\/wp\/v2\/posts\/217024"}],"collection":[{"href":"https:\/\/franciscanos.org.br\/noticias\/wp-json\/wp\/v2\/posts"}],"about":[{"href":"https:\/\/franciscanos.org.br\/noticias\/wp-json\/wp\/v2\/types\/post"}],"author":[{"embeddable":true,"href":"https:\/\/franciscanos.org.br\/noticias\/wp-json\/wp\/v2\/users\/3"}],"replies":[{"embeddable":true,"href":"https:\/\/franciscanos.org.br\/noticias\/wp-json\/wp\/v2\/comments?post=217024"}],"version-history":[{"count":0,"href":"https:\/\/franciscanos.org.br\/noticias\/wp-json\/wp\/v2\/posts\/217024\/revisions"}],"wp:attachment":[{"href":"https:\/\/franciscanos.org.br\/noticias\/wp-json\/wp\/v2\/media?parent=217024"}],"wp:term":[{"taxonomy":"category","embeddable":true,"href":"https:\/\/franciscanos.org.br\/noticias\/wp-json\/wp\/v2\/categories?post=217024"},{"taxonomy":"post_tag","embeddable":true,"href":"https:\/\/franciscanos.org.br\/noticias\/wp-json\/wp\/v2\/tags?post=217024"}],"curies":[{"name":"wp","href":"https:\/\/api.w.org\/{rel}","templated":true}]}}