{"id":216701,"date":"2020-01-28T12:01:13","date_gmt":"2020-01-28T15:01:13","guid":{"rendered":"https:\/\/franciscanos.org.br\/noticias\/?p=216701"},"modified":"2020-01-28T15:43:15","modified_gmt":"2020-01-28T18:43:15","slug":"as-missoes-comecaram-bem-antes-em-xaxim","status":"publish","type":"post","link":"https:\/\/franciscanos.org.br\/noticias\/as-missoes-comecaram-bem-antes-em-xaxim.html","title":{"rendered":"As Miss\u00f5es come\u00e7aram bem antes em Xaxim"},"content":{"rendered":"<p><img loading=\"lazy\" class=\"aligncenter size-full wp-image-216702\" src=\"https:\/\/franciscanos.org.br\/noticias\/wp-content\/uploads\/2020\/01\/estrutura_2801_2.jpg\" alt=\"\" width=\"1280\" height=\"853\" srcset=\"https:\/\/franciscanos.org.br\/noticias\/wp-content\/uploads\/2020\/01\/estrutura_2801_2.jpg 1280w, https:\/\/franciscanos.org.br\/noticias\/wp-content\/uploads\/2020\/01\/estrutura_2801_2-450x300.jpg 450w, https:\/\/franciscanos.org.br\/noticias\/wp-content\/uploads\/2020\/01\/estrutura_2801_2-1024x682.jpg 1024w, https:\/\/franciscanos.org.br\/noticias\/wp-content\/uploads\/2020\/01\/estrutura_2801_2-768x512.jpg 768w, https:\/\/franciscanos.org.br\/noticias\/wp-content\/uploads\/2020\/01\/estrutura_2801_2-150x100.jpg 150w\" sizes=\"(max-width: 1280px) 100vw, 1280px\" \/><\/p>\n<p><strong>Moacir Beggo<\/strong><\/p>\n<p><strong>Xaxim (SC)<\/strong> &#8211; Nesta quarta-feira, 29 de janeiro, quando 800 jovens se reunirem na pra\u00e7a da Matriz de Xaxim para a primeira ora\u00e7\u00e3o do dia, ter\u00e1 in\u00edcio a s\u00e9tima edi\u00e7\u00e3o das Miss\u00f5es Franciscanas da Juventude da Prov\u00edncia Franciscana da Imaculada Concei\u00e7\u00e3o. Neste ano, as Miss\u00f5es ganham status internacional porque vai sediar conjuntamente a <em>Serata Laudato Si\u2019<\/em>, evento cultural da Ordem dos Frades Menores que promove a mensagem da Enc\u00edclica <em>Laudato Si\u2019 <\/em>sobre o cuidado da Casa Comum e que est\u00e1 na terceira edi\u00e7\u00e3o (antes aconteceu em Roma e Cidade do Panam\u00e1).<\/p>\n<p>Para esses jovens viverem at\u00e9 domingo (2 de fevereiro) momentos inesquec\u00edveis e emocionantes, como j\u00e1 se tornaram comuns nas Miss\u00f5es promovidas pelo Servi\u00e7o de Anima\u00e7\u00e3o Vocacional (SAV), sob a lideran\u00e7a de Frei Diego Melo, foi necess\u00e1rio muito trabalho em pouco tempo, j\u00e1 que a edi\u00e7\u00e3o anterior foi realizada em julho passado, no Rio de Janeiro. Normalmente, o m\u00eas das Miss\u00f5es \u00e9 janeiro. Mudou devido \u00e0 Jornada Mundial da Juventude, que tamb\u00e9m foi em janeiro.<\/p>\n<p><img loading=\"lazy\" class=\"aligncenter size-full wp-image-216703\" src=\"https:\/\/franciscanos.org.br\/noticias\/wp-content\/uploads\/2020\/01\/estrutura_2801_3.jpg\" alt=\"\" width=\"1280\" height=\"853\" srcset=\"https:\/\/franciscanos.org.br\/noticias\/wp-content\/uploads\/2020\/01\/estrutura_2801_3.jpg 1280w, https:\/\/franciscanos.org.br\/noticias\/wp-content\/uploads\/2020\/01\/estrutura_2801_3-450x300.jpg 450w, https:\/\/franciscanos.org.br\/noticias\/wp-content\/uploads\/2020\/01\/estrutura_2801_3-1024x682.jpg 1024w, https:\/\/franciscanos.org.br\/noticias\/wp-content\/uploads\/2020\/01\/estrutura_2801_3-768x512.jpg 768w, https:\/\/franciscanos.org.br\/noticias\/wp-content\/uploads\/2020\/01\/estrutura_2801_3-150x100.jpg 150w\" sizes=\"(max-width: 1280px) 100vw, 1280px\" \/><\/p>\n<p><em>Da esq. para a dir.: Frei Jacir, Frei Vanderlei e Frei Gilson\u00a0\u00a0<\/em><\/p>\n<p>Para isso, nem bem os jovens xaxienses tinham terminado as comemora\u00e7\u00f5es pela indica\u00e7\u00e3o de sua cidade nas areias da praia de S\u00e3o Conrado, no Rio de Janeiro, a Par\u00f3quia S\u00e3o Luiz Gonzaga e a Fraternidade Franciscana da Prov\u00edncia da Imaculada &#8211; formada por Frei Vanderlei da Silva Neves, o guardi\u00e3o; Frei Gilson Kammer, o p\u00e1roco; Frei Jacir Antonio Zolet, vig\u00e1rio paroquial; e o di\u00e1cono Frei Evaldo Ludwig &#8211; abra\u00e7avam pra valer a causa. No in\u00edcio de agosto, uma equipe preparat\u00f3ria, com 120 pessoas, deu in\u00edcio a um trabalho log\u00edstico para trazer de 700 jovens inscritos, segundo a primeira previs\u00e3o (posteriormente, v\u00e1rias equipes foram criadas com dois coordenadores e um frade). A procura, contudo, surpreendeu os organizadores, que tiveram de ampliar o n\u00famero de vagas para 800 jovens.<\/p>\n<p>&#8220;A partir do an\u00fancio de julho, a gente come\u00e7ou a se organizar. Convidamos todas as comunidades que queriam fazer parte deste evento. Cerca de 40 comunidades aceitaram e algumas, por diversos motivos, preferiram n\u00e3o participar (a Par\u00f3quia tem 60 comunidades). Com isso, a gente conseguiu formar todas as equipes em pouco de tempo, como log\u00edstica, infra-estrutura, financeiro, que era o que mais nos preocupava&#8221;, conta o p\u00e1roco Frei Gilson. Segundo ele, ao mesmo tempo em que se montava a log\u00edstica, come\u00e7aram a surgir iniciativas para arrecadar fundos, como a &#8220;pastelada&#8221;, a noite das pizzas e um baile em parceria com o CTG (Centro de Tradi\u00e7\u00f5es Ga\u00fachas). Al\u00e9m da taxa de inscri\u00e7\u00e3o, a Ordem dos Frades Menores tamb\u00e9m contribuiu financeiramente para o evento, tendo em vista que a nossa Prov\u00edncia est\u00e1 sediando a <em>Serata Laudato Si&#8217;<\/em>. No final, os recursos e doa\u00e7\u00f5es chegaram para cobrir as despesas. As refei\u00e7\u00f5es ser\u00e3o feitas por uma equipe de volunt\u00e1rios da Par\u00f3quia. Tamb\u00e9m a Prefeitura de Xaxim ofereceu duas ambul\u00e2ncias para dar suporte ao evento e alguns munic\u00edpios ofereceram \u00f4nibus para o transporte dos jovens at\u00e9 as comunidades.<\/p>\n<p><img loading=\"lazy\" class=\"aligncenter size-full wp-image-216704\" src=\"https:\/\/franciscanos.org.br\/noticias\/wp-content\/uploads\/2020\/01\/estrutura_2801_4.jpg\" alt=\"\" width=\"1280\" height=\"659\" srcset=\"https:\/\/franciscanos.org.br\/noticias\/wp-content\/uploads\/2020\/01\/estrutura_2801_4.jpg 1280w, https:\/\/franciscanos.org.br\/noticias\/wp-content\/uploads\/2020\/01\/estrutura_2801_4-450x232.jpg 450w, https:\/\/franciscanos.org.br\/noticias\/wp-content\/uploads\/2020\/01\/estrutura_2801_4-1024x527.jpg 1024w, https:\/\/franciscanos.org.br\/noticias\/wp-content\/uploads\/2020\/01\/estrutura_2801_4-768x395.jpg 768w, https:\/\/franciscanos.org.br\/noticias\/wp-content\/uploads\/2020\/01\/estrutura_2801_4-150x77.jpg 150w\" sizes=\"(max-width: 1280px) 100vw, 1280px\" \/><\/p>\n<p><em>Da esq. para dir.: Frei Diego, coordenador das Miss\u00f5es, e Frei Evaldo<\/em><\/p>\n<p>As Miss\u00f5es come\u00e7am com a chegada dos jovens nesta quarta-feira, nas primeiras horas da manh\u00e3, oriundos dos cinco estados do territ\u00f3rio da Prov\u00edncia (Esp\u00edrito Santo, Rio de Janeiro, S\u00e3o Paulo, Paran\u00e1 e Santa Catarina), al\u00e9m de uma delega\u00e7\u00e3o do Rio Grande do Sul e da Argentina. Nos dois primeiros dias, quarta e quinta-feira, eles ter\u00e3o atividades formativas e culturais na Matriz de Xaxim. O Gin\u00e1sio S\u00e3o Francisco de Assis e o Sal\u00e3o Paroquial, que formam uma grande estrutura paroquial ao lado da Matriz, acolher\u00e3o tamb\u00e9m esses jovens para as refei\u00e7\u00f5es e hospedagem, al\u00e9m das palestras, oficinas e eventos culturais. A hospedagem \u00e9 bem franciscana e sem problemas para os jovens: um saco de dormir em qualquer canto desses espa\u00e7os. Para os banhos, ter\u00e3o ajuda tamb\u00e9m de um clube da cidade que disponibilizou os banheiros.<\/p>\n<p>Na quinta-feira \u00e0 noite, todos os jovens seguem para as casas das fam\u00edlias acolhedoras &#8211; cerca de 400 &#8211; e ficam at\u00e9 o domingo de manh\u00e3 (02), quando retornam para a Matriz, onde acontece a Missa de encerramento. Nas comunidades, os jovens t\u00eam a oportunidade de serem Igreja em sa\u00edda.<\/p>\n<p><img loading=\"lazy\" class=\"aligncenter size-full wp-image-216705\" src=\"https:\/\/franciscanos.org.br\/noticias\/wp-content\/uploads\/2020\/01\/estrutura_2801_5.jpg\" alt=\"\" width=\"1040\" height=\"585\" srcset=\"https:\/\/franciscanos.org.br\/noticias\/wp-content\/uploads\/2020\/01\/estrutura_2801_5.jpg 1040w, https:\/\/franciscanos.org.br\/noticias\/wp-content\/uploads\/2020\/01\/estrutura_2801_5-450x253.jpg 450w, https:\/\/franciscanos.org.br\/noticias\/wp-content\/uploads\/2020\/01\/estrutura_2801_5-1024x576.jpg 1024w, https:\/\/franciscanos.org.br\/noticias\/wp-content\/uploads\/2020\/01\/estrutura_2801_5-768x432.jpg 768w, https:\/\/franciscanos.org.br\/noticias\/wp-content\/uploads\/2020\/01\/estrutura_2801_5-150x84.jpg 150w\" sizes=\"(max-width: 1040px) 100vw, 1040px\" \/><\/p>\n<p><em>Doa\u00e7\u00f5es de p\u00e3es e biscoitos que j\u00e1 chegaram para alimentar os 800 jovens\u00a0<\/em><\/p>\n<p>&#8220;Foi um trabalho incans\u00e1vel, n\u00e3o s\u00f3 da nossa parte, os frades, mas principalmente das pessoas que se empenharam e est\u00e3o\u00a0 &#8216;dando at\u00e9 a vida&#8217; para preparar bem estas Miss\u00f5es&#8221;, disse Frei Gilson. O evento foi abra\u00e7ado com alegria pela Par\u00f3quia e pelos frades porque foi uma bela oportunidade de somar ao Ano Jubilar da Par\u00f3quia S\u00e3o Luiz Gonzaga, que celebra 80 anos de funda\u00e7\u00e3o. &#8220;Vai ser um acontecimento que ficar\u00e1 marcado na mem\u00f3ria da gente, principalmente daqueles que v\u00e3o participar ou est\u00e3o participando indiretamente&#8221;, acredita o p\u00e1roco.<\/p>\n<p>Para Frei Gilson, o maior legado \u00e9 a possibilidade de partilhar juntos o esp\u00edrito de &#8216;paz e de bem&#8217; que Francisco e Clara de Assis espalharam pelo mundo. &#8220;Vai ser uma maneira de podermos dizer que \u00e9 poss\u00edvel viver, sim, a fraternidade. A gente pode achar que cada lugar \u00e9 diferente. Pode ser, realmente, em alguns aspectos, mas \u00e9 poss\u00edvel buscar a unidade&#8221;, indicou, comemorando a participa\u00e7\u00e3o dos frades de toda a Prov\u00edncia, que ser\u00e3o mais de 30. &#8220;Isso mostra o impulso do esp\u00edrito de Francisco e Clara. Quantos jovens poder\u00e3o se encantar e buscar o discernimento vocacional, seja para a vida religiosa, seja para o matrim\u00f4nio, ou para a vida crist\u00e3 a que somos chamados&#8221;, destacou.<\/p>\n<p>Frei Vanderlei enfatiza a proximidade da Par\u00f3quia com o carisma franciscano. &#8220;As Miss\u00f5es s\u00e3o uma oportunidade de demonstrar nosso carisma dentro do seu aspecto primordial que \u00e9 a vida fraterna. Muitos jovens, por estarem mais engajados, conheceram mais o nosso modo de vida, o nosso fundador. Outro aspecto importante \u00e9 a que a Fraternidade conseguiu dialogar com diversas pessoas para pedir ajuda, para pedir aux\u00edlio. Tudo isso deu uma movimenta\u00e7\u00e3o \u00e0 Fraternidade. Sem essa ajuda seria dif\u00edcil&#8221;, reconheceu, destacando o aspecto vocacional e o dinamismo que trouxe para a Par\u00f3quia.<\/p>\n<p><img loading=\"lazy\" class=\"aligncenter size-full wp-image-216706\" src=\"https:\/\/franciscanos.org.br\/noticias\/wp-content\/uploads\/2020\/01\/estrutura_2801_6.jpg\" alt=\"\" width=\"1280\" height=\"853\" srcset=\"https:\/\/franciscanos.org.br\/noticias\/wp-content\/uploads\/2020\/01\/estrutura_2801_6.jpg 1280w, https:\/\/franciscanos.org.br\/noticias\/wp-content\/uploads\/2020\/01\/estrutura_2801_6-450x300.jpg 450w, https:\/\/franciscanos.org.br\/noticias\/wp-content\/uploads\/2020\/01\/estrutura_2801_6-1024x682.jpg 1024w, https:\/\/franciscanos.org.br\/noticias\/wp-content\/uploads\/2020\/01\/estrutura_2801_6-768x512.jpg 768w, https:\/\/franciscanos.org.br\/noticias\/wp-content\/uploads\/2020\/01\/estrutura_2801_6-150x100.jpg 150w\" sizes=\"(max-width: 1280px) 100vw, 1280px\" \/><\/p>\n<p><em>Trabalho no palco principal do gin\u00e1sio S\u00e3o Francisco de Assis<\/em><\/p>\n<p>Frei Evaldo ser\u00e1 ordenado presb\u00edtero no pr\u00f3ximo dia 15, mas nenhum outro ordenando teve a oportunidade de uma prepara\u00e7\u00e3o como esta. Nos \u00faltimos seis meses, envolveu-se totalmente neste trabalho mission\u00e1rio de prepara\u00e7\u00e3o. &#8220;A gente n\u00e3o tem no\u00e7\u00e3o do que vai acontecer a partir de amanh\u00e3, mas o que eu vivi at\u00e9 agora valeu a pena&#8221;, confessou.<\/p>\n<p>&#8220;Sinceramente, como frade \u00e9 a melhor experi\u00eancia que eu estou tendo, porque al\u00e9m do desafio de se montar algo grande, tivemos o aprendizado na conviv\u00eancia humana, o despertar da criatividade &#8211; precisamos revirar o c\u00e9rebro para pensar coisas novas. Eu optei para ficar na parte da liturgia e da m\u00edstica, porque \u00e9 disso que eu gosto de fazer. Claro, tivemos cansa\u00e7o, estresses, mas eles n\u00e3o superam o conjunto das boas a\u00e7\u00f5es. Eu n\u00e3o tenho d\u00favida disso&#8221;, revelou.<\/p>\n<p>Segundo Evaldo, foram seis meses de entrega. &#8220;N\u00f3s, da Fraternidade, paramos tudo que t\u00ednhamos para fazer para se dedicar \u00e0s Miss\u00f5es. Fomos fazendo a rotina paroquial conforme j\u00e1 estava determinado, mas o nosso foco estava voltado para as miss\u00f5es&#8221;, lembrou. Frei Jacir garantiu o atendimento paroquial enquanto os frades davam os encaminhamentos com as equipes de volunt\u00e1rios.<\/p>\n<p><img loading=\"lazy\" class=\"aligncenter size-full wp-image-216707\" src=\"https:\/\/franciscanos.org.br\/noticias\/wp-content\/uploads\/2020\/01\/estrutura_2801_7.jpg\" alt=\"\" width=\"1280\" height=\"960\" srcset=\"https:\/\/franciscanos.org.br\/noticias\/wp-content\/uploads\/2020\/01\/estrutura_2801_7.jpg 1280w, https:\/\/franciscanos.org.br\/noticias\/wp-content\/uploads\/2020\/01\/estrutura_2801_7-450x338.jpg 450w, https:\/\/franciscanos.org.br\/noticias\/wp-content\/uploads\/2020\/01\/estrutura_2801_7-1024x768.jpg 1024w, https:\/\/franciscanos.org.br\/noticias\/wp-content\/uploads\/2020\/01\/estrutura_2801_7-768x576.jpg 768w, https:\/\/franciscanos.org.br\/noticias\/wp-content\/uploads\/2020\/01\/estrutura_2801_7-150x113.jpg 150w, https:\/\/franciscanos.org.br\/noticias\/wp-content\/uploads\/2020\/01\/estrutura_2801_7-600x450.jpg 600w\" sizes=\"(max-width: 1280px) 100vw, 1280px\" \/><\/p>\n<p><em>\u00c0 direita, o Sal\u00e3o Paroquial da Matriz S\u00e3o Luiz Gonzaga<\/em><\/p>\n<p>Para o futuro presb\u00edtero, quatro pontos trouxeram as Miss\u00f5es para Xaxim: despertar a juventude dos nossos munic\u00edpios para ver que \u00e9 poss\u00edvel ser um crist\u00e3o cat\u00f3lico de uma maneira jovem, com caracter\u00edsticas jovem; despertar as nossas comunidades para a a\u00e7\u00e3o evangelizadora com os jovens. &#8220;H\u00e1 muito preconceitos em algumas comunidades\u00a0\u00a0 com os jovens. \u00c9 preciso romper esta barreira&#8221;, acredita; o terceiro aspecto \u00e9 acordar as comunidades. &#8220;Tem muitas comunidades que a \u00fanica vida delas \u00e9 o culto semanal e a festa. As miss\u00f5es s\u00e3o um momento para acord\u00e1-las e torn\u00e1-las mais din\u00e2micas&#8221;, acredita; e por \u00faltimo, a oportunidade de celebrar com o Ano Jubilar. &#8220;Eu passei por todas as comunidades para falar das Miss\u00f5es. N\u00f3s conseguimos trazer os extremos de nossa Par\u00f3quia para viver essa experi\u00eancia. Voc\u00ea n\u00e3o imagina a alegria de estarem ajudando&#8221;, contou Frei Evaldo, reconhecendo que essa experi\u00eancia fortalece a caminhada.<\/p>\n<p>Frei Gilson torce para uma festa inesquec\u00edvel. &#8220;Que esses jovens possam viver estas Miss\u00f5es com amor, com alegria, e levar isso para suas fam\u00edlias!&#8221;.<\/p>\n","protected":false},"excerpt":{"rendered":"<p>Miss\u00f5es Franciscanas da Juventude<\/p>\n","protected":false},"author":3,"featured_media":216708,"comment_status":"open","ping_status":"open","sticky":false,"template":"","format":"standard","meta":[],"categories":[1],"tags":[1206],"acf":[],"yoast_head":"<!-- This site is optimized with the Yoast SEO plugin v19.2 - https:\/\/yoast.com\/wordpress\/plugins\/seo\/ -->\n<title>As Miss\u00f5es come\u00e7aram bem antes em Xaxim - Not\u00edcias - Franciscanos<\/title>\n<meta name=\"robots\" content=\"index, follow, max-snippet:-1, max-image-preview:large, max-video-preview:-1\" \/>\n<link rel=\"canonical\" href=\"https:\/\/franciscanos.org.br\/noticias\/as-missoes-comecaram-bem-antes-em-xaxim.html\" \/>\n<meta property=\"og:locale\" content=\"pt_BR\" \/>\n<meta property=\"og:type\" content=\"article\" \/>\n<meta property=\"og:title\" content=\"As Miss\u00f5es come\u00e7aram bem antes em Xaxim - Not\u00edcias - Franciscanos\" \/>\n<meta property=\"og:description\" content=\"Miss\u00f5es Franciscanas da Juventude\" \/>\n<meta property=\"og:url\" content=\"https:\/\/franciscanos.org.br\/noticias\/as-missoes-comecaram-bem-antes-em-xaxim.html\" \/>\n<meta property=\"og:site_name\" content=\"Not\u00edcias - Franciscanos\" \/>\n<meta property=\"article:published_time\" content=\"2020-01-28T15:01:13+00:00\" \/>\n<meta property=\"article:modified_time\" content=\"2020-01-28T18:43:15+00:00\" \/>\n<meta property=\"og:image\" content=\"https:\/\/franciscanos.org.br\/noticias\/wp-content\/uploads\/2020\/01\/estrutura_2801_d.jpg\" \/>\n\t<meta property=\"og:image:width\" content=\"273\" \/>\n\t<meta property=\"og:image:height\" content=\"181\" \/>\n\t<meta property=\"og:image:type\" content=\"image\/jpeg\" \/>\n<meta name=\"author\" content=\"moacir\" \/>\n<meta name=\"twitter:card\" content=\"summary_large_image\" \/>\n<meta name=\"twitter:label1\" content=\"Escrito por\" \/>\n\t<meta name=\"twitter:data1\" content=\"moacir\" \/>\n\t<meta name=\"twitter:label2\" content=\"Est. tempo de leitura\" \/>\n\t<meta name=\"twitter:data2\" content=\"8 minutos\" \/>\n<script type=\"application\/ld+json\" class=\"yoast-schema-graph\">{\"@context\":\"https:\/\/schema.org\",\"@graph\":[{\"@type\":\"WebSite\",\"@id\":\"https:\/\/franciscanos.org.br\/noticias\/#website\",\"url\":\"https:\/\/franciscanos.org.br\/noticias\/\",\"name\":\"Not\u00edcias - Franciscanos\",\"description\":\"Prov\u00edncia Franciscana da Imaculada Concei\u00e7\u00e3o do Brasil - Ordem dos Frades Menores - OFM\",\"potentialAction\":[{\"@type\":\"SearchAction\",\"target\":{\"@type\":\"EntryPoint\",\"urlTemplate\":\"https:\/\/franciscanos.org.br\/noticias\/?s={search_term_string}\"},\"query-input\":\"required name=search_term_string\"}],\"inLanguage\":\"pt-BR\"},{\"@type\":\"ImageObject\",\"inLanguage\":\"pt-BR\",\"@id\":\"https:\/\/franciscanos.org.br\/noticias\/as-missoes-comecaram-bem-antes-em-xaxim.html#primaryimage\",\"url\":\"https:\/\/franciscanos.org.br\/noticias\/wp-content\/uploads\/2020\/01\/estrutura_2801_d.jpg\",\"contentUrl\":\"https:\/\/franciscanos.org.br\/noticias\/wp-content\/uploads\/2020\/01\/estrutura_2801_d.jpg\",\"width\":273,\"height\":181},{\"@type\":\"WebPage\",\"@id\":\"https:\/\/franciscanos.org.br\/noticias\/as-missoes-comecaram-bem-antes-em-xaxim.html#webpage\",\"url\":\"https:\/\/franciscanos.org.br\/noticias\/as-missoes-comecaram-bem-antes-em-xaxim.html\",\"name\":\"As Miss\u00f5es come\u00e7aram bem antes em Xaxim - Not\u00edcias - Franciscanos\",\"isPartOf\":{\"@id\":\"https:\/\/franciscanos.org.br\/noticias\/#website\"},\"primaryImageOfPage\":{\"@id\":\"https:\/\/franciscanos.org.br\/noticias\/as-missoes-comecaram-bem-antes-em-xaxim.html#primaryimage\"},\"datePublished\":\"2020-01-28T15:01:13+00:00\",\"dateModified\":\"2020-01-28T18:43:15+00:00\",\"author\":{\"@id\":\"https:\/\/franciscanos.org.br\/noticias\/#\/schema\/person\/b5c8cba458c330ccff548b056e95a5d4\"},\"breadcrumb\":{\"@id\":\"https:\/\/franciscanos.org.br\/noticias\/as-missoes-comecaram-bem-antes-em-xaxim.html#breadcrumb\"},\"inLanguage\":\"pt-BR\",\"potentialAction\":[{\"@type\":\"ReadAction\",\"target\":[\"https:\/\/franciscanos.org.br\/noticias\/as-missoes-comecaram-bem-antes-em-xaxim.html\"]}]},{\"@type\":\"BreadcrumbList\",\"@id\":\"https:\/\/franciscanos.org.br\/noticias\/as-missoes-comecaram-bem-antes-em-xaxim.html#breadcrumb\",\"itemListElement\":[{\"@type\":\"ListItem\",\"position\":1,\"name\":\"Home\",\"item\":\"https:\/\/franciscanos.org.br\/noticias\"},{\"@type\":\"ListItem\",\"position\":2,\"name\":\"As Miss\u00f5es come\u00e7aram bem antes em Xaxim\"}]},{\"@type\":\"Person\",\"@id\":\"https:\/\/franciscanos.org.br\/noticias\/#\/schema\/person\/b5c8cba458c330ccff548b056e95a5d4\",\"name\":\"moacir\",\"image\":{\"@type\":\"ImageObject\",\"inLanguage\":\"pt-BR\",\"@id\":\"https:\/\/franciscanos.org.br\/noticias\/#\/schema\/person\/image\/\",\"url\":\"https:\/\/secure.gravatar.com\/avatar\/d08aa2ce4c8dd416d4479aa8536fcf64?s=96&d=mm&r=g\",\"contentUrl\":\"https:\/\/secure.gravatar.com\/avatar\/d08aa2ce4c8dd416d4479aa8536fcf64?s=96&d=mm&r=g\",\"caption\":\"moacir\"},\"url\":\"https:\/\/franciscanos.org.br\/noticias\/author\/moacir\"}]}<\/script>\n<!-- \/ Yoast SEO plugin. -->","yoast_head_json":{"title":"As Miss\u00f5es come\u00e7aram bem antes em Xaxim - Not\u00edcias - Franciscanos","robots":{"index":"index","follow":"follow","max-snippet":"max-snippet:-1","max-image-preview":"max-image-preview:large","max-video-preview":"max-video-preview:-1"},"canonical":"https:\/\/franciscanos.org.br\/noticias\/as-missoes-comecaram-bem-antes-em-xaxim.html","og_locale":"pt_BR","og_type":"article","og_title":"As Miss\u00f5es come\u00e7aram bem antes em Xaxim - Not\u00edcias - Franciscanos","og_description":"Miss\u00f5es Franciscanas da Juventude","og_url":"https:\/\/franciscanos.org.br\/noticias\/as-missoes-comecaram-bem-antes-em-xaxim.html","og_site_name":"Not\u00edcias - Franciscanos","article_published_time":"2020-01-28T15:01:13+00:00","article_modified_time":"2020-01-28T18:43:15+00:00","og_image":[{"width":273,"height":181,"url":"https:\/\/franciscanos.org.br\/noticias\/wp-content\/uploads\/2020\/01\/estrutura_2801_d.jpg","type":"image\/jpeg"}],"author":"moacir","twitter_card":"summary_large_image","twitter_misc":{"Escrito por":"moacir","Est. tempo de leitura":"8 minutos"},"schema":{"@context":"https:\/\/schema.org","@graph":[{"@type":"WebSite","@id":"https:\/\/franciscanos.org.br\/noticias\/#website","url":"https:\/\/franciscanos.org.br\/noticias\/","name":"Not\u00edcias - Franciscanos","description":"Prov\u00edncia Franciscana da Imaculada Concei\u00e7\u00e3o do Brasil - Ordem dos Frades Menores - OFM","potentialAction":[{"@type":"SearchAction","target":{"@type":"EntryPoint","urlTemplate":"https:\/\/franciscanos.org.br\/noticias\/?s={search_term_string}"},"query-input":"required name=search_term_string"}],"inLanguage":"pt-BR"},{"@type":"ImageObject","inLanguage":"pt-BR","@id":"https:\/\/franciscanos.org.br\/noticias\/as-missoes-comecaram-bem-antes-em-xaxim.html#primaryimage","url":"https:\/\/franciscanos.org.br\/noticias\/wp-content\/uploads\/2020\/01\/estrutura_2801_d.jpg","contentUrl":"https:\/\/franciscanos.org.br\/noticias\/wp-content\/uploads\/2020\/01\/estrutura_2801_d.jpg","width":273,"height":181},{"@type":"WebPage","@id":"https:\/\/franciscanos.org.br\/noticias\/as-missoes-comecaram-bem-antes-em-xaxim.html#webpage","url":"https:\/\/franciscanos.org.br\/noticias\/as-missoes-comecaram-bem-antes-em-xaxim.html","name":"As Miss\u00f5es come\u00e7aram bem antes em Xaxim - Not\u00edcias - Franciscanos","isPartOf":{"@id":"https:\/\/franciscanos.org.br\/noticias\/#website"},"primaryImageOfPage":{"@id":"https:\/\/franciscanos.org.br\/noticias\/as-missoes-comecaram-bem-antes-em-xaxim.html#primaryimage"},"datePublished":"2020-01-28T15:01:13+00:00","dateModified":"2020-01-28T18:43:15+00:00","author":{"@id":"https:\/\/franciscanos.org.br\/noticias\/#\/schema\/person\/b5c8cba458c330ccff548b056e95a5d4"},"breadcrumb":{"@id":"https:\/\/franciscanos.org.br\/noticias\/as-missoes-comecaram-bem-antes-em-xaxim.html#breadcrumb"},"inLanguage":"pt-BR","potentialAction":[{"@type":"ReadAction","target":["https:\/\/franciscanos.org.br\/noticias\/as-missoes-comecaram-bem-antes-em-xaxim.html"]}]},{"@type":"BreadcrumbList","@id":"https:\/\/franciscanos.org.br\/noticias\/as-missoes-comecaram-bem-antes-em-xaxim.html#breadcrumb","itemListElement":[{"@type":"ListItem","position":1,"name":"Home","item":"https:\/\/franciscanos.org.br\/noticias"},{"@type":"ListItem","position":2,"name":"As Miss\u00f5es come\u00e7aram bem antes em Xaxim"}]},{"@type":"Person","@id":"https:\/\/franciscanos.org.br\/noticias\/#\/schema\/person\/b5c8cba458c330ccff548b056e95a5d4","name":"moacir","image":{"@type":"ImageObject","inLanguage":"pt-BR","@id":"https:\/\/franciscanos.org.br\/noticias\/#\/schema\/person\/image\/","url":"https:\/\/secure.gravatar.com\/avatar\/d08aa2ce4c8dd416d4479aa8536fcf64?s=96&d=mm&r=g","contentUrl":"https:\/\/secure.gravatar.com\/avatar\/d08aa2ce4c8dd416d4479aa8536fcf64?s=96&d=mm&r=g","caption":"moacir"},"url":"https:\/\/franciscanos.org.br\/noticias\/author\/moacir"}]}},"_links":{"self":[{"href":"https:\/\/franciscanos.org.br\/noticias\/wp-json\/wp\/v2\/posts\/216701"}],"collection":[{"href":"https:\/\/franciscanos.org.br\/noticias\/wp-json\/wp\/v2\/posts"}],"about":[{"href":"https:\/\/franciscanos.org.br\/noticias\/wp-json\/wp\/v2\/types\/post"}],"author":[{"embeddable":true,"href":"https:\/\/franciscanos.org.br\/noticias\/wp-json\/wp\/v2\/users\/3"}],"replies":[{"embeddable":true,"href":"https:\/\/franciscanos.org.br\/noticias\/wp-json\/wp\/v2\/comments?post=216701"}],"version-history":[{"count":0,"href":"https:\/\/franciscanos.org.br\/noticias\/wp-json\/wp\/v2\/posts\/216701\/revisions"}],"wp:featuredmedia":[{"embeddable":true,"href":"https:\/\/franciscanos.org.br\/noticias\/wp-json\/wp\/v2\/media\/216708"}],"wp:attachment":[{"href":"https:\/\/franciscanos.org.br\/noticias\/wp-json\/wp\/v2\/media?parent=216701"}],"wp:term":[{"taxonomy":"category","embeddable":true,"href":"https:\/\/franciscanos.org.br\/noticias\/wp-json\/wp\/v2\/categories?post=216701"},{"taxonomy":"post_tag","embeddable":true,"href":"https:\/\/franciscanos.org.br\/noticias\/wp-json\/wp\/v2\/tags?post=216701"}],"curies":[{"name":"wp","href":"https:\/\/api.w.org\/{rel}","templated":true}]}}