{"id":216475,"date":"2020-01-28T09:08:51","date_gmt":"2020-01-28T12:08:51","guid":{"rendered":"https:\/\/franciscanos.org.br\/noticias\/?p=216475"},"modified":"2021-08-29T17:48:01","modified_gmt":"2021-08-29T20:48:01","slug":"papa-cristaos-sem-alegria-sao-prisioneiros-das-formalidades","status":"publish","type":"post","link":"https:\/\/franciscanos.org.br\/noticias\/papa-cristaos-sem-alegria-sao-prisioneiros-das-formalidades.html","title":{"rendered":"Papa: crist\u00e3os sem alegria s\u00e3o prisioneiros das formalidades"},"content":{"rendered":"<div id=\"attachment_216476\" style=\"width: 900px\" class=\"wp-caption aligncenter\"><img aria-describedby=\"caption-attachment-216476\" loading=\"lazy\" class=\"wp-image-216476 size-full\" src=\"https:\/\/franciscanos.org.br\/noticias\/wp-content\/uploads\/2020\/01\/papa_marta_28.jpg\" alt=\"\" width=\"890\" height=\"501\" srcset=\"https:\/\/franciscanos.org.br\/noticias\/wp-content\/uploads\/2020\/01\/papa_marta_28.jpg 890w, https:\/\/franciscanos.org.br\/noticias\/wp-content\/uploads\/2020\/01\/papa_marta_28-450x253.jpg 450w, https:\/\/franciscanos.org.br\/noticias\/wp-content\/uploads\/2020\/01\/papa_marta_28-768x432.jpg 768w, https:\/\/franciscanos.org.br\/noticias\/wp-content\/uploads\/2020\/01\/papa_marta_28-150x84.jpg 150w\" sizes=\"(max-width: 890px) 100vw, 890px\" \/><p id=\"caption-attachment-216476\" class=\"wp-caption-text\">\u00a0 \u00a0 \u00a0 \u00a0 \u00a0 \u00a0 \u00a0 \u00a0 \u00a0 \u00a0 \u00a0 \u00a0 \u00a0 \u00a0 \u00a0 \u00a0 \u00a0 \u00a0 \u00a0 \u00a0 \u00a0 \u00a0 \u00a0 \u00a0 \u00a0 \u00a0 \u00a0 \u00a0 \u00a0 \u00a0 \u00a0 \u00a0 \u00a0 \u00a0 \u00a0 \u00a0 \u00a0 \u00a0 \u00a0 \u00a0 \u00a0 \u00a0 \u00a0 \u00a0 \u00a0 \u00a0 \u00a0 \u00a0 \u00a0 \u00a0 \u00a0 \u00a0 \u00a0 \u00a0 \u00a0 <em>\u00a0 \u00a0 \u00a0 \u00a0 \u00a0Imagem: Vatican Media<\/em><\/p><\/div>\n<p><strong>Cidade do Vaticano<\/strong> &#8211; O Papa Francisco celebrou esta manh\u00e3 (28\/01) a missa na capela da Casa Santa Marta e no centro da sua homilia esteve a alegria de ser crist\u00e3o. O Pont\u00edfice inspirou-se na Primeira Leitura, extra\u00edda do Segundo Livro de Samuel, que narra a festa de Davi e de todo o povo de Israel pelo regresso da Arca da Alian\u00e7a ao seu lugar, isto \u00e9, a Jerusal\u00e9m.<\/p>\n<p>A arca tinha sido levada embora, recordou o Papa, e o seu retorno foi \u201cuma grande alegria para o povo\u201d, j\u00e1 que ele sente que Deus lhe est\u00e1 pr\u00f3ximo, e exulta. O rei Davi est\u00e1 com eles, coloca-se \u00e0 frente da prociss\u00e3o, faz o sacrif\u00edcio de um boi e de um carneiro a cada seis passos. Com o povo, exulta, canta e dan\u00e7a \u201ccom todas as for\u00e7as\u201d.<\/p>\n<p>Havia uma festa: a alegria do povo de Deus porque Deus estava com eles. E Davi? Dan\u00e7a. Dan\u00e7a diante do povo, expressa a sua alegria sem sentir vergonha; \u00e9 a alegria espiritual do encontro com o Senhor: Deus voltou entre n\u00f3s. E isto nos d\u00e1 tanta alegria. Davi n\u00e3o pensa que \u00e9 o rei e que o rei deve ficar distante do povo, a sua majestade &#8211; n\u00e3o? -, com a dist\u00e2ncia&#8230; Davi ama o Senhor, est\u00e1 feliz com este evento de conduzir a arca do Senhor. Expressa esta felicidade, esta alegria dan\u00e7ando, e certamente tamb\u00e9m cantava como todo o povo.<\/p>\n<p>Francisco afirmou que acontece o mesmo com a gente, de sentir alegria \u201cquando estamos com o Senhor\u201d e \u00e0s vezes, na par\u00f3quia, as pessoas fazem festa. E citou outro epis\u00f3dio da hist\u00f3ria de Israel, quando foi reencontrado o livro da lei no tempo de Neemias e tamb\u00e9m ali \u201co povo chorava de alegria\u201d, continuando a festejar inclusive em casa.<\/p>\n<p><strong>O desprezo pela espontaneidade da alegria<\/strong><br \/>\nO texto do profeta Samuel continua descrevendo a volta de Davi para sua casa, onde encontra uma das mulheres, Micol, a filha de Saul. Ela o acolhe com desprezo. Vendo o rei dan\u00e7ar, sentiu vergonha dele e o repreendeu dizendo: \u201cMas n\u00e3o sente vergonha dan\u00e7ando como um vulgar, como algu\u00e9m do povo?\u201d.<\/p>\n<p>\u00c9 o desprezo da religiosidade requintada pela espontaneidade da alegria com o Senhor. E Davi explica para ela: \u201cMas veja, isso foi motivo de alegria. Alegria no Senhor, porque trouxemos a arca para casa!&#8221;. [Ela] despreza. E diz a B\u00edblia que essa senhora \u2013 se chamava Micol &#8211; n\u00e3o teve filhos por isso. O Senhor a puniu. Quando falta a alegria em um crist\u00e3o, esse crist\u00e3o n\u00e3o \u00e9 fecundo; quando falta a alegria em nosso cora\u00e7\u00e3o, n\u00e3o h\u00e1 fecundidade.<\/p>\n<p>\u00c9 preciso evangelizadores alegres para seguir em frente<br \/>\nO Papa Francisco observa ent\u00e3o que a festa n\u00e3o se expressa apenas espiritualmente, mas se torna partilha. Davi, naquele dia, ap\u00f3s a b\u00ean\u00e7\u00e3o, havia distribu\u00eddo &#8220;um p\u00e3o de forno para cada um, uma por\u00e7\u00e3o de carne assada e torta de uvas&#8221;, para que cada um festejasse em sua pr\u00f3pria casa. &#8220;A Palavra de Deus n\u00e3o se envergonha da festa&#8221;, afirma Francisco, que acrescenta: &#8220;\u00c9 verdade, \u00e0s vezes o perigo da alegria \u00e9 ir al\u00e9m e acreditar que isso \u00e9 tudo. N\u00e3o: esta \u00e9 a atmosfera de festa.&#8221;<\/p>\n<p>E recorda ent\u00e3o que S\u00e3o Paulo VI em sua Exorta\u00e7\u00e3o Apost\u00f3lica <em>&#8220;Evangelii Nuntiandi&#8221;<\/em>, fala desse aspecto e exorta \u00e0 alegria. E Francisco conclui sua homilia com este pensamento: \u201cA Igreja n\u00e3o ir\u00e1 em frente. O Evangelho n\u00e3o ir\u00e1 em frente com evangelizadores enfadonhos, amargurados. N\u00e3o. Somente ir\u00e1 em frente com evangelizadores alegres e cheios de vida. A alegria no receber a Palavra de Deus, a alegria de ser crist\u00e3os, a alegria de seguir em frente, a capacidade de festejar sem se envergonhar e n\u00e3o ser como esta senhora, Micol, crist\u00e3os formais, crist\u00e3os prisioneiros das formalidades&#8221;.<\/p>\n<hr \/>\n<p><em>Fonte: Vatican News<\/em><\/p>\n","protected":false},"excerpt":{"rendered":"<p>Missa em Santa Marta<\/p>\n","protected":false},"author":3,"featured_media":216477,"comment_status":"open","ping_status":"open","sticky":false,"template":"","format":"standard","meta":[],"categories":[1428],"tags":[829],"acf":[],"yoast_head":"<!-- This site is optimized with the Yoast SEO plugin v19.2 - https:\/\/yoast.com\/wordpress\/plugins\/seo\/ -->\n<title>Papa: crist\u00e3os sem alegria s\u00e3o prisioneiros das formalidades - Not\u00edcias - Franciscanos<\/title>\n<meta name=\"robots\" content=\"index, follow, max-snippet:-1, max-image-preview:large, max-video-preview:-1\" \/>\n<link rel=\"canonical\" href=\"https:\/\/franciscanos.org.br\/noticias\/papa-cristaos-sem-alegria-sao-prisioneiros-das-formalidades.html\" \/>\n<meta property=\"og:locale\" content=\"pt_BR\" \/>\n<meta property=\"og:type\" content=\"article\" \/>\n<meta property=\"og:title\" content=\"Papa: crist\u00e3os sem alegria s\u00e3o prisioneiros das formalidades - Not\u00edcias - Franciscanos\" \/>\n<meta property=\"og:description\" content=\"Missa em Santa Marta\" \/>\n<meta property=\"og:url\" content=\"https:\/\/franciscanos.org.br\/noticias\/papa-cristaos-sem-alegria-sao-prisioneiros-das-formalidades.html\" \/>\n<meta property=\"og:site_name\" content=\"Not\u00edcias - Franciscanos\" \/>\n<meta property=\"article:published_time\" content=\"2020-01-28T12:08:51+00:00\" \/>\n<meta property=\"article:modified_time\" content=\"2021-08-29T20:48:01+00:00\" \/>\n<meta property=\"og:image\" content=\"https:\/\/franciscanos.org.br\/noticias\/wp-content\/uploads\/2020\/01\/papa_marta_28d.jpg\" \/>\n\t<meta property=\"og:image:width\" content=\"273\" \/>\n\t<meta property=\"og:image:height\" content=\"181\" \/>\n\t<meta property=\"og:image:type\" content=\"image\/jpeg\" \/>\n<meta name=\"author\" content=\"moacir\" \/>\n<meta name=\"twitter:card\" content=\"summary_large_image\" \/>\n<meta name=\"twitter:label1\" content=\"Escrito por\" \/>\n\t<meta name=\"twitter:data1\" content=\"moacir\" \/>\n\t<meta name=\"twitter:label2\" content=\"Est. tempo de leitura\" \/>\n\t<meta name=\"twitter:data2\" content=\"3 minutos\" \/>\n<script type=\"application\/ld+json\" class=\"yoast-schema-graph\">{\"@context\":\"https:\/\/schema.org\",\"@graph\":[{\"@type\":\"WebSite\",\"@id\":\"https:\/\/franciscanos.org.br\/noticias\/#website\",\"url\":\"https:\/\/franciscanos.org.br\/noticias\/\",\"name\":\"Not\u00edcias - Franciscanos\",\"description\":\"Prov\u00edncia Franciscana da Imaculada Concei\u00e7\u00e3o do Brasil - Ordem dos Frades Menores - OFM\",\"potentialAction\":[{\"@type\":\"SearchAction\",\"target\":{\"@type\":\"EntryPoint\",\"urlTemplate\":\"https:\/\/franciscanos.org.br\/noticias\/?s={search_term_string}\"},\"query-input\":\"required name=search_term_string\"}],\"inLanguage\":\"pt-BR\"},{\"@type\":\"ImageObject\",\"inLanguage\":\"pt-BR\",\"@id\":\"https:\/\/franciscanos.org.br\/noticias\/papa-cristaos-sem-alegria-sao-prisioneiros-das-formalidades.html#primaryimage\",\"url\":\"https:\/\/franciscanos.org.br\/noticias\/wp-content\/uploads\/2020\/01\/papa_marta_28d.jpg\",\"contentUrl\":\"https:\/\/franciscanos.org.br\/noticias\/wp-content\/uploads\/2020\/01\/papa_marta_28d.jpg\",\"width\":273,\"height\":181},{\"@type\":\"WebPage\",\"@id\":\"https:\/\/franciscanos.org.br\/noticias\/papa-cristaos-sem-alegria-sao-prisioneiros-das-formalidades.html#webpage\",\"url\":\"https:\/\/franciscanos.org.br\/noticias\/papa-cristaos-sem-alegria-sao-prisioneiros-das-formalidades.html\",\"name\":\"Papa: crist\u00e3os sem alegria s\u00e3o prisioneiros das formalidades - Not\u00edcias - Franciscanos\",\"isPartOf\":{\"@id\":\"https:\/\/franciscanos.org.br\/noticias\/#website\"},\"primaryImageOfPage\":{\"@id\":\"https:\/\/franciscanos.org.br\/noticias\/papa-cristaos-sem-alegria-sao-prisioneiros-das-formalidades.html#primaryimage\"},\"datePublished\":\"2020-01-28T12:08:51+00:00\",\"dateModified\":\"2021-08-29T20:48:01+00:00\",\"author\":{\"@id\":\"https:\/\/franciscanos.org.br\/noticias\/#\/schema\/person\/b5c8cba458c330ccff548b056e95a5d4\"},\"breadcrumb\":{\"@id\":\"https:\/\/franciscanos.org.br\/noticias\/papa-cristaos-sem-alegria-sao-prisioneiros-das-formalidades.html#breadcrumb\"},\"inLanguage\":\"pt-BR\",\"potentialAction\":[{\"@type\":\"ReadAction\",\"target\":[\"https:\/\/franciscanos.org.br\/noticias\/papa-cristaos-sem-alegria-sao-prisioneiros-das-formalidades.html\"]}]},{\"@type\":\"BreadcrumbList\",\"@id\":\"https:\/\/franciscanos.org.br\/noticias\/papa-cristaos-sem-alegria-sao-prisioneiros-das-formalidades.html#breadcrumb\",\"itemListElement\":[{\"@type\":\"ListItem\",\"position\":1,\"name\":\"Home\",\"item\":\"https:\/\/franciscanos.org.br\/noticias\"},{\"@type\":\"ListItem\",\"position\":2,\"name\":\"Papa: crist\u00e3os sem alegria s\u00e3o prisioneiros das formalidades\"}]},{\"@type\":\"Person\",\"@id\":\"https:\/\/franciscanos.org.br\/noticias\/#\/schema\/person\/b5c8cba458c330ccff548b056e95a5d4\",\"name\":\"moacir\",\"image\":{\"@type\":\"ImageObject\",\"inLanguage\":\"pt-BR\",\"@id\":\"https:\/\/franciscanos.org.br\/noticias\/#\/schema\/person\/image\/\",\"url\":\"https:\/\/secure.gravatar.com\/avatar\/d08aa2ce4c8dd416d4479aa8536fcf64?s=96&d=mm&r=g\",\"contentUrl\":\"https:\/\/secure.gravatar.com\/avatar\/d08aa2ce4c8dd416d4479aa8536fcf64?s=96&d=mm&r=g\",\"caption\":\"moacir\"},\"url\":\"https:\/\/franciscanos.org.br\/noticias\/author\/moacir\"}]}<\/script>\n<!-- \/ Yoast SEO plugin. -->","yoast_head_json":{"title":"Papa: crist\u00e3os sem alegria s\u00e3o prisioneiros das formalidades - Not\u00edcias - Franciscanos","robots":{"index":"index","follow":"follow","max-snippet":"max-snippet:-1","max-image-preview":"max-image-preview:large","max-video-preview":"max-video-preview:-1"},"canonical":"https:\/\/franciscanos.org.br\/noticias\/papa-cristaos-sem-alegria-sao-prisioneiros-das-formalidades.html","og_locale":"pt_BR","og_type":"article","og_title":"Papa: crist\u00e3os sem alegria s\u00e3o prisioneiros das formalidades - Not\u00edcias - Franciscanos","og_description":"Missa em Santa Marta","og_url":"https:\/\/franciscanos.org.br\/noticias\/papa-cristaos-sem-alegria-sao-prisioneiros-das-formalidades.html","og_site_name":"Not\u00edcias - Franciscanos","article_published_time":"2020-01-28T12:08:51+00:00","article_modified_time":"2021-08-29T20:48:01+00:00","og_image":[{"width":273,"height":181,"url":"https:\/\/franciscanos.org.br\/noticias\/wp-content\/uploads\/2020\/01\/papa_marta_28d.jpg","type":"image\/jpeg"}],"author":"moacir","twitter_card":"summary_large_image","twitter_misc":{"Escrito por":"moacir","Est. tempo de leitura":"3 minutos"},"schema":{"@context":"https:\/\/schema.org","@graph":[{"@type":"WebSite","@id":"https:\/\/franciscanos.org.br\/noticias\/#website","url":"https:\/\/franciscanos.org.br\/noticias\/","name":"Not\u00edcias - Franciscanos","description":"Prov\u00edncia Franciscana da Imaculada Concei\u00e7\u00e3o do Brasil - Ordem dos Frades Menores - OFM","potentialAction":[{"@type":"SearchAction","target":{"@type":"EntryPoint","urlTemplate":"https:\/\/franciscanos.org.br\/noticias\/?s={search_term_string}"},"query-input":"required name=search_term_string"}],"inLanguage":"pt-BR"},{"@type":"ImageObject","inLanguage":"pt-BR","@id":"https:\/\/franciscanos.org.br\/noticias\/papa-cristaos-sem-alegria-sao-prisioneiros-das-formalidades.html#primaryimage","url":"https:\/\/franciscanos.org.br\/noticias\/wp-content\/uploads\/2020\/01\/papa_marta_28d.jpg","contentUrl":"https:\/\/franciscanos.org.br\/noticias\/wp-content\/uploads\/2020\/01\/papa_marta_28d.jpg","width":273,"height":181},{"@type":"WebPage","@id":"https:\/\/franciscanos.org.br\/noticias\/papa-cristaos-sem-alegria-sao-prisioneiros-das-formalidades.html#webpage","url":"https:\/\/franciscanos.org.br\/noticias\/papa-cristaos-sem-alegria-sao-prisioneiros-das-formalidades.html","name":"Papa: crist\u00e3os sem alegria s\u00e3o prisioneiros das formalidades - Not\u00edcias - Franciscanos","isPartOf":{"@id":"https:\/\/franciscanos.org.br\/noticias\/#website"},"primaryImageOfPage":{"@id":"https:\/\/franciscanos.org.br\/noticias\/papa-cristaos-sem-alegria-sao-prisioneiros-das-formalidades.html#primaryimage"},"datePublished":"2020-01-28T12:08:51+00:00","dateModified":"2021-08-29T20:48:01+00:00","author":{"@id":"https:\/\/franciscanos.org.br\/noticias\/#\/schema\/person\/b5c8cba458c330ccff548b056e95a5d4"},"breadcrumb":{"@id":"https:\/\/franciscanos.org.br\/noticias\/papa-cristaos-sem-alegria-sao-prisioneiros-das-formalidades.html#breadcrumb"},"inLanguage":"pt-BR","potentialAction":[{"@type":"ReadAction","target":["https:\/\/franciscanos.org.br\/noticias\/papa-cristaos-sem-alegria-sao-prisioneiros-das-formalidades.html"]}]},{"@type":"BreadcrumbList","@id":"https:\/\/franciscanos.org.br\/noticias\/papa-cristaos-sem-alegria-sao-prisioneiros-das-formalidades.html#breadcrumb","itemListElement":[{"@type":"ListItem","position":1,"name":"Home","item":"https:\/\/franciscanos.org.br\/noticias"},{"@type":"ListItem","position":2,"name":"Papa: crist\u00e3os sem alegria s\u00e3o prisioneiros das formalidades"}]},{"@type":"Person","@id":"https:\/\/franciscanos.org.br\/noticias\/#\/schema\/person\/b5c8cba458c330ccff548b056e95a5d4","name":"moacir","image":{"@type":"ImageObject","inLanguage":"pt-BR","@id":"https:\/\/franciscanos.org.br\/noticias\/#\/schema\/person\/image\/","url":"https:\/\/secure.gravatar.com\/avatar\/d08aa2ce4c8dd416d4479aa8536fcf64?s=96&d=mm&r=g","contentUrl":"https:\/\/secure.gravatar.com\/avatar\/d08aa2ce4c8dd416d4479aa8536fcf64?s=96&d=mm&r=g","caption":"moacir"},"url":"https:\/\/franciscanos.org.br\/noticias\/author\/moacir"}]}},"_links":{"self":[{"href":"https:\/\/franciscanos.org.br\/noticias\/wp-json\/wp\/v2\/posts\/216475"}],"collection":[{"href":"https:\/\/franciscanos.org.br\/noticias\/wp-json\/wp\/v2\/posts"}],"about":[{"href":"https:\/\/franciscanos.org.br\/noticias\/wp-json\/wp\/v2\/types\/post"}],"author":[{"embeddable":true,"href":"https:\/\/franciscanos.org.br\/noticias\/wp-json\/wp\/v2\/users\/3"}],"replies":[{"embeddable":true,"href":"https:\/\/franciscanos.org.br\/noticias\/wp-json\/wp\/v2\/comments?post=216475"}],"version-history":[{"count":2,"href":"https:\/\/franciscanos.org.br\/noticias\/wp-json\/wp\/v2\/posts\/216475\/revisions"}],"predecessor-version":[{"id":234067,"href":"https:\/\/franciscanos.org.br\/noticias\/wp-json\/wp\/v2\/posts\/216475\/revisions\/234067"}],"wp:featuredmedia":[{"embeddable":true,"href":"https:\/\/franciscanos.org.br\/noticias\/wp-json\/wp\/v2\/media\/216477"}],"wp:attachment":[{"href":"https:\/\/franciscanos.org.br\/noticias\/wp-json\/wp\/v2\/media?parent=216475"}],"wp:term":[{"taxonomy":"category","embeddable":true,"href":"https:\/\/franciscanos.org.br\/noticias\/wp-json\/wp\/v2\/categories?post=216475"},{"taxonomy":"post_tag","embeddable":true,"href":"https:\/\/franciscanos.org.br\/noticias\/wp-json\/wp\/v2\/tags?post=216475"}],"curies":[{"name":"wp","href":"https:\/\/api.w.org\/{rel}","templated":true}]}}