{"id":216450,"date":"2020-01-27T21:30:55","date_gmt":"2020-01-28T00:30:55","guid":{"rendered":"https:\/\/franciscanos.org.br\/noticias\/?p=216450"},"modified":"2020-01-28T15:42:41","modified_gmt":"2020-01-28T18:42:41","slug":"missoes-frei-diego-emociona-as-familias-em-encontro","status":"publish","type":"post","link":"https:\/\/franciscanos.org.br\/noticias\/missoes-frei-diego-emociona-as-familias-em-encontro.html","title":{"rendered":"Miss\u00f5es: Frei Diego emociona as fam\u00edlias em encontro"},"content":{"rendered":"<p><img loading=\"lazy\" class=\"size-full wp-image-216451 aligncenter\" src=\"https:\/\/franciscanos.org.br\/noticias\/wp-content\/uploads\/2020\/01\/familias_2701_3.jpg\" alt=\"\" width=\"1280\" height=\"860\" srcset=\"https:\/\/franciscanos.org.br\/noticias\/wp-content\/uploads\/2020\/01\/familias_2701_3.jpg 1280w, https:\/\/franciscanos.org.br\/noticias\/wp-content\/uploads\/2020\/01\/familias_2701_3-450x302.jpg 450w, https:\/\/franciscanos.org.br\/noticias\/wp-content\/uploads\/2020\/01\/familias_2701_3-1024x688.jpg 1024w, https:\/\/franciscanos.org.br\/noticias\/wp-content\/uploads\/2020\/01\/familias_2701_3-768x516.jpg 768w, https:\/\/franciscanos.org.br\/noticias\/wp-content\/uploads\/2020\/01\/familias_2701_3-150x101.jpg 150w\" sizes=\"(max-width: 1280px) 100vw, 1280px\" \/><\/p>\n<p><strong>Frei Augusto Luiz Gabriel e Moacir Beggo<\/strong><\/p>\n<p><strong>Xaxim (SC)<\/strong> &#8211; A segunda-feira, 27 de janeiro, na Par\u00f3quia S\u00e3o Luiz Gonzaga de Xaxim (SC) foi um dia intenso com as conclus\u00f5es dos trabalhos para receber os 800 jovens que chegar\u00e3o nesta quarta-feira de manh\u00e3 (29\/1), quando t\u00eam in\u00edcio as Miss\u00f5es Franciscanas da Juventude na sua s\u00e9tima edi\u00e7\u00e3o.<\/p>\n<p>\u00c0 noite, Frei Diego Melo, o coordenador das Miss\u00f5es, reuniu as fam\u00edlias que acolher\u00e3o os jovens durante dois dias para dar as orienta\u00e7\u00f5es necess\u00e1rias visando o bom andamento do evento e acabou emocionando as pessoas com os seus depoimentos.<\/p>\n<p>Depois de explicar para as fam\u00edlias como se realizam as Miss\u00f5es da Prov\u00edncia Franciscana da Imaculada Concei\u00e7\u00e3o, mostrou o v\u00eddeo de encerramento das Miss\u00f5es do Rio de Janeiro no ano passado. Em seguida, Frei Diego fez uma reflex\u00e3o depois da leitura do Evangelho de Mateus 10,37-42, proferida pelo professor e exegeta Frei Ludovico Garmus, frade que \u00e9 natural de Xaxim. &#8220;Quem der, ainda que seja apenas um copo de \u00e1gua fresca, a um desses pequeninos, por ser meu disc\u00edpulo, em verdade vos digo: n\u00e3o perder\u00e1 a sua recompensa\u201d, destacou.<\/p>\n<p>Antes de fazer a partilha do Evangelho, Frei Diego pediu a todos que falassem de seus sentimentos e de suas expectativas: &#8220;O que est\u00e1 passando aqui dentro (bateu no peito), para depois a gente saber como caminhar&#8221;, disse. Ouviu palavras que resumiam esses sentimentos: alegria, esperan\u00e7a, paz, amor, gratid\u00e3o, felicidade, f\u00e9, ansiedade, acolhida, uma nova vida, resgatar os jovens, ganhar mais tr\u00eas filhos, troca de experi\u00eancia, ouvir o que t\u00eam de bom para dizer para a gente, sinal de fraternidade, fazer novas amizades, encontros e partilhas entre as fam\u00edlias.<\/p>\n<p><img loading=\"lazy\" class=\"size-full wp-image-216452 aligncenter\" src=\"https:\/\/franciscanos.org.br\/noticias\/wp-content\/uploads\/2020\/01\/familias_2701_2.jpg\" alt=\"\" width=\"1280\" height=\"960\" srcset=\"https:\/\/franciscanos.org.br\/noticias\/wp-content\/uploads\/2020\/01\/familias_2701_2.jpg 1280w, https:\/\/franciscanos.org.br\/noticias\/wp-content\/uploads\/2020\/01\/familias_2701_2-450x338.jpg 450w, https:\/\/franciscanos.org.br\/noticias\/wp-content\/uploads\/2020\/01\/familias_2701_2-1024x768.jpg 1024w, https:\/\/franciscanos.org.br\/noticias\/wp-content\/uploads\/2020\/01\/familias_2701_2-768x576.jpg 768w, https:\/\/franciscanos.org.br\/noticias\/wp-content\/uploads\/2020\/01\/familias_2701_2-150x113.jpg 150w, https:\/\/franciscanos.org.br\/noticias\/wp-content\/uploads\/2020\/01\/familias_2701_2-600x450.jpg 600w\" sizes=\"(max-width: 1280px) 100vw, 1280px\" \/><\/p>\n<p>&#8220;Tudo isso \u00e9 muito bonito e real. J\u00e1 estamos na s\u00e9tima edi\u00e7\u00e3o das Miss\u00f5es. A beleza deste evento est\u00e1 exatamente nisso que voc\u00eas partilharam e que, a partir de quinta-feira, v\u00e3o vivenciar&#8221;, disse Frei Diego. &#8220;N\u00e3o vai ser uma palavra, mas vai ser uma experi\u00eancia&#8221;, ressaltou.<\/p>\n<p>Segundo o coordenador, seria mais f\u00e1cil deixar os jovens dormindo no Sal\u00e3o Paroquial durante cinco dias, como far\u00e3o os 800 jovens de quarta at\u00e9 quinta. &#8220;Cada um vai trazer o &#8216;saco de dormir&#8217; e, em qualquer canto do ch\u00e3o, eles se ajeitam. A gente poderia organizar assim todos os dias. Seria at\u00e9 mais f\u00e1cil. O sal\u00e3o \u00e9 grande e, para os jovens, dormir assim n\u00e3o \u00e9 problema. Mas a miss\u00e3o n\u00e3o seria t\u00e3o forte, t\u00e3o impactante e t\u00e3o bonita se n\u00e3o tivesse isso que voc\u00eas est\u00e3o proporcionando: Acolhida dentro da pr\u00f3pria casa, da fam\u00edlia&#8221;, ressaltou.<\/p>\n<p>&#8220;Uma coisa \u00e9 eu vir l\u00e1 de S\u00e3o Paulo, do Rio de Janeiro, de outra cidade, enfim, passar cinco dias dentro de um gin\u00e1sio. Eu vou ter uma vis\u00e3o de Xaxim. Outra coisa \u00e9 eu ficar dentro de uma casa de fam\u00edlia, dentro de uma hist\u00f3ria concreta e real&#8221;, ressaltou, lembrando que nas Miss\u00f5es esses jovens ganham novas fam\u00edlias. &#8220;\u00c9 bonito ouvir um jovem falando: &#8216;Ah, frei, a minha fam\u00edlia l\u00e1 do Rio de Janeiro&#8230;&#8217;. Cria-se uma grande fam\u00edlia, uma grande fraternidade, que \u00e9 o Evangelho que n\u00f3s acabamos de ouvir. Quando Jesus diz &#8216;se voc\u00eas abrirem as portas e oferecerem nem que seja um copo d&#8217;\u00e1gua para algu\u00e9m, voc\u00eas estar\u00e3o fazendo isso para Deus&#8217;. Tem muita gente que est\u00e1 procurando se encontrar com Deus. Tem muita gente que quer um sinal dos c\u00e9us e, de repente, uma experi\u00eancia bem concreta de abrir as portas e oferecer essa hospedagem para um jovem, uma jovem, um adulto, \u00e9 essa experi\u00eancia concreta de Deus&#8221;, acrescentou.<\/p>\n<p>Frei Diego, ent\u00e3o, ouviu de uma m\u00e3e: &#8220;E perdi um filho e vou receber dois&#8221;, disse. Outra m\u00e3e disse: &#8220;No dia 30 vai fazer quatro anos que perdi meu filho em um acidente de moto. O nome dele \u00e9 Gustavo e vou receber um Gustavo em minha casa&#8221;. Frei Diego pediu uma salva de palmas.<\/p>\n<p><img loading=\"lazy\" class=\"aligncenter size-full wp-image-216453\" src=\"https:\/\/franciscanos.org.br\/noticias\/wp-content\/uploads\/2020\/01\/familias_2701.jpg\" alt=\"\" width=\"1280\" height=\"960\" srcset=\"https:\/\/franciscanos.org.br\/noticias\/wp-content\/uploads\/2020\/01\/familias_2701.jpg 1280w, https:\/\/franciscanos.org.br\/noticias\/wp-content\/uploads\/2020\/01\/familias_2701-450x338.jpg 450w, https:\/\/franciscanos.org.br\/noticias\/wp-content\/uploads\/2020\/01\/familias_2701-1024x768.jpg 1024w, https:\/\/franciscanos.org.br\/noticias\/wp-content\/uploads\/2020\/01\/familias_2701-768x576.jpg 768w, https:\/\/franciscanos.org.br\/noticias\/wp-content\/uploads\/2020\/01\/familias_2701-150x113.jpg 150w, https:\/\/franciscanos.org.br\/noticias\/wp-content\/uploads\/2020\/01\/familias_2701-600x450.jpg 600w\" sizes=\"(max-width: 1280px) 100vw, 1280px\" \/><\/p>\n<p>&#8220;Tudo isso \u00e9 a miss\u00e3o de Deus j\u00e1 acontecendo aqui em nosso meio. A gente da organiza\u00e7\u00e3o prepara, organiza tudo, a\u00ed quando chega nessa hora a gente faz um ato de entrega e diz assim para Jesus: &#8216;Olha, Jesus, eu fiz a minha parte. Agora, \u00e9 com voc\u00ea!&#8217; E Ele se encarrega de levar, de mandar para a m\u00e3e, que devolveu para Deus o filho Gustavo, um outro Gustavo. Ningu\u00e9m sabia disso. N\u00e3o \u00e9 coincid\u00eancia. \u00c9 provid\u00eancia de Deus, a a\u00e7\u00e3o de Deus acontecendo aqui em Xaxim. Essa experi\u00eancia de serem essa fam\u00edlia acolhedora \u00e9 que d\u00e1 o encanto \u00e0 miss\u00e3o. E assim como voc\u00eas fazem esse bonito gesto, tamb\u00e9m recebem o conforto por esta atitude&#8221;, disse.<\/p>\n<p>Para Frei Diego, as Miss\u00f5es reservam muitos encontros e emo\u00e7\u00f5es. Depois passou para as orienta\u00e7\u00f5es propriamente ditas. No Sal\u00e3o Paroquial de Xaxim ficou o maior grupo e outros tr\u00eas foram divididos nas comunidades dos munic\u00edpios de Lajeado Grande, Marema e Entre Rios, que tamb\u00e9m receberam as mesmas orienta\u00e7\u00f5es.<\/p>\n","protected":false},"excerpt":{"rendered":"<p>Miss\u00f5es Franciscanas da Juventude<\/p>\n","protected":false},"author":3,"featured_media":216454,"comment_status":"open","ping_status":"open","sticky":false,"template":"","format":"standard","meta":[],"categories":[1],"tags":[1206],"acf":[],"yoast_head":"<!-- This site is optimized with the Yoast SEO plugin v19.2 - https:\/\/yoast.com\/wordpress\/plugins\/seo\/ -->\n<title>Miss\u00f5es: Frei Diego emociona as fam\u00edlias em encontro - Not\u00edcias - Franciscanos<\/title>\n<meta name=\"robots\" content=\"index, follow, max-snippet:-1, max-image-preview:large, max-video-preview:-1\" \/>\n<link rel=\"canonical\" href=\"https:\/\/franciscanos.org.br\/noticias\/missoes-frei-diego-emociona-as-familias-em-encontro.html\" \/>\n<meta property=\"og:locale\" content=\"pt_BR\" \/>\n<meta property=\"og:type\" content=\"article\" \/>\n<meta property=\"og:title\" content=\"Miss\u00f5es: Frei Diego emociona as fam\u00edlias em encontro - Not\u00edcias - Franciscanos\" \/>\n<meta property=\"og:description\" content=\"Miss\u00f5es Franciscanas da Juventude\" \/>\n<meta property=\"og:url\" content=\"https:\/\/franciscanos.org.br\/noticias\/missoes-frei-diego-emociona-as-familias-em-encontro.html\" \/>\n<meta property=\"og:site_name\" content=\"Not\u00edcias - Franciscanos\" \/>\n<meta property=\"article:published_time\" content=\"2020-01-28T00:30:55+00:00\" \/>\n<meta property=\"article:modified_time\" content=\"2020-01-28T18:42:41+00:00\" \/>\n<meta property=\"og:image\" content=\"https:\/\/franciscanos.org.br\/noticias\/wp-content\/uploads\/2020\/01\/familias_2701_3d.jpg\" \/>\n\t<meta property=\"og:image:width\" content=\"273\" \/>\n\t<meta property=\"og:image:height\" content=\"181\" \/>\n\t<meta property=\"og:image:type\" content=\"image\/jpeg\" \/>\n<meta name=\"author\" content=\"moacir\" \/>\n<meta name=\"twitter:card\" content=\"summary_large_image\" \/>\n<meta name=\"twitter:label1\" content=\"Escrito por\" \/>\n\t<meta name=\"twitter:data1\" content=\"moacir\" \/>\n\t<meta name=\"twitter:label2\" content=\"Est. tempo de leitura\" \/>\n\t<meta name=\"twitter:data2\" content=\"4 minutos\" \/>\n<script type=\"application\/ld+json\" class=\"yoast-schema-graph\">{\"@context\":\"https:\/\/schema.org\",\"@graph\":[{\"@type\":\"WebSite\",\"@id\":\"https:\/\/franciscanos.org.br\/noticias\/#website\",\"url\":\"https:\/\/franciscanos.org.br\/noticias\/\",\"name\":\"Not\u00edcias - Franciscanos\",\"description\":\"Prov\u00edncia Franciscana da Imaculada Concei\u00e7\u00e3o do Brasil - Ordem dos Frades Menores - OFM\",\"potentialAction\":[{\"@type\":\"SearchAction\",\"target\":{\"@type\":\"EntryPoint\",\"urlTemplate\":\"https:\/\/franciscanos.org.br\/noticias\/?s={search_term_string}\"},\"query-input\":\"required name=search_term_string\"}],\"inLanguage\":\"pt-BR\"},{\"@type\":\"ImageObject\",\"inLanguage\":\"pt-BR\",\"@id\":\"https:\/\/franciscanos.org.br\/noticias\/missoes-frei-diego-emociona-as-familias-em-encontro.html#primaryimage\",\"url\":\"https:\/\/franciscanos.org.br\/noticias\/wp-content\/uploads\/2020\/01\/familias_2701_3d.jpg\",\"contentUrl\":\"https:\/\/franciscanos.org.br\/noticias\/wp-content\/uploads\/2020\/01\/familias_2701_3d.jpg\",\"width\":273,\"height\":181},{\"@type\":\"WebPage\",\"@id\":\"https:\/\/franciscanos.org.br\/noticias\/missoes-frei-diego-emociona-as-familias-em-encontro.html#webpage\",\"url\":\"https:\/\/franciscanos.org.br\/noticias\/missoes-frei-diego-emociona-as-familias-em-encontro.html\",\"name\":\"Miss\u00f5es: Frei Diego emociona as fam\u00edlias em encontro - Not\u00edcias - Franciscanos\",\"isPartOf\":{\"@id\":\"https:\/\/franciscanos.org.br\/noticias\/#website\"},\"primaryImageOfPage\":{\"@id\":\"https:\/\/franciscanos.org.br\/noticias\/missoes-frei-diego-emociona-as-familias-em-encontro.html#primaryimage\"},\"datePublished\":\"2020-01-28T00:30:55+00:00\",\"dateModified\":\"2020-01-28T18:42:41+00:00\",\"author\":{\"@id\":\"https:\/\/franciscanos.org.br\/noticias\/#\/schema\/person\/b5c8cba458c330ccff548b056e95a5d4\"},\"breadcrumb\":{\"@id\":\"https:\/\/franciscanos.org.br\/noticias\/missoes-frei-diego-emociona-as-familias-em-encontro.html#breadcrumb\"},\"inLanguage\":\"pt-BR\",\"potentialAction\":[{\"@type\":\"ReadAction\",\"target\":[\"https:\/\/franciscanos.org.br\/noticias\/missoes-frei-diego-emociona-as-familias-em-encontro.html\"]}]},{\"@type\":\"BreadcrumbList\",\"@id\":\"https:\/\/franciscanos.org.br\/noticias\/missoes-frei-diego-emociona-as-familias-em-encontro.html#breadcrumb\",\"itemListElement\":[{\"@type\":\"ListItem\",\"position\":1,\"name\":\"Home\",\"item\":\"https:\/\/franciscanos.org.br\/noticias\"},{\"@type\":\"ListItem\",\"position\":2,\"name\":\"Miss\u00f5es: Frei Diego emociona as fam\u00edlias em encontro\"}]},{\"@type\":\"Person\",\"@id\":\"https:\/\/franciscanos.org.br\/noticias\/#\/schema\/person\/b5c8cba458c330ccff548b056e95a5d4\",\"name\":\"moacir\",\"image\":{\"@type\":\"ImageObject\",\"inLanguage\":\"pt-BR\",\"@id\":\"https:\/\/franciscanos.org.br\/noticias\/#\/schema\/person\/image\/\",\"url\":\"https:\/\/secure.gravatar.com\/avatar\/d08aa2ce4c8dd416d4479aa8536fcf64?s=96&d=mm&r=g\",\"contentUrl\":\"https:\/\/secure.gravatar.com\/avatar\/d08aa2ce4c8dd416d4479aa8536fcf64?s=96&d=mm&r=g\",\"caption\":\"moacir\"},\"url\":\"https:\/\/franciscanos.org.br\/noticias\/author\/moacir\"}]}<\/script>\n<!-- \/ Yoast SEO plugin. -->","yoast_head_json":{"title":"Miss\u00f5es: Frei Diego emociona as fam\u00edlias em encontro - Not\u00edcias - Franciscanos","robots":{"index":"index","follow":"follow","max-snippet":"max-snippet:-1","max-image-preview":"max-image-preview:large","max-video-preview":"max-video-preview:-1"},"canonical":"https:\/\/franciscanos.org.br\/noticias\/missoes-frei-diego-emociona-as-familias-em-encontro.html","og_locale":"pt_BR","og_type":"article","og_title":"Miss\u00f5es: Frei Diego emociona as fam\u00edlias em encontro - Not\u00edcias - Franciscanos","og_description":"Miss\u00f5es Franciscanas da Juventude","og_url":"https:\/\/franciscanos.org.br\/noticias\/missoes-frei-diego-emociona-as-familias-em-encontro.html","og_site_name":"Not\u00edcias - Franciscanos","article_published_time":"2020-01-28T00:30:55+00:00","article_modified_time":"2020-01-28T18:42:41+00:00","og_image":[{"width":273,"height":181,"url":"https:\/\/franciscanos.org.br\/noticias\/wp-content\/uploads\/2020\/01\/familias_2701_3d.jpg","type":"image\/jpeg"}],"author":"moacir","twitter_card":"summary_large_image","twitter_misc":{"Escrito por":"moacir","Est. tempo de leitura":"4 minutos"},"schema":{"@context":"https:\/\/schema.org","@graph":[{"@type":"WebSite","@id":"https:\/\/franciscanos.org.br\/noticias\/#website","url":"https:\/\/franciscanos.org.br\/noticias\/","name":"Not\u00edcias - Franciscanos","description":"Prov\u00edncia Franciscana da Imaculada Concei\u00e7\u00e3o do Brasil - Ordem dos Frades Menores - OFM","potentialAction":[{"@type":"SearchAction","target":{"@type":"EntryPoint","urlTemplate":"https:\/\/franciscanos.org.br\/noticias\/?s={search_term_string}"},"query-input":"required name=search_term_string"}],"inLanguage":"pt-BR"},{"@type":"ImageObject","inLanguage":"pt-BR","@id":"https:\/\/franciscanos.org.br\/noticias\/missoes-frei-diego-emociona-as-familias-em-encontro.html#primaryimage","url":"https:\/\/franciscanos.org.br\/noticias\/wp-content\/uploads\/2020\/01\/familias_2701_3d.jpg","contentUrl":"https:\/\/franciscanos.org.br\/noticias\/wp-content\/uploads\/2020\/01\/familias_2701_3d.jpg","width":273,"height":181},{"@type":"WebPage","@id":"https:\/\/franciscanos.org.br\/noticias\/missoes-frei-diego-emociona-as-familias-em-encontro.html#webpage","url":"https:\/\/franciscanos.org.br\/noticias\/missoes-frei-diego-emociona-as-familias-em-encontro.html","name":"Miss\u00f5es: Frei Diego emociona as fam\u00edlias em encontro - Not\u00edcias - Franciscanos","isPartOf":{"@id":"https:\/\/franciscanos.org.br\/noticias\/#website"},"primaryImageOfPage":{"@id":"https:\/\/franciscanos.org.br\/noticias\/missoes-frei-diego-emociona-as-familias-em-encontro.html#primaryimage"},"datePublished":"2020-01-28T00:30:55+00:00","dateModified":"2020-01-28T18:42:41+00:00","author":{"@id":"https:\/\/franciscanos.org.br\/noticias\/#\/schema\/person\/b5c8cba458c330ccff548b056e95a5d4"},"breadcrumb":{"@id":"https:\/\/franciscanos.org.br\/noticias\/missoes-frei-diego-emociona-as-familias-em-encontro.html#breadcrumb"},"inLanguage":"pt-BR","potentialAction":[{"@type":"ReadAction","target":["https:\/\/franciscanos.org.br\/noticias\/missoes-frei-diego-emociona-as-familias-em-encontro.html"]}]},{"@type":"BreadcrumbList","@id":"https:\/\/franciscanos.org.br\/noticias\/missoes-frei-diego-emociona-as-familias-em-encontro.html#breadcrumb","itemListElement":[{"@type":"ListItem","position":1,"name":"Home","item":"https:\/\/franciscanos.org.br\/noticias"},{"@type":"ListItem","position":2,"name":"Miss\u00f5es: Frei Diego emociona as fam\u00edlias em encontro"}]},{"@type":"Person","@id":"https:\/\/franciscanos.org.br\/noticias\/#\/schema\/person\/b5c8cba458c330ccff548b056e95a5d4","name":"moacir","image":{"@type":"ImageObject","inLanguage":"pt-BR","@id":"https:\/\/franciscanos.org.br\/noticias\/#\/schema\/person\/image\/","url":"https:\/\/secure.gravatar.com\/avatar\/d08aa2ce4c8dd416d4479aa8536fcf64?s=96&d=mm&r=g","contentUrl":"https:\/\/secure.gravatar.com\/avatar\/d08aa2ce4c8dd416d4479aa8536fcf64?s=96&d=mm&r=g","caption":"moacir"},"url":"https:\/\/franciscanos.org.br\/noticias\/author\/moacir"}]}},"_links":{"self":[{"href":"https:\/\/franciscanos.org.br\/noticias\/wp-json\/wp\/v2\/posts\/216450"}],"collection":[{"href":"https:\/\/franciscanos.org.br\/noticias\/wp-json\/wp\/v2\/posts"}],"about":[{"href":"https:\/\/franciscanos.org.br\/noticias\/wp-json\/wp\/v2\/types\/post"}],"author":[{"embeddable":true,"href":"https:\/\/franciscanos.org.br\/noticias\/wp-json\/wp\/v2\/users\/3"}],"replies":[{"embeddable":true,"href":"https:\/\/franciscanos.org.br\/noticias\/wp-json\/wp\/v2\/comments?post=216450"}],"version-history":[{"count":0,"href":"https:\/\/franciscanos.org.br\/noticias\/wp-json\/wp\/v2\/posts\/216450\/revisions"}],"wp:featuredmedia":[{"embeddable":true,"href":"https:\/\/franciscanos.org.br\/noticias\/wp-json\/wp\/v2\/media\/216454"}],"wp:attachment":[{"href":"https:\/\/franciscanos.org.br\/noticias\/wp-json\/wp\/v2\/media?parent=216450"}],"wp:term":[{"taxonomy":"category","embeddable":true,"href":"https:\/\/franciscanos.org.br\/noticias\/wp-json\/wp\/v2\/categories?post=216450"},{"taxonomy":"post_tag","embeddable":true,"href":"https:\/\/franciscanos.org.br\/noticias\/wp-json\/wp\/v2\/tags?post=216450"}],"curies":[{"name":"wp","href":"https:\/\/api.w.org\/{rel}","templated":true}]}}