{"id":216434,"date":"2020-01-27T17:16:46","date_gmt":"2020-01-27T20:16:46","guid":{"rendered":"https:\/\/franciscanos.org.br\/noticias\/?p=216434"},"modified":"2020-01-27T17:26:55","modified_gmt":"2020-01-27T20:26:55","slug":"ministro-geral-retorna-a-roma-depois-de-sua-recuperacao","status":"publish","type":"post","link":"https:\/\/franciscanos.org.br\/noticias\/ministro-geral-retorna-a-roma-depois-de-sua-recuperacao.html","title":{"rendered":"Ministro Geral retorna a Roma depois de sua recupera\u00e7\u00e3o"},"content":{"rendered":"<p><img loading=\"lazy\" class=\"wp-image-216442 size-full aligncenter\" src=\"https:\/\/franciscanos.org.br\/noticias\/wp-content\/uploads\/2020\/01\/ministro_geral.jpg\" alt=\"\" width=\"768\" height=\"476\" srcset=\"https:\/\/franciscanos.org.br\/noticias\/wp-content\/uploads\/2020\/01\/ministro_geral.jpg 768w, https:\/\/franciscanos.org.br\/noticias\/wp-content\/uploads\/2020\/01\/ministro_geral-450x279.jpg 450w, https:\/\/franciscanos.org.br\/noticias\/wp-content\/uploads\/2020\/01\/ministro_geral-150x93.jpg 150w\" sizes=\"(max-width: 768px) 100vw, 768px\" \/><\/p>\n<p><strong>Cinco meses ap\u00f3s sofrer um grave acidente de bicicleta, o Ministro Geral da Ordem dos Frades Menores, Frei Michael Perry, est\u00e1 de volta \u00e0 C\u00faria Geral da Ordem dos Frades Menores em Roma, It\u00e1lia. Acompanhe abaixo a carta do Ministro agradecendo as ora\u00e7\u00f5es e detalhando os pr\u00f3ximos passos de sua recupera\u00e7\u00e3o:<\/strong><\/p>\n<hr \/>\n<p>Car\u00edssimos irm\u00e3os,<\/p>\n<p>O Senhor vos d\u00ea a paz!<\/p>\n<p>Desejo confirmar as not\u00edcias de meu retorno \u00e0 C\u00faria Geral. \u00c9 muito bom voltar \u201c\u00e0 casa\u201d e assumir novamente as tarefas que me foram confiadas pelo Senhor e por v\u00f3s, meus irm\u00e3os.<\/p>\n<p>No per\u00edodo da reabilita\u00e7\u00e3o, senti fortemente a vossa presen\u00e7a, irm\u00e3os, que incessantemente est\u00e1veis rezando por mim. Muito obrigado aos irm\u00e3os da C\u00faria Geral e a todos que estiveram em contato comigo por <em>e-mail<\/em>, por carta, com uma visita fraterna. Temo n\u00e3o ter respondido a todos aqueles que me escreveram: queiram aceitar esta nota como sinal da minha gratid\u00e3o pelo cuidado afetuoso que manifestaram diante de minhas lutas.<\/p>\n<p>Desejo tamb\u00e9m agradecer \u00e0s Damas Pobres (Clarissas), \u00e0s Concepcionistas e aos membros da Fam\u00edlia Franciscana pelo apoio de suas ora\u00e7\u00f5es. Deus aben\u00e7oe a cada um de v\u00f3s na voca\u00e7\u00e3o \u00e0 qual fostes chamados.<\/p>\n<p>Uma palavra especial de gratid\u00e3o dirijo a Frei Julio Bunader, Vig\u00e1rio Geral, que junto com o Definit\u00f3rio Geral assegurou a dire\u00e7\u00e3o da Ordem durante a minha aus\u00eancia. Deus aben\u00e7oe a cada um de v\u00f3s e reforce sempre a colabora\u00e7\u00e3o e comunh\u00e3o entre n\u00f3s que estamos a servi\u00e7o da Ordem.<\/p>\n<p>Os m\u00e9dicos de Chicago fizeram um trabalho excelente colocando novamente juntos os peda\u00e7os de meus ossos. Agora caminho com uma bengala, mas s\u00f3 temporariamente. J\u00e1 fui capaz de caminhar at\u00e9 tr\u00eas horas seguidas, exercitando e alongando os m\u00fasculos da perna esquerda, que foi a mais danificada pelo impacto do acidente de bicicleta. Espero logo poder caminhar sem nenhum aux\u00edlio, e finalmente, reaprender a andar de bicicleta. Sim, ainda sou um pouco \u201clouco\u201d.<\/p>\n<p>O tempo da recupera\u00e7\u00e3o me possibilitou a ocasi\u00e3o para refletir sobre minha vida, minha voca\u00e7\u00e3o, sobre a vida dos frades da Ordem, da Igreja, do mundo e de perguntar-me onde estamos caminhando como Frades Menores em tempos de mudan\u00e7a radical. Pude encontrar diversos frades, um biblista e um te\u00f3logo, para come\u00e7ar a encaminhar um projeto do assim chamado \u201cRelat\u00f3rio do Ministro geral aos Frades da Ordem\u201d. Minha esperan\u00e7a \u00e9 que este relat\u00f3rio, que espero enviar \u00e0 Ordem at\u00e9 o fim de novembro de 2020, provoque uma s\u00e9ria reflex\u00e3o, an\u00e1lises, discuss\u00f5es, que fa\u00e7a emergir ideias e propostas concretas para ajudar a preparar e a acolher o futuro com intelig\u00eancia, coragem, esperan\u00e7a e alegria no esp\u00edrito da<em> Laudato Si&#8217;.<\/em> \u00c9 claro que isto implica em uma vis\u00e3o ecol\u00f3gica integral, radicada na rela\u00e7\u00e3o com Deus, com os irm\u00e3os, com toda a humanidade e com a cria\u00e7\u00e3o. Para isto, pe\u00e7o a todos os frades da Ordem que continuem a estudar e a dialogar sobre o material contido nos v\u00e1rios documentos preparados nestes \u00faltimos cinco anos, sobretudo sobre o Documento Final do Conselho Plen\u00e1rio de 2018, em Nair\u00f3bi, no Qu\u00eania.<\/p>\n<p>Deus aben\u00e7oe a cada um de v\u00f3s, meus irm\u00e3os, que procurais cada dia viver em profunda amizade com Deus; que manifestais o vosso empenho nos valores da fraternidade e da miss\u00e3o em modo simples e concreto; e que, como n\u00f3s, sonhais juntos o sonho que Deus tem para o futuro da Ordem dos Frades Menores.<\/p>\n<p>Roma, 27 de janeiro de 2020.<\/p>\n<hr \/>\n<p><em>Foto: Ministro Geral durante o encontro com os Ministros Provinciais em primeiro mandato, que est\u00e1 em andamento na C\u00faria Geral.<\/em><\/p>\n","protected":false},"excerpt":{"rendered":"<p>Ordem dos Frades Menores<\/p>\n","protected":false},"author":1,"featured_media":216440,"comment_status":"open","ping_status":"open","sticky":false,"template":"","format":"standard","meta":[],"categories":[1],"tags":[184,128],"acf":[],"yoast_head":"<!-- This site is optimized with the Yoast SEO plugin v19.2 - https:\/\/yoast.com\/wordpress\/plugins\/seo\/ -->\n<title>Ministro Geral retorna a Roma depois de sua recupera\u00e7\u00e3o - Not\u00edcias - Franciscanos<\/title>\n<meta name=\"robots\" content=\"index, follow, max-snippet:-1, max-image-preview:large, max-video-preview:-1\" \/>\n<link rel=\"canonical\" href=\"https:\/\/franciscanos.org.br\/noticias\/ministro-geral-retorna-a-roma-depois-de-sua-recuperacao.html\" \/>\n<meta property=\"og:locale\" content=\"pt_BR\" \/>\n<meta property=\"og:type\" content=\"article\" \/>\n<meta property=\"og:title\" content=\"Ministro Geral retorna a Roma depois de sua recupera\u00e7\u00e3o - Not\u00edcias - Franciscanos\" \/>\n<meta property=\"og:description\" content=\"Ordem dos Frades Menores\" \/>\n<meta property=\"og:url\" content=\"https:\/\/franciscanos.org.br\/noticias\/ministro-geral-retorna-a-roma-depois-de-sua-recuperacao.html\" \/>\n<meta property=\"og:site_name\" content=\"Not\u00edcias - Franciscanos\" \/>\n<meta property=\"article:published_time\" content=\"2020-01-27T20:16:46+00:00\" \/>\n<meta property=\"article:modified_time\" content=\"2020-01-27T20:26:55+00:00\" \/>\n<meta property=\"og:image\" content=\"https:\/\/franciscanos.org.br\/noticias\/wp-content\/uploads\/2020\/01\/geral_2701.jpg\" \/>\n\t<meta property=\"og:image:width\" content=\"273\" \/>\n\t<meta property=\"og:image:height\" content=\"181\" \/>\n\t<meta property=\"og:image:type\" content=\"image\/jpeg\" \/>\n<meta name=\"author\" content=\"admin\" \/>\n<meta name=\"twitter:card\" content=\"summary_large_image\" \/>\n<meta name=\"twitter:label1\" content=\"Escrito por\" \/>\n\t<meta name=\"twitter:data1\" content=\"admin\" \/>\n\t<meta name=\"twitter:label2\" content=\"Est. tempo de leitura\" \/>\n\t<meta name=\"twitter:data2\" content=\"3 minutos\" \/>\n<script type=\"application\/ld+json\" class=\"yoast-schema-graph\">{\"@context\":\"https:\/\/schema.org\",\"@graph\":[{\"@type\":\"WebSite\",\"@id\":\"https:\/\/franciscanos.org.br\/noticias\/#website\",\"url\":\"https:\/\/franciscanos.org.br\/noticias\/\",\"name\":\"Not\u00edcias - Franciscanos\",\"description\":\"Prov\u00edncia Franciscana da Imaculada Concei\u00e7\u00e3o do Brasil - Ordem dos Frades Menores - OFM\",\"potentialAction\":[{\"@type\":\"SearchAction\",\"target\":{\"@type\":\"EntryPoint\",\"urlTemplate\":\"https:\/\/franciscanos.org.br\/noticias\/?s={search_term_string}\"},\"query-input\":\"required name=search_term_string\"}],\"inLanguage\":\"pt-BR\"},{\"@type\":\"ImageObject\",\"inLanguage\":\"pt-BR\",\"@id\":\"https:\/\/franciscanos.org.br\/noticias\/ministro-geral-retorna-a-roma-depois-de-sua-recuperacao.html#primaryimage\",\"url\":\"https:\/\/franciscanos.org.br\/noticias\/wp-content\/uploads\/2020\/01\/geral_2701.jpg\",\"contentUrl\":\"https:\/\/franciscanos.org.br\/noticias\/wp-content\/uploads\/2020\/01\/geral_2701.jpg\",\"width\":273,\"height\":181},{\"@type\":\"WebPage\",\"@id\":\"https:\/\/franciscanos.org.br\/noticias\/ministro-geral-retorna-a-roma-depois-de-sua-recuperacao.html#webpage\",\"url\":\"https:\/\/franciscanos.org.br\/noticias\/ministro-geral-retorna-a-roma-depois-de-sua-recuperacao.html\",\"name\":\"Ministro Geral retorna a Roma depois de sua recupera\u00e7\u00e3o - Not\u00edcias - Franciscanos\",\"isPartOf\":{\"@id\":\"https:\/\/franciscanos.org.br\/noticias\/#website\"},\"primaryImageOfPage\":{\"@id\":\"https:\/\/franciscanos.org.br\/noticias\/ministro-geral-retorna-a-roma-depois-de-sua-recuperacao.html#primaryimage\"},\"datePublished\":\"2020-01-27T20:16:46+00:00\",\"dateModified\":\"2020-01-27T20:26:55+00:00\",\"author\":{\"@id\":\"https:\/\/franciscanos.org.br\/noticias\/#\/schema\/person\/b38fbf43118f02820bd932f2e4b14ad3\"},\"breadcrumb\":{\"@id\":\"https:\/\/franciscanos.org.br\/noticias\/ministro-geral-retorna-a-roma-depois-de-sua-recuperacao.html#breadcrumb\"},\"inLanguage\":\"pt-BR\",\"potentialAction\":[{\"@type\":\"ReadAction\",\"target\":[\"https:\/\/franciscanos.org.br\/noticias\/ministro-geral-retorna-a-roma-depois-de-sua-recuperacao.html\"]}]},{\"@type\":\"BreadcrumbList\",\"@id\":\"https:\/\/franciscanos.org.br\/noticias\/ministro-geral-retorna-a-roma-depois-de-sua-recuperacao.html#breadcrumb\",\"itemListElement\":[{\"@type\":\"ListItem\",\"position\":1,\"name\":\"Home\",\"item\":\"https:\/\/franciscanos.org.br\/noticias\"},{\"@type\":\"ListItem\",\"position\":2,\"name\":\"Ministro Geral retorna a Roma depois de sua recupera\u00e7\u00e3o\"}]},{\"@type\":\"Person\",\"@id\":\"https:\/\/franciscanos.org.br\/noticias\/#\/schema\/person\/b38fbf43118f02820bd932f2e4b14ad3\",\"name\":\"admin\",\"image\":{\"@type\":\"ImageObject\",\"inLanguage\":\"pt-BR\",\"@id\":\"https:\/\/franciscanos.org.br\/noticias\/#\/schema\/person\/image\/\",\"url\":\"https:\/\/secure.gravatar.com\/avatar\/e8495742d34d0ba6448ea1c628263b3e?s=96&d=mm&r=g\",\"contentUrl\":\"https:\/\/secure.gravatar.com\/avatar\/e8495742d34d0ba6448ea1c628263b3e?s=96&d=mm&r=g\",\"caption\":\"admin\"},\"url\":\"https:\/\/franciscanos.org.br\/noticias\/author\/admin\"}]}<\/script>\n<!-- \/ Yoast SEO plugin. -->","yoast_head_json":{"title":"Ministro Geral retorna a Roma depois de sua recupera\u00e7\u00e3o - Not\u00edcias - Franciscanos","robots":{"index":"index","follow":"follow","max-snippet":"max-snippet:-1","max-image-preview":"max-image-preview:large","max-video-preview":"max-video-preview:-1"},"canonical":"https:\/\/franciscanos.org.br\/noticias\/ministro-geral-retorna-a-roma-depois-de-sua-recuperacao.html","og_locale":"pt_BR","og_type":"article","og_title":"Ministro Geral retorna a Roma depois de sua recupera\u00e7\u00e3o - Not\u00edcias - Franciscanos","og_description":"Ordem dos Frades Menores","og_url":"https:\/\/franciscanos.org.br\/noticias\/ministro-geral-retorna-a-roma-depois-de-sua-recuperacao.html","og_site_name":"Not\u00edcias - Franciscanos","article_published_time":"2020-01-27T20:16:46+00:00","article_modified_time":"2020-01-27T20:26:55+00:00","og_image":[{"width":273,"height":181,"url":"https:\/\/franciscanos.org.br\/noticias\/wp-content\/uploads\/2020\/01\/geral_2701.jpg","type":"image\/jpeg"}],"author":"admin","twitter_card":"summary_large_image","twitter_misc":{"Escrito por":"admin","Est. tempo de leitura":"3 minutos"},"schema":{"@context":"https:\/\/schema.org","@graph":[{"@type":"WebSite","@id":"https:\/\/franciscanos.org.br\/noticias\/#website","url":"https:\/\/franciscanos.org.br\/noticias\/","name":"Not\u00edcias - Franciscanos","description":"Prov\u00edncia Franciscana da Imaculada Concei\u00e7\u00e3o do Brasil - Ordem dos Frades Menores - OFM","potentialAction":[{"@type":"SearchAction","target":{"@type":"EntryPoint","urlTemplate":"https:\/\/franciscanos.org.br\/noticias\/?s={search_term_string}"},"query-input":"required name=search_term_string"}],"inLanguage":"pt-BR"},{"@type":"ImageObject","inLanguage":"pt-BR","@id":"https:\/\/franciscanos.org.br\/noticias\/ministro-geral-retorna-a-roma-depois-de-sua-recuperacao.html#primaryimage","url":"https:\/\/franciscanos.org.br\/noticias\/wp-content\/uploads\/2020\/01\/geral_2701.jpg","contentUrl":"https:\/\/franciscanos.org.br\/noticias\/wp-content\/uploads\/2020\/01\/geral_2701.jpg","width":273,"height":181},{"@type":"WebPage","@id":"https:\/\/franciscanos.org.br\/noticias\/ministro-geral-retorna-a-roma-depois-de-sua-recuperacao.html#webpage","url":"https:\/\/franciscanos.org.br\/noticias\/ministro-geral-retorna-a-roma-depois-de-sua-recuperacao.html","name":"Ministro Geral retorna a Roma depois de sua recupera\u00e7\u00e3o - Not\u00edcias - Franciscanos","isPartOf":{"@id":"https:\/\/franciscanos.org.br\/noticias\/#website"},"primaryImageOfPage":{"@id":"https:\/\/franciscanos.org.br\/noticias\/ministro-geral-retorna-a-roma-depois-de-sua-recuperacao.html#primaryimage"},"datePublished":"2020-01-27T20:16:46+00:00","dateModified":"2020-01-27T20:26:55+00:00","author":{"@id":"https:\/\/franciscanos.org.br\/noticias\/#\/schema\/person\/b38fbf43118f02820bd932f2e4b14ad3"},"breadcrumb":{"@id":"https:\/\/franciscanos.org.br\/noticias\/ministro-geral-retorna-a-roma-depois-de-sua-recuperacao.html#breadcrumb"},"inLanguage":"pt-BR","potentialAction":[{"@type":"ReadAction","target":["https:\/\/franciscanos.org.br\/noticias\/ministro-geral-retorna-a-roma-depois-de-sua-recuperacao.html"]}]},{"@type":"BreadcrumbList","@id":"https:\/\/franciscanos.org.br\/noticias\/ministro-geral-retorna-a-roma-depois-de-sua-recuperacao.html#breadcrumb","itemListElement":[{"@type":"ListItem","position":1,"name":"Home","item":"https:\/\/franciscanos.org.br\/noticias"},{"@type":"ListItem","position":2,"name":"Ministro Geral retorna a Roma depois de sua recupera\u00e7\u00e3o"}]},{"@type":"Person","@id":"https:\/\/franciscanos.org.br\/noticias\/#\/schema\/person\/b38fbf43118f02820bd932f2e4b14ad3","name":"admin","image":{"@type":"ImageObject","inLanguage":"pt-BR","@id":"https:\/\/franciscanos.org.br\/noticias\/#\/schema\/person\/image\/","url":"https:\/\/secure.gravatar.com\/avatar\/e8495742d34d0ba6448ea1c628263b3e?s=96&d=mm&r=g","contentUrl":"https:\/\/secure.gravatar.com\/avatar\/e8495742d34d0ba6448ea1c628263b3e?s=96&d=mm&r=g","caption":"admin"},"url":"https:\/\/franciscanos.org.br\/noticias\/author\/admin"}]}},"_links":{"self":[{"href":"https:\/\/franciscanos.org.br\/noticias\/wp-json\/wp\/v2\/posts\/216434"}],"collection":[{"href":"https:\/\/franciscanos.org.br\/noticias\/wp-json\/wp\/v2\/posts"}],"about":[{"href":"https:\/\/franciscanos.org.br\/noticias\/wp-json\/wp\/v2\/types\/post"}],"author":[{"embeddable":true,"href":"https:\/\/franciscanos.org.br\/noticias\/wp-json\/wp\/v2\/users\/1"}],"replies":[{"embeddable":true,"href":"https:\/\/franciscanos.org.br\/noticias\/wp-json\/wp\/v2\/comments?post=216434"}],"version-history":[{"count":0,"href":"https:\/\/franciscanos.org.br\/noticias\/wp-json\/wp\/v2\/posts\/216434\/revisions"}],"wp:featuredmedia":[{"embeddable":true,"href":"https:\/\/franciscanos.org.br\/noticias\/wp-json\/wp\/v2\/media\/216440"}],"wp:attachment":[{"href":"https:\/\/franciscanos.org.br\/noticias\/wp-json\/wp\/v2\/media?parent=216434"}],"wp:term":[{"taxonomy":"category","embeddable":true,"href":"https:\/\/franciscanos.org.br\/noticias\/wp-json\/wp\/v2\/categories?post=216434"},{"taxonomy":"post_tag","embeddable":true,"href":"https:\/\/franciscanos.org.br\/noticias\/wp-json\/wp\/v2\/tags?post=216434"}],"curies":[{"name":"wp","href":"https:\/\/api.w.org\/{rel}","templated":true}]}}