{"id":216421,"date":"2020-01-27T09:59:03","date_gmt":"2020-01-27T12:59:03","guid":{"rendered":"https:\/\/franciscanos.org.br\/noticias\/?p=216421"},"modified":"2020-01-30T11:47:22","modified_gmt":"2020-01-30T14:47:22","slug":"etapa-do-postulantado-comeca-nesta-quarta-2","status":"publish","type":"post","link":"https:\/\/franciscanos.org.br\/noticias\/etapa-do-postulantado-comeca-nesta-quarta-2.html","title":{"rendered":"Etapa do Postulantado come\u00e7a nesta quarta"},"content":{"rendered":"<p><img loading=\"lazy\" class=\"alignnone size-full wp-image-216469\" src=\"https:\/\/franciscanos.org.br\/noticias\/wp-content\/uploads\/2020\/01\/guara_280120.jpg\" alt=\"\" width=\"890\" height=\"500\" srcset=\"https:\/\/franciscanos.org.br\/noticias\/wp-content\/uploads\/2020\/01\/guara_280120.jpg 890w, https:\/\/franciscanos.org.br\/noticias\/wp-content\/uploads\/2020\/01\/guara_280120-450x253.jpg 450w, https:\/\/franciscanos.org.br\/noticias\/wp-content\/uploads\/2020\/01\/guara_280120-768x431.jpg 768w, https:\/\/franciscanos.org.br\/noticias\/wp-content\/uploads\/2020\/01\/guara_280120-150x84.jpg 150w\" sizes=\"(max-width: 890px) 100vw, 890px\" \/><\/p>\n<p><strong>S\u00e3o Paulo (SP)<\/strong> &#8211; A etapa do Postulantado come\u00e7a nesta quarta-feira, 29 de janeiro, na Prov\u00edncia Franciscana da Imaculada Concei\u00e7\u00e3o. Durante a Ora\u00e7\u00e3o da Manh\u00e3 (Laudes), \u00e0s 7h30, 13 candidatos ser\u00e3o admitidos na capela do Semin\u00e1rio Frei Galv\u00e3o, em Guaratinguet\u00e1 (SP), para fazerem esta experi\u00eancia durante um ano. S\u00e3o eles: Artur V. F. Ferreira; Caio Santos da Silva; Felipe Luiz Mendon\u00e7a; Jo\u00e3o Pedro Paes Puglia; Leonardo Moreira Pacheco; Matheus Fernando Teixeira Porcatt; Pedro Henrique Barbosa Pinheiro; Raphael de Faria Costa; Ruan Ramiro Martins; Samuel Correa Ribeiro; Sandro Francisco Bedim da Silva; Thiago de Carvalho Pereira; Victor Coelho Santos Appar\u00edcio.<\/p>\n<p>Esta turma ser\u00e1 orientada pelo mestre Frei Walter de Carvalho J\u00fanior, que deixa a fun\u00e7\u00e3o de secret\u00e1rio da Prov\u00edncia da Imaculada, depois de 20 anos, para assumir esta miss\u00e3o formativa na Prov\u00edncia.<\/p>\n<p>Esse rito de acolhida, muito simples mas muito significativo, ser\u00e1 feito pelo Vig\u00e1rio Provincial, Frei Gustavo Medella, representando o Ministro Provincial, Frei C\u00e9sar K\u00fclkamp, que est\u00e1 em Roma no Encontro do Ministro Geral com os Ministros Provinciais eleitos pela primeira vez.<\/p>\n<p>Segundo as Constitui\u00e7\u00f5es Gerais da Ordem dos Frades Menores, a forma\u00e7\u00e3o inicial \u00e0 vida religiosa franciscana \u00e9 feita em tr\u00eas etapas: postulantado, noviciado e tempo de Profiss\u00e3o tempor\u00e1ria: \u201cO Postulantado \u00e9 o per\u00edodo durante o qual o candidato pede para abra\u00e7ar nossa vida, com a inten\u00e7\u00e3o de preparar-se convenientemente para o Noviciado; e a Fraternidade provincial, depois de oportuno e rec\u00edproco conhecimento, amadurece sua resposta sobre a admiss\u00e3o dele ao Noviciado\u201d, define o documento.<\/p>\n<p>Neste tempo, a Fraternidade formadora ter\u00e1 a miss\u00e3o de ajudar o candidato a conhecer a si mesmo, completar sua primeira forma\u00e7\u00e3o crist\u00e3, se for necess\u00e1rio, analisar as motiva\u00e7\u00f5es \u00edntimas de sua pr\u00f3pria voca\u00e7\u00e3o e adquirir gradual conhecimento e experi\u00eancia da vida franciscana. A Fraternidade do Postulantado Frei Galv\u00e3o tem como guardi\u00e3o Frei Jo\u00e3o Francisco da Silva, como Mestre dos aspirantes Frei Walter de Carvalho Junior, Frei Claudino Dal\u2019Mago como vice, Frei Edvaldo Batista Soares e Frei Walter Hugo de Almeida.<\/p>\n","protected":false},"excerpt":{"rendered":"<p>Forma\u00e7\u00e3o e Estudos<\/p>\n","protected":false},"author":3,"featured_media":216470,"comment_status":"open","ping_status":"open","sticky":false,"template":"","format":"standard","meta":[],"categories":[1],"tags":[325],"acf":[],"yoast_head":"<!-- This site is optimized with the Yoast SEO plugin v19.2 - https:\/\/yoast.com\/wordpress\/plugins\/seo\/ -->\n<title>Etapa do Postulantado come\u00e7a nesta quarta - Not\u00edcias - Franciscanos<\/title>\n<meta name=\"robots\" content=\"index, follow, max-snippet:-1, max-image-preview:large, max-video-preview:-1\" \/>\n<link rel=\"canonical\" href=\"https:\/\/franciscanos.org.br\/noticias\/etapa-do-postulantado-comeca-nesta-quarta-2.html\" \/>\n<meta property=\"og:locale\" content=\"pt_BR\" \/>\n<meta property=\"og:type\" content=\"article\" \/>\n<meta property=\"og:title\" content=\"Etapa do Postulantado come\u00e7a nesta quarta - Not\u00edcias - Franciscanos\" \/>\n<meta property=\"og:description\" content=\"Forma\u00e7\u00e3o e Estudos\" \/>\n<meta property=\"og:url\" content=\"https:\/\/franciscanos.org.br\/noticias\/etapa-do-postulantado-comeca-nesta-quarta-2.html\" \/>\n<meta property=\"og:site_name\" content=\"Not\u00edcias - Franciscanos\" \/>\n<meta property=\"article:published_time\" content=\"2020-01-27T12:59:03+00:00\" \/>\n<meta property=\"article:modified_time\" content=\"2020-01-30T14:47:22+00:00\" \/>\n<meta property=\"og:image\" content=\"https:\/\/franciscanos.org.br\/noticias\/wp-content\/uploads\/2020\/01\/guara_280120p.jpg\" \/>\n\t<meta property=\"og:image:width\" content=\"273\" \/>\n\t<meta property=\"og:image:height\" content=\"181\" \/>\n\t<meta property=\"og:image:type\" content=\"image\/jpeg\" \/>\n<meta name=\"author\" content=\"moacir\" \/>\n<meta name=\"twitter:card\" content=\"summary_large_image\" \/>\n<meta name=\"twitter:label1\" content=\"Escrito por\" \/>\n\t<meta name=\"twitter:data1\" content=\"moacir\" \/>\n\t<meta name=\"twitter:label2\" content=\"Est. tempo de leitura\" \/>\n\t<meta name=\"twitter:data2\" content=\"2 minutos\" \/>\n<script type=\"application\/ld+json\" class=\"yoast-schema-graph\">{\"@context\":\"https:\/\/schema.org\",\"@graph\":[{\"@type\":\"WebSite\",\"@id\":\"https:\/\/franciscanos.org.br\/noticias\/#website\",\"url\":\"https:\/\/franciscanos.org.br\/noticias\/\",\"name\":\"Not\u00edcias - Franciscanos\",\"description\":\"Prov\u00edncia Franciscana da Imaculada Concei\u00e7\u00e3o do Brasil - Ordem dos Frades Menores - OFM\",\"potentialAction\":[{\"@type\":\"SearchAction\",\"target\":{\"@type\":\"EntryPoint\",\"urlTemplate\":\"https:\/\/franciscanos.org.br\/noticias\/?s={search_term_string}\"},\"query-input\":\"required name=search_term_string\"}],\"inLanguage\":\"pt-BR\"},{\"@type\":\"ImageObject\",\"inLanguage\":\"pt-BR\",\"@id\":\"https:\/\/franciscanos.org.br\/noticias\/etapa-do-postulantado-comeca-nesta-quarta-2.html#primaryimage\",\"url\":\"https:\/\/franciscanos.org.br\/noticias\/wp-content\/uploads\/2020\/01\/guara_280120p.jpg\",\"contentUrl\":\"https:\/\/franciscanos.org.br\/noticias\/wp-content\/uploads\/2020\/01\/guara_280120p.jpg\",\"width\":273,\"height\":181},{\"@type\":\"WebPage\",\"@id\":\"https:\/\/franciscanos.org.br\/noticias\/etapa-do-postulantado-comeca-nesta-quarta-2.html#webpage\",\"url\":\"https:\/\/franciscanos.org.br\/noticias\/etapa-do-postulantado-comeca-nesta-quarta-2.html\",\"name\":\"Etapa do Postulantado come\u00e7a nesta quarta - Not\u00edcias - Franciscanos\",\"isPartOf\":{\"@id\":\"https:\/\/franciscanos.org.br\/noticias\/#website\"},\"primaryImageOfPage\":{\"@id\":\"https:\/\/franciscanos.org.br\/noticias\/etapa-do-postulantado-comeca-nesta-quarta-2.html#primaryimage\"},\"datePublished\":\"2020-01-27T12:59:03+00:00\",\"dateModified\":\"2020-01-30T14:47:22+00:00\",\"author\":{\"@id\":\"https:\/\/franciscanos.org.br\/noticias\/#\/schema\/person\/b5c8cba458c330ccff548b056e95a5d4\"},\"breadcrumb\":{\"@id\":\"https:\/\/franciscanos.org.br\/noticias\/etapa-do-postulantado-comeca-nesta-quarta-2.html#breadcrumb\"},\"inLanguage\":\"pt-BR\",\"potentialAction\":[{\"@type\":\"ReadAction\",\"target\":[\"https:\/\/franciscanos.org.br\/noticias\/etapa-do-postulantado-comeca-nesta-quarta-2.html\"]}]},{\"@type\":\"BreadcrumbList\",\"@id\":\"https:\/\/franciscanos.org.br\/noticias\/etapa-do-postulantado-comeca-nesta-quarta-2.html#breadcrumb\",\"itemListElement\":[{\"@type\":\"ListItem\",\"position\":1,\"name\":\"Home\",\"item\":\"https:\/\/franciscanos.org.br\/noticias\"},{\"@type\":\"ListItem\",\"position\":2,\"name\":\"Etapa do Postulantado come\u00e7a nesta quarta\"}]},{\"@type\":\"Person\",\"@id\":\"https:\/\/franciscanos.org.br\/noticias\/#\/schema\/person\/b5c8cba458c330ccff548b056e95a5d4\",\"name\":\"moacir\",\"image\":{\"@type\":\"ImageObject\",\"inLanguage\":\"pt-BR\",\"@id\":\"https:\/\/franciscanos.org.br\/noticias\/#\/schema\/person\/image\/\",\"url\":\"https:\/\/secure.gravatar.com\/avatar\/d08aa2ce4c8dd416d4479aa8536fcf64?s=96&d=mm&r=g\",\"contentUrl\":\"https:\/\/secure.gravatar.com\/avatar\/d08aa2ce4c8dd416d4479aa8536fcf64?s=96&d=mm&r=g\",\"caption\":\"moacir\"},\"url\":\"https:\/\/franciscanos.org.br\/noticias\/author\/moacir\"}]}<\/script>\n<!-- \/ Yoast SEO plugin. -->","yoast_head_json":{"title":"Etapa do Postulantado come\u00e7a nesta quarta - Not\u00edcias - Franciscanos","robots":{"index":"index","follow":"follow","max-snippet":"max-snippet:-1","max-image-preview":"max-image-preview:large","max-video-preview":"max-video-preview:-1"},"canonical":"https:\/\/franciscanos.org.br\/noticias\/etapa-do-postulantado-comeca-nesta-quarta-2.html","og_locale":"pt_BR","og_type":"article","og_title":"Etapa do Postulantado come\u00e7a nesta quarta - Not\u00edcias - Franciscanos","og_description":"Forma\u00e7\u00e3o e Estudos","og_url":"https:\/\/franciscanos.org.br\/noticias\/etapa-do-postulantado-comeca-nesta-quarta-2.html","og_site_name":"Not\u00edcias - Franciscanos","article_published_time":"2020-01-27T12:59:03+00:00","article_modified_time":"2020-01-30T14:47:22+00:00","og_image":[{"width":273,"height":181,"url":"https:\/\/franciscanos.org.br\/noticias\/wp-content\/uploads\/2020\/01\/guara_280120p.jpg","type":"image\/jpeg"}],"author":"moacir","twitter_card":"summary_large_image","twitter_misc":{"Escrito por":"moacir","Est. tempo de leitura":"2 minutos"},"schema":{"@context":"https:\/\/schema.org","@graph":[{"@type":"WebSite","@id":"https:\/\/franciscanos.org.br\/noticias\/#website","url":"https:\/\/franciscanos.org.br\/noticias\/","name":"Not\u00edcias - Franciscanos","description":"Prov\u00edncia Franciscana da Imaculada Concei\u00e7\u00e3o do Brasil - Ordem dos Frades Menores - OFM","potentialAction":[{"@type":"SearchAction","target":{"@type":"EntryPoint","urlTemplate":"https:\/\/franciscanos.org.br\/noticias\/?s={search_term_string}"},"query-input":"required name=search_term_string"}],"inLanguage":"pt-BR"},{"@type":"ImageObject","inLanguage":"pt-BR","@id":"https:\/\/franciscanos.org.br\/noticias\/etapa-do-postulantado-comeca-nesta-quarta-2.html#primaryimage","url":"https:\/\/franciscanos.org.br\/noticias\/wp-content\/uploads\/2020\/01\/guara_280120p.jpg","contentUrl":"https:\/\/franciscanos.org.br\/noticias\/wp-content\/uploads\/2020\/01\/guara_280120p.jpg","width":273,"height":181},{"@type":"WebPage","@id":"https:\/\/franciscanos.org.br\/noticias\/etapa-do-postulantado-comeca-nesta-quarta-2.html#webpage","url":"https:\/\/franciscanos.org.br\/noticias\/etapa-do-postulantado-comeca-nesta-quarta-2.html","name":"Etapa do Postulantado come\u00e7a nesta quarta - Not\u00edcias - Franciscanos","isPartOf":{"@id":"https:\/\/franciscanos.org.br\/noticias\/#website"},"primaryImageOfPage":{"@id":"https:\/\/franciscanos.org.br\/noticias\/etapa-do-postulantado-comeca-nesta-quarta-2.html#primaryimage"},"datePublished":"2020-01-27T12:59:03+00:00","dateModified":"2020-01-30T14:47:22+00:00","author":{"@id":"https:\/\/franciscanos.org.br\/noticias\/#\/schema\/person\/b5c8cba458c330ccff548b056e95a5d4"},"breadcrumb":{"@id":"https:\/\/franciscanos.org.br\/noticias\/etapa-do-postulantado-comeca-nesta-quarta-2.html#breadcrumb"},"inLanguage":"pt-BR","potentialAction":[{"@type":"ReadAction","target":["https:\/\/franciscanos.org.br\/noticias\/etapa-do-postulantado-comeca-nesta-quarta-2.html"]}]},{"@type":"BreadcrumbList","@id":"https:\/\/franciscanos.org.br\/noticias\/etapa-do-postulantado-comeca-nesta-quarta-2.html#breadcrumb","itemListElement":[{"@type":"ListItem","position":1,"name":"Home","item":"https:\/\/franciscanos.org.br\/noticias"},{"@type":"ListItem","position":2,"name":"Etapa do Postulantado come\u00e7a nesta quarta"}]},{"@type":"Person","@id":"https:\/\/franciscanos.org.br\/noticias\/#\/schema\/person\/b5c8cba458c330ccff548b056e95a5d4","name":"moacir","image":{"@type":"ImageObject","inLanguage":"pt-BR","@id":"https:\/\/franciscanos.org.br\/noticias\/#\/schema\/person\/image\/","url":"https:\/\/secure.gravatar.com\/avatar\/d08aa2ce4c8dd416d4479aa8536fcf64?s=96&d=mm&r=g","contentUrl":"https:\/\/secure.gravatar.com\/avatar\/d08aa2ce4c8dd416d4479aa8536fcf64?s=96&d=mm&r=g","caption":"moacir"},"url":"https:\/\/franciscanos.org.br\/noticias\/author\/moacir"}]}},"_links":{"self":[{"href":"https:\/\/franciscanos.org.br\/noticias\/wp-json\/wp\/v2\/posts\/216421"}],"collection":[{"href":"https:\/\/franciscanos.org.br\/noticias\/wp-json\/wp\/v2\/posts"}],"about":[{"href":"https:\/\/franciscanos.org.br\/noticias\/wp-json\/wp\/v2\/types\/post"}],"author":[{"embeddable":true,"href":"https:\/\/franciscanos.org.br\/noticias\/wp-json\/wp\/v2\/users\/3"}],"replies":[{"embeddable":true,"href":"https:\/\/franciscanos.org.br\/noticias\/wp-json\/wp\/v2\/comments?post=216421"}],"version-history":[{"count":0,"href":"https:\/\/franciscanos.org.br\/noticias\/wp-json\/wp\/v2\/posts\/216421\/revisions"}],"wp:featuredmedia":[{"embeddable":true,"href":"https:\/\/franciscanos.org.br\/noticias\/wp-json\/wp\/v2\/media\/216470"}],"wp:attachment":[{"href":"https:\/\/franciscanos.org.br\/noticias\/wp-json\/wp\/v2\/media?parent=216421"}],"wp:term":[{"taxonomy":"category","embeddable":true,"href":"https:\/\/franciscanos.org.br\/noticias\/wp-json\/wp\/v2\/categories?post=216421"},{"taxonomy":"post_tag","embeddable":true,"href":"https:\/\/franciscanos.org.br\/noticias\/wp-json\/wp\/v2\/tags?post=216421"}],"curies":[{"name":"wp","href":"https:\/\/api.w.org\/{rel}","templated":true}]}}