{"id":216416,"date":"2020-02-10T00:05:45","date_gmt":"2020-02-10T03:05:45","guid":{"rendered":"https:\/\/franciscanos.org.br\/noticias\/?p=216416"},"modified":"2020-02-10T06:49:01","modified_gmt":"2020-02-10T09:49:01","slug":"frei-evaldo-sera-ordenado-presbitero-em-xaxim","status":"publish","type":"post","link":"https:\/\/franciscanos.org.br\/noticias\/frei-evaldo-sera-ordenado-presbitero-em-xaxim.html","title":{"rendered":"Frei Evaldo ser\u00e1 ordenado presb\u00edtero neste s\u00e1bado"},"content":{"rendered":"<p>&nbsp;<\/p>\n<p><img loading=\"lazy\" class=\"alignnone size-full wp-image-218470\" src=\"https:\/\/franciscanos.org.br\/noticias\/wp-content\/uploads\/2020\/01\/EVALDO.jpg\" alt=\"\" width=\"890\" height=\"590\" srcset=\"https:\/\/franciscanos.org.br\/noticias\/wp-content\/uploads\/2020\/01\/EVALDO.jpg 890w, https:\/\/franciscanos.org.br\/noticias\/wp-content\/uploads\/2020\/01\/EVALDO-450x298.jpg 450w, https:\/\/franciscanos.org.br\/noticias\/wp-content\/uploads\/2020\/01\/EVALDO-768x509.jpg 768w, https:\/\/franciscanos.org.br\/noticias\/wp-content\/uploads\/2020\/01\/EVALDO-150x99.jpg 150w\" sizes=\"(max-width: 890px) 100vw, 890px\" \/><\/p>\n<h2><strong>\u201cV\u00f3s sois sal da terra &#8211; V\u00f3s sois luz do mundo\u201d (Mt 5,13,14).<\/strong><\/h2>\n<p><em>\u00c9 com esse lema que Frei Evaldo Ludwig ser\u00e1 ordenado presb\u00edtero no dia 15 de fevereiro de 2020, na Par\u00f3quia S\u00e3o Luiz Gonzaga, em Xaxim (SC). O bispo da Diocese de Chapec\u00f3, Dom Odelir Jos\u00e9 Magri, MCCJ, far\u00e1 a imposi\u00e7\u00e3o das m\u00e3os durante a Celebra\u00e7\u00e3o Eucar\u00edstica, \u00e0s 19 horas. Sua primeira Missa ser\u00e1 no dia seguinte, \u00e0s 10 horas, no mesmo local da ordena\u00e7\u00e3o.<\/em><\/p>\n<p><em>Para Frei Evaldo, o per\u00edodo da forma\u00e7\u00e3o foi muito importante e decisivo para dar a base da vida franciscana, que \u00e9 a fraternidade. \u201cE depois que convivi e vi a realidade do nosso dia a dia, mesmo sabendo das dificuldades e mazelas, n\u00e3o voltei mais atr\u00e1s. E disse no meu \u00edntimo: \u00e9 isso que eu quero e n\u00e3o interessa o que for acontecer, apenas pedi e continuo pedindo que Deus me inspire, e que S\u00e3o Francisco me ajude a seguir fiel aos votos e ao carisma franciscano\u201d, confessa. Direto, Frei Evaldo n\u00e3o gosta de meia voltas. \u201cA franqueza me ajuda e atrapalha, como meus pr\u00f3prios colegas de turma dizem: \u2018Tenho sangue de alem\u00e3o\u2019\u201d, confessa. <\/em><\/p>\n<p><em>Como presb\u00edtero, sente-se motivado a continuar a pastoral da escuta. \u201cEssa expectativa \u00e9 a maior delas. J\u00e1 como di\u00e1cono esse servi\u00e7o \u00e9 muito valoroso e desejo continuar, pois j\u00e1 aprendi muito e \u00e9 uma oportunidade de estar perto das chagas humanas de hoje. Quero estar aberto sempre para servir onde a Prov\u00edncia assim desejar e ajudar em tudo e a todos aqueles que me procurarem\u201d, garante o tamb\u00e9m cozinheiro de m\u00e3o cheia.\u00a0<\/em><\/p>\n<p>Acompanhe a entrevista a <strong>Moacir Beggo!<\/strong><\/p>\n<p><strong>Site Franciscanos<\/strong> &#8211; <em>Frei Evaldo, por favor, fale um pouco de sua vida e de sua fam\u00edlia.<\/em><\/p>\n<p><strong>Frei Evaldo<\/strong> &#8211; Sou Frei Evaldo Ludwig, nasci em Campo \u00care, SC, no dia 16 de novembro de 1986, portanto tenho 33 anos. Sou filho de Arno e Doralina Ludwig e tenho dois irm\u00e3os Evandro Ludwig e Maristela Ludwig Benvenutti, sou o mais novo da fam\u00edlia. Desde pequeno demonstrei interesse em seguir uma voca\u00e7\u00e3o religiosa, claro, espelhado na minha fam\u00edlia, de modo especial no meu pai e minha m\u00e3e, que sempre nos incentivavam a participa\u00e7\u00e3o na vida de f\u00e9 da comunidade. Tinha um tio padre (que faleceu em Chapec\u00f3 em 2018) e tenho primos sacerdotes que tamb\u00e9m serviram de inspira\u00e7\u00e3o. No decorrer da vida, minha fam\u00edlia foi morar em Gaspar,SC, cidade essa que me oportunizou conhecer os frades. Iniciei a minha caminhada no Semin\u00e1rio S\u00e3o Francisco de Assis, em Ituporanga, SC, no ano 2006, e Postulantado em Guaratinguet\u00e1, SP, no ano 2007. Ingressei no Noviciado em Rodeio, SC, no ano de 2008, onde fiz a primeira profiss\u00e3o em 2009.<\/p>\n<p>De 2009 a 2011 cursei Filosofia em Curitiba, morando em Rondinha, Campo Largo, PR, e em 2012, por op\u00e7\u00e3o, vivenciei o ano de est\u00e1gio pastoral em Curitibanos, SC. Cheguei \u00e0 Fraternidade Nossa Senhora M\u00e3e Terra em Imbari\u00ea, em Duque de Caxias, RJ, em 2013 para o tempo da Teologia, onde residi at\u00e9 2014. Fui transferido para Petr\u00f3polis, morando nos anos de 2015 e 2016. Ao final de 2016, conclui o curso de Teologia e fui transferido para Lages, SC, onde residi 2017-2018 (cidade em que fui ordenado di\u00e1cono). Em 2018, fui transferido para Xaxim, onde resido.<\/p>\n<p><strong>Site Franciscanos<\/strong> <em>&#8211; Como voc\u00ea se define?<\/em><\/p>\n<p><strong>Frei Evaldo<\/strong> &#8211; Tenho personalidade forte. N\u00e3o gosto de muitas voltas, sou direto. Mas a franqueza me ajuda e atrapalha, como meus pr\u00f3prios colegas de turma dizem: \u201cTenho sangue de alem\u00e3o\u201d. Gosto de ajudar em tudo que for poss\u00edvel e aprendi com o tempo que a calma \u00e9 restauradora e edifica, e que o tempo \u00e9 o maior juiz das nossas a\u00e7\u00f5es. Gosto de cozinhar e de trabalhar com a terra, \u00e9 edificante.<\/p>\n<p><strong>Site Franciscanos<\/strong> <em>&#8211; Como se deu o seu discernimento vocacional?<\/em><\/p>\n<p><strong>Frei Evaldo<\/strong> &#8211; O desejo vocacional vem desde muito cedo. Mas a busca para realiza\u00e7\u00e3o foi um pouco mais tarde. Em 2005, em Gaspar, SC, tomei coragem e procurei os frades para conversar. Na \u00e9poca, quem me atendeu foi Frei Germano Guesser, que, de uma forma muito atenciosa, me acolheu e explicou os passos para o acompanhamento vocacional. Naquele mesmo per\u00edodo, Frei Alex Sandro Ciarnoscki foi transferido para Gaspar e passou a ser o promotor vocacional e a me acompanhar. Havia muitas d\u00favidas a serem esclarecidas que desde o in\u00edcio me proporcionou a ver a vida religiosa franciscana como uma op\u00e7\u00e3o de vida. Comecei a conhecer mais sobre S\u00e3o Francisco de Assis e, a partir desse conhecimento da vida do santo e da vida dos frades, optei em ser um franciscano. A participa\u00e7\u00e3o na comunidade de f\u00e9 sempre foi um pilar important\u00edssimo. Ali, aprendi de forma concreta a a\u00e7\u00e3o de Deus na vida comunit\u00e1ria, de modo especial nas celebra\u00e7\u00f5es, ajuda nas festas e na participa\u00e7\u00e3o do grupo de jovens. Quando recebi o Sacramento da Crisma, no mesmo dia, a comunidade me convidou para ser catequista e assim continuei a minha caminhada comunit\u00e1ria at\u00e9 o dia que entrei no semin\u00e1rio. Tudo isso me ajudou a seguir em frente com o meu desejo de ser um frade franciscano.<\/p>\n<p><strong>Site Franciscanos<\/strong> <em>&#8211; Por que escolheu a vida religiosa franciscana?<\/em><\/p>\n<p><strong>Frei Evaldo<\/strong> &#8211; Eu conhecia a diferen\u00e7a do modo franciscano de ser e do diocesano. Sabia por que tinha um tio que era padre diocesano (que n\u00e3o gostou muito quando soube que entraria para semin\u00e1rio franciscano), por isso, na conviv\u00eancia com os frades descobri um modo diferente de ser Igreja. Mas confesso que a op\u00e7\u00e3o concreta em ser um franciscano aconteceu com o passar do tempo formativo, a op\u00e7\u00e3o foi acontecendo. O per\u00edodo da forma\u00e7\u00e3o foi muito importante e decisivo, pois encontrei o que considero a base da vida franciscana que \u00e9 a fraternidade. E depois que convivi e vi a realidade do nosso dia a dia, mesmo sabendo das dificuldades e mazelas, n\u00e3o voltei mais atr\u00e1s. E disse no meu \u00edntimo: \u00e9 isso que eu quero e n\u00e3o interessa o que for acontecer, apenas pedi e continuo pedindo que Deus me inspire e que S\u00e3o Francisco me ajude a seguir fiel aos votos e ao carisma franciscano. Sei que tenho muito a aprender, de modo especial n\u00e3o ficar parado no tempo e buscar sempre ler o presente.<\/p>\n<p><strong>Site Franciscanos<\/strong> <em>&#8211; Como voc\u00ea define a Ordem do Presbiterato?<\/em><\/p>\n<p><strong>Frei Evaldo<\/strong> &#8211; Seria muito bonito aqui descrever a espiritualidade do presbiterato, mas n\u00e3o conv\u00e9m. \u00c9 f\u00e1cil dizer que \u00e9 servi\u00e7o, que \u00e9 dom e que \u00e9 carisma, e \u00e9 tudo isso mesmo. No entanto, vejo atualmente o presbiterato conforme o lema que escolhi: \u201cV\u00f3s sois sal da terra \u2013 V\u00f3s sois Luz do mundo\u201d. Esse lema, tirado do Evangelho de Mateus 5, 13.14, revela a grande motiva\u00e7\u00e3o que Jesus exp\u00f5e para todos os crist\u00e3os. Dar gosto fecundo \u00e0 vida das pessoas pelo cuidado e a aten\u00e7\u00e3o. Ser honesto e direto com as palavras e exemplos. Assim, o presb\u00edtero ilumina a sua vida e, consequentemente, a vida das pessoas. Ser presb\u00edtero \u00e9 cumprir at\u00e9 as \u00faltimas consequ\u00eancias o seu batizado no segundo grau da Ordem.<\/p>\n<p><strong>Site Franciscanos<\/strong> <em>&#8211; Quais suas expectativas para esta nova miss\u00e3o?<\/em><\/p>\n<p><strong>Frei Evaldo<\/strong> &#8211; \u00c9 uma miss\u00e3o dif\u00edcil. N\u00e3o gosto da pastoral de manuten\u00e7\u00e3o. Gosto de propor coisas edificantes para atender a cada situa\u00e7\u00e3o e momento. Sou agitado e meu servi\u00e7o assim se concretiza. Mas a principal motiva\u00e7\u00e3o e urg\u00eancia \u00e9, sem d\u00favida, a pastoral da escuta. Essa expectativa \u00e9 a maior delas. J\u00e1 como di\u00e1cono esse servi\u00e7o \u00e9 muito valoroso e desejo continuar, pois j\u00e1 aprendi muito e \u00e9 uma oportunidade de estar perto das chagas humanas de hoje. Quero estar aberto sempre para servir onde a Prov\u00edncia assim desejar e ajudar em tudo e a todos aqueles que me procurarem.<\/p>\n<p><strong>Site Franciscanos<\/strong> <em>&#8211; O que \u00e9 ser presb\u00edtero no Pontificado do Papa Francisco?<\/em><\/p>\n<p><strong>Frei Evaldo<\/strong> &#8211; O Papa Francisco \u00e9 uma b\u00ean\u00e7\u00e3o de Deus. O que mais chama aten\u00e7\u00e3o nele \u00e9 o seu modo de ser aberto a todos. A diferen\u00e7a n\u00e3o \u00e9 mais causa de divis\u00e3o, mas de soma em prol de um projeto comum de paz, por isso, \u00e9 respeitado. Ser um presb\u00edtero nesse Pontificado \u00e9 entender que o servi\u00e7o \u00e0 Igreja \u00e9 um dom de Deus e n\u00e3o um poder. \u00c9 ser um sonhador com os p\u00e9s no ch\u00e3o e no Evangelho e saber que a vida sacerdotal \u00e9 uma cruz di\u00e1ria, capaz de transformar morte em vida. Falar com convic\u00e7\u00e3o evang\u00e9lica para ajudar o bem comum. Saber se calar quando o falar n\u00e3o soma, mas diminui. Tamb\u00e9m \u00e9 uma luta por transforma\u00e7\u00f5es no seio da Igreja, para que cada vez mais a M\u00e3e Igreja possa ser aberta a todos. E, sem d\u00favida, o Papa nos ensina e exorta a sermos homens de f\u00e9 e ora\u00e7\u00e3o antes de ser meros administradores de bens.<\/p>\n<p><strong>Site Franciscanos<\/strong> <em>&#8211; Que mensagem deixaria para um jovem que quer ser sacerdote?<\/em><\/p>\n<p><strong>Frei Evaldo<\/strong> &#8211; A vida franciscana tamb\u00e9m oportuniza dentro das suas v\u00e1rias formas de servir a Igreja ser um sacerdote. \u00c9 uma miss\u00e3o na Igreja urgente hoje. No entanto, \u00e9 necess\u00e1rio refletir as verdadeiras motiva\u00e7\u00f5es dessa disposi\u00e7\u00e3o. A sociedade atual apresenta a din\u00e2mica humana como uma disputa de poderes e, para quem quer ser um sacerdote, \u00e9 divino e humano romper com esse v\u00ednculo devastador de almas. \u00c9 uma miss\u00e3o do vinde e vede. \u00c9 uma op\u00e7\u00e3o de vida capaz de transformar o ser humano que dela escolhe. \u00c9 uma voca\u00e7\u00e3o com intuito de viver o seu batizado servindo na Igreja e de modo especial pela Igreja. \u00c9 seguir Jesus Cristo de modo mais radical e ser instrumento fecundo de Deus no Mundo. Portanto, incentivo aos jovens fazerem uma experi\u00eancia de vida na busca desse sacramento para ser transformado e ajudar a transformar o mundo.<\/p>\n<p><img loading=\"lazy\" src=\"https:\/\/franciscanos.org.br\/noticias\/wp-content\/uploads\/2020\/01\/entrevista-convite.jpg\" alt=\"\" width=\"840\" height=\"1187\" \/><\/p>\n","protected":false},"excerpt":{"rendered":"<p>Ordena\u00e7\u00e3o presbiteral de Frei Evaldo Ludwig <\/p>\n","protected":false},"author":7,"featured_media":218471,"comment_status":"open","ping_status":"open","sticky":false,"template":"","format":"standard","meta":[],"categories":[758,1],"tags":[157],"acf":[],"yoast_head":"<!-- This site is optimized with the Yoast SEO plugin v19.2 - https:\/\/yoast.com\/wordpress\/plugins\/seo\/ -->\n<title>Frei Evaldo ser\u00e1 ordenado presb\u00edtero neste s\u00e1bado - Not\u00edcias - Franciscanos<\/title>\n<meta name=\"robots\" content=\"index, follow, max-snippet:-1, max-image-preview:large, max-video-preview:-1\" \/>\n<link rel=\"canonical\" href=\"https:\/\/franciscanos.org.br\/noticias\/frei-evaldo-sera-ordenado-presbitero-em-xaxim.html\" \/>\n<meta property=\"og:locale\" content=\"pt_BR\" \/>\n<meta property=\"og:type\" content=\"article\" \/>\n<meta property=\"og:title\" content=\"Frei Evaldo ser\u00e1 ordenado presb\u00edtero neste s\u00e1bado - Not\u00edcias - Franciscanos\" \/>\n<meta property=\"og:description\" content=\"Ordena\u00e7\u00e3o presbiteral de Frei Evaldo Ludwig\" \/>\n<meta property=\"og:url\" content=\"https:\/\/franciscanos.org.br\/noticias\/frei-evaldo-sera-ordenado-presbitero-em-xaxim.html\" \/>\n<meta property=\"og:site_name\" content=\"Not\u00edcias - Franciscanos\" \/>\n<meta property=\"article:published_time\" content=\"2020-02-10T03:05:45+00:00\" \/>\n<meta property=\"article:modified_time\" content=\"2020-02-10T09:49:01+00:00\" \/>\n<meta property=\"og:image\" content=\"https:\/\/franciscanos.org.br\/noticias\/wp-content\/uploads\/2020\/01\/EVALDOd.jpg\" \/>\n\t<meta property=\"og:image:width\" content=\"273\" \/>\n\t<meta property=\"og:image:height\" content=\"181\" \/>\n\t<meta property=\"og:image:type\" content=\"image\/jpeg\" \/>\n<meta name=\"author\" content=\"jovenal\" \/>\n<meta name=\"twitter:card\" content=\"summary_large_image\" \/>\n<meta name=\"twitter:label1\" content=\"Escrito por\" \/>\n\t<meta name=\"twitter:data1\" content=\"jovenal\" \/>\n\t<meta name=\"twitter:label2\" content=\"Est. tempo de leitura\" \/>\n\t<meta name=\"twitter:data2\" content=\"8 minutos\" \/>\n<script type=\"application\/ld+json\" class=\"yoast-schema-graph\">{\"@context\":\"https:\/\/schema.org\",\"@graph\":[{\"@type\":\"WebSite\",\"@id\":\"https:\/\/franciscanos.org.br\/noticias\/#website\",\"url\":\"https:\/\/franciscanos.org.br\/noticias\/\",\"name\":\"Not\u00edcias - Franciscanos\",\"description\":\"Prov\u00edncia Franciscana da Imaculada Concei\u00e7\u00e3o do Brasil - Ordem dos Frades Menores - OFM\",\"potentialAction\":[{\"@type\":\"SearchAction\",\"target\":{\"@type\":\"EntryPoint\",\"urlTemplate\":\"https:\/\/franciscanos.org.br\/noticias\/?s={search_term_string}\"},\"query-input\":\"required name=search_term_string\"}],\"inLanguage\":\"pt-BR\"},{\"@type\":\"ImageObject\",\"inLanguage\":\"pt-BR\",\"@id\":\"https:\/\/franciscanos.org.br\/noticias\/frei-evaldo-sera-ordenado-presbitero-em-xaxim.html#primaryimage\",\"url\":\"https:\/\/franciscanos.org.br\/noticias\/wp-content\/uploads\/2020\/01\/EVALDOd.jpg\",\"contentUrl\":\"https:\/\/franciscanos.org.br\/noticias\/wp-content\/uploads\/2020\/01\/EVALDOd.jpg\",\"width\":273,\"height\":181},{\"@type\":\"WebPage\",\"@id\":\"https:\/\/franciscanos.org.br\/noticias\/frei-evaldo-sera-ordenado-presbitero-em-xaxim.html#webpage\",\"url\":\"https:\/\/franciscanos.org.br\/noticias\/frei-evaldo-sera-ordenado-presbitero-em-xaxim.html\",\"name\":\"Frei Evaldo ser\u00e1 ordenado presb\u00edtero neste s\u00e1bado - Not\u00edcias - Franciscanos\",\"isPartOf\":{\"@id\":\"https:\/\/franciscanos.org.br\/noticias\/#website\"},\"primaryImageOfPage\":{\"@id\":\"https:\/\/franciscanos.org.br\/noticias\/frei-evaldo-sera-ordenado-presbitero-em-xaxim.html#primaryimage\"},\"datePublished\":\"2020-02-10T03:05:45+00:00\",\"dateModified\":\"2020-02-10T09:49:01+00:00\",\"author\":{\"@id\":\"https:\/\/franciscanos.org.br\/noticias\/#\/schema\/person\/c3a26b08313dd1772495ce300ab257cc\"},\"breadcrumb\":{\"@id\":\"https:\/\/franciscanos.org.br\/noticias\/frei-evaldo-sera-ordenado-presbitero-em-xaxim.html#breadcrumb\"},\"inLanguage\":\"pt-BR\",\"potentialAction\":[{\"@type\":\"ReadAction\",\"target\":[\"https:\/\/franciscanos.org.br\/noticias\/frei-evaldo-sera-ordenado-presbitero-em-xaxim.html\"]}]},{\"@type\":\"BreadcrumbList\",\"@id\":\"https:\/\/franciscanos.org.br\/noticias\/frei-evaldo-sera-ordenado-presbitero-em-xaxim.html#breadcrumb\",\"itemListElement\":[{\"@type\":\"ListItem\",\"position\":1,\"name\":\"Home\",\"item\":\"https:\/\/franciscanos.org.br\/noticias\"},{\"@type\":\"ListItem\",\"position\":2,\"name\":\"Frei Evaldo ser\u00e1 ordenado presb\u00edtero neste s\u00e1bado\"}]},{\"@type\":\"Person\",\"@id\":\"https:\/\/franciscanos.org.br\/noticias\/#\/schema\/person\/c3a26b08313dd1772495ce300ab257cc\",\"name\":\"jovenal\",\"image\":{\"@type\":\"ImageObject\",\"inLanguage\":\"pt-BR\",\"@id\":\"https:\/\/franciscanos.org.br\/noticias\/#\/schema\/person\/image\/\",\"url\":\"https:\/\/secure.gravatar.com\/avatar\/e94509f531086e2eaf97e72f29ea00f9?s=96&d=mm&r=g\",\"contentUrl\":\"https:\/\/secure.gravatar.com\/avatar\/e94509f531086e2eaf97e72f29ea00f9?s=96&d=mm&r=g\",\"caption\":\"jovenal\"},\"url\":\"https:\/\/franciscanos.org.br\/noticias\/author\/jovenal\"}]}<\/script>\n<!-- \/ Yoast SEO plugin. -->","yoast_head_json":{"title":"Frei Evaldo ser\u00e1 ordenado presb\u00edtero neste s\u00e1bado - Not\u00edcias - Franciscanos","robots":{"index":"index","follow":"follow","max-snippet":"max-snippet:-1","max-image-preview":"max-image-preview:large","max-video-preview":"max-video-preview:-1"},"canonical":"https:\/\/franciscanos.org.br\/noticias\/frei-evaldo-sera-ordenado-presbitero-em-xaxim.html","og_locale":"pt_BR","og_type":"article","og_title":"Frei Evaldo ser\u00e1 ordenado presb\u00edtero neste s\u00e1bado - Not\u00edcias - Franciscanos","og_description":"Ordena\u00e7\u00e3o presbiteral de Frei Evaldo Ludwig","og_url":"https:\/\/franciscanos.org.br\/noticias\/frei-evaldo-sera-ordenado-presbitero-em-xaxim.html","og_site_name":"Not\u00edcias - Franciscanos","article_published_time":"2020-02-10T03:05:45+00:00","article_modified_time":"2020-02-10T09:49:01+00:00","og_image":[{"width":273,"height":181,"url":"https:\/\/franciscanos.org.br\/noticias\/wp-content\/uploads\/2020\/01\/EVALDOd.jpg","type":"image\/jpeg"}],"author":"jovenal","twitter_card":"summary_large_image","twitter_misc":{"Escrito por":"jovenal","Est. tempo de leitura":"8 minutos"},"schema":{"@context":"https:\/\/schema.org","@graph":[{"@type":"WebSite","@id":"https:\/\/franciscanos.org.br\/noticias\/#website","url":"https:\/\/franciscanos.org.br\/noticias\/","name":"Not\u00edcias - Franciscanos","description":"Prov\u00edncia Franciscana da Imaculada Concei\u00e7\u00e3o do Brasil - Ordem dos Frades Menores - OFM","potentialAction":[{"@type":"SearchAction","target":{"@type":"EntryPoint","urlTemplate":"https:\/\/franciscanos.org.br\/noticias\/?s={search_term_string}"},"query-input":"required name=search_term_string"}],"inLanguage":"pt-BR"},{"@type":"ImageObject","inLanguage":"pt-BR","@id":"https:\/\/franciscanos.org.br\/noticias\/frei-evaldo-sera-ordenado-presbitero-em-xaxim.html#primaryimage","url":"https:\/\/franciscanos.org.br\/noticias\/wp-content\/uploads\/2020\/01\/EVALDOd.jpg","contentUrl":"https:\/\/franciscanos.org.br\/noticias\/wp-content\/uploads\/2020\/01\/EVALDOd.jpg","width":273,"height":181},{"@type":"WebPage","@id":"https:\/\/franciscanos.org.br\/noticias\/frei-evaldo-sera-ordenado-presbitero-em-xaxim.html#webpage","url":"https:\/\/franciscanos.org.br\/noticias\/frei-evaldo-sera-ordenado-presbitero-em-xaxim.html","name":"Frei Evaldo ser\u00e1 ordenado presb\u00edtero neste s\u00e1bado - Not\u00edcias - Franciscanos","isPartOf":{"@id":"https:\/\/franciscanos.org.br\/noticias\/#website"},"primaryImageOfPage":{"@id":"https:\/\/franciscanos.org.br\/noticias\/frei-evaldo-sera-ordenado-presbitero-em-xaxim.html#primaryimage"},"datePublished":"2020-02-10T03:05:45+00:00","dateModified":"2020-02-10T09:49:01+00:00","author":{"@id":"https:\/\/franciscanos.org.br\/noticias\/#\/schema\/person\/c3a26b08313dd1772495ce300ab257cc"},"breadcrumb":{"@id":"https:\/\/franciscanos.org.br\/noticias\/frei-evaldo-sera-ordenado-presbitero-em-xaxim.html#breadcrumb"},"inLanguage":"pt-BR","potentialAction":[{"@type":"ReadAction","target":["https:\/\/franciscanos.org.br\/noticias\/frei-evaldo-sera-ordenado-presbitero-em-xaxim.html"]}]},{"@type":"BreadcrumbList","@id":"https:\/\/franciscanos.org.br\/noticias\/frei-evaldo-sera-ordenado-presbitero-em-xaxim.html#breadcrumb","itemListElement":[{"@type":"ListItem","position":1,"name":"Home","item":"https:\/\/franciscanos.org.br\/noticias"},{"@type":"ListItem","position":2,"name":"Frei Evaldo ser\u00e1 ordenado presb\u00edtero neste s\u00e1bado"}]},{"@type":"Person","@id":"https:\/\/franciscanos.org.br\/noticias\/#\/schema\/person\/c3a26b08313dd1772495ce300ab257cc","name":"jovenal","image":{"@type":"ImageObject","inLanguage":"pt-BR","@id":"https:\/\/franciscanos.org.br\/noticias\/#\/schema\/person\/image\/","url":"https:\/\/secure.gravatar.com\/avatar\/e94509f531086e2eaf97e72f29ea00f9?s=96&d=mm&r=g","contentUrl":"https:\/\/secure.gravatar.com\/avatar\/e94509f531086e2eaf97e72f29ea00f9?s=96&d=mm&r=g","caption":"jovenal"},"url":"https:\/\/franciscanos.org.br\/noticias\/author\/jovenal"}]}},"_links":{"self":[{"href":"https:\/\/franciscanos.org.br\/noticias\/wp-json\/wp\/v2\/posts\/216416"}],"collection":[{"href":"https:\/\/franciscanos.org.br\/noticias\/wp-json\/wp\/v2\/posts"}],"about":[{"href":"https:\/\/franciscanos.org.br\/noticias\/wp-json\/wp\/v2\/types\/post"}],"author":[{"embeddable":true,"href":"https:\/\/franciscanos.org.br\/noticias\/wp-json\/wp\/v2\/users\/7"}],"replies":[{"embeddable":true,"href":"https:\/\/franciscanos.org.br\/noticias\/wp-json\/wp\/v2\/comments?post=216416"}],"version-history":[{"count":0,"href":"https:\/\/franciscanos.org.br\/noticias\/wp-json\/wp\/v2\/posts\/216416\/revisions"}],"wp:featuredmedia":[{"embeddable":true,"href":"https:\/\/franciscanos.org.br\/noticias\/wp-json\/wp\/v2\/media\/218471"}],"wp:attachment":[{"href":"https:\/\/franciscanos.org.br\/noticias\/wp-json\/wp\/v2\/media?parent=216416"}],"wp:term":[{"taxonomy":"category","embeddable":true,"href":"https:\/\/franciscanos.org.br\/noticias\/wp-json\/wp\/v2\/categories?post=216416"},{"taxonomy":"post_tag","embeddable":true,"href":"https:\/\/franciscanos.org.br\/noticias\/wp-json\/wp\/v2\/tags?post=216416"}],"curies":[{"name":"wp","href":"https:\/\/api.w.org\/{rel}","templated":true}]}}