{"id":216359,"date":"2020-01-26T08:39:42","date_gmt":"2020-01-26T11:39:42","guid":{"rendered":"https:\/\/franciscanos.org.br\/noticias\/?p=216359"},"modified":"2021-08-29T17:48:57","modified_gmt":"2021-08-29T20:48:57","slug":"vamos-dar-espaco-a-palavra-de-deus-lendo-diariamente-a-biblia-inclusive-no-celular","status":"publish","type":"post","link":"https:\/\/franciscanos.org.br\/noticias\/vamos-dar-espaco-a-palavra-de-deus-lendo-diariamente-a-biblia-inclusive-no-celular.html","title":{"rendered":"Vamos dar espa\u00e7o \u00e0 Palavra de Deus, lendo diariamente a B\u00edblia, inclusive no celular"},"content":{"rendered":"<div id=\"attachment_216360\" style=\"width: 900px\" class=\"wp-caption alignnone\"><img aria-describedby=\"caption-attachment-216360\" loading=\"lazy\" class=\"wp-image-216360 size-full\" src=\"https:\/\/franciscanos.org.br\/noticias\/wp-content\/uploads\/2020\/01\/missa_2602.jpg\" alt=\"\" width=\"890\" height=\"593\" srcset=\"https:\/\/franciscanos.org.br\/noticias\/wp-content\/uploads\/2020\/01\/missa_2602.jpg 890w, https:\/\/franciscanos.org.br\/noticias\/wp-content\/uploads\/2020\/01\/missa_2602-450x300.jpg 450w, https:\/\/franciscanos.org.br\/noticias\/wp-content\/uploads\/2020\/01\/missa_2602-768x512.jpg 768w, https:\/\/franciscanos.org.br\/noticias\/wp-content\/uploads\/2020\/01\/missa_2602-150x100.jpg 150w\" sizes=\"(max-width: 890px) 100vw, 890px\" \/><p id=\"caption-attachment-216360\" class=\"wp-caption-text\">\u00a0 \u00a0 \u00a0 \u00a0 \u00a0 \u00a0 \u00a0 \u00a0 \u00a0 \u00a0 \u00a0 \u00a0 \u00a0 \u00a0 \u00a0 \u00a0 \u00a0 \u00a0 \u00a0 \u00a0 \u00a0 \u00a0 \u00a0 \u00a0 \u00a0 \u00a0 \u00a0 \u00a0 \u00a0 \u00a0 \u00a0 \u00a0 \u00a0 \u00a0 \u00a0 \u00a0 \u00a0 \u00a0 \u00a0 \u00a0 \u00a0 \u00a0 \u00a0 \u00a0 \u00a0 \u00a0 \u00a0 \u00a0 \u00a0 \u00a0 \u00a0 \u00a0 \u00a0 \u00a0 \u00a0 \u00a0 <em>\u00a0 \u00a0 \u00a0 \u00a0Imagens: Vatican Media<\/em><\/p><\/div>\n<p><strong>Cidade do Vaticano<\/strong> &#8211; Pela primeira vez a Igreja celebrou o Domingo da Palavra de Deus dedicado ao estudo e \u00e0 difus\u00e3o do Evangelho. Esse dia \u00e9 celebrado sempre no III Domingo do Tempo Comum, desde a institui\u00e7\u00e3o do Papa em setembro de 2019, para fortalecer e recuperar a identidade crist\u00e3, atrav\u00e9s da familiaridade com a B\u00edblia.<\/p>\n<p>Na homilia deste domingo (26), na Bas\u00edlica de S\u00e3o Pedro, Francisco se inspirou nas leituras do dia para voltar \u00e0s origens da prega\u00e7\u00e3o de Jesus, que relata como, onde e a quem come\u00e7ou a pregar.<\/p>\n<p>&#8220;1. Como iniciou? Com uma frase muito simples: \u00abConvertei-vos, porque est\u00e1 pr\u00f3ximo o Reino do C\u00e9u\u00bb (4, 17). Esta \u00e9 a base de todos os seus discursos: dizer-nos que o Reino do C\u00e9u est\u00e1 pr\u00f3ximo. E que significa isto? Por Reino do C\u00e9u, entende-se o reino de Deus, ou o seu modo de reinar, de situar-se relativamente a n\u00f3s. Ora Jesus diz-nos que o Reino do C\u00e9u est\u00e1 pr\u00f3ximo, que Deus est\u00e1 pr\u00f3ximo. Aqui est\u00e1 a novidade, a primeira mensagem: Deus n\u00e3o est\u00e1 longe, Aquele que habita nos c\u00e9us desceu \u00e0 terra, fez-Se homem. Removeu as barreiras, eliminou as dist\u00e2ncias. N\u00e3o \u00e9 m\u00e9rito nosso: Ele desceu, veio ao nosso encontro.<\/p>\n<p><img loading=\"lazy\" class=\"alignnone wp-image-216362 size-full\" src=\"https:\/\/franciscanos.org.br\/noticias\/wp-content\/uploads\/2020\/01\/missa_2604.jpg\" alt=\"\" width=\"890\" height=\"501\" srcset=\"https:\/\/franciscanos.org.br\/noticias\/wp-content\/uploads\/2020\/01\/missa_2604.jpg 890w, https:\/\/franciscanos.org.br\/noticias\/wp-content\/uploads\/2020\/01\/missa_2604-450x253.jpg 450w, https:\/\/franciscanos.org.br\/noticias\/wp-content\/uploads\/2020\/01\/missa_2604-768x432.jpg 768w, https:\/\/franciscanos.org.br\/noticias\/wp-content\/uploads\/2020\/01\/missa_2604-150x84.jpg 150w\" sizes=\"(max-width: 890px) 100vw, 890px\" \/><\/p>\n<p>\u00c9 uma mensagem de alegria: Deus veio pessoalmente visitar-nos, fazendo-Se homem. N\u00e3o tomou a nossa condi\u00e7\u00e3o humana por um sentido de dever, mas por amor. Amorosamente tomou a nossa humanidade, porque toma-se aquilo que se ama. E Deus tomou a nossa humanidade, porque nos ama e, gratuitamente, quer-nos dar a salva\u00e7\u00e3o que, sozinhos, n\u00e3o poder\u00edamos obter. Deseja estar connosco, dar-nos o encanto de viver, a paz do cora\u00e7\u00e3o, a alegria de ser perdoados e nos sentirmos amados.<\/p>\n<p>Deste modo compreendemos o convite que nos dirigiu Jesus: \u00abconvertei-vos\u00bb, isto \u00e9, \u00abmudai de vida\u00bb. Mudai de vida, porque come\u00e7ou um modo novo de viver: acabou o tempo de viver para si mesmo, come\u00e7ou o tempo de viver com Deus e para Deus, com os outros e para os outros, com amor e por amor. Hoje Jesus repete o mesmo a ti: \u00abCoragem, estou pr\u00f3ximo de ti, d\u00e1-Me espa\u00e7o e a tua vida mudar\u00e1!\u00bb \u00c9 para isto que o Senhor te d\u00e1 a sua Palavra: para que a recebas como a carta de amor que escreveu para ti, para fazer-te sentir que Ele est\u00e1 junto de ti. A sua Palavra consola-nos e encoraja-nos; ao mesmo tempo provoca a convers\u00e3o, nos desperta, liberta-nos da paralisia do ego\u00edsmo. Pois a sua Palavra tem este poder: o poder de mudar a vida, de fazer passar da escurid\u00e3o \u00e0 luz. Essa \u00e9 a for\u00e7a da sua Palavra.<\/p>\n<p><img loading=\"lazy\" class=\"alignnone size-full wp-image-216363\" src=\"https:\/\/franciscanos.org.br\/noticias\/wp-content\/uploads\/2020\/01\/missa_2602-1.jpg\" alt=\"\" width=\"890\" height=\"593\" srcset=\"https:\/\/franciscanos.org.br\/noticias\/wp-content\/uploads\/2020\/01\/missa_2602-1.jpg 890w, https:\/\/franciscanos.org.br\/noticias\/wp-content\/uploads\/2020\/01\/missa_2602-1-450x300.jpg 450w, https:\/\/franciscanos.org.br\/noticias\/wp-content\/uploads\/2020\/01\/missa_2602-1-768x512.jpg 768w, https:\/\/franciscanos.org.br\/noticias\/wp-content\/uploads\/2020\/01\/missa_2602-1-150x100.jpg 150w\" sizes=\"(max-width: 890px) 100vw, 890px\" \/><\/p>\n<p>2. Se observarmos onde Jesus come\u00e7ou a pregar, descobrimos que o fez precisamente a partir das regi\u00f5es ent\u00e3o consideradas \u00abtenebrosas\u00bb. De facto, a primeira Leitura e o Evangelho falam-nos daqueles que jaziam \u00abna sombria regi\u00e3o da morte\u00bb: s\u00e3o os habitantes da \u00abterra de Zabul\u00e3o e Neftali, caminho do mar, regi\u00e3o de al\u00e9m do Jord\u00e3o, Galileia dos gentios\u00bb (Mt 4, 15-16; cf. Is 8, 23 &#8211; 9, 1). Galileia dos gentios: assim se chamava a regi\u00e3o onde Jesus come\u00e7ou a pregar, porque estava habitada por pessoas muito diferentes entre si formando uma verdadeira am\u00e1lgama de povos, l\u00ednguas e culturas. De facto, era o caminho do mar, que constitu\u00eda uma encruzilhada. L\u00e1 viviam pescadores, comerciantes e estrangeiros: n\u00e3o era de certeza o lugar onde se encontrava o povo eleito na sua pureza religiosa melhor. E, no entanto, Jesus come\u00e7ou de l\u00e1: n\u00e3o do \u00e1trio do templo de Jerusal\u00e9m, mas do lado oposto do pa\u00eds, da Galileia dos gentios, dum local de fronteira, duma periferia.<\/p>\n<p>Disto mesmo podemos tirar uma li\u00e7\u00e3o: a Palavra que salva n\u00e3o procura lugares refinados, esterilizados, seguros. Vem \u00e0 complica\u00e7\u00e3o dos nossos dias, \u00e0s nossas obscuridades. Hoje, como ent\u00e3o, Deus deseja visitar aqueles lugares, onde se pensa que l\u00e1 Ele n\u00e3o vai. Quantas vezes, por\u00e9m, somos n\u00f3s que fechamos a porta, preferindo manter escondidas as nossas confus\u00f5es, opacidades e duplicidades. Ocultamo-las dentro de n\u00f3s, enquanto vamos encontrar o Senhor com qualquer ora\u00e7\u00e3o formal, tendo cuidado para que a sua verdade n\u00e3o nos abale intimamente. E essa \u00e9 uma hipocrisia oculta. Mas Jesus \u2013 como diz o Evangelho de hoje \u2013 \u00abcome\u00e7ou a percorrer toda a Galileia, (\u2026) proclamando o Evangelho do Reino e curando entre o povo todas as doen\u00e7as e enfermidades\u00bb (4, 23): atravessava toda aquela regi\u00e3o multiforme e complexa. De igual modo, n\u00e3o tem medo de explorar os nossos cora\u00e7\u00f5es, os nossos lugares mais rudes e dif\u00edceis. Jesus sabe que apenas o seu perd\u00e3o nos cura, apenas a sua presen\u00e7a nos transforma, apenas a sua Palavra nos renova. A Ele que percorreu o caminho do mar, abramos os nossos caminhos mais tortuosos: deixemos entrar em n\u00f3s a sua Palavra, que \u00e9 \u00abviva, eficaz e mais afiada que uma espada de dois gumes; (\u2026) discerne os sentimentos e inten\u00e7\u00f5es do cora\u00e7\u00e3o\u00bb (Heb 4, 12).<\/p>\n<p><img loading=\"lazy\" class=\"alignnone size-full wp-image-216364\" src=\"https:\/\/franciscanos.org.br\/noticias\/wp-content\/uploads\/2020\/01\/missa_2601.jpg\" alt=\"\" width=\"890\" height=\"593\" srcset=\"https:\/\/franciscanos.org.br\/noticias\/wp-content\/uploads\/2020\/01\/missa_2601.jpg 890w, https:\/\/franciscanos.org.br\/noticias\/wp-content\/uploads\/2020\/01\/missa_2601-450x300.jpg 450w, https:\/\/franciscanos.org.br\/noticias\/wp-content\/uploads\/2020\/01\/missa_2601-768x512.jpg 768w, https:\/\/franciscanos.org.br\/noticias\/wp-content\/uploads\/2020\/01\/missa_2601-150x100.jpg 150w\" sizes=\"(max-width: 890px) 100vw, 890px\" \/><\/p>\n<p>3. Por fim, a quem come\u00e7ou Jesus a falar? Narra o Evangelho que Ele, \u00abcaminhando ao longo do mar da Galileia, viu dois irm\u00e3os (\u2026) que lan\u00e7avam as redes ao mar, pois eram pescadores. Disse-lhes: \u201cVinde comigo e Eu farei de v\u00f3s pescadores de homens\u201d\u00bb (Mt 4, 18-19). Os primeiros destinat\u00e1rios da chamada foram pescadores: n\u00e3o pessoas atentamente selecionadas com base nas suas capacidades, nem homens piedosos que estavam no templo a rezar, mas gente comum que trabalhava. Pessoas normais, que trabalhavam.<\/p>\n<p>Notemos o que lhes diz Jesus: farei de v\u00f3s pescadores de homens. Fala a pescadores e usa uma linguagem que eles compreendem. Atrai-os a partir da sua vida: chama-os onde est\u00e3o e como s\u00e3o, para os envolver na pr\u00f3pria miss\u00e3o d\u2019Ele. \u00abE eles deixaram as redes imediatamente e seguiram-No\u00bb (4, 20). Porqu\u00ea imediatamente? Simplesmente porque se sentiram atra\u00eddos. N\u00e3o aparecem despachados e prontos por ter recebido uma ordem, mas porque foram atra\u00eddos pelo amor. Para seguir a Jesus, n\u00e3o bastam os bons prop\u00f3sitos; \u00e9 preciso ouvir dia a dia a sua chamada. S\u00f3 Ele, que nos conhece e ama profundamente, leva a fazer-nos ao largo no mar da vida, como fez com os disc\u00edpulos que O escutaram.<\/p>\n<p>Por isso, precisamos da sua Palavra: precisamos de escutar, no meio das infindas palavras de cada dia, a \u00fanica Palavra que n\u00e3o nos fala de coisas, mas de vida.<\/p>\n<p><img loading=\"lazy\" class=\"alignnone size-full wp-image-216365\" src=\"https:\/\/franciscanos.org.br\/noticias\/wp-content\/uploads\/2020\/01\/missa_2605.jpg\" alt=\"\" width=\"890\" height=\"593\" srcset=\"https:\/\/franciscanos.org.br\/noticias\/wp-content\/uploads\/2020\/01\/missa_2605.jpg 890w, https:\/\/franciscanos.org.br\/noticias\/wp-content\/uploads\/2020\/01\/missa_2605-450x300.jpg 450w, https:\/\/franciscanos.org.br\/noticias\/wp-content\/uploads\/2020\/01\/missa_2605-768x512.jpg 768w, https:\/\/franciscanos.org.br\/noticias\/wp-content\/uploads\/2020\/01\/missa_2605-150x100.jpg 150w\" sizes=\"(max-width: 890px) 100vw, 890px\" \/><\/p>\n<p>Queridos irm\u00e3os e irm\u00e3s, demos espa\u00e7o \u00e0 Palavra de Deus! Leiamos diariamente qualquer vers\u00edculo da B\u00edblia. Comecemos pelo Evangelho: mantenhamo-lo aberto na c\u00f3moda de casa, tragamo-lo connosco no bolso, visualizemo-lo no telem\u00f3vel, deixemos que nos inspire todos os dias. Descobriremos que Deus est\u00e1 perto de n\u00f3s, ilumina as nossas trevas, amorosamente impele para o largo a nossa vida.&#8221;<\/p>\n<hr \/>\n<h3>ANGELUS<\/h3>\n<p>Depois da missa celebrada na Bas\u00edlica de S\u00e3o Pedro, por ocasi\u00e3o do Primeiro Domingo da Palavra de Deus, o Papa Francisco, na alocu\u00e7\u00e3o que precedeu a Ora\u00e7\u00e3o Mariana do Angelus deste domingo (26), se concentrou no Evangelho do dia, de quando come\u00e7ou a miss\u00e3o p\u00fablica de Jesus. Uma prega\u00e7\u00e3o que come\u00e7a ao pronunciar as seguintes palavras:&#8221;Convertei-vos, porque o reino dos c\u00e9us est\u00e1 pr\u00f3ximo&#8221;. Um an\u00fancio poderoso como um \u201cfeixe de luz que atravessa as trevas e corta a n\u00e9voa\u201d, disse Francisco.<\/p>\n<p>\u201cCom a vinda de Jesus, luz do mundo, Deus Pai mostrou \u00e0 humanidade a sua proximidade e amizade\u201d, comentou o Papa, dadas gratuitamente e que n\u00e3o s\u00e3o um m\u00e9rito nosso: \u201cs\u00e3o um dom gratuito de Deus. N\u00f3s devemos tutelar esse dom\u201d, explicou o Pont\u00edfice, que fez um apelo para um \u201cverdadeiro caminho de convers\u00e3o\u201d:<\/p>\n<p>\u201cTantas vezes \u00e9 imposs\u00edvel mudar a pr\u00f3pria vida, abandonar o caminho do ego\u00edsmo, do mal, abandonar a estrada do pecado, porque o compromisso de convers\u00e3o est\u00e1 centrado apenas em si mesmo e nas pr\u00f3prias for\u00e7as, e n\u00e3o em Cristo e no seu Esp\u00edrito. Mas nossa ades\u00e3o ao Senhor n\u00e3o pode ser reduzida a um esfor\u00e7o pessoal, n\u00e3o. Acreditar nisso tamb\u00e9m seria um pecado de soberba. A nossa ades\u00e3o ao Senhor n\u00e3o pode se reduzir a um esfor\u00e7o pessoal, ao contr\u00e1rio, deve ser expressa em uma abertura confiante de cora\u00e7\u00e3o e mente para acolher a Boa Nova de Jesus. \u00c9 essa, a Palavra de Jesus, a Boa Nova de Jesus, o Evangelho \u2013 que muda o mundo e os cora\u00e7\u00f5es! Somos chamados, portanto, a confiar na palavra de Cristo, a nos abrir \u00e0 miseric\u00f3rdia do Pai e a nos deixar ser transformados pela gra\u00e7a do Esp\u00edrito Santo.\u201d<\/p>\n<hr \/>\n<p><em>Fonte: Vatican News<\/em><\/p>\n","protected":false},"excerpt":{"rendered":"<p>Domingo da Palavra de Deus<\/p>\n","protected":false},"author":3,"featured_media":216361,"comment_status":"open","ping_status":"open","sticky":false,"template":"","format":"standard","meta":[],"categories":[1428],"tags":[55],"acf":[],"yoast_head":"<!-- This site is optimized with the Yoast SEO plugin v19.2 - https:\/\/yoast.com\/wordpress\/plugins\/seo\/ -->\n<title>Vamos dar espa\u00e7o \u00e0 Palavra de Deus, lendo diariamente a B\u00edblia, inclusive no celular - Not\u00edcias - Franciscanos<\/title>\n<meta name=\"robots\" content=\"index, follow, max-snippet:-1, max-image-preview:large, max-video-preview:-1\" \/>\n<link rel=\"canonical\" href=\"https:\/\/franciscanos.org.br\/noticias\/vamos-dar-espaco-a-palavra-de-deus-lendo-diariamente-a-biblia-inclusive-no-celular.html\" \/>\n<meta property=\"og:locale\" content=\"pt_BR\" \/>\n<meta property=\"og:type\" content=\"article\" \/>\n<meta property=\"og:title\" content=\"Vamos dar espa\u00e7o \u00e0 Palavra de Deus, lendo diariamente a B\u00edblia, inclusive no celular - Not\u00edcias - Franciscanos\" \/>\n<meta property=\"og:description\" content=\"Domingo da Palavra de Deus\" \/>\n<meta property=\"og:url\" content=\"https:\/\/franciscanos.org.br\/noticias\/vamos-dar-espaco-a-palavra-de-deus-lendo-diariamente-a-biblia-inclusive-no-celular.html\" \/>\n<meta property=\"og:site_name\" content=\"Not\u00edcias - Franciscanos\" \/>\n<meta property=\"article:published_time\" content=\"2020-01-26T11:39:42+00:00\" \/>\n<meta property=\"article:modified_time\" content=\"2021-08-29T20:48:57+00:00\" \/>\n<meta property=\"og:image\" content=\"https:\/\/franciscanos.org.br\/noticias\/wp-content\/uploads\/2020\/01\/missa_2603d.jpg\" \/>\n\t<meta property=\"og:image:width\" content=\"273\" \/>\n\t<meta property=\"og:image:height\" content=\"182\" \/>\n\t<meta property=\"og:image:type\" content=\"image\/jpeg\" \/>\n<meta name=\"author\" content=\"moacir\" \/>\n<meta name=\"twitter:card\" content=\"summary_large_image\" \/>\n<meta name=\"twitter:label1\" content=\"Escrito por\" \/>\n\t<meta name=\"twitter:data1\" content=\"moacir\" \/>\n\t<meta name=\"twitter:label2\" content=\"Est. tempo de leitura\" \/>\n\t<meta name=\"twitter:data2\" content=\"7 minutos\" \/>\n<script type=\"application\/ld+json\" class=\"yoast-schema-graph\">{\"@context\":\"https:\/\/schema.org\",\"@graph\":[{\"@type\":\"WebSite\",\"@id\":\"https:\/\/franciscanos.org.br\/noticias\/#website\",\"url\":\"https:\/\/franciscanos.org.br\/noticias\/\",\"name\":\"Not\u00edcias - Franciscanos\",\"description\":\"Prov\u00edncia Franciscana da Imaculada Concei\u00e7\u00e3o do Brasil - Ordem dos Frades Menores - OFM\",\"potentialAction\":[{\"@type\":\"SearchAction\",\"target\":{\"@type\":\"EntryPoint\",\"urlTemplate\":\"https:\/\/franciscanos.org.br\/noticias\/?s={search_term_string}\"},\"query-input\":\"required name=search_term_string\"}],\"inLanguage\":\"pt-BR\"},{\"@type\":\"ImageObject\",\"inLanguage\":\"pt-BR\",\"@id\":\"https:\/\/franciscanos.org.br\/noticias\/vamos-dar-espaco-a-palavra-de-deus-lendo-diariamente-a-biblia-inclusive-no-celular.html#primaryimage\",\"url\":\"https:\/\/franciscanos.org.br\/noticias\/wp-content\/uploads\/2020\/01\/missa_2603d.jpg\",\"contentUrl\":\"https:\/\/franciscanos.org.br\/noticias\/wp-content\/uploads\/2020\/01\/missa_2603d.jpg\",\"width\":273,\"height\":182},{\"@type\":\"WebPage\",\"@id\":\"https:\/\/franciscanos.org.br\/noticias\/vamos-dar-espaco-a-palavra-de-deus-lendo-diariamente-a-biblia-inclusive-no-celular.html#webpage\",\"url\":\"https:\/\/franciscanos.org.br\/noticias\/vamos-dar-espaco-a-palavra-de-deus-lendo-diariamente-a-biblia-inclusive-no-celular.html\",\"name\":\"Vamos dar espa\u00e7o \u00e0 Palavra de Deus, lendo diariamente a B\u00edblia, inclusive no celular - Not\u00edcias - Franciscanos\",\"isPartOf\":{\"@id\":\"https:\/\/franciscanos.org.br\/noticias\/#website\"},\"primaryImageOfPage\":{\"@id\":\"https:\/\/franciscanos.org.br\/noticias\/vamos-dar-espaco-a-palavra-de-deus-lendo-diariamente-a-biblia-inclusive-no-celular.html#primaryimage\"},\"datePublished\":\"2020-01-26T11:39:42+00:00\",\"dateModified\":\"2021-08-29T20:48:57+00:00\",\"author\":{\"@id\":\"https:\/\/franciscanos.org.br\/noticias\/#\/schema\/person\/b5c8cba458c330ccff548b056e95a5d4\"},\"breadcrumb\":{\"@id\":\"https:\/\/franciscanos.org.br\/noticias\/vamos-dar-espaco-a-palavra-de-deus-lendo-diariamente-a-biblia-inclusive-no-celular.html#breadcrumb\"},\"inLanguage\":\"pt-BR\",\"potentialAction\":[{\"@type\":\"ReadAction\",\"target\":[\"https:\/\/franciscanos.org.br\/noticias\/vamos-dar-espaco-a-palavra-de-deus-lendo-diariamente-a-biblia-inclusive-no-celular.html\"]}]},{\"@type\":\"BreadcrumbList\",\"@id\":\"https:\/\/franciscanos.org.br\/noticias\/vamos-dar-espaco-a-palavra-de-deus-lendo-diariamente-a-biblia-inclusive-no-celular.html#breadcrumb\",\"itemListElement\":[{\"@type\":\"ListItem\",\"position\":1,\"name\":\"Home\",\"item\":\"https:\/\/franciscanos.org.br\/noticias\"},{\"@type\":\"ListItem\",\"position\":2,\"name\":\"Vamos dar espa\u00e7o \u00e0 Palavra de Deus, lendo diariamente a B\u00edblia, inclusive no celular\"}]},{\"@type\":\"Person\",\"@id\":\"https:\/\/franciscanos.org.br\/noticias\/#\/schema\/person\/b5c8cba458c330ccff548b056e95a5d4\",\"name\":\"moacir\",\"image\":{\"@type\":\"ImageObject\",\"inLanguage\":\"pt-BR\",\"@id\":\"https:\/\/franciscanos.org.br\/noticias\/#\/schema\/person\/image\/\",\"url\":\"https:\/\/secure.gravatar.com\/avatar\/d08aa2ce4c8dd416d4479aa8536fcf64?s=96&d=mm&r=g\",\"contentUrl\":\"https:\/\/secure.gravatar.com\/avatar\/d08aa2ce4c8dd416d4479aa8536fcf64?s=96&d=mm&r=g\",\"caption\":\"moacir\"},\"url\":\"https:\/\/franciscanos.org.br\/noticias\/author\/moacir\"}]}<\/script>\n<!-- \/ Yoast SEO plugin. -->","yoast_head_json":{"title":"Vamos dar espa\u00e7o \u00e0 Palavra de Deus, lendo diariamente a B\u00edblia, inclusive no celular - Not\u00edcias - Franciscanos","robots":{"index":"index","follow":"follow","max-snippet":"max-snippet:-1","max-image-preview":"max-image-preview:large","max-video-preview":"max-video-preview:-1"},"canonical":"https:\/\/franciscanos.org.br\/noticias\/vamos-dar-espaco-a-palavra-de-deus-lendo-diariamente-a-biblia-inclusive-no-celular.html","og_locale":"pt_BR","og_type":"article","og_title":"Vamos dar espa\u00e7o \u00e0 Palavra de Deus, lendo diariamente a B\u00edblia, inclusive no celular - Not\u00edcias - Franciscanos","og_description":"Domingo da Palavra de Deus","og_url":"https:\/\/franciscanos.org.br\/noticias\/vamos-dar-espaco-a-palavra-de-deus-lendo-diariamente-a-biblia-inclusive-no-celular.html","og_site_name":"Not\u00edcias - Franciscanos","article_published_time":"2020-01-26T11:39:42+00:00","article_modified_time":"2021-08-29T20:48:57+00:00","og_image":[{"width":273,"height":182,"url":"https:\/\/franciscanos.org.br\/noticias\/wp-content\/uploads\/2020\/01\/missa_2603d.jpg","type":"image\/jpeg"}],"author":"moacir","twitter_card":"summary_large_image","twitter_misc":{"Escrito por":"moacir","Est. tempo de leitura":"7 minutos"},"schema":{"@context":"https:\/\/schema.org","@graph":[{"@type":"WebSite","@id":"https:\/\/franciscanos.org.br\/noticias\/#website","url":"https:\/\/franciscanos.org.br\/noticias\/","name":"Not\u00edcias - Franciscanos","description":"Prov\u00edncia Franciscana da Imaculada Concei\u00e7\u00e3o do Brasil - Ordem dos Frades Menores - OFM","potentialAction":[{"@type":"SearchAction","target":{"@type":"EntryPoint","urlTemplate":"https:\/\/franciscanos.org.br\/noticias\/?s={search_term_string}"},"query-input":"required name=search_term_string"}],"inLanguage":"pt-BR"},{"@type":"ImageObject","inLanguage":"pt-BR","@id":"https:\/\/franciscanos.org.br\/noticias\/vamos-dar-espaco-a-palavra-de-deus-lendo-diariamente-a-biblia-inclusive-no-celular.html#primaryimage","url":"https:\/\/franciscanos.org.br\/noticias\/wp-content\/uploads\/2020\/01\/missa_2603d.jpg","contentUrl":"https:\/\/franciscanos.org.br\/noticias\/wp-content\/uploads\/2020\/01\/missa_2603d.jpg","width":273,"height":182},{"@type":"WebPage","@id":"https:\/\/franciscanos.org.br\/noticias\/vamos-dar-espaco-a-palavra-de-deus-lendo-diariamente-a-biblia-inclusive-no-celular.html#webpage","url":"https:\/\/franciscanos.org.br\/noticias\/vamos-dar-espaco-a-palavra-de-deus-lendo-diariamente-a-biblia-inclusive-no-celular.html","name":"Vamos dar espa\u00e7o \u00e0 Palavra de Deus, lendo diariamente a B\u00edblia, inclusive no celular - Not\u00edcias - Franciscanos","isPartOf":{"@id":"https:\/\/franciscanos.org.br\/noticias\/#website"},"primaryImageOfPage":{"@id":"https:\/\/franciscanos.org.br\/noticias\/vamos-dar-espaco-a-palavra-de-deus-lendo-diariamente-a-biblia-inclusive-no-celular.html#primaryimage"},"datePublished":"2020-01-26T11:39:42+00:00","dateModified":"2021-08-29T20:48:57+00:00","author":{"@id":"https:\/\/franciscanos.org.br\/noticias\/#\/schema\/person\/b5c8cba458c330ccff548b056e95a5d4"},"breadcrumb":{"@id":"https:\/\/franciscanos.org.br\/noticias\/vamos-dar-espaco-a-palavra-de-deus-lendo-diariamente-a-biblia-inclusive-no-celular.html#breadcrumb"},"inLanguage":"pt-BR","potentialAction":[{"@type":"ReadAction","target":["https:\/\/franciscanos.org.br\/noticias\/vamos-dar-espaco-a-palavra-de-deus-lendo-diariamente-a-biblia-inclusive-no-celular.html"]}]},{"@type":"BreadcrumbList","@id":"https:\/\/franciscanos.org.br\/noticias\/vamos-dar-espaco-a-palavra-de-deus-lendo-diariamente-a-biblia-inclusive-no-celular.html#breadcrumb","itemListElement":[{"@type":"ListItem","position":1,"name":"Home","item":"https:\/\/franciscanos.org.br\/noticias"},{"@type":"ListItem","position":2,"name":"Vamos dar espa\u00e7o \u00e0 Palavra de Deus, lendo diariamente a B\u00edblia, inclusive no celular"}]},{"@type":"Person","@id":"https:\/\/franciscanos.org.br\/noticias\/#\/schema\/person\/b5c8cba458c330ccff548b056e95a5d4","name":"moacir","image":{"@type":"ImageObject","inLanguage":"pt-BR","@id":"https:\/\/franciscanos.org.br\/noticias\/#\/schema\/person\/image\/","url":"https:\/\/secure.gravatar.com\/avatar\/d08aa2ce4c8dd416d4479aa8536fcf64?s=96&d=mm&r=g","contentUrl":"https:\/\/secure.gravatar.com\/avatar\/d08aa2ce4c8dd416d4479aa8536fcf64?s=96&d=mm&r=g","caption":"moacir"},"url":"https:\/\/franciscanos.org.br\/noticias\/author\/moacir"}]}},"_links":{"self":[{"href":"https:\/\/franciscanos.org.br\/noticias\/wp-json\/wp\/v2\/posts\/216359"}],"collection":[{"href":"https:\/\/franciscanos.org.br\/noticias\/wp-json\/wp\/v2\/posts"}],"about":[{"href":"https:\/\/franciscanos.org.br\/noticias\/wp-json\/wp\/v2\/types\/post"}],"author":[{"embeddable":true,"href":"https:\/\/franciscanos.org.br\/noticias\/wp-json\/wp\/v2\/users\/3"}],"replies":[{"embeddable":true,"href":"https:\/\/franciscanos.org.br\/noticias\/wp-json\/wp\/v2\/comments?post=216359"}],"version-history":[{"count":2,"href":"https:\/\/franciscanos.org.br\/noticias\/wp-json\/wp\/v2\/posts\/216359\/revisions"}],"predecessor-version":[{"id":234068,"href":"https:\/\/franciscanos.org.br\/noticias\/wp-json\/wp\/v2\/posts\/216359\/revisions\/234068"}],"wp:featuredmedia":[{"embeddable":true,"href":"https:\/\/franciscanos.org.br\/noticias\/wp-json\/wp\/v2\/media\/216361"}],"wp:attachment":[{"href":"https:\/\/franciscanos.org.br\/noticias\/wp-json\/wp\/v2\/media?parent=216359"}],"wp:term":[{"taxonomy":"category","embeddable":true,"href":"https:\/\/franciscanos.org.br\/noticias\/wp-json\/wp\/v2\/categories?post=216359"},{"taxonomy":"post_tag","embeddable":true,"href":"https:\/\/franciscanos.org.br\/noticias\/wp-json\/wp\/v2\/tags?post=216359"}],"curies":[{"name":"wp","href":"https:\/\/api.w.org\/{rel}","templated":true}]}}