{"id":216339,"date":"2020-01-25T14:45:53","date_gmt":"2020-01-25T17:45:53","guid":{"rendered":"https:\/\/franciscanos.org.br\/noticias\/?p=216339"},"modified":"2021-08-29T17:49:46","modified_gmt":"2021-08-29T20:49:46","slug":"papa-francisco-recorda-um-ano-da-tragedia-em-brumadinho","status":"publish","type":"post","link":"https:\/\/franciscanos.org.br\/noticias\/papa-francisco-recorda-um-ano-da-tragedia-em-brumadinho.html","title":{"rendered":"Papa Francisco recorda um ano da trag\u00e9dia em Brumadinho"},"content":{"rendered":"<div id=\"attachment_216340\" style=\"width: 900px\" class=\"wp-caption alignnone\"><img aria-describedby=\"caption-attachment-216340\" loading=\"lazy\" class=\"wp-image-216340 size-full\" src=\"https:\/\/franciscanos.org.br\/noticias\/wp-content\/uploads\/2020\/01\/papa_brumadinho.jpg\" alt=\"\" width=\"890\" height=\"394\" srcset=\"https:\/\/franciscanos.org.br\/noticias\/wp-content\/uploads\/2020\/01\/papa_brumadinho.jpg 890w, https:\/\/franciscanos.org.br\/noticias\/wp-content\/uploads\/2020\/01\/papa_brumadinho-450x199.jpg 450w, https:\/\/franciscanos.org.br\/noticias\/wp-content\/uploads\/2020\/01\/papa_brumadinho-768x340.jpg 768w, https:\/\/franciscanos.org.br\/noticias\/wp-content\/uploads\/2020\/01\/papa_brumadinho-150x66.jpg 150w\" sizes=\"(max-width: 890px) 100vw, 890px\" \/><p id=\"caption-attachment-216340\" class=\"wp-caption-text\">\u00a0 \u00a0 \u00a0 \u00a0 \u00a0 \u00a0 \u00a0 \u00a0 \u00a0 \u00a0 \u00a0 \u00a0 \u00a0 \u00a0 \u00a0 \u00a0 \u00a0 \u00a0 \u00a0 \u00a0 \u00a0 \u00a0 \u00a0 \u00a0 \u00a0 \u00a0 \u00a0 \u00a0 \u00a0 \u00a0 \u00a0 \u00a0 \u00a0 \u00a0 \u00a0 \u00a0 \u00a0 \u00a0 \u00a0 \u00a0 \u00a0 \u00a0 \u00a0 \u00a0 \u00a0 \u00a0 \u00a0 \u00a0 \u00a0 \u00a0 \u00a0 \u00a0 \u00a0 \u00a0 \u00a0 \u00a0 \u00a0 \u00a0 \u00a0 \u00a0 \u00a0 \u00a0 <em>\u00a0 Imagens: Vatican Media<\/em><\/p><\/div>\n<p><strong>Cidade do Vaticano<\/strong> &#8211; Aos fi\u00e9is reunidos para a I Romaria da Arquidiocese de Belo Horizonte a Brumadinho, o Papa Francisco pediu ora\u00e7\u00f5es \u00e0s v\u00edtimas, solidariedade aos familiares e a prote\u00e7\u00e3o do meio ambiente. \u201cNeste primeiro anivers\u00e1rio da trag\u00e9dia de Brumadinho, rezemos pelos 272 irm\u00e3os e irm\u00e3s que foram soterrados. E lamentamos a contamina\u00e7\u00e3o de toda a bacia fluvial. Ofere\u00e7amos nossa solidaridade \u00e0s fam\u00edlias das v\u00edtimas, um apoio \u00e0 Arquidiocese e a todas as pessoas que est\u00e3o sofrendo e que necessitam de nossa ajuda. Com a intercess\u00e3o de S\u00e3o Paulo, que Deus nos ajude a recuperar e proteger a nossa casa comum.\u201d<\/p>\n<p>A Arquidiocese, presidida por Dom Walmor Oliveira de Azevedo, presidente da Confer\u00eancia Nacional dos Bispos do Brasil (CNBB), organizou a Romaria &#8220;pela Ecologia integral&#8221; com o intuito de &#8220;rezar e refletir, caminhar e celebrar, conscientizar e indignar, cantar e esperar&#8221;.<\/p>\n<p><iframe loading=\"lazy\" title=\"Papa Francisco recorda um ano da trag\u00e9dia em Brumadinho\" width=\"500\" height=\"281\" src=\"https:\/\/www.youtube.com\/embed\/hbyg4nPEvu0?feature=oembed\" frameborder=\"0\" allow=\"accelerometer; autoplay; clipboard-write; encrypted-media; gyroscope; picture-in-picture\" allowfullscreen><\/iframe><\/p>\n<p>Milhares de fi\u00e9is est\u00e3o reunidos desde a manh\u00e3 deste 25 de janeiro (dia da trag\u00e9dia) para momentos de ora\u00e7\u00e3o, de conscientiza\u00e7\u00e3o com as comunidades ind\u00edgenas e um ato em mem\u00f3ria das v\u00edtimas.<\/p>\n<p>Mais de uma vez, o Pont\u00edfice mencionou o drama da regi\u00e3o, seja em pronunciamentos p\u00fablicos, seja em momentos privados com autoridades civis e eclesi\u00e1sticas. O Santo Padre mant\u00e9m-se constantemente informado tamb\u00e9m atrav\u00e9s de seus colaboradores no Dicast\u00e9rio para o Servi\u00e7o do Desenvolvimento Humano Integral.<\/p>\n<p><img loading=\"lazy\" class=\"alignnone size-full wp-image-216342\" src=\"https:\/\/franciscanos.org.br\/noticias\/wp-content\/uploads\/2020\/01\/papa_25_2.jpg\" alt=\"\" width=\"890\" height=\"501\" srcset=\"https:\/\/franciscanos.org.br\/noticias\/wp-content\/uploads\/2020\/01\/papa_25_2.jpg 890w, https:\/\/franciscanos.org.br\/noticias\/wp-content\/uploads\/2020\/01\/papa_25_2-450x253.jpg 450w, https:\/\/franciscanos.org.br\/noticias\/wp-content\/uploads\/2020\/01\/papa_25_2-768x432.jpg 768w, https:\/\/franciscanos.org.br\/noticias\/wp-content\/uploads\/2020\/01\/papa_25_2-150x84.jpg 150w\" sizes=\"(max-width: 890px) 100vw, 890px\" \/><\/p>\n<p><strong>Papa recebe o colete dos volunt\u00e1rios<\/strong><br \/>\nEm fevereiro do ano passado, o ent\u00e3o presidente da CNBB, Card. S\u00e9rgio da Rocha, teve a oportunidade de entregar ao Papa o colete utilizado por volunt\u00e1rios em Brumadinho. A entrega ocorreu \u00e0 margem do encontro para a prote\u00e7\u00e3o dos menores na Igreja.<\/p>\n<p>&#8220;O Papa expressa a sua solidariedade, a sua ora\u00e7\u00e3o, acolhendo esta veste com muita aten\u00e7\u00e3o. Isto \u00e9, o Papa se interessou para saber melhor da pr\u00f3pria situa\u00e7\u00e3o em Brumadinho e expressou sua ora\u00e7\u00e3o, sua solidariedade. Que este testemunho de aten\u00e7\u00e3o do pr\u00f3prio Papa em rela\u00e7\u00e3o a Brumadinho motive toda a Igreja no Brasil a ter a mesma solidariedade, a querer sempre mais estar unida aos irm\u00e3os e irm\u00e3s que ali est\u00e3o, mas tamb\u00e9m a oferecer a sua contribui\u00e7\u00e3o para que situa\u00e7\u00f5es como ocorreu l\u00e1 jamais aconte\u00e7am novamente no Brasil&#8221;, disse o cardeal ao Vatican News.<\/p>\n<hr \/>\n<p><strong>Luta por uma nova ordem<\/strong><br \/>\nMinas Gerais, como no Brasil, ou em qualquer lugar, &#8211; enfatiza o presidente da CNBB -, &#8220;a minera\u00e7\u00e3o n\u00e3o pode continuar mais fazendo o que ainda continua a fazer apesar de avan\u00e7os conseguidos em legisla\u00e7\u00f5es com trabalhos importantes. \u00c9 preciso avan\u00e7ar muito, h\u00e1 muito o que modificar. \u00c9 preciso exercitar a solidariedade, esse \u00e9 o grande ganho da miss\u00e3o aprendida neste tempo, a solidariedade entre pessoas. Ao mesmo tempo uma grande luta, uma luta por uma nova ordem nos princ\u00edpios da ecologia integral&#8221;.<\/p>\n<p>Dom Walmor recorda que a \u201carquidiocese de Belo Horizonte desse o primeiro momento se fez e se faz presente na vida das fam\u00edlias, das comunidade de f\u00e9 do povo de Brumadinho e de todo o seu munic\u00edpio e de todos aqueles atingidos por esta trag\u00e9dia-crime&#8221;. Ao mesmo tempo criamos, &#8211; sublinha -, ampliando no Vicariato episcopal, uma se\u00e7\u00e3o para a quest\u00e3o ambiental, tamb\u00e9m enfrentado por n\u00f3s no Santu\u00e1rio da Piedade, no grande e importante complexo da Serra da Piedade.<\/p>\n<p>\u201cN\u00f3s sofremos como Igreja o impacto da gan\u00e2ncia pelo lucro, pelo dinheiro\u201d, acrescenta. \u201cMas estamos trabalhando do ponto de vista jur\u00eddico estrutural, organizacional, de conscientiza\u00e7\u00e3o, levando junto nossa presen\u00e7a amorosa e solid\u00e1ria e o nosso empenho por um novo tempo e por uma nova ordem&#8221;.<\/p>\n<p><strong>Li\u00e7\u00f5es a serem aprendidas<\/strong><br \/>\nO arcebispo de Belo Horizonte afirma que Brumadinho \u201csignifica para n\u00f3s li\u00e7\u00f5es a serem aprendidas, compromisso com o novo tempo. F\u00e1cil n\u00e3o \u00e9, porque enfrentar o sistema e tudo aquilo que est\u00e1 organizado, como vemos, por exemplo, a defesa midi\u00e1tica feita por quem cometeu o crime, para convencer as pessoas de que fez o que devia fazer ou est\u00e1 fazendo o que tem obriga\u00e7\u00e3o de fazer. No entanto, esperamos do Minist\u00e9rio P\u00fablico que se posiciona nesta dire\u00e7\u00e3o, a condena\u00e7\u00e3o dos respons\u00e1veis. \u00c9 preciso, ao pecador, o perd\u00e3o, mas a quem cometeu o crime a pena.<\/p>\n<p>Dom Walmor destaca ainda: \u201cn\u00f3s vamos continuar trabalhando nesta dire\u00e7\u00e3o e ao mesmo tempo, e sobretudo, reconstruindo vidas para que n\u00f3s possamos dar testemunho da vida plena que ele Cristo veio trazer e \u00e9 para todos n\u00f3s\u201d.<\/p>\n<p><strong>A for\u00e7a do amor do nosso Deus<\/strong><br \/>\nNa conclus\u00e3o de suas palavra o olhar para os que sofrem por causa desta trag\u00e9dia-crime: \u201cContinuem neste caminho em uni\u00e3o profunda com os horizontes desafiadores postos a n\u00f3s pelo amado Papa Francisco: uma nova economia, a economia de Francisco, um novo pacto para a educa\u00e7\u00e3o, o trabalho para a ecologia integral, um novo tempo para todos n\u00f3s&#8221;. &#8220;Por isso ao celebramos neste dia 25 de janeiro um ano da trag\u00e9dia-crime n\u00f3s reverenciamos as v\u00edtimas, nos solidarizamos e nos fazemos pr\u00f3ximos e comprometidos com as fam\u00edlias enlutadas e nos fortalecemos para uma luta que continua e ser\u00e1 vencida na for\u00e7a do amor do nosso Deus\u201d.<\/p>\n<p><iframe loading=\"lazy\" title=\"Ap\u00f3s desastre em Brumadinho, seguran\u00e7a em barragens de minas \u00e9 refor\u00e7ada - AFP\" width=\"500\" height=\"281\" src=\"https:\/\/www.youtube.com\/embed\/HyDOupNzCE8?start=7&#038;feature=oembed\" frameborder=\"0\" allow=\"accelerometer; autoplay; clipboard-write; encrypted-media; gyroscope; picture-in-picture\" allowfullscreen><\/iframe><\/p>\n<hr \/>\n<p><em>Fonte: Vatican News<\/em><\/p>\n","protected":false},"excerpt":{"rendered":"<p>Trag\u00e9dia de Brumadinho<\/p>\n","protected":false},"author":3,"featured_media":216343,"comment_status":"open","ping_status":"open","sticky":false,"template":"","format":"standard","meta":[],"categories":[1428],"tags":[1300],"acf":[],"yoast_head":"<!-- This site is optimized with the Yoast SEO plugin v19.2 - https:\/\/yoast.com\/wordpress\/plugins\/seo\/ -->\n<title>Papa Francisco recorda um ano da trag\u00e9dia em Brumadinho - Not\u00edcias - Franciscanos<\/title>\n<meta name=\"robots\" content=\"index, follow, max-snippet:-1, max-image-preview:large, max-video-preview:-1\" \/>\n<link rel=\"canonical\" href=\"https:\/\/franciscanos.org.br\/noticias\/papa-francisco-recorda-um-ano-da-tragedia-em-brumadinho.html\" \/>\n<meta property=\"og:locale\" content=\"pt_BR\" \/>\n<meta property=\"og:type\" content=\"article\" \/>\n<meta property=\"og:title\" content=\"Papa Francisco recorda um ano da trag\u00e9dia em Brumadinho - Not\u00edcias - Franciscanos\" \/>\n<meta property=\"og:description\" content=\"Trag\u00e9dia de Brumadinho\" \/>\n<meta property=\"og:url\" content=\"https:\/\/franciscanos.org.br\/noticias\/papa-francisco-recorda-um-ano-da-tragedia-em-brumadinho.html\" \/>\n<meta property=\"og:site_name\" content=\"Not\u00edcias - Franciscanos\" \/>\n<meta property=\"article:published_time\" content=\"2020-01-25T17:45:53+00:00\" \/>\n<meta property=\"article:modified_time\" content=\"2021-08-29T20:49:46+00:00\" \/>\n<meta property=\"og:image\" content=\"https:\/\/franciscanos.org.br\/noticias\/wp-content\/uploads\/2020\/01\/papa_brumadinho_p.jpg\" \/>\n\t<meta property=\"og:image:width\" content=\"273\" \/>\n\t<meta property=\"og:image:height\" content=\"181\" \/>\n\t<meta property=\"og:image:type\" content=\"image\/jpeg\" \/>\n<meta name=\"author\" content=\"moacir\" \/>\n<meta name=\"twitter:card\" content=\"summary_large_image\" \/>\n<meta name=\"twitter:label1\" content=\"Escrito por\" \/>\n\t<meta name=\"twitter:data1\" content=\"moacir\" \/>\n\t<meta name=\"twitter:label2\" content=\"Est. tempo de leitura\" \/>\n\t<meta name=\"twitter:data2\" content=\"5 minutos\" \/>\n<script type=\"application\/ld+json\" class=\"yoast-schema-graph\">{\"@context\":\"https:\/\/schema.org\",\"@graph\":[{\"@type\":\"WebSite\",\"@id\":\"https:\/\/franciscanos.org.br\/noticias\/#website\",\"url\":\"https:\/\/franciscanos.org.br\/noticias\/\",\"name\":\"Not\u00edcias - Franciscanos\",\"description\":\"Prov\u00edncia Franciscana da Imaculada Concei\u00e7\u00e3o do Brasil - Ordem dos Frades Menores - OFM\",\"potentialAction\":[{\"@type\":\"SearchAction\",\"target\":{\"@type\":\"EntryPoint\",\"urlTemplate\":\"https:\/\/franciscanos.org.br\/noticias\/?s={search_term_string}\"},\"query-input\":\"required name=search_term_string\"}],\"inLanguage\":\"pt-BR\"},{\"@type\":\"ImageObject\",\"inLanguage\":\"pt-BR\",\"@id\":\"https:\/\/franciscanos.org.br\/noticias\/papa-francisco-recorda-um-ano-da-tragedia-em-brumadinho.html#primaryimage\",\"url\":\"https:\/\/franciscanos.org.br\/noticias\/wp-content\/uploads\/2020\/01\/papa_brumadinho_p.jpg\",\"contentUrl\":\"https:\/\/franciscanos.org.br\/noticias\/wp-content\/uploads\/2020\/01\/papa_brumadinho_p.jpg\",\"width\":273,\"height\":181},{\"@type\":\"WebPage\",\"@id\":\"https:\/\/franciscanos.org.br\/noticias\/papa-francisco-recorda-um-ano-da-tragedia-em-brumadinho.html#webpage\",\"url\":\"https:\/\/franciscanos.org.br\/noticias\/papa-francisco-recorda-um-ano-da-tragedia-em-brumadinho.html\",\"name\":\"Papa Francisco recorda um ano da trag\u00e9dia em Brumadinho - Not\u00edcias - Franciscanos\",\"isPartOf\":{\"@id\":\"https:\/\/franciscanos.org.br\/noticias\/#website\"},\"primaryImageOfPage\":{\"@id\":\"https:\/\/franciscanos.org.br\/noticias\/papa-francisco-recorda-um-ano-da-tragedia-em-brumadinho.html#primaryimage\"},\"datePublished\":\"2020-01-25T17:45:53+00:00\",\"dateModified\":\"2021-08-29T20:49:46+00:00\",\"author\":{\"@id\":\"https:\/\/franciscanos.org.br\/noticias\/#\/schema\/person\/b5c8cba458c330ccff548b056e95a5d4\"},\"breadcrumb\":{\"@id\":\"https:\/\/franciscanos.org.br\/noticias\/papa-francisco-recorda-um-ano-da-tragedia-em-brumadinho.html#breadcrumb\"},\"inLanguage\":\"pt-BR\",\"potentialAction\":[{\"@type\":\"ReadAction\",\"target\":[\"https:\/\/franciscanos.org.br\/noticias\/papa-francisco-recorda-um-ano-da-tragedia-em-brumadinho.html\"]}]},{\"@type\":\"BreadcrumbList\",\"@id\":\"https:\/\/franciscanos.org.br\/noticias\/papa-francisco-recorda-um-ano-da-tragedia-em-brumadinho.html#breadcrumb\",\"itemListElement\":[{\"@type\":\"ListItem\",\"position\":1,\"name\":\"Home\",\"item\":\"https:\/\/franciscanos.org.br\/noticias\"},{\"@type\":\"ListItem\",\"position\":2,\"name\":\"Papa Francisco recorda um ano da trag\u00e9dia em Brumadinho\"}]},{\"@type\":\"Person\",\"@id\":\"https:\/\/franciscanos.org.br\/noticias\/#\/schema\/person\/b5c8cba458c330ccff548b056e95a5d4\",\"name\":\"moacir\",\"image\":{\"@type\":\"ImageObject\",\"inLanguage\":\"pt-BR\",\"@id\":\"https:\/\/franciscanos.org.br\/noticias\/#\/schema\/person\/image\/\",\"url\":\"https:\/\/secure.gravatar.com\/avatar\/d08aa2ce4c8dd416d4479aa8536fcf64?s=96&d=mm&r=g\",\"contentUrl\":\"https:\/\/secure.gravatar.com\/avatar\/d08aa2ce4c8dd416d4479aa8536fcf64?s=96&d=mm&r=g\",\"caption\":\"moacir\"},\"url\":\"https:\/\/franciscanos.org.br\/noticias\/author\/moacir\"}]}<\/script>\n<!-- \/ Yoast SEO plugin. -->","yoast_head_json":{"title":"Papa Francisco recorda um ano da trag\u00e9dia em Brumadinho - Not\u00edcias - Franciscanos","robots":{"index":"index","follow":"follow","max-snippet":"max-snippet:-1","max-image-preview":"max-image-preview:large","max-video-preview":"max-video-preview:-1"},"canonical":"https:\/\/franciscanos.org.br\/noticias\/papa-francisco-recorda-um-ano-da-tragedia-em-brumadinho.html","og_locale":"pt_BR","og_type":"article","og_title":"Papa Francisco recorda um ano da trag\u00e9dia em Brumadinho - Not\u00edcias - Franciscanos","og_description":"Trag\u00e9dia de Brumadinho","og_url":"https:\/\/franciscanos.org.br\/noticias\/papa-francisco-recorda-um-ano-da-tragedia-em-brumadinho.html","og_site_name":"Not\u00edcias - Franciscanos","article_published_time":"2020-01-25T17:45:53+00:00","article_modified_time":"2021-08-29T20:49:46+00:00","og_image":[{"width":273,"height":181,"url":"https:\/\/franciscanos.org.br\/noticias\/wp-content\/uploads\/2020\/01\/papa_brumadinho_p.jpg","type":"image\/jpeg"}],"author":"moacir","twitter_card":"summary_large_image","twitter_misc":{"Escrito por":"moacir","Est. tempo de leitura":"5 minutos"},"schema":{"@context":"https:\/\/schema.org","@graph":[{"@type":"WebSite","@id":"https:\/\/franciscanos.org.br\/noticias\/#website","url":"https:\/\/franciscanos.org.br\/noticias\/","name":"Not\u00edcias - Franciscanos","description":"Prov\u00edncia Franciscana da Imaculada Concei\u00e7\u00e3o do Brasil - Ordem dos Frades Menores - OFM","potentialAction":[{"@type":"SearchAction","target":{"@type":"EntryPoint","urlTemplate":"https:\/\/franciscanos.org.br\/noticias\/?s={search_term_string}"},"query-input":"required name=search_term_string"}],"inLanguage":"pt-BR"},{"@type":"ImageObject","inLanguage":"pt-BR","@id":"https:\/\/franciscanos.org.br\/noticias\/papa-francisco-recorda-um-ano-da-tragedia-em-brumadinho.html#primaryimage","url":"https:\/\/franciscanos.org.br\/noticias\/wp-content\/uploads\/2020\/01\/papa_brumadinho_p.jpg","contentUrl":"https:\/\/franciscanos.org.br\/noticias\/wp-content\/uploads\/2020\/01\/papa_brumadinho_p.jpg","width":273,"height":181},{"@type":"WebPage","@id":"https:\/\/franciscanos.org.br\/noticias\/papa-francisco-recorda-um-ano-da-tragedia-em-brumadinho.html#webpage","url":"https:\/\/franciscanos.org.br\/noticias\/papa-francisco-recorda-um-ano-da-tragedia-em-brumadinho.html","name":"Papa Francisco recorda um ano da trag\u00e9dia em Brumadinho - Not\u00edcias - Franciscanos","isPartOf":{"@id":"https:\/\/franciscanos.org.br\/noticias\/#website"},"primaryImageOfPage":{"@id":"https:\/\/franciscanos.org.br\/noticias\/papa-francisco-recorda-um-ano-da-tragedia-em-brumadinho.html#primaryimage"},"datePublished":"2020-01-25T17:45:53+00:00","dateModified":"2021-08-29T20:49:46+00:00","author":{"@id":"https:\/\/franciscanos.org.br\/noticias\/#\/schema\/person\/b5c8cba458c330ccff548b056e95a5d4"},"breadcrumb":{"@id":"https:\/\/franciscanos.org.br\/noticias\/papa-francisco-recorda-um-ano-da-tragedia-em-brumadinho.html#breadcrumb"},"inLanguage":"pt-BR","potentialAction":[{"@type":"ReadAction","target":["https:\/\/franciscanos.org.br\/noticias\/papa-francisco-recorda-um-ano-da-tragedia-em-brumadinho.html"]}]},{"@type":"BreadcrumbList","@id":"https:\/\/franciscanos.org.br\/noticias\/papa-francisco-recorda-um-ano-da-tragedia-em-brumadinho.html#breadcrumb","itemListElement":[{"@type":"ListItem","position":1,"name":"Home","item":"https:\/\/franciscanos.org.br\/noticias"},{"@type":"ListItem","position":2,"name":"Papa Francisco recorda um ano da trag\u00e9dia em Brumadinho"}]},{"@type":"Person","@id":"https:\/\/franciscanos.org.br\/noticias\/#\/schema\/person\/b5c8cba458c330ccff548b056e95a5d4","name":"moacir","image":{"@type":"ImageObject","inLanguage":"pt-BR","@id":"https:\/\/franciscanos.org.br\/noticias\/#\/schema\/person\/image\/","url":"https:\/\/secure.gravatar.com\/avatar\/d08aa2ce4c8dd416d4479aa8536fcf64?s=96&d=mm&r=g","contentUrl":"https:\/\/secure.gravatar.com\/avatar\/d08aa2ce4c8dd416d4479aa8536fcf64?s=96&d=mm&r=g","caption":"moacir"},"url":"https:\/\/franciscanos.org.br\/noticias\/author\/moacir"}]}},"_links":{"self":[{"href":"https:\/\/franciscanos.org.br\/noticias\/wp-json\/wp\/v2\/posts\/216339"}],"collection":[{"href":"https:\/\/franciscanos.org.br\/noticias\/wp-json\/wp\/v2\/posts"}],"about":[{"href":"https:\/\/franciscanos.org.br\/noticias\/wp-json\/wp\/v2\/types\/post"}],"author":[{"embeddable":true,"href":"https:\/\/franciscanos.org.br\/noticias\/wp-json\/wp\/v2\/users\/3"}],"replies":[{"embeddable":true,"href":"https:\/\/franciscanos.org.br\/noticias\/wp-json\/wp\/v2\/comments?post=216339"}],"version-history":[{"count":2,"href":"https:\/\/franciscanos.org.br\/noticias\/wp-json\/wp\/v2\/posts\/216339\/revisions"}],"predecessor-version":[{"id":234069,"href":"https:\/\/franciscanos.org.br\/noticias\/wp-json\/wp\/v2\/posts\/216339\/revisions\/234069"}],"wp:featuredmedia":[{"embeddable":true,"href":"https:\/\/franciscanos.org.br\/noticias\/wp-json\/wp\/v2\/media\/216343"}],"wp:attachment":[{"href":"https:\/\/franciscanos.org.br\/noticias\/wp-json\/wp\/v2\/media?parent=216339"}],"wp:term":[{"taxonomy":"category","embeddable":true,"href":"https:\/\/franciscanos.org.br\/noticias\/wp-json\/wp\/v2\/categories?post=216339"},{"taxonomy":"post_tag","embeddable":true,"href":"https:\/\/franciscanos.org.br\/noticias\/wp-json\/wp\/v2\/tags?post=216339"}],"curies":[{"name":"wp","href":"https:\/\/api.w.org\/{rel}","templated":true}]}}