{"id":216265,"date":"2020-01-24T13:01:14","date_gmt":"2020-01-24T16:01:14","guid":{"rendered":"https:\/\/franciscanos.org.br\/noticias\/?p=216265"},"modified":"2020-01-24T13:22:58","modified_gmt":"2020-01-24T16:22:58","slug":"franciscans-international-visita-o-sefras","status":"publish","type":"post","link":"https:\/\/franciscanos.org.br\/noticias\/franciscans-international-visita-o-sefras.html","title":{"rendered":"Franciscans International visita o Sefras"},"content":{"rendered":"<p><img loading=\"lazy\" class=\"alignnone wp-image-183277 size-full\" src=\"https:\/\/franciscanos.org.br\/vidacrista\/wp-content\/uploads\/2020\/01\/sefras_24.jpg\" alt=\"\" width=\"1280\" height=\"735\" \/><\/p>\n<p><strong>S\u00e3o Paulo (SP)<\/strong> &#8211; O representante da Franciscans International para regi\u00e3o das Am\u00e9ricas, Alberto Ulises Garc\u00eda, visitou esta semana os trabalhos desenvolvidos pelo Servi\u00e7o Franciscano de Solidariedade (Sefras), em especial os ligados \u00e0 imigra\u00e7\u00e3o. Al\u00e9m disso, veio com o objetivo de alinhar a gest\u00e3o do Sefras \u00e0s perspectivas de a\u00e7\u00f5es de <em>advocacy<\/em> (defesa e argumenta\u00e7\u00e3o em prol de uma causa).<\/p>\n<p>A Franciscans International, com sede em Genebra (Su\u00ed\u00e7a) e Nova York (EUA), \u00e9 uma organiza\u00e7\u00e3o internacional n\u00e3o-governamental de direitos humanos, sem fins lucrativos, criada em 1989 pela Ordem Franciscana, de cunho inter-obediencial, com objetivo de promover e proteger os direitos humanos e a justi\u00e7a ambiental na perspectiva franciscana. \u00c9 interlocutora na Organiza\u00e7\u00e3o das Na\u00e7\u00f5es Unidas (ONU) das demandas da Fam\u00edlia Franciscana oriundas dos cinco continentes.<\/p>\n<p>Em sua visita, Ulisses Garc\u00eda conheceu os servi\u00e7os: Centro de Refer\u00eancia e Atendimento para Imigrantes (CRAI), Centro de Acolhida do Imigrante \u2013 Casa de Assis, e o projeto desenvolvido pela Rede de Promo\u00e7\u00e3o do Trabalho Descente.<\/p>\n<p>Segundo coordenador, a imigra\u00e7\u00e3o \u00e9 importante no cen\u00e1rio pol\u00edtico econ\u00f4mico mundial. \u201cVivemos num contexto de retrocessos quanto aos direitos humanos. Vemos pol\u00edticas que violam esses direitos que, historicamente, j\u00e1 tinham avan\u00e7ado muito. Alguns governos est\u00e3o adotando medidas de militariza\u00e7\u00e3o que v\u00e3o contra as comunidades marginalizadas. A situa\u00e7\u00e3o atual \u00e9 dif\u00edcil, mas vemos tamb\u00e9m que existem muitas organiza\u00e7\u00f5es da sociedade civil preocupadas em visibilizar essas tem\u00e1ticas num contexto mais amplo de defesa\u201d, acredita.<\/p>\n<p>Sobre a situa\u00e7\u00e3o pol\u00edtica social do Brasil, Ulisses acredita que o contexto \u00e9 ainda mais preocupante. \u201cAs pol\u00edticas n\u00e3o est\u00e3o em conformidade com os direitos humanos, e algumas declara\u00e7\u00f5es do governo refor\u00e7am ainda mais esta ideia. Em partilha com os franciscanos que trabalham no pa\u00eds, percebemos que as lideran\u00e7as dos povos ind\u00edgenas v\u00eam sofrendo amea\u00e7as e que a pauta da imigra\u00e7\u00e3o no Brasil, tamb\u00e9m \u00e9 internacionalmente destacada\u201d.<\/p>\n<p>Em rela\u00e7\u00e3o \u00e0s perspectivas de a\u00e7\u00f5es de <em>advocacy<\/em> no Sefras, h\u00e1 um entendimento com as prioridades da FI para os pr\u00f3ximos anos. A organiza\u00e7\u00e3o tem tr\u00eas grandes desafios: 1. A prote\u00e7\u00e3o do meio ambiente; 2.O desenvolvimento sustent\u00e1vel e a quest\u00e3o da imigra\u00e7\u00e3o; e 3. E a prote\u00e7\u00e3o da dignidade humana.<\/p>\n<p>Para Frei Jos\u00e9 Francisco, diretor-presidente do Sefras, a articula\u00e7\u00e3o com a entidade internacional \u00e9 muito importante, pois \u201cpossibilita uma internacionaliza\u00e7\u00e3o das discuss\u00f5es, n\u00e3o s\u00f3 dando maior visibilidade \u00e0s pautas, mas principalmente articulando junto \u00e0 ONU as possibilidades de a\u00e7\u00f5es&#8221;. Segundo o frade, na atual conjuntura mundial, o alinhamento de agendas possibilita avan\u00e7ar mais.<\/p>\n<p>No ano em que o Sefras celebra 20 anos de atua\u00e7\u00e3o na defesa intransigente de grupos em situa\u00e7\u00e3o de extrema vulnerabilidade, este tipo de articula\u00e7\u00e3o refor\u00e7a o compromisso de acolher, cuidar e defender, al\u00e9m de mobilizar e inspirar cada vez mais pessoas numa atitude permanente de solidariedade com a Casa Comum.<\/p>\n<p><strong>Na foto<\/strong><em> (da esq. para dir.): F\u00e1bio Paes, coordenador de Desenvolvimento Institucional do Sefras, Alberto Ulises e Frei Jos\u00e9 Francisco.<\/em><\/p>\n<p><strong>Rafael Corr\u00eaa<\/strong><\/p>\n","protected":false},"excerpt":{"rendered":"<p>Servi\u00e7o Franciscano de Solidariedade<\/p>\n","protected":false},"author":3,"featured_media":216266,"comment_status":"open","ping_status":"open","sticky":false,"template":"","format":"standard","meta":[],"categories":[1],"tags":[228],"acf":[],"yoast_head":"<!-- This site is optimized with the Yoast SEO plugin v19.2 - https:\/\/yoast.com\/wordpress\/plugins\/seo\/ -->\n<title>Franciscans International visita o Sefras - Not\u00edcias - Franciscanos<\/title>\n<meta name=\"robots\" content=\"index, follow, max-snippet:-1, max-image-preview:large, max-video-preview:-1\" \/>\n<link rel=\"canonical\" href=\"https:\/\/franciscanos.org.br\/noticias\/franciscans-international-visita-o-sefras.html\" \/>\n<meta property=\"og:locale\" content=\"pt_BR\" \/>\n<meta property=\"og:type\" content=\"article\" \/>\n<meta property=\"og:title\" content=\"Franciscans International visita o Sefras - Not\u00edcias - Franciscanos\" \/>\n<meta property=\"og:description\" content=\"Servi\u00e7o Franciscano de Solidariedade\" \/>\n<meta property=\"og:url\" content=\"https:\/\/franciscanos.org.br\/noticias\/franciscans-international-visita-o-sefras.html\" \/>\n<meta property=\"og:site_name\" content=\"Not\u00edcias - Franciscanos\" \/>\n<meta property=\"article:published_time\" content=\"2020-01-24T16:01:14+00:00\" \/>\n<meta property=\"article:modified_time\" content=\"2020-01-24T16:22:58+00:00\" \/>\n<meta property=\"og:image\" content=\"https:\/\/franciscanos.org.br\/noticias\/wp-content\/uploads\/2020\/01\/sefras_24d.jpg\" \/>\n\t<meta property=\"og:image:width\" content=\"273\" \/>\n\t<meta property=\"og:image:height\" content=\"181\" \/>\n\t<meta property=\"og:image:type\" content=\"image\/jpeg\" \/>\n<meta name=\"author\" content=\"moacir\" \/>\n<meta name=\"twitter:card\" content=\"summary_large_image\" \/>\n<meta name=\"twitter:label1\" content=\"Escrito por\" \/>\n\t<meta name=\"twitter:data1\" content=\"moacir\" \/>\n\t<meta name=\"twitter:label2\" content=\"Est. tempo de leitura\" \/>\n\t<meta name=\"twitter:data2\" content=\"3 minutos\" \/>\n<script type=\"application\/ld+json\" class=\"yoast-schema-graph\">{\"@context\":\"https:\/\/schema.org\",\"@graph\":[{\"@type\":\"WebSite\",\"@id\":\"https:\/\/franciscanos.org.br\/noticias\/#website\",\"url\":\"https:\/\/franciscanos.org.br\/noticias\/\",\"name\":\"Not\u00edcias - Franciscanos\",\"description\":\"Prov\u00edncia Franciscana da Imaculada Concei\u00e7\u00e3o do Brasil - Ordem dos Frades Menores - OFM\",\"potentialAction\":[{\"@type\":\"SearchAction\",\"target\":{\"@type\":\"EntryPoint\",\"urlTemplate\":\"https:\/\/franciscanos.org.br\/noticias\/?s={search_term_string}\"},\"query-input\":\"required name=search_term_string\"}],\"inLanguage\":\"pt-BR\"},{\"@type\":\"ImageObject\",\"inLanguage\":\"pt-BR\",\"@id\":\"https:\/\/franciscanos.org.br\/noticias\/franciscans-international-visita-o-sefras.html#primaryimage\",\"url\":\"https:\/\/franciscanos.org.br\/noticias\/wp-content\/uploads\/2020\/01\/sefras_24d.jpg\",\"contentUrl\":\"https:\/\/franciscanos.org.br\/noticias\/wp-content\/uploads\/2020\/01\/sefras_24d.jpg\",\"width\":273,\"height\":181},{\"@type\":\"WebPage\",\"@id\":\"https:\/\/franciscanos.org.br\/noticias\/franciscans-international-visita-o-sefras.html#webpage\",\"url\":\"https:\/\/franciscanos.org.br\/noticias\/franciscans-international-visita-o-sefras.html\",\"name\":\"Franciscans International visita o Sefras - Not\u00edcias - Franciscanos\",\"isPartOf\":{\"@id\":\"https:\/\/franciscanos.org.br\/noticias\/#website\"},\"primaryImageOfPage\":{\"@id\":\"https:\/\/franciscanos.org.br\/noticias\/franciscans-international-visita-o-sefras.html#primaryimage\"},\"datePublished\":\"2020-01-24T16:01:14+00:00\",\"dateModified\":\"2020-01-24T16:22:58+00:00\",\"author\":{\"@id\":\"https:\/\/franciscanos.org.br\/noticias\/#\/schema\/person\/b5c8cba458c330ccff548b056e95a5d4\"},\"breadcrumb\":{\"@id\":\"https:\/\/franciscanos.org.br\/noticias\/franciscans-international-visita-o-sefras.html#breadcrumb\"},\"inLanguage\":\"pt-BR\",\"potentialAction\":[{\"@type\":\"ReadAction\",\"target\":[\"https:\/\/franciscanos.org.br\/noticias\/franciscans-international-visita-o-sefras.html\"]}]},{\"@type\":\"BreadcrumbList\",\"@id\":\"https:\/\/franciscanos.org.br\/noticias\/franciscans-international-visita-o-sefras.html#breadcrumb\",\"itemListElement\":[{\"@type\":\"ListItem\",\"position\":1,\"name\":\"Home\",\"item\":\"https:\/\/franciscanos.org.br\/noticias\"},{\"@type\":\"ListItem\",\"position\":2,\"name\":\"Franciscans International visita o Sefras\"}]},{\"@type\":\"Person\",\"@id\":\"https:\/\/franciscanos.org.br\/noticias\/#\/schema\/person\/b5c8cba458c330ccff548b056e95a5d4\",\"name\":\"moacir\",\"image\":{\"@type\":\"ImageObject\",\"inLanguage\":\"pt-BR\",\"@id\":\"https:\/\/franciscanos.org.br\/noticias\/#\/schema\/person\/image\/\",\"url\":\"https:\/\/secure.gravatar.com\/avatar\/d08aa2ce4c8dd416d4479aa8536fcf64?s=96&d=mm&r=g\",\"contentUrl\":\"https:\/\/secure.gravatar.com\/avatar\/d08aa2ce4c8dd416d4479aa8536fcf64?s=96&d=mm&r=g\",\"caption\":\"moacir\"},\"url\":\"https:\/\/franciscanos.org.br\/noticias\/author\/moacir\"}]}<\/script>\n<!-- \/ Yoast SEO plugin. -->","yoast_head_json":{"title":"Franciscans International visita o Sefras - Not\u00edcias - Franciscanos","robots":{"index":"index","follow":"follow","max-snippet":"max-snippet:-1","max-image-preview":"max-image-preview:large","max-video-preview":"max-video-preview:-1"},"canonical":"https:\/\/franciscanos.org.br\/noticias\/franciscans-international-visita-o-sefras.html","og_locale":"pt_BR","og_type":"article","og_title":"Franciscans International visita o Sefras - Not\u00edcias - Franciscanos","og_description":"Servi\u00e7o Franciscano de Solidariedade","og_url":"https:\/\/franciscanos.org.br\/noticias\/franciscans-international-visita-o-sefras.html","og_site_name":"Not\u00edcias - Franciscanos","article_published_time":"2020-01-24T16:01:14+00:00","article_modified_time":"2020-01-24T16:22:58+00:00","og_image":[{"width":273,"height":181,"url":"https:\/\/franciscanos.org.br\/noticias\/wp-content\/uploads\/2020\/01\/sefras_24d.jpg","type":"image\/jpeg"}],"author":"moacir","twitter_card":"summary_large_image","twitter_misc":{"Escrito por":"moacir","Est. tempo de leitura":"3 minutos"},"schema":{"@context":"https:\/\/schema.org","@graph":[{"@type":"WebSite","@id":"https:\/\/franciscanos.org.br\/noticias\/#website","url":"https:\/\/franciscanos.org.br\/noticias\/","name":"Not\u00edcias - Franciscanos","description":"Prov\u00edncia Franciscana da Imaculada Concei\u00e7\u00e3o do Brasil - Ordem dos Frades Menores - OFM","potentialAction":[{"@type":"SearchAction","target":{"@type":"EntryPoint","urlTemplate":"https:\/\/franciscanos.org.br\/noticias\/?s={search_term_string}"},"query-input":"required name=search_term_string"}],"inLanguage":"pt-BR"},{"@type":"ImageObject","inLanguage":"pt-BR","@id":"https:\/\/franciscanos.org.br\/noticias\/franciscans-international-visita-o-sefras.html#primaryimage","url":"https:\/\/franciscanos.org.br\/noticias\/wp-content\/uploads\/2020\/01\/sefras_24d.jpg","contentUrl":"https:\/\/franciscanos.org.br\/noticias\/wp-content\/uploads\/2020\/01\/sefras_24d.jpg","width":273,"height":181},{"@type":"WebPage","@id":"https:\/\/franciscanos.org.br\/noticias\/franciscans-international-visita-o-sefras.html#webpage","url":"https:\/\/franciscanos.org.br\/noticias\/franciscans-international-visita-o-sefras.html","name":"Franciscans International visita o Sefras - Not\u00edcias - Franciscanos","isPartOf":{"@id":"https:\/\/franciscanos.org.br\/noticias\/#website"},"primaryImageOfPage":{"@id":"https:\/\/franciscanos.org.br\/noticias\/franciscans-international-visita-o-sefras.html#primaryimage"},"datePublished":"2020-01-24T16:01:14+00:00","dateModified":"2020-01-24T16:22:58+00:00","author":{"@id":"https:\/\/franciscanos.org.br\/noticias\/#\/schema\/person\/b5c8cba458c330ccff548b056e95a5d4"},"breadcrumb":{"@id":"https:\/\/franciscanos.org.br\/noticias\/franciscans-international-visita-o-sefras.html#breadcrumb"},"inLanguage":"pt-BR","potentialAction":[{"@type":"ReadAction","target":["https:\/\/franciscanos.org.br\/noticias\/franciscans-international-visita-o-sefras.html"]}]},{"@type":"BreadcrumbList","@id":"https:\/\/franciscanos.org.br\/noticias\/franciscans-international-visita-o-sefras.html#breadcrumb","itemListElement":[{"@type":"ListItem","position":1,"name":"Home","item":"https:\/\/franciscanos.org.br\/noticias"},{"@type":"ListItem","position":2,"name":"Franciscans International visita o Sefras"}]},{"@type":"Person","@id":"https:\/\/franciscanos.org.br\/noticias\/#\/schema\/person\/b5c8cba458c330ccff548b056e95a5d4","name":"moacir","image":{"@type":"ImageObject","inLanguage":"pt-BR","@id":"https:\/\/franciscanos.org.br\/noticias\/#\/schema\/person\/image\/","url":"https:\/\/secure.gravatar.com\/avatar\/d08aa2ce4c8dd416d4479aa8536fcf64?s=96&d=mm&r=g","contentUrl":"https:\/\/secure.gravatar.com\/avatar\/d08aa2ce4c8dd416d4479aa8536fcf64?s=96&d=mm&r=g","caption":"moacir"},"url":"https:\/\/franciscanos.org.br\/noticias\/author\/moacir"}]}},"_links":{"self":[{"href":"https:\/\/franciscanos.org.br\/noticias\/wp-json\/wp\/v2\/posts\/216265"}],"collection":[{"href":"https:\/\/franciscanos.org.br\/noticias\/wp-json\/wp\/v2\/posts"}],"about":[{"href":"https:\/\/franciscanos.org.br\/noticias\/wp-json\/wp\/v2\/types\/post"}],"author":[{"embeddable":true,"href":"https:\/\/franciscanos.org.br\/noticias\/wp-json\/wp\/v2\/users\/3"}],"replies":[{"embeddable":true,"href":"https:\/\/franciscanos.org.br\/noticias\/wp-json\/wp\/v2\/comments?post=216265"}],"version-history":[{"count":0,"href":"https:\/\/franciscanos.org.br\/noticias\/wp-json\/wp\/v2\/posts\/216265\/revisions"}],"wp:featuredmedia":[{"embeddable":true,"href":"https:\/\/franciscanos.org.br\/noticias\/wp-json\/wp\/v2\/media\/216266"}],"wp:attachment":[{"href":"https:\/\/franciscanos.org.br\/noticias\/wp-json\/wp\/v2\/media?parent=216265"}],"wp:term":[{"taxonomy":"category","embeddable":true,"href":"https:\/\/franciscanos.org.br\/noticias\/wp-json\/wp\/v2\/categories?post=216265"},{"taxonomy":"post_tag","embeddable":true,"href":"https:\/\/franciscanos.org.br\/noticias\/wp-json\/wp\/v2\/tags?post=216265"}],"curies":[{"name":"wp","href":"https:\/\/api.w.org\/{rel}","templated":true}]}}