{"id":216148,"date":"2020-01-21T09:42:42","date_gmt":"2020-01-21T12:42:42","guid":{"rendered":"https:\/\/franciscanos.org.br\/noticias\/?p=216148"},"modified":"2021-08-29T17:54:16","modified_gmt":"2021-08-29T20:54:16","slug":"papa-nao-se-paga-para-se-tornar-cristao-e-um-dom-do-senhor","status":"publish","type":"post","link":"https:\/\/franciscanos.org.br\/noticias\/papa-nao-se-paga-para-se-tornar-cristao-e-um-dom-do-senhor.html","title":{"rendered":"Papa: n\u00e3o se paga para se tornar crist\u00e3o. \u00c9 um dom do Senhor."},"content":{"rendered":"<div id=\"attachment_216150\" style=\"width: 900px\" class=\"wp-caption alignnone\"><img aria-describedby=\"caption-attachment-216150\" loading=\"lazy\" class=\"wp-image-216150 size-full\" src=\"https:\/\/franciscanos.org.br\/noticias\/wp-content\/uploads\/2020\/01\/marta_2101.png\" alt=\"\" width=\"890\" height=\"501\" srcset=\"https:\/\/franciscanos.org.br\/noticias\/wp-content\/uploads\/2020\/01\/marta_2101.png 890w, https:\/\/franciscanos.org.br\/noticias\/wp-content\/uploads\/2020\/01\/marta_2101-450x253.png 450w, https:\/\/franciscanos.org.br\/noticias\/wp-content\/uploads\/2020\/01\/marta_2101-768x432.png 768w, https:\/\/franciscanos.org.br\/noticias\/wp-content\/uploads\/2020\/01\/marta_2101-150x84.png 150w\" sizes=\"(max-width: 890px) 100vw, 890px\" \/><p id=\"caption-attachment-216150\" class=\"wp-caption-text\">\u00a0 \u00a0 \u00a0 \u00a0 \u00a0 \u00a0 \u00a0 \u00a0 \u00a0 \u00a0 \u00a0 \u00a0 \u00a0 \u00a0 \u00a0 \u00a0 \u00a0 \u00a0 \u00a0 \u00a0 \u00a0 \u00a0 \u00a0 \u00a0 \u00a0 \u00a0 \u00a0 \u00a0 \u00a0 \u00a0 \u00a0 \u00a0 \u00a0 \u00a0 \u00a0 \u00a0 \u00a0 \u00a0 \u00a0 \u00a0 \u00a0 \u00a0 \u00a0 \u00a0 \u00a0 \u00a0 \u00a0 \u00a0 \u00a0 \u00a0 \u00a0 \u00a0 \u00a0 \u00a0 \u00a0 \u00a0 \u00a0 \u00a0<em> \u00a0 \u00a0 \u00a0Imagem: Vatican Media<\/em><\/p><\/div>\n<p><strong>Cidade do Vaticano<\/strong> &#8211; Ser crist\u00e3os, sacerdotes ou bispos \u00e9 um dom gratuito do Senhor. N\u00e3o se compra. E a santidade consiste justamente em \u201ccustodiar\u201d este dom recebido gratuitamente e n\u00e3o por nossos m\u00e9ritos. Foi o que recordou esta manh\u00e3 (21\/01) o Papa na homilia da missa celebrada na Casa Santa Marta. A sua reflex\u00e3o partiu do Salmo responsorial (Salmo 88) e da Primeira Leitura (1Sm 16,1-13\u00b0) da Liturgia de hoje.<\/p>\n<p>Com efeito, o Salmo 88 recorda a elei\u00e7\u00e3o de Davi como rei de Israel, depois que o Senhor rejeitou Saul por n\u00e3o ter obedecido. Na Primeira Leitura, o Senhor envia Samuel a ungir rei um dos filhos de Jess\u00e9 de Bel\u00e9m.<\/p>\n<p>A un\u00e7\u00e3o indica a elei\u00e7\u00e3o de Deus e \u00e9 usada tamb\u00e9m hoje para ungir os sacerdotes, os bispos. Tamb\u00e9m n\u00f3s crist\u00e3os no Batismo somos ungidos com \u00f3leo, recordou Francisco.<\/p>\n<p>Samuel vai, mas n\u00e3o estava contente e o Senhor o repreende. Jess\u00e9 tinha oito filhos e os chama um a um diante do profeta e, ao verem Eliab, disse: \u201cCertamente \u00e9 este o ungido do Senhor!\u201d. Ma o Senhor respondeu: \u201cN\u00e3o olhes para a sua apar\u00eancia nem para a sua grande estatura, porque eu o rejeitei. N\u00e3o julgo segundo os crit\u00e9rios do homem: o homem v\u00ea as apar\u00eancias, mas o senhor olha o cora\u00e7\u00e3o&#8217;\u201d.<\/p>\n<p>O Papa ent\u00e3o recordou as vicissitudes vividas naquele momento: os irm\u00e3os de Davi combatiam contra os filisteus para defender o reino de Israel, \u201ctinha m\u00e9ritos\u201d, mas o Senhor escolheu o \u00faltimo deles. \u201cUm jovem inquieto\u201d que, \u201cquando podia, ia assistir a luta dos irm\u00e3os contra o filisteus\u201d, mas era mandado de volta para cuidar do rebanho.<\/p>\n<p>Foi ent\u00e3o chamado Davi, que era ruivo e de boa apar\u00eancia. E o Senhor disse a Samuel para ungi-lo e assim, \u201ca partir daquele dia, o esp\u00edrito do Senhor se apoderou de Davi\u201d.<\/p>\n<p><strong>A gratuidade da elei\u00e7\u00e3o de Deus<\/strong><\/p>\n<p>Um acontecimento que faz refletir, levando a questionar o porqu\u00ea o Senhor escolhe um jovem normal, \u201cque talvez fizesse \u2018molecagens, como fazem os rapazes\u201d, n\u00e3o era um jovem piedoso, \u201cque rezava todos os dias\u201d, tinha sete irm\u00e3os, \u201cque tinham mais m\u00e9ritos do que ele\u201d.<\/p>\n<p>E mesmo assim, destacou o Papa, foi o eleito o mais novo, \u201co mais limitado, que n\u00e3o tinha t\u00edtulos, n\u00e3o tinha nada\u201d, n\u00e3o tinha combatido na guerra. Isso nos mostra a \u201cgratuidade da elei\u00e7\u00e3o de Deus\u201d:<\/p>\n<p>Quando Deus escolhe, mostra a sua liberdade e a gratuidade. Pensemos todos n\u00f3s que estamos aqui: por que o Senhor escolheu a n\u00f3s? \u201cN\u00e3o, porque somos de uma fam\u00edlia crist\u00e3, de uma cultura crist\u00e3\u2026\u201d. N\u00e3o. Muitos de fam\u00edlia crist\u00e3 e de cultura crist\u00e3 rejeitam o Senhor, n\u00e3o querem. Mas ent\u00e3o por que estamos aqui, escolhidos pelo Senhor? Gratuitamente, sem qualquer m\u00e9rito, gratuitamente. O Senhor nos elegeu gratuitamente. N\u00f3s n\u00e3o pagamos nada para nos tornar crist\u00e3os. N\u00f3s sacerdotes, bispos, n\u00e3o pagamos nada para nos tornar sacerdotes e bispos \u2013 pelo menos eu penso assim, n\u00e3o? Porque existem sim aqueles que querem ir em frente na chamada carreira eclesi\u00e1stica, que se comportam de modo simon\u00edaco, buscam influ\u00eancias para se tornar aqui, l\u00e1, l\u00e1&#8230; os galgadores. n\u00e3o? N\u00e3o, mas isso n\u00e3o \u00e9 crist\u00e3o. O ser crist\u00e3o, o ser batizados, o ser ordenados sacerdotes e bispos \u00e9 pura gratuidade. Os dons do Senhor n\u00e3o se compram.<\/p>\n<p><strong>Custodiar o dom<\/strong><\/p>\n<p>A un\u00e7\u00e3o do Esp\u00edrito Santo \u00e9 gratuita. &#8220;N\u00f3s, o que podemos fazer?&#8221;, pergunta o Papa. &#8220;Ser santos&#8221; e a santidade crist\u00e3 \u00e9 &#8220;custodiar o dom, nada mais&#8221;, comportando-se em maneira tal &#8220;que o Senhor sempre permane\u00e7a com o dom e eu n\u00e3o o fa\u00e7a um m\u00e9rito meu\u201d: Na vida cotidiana, nas tarefas, no trabalho, tantas vezes para ter um posto mais alto, se fala com esse funcion\u00e1rio, se fala com esse governante, falamos com este aqui &#8230; porque&#8230; &#8220;mas diga ao chefe para me promover &#8230;&#8221;. N\u00e3o \u00e9 dom; isso \u00e9 carreirismo. Mas o ser crist\u00e3o, o ser sacerdotes, o ser bispos \u00e9 somente um dom. E assim se entende nossa atitude de humildade, aquilo que devemos ter, sem nenhum m\u00e9rito. Devemos somente custodiar este dom, para que n\u00e3o se perca. Todos somos ungidos pela elei\u00e7\u00e3o do Senhor; custodiar esta un\u00e7\u00e3o que nos fez crist\u00e3os, nos fez sacerdotes, nos fez bispos. Esta \u00e9 a santidade. As outras coisas n\u00e3o servem. A humildade de custodiar. E assim, o dom&#8230;.qual \u00e9 o grande dom de Deus? O Esp\u00edrito Santo! Quando o Senhor nos elegeu, ele nos deu o Esp\u00edrito Santo. E isso \u00e9 pura gra\u00e7a, \u00e9 pura gra\u00e7a. Sem m\u00e9rito nosso.<\/p>\n<p><strong>Esquecer o povo \u00e9 renegar o dom de Deus<\/strong><\/p>\n<p>Por fim, o Papa recorda que Davi foi tirado do rebanho e de seu povo: Se n\u00f3s crist\u00e3os esquecemos o povo de Deus, tamb\u00e9m o povo n\u00e3o crente, se n\u00f3s sacerdotes esquecemos nosso rebanho, se n\u00f3s bispos esquecemos isso e nos sentimos mais importantes que os outros, renegamos o dom de Deus. \u00c9 como dizer ao Esp\u00edrito Santo: &#8221; Mas Tu vais, vais, vais tranquilo na Trindade, repousa-Te, que eu consigo sozinho\u201d. E isso n\u00e3o \u00e9 crist\u00e3o. Isso n\u00e3o \u00e9 custodiar o dom. Pe\u00e7amos hoje ao Senhor, pensando em Davi, que nos d\u00ea a gra\u00e7a de agradecer pelo dom que ele nos deu, de ter consci\u00eancia deste dom, t\u00e3o grande, t\u00e3o bonito, e de custodi\u00e1-lo \u2013 essa gratuidade, este dom \u2013 custodi\u00e1-lo com o nossa fidelidade.<\/p>\n<hr \/>\n<p><em>Fonte: Vatican News<\/em><\/p>\n","protected":false},"excerpt":{"rendered":"<p>Missa em Santa Marta<\/p>\n","protected":false},"author":3,"featured_media":216149,"comment_status":"open","ping_status":"open","sticky":false,"template":"","format":"standard","meta":[],"categories":[1428],"tags":[829],"acf":[],"yoast_head":"<!-- This site is optimized with the Yoast SEO plugin v19.2 - https:\/\/yoast.com\/wordpress\/plugins\/seo\/ -->\n<title>Papa: n\u00e3o se paga para se tornar crist\u00e3o. \u00c9 um dom do Senhor. - Not\u00edcias - Franciscanos<\/title>\n<meta name=\"robots\" content=\"index, follow, max-snippet:-1, max-image-preview:large, max-video-preview:-1\" \/>\n<link rel=\"canonical\" href=\"https:\/\/franciscanos.org.br\/noticias\/papa-nao-se-paga-para-se-tornar-cristao-e-um-dom-do-senhor.html\" \/>\n<meta property=\"og:locale\" content=\"pt_BR\" \/>\n<meta property=\"og:type\" content=\"article\" \/>\n<meta property=\"og:title\" content=\"Papa: n\u00e3o se paga para se tornar crist\u00e3o. \u00c9 um dom do Senhor. - Not\u00edcias - Franciscanos\" \/>\n<meta property=\"og:description\" content=\"Missa em Santa Marta\" \/>\n<meta property=\"og:url\" content=\"https:\/\/franciscanos.org.br\/noticias\/papa-nao-se-paga-para-se-tornar-cristao-e-um-dom-do-senhor.html\" \/>\n<meta property=\"og:site_name\" content=\"Not\u00edcias - Franciscanos\" \/>\n<meta property=\"article:published_time\" content=\"2020-01-21T12:42:42+00:00\" \/>\n<meta property=\"article:modified_time\" content=\"2021-08-29T20:54:16+00:00\" \/>\n<meta property=\"og:image\" content=\"https:\/\/franciscanos.org.br\/noticias\/wp-content\/uploads\/2020\/01\/marta_2101d.png\" \/>\n\t<meta property=\"og:image:width\" content=\"273\" \/>\n\t<meta property=\"og:image:height\" content=\"181\" \/>\n\t<meta property=\"og:image:type\" content=\"image\/png\" \/>\n<meta name=\"author\" content=\"moacir\" \/>\n<meta name=\"twitter:card\" content=\"summary_large_image\" \/>\n<meta name=\"twitter:label1\" content=\"Escrito por\" \/>\n\t<meta name=\"twitter:data1\" content=\"moacir\" \/>\n\t<meta name=\"twitter:label2\" content=\"Est. tempo de leitura\" \/>\n\t<meta name=\"twitter:data2\" content=\"5 minutos\" \/>\n<script type=\"application\/ld+json\" class=\"yoast-schema-graph\">{\"@context\":\"https:\/\/schema.org\",\"@graph\":[{\"@type\":\"WebSite\",\"@id\":\"https:\/\/franciscanos.org.br\/noticias\/#website\",\"url\":\"https:\/\/franciscanos.org.br\/noticias\/\",\"name\":\"Not\u00edcias - Franciscanos\",\"description\":\"Prov\u00edncia Franciscana da Imaculada Concei\u00e7\u00e3o do Brasil - Ordem dos Frades Menores - OFM\",\"potentialAction\":[{\"@type\":\"SearchAction\",\"target\":{\"@type\":\"EntryPoint\",\"urlTemplate\":\"https:\/\/franciscanos.org.br\/noticias\/?s={search_term_string}\"},\"query-input\":\"required name=search_term_string\"}],\"inLanguage\":\"pt-BR\"},{\"@type\":\"ImageObject\",\"inLanguage\":\"pt-BR\",\"@id\":\"https:\/\/franciscanos.org.br\/noticias\/papa-nao-se-paga-para-se-tornar-cristao-e-um-dom-do-senhor.html#primaryimage\",\"url\":\"https:\/\/franciscanos.org.br\/noticias\/wp-content\/uploads\/2020\/01\/marta_2101d.png\",\"contentUrl\":\"https:\/\/franciscanos.org.br\/noticias\/wp-content\/uploads\/2020\/01\/marta_2101d.png\",\"width\":273,\"height\":181},{\"@type\":\"WebPage\",\"@id\":\"https:\/\/franciscanos.org.br\/noticias\/papa-nao-se-paga-para-se-tornar-cristao-e-um-dom-do-senhor.html#webpage\",\"url\":\"https:\/\/franciscanos.org.br\/noticias\/papa-nao-se-paga-para-se-tornar-cristao-e-um-dom-do-senhor.html\",\"name\":\"Papa: n\u00e3o se paga para se tornar crist\u00e3o. \u00c9 um dom do Senhor. - Not\u00edcias - Franciscanos\",\"isPartOf\":{\"@id\":\"https:\/\/franciscanos.org.br\/noticias\/#website\"},\"primaryImageOfPage\":{\"@id\":\"https:\/\/franciscanos.org.br\/noticias\/papa-nao-se-paga-para-se-tornar-cristao-e-um-dom-do-senhor.html#primaryimage\"},\"datePublished\":\"2020-01-21T12:42:42+00:00\",\"dateModified\":\"2021-08-29T20:54:16+00:00\",\"author\":{\"@id\":\"https:\/\/franciscanos.org.br\/noticias\/#\/schema\/person\/b5c8cba458c330ccff548b056e95a5d4\"},\"breadcrumb\":{\"@id\":\"https:\/\/franciscanos.org.br\/noticias\/papa-nao-se-paga-para-se-tornar-cristao-e-um-dom-do-senhor.html#breadcrumb\"},\"inLanguage\":\"pt-BR\",\"potentialAction\":[{\"@type\":\"ReadAction\",\"target\":[\"https:\/\/franciscanos.org.br\/noticias\/papa-nao-se-paga-para-se-tornar-cristao-e-um-dom-do-senhor.html\"]}]},{\"@type\":\"BreadcrumbList\",\"@id\":\"https:\/\/franciscanos.org.br\/noticias\/papa-nao-se-paga-para-se-tornar-cristao-e-um-dom-do-senhor.html#breadcrumb\",\"itemListElement\":[{\"@type\":\"ListItem\",\"position\":1,\"name\":\"Home\",\"item\":\"https:\/\/franciscanos.org.br\/noticias\"},{\"@type\":\"ListItem\",\"position\":2,\"name\":\"Papa: n\u00e3o se paga para se tornar crist\u00e3o. \u00c9 um dom do Senhor.\"}]},{\"@type\":\"Person\",\"@id\":\"https:\/\/franciscanos.org.br\/noticias\/#\/schema\/person\/b5c8cba458c330ccff548b056e95a5d4\",\"name\":\"moacir\",\"image\":{\"@type\":\"ImageObject\",\"inLanguage\":\"pt-BR\",\"@id\":\"https:\/\/franciscanos.org.br\/noticias\/#\/schema\/person\/image\/\",\"url\":\"https:\/\/secure.gravatar.com\/avatar\/d08aa2ce4c8dd416d4479aa8536fcf64?s=96&d=mm&r=g\",\"contentUrl\":\"https:\/\/secure.gravatar.com\/avatar\/d08aa2ce4c8dd416d4479aa8536fcf64?s=96&d=mm&r=g\",\"caption\":\"moacir\"},\"url\":\"https:\/\/franciscanos.org.br\/noticias\/author\/moacir\"}]}<\/script>\n<!-- \/ Yoast SEO plugin. -->","yoast_head_json":{"title":"Papa: n\u00e3o se paga para se tornar crist\u00e3o. \u00c9 um dom do Senhor. - Not\u00edcias - Franciscanos","robots":{"index":"index","follow":"follow","max-snippet":"max-snippet:-1","max-image-preview":"max-image-preview:large","max-video-preview":"max-video-preview:-1"},"canonical":"https:\/\/franciscanos.org.br\/noticias\/papa-nao-se-paga-para-se-tornar-cristao-e-um-dom-do-senhor.html","og_locale":"pt_BR","og_type":"article","og_title":"Papa: n\u00e3o se paga para se tornar crist\u00e3o. \u00c9 um dom do Senhor. - Not\u00edcias - Franciscanos","og_description":"Missa em Santa Marta","og_url":"https:\/\/franciscanos.org.br\/noticias\/papa-nao-se-paga-para-se-tornar-cristao-e-um-dom-do-senhor.html","og_site_name":"Not\u00edcias - Franciscanos","article_published_time":"2020-01-21T12:42:42+00:00","article_modified_time":"2021-08-29T20:54:16+00:00","og_image":[{"width":273,"height":181,"url":"https:\/\/franciscanos.org.br\/noticias\/wp-content\/uploads\/2020\/01\/marta_2101d.png","type":"image\/png"}],"author":"moacir","twitter_card":"summary_large_image","twitter_misc":{"Escrito por":"moacir","Est. tempo de leitura":"5 minutos"},"schema":{"@context":"https:\/\/schema.org","@graph":[{"@type":"WebSite","@id":"https:\/\/franciscanos.org.br\/noticias\/#website","url":"https:\/\/franciscanos.org.br\/noticias\/","name":"Not\u00edcias - Franciscanos","description":"Prov\u00edncia Franciscana da Imaculada Concei\u00e7\u00e3o do Brasil - Ordem dos Frades Menores - OFM","potentialAction":[{"@type":"SearchAction","target":{"@type":"EntryPoint","urlTemplate":"https:\/\/franciscanos.org.br\/noticias\/?s={search_term_string}"},"query-input":"required name=search_term_string"}],"inLanguage":"pt-BR"},{"@type":"ImageObject","inLanguage":"pt-BR","@id":"https:\/\/franciscanos.org.br\/noticias\/papa-nao-se-paga-para-se-tornar-cristao-e-um-dom-do-senhor.html#primaryimage","url":"https:\/\/franciscanos.org.br\/noticias\/wp-content\/uploads\/2020\/01\/marta_2101d.png","contentUrl":"https:\/\/franciscanos.org.br\/noticias\/wp-content\/uploads\/2020\/01\/marta_2101d.png","width":273,"height":181},{"@type":"WebPage","@id":"https:\/\/franciscanos.org.br\/noticias\/papa-nao-se-paga-para-se-tornar-cristao-e-um-dom-do-senhor.html#webpage","url":"https:\/\/franciscanos.org.br\/noticias\/papa-nao-se-paga-para-se-tornar-cristao-e-um-dom-do-senhor.html","name":"Papa: n\u00e3o se paga para se tornar crist\u00e3o. \u00c9 um dom do Senhor. - Not\u00edcias - Franciscanos","isPartOf":{"@id":"https:\/\/franciscanos.org.br\/noticias\/#website"},"primaryImageOfPage":{"@id":"https:\/\/franciscanos.org.br\/noticias\/papa-nao-se-paga-para-se-tornar-cristao-e-um-dom-do-senhor.html#primaryimage"},"datePublished":"2020-01-21T12:42:42+00:00","dateModified":"2021-08-29T20:54:16+00:00","author":{"@id":"https:\/\/franciscanos.org.br\/noticias\/#\/schema\/person\/b5c8cba458c330ccff548b056e95a5d4"},"breadcrumb":{"@id":"https:\/\/franciscanos.org.br\/noticias\/papa-nao-se-paga-para-se-tornar-cristao-e-um-dom-do-senhor.html#breadcrumb"},"inLanguage":"pt-BR","potentialAction":[{"@type":"ReadAction","target":["https:\/\/franciscanos.org.br\/noticias\/papa-nao-se-paga-para-se-tornar-cristao-e-um-dom-do-senhor.html"]}]},{"@type":"BreadcrumbList","@id":"https:\/\/franciscanos.org.br\/noticias\/papa-nao-se-paga-para-se-tornar-cristao-e-um-dom-do-senhor.html#breadcrumb","itemListElement":[{"@type":"ListItem","position":1,"name":"Home","item":"https:\/\/franciscanos.org.br\/noticias"},{"@type":"ListItem","position":2,"name":"Papa: n\u00e3o se paga para se tornar crist\u00e3o. \u00c9 um dom do Senhor."}]},{"@type":"Person","@id":"https:\/\/franciscanos.org.br\/noticias\/#\/schema\/person\/b5c8cba458c330ccff548b056e95a5d4","name":"moacir","image":{"@type":"ImageObject","inLanguage":"pt-BR","@id":"https:\/\/franciscanos.org.br\/noticias\/#\/schema\/person\/image\/","url":"https:\/\/secure.gravatar.com\/avatar\/d08aa2ce4c8dd416d4479aa8536fcf64?s=96&d=mm&r=g","contentUrl":"https:\/\/secure.gravatar.com\/avatar\/d08aa2ce4c8dd416d4479aa8536fcf64?s=96&d=mm&r=g","caption":"moacir"},"url":"https:\/\/franciscanos.org.br\/noticias\/author\/moacir"}]}},"_links":{"self":[{"href":"https:\/\/franciscanos.org.br\/noticias\/wp-json\/wp\/v2\/posts\/216148"}],"collection":[{"href":"https:\/\/franciscanos.org.br\/noticias\/wp-json\/wp\/v2\/posts"}],"about":[{"href":"https:\/\/franciscanos.org.br\/noticias\/wp-json\/wp\/v2\/types\/post"}],"author":[{"embeddable":true,"href":"https:\/\/franciscanos.org.br\/noticias\/wp-json\/wp\/v2\/users\/3"}],"replies":[{"embeddable":true,"href":"https:\/\/franciscanos.org.br\/noticias\/wp-json\/wp\/v2\/comments?post=216148"}],"version-history":[{"count":2,"href":"https:\/\/franciscanos.org.br\/noticias\/wp-json\/wp\/v2\/posts\/216148\/revisions"}],"predecessor-version":[{"id":234076,"href":"https:\/\/franciscanos.org.br\/noticias\/wp-json\/wp\/v2\/posts\/216148\/revisions\/234076"}],"wp:featuredmedia":[{"embeddable":true,"href":"https:\/\/franciscanos.org.br\/noticias\/wp-json\/wp\/v2\/media\/216149"}],"wp:attachment":[{"href":"https:\/\/franciscanos.org.br\/noticias\/wp-json\/wp\/v2\/media?parent=216148"}],"wp:term":[{"taxonomy":"category","embeddable":true,"href":"https:\/\/franciscanos.org.br\/noticias\/wp-json\/wp\/v2\/categories?post=216148"},{"taxonomy":"post_tag","embeddable":true,"href":"https:\/\/franciscanos.org.br\/noticias\/wp-json\/wp\/v2\/tags?post=216148"}],"curies":[{"name":"wp","href":"https:\/\/api.w.org\/{rel}","templated":true}]}}