{"id":216136,"date":"2020-01-21T07:34:19","date_gmt":"2020-01-21T10:34:19","guid":{"rendered":"https:\/\/franciscanos.org.br\/noticias\/?p=216136"},"modified":"2020-01-21T07:34:34","modified_gmt":"2020-01-21T10:34:34","slug":"fraternidade-das-chagas-de-sao-francisco-celebra-chegada-de-novos-irmaos","status":"publish","type":"post","link":"https:\/\/franciscanos.org.br\/noticias\/fraternidade-das-chagas-de-sao-francisco-celebra-chegada-de-novos-irmaos.html","title":{"rendered":"Fraternidade das Chagas de S\u00e3o Francisco celebra chegada de novos irm\u00e3os"},"content":{"rendered":"<p><img loading=\"lazy\" class=\"alignnone wp-image-216137 size-full\" src=\"https:\/\/franciscanos.org.br\/noticias\/wp-content\/uploads\/2020\/01\/ofs_21.jpg\" alt=\"\" width=\"890\" height=\"501\" srcset=\"https:\/\/franciscanos.org.br\/noticias\/wp-content\/uploads\/2020\/01\/ofs_21.jpg 890w, https:\/\/franciscanos.org.br\/noticias\/wp-content\/uploads\/2020\/01\/ofs_21-450x253.jpg 450w, https:\/\/franciscanos.org.br\/noticias\/wp-content\/uploads\/2020\/01\/ofs_21-768x432.jpg 768w, https:\/\/franciscanos.org.br\/noticias\/wp-content\/uploads\/2020\/01\/ofs_21-150x84.jpg 150w\" sizes=\"(max-width: 890px) 100vw, 890px\" \/><\/p>\n<p>O ano de 2020 chegou com grande vigor na Fraternidade das Chagas do Ser\u00e1fico Pai S\u00e3o Francisco, S\u00e3o Paulo, vinculada \u00e0 Ordem Franciscana Secular do Brasil (OFS). Na manh\u00e3 do \u00faltimo domingo (19), na abertura dos trabalhos deste ano, Frei Fid\u00eancio Vamboemmel, OFM, assistente da fraternidade, presidiu a Celebra\u00e7\u00e3o Eucar\u00edstica no Convento de S\u00e3o Francisco, que marcou o ingresso de tr\u00eas novos irm\u00e3os na etapa de inicia\u00e7\u00e3o e de uma irm\u00e3 na etapa de forma\u00e7\u00e3o.<\/p>\n<p>Os pedidos de ingresso no per\u00edodo de inicia\u00e7\u00e3o dos irm\u00e3os Adunquerque Mendes, Jos\u00e9 de Arimat\u00e9ia e S\u00e9rgio Ivo; e da irm\u00e3 Josefa L\u00facia, no tempo de forma\u00e7\u00e3o foram aceitos com grande alegria pela ministra local Maria Aparecida Crepaldi, pelo formador, George Cardoso, pelo assistente espiritual da fraternidade e por todos os irm\u00e3os presentes, que testemunharam o desejo dos ingressantes em viver e seguir o Evangelho de Nosso Senhor Jesus Cristo seguindo os passos de S\u00e3o Francisco de Assis no seu estado secular.<\/p>\n<p>Nos ritos de inicia\u00e7\u00e3o de forma\u00e7\u00e3o, os postulantes formulam seus pedidos de ingresso ou de perman\u00eancia no tempo de forma\u00e7\u00e3o, etapa que antecede a profiss\u00e3o definitiva na Ordem Franciscana Secular. A singeleza dos ritos emocionou a todos que testemunharam o firme prop\u00f3sito dos irm\u00e3os em seguir o itiner\u00e1rio vocacional franciscano de vida em fraternidade.<\/p>\n<p>Em sua homilia, Frei Fid\u00eancio destacou a import\u00e2ncia de Jo\u00e3o Batista que deu testemunho de Jesus Cristo e exortou os irm\u00e3os franciscanos seculares a serem profetas no mundo de hoje, dando testemunho de Jesus Cristo e do seguimento de S\u00e3o Francisco e de Santa Clara de Assis.<\/p>\n<p>No encerramento da celebra\u00e7\u00e3o eucar\u00edstica, Frei Fid\u00eancio convidou a ministra local para juntos darem aos presentes a solene ben\u00e7\u00e3o de S\u00e3o Francisco.<\/p>\n<p>A fraternidade agradece e louva a Deus pelas voca\u00e7\u00f5es desses irm\u00e3os que s\u00e3o um verdadeiro presente dado pelo Senhor, como nos diz S\u00e3o Francisco. Pedimos a gra\u00e7a da perseveran\u00e7a de todos os irm\u00e3os que ingressaram nas etapas de inicia\u00e7\u00e3o e forma\u00e7\u00e3o para o seguimento do Evangelho de Nosso Senhor Jesus Cristo na forma de vida inspirada por S\u00e3o Francisco de Assis.<\/p>\n<p><strong>Breve hist\u00f3rico da Ordem Franciscana Secular<\/strong><\/p>\n<p>A Ordem dos Frades Menores (OFM) nasceu em 1210, e a Ordem de Santa Clara (as Clarissas), em 1212. Foi tamb\u00e9m nessa \u00e9poca que nasceu a Ordem Franciscana Secular (OFS), tendo como ideal viver o Evangelho em todos os lugares e atividades. Eram homens e mulheres, casados e solteiros, em meio \u00e0s fam\u00edlias, buscando viver o mesmo ideal que tanto atraiu Francisco de Assis. A Ordem foi aprovada pelo Papa Hon\u00f3rio III em 1221. Luqu\u00e9sio e Buonadona s\u00e3o considerados os primeiros franciscanos seculares e, segundo a tradi\u00e7\u00e3o, o primeiro casal que S\u00e3o Francisco aceitou na Ordem Secular daquele tempo.<\/p>\n<p>Hoje, mais do que nunca, os Franciscanos Seculares sentem-se comprometidos a viver o Evangelho cada dia e em toda circunst\u00e2ncia, segundo a pr\u00f3pria voca\u00e7\u00e3o e os dons recebidos. A OFS apresenta-se como uma experi\u00eancia de vida crist\u00e3, partilhada por mulheres e homens sem discrimina\u00e7\u00e3o, sendo hoje um verdadeiro ex\u00e9rcito franciscano de Deus espalhado por todo o mundo.<\/p>\n<p>\u201cA Ordem Franciscana Secular \u00e9 a mais antiga forma de organiza\u00e7\u00e3o de Leigos que, guiados pela Igreja, unidos em fraternidade e inspirando-se no ideal de S\u00e3o Francisco de Assis, se empenham em testemunhar com a vida o Evangelho de Jesus Cristo e se dedicam ao apostolado no estado laical\u201d &#8211; afirmou o papa S\u00e3o Jo\u00e3o Paulo II.<\/p>\n","protected":false},"excerpt":{"rendered":"<p>Ordem Franciscana Secular<\/p>\n","protected":false},"author":3,"featured_media":216138,"comment_status":"open","ping_status":"open","sticky":false,"template":"","format":"standard","meta":[],"categories":[1],"tags":[60],"acf":[],"yoast_head":"<!-- This site is optimized with the Yoast SEO plugin v19.2 - https:\/\/yoast.com\/wordpress\/plugins\/seo\/ -->\n<title>Fraternidade das Chagas de S\u00e3o Francisco celebra chegada de novos irm\u00e3os - Not\u00edcias - Franciscanos<\/title>\n<meta name=\"robots\" content=\"index, follow, max-snippet:-1, max-image-preview:large, max-video-preview:-1\" \/>\n<link rel=\"canonical\" href=\"https:\/\/franciscanos.org.br\/noticias\/fraternidade-das-chagas-de-sao-francisco-celebra-chegada-de-novos-irmaos.html\" \/>\n<meta property=\"og:locale\" content=\"pt_BR\" \/>\n<meta property=\"og:type\" content=\"article\" \/>\n<meta property=\"og:title\" content=\"Fraternidade das Chagas de S\u00e3o Francisco celebra chegada de novos irm\u00e3os - Not\u00edcias - Franciscanos\" \/>\n<meta property=\"og:description\" content=\"Ordem Franciscana Secular\" \/>\n<meta property=\"og:url\" content=\"https:\/\/franciscanos.org.br\/noticias\/fraternidade-das-chagas-de-sao-francisco-celebra-chegada-de-novos-irmaos.html\" \/>\n<meta property=\"og:site_name\" content=\"Not\u00edcias - Franciscanos\" \/>\n<meta property=\"article:published_time\" content=\"2020-01-21T10:34:19+00:00\" \/>\n<meta property=\"article:modified_time\" content=\"2020-01-21T10:34:34+00:00\" \/>\n<meta property=\"og:image\" content=\"https:\/\/franciscanos.org.br\/noticias\/wp-content\/uploads\/2020\/01\/ofs_21d.jpg\" \/>\n\t<meta property=\"og:image:width\" content=\"273\" \/>\n\t<meta property=\"og:image:height\" content=\"181\" \/>\n\t<meta property=\"og:image:type\" content=\"image\/jpeg\" \/>\n<meta name=\"author\" content=\"moacir\" \/>\n<meta name=\"twitter:card\" content=\"summary_large_image\" \/>\n<meta name=\"twitter:label1\" content=\"Escrito por\" \/>\n\t<meta name=\"twitter:data1\" content=\"moacir\" \/>\n\t<meta name=\"twitter:label2\" content=\"Est. tempo de leitura\" \/>\n\t<meta name=\"twitter:data2\" content=\"3 minutos\" \/>\n<script type=\"application\/ld+json\" class=\"yoast-schema-graph\">{\"@context\":\"https:\/\/schema.org\",\"@graph\":[{\"@type\":\"WebSite\",\"@id\":\"https:\/\/franciscanos.org.br\/noticias\/#website\",\"url\":\"https:\/\/franciscanos.org.br\/noticias\/\",\"name\":\"Not\u00edcias - Franciscanos\",\"description\":\"Prov\u00edncia Franciscana da Imaculada Concei\u00e7\u00e3o do Brasil - Ordem dos Frades Menores - OFM\",\"potentialAction\":[{\"@type\":\"SearchAction\",\"target\":{\"@type\":\"EntryPoint\",\"urlTemplate\":\"https:\/\/franciscanos.org.br\/noticias\/?s={search_term_string}\"},\"query-input\":\"required name=search_term_string\"}],\"inLanguage\":\"pt-BR\"},{\"@type\":\"ImageObject\",\"inLanguage\":\"pt-BR\",\"@id\":\"https:\/\/franciscanos.org.br\/noticias\/fraternidade-das-chagas-de-sao-francisco-celebra-chegada-de-novos-irmaos.html#primaryimage\",\"url\":\"https:\/\/franciscanos.org.br\/noticias\/wp-content\/uploads\/2020\/01\/ofs_21d.jpg\",\"contentUrl\":\"https:\/\/franciscanos.org.br\/noticias\/wp-content\/uploads\/2020\/01\/ofs_21d.jpg\",\"width\":273,\"height\":181},{\"@type\":\"WebPage\",\"@id\":\"https:\/\/franciscanos.org.br\/noticias\/fraternidade-das-chagas-de-sao-francisco-celebra-chegada-de-novos-irmaos.html#webpage\",\"url\":\"https:\/\/franciscanos.org.br\/noticias\/fraternidade-das-chagas-de-sao-francisco-celebra-chegada-de-novos-irmaos.html\",\"name\":\"Fraternidade das Chagas de S\u00e3o Francisco celebra chegada de novos irm\u00e3os - Not\u00edcias - Franciscanos\",\"isPartOf\":{\"@id\":\"https:\/\/franciscanos.org.br\/noticias\/#website\"},\"primaryImageOfPage\":{\"@id\":\"https:\/\/franciscanos.org.br\/noticias\/fraternidade-das-chagas-de-sao-francisco-celebra-chegada-de-novos-irmaos.html#primaryimage\"},\"datePublished\":\"2020-01-21T10:34:19+00:00\",\"dateModified\":\"2020-01-21T10:34:34+00:00\",\"author\":{\"@id\":\"https:\/\/franciscanos.org.br\/noticias\/#\/schema\/person\/b5c8cba458c330ccff548b056e95a5d4\"},\"breadcrumb\":{\"@id\":\"https:\/\/franciscanos.org.br\/noticias\/fraternidade-das-chagas-de-sao-francisco-celebra-chegada-de-novos-irmaos.html#breadcrumb\"},\"inLanguage\":\"pt-BR\",\"potentialAction\":[{\"@type\":\"ReadAction\",\"target\":[\"https:\/\/franciscanos.org.br\/noticias\/fraternidade-das-chagas-de-sao-francisco-celebra-chegada-de-novos-irmaos.html\"]}]},{\"@type\":\"BreadcrumbList\",\"@id\":\"https:\/\/franciscanos.org.br\/noticias\/fraternidade-das-chagas-de-sao-francisco-celebra-chegada-de-novos-irmaos.html#breadcrumb\",\"itemListElement\":[{\"@type\":\"ListItem\",\"position\":1,\"name\":\"Home\",\"item\":\"https:\/\/franciscanos.org.br\/noticias\"},{\"@type\":\"ListItem\",\"position\":2,\"name\":\"Fraternidade das Chagas de S\u00e3o Francisco celebra chegada de novos irm\u00e3os\"}]},{\"@type\":\"Person\",\"@id\":\"https:\/\/franciscanos.org.br\/noticias\/#\/schema\/person\/b5c8cba458c330ccff548b056e95a5d4\",\"name\":\"moacir\",\"image\":{\"@type\":\"ImageObject\",\"inLanguage\":\"pt-BR\",\"@id\":\"https:\/\/franciscanos.org.br\/noticias\/#\/schema\/person\/image\/\",\"url\":\"https:\/\/secure.gravatar.com\/avatar\/d08aa2ce4c8dd416d4479aa8536fcf64?s=96&d=mm&r=g\",\"contentUrl\":\"https:\/\/secure.gravatar.com\/avatar\/d08aa2ce4c8dd416d4479aa8536fcf64?s=96&d=mm&r=g\",\"caption\":\"moacir\"},\"url\":\"https:\/\/franciscanos.org.br\/noticias\/author\/moacir\"}]}<\/script>\n<!-- \/ Yoast SEO plugin. -->","yoast_head_json":{"title":"Fraternidade das Chagas de S\u00e3o Francisco celebra chegada de novos irm\u00e3os - Not\u00edcias - Franciscanos","robots":{"index":"index","follow":"follow","max-snippet":"max-snippet:-1","max-image-preview":"max-image-preview:large","max-video-preview":"max-video-preview:-1"},"canonical":"https:\/\/franciscanos.org.br\/noticias\/fraternidade-das-chagas-de-sao-francisco-celebra-chegada-de-novos-irmaos.html","og_locale":"pt_BR","og_type":"article","og_title":"Fraternidade das Chagas de S\u00e3o Francisco celebra chegada de novos irm\u00e3os - Not\u00edcias - Franciscanos","og_description":"Ordem Franciscana Secular","og_url":"https:\/\/franciscanos.org.br\/noticias\/fraternidade-das-chagas-de-sao-francisco-celebra-chegada-de-novos-irmaos.html","og_site_name":"Not\u00edcias - Franciscanos","article_published_time":"2020-01-21T10:34:19+00:00","article_modified_time":"2020-01-21T10:34:34+00:00","og_image":[{"width":273,"height":181,"url":"https:\/\/franciscanos.org.br\/noticias\/wp-content\/uploads\/2020\/01\/ofs_21d.jpg","type":"image\/jpeg"}],"author":"moacir","twitter_card":"summary_large_image","twitter_misc":{"Escrito por":"moacir","Est. tempo de leitura":"3 minutos"},"schema":{"@context":"https:\/\/schema.org","@graph":[{"@type":"WebSite","@id":"https:\/\/franciscanos.org.br\/noticias\/#website","url":"https:\/\/franciscanos.org.br\/noticias\/","name":"Not\u00edcias - Franciscanos","description":"Prov\u00edncia Franciscana da Imaculada Concei\u00e7\u00e3o do Brasil - Ordem dos Frades Menores - OFM","potentialAction":[{"@type":"SearchAction","target":{"@type":"EntryPoint","urlTemplate":"https:\/\/franciscanos.org.br\/noticias\/?s={search_term_string}"},"query-input":"required name=search_term_string"}],"inLanguage":"pt-BR"},{"@type":"ImageObject","inLanguage":"pt-BR","@id":"https:\/\/franciscanos.org.br\/noticias\/fraternidade-das-chagas-de-sao-francisco-celebra-chegada-de-novos-irmaos.html#primaryimage","url":"https:\/\/franciscanos.org.br\/noticias\/wp-content\/uploads\/2020\/01\/ofs_21d.jpg","contentUrl":"https:\/\/franciscanos.org.br\/noticias\/wp-content\/uploads\/2020\/01\/ofs_21d.jpg","width":273,"height":181},{"@type":"WebPage","@id":"https:\/\/franciscanos.org.br\/noticias\/fraternidade-das-chagas-de-sao-francisco-celebra-chegada-de-novos-irmaos.html#webpage","url":"https:\/\/franciscanos.org.br\/noticias\/fraternidade-das-chagas-de-sao-francisco-celebra-chegada-de-novos-irmaos.html","name":"Fraternidade das Chagas de S\u00e3o Francisco celebra chegada de novos irm\u00e3os - Not\u00edcias - Franciscanos","isPartOf":{"@id":"https:\/\/franciscanos.org.br\/noticias\/#website"},"primaryImageOfPage":{"@id":"https:\/\/franciscanos.org.br\/noticias\/fraternidade-das-chagas-de-sao-francisco-celebra-chegada-de-novos-irmaos.html#primaryimage"},"datePublished":"2020-01-21T10:34:19+00:00","dateModified":"2020-01-21T10:34:34+00:00","author":{"@id":"https:\/\/franciscanos.org.br\/noticias\/#\/schema\/person\/b5c8cba458c330ccff548b056e95a5d4"},"breadcrumb":{"@id":"https:\/\/franciscanos.org.br\/noticias\/fraternidade-das-chagas-de-sao-francisco-celebra-chegada-de-novos-irmaos.html#breadcrumb"},"inLanguage":"pt-BR","potentialAction":[{"@type":"ReadAction","target":["https:\/\/franciscanos.org.br\/noticias\/fraternidade-das-chagas-de-sao-francisco-celebra-chegada-de-novos-irmaos.html"]}]},{"@type":"BreadcrumbList","@id":"https:\/\/franciscanos.org.br\/noticias\/fraternidade-das-chagas-de-sao-francisco-celebra-chegada-de-novos-irmaos.html#breadcrumb","itemListElement":[{"@type":"ListItem","position":1,"name":"Home","item":"https:\/\/franciscanos.org.br\/noticias"},{"@type":"ListItem","position":2,"name":"Fraternidade das Chagas de S\u00e3o Francisco celebra chegada de novos irm\u00e3os"}]},{"@type":"Person","@id":"https:\/\/franciscanos.org.br\/noticias\/#\/schema\/person\/b5c8cba458c330ccff548b056e95a5d4","name":"moacir","image":{"@type":"ImageObject","inLanguage":"pt-BR","@id":"https:\/\/franciscanos.org.br\/noticias\/#\/schema\/person\/image\/","url":"https:\/\/secure.gravatar.com\/avatar\/d08aa2ce4c8dd416d4479aa8536fcf64?s=96&d=mm&r=g","contentUrl":"https:\/\/secure.gravatar.com\/avatar\/d08aa2ce4c8dd416d4479aa8536fcf64?s=96&d=mm&r=g","caption":"moacir"},"url":"https:\/\/franciscanos.org.br\/noticias\/author\/moacir"}]}},"_links":{"self":[{"href":"https:\/\/franciscanos.org.br\/noticias\/wp-json\/wp\/v2\/posts\/216136"}],"collection":[{"href":"https:\/\/franciscanos.org.br\/noticias\/wp-json\/wp\/v2\/posts"}],"about":[{"href":"https:\/\/franciscanos.org.br\/noticias\/wp-json\/wp\/v2\/types\/post"}],"author":[{"embeddable":true,"href":"https:\/\/franciscanos.org.br\/noticias\/wp-json\/wp\/v2\/users\/3"}],"replies":[{"embeddable":true,"href":"https:\/\/franciscanos.org.br\/noticias\/wp-json\/wp\/v2\/comments?post=216136"}],"version-history":[{"count":0,"href":"https:\/\/franciscanos.org.br\/noticias\/wp-json\/wp\/v2\/posts\/216136\/revisions"}],"wp:featuredmedia":[{"embeddable":true,"href":"https:\/\/franciscanos.org.br\/noticias\/wp-json\/wp\/v2\/media\/216138"}],"wp:attachment":[{"href":"https:\/\/franciscanos.org.br\/noticias\/wp-json\/wp\/v2\/media?parent=216136"}],"wp:term":[{"taxonomy":"category","embeddable":true,"href":"https:\/\/franciscanos.org.br\/noticias\/wp-json\/wp\/v2\/categories?post=216136"},{"taxonomy":"post_tag","embeddable":true,"href":"https:\/\/franciscanos.org.br\/noticias\/wp-json\/wp\/v2\/tags?post=216136"}],"curies":[{"name":"wp","href":"https:\/\/api.w.org\/{rel}","templated":true}]}}