{"id":216064,"date":"2020-01-17T13:48:14","date_gmt":"2020-01-17T16:48:14","guid":{"rendered":"https:\/\/franciscanos.org.br\/noticias\/?p=216064"},"modified":"2020-01-21T10:04:47","modified_gmt":"2020-01-21T13:04:47","slug":"jovens-e-frades-da-provincia-participam-do-33o-curso-de-verao","status":"publish","type":"post","link":"https:\/\/franciscanos.org.br\/noticias\/jovens-e-frades-da-provincia-participam-do-33o-curso-de-verao.html","title":{"rendered":"Jovens e frades da Prov\u00edncia participam do 33\u00ba Curso de Ver\u00e3o"},"content":{"rendered":"<p><img loading=\"lazy\" class=\"alignnone wp-image-216152 size-full\" src=\"https:\/\/franciscanos.org.br\/noticias\/wp-content\/uploads\/2020\/01\/curso_II.jpg\" alt=\"\" width=\"1200\" height=\"630\" srcset=\"https:\/\/franciscanos.org.br\/noticias\/wp-content\/uploads\/2020\/01\/curso_II.jpg 1200w, https:\/\/franciscanos.org.br\/noticias\/wp-content\/uploads\/2020\/01\/curso_II-450x236.jpg 450w, https:\/\/franciscanos.org.br\/noticias\/wp-content\/uploads\/2020\/01\/curso_II-1024x538.jpg 1024w, https:\/\/franciscanos.org.br\/noticias\/wp-content\/uploads\/2020\/01\/curso_II-768x403.jpg 768w, https:\/\/franciscanos.org.br\/noticias\/wp-content\/uploads\/2020\/01\/curso_II-150x79.jpg 150w\" sizes=\"(max-width: 1200px) 100vw, 1200px\" \/><\/p>\n<p><b>Frei Augusto Luiz Gabriel<\/b><\/p>\n<p><b>S\u00e3o Paulo (SP) \u2013<\/b><span style=\"font-weight: 400;\"> A 33\u00aa edi\u00e7\u00e3o do Curso de Ver\u00e3o, que come\u00e7ou no dia 8 de janeiro e terminou nesta quinta-feira (16\/01), firmou um compromisso com a realidade econ\u00f4mico-social, as m\u00eddias, a participa\u00e7\u00e3o popular e a espiritualidade militante e\u00a0 \u201cesperan\u00e7adora\u201d. (<a href=\"https:\/\/franciscanos.org.br\/noticias\/carta-de-compromisso-do-33o-curso-de-verao-de-2020.html\" target=\"_blank\" rel=\"noopener noreferrer\"><strong>VEJA CARTA NA \u00cdNTEGRA<\/strong><\/a>).<\/span><\/p>\n<p><span style=\"font-weight: 400;\">Promovido pelo Centro Ecum\u00eanico de Servi\u00e7os \u00e0 Evangeliza\u00e7\u00e3o e Educa\u00e7\u00e3o Popular (CESEEP), em parceria com a Pontif\u00edcia Universidade Cat\u00f3lica de S\u00e3o Paulo (PUC-SP), o Teatro da Universidade Cat\u00f3lica (TUCA), e com o apoio e colabora\u00e7\u00e3o entidades, movimentos sociais, Igrejas, comunidades e fam\u00edlias, o Curso de Ver\u00e3o de 2020 foi um sucesso.<\/span><\/p>\n<p><span style=\"font-weight: 400;\">Frades e jovens da Prov\u00edncia da Imaculada Concei\u00e7\u00e3o do Brasil tamb\u00e9m marcaram presen\u00e7a neste evento, que reuniu mais de 450 participantes e teve como tema: \u201cEspiritualidades na cidade: Por uma dimens\u00e3o libertadora\u201d.\u00a0 Para Frei Diego Melo, Coordenador do Servi\u00e7o de Anima\u00e7\u00e3o Vocacional (SAV) da Prov\u00edncia e tamb\u00e9m membro do Conselho Superior do CESEEP, o Curso de Ver\u00e3o foi um momento de fortalecimento da esperan\u00e7a e de estreitar os la\u00e7os com aqueles que, de diferentes lugares, religi\u00f5es e credos, sonham e acreditam em um mundo inclusivo, de fraternidade, justi\u00e7a e de paz. \u201cPara n\u00f3s \u00e9 o mundo desejado por Jesus Cristo; \u00e9 o Reino j\u00e1 iniciado aqui na terra\u201d, opinou.<\/span><\/p>\n<p><span style=\"font-weight: 400;\">Segundo o frade, este j\u00e1 \u00e9 o 3\u00ba ano que o SAV articula e apoia a presen\u00e7a efetiva dos jovens no evento. \u201cEssa \u00e9 mais uma forma de dizer que acreditamos na evangeliza\u00e7\u00e3o dos jovens, no protagonismo e na transforma\u00e7\u00e3o da sociedade. E n\u00f3s j\u00e1 percebemos que a vinda deles tem dado frutos nas suas par\u00f3quias\u201d, afirmou.<\/span><\/p>\n<p><span style=\"font-weight: 400;\">Para Frei Diego, \u00e9 importante investir na forma\u00e7\u00e3o desses jovens. \u201cEles ser\u00e3o e j\u00e1 s\u00e3o os protagonistas de um novo mundo poss\u00edvel e sonhado por Deus, um mundo que n\u00f3s, como franciscanos, acreditamos tamb\u00e9m. Por isso, a cada ano nos esfor\u00e7amos para articular com algumas par\u00f3quias e trazer lideran\u00e7as que possam absorver o conte\u00fado e as viv\u00eancias do curso para depois serem multiplicadores entre as suas par\u00f3quias, comunidades e grupo de jovens. Reitero que fico muito feliz com a presen\u00e7a de um jovem frade, Frei Augusto, e sonho que outros frades possam tamb\u00e9m abra\u00e7ar e participar das pr\u00f3ximas edi\u00e7\u00f5es, tendo em vista que \u00e9 um curso bastante alinhado e que vai de encontro com os nossos valores franciscanos\u201d, sugeriu. \u201cQue em janeiro de 2021 possamos estar com os jovens participando da pr\u00f3xima edi\u00e7\u00e3o!\u201d<\/span><\/p>\n<p><img loading=\"lazy\" class=\"alignnone wp-image-216107 size-full\" src=\"https:\/\/franciscanos.org.br\/noticias\/wp-content\/uploads\/2020\/01\/curso_170120_8.jpg\" alt=\"\" width=\"890\" height=\"500\" srcset=\"https:\/\/franciscanos.org.br\/noticias\/wp-content\/uploads\/2020\/01\/curso_170120_8.jpg 890w, https:\/\/franciscanos.org.br\/noticias\/wp-content\/uploads\/2020\/01\/curso_170120_8-450x253.jpg 450w, https:\/\/franciscanos.org.br\/noticias\/wp-content\/uploads\/2020\/01\/curso_170120_8-768x431.jpg 768w, https:\/\/franciscanos.org.br\/noticias\/wp-content\/uploads\/2020\/01\/curso_170120_8-150x84.jpg 150w\" sizes=\"(max-width: 890px) 100vw, 890px\" \/><\/p>\n<p><span style=\"font-weight: 400;\">O Curso foi dividido em tr\u00eas partes. Na se\u00e7\u00e3o I, \u201cMapeando a Realidade\u201d, Magali Cunha, coordenadora do Grupo de Pesquisa e Religi\u00e3o da INTERCOM (Sociedade Brasileira de Estudos Interdisciplinares da Comunica\u00e7\u00e3o), falou sobre a \u201cInflu\u00eancia das m\u00eddias no campo religioso: disputas e confrontos em nome da f\u00e9\u201d. J\u00e1 o professor Faustino Teixeira deu um panorama das religi\u00f5es e das express\u00f5es das diferentes espiritualidades nas cidades.\u00a0 Depois, na se\u00e7\u00e3o II, \u201cB\u00edblia e Teologia\u201d, o Curso contou com a participa\u00e7\u00e3o da mission\u00e1ria leiga e assessora das CEBs (Comunidades Eclesiais de Base), e do CEBI (Centro de Estudos B\u00edblicos), Maria Soave Buscemi, que discorreu sobre a \u201cespiritualidade libertadora de Jesus, o Cristo\u201d. Na se\u00e7\u00e3o III, \u201cPastoral\u201d, o monge beneditino, Marcelo Barros, te\u00f3logo e assessor de movimentos sociais e das CEBs, abordou a tem\u00e1tica sobre \u201cA dimens\u00e3o libertadora da espiritualidade na milit\u00e2ncia social e pastoral\u201d. J\u00e1 o Pe. J\u00falio Lancellotti, te\u00f3logo e um grande defensor da vida humana e dos direitos da popula\u00e7\u00e3o que vive em situa\u00e7\u00e3o de rua, falou sobre a Campanha da Fraternidade deste ano, cujo tema \u00e9 \u201cFraternidade e Vida &#8211; Dom e compromisso\u201d, a partir da vis\u00e3o de quem est\u00e1 nas ruas. Al\u00e9m de todas essas assessorias, o curso contou com grandes momentos de m\u00edstica, anima\u00e7\u00e3o e celebra\u00e7\u00e3o da vida.<\/span><\/p>\n<p><span style=\"font-weight: 400;\">Segundo o Coordenador Geral do CESEEP, Pe. Jos\u00e9 Oscar Beozzo, a tem\u00e1tica foi escolhida para levantar nosso olhar para horizontes sem fronteiras. \u201cAdverte-nos, ao mesmo tempo, para deitar ra\u00edzes capazes de se entrela\u00e7arem com as \u00e1rvores vizinhas, para resistirem a ventos e tempestades e buscarem veios d\u2019agua mais profundos e perenes, na arriscada travessia que nos toca viver\u201d, afirmou.<\/span><\/p>\n<p><b>COMPROMISSO COM AS COMUNIDADES<\/b><\/p>\n<p><span style=\"font-weight: 400;\">A jovem Gabrielle Penitente, da Par\u00f3quia Nossa Senhora Aparecida de Nil\u00f3polis (RJ), acredita que o curso reacendeu seus princ\u00edpios de vida esquecidos pelo engessamento de uma sociedade que valoriza raz\u00e3o, pressa e competitividade. Para ela, a organiza\u00e7\u00e3o preparou viv\u00eancias que ampliaram seus horizontes, especialmente para o olhar de cuidado ao outro dentro da tem\u00e1tica de espiritualidade.<\/span><\/p>\n<p><span style=\"font-weight: 400;\"><img loading=\"lazy\" class=\"alignnone wp-image-216071 size-full\" src=\"https:\/\/franciscanos.org.br\/noticias\/wp-content\/uploads\/2020\/01\/curso_170120_6-1.jpg\" alt=\"\" width=\"890\" height=\"500\" srcset=\"https:\/\/franciscanos.org.br\/noticias\/wp-content\/uploads\/2020\/01\/curso_170120_6-1.jpg 890w, https:\/\/franciscanos.org.br\/noticias\/wp-content\/uploads\/2020\/01\/curso_170120_6-1-450x253.jpg 450w, https:\/\/franciscanos.org.br\/noticias\/wp-content\/uploads\/2020\/01\/curso_170120_6-1-768x431.jpg 768w, https:\/\/franciscanos.org.br\/noticias\/wp-content\/uploads\/2020\/01\/curso_170120_6-1-150x84.jpg 150w\" sizes=\"(max-width: 890px) 100vw, 890px\" \/>\u201cNecessitamos de amor e carinho sempre. Sem eles, ru\u00edmos. Precisamos buscar a tribo dos que mais precisam disso, e assim receberemos de volta. Esse caminho n\u00e3o \u00e9 f\u00e1cil. Haver\u00e1 reprova\u00e7\u00f5es, ataques e injusti\u00e7as, mas aprendi que os que querem paz s\u00e3o os que mais lutam e sofrem por ela. De fato, toda essa experi\u00eancia ser\u00e1 levada para o meu grupo jovem, atrav\u00e9s das viv\u00eancias na arte, educa\u00e7\u00e3o, oficinas, di\u00e1logos e miss\u00f5es. Sou muito grata pela oportunidade de praticar intensamente a esperan\u00e7a de uma sociedade igualit\u00e1ria\u201d, disse.<\/span><\/p>\n<p><span style=\"font-weight: 400;\">Victor Hugo tamb\u00e9m \u00e9 de Nil\u00f3polis (RJ) e acredita que o curso foi de suma import\u00e2ncia nos aspectos humano, social, intelectual e espiritual, sobretudo, para a constru\u00e7\u00e3o humana. \u201cEsta forma\u00e7\u00e3o ajuda a minha constru\u00e7\u00e3o como pessoa, a vis\u00e3o do cuidado, de entender e respeitar a diversidade e a espiritualidade dos outros\u201d, destacou, informando que a reflex\u00e3o vai ajud\u00e1-lo a buscar outras leituras. Como a\u00e7\u00e3o concreta, Victor pretende levar \u00e0 comunidade o \u201crompimento das barreiras\u201d: \u201cNo geral, para mim, foi fundamentalmente importante o contato da arte como ferramenta de transmiss\u00e3o de conhecimento e dessa liberdade proposta pelo curso\u201d, relatou.<\/span><\/p>\n<p><span style=\"font-weight: 400;\">Luiz Viana mora em Duque de Caxias (RJ) e participa da Par\u00f3quia S\u00e3o Francisco de Assis. \u201cVolto para casa e para a minha \u2018Fraternidade Chic\u00e3o\u2019 com as ideias claras de trabalhar na forma\u00e7\u00e3o, usando o caminho do cuidado e a cultura popular. Al\u00e9m de buscar caminhos para conscientizar os jovens da minha realidade a partir do Evangelho de Jesus e sua vida de doa\u00e7\u00e3o aos exclu\u00eddos\u201d, sublinhou.<\/span><\/p>\n<p><img loading=\"lazy\" class=\"alignnone wp-image-216104 size-full\" src=\"https:\/\/franciscanos.org.br\/noticias\/wp-content\/uploads\/2020\/01\/curso_170120_7.jpg\" alt=\"\" width=\"890\" height=\"500\" srcset=\"https:\/\/franciscanos.org.br\/noticias\/wp-content\/uploads\/2020\/01\/curso_170120_7.jpg 890w, https:\/\/franciscanos.org.br\/noticias\/wp-content\/uploads\/2020\/01\/curso_170120_7-450x253.jpg 450w, https:\/\/franciscanos.org.br\/noticias\/wp-content\/uploads\/2020\/01\/curso_170120_7-768x431.jpg 768w, https:\/\/franciscanos.org.br\/noticias\/wp-content\/uploads\/2020\/01\/curso_170120_7-150x84.jpg 150w\" sizes=\"(max-width: 890px) 100vw, 890px\" \/><\/p>\n<p><span style=\"font-weight: 400;\">\u201cPude perceber o qu\u00e3o ignorante era em diversos assuntos como o simples fato de saber que n\u00e3o existe morador de rua, mas sim pessoas em situa\u00e7\u00e3o de rua. Receber o testemunho deles e ver a luta do Pe. J\u00falio me p\u00f5e de frente com as minhas atitudes mesquinhas quando eu atravessava a rua, sentia medo ou julgava ao me deparar com um deles. A luta come\u00e7a agora n\u00e3o estamos no mundo s\u00f3 de passagem, nascemos para ajudar uns ao outros\u201d, disse a jovem C\u00edntia Melo, da Par\u00f3quia Nossa Senhora Aparecida de Lages (SC).\u00a0<\/span><\/p>\n<p><b>CURSO DE VER\u00c3O 2021<\/b><\/p>\n<p><span style=\"font-weight: 400;\">O Curso de Ver\u00e3o de 2021 ter\u00e1 como tema \u201cCuidar da casa comum: por uma cidade sustent\u00e1vel\u201d. A abordagem oferecer\u00e1 estudo e aprofundamento sobre a sustentabilidade na cidade e a\u00e7\u00f5es que revertam o quadro de destrui\u00e7\u00e3o dos bens naturais. Acontecer\u00e1 entre os dias 7 a 15 de janeiro de 2021.<\/span><\/p>\n<p><span style=\"font-weight: 400;\">\u201cO curso \u00e9 ecum\u00eanico, aberto ao di\u00e1logo inter-religioso e \u00e0 contribui\u00e7\u00e3o de pessoas com outras filosofias de vida, com participa\u00e7\u00e3o em organiza\u00e7\u00f5es, comunidades e movimentos sociais. A metodologia da educa\u00e7\u00e3o popular utilizada permite uma reflex\u00e3o entre os participantes, tendo a arte presente em todos os espa\u00e7os e momentos\u00a0 do processo formativo\u201d, afirma Lourdes Possani, coordenadora pedag\u00f3gica do CESEEP.<\/span><\/p>\n<p><b>PARTICIPANTES FIRMAM PACTO DAS CATACUMBAS<\/b><\/p>\n<p><span style=\"font-weight: 400;\">Em 16 de novembro de 1965, nas catacumbas de Domitilla, em Roma, 42 padres conciliares da Igreja Cat\u00f3lica fizeram hist\u00f3ria ao celebrar a Eucaristia e assinar o\u00a0 Documento \u201cPacto por uma Igreja serva e pobre\u201d, conhecido como o \u201cPacto das Catacumbas\u201d.<\/span><\/p>\n<p><span style=\"font-weight: 400;\"><img loading=\"lazy\" class=\"alignnone wp-image-216068 size-full\" src=\"https:\/\/franciscanos.org.br\/noticias\/wp-content\/uploads\/2020\/01\/curso_170120_3.jpg\" alt=\"\" width=\"890\" height=\"500\" srcset=\"https:\/\/franciscanos.org.br\/noticias\/wp-content\/uploads\/2020\/01\/curso_170120_3.jpg 890w, https:\/\/franciscanos.org.br\/noticias\/wp-content\/uploads\/2020\/01\/curso_170120_3-450x253.jpg 450w, https:\/\/franciscanos.org.br\/noticias\/wp-content\/uploads\/2020\/01\/curso_170120_3-768x431.jpg 768w, https:\/\/franciscanos.org.br\/noticias\/wp-content\/uploads\/2020\/01\/curso_170120_3-150x84.jpg 150w\" sizes=\"(max-width: 890px) 100vw, 890px\" \/>O documento registrou o compromisso de vida de colocar os pobres no centro de sua aten\u00e7\u00e3o pastoral. Em meio \u00e0 realiza\u00e7\u00e3o do \u201cS\u00ednodo para a Amaz\u00f4nia\u201d, em outubro do ano passado, convocado pelo Papa Francisco para discutir a atua\u00e7\u00e3o da Igreja Cat\u00f3lica na regi\u00e3o amaz\u00f4nica, um grupo de padres sinodais renovou, por meio de uma nova celebra\u00e7\u00e3o nas Catacumbas, o compromisso. A import\u00e2ncia dessa renova\u00e7\u00e3o foi partilhada com todos os participantes do Curso de Ver\u00e3o, no dia 12\/01.<\/span><\/p>\n<p><span style=\"font-weight: 400;\">Para Pe. Jos\u00e9 Oscar Beozzo, coordenador geral do Centro Ecum\u00eanico de Servi\u00e7os \u00e0 Evangeliza\u00e7\u00e3o e Educa\u00e7\u00e3o Popular (CESEEP) e um dos respons\u00e1veis pela renova\u00e7\u00e3o do pacto de op\u00e7\u00e3o preferencial pelos pobres, vive-se hoje um cen\u00e1rio de destrui\u00e7\u00e3o do meio ambiente e de amplia\u00e7\u00e3o das desigualdades sociais, onde \u00e9 necess\u00e1rio dizer o que \u00e9 preciso ser dito. \u201cA nossa Amaz\u00f4nia \u00e9 um sinal de viol\u00eancia que est\u00e1 em todo lugar\u201d, denunciou. Os participantes do Curso, no teatro Teatro da Pontif\u00edcia Universidade Cat\u00f3lica de S\u00e3o Paulo (TUCA), passaram por um momento de celebra\u00e7\u00e3o e foram convidados a tamb\u00e9m assinarem o pacto, assim como a deixarem sua marca digital, por meio de tinta natural, feita a partir de fruto de urucum, em um tecido que no final formou um grande, simb\u00f3lico e bonito painel.<\/span><\/p>\n<p><b>PAINEL: AS LUTAS SE REFLETEM UMAS NAS OUTRAS<\/b><\/p>\n<p><span style=\"font-weight: 400;\">J\u00e1 \u00e9 uma tradi\u00e7\u00e3o do Curso de Ver\u00e3o que um painel reflita no palco do Teatro da Universidade Cat\u00f3lica de S\u00e3o Paulo uma s\u00edntese, por meio da arte, do conte\u00fado vivenciado durante o Curso. Neste ano, como em v\u00e1rios anteriores, o artista que fez o painel \u00e9\u00a0 Anderson Augusto.<\/span><\/p>\n<p><span style=\"font-weight: 400;\"><img loading=\"lazy\" class=\"alignnone wp-image-216067 size-full\" src=\"https:\/\/franciscanos.org.br\/noticias\/wp-content\/uploads\/2020\/01\/curso_170120_2.jpg\" alt=\"\" width=\"890\" height=\"500\" srcset=\"https:\/\/franciscanos.org.br\/noticias\/wp-content\/uploads\/2020\/01\/curso_170120_2.jpg 890w, https:\/\/franciscanos.org.br\/noticias\/wp-content\/uploads\/2020\/01\/curso_170120_2-450x253.jpg 450w, https:\/\/franciscanos.org.br\/noticias\/wp-content\/uploads\/2020\/01\/curso_170120_2-768x431.jpg 768w, https:\/\/franciscanos.org.br\/noticias\/wp-content\/uploads\/2020\/01\/curso_170120_2-150x84.jpg 150w\" sizes=\"(max-width: 890px) 100vw, 890px\" \/>O painel apresenta o di\u00e1logo encontrado em uma mesa de partilha. Na parte de tr\u00e1s, pessoas de religi\u00f5es diferentes, judeus, uma mulher mu\u00e7ulmana, um frei franciscano, uma monja budista que se conecta com uma ind\u00edgena, e a simbologia de que a cidade e o campo fazem parte de um todo e n\u00e3o devem ser pensados separadamente: \u201cAs lutas se refletem umas nas outras\u201d, disse.<\/span><\/p>\n<p><span style=\"font-weight: 400;\">Tudo e todos est\u00e3o com a mesma cor. \u201cEu n\u00e3o pintei todo mundo da sua cor de pele, eu pintei todo mundo com calor e luz, porque o encontro ilumina a todos\u201d, explicou.<\/span><\/p>\n<hr \/>\n<p style=\"text-align: center;\"><strong>VEJA MAIS IMAGENS<\/strong><\/p>\n<hr \/>\n\n\t\t<style type=\"text\/css\">\n\t\t\t#gallery-1 {\n\t\t\t\tmargin: auto;\n\t\t\t}\n\t\t\t#gallery-1 .gallery-item {\n\t\t\t\tfloat: left;\n\t\t\t\tmargin-top: 10px;\n\t\t\t\ttext-align: center;\n\t\t\t\twidth: 25%;\n\t\t\t}\n\t\t\t#gallery-1 img {\n\t\t\t\tborder: 2px solid #cfcfcf;\n\t\t\t}\n\t\t\t#gallery-1 .gallery-caption {\n\t\t\t\tmargin-left: 0;\n\t\t\t}\n\t\t\t\/* see gallery_shortcode() in wp-includes\/media.php *\/\n\t\t<\/style>\n\t\t<div id='gallery-1' class='gallery galleryid-216064 gallery-columns-4 gallery-size-thumbnail'><dl class='gallery-item'>\n\t\t\t<dt class='gallery-icon landscape'>\n\t\t\t\t<a href='https:\/\/franciscanos.org.br\/noticias\/wp-content\/uploads\/2020\/01\/curso_170120-2.jpg'><img width=\"300\" height=\"300\" src=\"https:\/\/franciscanos.org.br\/noticias\/wp-content\/uploads\/2020\/01\/curso_170120-2-300x300.jpg\" class=\"attachment-thumbnail size-thumbnail\" alt=\"\" loading=\"lazy\" srcset=\"https:\/\/franciscanos.org.br\/noticias\/wp-content\/uploads\/2020\/01\/curso_170120-2-300x300.jpg 300w, https:\/\/franciscanos.org.br\/noticias\/wp-content\/uploads\/2020\/01\/curso_170120-2-100x100.jpg 100w, https:\/\/franciscanos.org.br\/noticias\/wp-content\/uploads\/2020\/01\/curso_170120-2-400x400.jpg 400w\" sizes=\"(max-width: 300px) 100vw, 300px\" \/><\/a>\n\t\t\t<\/dt><\/dl><dl class='gallery-item'>\n\t\t\t<dt class='gallery-icon landscape'>\n\t\t\t\t<a href='https:\/\/franciscanos.org.br\/noticias\/wp-content\/uploads\/2020\/01\/curso_170120-4.jpg'><img width=\"300\" height=\"300\" src=\"https:\/\/franciscanos.org.br\/noticias\/wp-content\/uploads\/2020\/01\/curso_170120-4-300x300.jpg\" class=\"attachment-thumbnail size-thumbnail\" alt=\"\" loading=\"lazy\" srcset=\"https:\/\/franciscanos.org.br\/noticias\/wp-content\/uploads\/2020\/01\/curso_170120-4-300x300.jpg 300w, https:\/\/franciscanos.org.br\/noticias\/wp-content\/uploads\/2020\/01\/curso_170120-4-100x100.jpg 100w, https:\/\/franciscanos.org.br\/noticias\/wp-content\/uploads\/2020\/01\/curso_170120-4-400x400.jpg 400w\" sizes=\"(max-width: 300px) 100vw, 300px\" \/><\/a>\n\t\t\t<\/dt><\/dl><dl class='gallery-item'>\n\t\t\t<dt class='gallery-icon landscape'>\n\t\t\t\t<a href='https:\/\/franciscanos.org.br\/noticias\/wp-content\/uploads\/2020\/01\/curso_170120-9.jpg'><img width=\"300\" height=\"300\" src=\"https:\/\/franciscanos.org.br\/noticias\/wp-content\/uploads\/2020\/01\/curso_170120-9-300x300.jpg\" class=\"attachment-thumbnail size-thumbnail\" alt=\"\" loading=\"lazy\" srcset=\"https:\/\/franciscanos.org.br\/noticias\/wp-content\/uploads\/2020\/01\/curso_170120-9-300x300.jpg 300w, https:\/\/franciscanos.org.br\/noticias\/wp-content\/uploads\/2020\/01\/curso_170120-9-100x100.jpg 100w, https:\/\/franciscanos.org.br\/noticias\/wp-content\/uploads\/2020\/01\/curso_170120-9-400x400.jpg 400w\" sizes=\"(max-width: 300px) 100vw, 300px\" \/><\/a>\n\t\t\t<\/dt><\/dl><dl class='gallery-item'>\n\t\t\t<dt class='gallery-icon landscape'>\n\t\t\t\t<a href='https:\/\/franciscanos.org.br\/noticias\/wp-content\/uploads\/2020\/01\/curso_170120-8.jpg'><img width=\"300\" height=\"300\" src=\"https:\/\/franciscanos.org.br\/noticias\/wp-content\/uploads\/2020\/01\/curso_170120-8-300x300.jpg\" class=\"attachment-thumbnail size-thumbnail\" alt=\"\" loading=\"lazy\" srcset=\"https:\/\/franciscanos.org.br\/noticias\/wp-content\/uploads\/2020\/01\/curso_170120-8-300x300.jpg 300w, https:\/\/franciscanos.org.br\/noticias\/wp-content\/uploads\/2020\/01\/curso_170120-8-100x100.jpg 100w, https:\/\/franciscanos.org.br\/noticias\/wp-content\/uploads\/2020\/01\/curso_170120-8-400x400.jpg 400w\" sizes=\"(max-width: 300px) 100vw, 300px\" \/><\/a>\n\t\t\t<\/dt><\/dl><br style=\"clear: both\" \/><dl class='gallery-item'>\n\t\t\t<dt class='gallery-icon landscape'>\n\t\t\t\t<a href='https:\/\/franciscanos.org.br\/noticias\/wp-content\/uploads\/2020\/01\/curso_170120-10.jpg'><img width=\"300\" height=\"300\" src=\"https:\/\/franciscanos.org.br\/noticias\/wp-content\/uploads\/2020\/01\/curso_170120-10-300x300.jpg\" class=\"attachment-thumbnail size-thumbnail\" alt=\"\" loading=\"lazy\" srcset=\"https:\/\/franciscanos.org.br\/noticias\/wp-content\/uploads\/2020\/01\/curso_170120-10-300x300.jpg 300w, https:\/\/franciscanos.org.br\/noticias\/wp-content\/uploads\/2020\/01\/curso_170120-10-100x100.jpg 100w, https:\/\/franciscanos.org.br\/noticias\/wp-content\/uploads\/2020\/01\/curso_170120-10-400x400.jpg 400w\" sizes=\"(max-width: 300px) 100vw, 300px\" \/><\/a>\n\t\t\t<\/dt><\/dl><dl class='gallery-item'>\n\t\t\t<dt class='gallery-icon landscape'>\n\t\t\t\t<a href='https:\/\/franciscanos.org.br\/noticias\/wp-content\/uploads\/2020\/01\/curso_170120-1.jpg'><img width=\"300\" height=\"300\" src=\"https:\/\/franciscanos.org.br\/noticias\/wp-content\/uploads\/2020\/01\/curso_170120-1-300x300.jpg\" class=\"attachment-thumbnail size-thumbnail\" alt=\"\" loading=\"lazy\" srcset=\"https:\/\/franciscanos.org.br\/noticias\/wp-content\/uploads\/2020\/01\/curso_170120-1-300x300.jpg 300w, https:\/\/franciscanos.org.br\/noticias\/wp-content\/uploads\/2020\/01\/curso_170120-1-100x100.jpg 100w, https:\/\/franciscanos.org.br\/noticias\/wp-content\/uploads\/2020\/01\/curso_170120-1-400x400.jpg 400w\" sizes=\"(max-width: 300px) 100vw, 300px\" \/><\/a>\n\t\t\t<\/dt><\/dl><dl class='gallery-item'>\n\t\t\t<dt class='gallery-icon landscape'>\n\t\t\t\t<a href='https:\/\/franciscanos.org.br\/noticias\/wp-content\/uploads\/2020\/01\/curso_170120-3.jpg'><img width=\"300\" height=\"300\" src=\"https:\/\/franciscanos.org.br\/noticias\/wp-content\/uploads\/2020\/01\/curso_170120-3-300x300.jpg\" class=\"attachment-thumbnail size-thumbnail\" alt=\"\" loading=\"lazy\" srcset=\"https:\/\/franciscanos.org.br\/noticias\/wp-content\/uploads\/2020\/01\/curso_170120-3-300x300.jpg 300w, https:\/\/franciscanos.org.br\/noticias\/wp-content\/uploads\/2020\/01\/curso_170120-3-100x100.jpg 100w, https:\/\/franciscanos.org.br\/noticias\/wp-content\/uploads\/2020\/01\/curso_170120-3-400x400.jpg 400w\" sizes=\"(max-width: 300px) 100vw, 300px\" \/><\/a>\n\t\t\t<\/dt><\/dl><dl class='gallery-item'>\n\t\t\t<dt class='gallery-icon landscape'>\n\t\t\t\t<a href='https:\/\/franciscanos.org.br\/noticias\/wp-content\/uploads\/2020\/01\/curso_170120-5.jpg'><img width=\"300\" height=\"300\" src=\"https:\/\/franciscanos.org.br\/noticias\/wp-content\/uploads\/2020\/01\/curso_170120-5-300x300.jpg\" class=\"attachment-thumbnail size-thumbnail\" alt=\"\" loading=\"lazy\" srcset=\"https:\/\/franciscanos.org.br\/noticias\/wp-content\/uploads\/2020\/01\/curso_170120-5-300x300.jpg 300w, https:\/\/franciscanos.org.br\/noticias\/wp-content\/uploads\/2020\/01\/curso_170120-5-100x100.jpg 100w, https:\/\/franciscanos.org.br\/noticias\/wp-content\/uploads\/2020\/01\/curso_170120-5-400x400.jpg 400w\" sizes=\"(max-width: 300px) 100vw, 300px\" \/><\/a>\n\t\t\t<\/dt><\/dl><br style=\"clear: both\" \/><dl class='gallery-item'>\n\t\t\t<dt class='gallery-icon landscape'>\n\t\t\t\t<a href='https:\/\/franciscanos.org.br\/noticias\/wp-content\/uploads\/2020\/01\/curso_170120-6.jpg'><img width=\"300\" height=\"300\" src=\"https:\/\/franciscanos.org.br\/noticias\/wp-content\/uploads\/2020\/01\/curso_170120-6-300x300.jpg\" class=\"attachment-thumbnail size-thumbnail\" alt=\"\" loading=\"lazy\" srcset=\"https:\/\/franciscanos.org.br\/noticias\/wp-content\/uploads\/2020\/01\/curso_170120-6-300x300.jpg 300w, https:\/\/franciscanos.org.br\/noticias\/wp-content\/uploads\/2020\/01\/curso_170120-6-100x100.jpg 100w, https:\/\/franciscanos.org.br\/noticias\/wp-content\/uploads\/2020\/01\/curso_170120-6-400x400.jpg 400w\" sizes=\"(max-width: 300px) 100vw, 300px\" \/><\/a>\n\t\t\t<\/dt><\/dl><dl class='gallery-item'>\n\t\t\t<dt class='gallery-icon landscape'>\n\t\t\t\t<a href='https:\/\/franciscanos.org.br\/noticias\/wp-content\/uploads\/2020\/01\/curso_170120-7.jpg'><img width=\"300\" height=\"300\" src=\"https:\/\/franciscanos.org.br\/noticias\/wp-content\/uploads\/2020\/01\/curso_170120-7-300x300.jpg\" class=\"attachment-thumbnail size-thumbnail\" alt=\"\" loading=\"lazy\" srcset=\"https:\/\/franciscanos.org.br\/noticias\/wp-content\/uploads\/2020\/01\/curso_170120-7-300x300.jpg 300w, https:\/\/franciscanos.org.br\/noticias\/wp-content\/uploads\/2020\/01\/curso_170120-7-100x100.jpg 100w, https:\/\/franciscanos.org.br\/noticias\/wp-content\/uploads\/2020\/01\/curso_170120-7-400x400.jpg 400w\" sizes=\"(max-width: 300px) 100vw, 300px\" \/><\/a>\n\t\t\t<\/dt><\/dl><dl class='gallery-item'>\n\t\t\t<dt class='gallery-icon landscape'>\n\t\t\t\t<a href='https:\/\/franciscanos.org.br\/noticias\/wp-content\/uploads\/2020\/01\/curso_170120-12.jpg'><img width=\"300\" height=\"300\" src=\"https:\/\/franciscanos.org.br\/noticias\/wp-content\/uploads\/2020\/01\/curso_170120-12-300x300.jpg\" class=\"attachment-thumbnail size-thumbnail\" alt=\"\" loading=\"lazy\" srcset=\"https:\/\/franciscanos.org.br\/noticias\/wp-content\/uploads\/2020\/01\/curso_170120-12-300x300.jpg 300w, https:\/\/franciscanos.org.br\/noticias\/wp-content\/uploads\/2020\/01\/curso_170120-12-100x100.jpg 100w, https:\/\/franciscanos.org.br\/noticias\/wp-content\/uploads\/2020\/01\/curso_170120-12-400x400.jpg 400w\" sizes=\"(max-width: 300px) 100vw, 300px\" \/><\/a>\n\t\t\t<\/dt><\/dl><dl class='gallery-item'>\n\t\t\t<dt class='gallery-icon landscape'>\n\t\t\t\t<a href='https:\/\/franciscanos.org.br\/noticias\/wp-content\/uploads\/2020\/01\/curso_170120-13.jpg'><img width=\"300\" height=\"300\" src=\"https:\/\/franciscanos.org.br\/noticias\/wp-content\/uploads\/2020\/01\/curso_170120-13-300x300.jpg\" class=\"attachment-thumbnail size-thumbnail\" alt=\"\" loading=\"lazy\" srcset=\"https:\/\/franciscanos.org.br\/noticias\/wp-content\/uploads\/2020\/01\/curso_170120-13-300x300.jpg 300w, https:\/\/franciscanos.org.br\/noticias\/wp-content\/uploads\/2020\/01\/curso_170120-13-100x100.jpg 100w, https:\/\/franciscanos.org.br\/noticias\/wp-content\/uploads\/2020\/01\/curso_170120-13-400x400.jpg 400w\" sizes=\"(max-width: 300px) 100vw, 300px\" \/><\/a>\n\t\t\t<\/dt><\/dl><br style=\"clear: both\" \/><dl class='gallery-item'>\n\t\t\t<dt class='gallery-icon landscape'>\n\t\t\t\t<a href='https:\/\/franciscanos.org.br\/noticias\/wp-content\/uploads\/2020\/01\/curso_170120-14.jpg'><img width=\"300\" height=\"300\" src=\"https:\/\/franciscanos.org.br\/noticias\/wp-content\/uploads\/2020\/01\/curso_170120-14-300x300.jpg\" class=\"attachment-thumbnail size-thumbnail\" alt=\"\" loading=\"lazy\" srcset=\"https:\/\/franciscanos.org.br\/noticias\/wp-content\/uploads\/2020\/01\/curso_170120-14-300x300.jpg 300w, https:\/\/franciscanos.org.br\/noticias\/wp-content\/uploads\/2020\/01\/curso_170120-14-100x100.jpg 100w, https:\/\/franciscanos.org.br\/noticias\/wp-content\/uploads\/2020\/01\/curso_170120-14-400x400.jpg 400w\" sizes=\"(max-width: 300px) 100vw, 300px\" \/><\/a>\n\t\t\t<\/dt><\/dl><dl class='gallery-item'>\n\t\t\t<dt class='gallery-icon landscape'>\n\t\t\t\t<a href='https:\/\/franciscanos.org.br\/noticias\/wp-content\/uploads\/2020\/01\/curso_170120-11.jpg'><img width=\"300\" height=\"300\" src=\"https:\/\/franciscanos.org.br\/noticias\/wp-content\/uploads\/2020\/01\/curso_170120-11-300x300.jpg\" class=\"attachment-thumbnail size-thumbnail\" alt=\"\" loading=\"lazy\" srcset=\"https:\/\/franciscanos.org.br\/noticias\/wp-content\/uploads\/2020\/01\/curso_170120-11-300x300.jpg 300w, https:\/\/franciscanos.org.br\/noticias\/wp-content\/uploads\/2020\/01\/curso_170120-11-100x100.jpg 100w, https:\/\/franciscanos.org.br\/noticias\/wp-content\/uploads\/2020\/01\/curso_170120-11-400x400.jpg 400w\" sizes=\"(max-width: 300px) 100vw, 300px\" \/><\/a>\n\t\t\t<\/dt><\/dl><dl class='gallery-item'>\n\t\t\t<dt class='gallery-icon landscape'>\n\t\t\t\t<a href='https:\/\/franciscanos.org.br\/noticias\/wp-content\/uploads\/2020\/01\/curso_170120-15.jpg'><img width=\"300\" height=\"300\" src=\"https:\/\/franciscanos.org.br\/noticias\/wp-content\/uploads\/2020\/01\/curso_170120-15-300x300.jpg\" class=\"attachment-thumbnail size-thumbnail\" alt=\"\" loading=\"lazy\" srcset=\"https:\/\/franciscanos.org.br\/noticias\/wp-content\/uploads\/2020\/01\/curso_170120-15-300x300.jpg 300w, https:\/\/franciscanos.org.br\/noticias\/wp-content\/uploads\/2020\/01\/curso_170120-15-100x100.jpg 100w, https:\/\/franciscanos.org.br\/noticias\/wp-content\/uploads\/2020\/01\/curso_170120-15-400x400.jpg 400w\" sizes=\"(max-width: 300px) 100vw, 300px\" \/><\/a>\n\t\t\t<\/dt><\/dl><dl class='gallery-item'>\n\t\t\t<dt class='gallery-icon landscape'>\n\t\t\t\t<a href='https:\/\/franciscanos.org.br\/noticias\/wp-content\/uploads\/2020\/01\/curso_170120-16.jpg'><img width=\"300\" height=\"300\" src=\"https:\/\/franciscanos.org.br\/noticias\/wp-content\/uploads\/2020\/01\/curso_170120-16-300x300.jpg\" class=\"attachment-thumbnail size-thumbnail\" alt=\"\" loading=\"lazy\" srcset=\"https:\/\/franciscanos.org.br\/noticias\/wp-content\/uploads\/2020\/01\/curso_170120-16-300x300.jpg 300w, https:\/\/franciscanos.org.br\/noticias\/wp-content\/uploads\/2020\/01\/curso_170120-16-100x100.jpg 100w, https:\/\/franciscanos.org.br\/noticias\/wp-content\/uploads\/2020\/01\/curso_170120-16-400x400.jpg 400w\" sizes=\"(max-width: 300px) 100vw, 300px\" \/><\/a>\n\t\t\t<\/dt><\/dl><br style=\"clear: both\" \/><dl class='gallery-item'>\n\t\t\t<dt class='gallery-icon landscape'>\n\t\t\t\t<a href='https:\/\/franciscanos.org.br\/noticias\/wp-content\/uploads\/2020\/01\/curso_170120-17.jpg'><img width=\"300\" height=\"300\" src=\"https:\/\/franciscanos.org.br\/noticias\/wp-content\/uploads\/2020\/01\/curso_170120-17-300x300.jpg\" class=\"attachment-thumbnail size-thumbnail\" alt=\"\" loading=\"lazy\" srcset=\"https:\/\/franciscanos.org.br\/noticias\/wp-content\/uploads\/2020\/01\/curso_170120-17-300x300.jpg 300w, https:\/\/franciscanos.org.br\/noticias\/wp-content\/uploads\/2020\/01\/curso_170120-17-100x100.jpg 100w, https:\/\/franciscanos.org.br\/noticias\/wp-content\/uploads\/2020\/01\/curso_170120-17-400x400.jpg 400w\" sizes=\"(max-width: 300px) 100vw, 300px\" \/><\/a>\n\t\t\t<\/dt><\/dl><dl class='gallery-item'>\n\t\t\t<dt class='gallery-icon landscape'>\n\t\t\t\t<a href='https:\/\/franciscanos.org.br\/noticias\/wp-content\/uploads\/2020\/01\/curso_170120-18.jpg'><img width=\"300\" height=\"300\" src=\"https:\/\/franciscanos.org.br\/noticias\/wp-content\/uploads\/2020\/01\/curso_170120-18-300x300.jpg\" class=\"attachment-thumbnail size-thumbnail\" alt=\"\" loading=\"lazy\" srcset=\"https:\/\/franciscanos.org.br\/noticias\/wp-content\/uploads\/2020\/01\/curso_170120-18-300x300.jpg 300w, https:\/\/franciscanos.org.br\/noticias\/wp-content\/uploads\/2020\/01\/curso_170120-18-100x100.jpg 100w, https:\/\/franciscanos.org.br\/noticias\/wp-content\/uploads\/2020\/01\/curso_170120-18-400x400.jpg 400w\" sizes=\"(max-width: 300px) 100vw, 300px\" \/><\/a>\n\t\t\t<\/dt><\/dl><dl class='gallery-item'>\n\t\t\t<dt class='gallery-icon landscape'>\n\t\t\t\t<a href='https:\/\/franciscanos.org.br\/noticias\/wp-content\/uploads\/2020\/01\/curso_170120-19.jpg'><img width=\"300\" height=\"300\" src=\"https:\/\/franciscanos.org.br\/noticias\/wp-content\/uploads\/2020\/01\/curso_170120-19-300x300.jpg\" class=\"attachment-thumbnail size-thumbnail\" alt=\"\" loading=\"lazy\" srcset=\"https:\/\/franciscanos.org.br\/noticias\/wp-content\/uploads\/2020\/01\/curso_170120-19-300x300.jpg 300w, https:\/\/franciscanos.org.br\/noticias\/wp-content\/uploads\/2020\/01\/curso_170120-19-100x100.jpg 100w, https:\/\/franciscanos.org.br\/noticias\/wp-content\/uploads\/2020\/01\/curso_170120-19-400x400.jpg 400w\" sizes=\"(max-width: 300px) 100vw, 300px\" \/><\/a>\n\t\t\t<\/dt><\/dl><dl class='gallery-item'>\n\t\t\t<dt class='gallery-icon landscape'>\n\t\t\t\t<a href='https:\/\/franciscanos.org.br\/noticias\/wp-content\/uploads\/2020\/01\/curso_170120-20.jpg'><img width=\"300\" height=\"300\" src=\"https:\/\/franciscanos.org.br\/noticias\/wp-content\/uploads\/2020\/01\/curso_170120-20-300x300.jpg\" class=\"attachment-thumbnail size-thumbnail\" alt=\"\" loading=\"lazy\" srcset=\"https:\/\/franciscanos.org.br\/noticias\/wp-content\/uploads\/2020\/01\/curso_170120-20-300x300.jpg 300w, https:\/\/franciscanos.org.br\/noticias\/wp-content\/uploads\/2020\/01\/curso_170120-20-100x100.jpg 100w, https:\/\/franciscanos.org.br\/noticias\/wp-content\/uploads\/2020\/01\/curso_170120-20-400x400.jpg 400w\" sizes=\"(max-width: 300px) 100vw, 300px\" \/><\/a>\n\t\t\t<\/dt><\/dl><br style=\"clear: both\" \/><dl class='gallery-item'>\n\t\t\t<dt class='gallery-icon landscape'>\n\t\t\t\t<a href='https:\/\/franciscanos.org.br\/noticias\/wp-content\/uploads\/2020\/01\/curso_170120-21.jpg'><img width=\"300\" height=\"300\" src=\"https:\/\/franciscanos.org.br\/noticias\/wp-content\/uploads\/2020\/01\/curso_170120-21-300x300.jpg\" class=\"attachment-thumbnail size-thumbnail\" alt=\"\" loading=\"lazy\" srcset=\"https:\/\/franciscanos.org.br\/noticias\/wp-content\/uploads\/2020\/01\/curso_170120-21-300x300.jpg 300w, https:\/\/franciscanos.org.br\/noticias\/wp-content\/uploads\/2020\/01\/curso_170120-21-100x100.jpg 100w, https:\/\/franciscanos.org.br\/noticias\/wp-content\/uploads\/2020\/01\/curso_170120-21-400x400.jpg 400w\" sizes=\"(max-width: 300px) 100vw, 300px\" \/><\/a>\n\t\t\t<\/dt><\/dl><dl class='gallery-item'>\n\t\t\t<dt class='gallery-icon landscape'>\n\t\t\t\t<a href='https:\/\/franciscanos.org.br\/noticias\/wp-content\/uploads\/2020\/01\/curso_170120-22.jpg'><img width=\"300\" height=\"300\" src=\"https:\/\/franciscanos.org.br\/noticias\/wp-content\/uploads\/2020\/01\/curso_170120-22-300x300.jpg\" class=\"attachment-thumbnail size-thumbnail\" alt=\"\" loading=\"lazy\" srcset=\"https:\/\/franciscanos.org.br\/noticias\/wp-content\/uploads\/2020\/01\/curso_170120-22-300x300.jpg 300w, https:\/\/franciscanos.org.br\/noticias\/wp-content\/uploads\/2020\/01\/curso_170120-22-100x100.jpg 100w, https:\/\/franciscanos.org.br\/noticias\/wp-content\/uploads\/2020\/01\/curso_170120-22-400x400.jpg 400w\" sizes=\"(max-width: 300px) 100vw, 300px\" \/><\/a>\n\t\t\t<\/dt><\/dl><dl class='gallery-item'>\n\t\t\t<dt class='gallery-icon landscape'>\n\t\t\t\t<a href='https:\/\/franciscanos.org.br\/noticias\/wp-content\/uploads\/2020\/01\/curso_170120-23.jpg'><img width=\"300\" height=\"300\" src=\"https:\/\/franciscanos.org.br\/noticias\/wp-content\/uploads\/2020\/01\/curso_170120-23-300x300.jpg\" class=\"attachment-thumbnail size-thumbnail\" alt=\"\" loading=\"lazy\" srcset=\"https:\/\/franciscanos.org.br\/noticias\/wp-content\/uploads\/2020\/01\/curso_170120-23-300x300.jpg 300w, https:\/\/franciscanos.org.br\/noticias\/wp-content\/uploads\/2020\/01\/curso_170120-23-100x100.jpg 100w, https:\/\/franciscanos.org.br\/noticias\/wp-content\/uploads\/2020\/01\/curso_170120-23-400x400.jpg 400w\" sizes=\"(max-width: 300px) 100vw, 300px\" \/><\/a>\n\t\t\t<\/dt><\/dl><dl class='gallery-item'>\n\t\t\t<dt class='gallery-icon landscape'>\n\t\t\t\t<a href='https:\/\/franciscanos.org.br\/noticias\/wp-content\/uploads\/2020\/01\/curso_170120-24.jpg'><img width=\"300\" height=\"300\" src=\"https:\/\/franciscanos.org.br\/noticias\/wp-content\/uploads\/2020\/01\/curso_170120-24-300x300.jpg\" class=\"attachment-thumbnail size-thumbnail\" alt=\"\" loading=\"lazy\" srcset=\"https:\/\/franciscanos.org.br\/noticias\/wp-content\/uploads\/2020\/01\/curso_170120-24-300x300.jpg 300w, https:\/\/franciscanos.org.br\/noticias\/wp-content\/uploads\/2020\/01\/curso_170120-24-100x100.jpg 100w, https:\/\/franciscanos.org.br\/noticias\/wp-content\/uploads\/2020\/01\/curso_170120-24-400x400.jpg 400w\" sizes=\"(max-width: 300px) 100vw, 300px\" \/><\/a>\n\t\t\t<\/dt><\/dl><br style=\"clear: both\" \/><dl class='gallery-item'>\n\t\t\t<dt class='gallery-icon landscape'>\n\t\t\t\t<a href='https:\/\/franciscanos.org.br\/noticias\/wp-content\/uploads\/2020\/01\/curso_170120-25.jpg'><img width=\"300\" height=\"300\" src=\"https:\/\/franciscanos.org.br\/noticias\/wp-content\/uploads\/2020\/01\/curso_170120-25-300x300.jpg\" class=\"attachment-thumbnail size-thumbnail\" alt=\"\" loading=\"lazy\" srcset=\"https:\/\/franciscanos.org.br\/noticias\/wp-content\/uploads\/2020\/01\/curso_170120-25-300x300.jpg 300w, https:\/\/franciscanos.org.br\/noticias\/wp-content\/uploads\/2020\/01\/curso_170120-25-100x100.jpg 100w, https:\/\/franciscanos.org.br\/noticias\/wp-content\/uploads\/2020\/01\/curso_170120-25-400x400.jpg 400w\" sizes=\"(max-width: 300px) 100vw, 300px\" \/><\/a>\n\t\t\t<\/dt><\/dl><dl class='gallery-item'>\n\t\t\t<dt class='gallery-icon landscape'>\n\t\t\t\t<a href='https:\/\/franciscanos.org.br\/noticias\/wp-content\/uploads\/2020\/01\/curso_170120-29.jpg'><img width=\"300\" height=\"300\" src=\"https:\/\/franciscanos.org.br\/noticias\/wp-content\/uploads\/2020\/01\/curso_170120-29-300x300.jpg\" class=\"attachment-thumbnail size-thumbnail\" alt=\"\" loading=\"lazy\" srcset=\"https:\/\/franciscanos.org.br\/noticias\/wp-content\/uploads\/2020\/01\/curso_170120-29-300x300.jpg 300w, https:\/\/franciscanos.org.br\/noticias\/wp-content\/uploads\/2020\/01\/curso_170120-29-100x100.jpg 100w, https:\/\/franciscanos.org.br\/noticias\/wp-content\/uploads\/2020\/01\/curso_170120-29-400x400.jpg 400w\" sizes=\"(max-width: 300px) 100vw, 300px\" \/><\/a>\n\t\t\t<\/dt><\/dl><dl class='gallery-item'>\n\t\t\t<dt class='gallery-icon landscape'>\n\t\t\t\t<a href='https:\/\/franciscanos.org.br\/noticias\/wp-content\/uploads\/2020\/01\/curso_170120-27.jpg'><img width=\"300\" height=\"300\" src=\"https:\/\/franciscanos.org.br\/noticias\/wp-content\/uploads\/2020\/01\/curso_170120-27-300x300.jpg\" class=\"attachment-thumbnail size-thumbnail\" alt=\"\" loading=\"lazy\" srcset=\"https:\/\/franciscanos.org.br\/noticias\/wp-content\/uploads\/2020\/01\/curso_170120-27-300x300.jpg 300w, https:\/\/franciscanos.org.br\/noticias\/wp-content\/uploads\/2020\/01\/curso_170120-27-100x100.jpg 100w, https:\/\/franciscanos.org.br\/noticias\/wp-content\/uploads\/2020\/01\/curso_170120-27-400x400.jpg 400w\" sizes=\"(max-width: 300px) 100vw, 300px\" \/><\/a>\n\t\t\t<\/dt><\/dl><dl class='gallery-item'>\n\t\t\t<dt class='gallery-icon landscape'>\n\t\t\t\t<a href='https:\/\/franciscanos.org.br\/noticias\/wp-content\/uploads\/2020\/01\/curso_170120-26.jpg'><img width=\"300\" height=\"300\" src=\"https:\/\/franciscanos.org.br\/noticias\/wp-content\/uploads\/2020\/01\/curso_170120-26-300x300.jpg\" class=\"attachment-thumbnail size-thumbnail\" alt=\"\" loading=\"lazy\" srcset=\"https:\/\/franciscanos.org.br\/noticias\/wp-content\/uploads\/2020\/01\/curso_170120-26-300x300.jpg 300w, https:\/\/franciscanos.org.br\/noticias\/wp-content\/uploads\/2020\/01\/curso_170120-26-100x100.jpg 100w, https:\/\/franciscanos.org.br\/noticias\/wp-content\/uploads\/2020\/01\/curso_170120-26-400x400.jpg 400w\" sizes=\"(max-width: 300px) 100vw, 300px\" \/><\/a>\n\t\t\t<\/dt><\/dl><br style=\"clear: both\" \/>\n\t\t<\/div>\n\n","protected":false},"excerpt":{"rendered":"<p>33\u00aa edi\u00e7\u00e3o do Curso de Ver\u00e3o 2020<\/p>\n","protected":false},"author":5,"featured_media":216072,"comment_status":"open","ping_status":"open","sticky":false,"template":"","format":"standard","meta":[],"categories":[1],"tags":[1151,1420],"acf":[],"yoast_head":"<!-- This site is optimized with the Yoast SEO plugin v19.2 - https:\/\/yoast.com\/wordpress\/plugins\/seo\/ -->\n<title>Jovens e frades da Prov\u00edncia participam do 33\u00ba Curso de Ver\u00e3o - Not\u00edcias - Franciscanos<\/title>\n<meta name=\"robots\" content=\"index, follow, max-snippet:-1, max-image-preview:large, max-video-preview:-1\" \/>\n<link rel=\"canonical\" href=\"https:\/\/franciscanos.org.br\/noticias\/jovens-e-frades-da-provincia-participam-do-33o-curso-de-verao.html\" \/>\n<meta property=\"og:locale\" content=\"pt_BR\" \/>\n<meta property=\"og:type\" content=\"article\" \/>\n<meta property=\"og:title\" content=\"Jovens e frades da Prov\u00edncia participam do 33\u00ba Curso de Ver\u00e3o - Not\u00edcias - Franciscanos\" \/>\n<meta property=\"og:description\" content=\"33\u00aa edi\u00e7\u00e3o do Curso de Ver\u00e3o 2020\" \/>\n<meta property=\"og:url\" content=\"https:\/\/franciscanos.org.br\/noticias\/jovens-e-frades-da-provincia-participam-do-33o-curso-de-verao.html\" \/>\n<meta property=\"og:site_name\" content=\"Not\u00edcias - Franciscanos\" \/>\n<meta property=\"article:published_time\" content=\"2020-01-17T16:48:14+00:00\" \/>\n<meta property=\"article:modified_time\" content=\"2020-01-21T13:04:47+00:00\" \/>\n<meta property=\"og:image\" content=\"https:\/\/franciscanos.org.br\/noticias\/wp-content\/uploads\/2020\/01\/curso_170120_destaque.jpg\" \/>\n\t<meta property=\"og:image:width\" content=\"273\" \/>\n\t<meta property=\"og:image:height\" content=\"181\" \/>\n\t<meta property=\"og:image:type\" content=\"image\/jpeg\" \/>\n<meta name=\"author\" content=\"freiaugusto\" \/>\n<meta name=\"twitter:card\" content=\"summary_large_image\" \/>\n<meta name=\"twitter:label1\" content=\"Escrito por\" \/>\n\t<meta name=\"twitter:data1\" content=\"freiaugusto\" \/>\n\t<meta name=\"twitter:label2\" content=\"Est. tempo de leitura\" \/>\n\t<meta name=\"twitter:data2\" content=\"9 minutos\" \/>\n<script type=\"application\/ld+json\" class=\"yoast-schema-graph\">{\"@context\":\"https:\/\/schema.org\",\"@graph\":[{\"@type\":\"WebSite\",\"@id\":\"https:\/\/franciscanos.org.br\/noticias\/#website\",\"url\":\"https:\/\/franciscanos.org.br\/noticias\/\",\"name\":\"Not\u00edcias - Franciscanos\",\"description\":\"Prov\u00edncia Franciscana da Imaculada Concei\u00e7\u00e3o do Brasil - Ordem dos Frades Menores - OFM\",\"potentialAction\":[{\"@type\":\"SearchAction\",\"target\":{\"@type\":\"EntryPoint\",\"urlTemplate\":\"https:\/\/franciscanos.org.br\/noticias\/?s={search_term_string}\"},\"query-input\":\"required name=search_term_string\"}],\"inLanguage\":\"pt-BR\"},{\"@type\":\"ImageObject\",\"inLanguage\":\"pt-BR\",\"@id\":\"https:\/\/franciscanos.org.br\/noticias\/jovens-e-frades-da-provincia-participam-do-33o-curso-de-verao.html#primaryimage\",\"url\":\"https:\/\/franciscanos.org.br\/noticias\/wp-content\/uploads\/2020\/01\/curso_170120_destaque.jpg\",\"contentUrl\":\"https:\/\/franciscanos.org.br\/noticias\/wp-content\/uploads\/2020\/01\/curso_170120_destaque.jpg\",\"width\":273,\"height\":181},{\"@type\":\"WebPage\",\"@id\":\"https:\/\/franciscanos.org.br\/noticias\/jovens-e-frades-da-provincia-participam-do-33o-curso-de-verao.html#webpage\",\"url\":\"https:\/\/franciscanos.org.br\/noticias\/jovens-e-frades-da-provincia-participam-do-33o-curso-de-verao.html\",\"name\":\"Jovens e frades da Prov\u00edncia participam do 33\u00ba Curso de Ver\u00e3o - Not\u00edcias - Franciscanos\",\"isPartOf\":{\"@id\":\"https:\/\/franciscanos.org.br\/noticias\/#website\"},\"primaryImageOfPage\":{\"@id\":\"https:\/\/franciscanos.org.br\/noticias\/jovens-e-frades-da-provincia-participam-do-33o-curso-de-verao.html#primaryimage\"},\"datePublished\":\"2020-01-17T16:48:14+00:00\",\"dateModified\":\"2020-01-21T13:04:47+00:00\",\"author\":{\"@id\":\"https:\/\/franciscanos.org.br\/noticias\/#\/schema\/person\/37f88f0d111cd5358b12a6556a99eb91\"},\"breadcrumb\":{\"@id\":\"https:\/\/franciscanos.org.br\/noticias\/jovens-e-frades-da-provincia-participam-do-33o-curso-de-verao.html#breadcrumb\"},\"inLanguage\":\"pt-BR\",\"potentialAction\":[{\"@type\":\"ReadAction\",\"target\":[\"https:\/\/franciscanos.org.br\/noticias\/jovens-e-frades-da-provincia-participam-do-33o-curso-de-verao.html\"]}]},{\"@type\":\"BreadcrumbList\",\"@id\":\"https:\/\/franciscanos.org.br\/noticias\/jovens-e-frades-da-provincia-participam-do-33o-curso-de-verao.html#breadcrumb\",\"itemListElement\":[{\"@type\":\"ListItem\",\"position\":1,\"name\":\"Home\",\"item\":\"https:\/\/franciscanos.org.br\/noticias\"},{\"@type\":\"ListItem\",\"position\":2,\"name\":\"Jovens e frades da Prov\u00edncia participam do 33\u00ba Curso de Ver\u00e3o\"}]},{\"@type\":\"Person\",\"@id\":\"https:\/\/franciscanos.org.br\/noticias\/#\/schema\/person\/37f88f0d111cd5358b12a6556a99eb91\",\"name\":\"freiaugusto\",\"image\":{\"@type\":\"ImageObject\",\"inLanguage\":\"pt-BR\",\"@id\":\"https:\/\/franciscanos.org.br\/noticias\/#\/schema\/person\/image\/\",\"url\":\"https:\/\/secure.gravatar.com\/avatar\/9840b940e621801b24f3e6b059efb4b7?s=96&d=mm&r=g\",\"contentUrl\":\"https:\/\/secure.gravatar.com\/avatar\/9840b940e621801b24f3e6b059efb4b7?s=96&d=mm&r=g\",\"caption\":\"freiaugusto\"},\"url\":\"https:\/\/franciscanos.org.br\/noticias\/author\/freiaugusto\"}]}<\/script>\n<!-- \/ Yoast SEO plugin. -->","yoast_head_json":{"title":"Jovens e frades da Prov\u00edncia participam do 33\u00ba Curso de Ver\u00e3o - Not\u00edcias - Franciscanos","robots":{"index":"index","follow":"follow","max-snippet":"max-snippet:-1","max-image-preview":"max-image-preview:large","max-video-preview":"max-video-preview:-1"},"canonical":"https:\/\/franciscanos.org.br\/noticias\/jovens-e-frades-da-provincia-participam-do-33o-curso-de-verao.html","og_locale":"pt_BR","og_type":"article","og_title":"Jovens e frades da Prov\u00edncia participam do 33\u00ba Curso de Ver\u00e3o - Not\u00edcias - Franciscanos","og_description":"33\u00aa edi\u00e7\u00e3o do Curso de Ver\u00e3o 2020","og_url":"https:\/\/franciscanos.org.br\/noticias\/jovens-e-frades-da-provincia-participam-do-33o-curso-de-verao.html","og_site_name":"Not\u00edcias - Franciscanos","article_published_time":"2020-01-17T16:48:14+00:00","article_modified_time":"2020-01-21T13:04:47+00:00","og_image":[{"width":273,"height":181,"url":"https:\/\/franciscanos.org.br\/noticias\/wp-content\/uploads\/2020\/01\/curso_170120_destaque.jpg","type":"image\/jpeg"}],"author":"freiaugusto","twitter_card":"summary_large_image","twitter_misc":{"Escrito por":"freiaugusto","Est. tempo de leitura":"9 minutos"},"schema":{"@context":"https:\/\/schema.org","@graph":[{"@type":"WebSite","@id":"https:\/\/franciscanos.org.br\/noticias\/#website","url":"https:\/\/franciscanos.org.br\/noticias\/","name":"Not\u00edcias - Franciscanos","description":"Prov\u00edncia Franciscana da Imaculada Concei\u00e7\u00e3o do Brasil - Ordem dos Frades Menores - OFM","potentialAction":[{"@type":"SearchAction","target":{"@type":"EntryPoint","urlTemplate":"https:\/\/franciscanos.org.br\/noticias\/?s={search_term_string}"},"query-input":"required name=search_term_string"}],"inLanguage":"pt-BR"},{"@type":"ImageObject","inLanguage":"pt-BR","@id":"https:\/\/franciscanos.org.br\/noticias\/jovens-e-frades-da-provincia-participam-do-33o-curso-de-verao.html#primaryimage","url":"https:\/\/franciscanos.org.br\/noticias\/wp-content\/uploads\/2020\/01\/curso_170120_destaque.jpg","contentUrl":"https:\/\/franciscanos.org.br\/noticias\/wp-content\/uploads\/2020\/01\/curso_170120_destaque.jpg","width":273,"height":181},{"@type":"WebPage","@id":"https:\/\/franciscanos.org.br\/noticias\/jovens-e-frades-da-provincia-participam-do-33o-curso-de-verao.html#webpage","url":"https:\/\/franciscanos.org.br\/noticias\/jovens-e-frades-da-provincia-participam-do-33o-curso-de-verao.html","name":"Jovens e frades da Prov\u00edncia participam do 33\u00ba Curso de Ver\u00e3o - Not\u00edcias - Franciscanos","isPartOf":{"@id":"https:\/\/franciscanos.org.br\/noticias\/#website"},"primaryImageOfPage":{"@id":"https:\/\/franciscanos.org.br\/noticias\/jovens-e-frades-da-provincia-participam-do-33o-curso-de-verao.html#primaryimage"},"datePublished":"2020-01-17T16:48:14+00:00","dateModified":"2020-01-21T13:04:47+00:00","author":{"@id":"https:\/\/franciscanos.org.br\/noticias\/#\/schema\/person\/37f88f0d111cd5358b12a6556a99eb91"},"breadcrumb":{"@id":"https:\/\/franciscanos.org.br\/noticias\/jovens-e-frades-da-provincia-participam-do-33o-curso-de-verao.html#breadcrumb"},"inLanguage":"pt-BR","potentialAction":[{"@type":"ReadAction","target":["https:\/\/franciscanos.org.br\/noticias\/jovens-e-frades-da-provincia-participam-do-33o-curso-de-verao.html"]}]},{"@type":"BreadcrumbList","@id":"https:\/\/franciscanos.org.br\/noticias\/jovens-e-frades-da-provincia-participam-do-33o-curso-de-verao.html#breadcrumb","itemListElement":[{"@type":"ListItem","position":1,"name":"Home","item":"https:\/\/franciscanos.org.br\/noticias"},{"@type":"ListItem","position":2,"name":"Jovens e frades da Prov\u00edncia participam do 33\u00ba Curso de Ver\u00e3o"}]},{"@type":"Person","@id":"https:\/\/franciscanos.org.br\/noticias\/#\/schema\/person\/37f88f0d111cd5358b12a6556a99eb91","name":"freiaugusto","image":{"@type":"ImageObject","inLanguage":"pt-BR","@id":"https:\/\/franciscanos.org.br\/noticias\/#\/schema\/person\/image\/","url":"https:\/\/secure.gravatar.com\/avatar\/9840b940e621801b24f3e6b059efb4b7?s=96&d=mm&r=g","contentUrl":"https:\/\/secure.gravatar.com\/avatar\/9840b940e621801b24f3e6b059efb4b7?s=96&d=mm&r=g","caption":"freiaugusto"},"url":"https:\/\/franciscanos.org.br\/noticias\/author\/freiaugusto"}]}},"_links":{"self":[{"href":"https:\/\/franciscanos.org.br\/noticias\/wp-json\/wp\/v2\/posts\/216064"}],"collection":[{"href":"https:\/\/franciscanos.org.br\/noticias\/wp-json\/wp\/v2\/posts"}],"about":[{"href":"https:\/\/franciscanos.org.br\/noticias\/wp-json\/wp\/v2\/types\/post"}],"author":[{"embeddable":true,"href":"https:\/\/franciscanos.org.br\/noticias\/wp-json\/wp\/v2\/users\/5"}],"replies":[{"embeddable":true,"href":"https:\/\/franciscanos.org.br\/noticias\/wp-json\/wp\/v2\/comments?post=216064"}],"version-history":[{"count":0,"href":"https:\/\/franciscanos.org.br\/noticias\/wp-json\/wp\/v2\/posts\/216064\/revisions"}],"wp:featuredmedia":[{"embeddable":true,"href":"https:\/\/franciscanos.org.br\/noticias\/wp-json\/wp\/v2\/media\/216072"}],"wp:attachment":[{"href":"https:\/\/franciscanos.org.br\/noticias\/wp-json\/wp\/v2\/media?parent=216064"}],"wp:term":[{"taxonomy":"category","embeddable":true,"href":"https:\/\/franciscanos.org.br\/noticias\/wp-json\/wp\/v2\/categories?post=216064"},{"taxonomy":"post_tag","embeddable":true,"href":"https:\/\/franciscanos.org.br\/noticias\/wp-json\/wp\/v2\/tags?post=216064"}],"curies":[{"name":"wp","href":"https:\/\/api.w.org\/{rel}","templated":true}]}}