{"id":216056,"date":"2020-01-17T13:37:07","date_gmt":"2020-01-17T16:37:07","guid":{"rendered":"https:\/\/franciscanos.org.br\/noticias\/?p=216056"},"modified":"2020-01-17T13:37:07","modified_gmt":"2020-01-17T16:37:07","slug":"carta-de-compromisso-do-33o-curso-de-verao-de-2020","status":"publish","type":"post","link":"https:\/\/franciscanos.org.br\/noticias\/carta-de-compromisso-do-33o-curso-de-verao-de-2020.html","title":{"rendered":"Carta de Compromisso do 33\u00ba Curso de Ver\u00e3o de 2020"},"content":{"rendered":"<p><img loading=\"lazy\" class=\"alignnone wp-image-216061 size-full\" src=\"https:\/\/franciscanos.org.br\/noticias\/wp-content\/uploads\/2020\/01\/curso_170120_6.jpg\" alt=\"\" width=\"890\" height=\"500\" srcset=\"https:\/\/franciscanos.org.br\/noticias\/wp-content\/uploads\/2020\/01\/curso_170120_6.jpg 890w, https:\/\/franciscanos.org.br\/noticias\/wp-content\/uploads\/2020\/01\/curso_170120_6-450x253.jpg 450w, https:\/\/franciscanos.org.br\/noticias\/wp-content\/uploads\/2020\/01\/curso_170120_6-768x431.jpg 768w, https:\/\/franciscanos.org.br\/noticias\/wp-content\/uploads\/2020\/01\/curso_170120_6-150x84.jpg 150w\" sizes=\"(max-width: 890px) 100vw, 890px\" \/><\/p>\n<p><em>Tocados por tantos testemunhos e renovados pelo Esp\u00edrito, voltamos enriquecidos para nossas fam\u00edlias, comunidades e demais espa\u00e7os de vida e trabalhos, depois da rica experi\u00eancia ecum\u00eanica e inter-religiosa de acolhida, partilha, celebra\u00e7\u00e3o, festa, encontro e compromisso, vivenciada no 33\u00ba Curso de Ver\u00e3o, de 08 a 16 de janeiro de 2020: ESPIRITUALIDADES NA CIDADE: POR UMA DIMENS\u00c3O LIBERTADORA.<\/em><\/p>\n<p><em>O Curso foi organizado pelo Centro Ecum\u00eanico de Servi\u00e7os \u00e0 Evangeliza\u00e7\u00e3o e Educa\u00e7\u00e3o Popular \u2013 CESEEP, em parceria com a Pontif\u00edcia Universidade Cat\u00f3lica de S\u00e3o Paulo (PUC-SP), o Teatro da Universidade Cat\u00f3lica (TUCA) e com o apoio e colabora\u00e7\u00e3o de outras pessoas, entidades, movimentos sociais, Igrejas, comunidades e fam\u00edlias. Cada qual contribuiu, de forma generosa e gratuita, para a forma\u00e7\u00e3o de lideran\u00e7as pastorais e sociais num grande mutir\u00e3o.<\/em><\/p>\n<p><em>Neste ano, o curso reuniu 479 pessoas entre participantes (341), 06 assessores\/as, 132 volunt\u00e1rios\/as, dos quais 71 eram monitores\/as e 61 integrantes das equipes de servi\u00e7o. Eram pessoas de diferentes Igrejas crist\u00e3s, religi\u00f5es e filosofias de vida que vieram de todas as regi\u00f5es do Brasil, de outros pa\u00edses latino-americanos, da \u00c1frica e da Europa. Al\u00e9m delas, passaram pelo TUCA mais de 200 visitantes, que chegaram a cada dia para as atividades das manh\u00e3s.<\/em><\/p>\n<p><em>Os momentos orantes e as palestras da parte da manh\u00e3 no TUCA, assim como as celebra\u00e7\u00f5es de abertura e encerramento\u00a0 foram transmitidas ao vivo pela equipe de comunica\u00e7\u00e3o do Curso no canal do YouTube e tiveram mais de 16 mil visualiza\u00e7\u00f5es. Houve ainda a divulga\u00e7\u00e3o de boletins di\u00e1rios e publica\u00e7\u00f5es (not\u00edcias, v\u00eddeos, fotos, \u00e1udios&#8230;) na p\u00e1gina do Facebook, que alcan\u00e7aram mais de 30 mil pessoas, bem como intera\u00e7\u00f5es nos sites oficiais do CESEEP e do Curso, no Instagram, no Flickr, no Whatsapp e por E- mail.<\/em><\/p>\n<p><em>Estiveram na abertura do evento e saudaram as\/os participantes a Reitora da PUC, Professora Maria Am\u00e1lia Pie Abib Andery, o Pr\u00f3-reitor de Cultura e Rela\u00e7\u00f5es Comunit\u00e1rias da PUC, Prof. Ant\u00f4nio Carlos Malheiros, membros da diretoria da CESEEP, a pastora luterana Haidi Jarschel, sua vice-presidente representando o Presidente, Pe. Benedito Ferraro, o prof. Wagner Lopes Sanchez, seu secret\u00e1rio, o Prof. Luiz Eduardo W. Wanderley, que por mais de vinte e cinco anos foi seu vice-presidente, al\u00e9m do Pe. Jos\u00e9 Oscar Beozzo, coordenador geral do CESEEP e de Cec\u00edlia Bernardete Franco, coordenadora do Curso de Ver\u00e3o.<\/em><\/p>\n<p><em>Interpelados pela dura realidade dos mais pobres e movidos por testemunhos prof\u00e9ticos e comoventes, acerca das espiritualidades na cidade, trazidos pelos assessores\/as e por participantes nas tendas, <strong>assumimos compromissos <\/strong>em rela\u00e7\u00e3o:<\/em><\/p>\n<h1>1.\u00a0 \u00c0 REALIDADE ECON\u00d4MICO-SOCIAL, \u00c0S M\u00cdDIAS E \u00c0 PARTICIPA\u00c7\u00c3O POPULAR<\/h1>\n<ul>\n<li>Repensar a realidade em conjunto; escutar com sensibilidade e simpatia o clamor das pessoas em situa\u00e7\u00e3o de exclus\u00e3o nas periferias reais e existenciais; assumir suas causas, mesmo tendo d\u00favidas, e fortalecer a luta popular, no combate \u00e0s<\/li>\n<li>Conhecer as ra\u00edzes da crise brasileira e mundial a partir da leitura do modelo econ\u00f4mico<\/li>\n<li>Comprometer-se com a partilha dos bens materiais e com seu consumo consciente e s\u00f3brio, em busca de maior igualdade e justi\u00e7a social.<\/li>\n<li>Promover a reflex\u00e3o acerca da consci\u00eancia de classe, do consumismo, da propaganda comercial e ideol\u00f3gica, da influ\u00eancia da m\u00eddia e da import\u00e2ncia da participa\u00e7\u00e3o<\/li>\n<li>Promover nas comunidades a pr\u00e1tica da an\u00e1lise de conjuntura, a partir do enfoque da realidade sofrida das grandes maiorias e de um olhar atento \u00e0s minorias e \u00e0s suas<\/li>\n<li>Buscar a informa\u00e7\u00e3o em m\u00eddias confi\u00e1veis; produzir e espalhar apenas conte\u00fados verdadeiros, com responsabilidade \u00e9tica em rela\u00e7\u00e3o \u00e0 informa\u00e7\u00e3o e educar-se para um exame cr\u00edtico do que \u00e9 veiculado nas redes<\/li>\n<li>Democratizar a comunica\u00e7\u00e3o e valorizar as m\u00eddias alternativas para uma leitura cr\u00edtica no mundo da informa\u00e7\u00e3o.<\/li>\n<li>Garantir espa\u00e7os coletivos de escuta que gerem uma articula\u00e7\u00e3o comunit\u00e1ria em vista de projetos sociais voltados para pessoas mais vulner\u00e1veis.<\/li>\n<li>Estar atentos para a constru\u00e7\u00e3o das alian\u00e7as e parcerias nas pr\u00f3ximas elei\u00e7\u00f5es.<\/li>\n<li>Manter o di\u00e1logo com todos e cultivar sementes do pensamento cr\u00edtico.<\/li>\n<\/ul>\n<h1>2.\u00a0 \u00c0 ESPIRITUALIDADE MILITANTE E ESPERAN\u00c7ADORA<\/h1>\n<ul>\n<li>Assumir o Pacto das Catacumbas pelo cuidado da <em>Casa Comum <\/em>na busca por uma conviv\u00eancia ecol\u00f3gica integral, com a natureza e os demais<\/li>\n<li>Trabalhar com as novas lideran\u00e7as para se alcan\u00e7ar um olhar mais amplo da realidade social e do campo religioso e para acolher a rica diversidade de perten\u00e7as religiosas e de caminhos<\/li>\n<li>Cultivar, numa atitude de respeito para com a diversidade, a escuta atenta da realidade e das pessoas, sabendo que tudo est\u00e1 interligado.<\/li>\n<li>Aproximar-se uns dos outros, dialogando mais com a sociedade e levar para as pessoas do nosso conv\u00edvio a experi\u00eancia de que \u00e9 poss\u00edvel quebrar paradigmas frutos de preconceitos, discrimina\u00e7\u00e3o e exclus\u00e3o e manter viva a esperan\u00e7a.<\/li>\n<li>Desenvolver o di\u00e1logo ecum\u00eanico e inter-religioso e lutar pela causa do bem comum e do bem<\/li>\n<li>Caminhar para uma m\u00edstica libertadora, sustent\u00e1vel e perseverante, identificando as belezas que existem para al\u00e9m de nossas comunidades, construindo pontes e unindo<\/li>\n<li>Organizar redes de assessoria para movimentos populares, no campo da espiritualidade e da milit\u00e2ncia.<\/li>\n<li>Atrav\u00e9s da noite escura da f\u00e9, manter a confian\u00e7a no Amado, em solidariedade com todos que trilham esse<\/li>\n<li>Sair da nossa zona de conforto para abra\u00e7ar a espiritualidade de Jesus: ecum\u00eanica, samaritana e<\/li>\n<\/ul>\n<p>Encerramos nossa jornada, dando gra\u00e7as pelo caminho percorrido, com os olhos j\u00e1 voltados para o 34\u00ba. Curso de Ver\u00e3o, de 07 a 15 de janeiro de 2021, com o tema, CUIDAR DA CASA COMUM: POR UMA CIDADE SUSTENT\u00c1VEL.<\/p>\n<p style=\"text-align: right;\"><em>S\u00e3o Paulo, 16 de janeiro de 2020 &#8211; <a href=\"http:\/\/www.cursodeverao.com\/\">www.cursodeverao.com <\/a>&#8211; CESEEP: <a href=\"http:\/\/www.ceseep.org.br\/\">www.ceseep.org.br<\/a><\/em><\/p>\n","protected":false},"excerpt":{"rendered":"<p>Veja na \u00edntegra a Carta Compromisso do 33\u00ba Curso de Ver\u00e3o<\/p>\n","protected":false},"author":5,"featured_media":216065,"comment_status":"open","ping_status":"open","sticky":false,"template":"","format":"standard","meta":[],"categories":[1],"tags":[1151,1420],"acf":[],"yoast_head":"<!-- This site is optimized with the Yoast SEO plugin v19.2 - https:\/\/yoast.com\/wordpress\/plugins\/seo\/ -->\n<title>Carta de Compromisso do 33\u00ba Curso de Ver\u00e3o de 2020 - Not\u00edcias - Franciscanos<\/title>\n<meta name=\"robots\" content=\"index, follow, max-snippet:-1, max-image-preview:large, max-video-preview:-1\" \/>\n<link rel=\"canonical\" href=\"https:\/\/franciscanos.org.br\/noticias\/carta-de-compromisso-do-33o-curso-de-verao-de-2020.html\" \/>\n<meta property=\"og:locale\" content=\"pt_BR\" \/>\n<meta property=\"og:type\" content=\"article\" \/>\n<meta property=\"og:title\" content=\"Carta de Compromisso do 33\u00ba Curso de Ver\u00e3o de 2020 - Not\u00edcias - Franciscanos\" \/>\n<meta property=\"og:description\" content=\"Veja na \u00edntegra a Carta Compromisso do 33\u00ba Curso de Ver\u00e3o\" \/>\n<meta property=\"og:url\" content=\"https:\/\/franciscanos.org.br\/noticias\/carta-de-compromisso-do-33o-curso-de-verao-de-2020.html\" \/>\n<meta property=\"og:site_name\" content=\"Not\u00edcias - Franciscanos\" \/>\n<meta property=\"article:published_time\" content=\"2020-01-17T16:37:07+00:00\" \/>\n<meta property=\"og:image\" content=\"https:\/\/franciscanos.org.br\/noticias\/wp-content\/uploads\/2020\/01\/curso_170120_destaque_1.jpg\" \/>\n\t<meta property=\"og:image:width\" content=\"273\" \/>\n\t<meta property=\"og:image:height\" content=\"181\" \/>\n\t<meta property=\"og:image:type\" content=\"image\/jpeg\" \/>\n<meta name=\"author\" content=\"freiaugusto\" \/>\n<meta name=\"twitter:card\" content=\"summary_large_image\" \/>\n<meta name=\"twitter:label1\" content=\"Escrito por\" \/>\n\t<meta name=\"twitter:data1\" content=\"freiaugusto\" \/>\n\t<meta name=\"twitter:label2\" content=\"Est. tempo de leitura\" \/>\n\t<meta name=\"twitter:data2\" content=\"5 minutos\" \/>\n<script type=\"application\/ld+json\" class=\"yoast-schema-graph\">{\"@context\":\"https:\/\/schema.org\",\"@graph\":[{\"@type\":\"WebSite\",\"@id\":\"https:\/\/franciscanos.org.br\/noticias\/#website\",\"url\":\"https:\/\/franciscanos.org.br\/noticias\/\",\"name\":\"Not\u00edcias - Franciscanos\",\"description\":\"Prov\u00edncia Franciscana da Imaculada Concei\u00e7\u00e3o do Brasil - Ordem dos Frades Menores - OFM\",\"potentialAction\":[{\"@type\":\"SearchAction\",\"target\":{\"@type\":\"EntryPoint\",\"urlTemplate\":\"https:\/\/franciscanos.org.br\/noticias\/?s={search_term_string}\"},\"query-input\":\"required name=search_term_string\"}],\"inLanguage\":\"pt-BR\"},{\"@type\":\"ImageObject\",\"inLanguage\":\"pt-BR\",\"@id\":\"https:\/\/franciscanos.org.br\/noticias\/carta-de-compromisso-do-33o-curso-de-verao-de-2020.html#primaryimage\",\"url\":\"https:\/\/franciscanos.org.br\/noticias\/wp-content\/uploads\/2020\/01\/curso_170120_destaque_1.jpg\",\"contentUrl\":\"https:\/\/franciscanos.org.br\/noticias\/wp-content\/uploads\/2020\/01\/curso_170120_destaque_1.jpg\",\"width\":273,\"height\":181},{\"@type\":\"WebPage\",\"@id\":\"https:\/\/franciscanos.org.br\/noticias\/carta-de-compromisso-do-33o-curso-de-verao-de-2020.html#webpage\",\"url\":\"https:\/\/franciscanos.org.br\/noticias\/carta-de-compromisso-do-33o-curso-de-verao-de-2020.html\",\"name\":\"Carta de Compromisso do 33\u00ba Curso de Ver\u00e3o de 2020 - Not\u00edcias - Franciscanos\",\"isPartOf\":{\"@id\":\"https:\/\/franciscanos.org.br\/noticias\/#website\"},\"primaryImageOfPage\":{\"@id\":\"https:\/\/franciscanos.org.br\/noticias\/carta-de-compromisso-do-33o-curso-de-verao-de-2020.html#primaryimage\"},\"datePublished\":\"2020-01-17T16:37:07+00:00\",\"dateModified\":\"2020-01-17T16:37:07+00:00\",\"author\":{\"@id\":\"https:\/\/franciscanos.org.br\/noticias\/#\/schema\/person\/37f88f0d111cd5358b12a6556a99eb91\"},\"breadcrumb\":{\"@id\":\"https:\/\/franciscanos.org.br\/noticias\/carta-de-compromisso-do-33o-curso-de-verao-de-2020.html#breadcrumb\"},\"inLanguage\":\"pt-BR\",\"potentialAction\":[{\"@type\":\"ReadAction\",\"target\":[\"https:\/\/franciscanos.org.br\/noticias\/carta-de-compromisso-do-33o-curso-de-verao-de-2020.html\"]}]},{\"@type\":\"BreadcrumbList\",\"@id\":\"https:\/\/franciscanos.org.br\/noticias\/carta-de-compromisso-do-33o-curso-de-verao-de-2020.html#breadcrumb\",\"itemListElement\":[{\"@type\":\"ListItem\",\"position\":1,\"name\":\"Home\",\"item\":\"https:\/\/franciscanos.org.br\/noticias\"},{\"@type\":\"ListItem\",\"position\":2,\"name\":\"Carta de Compromisso do 33\u00ba Curso de Ver\u00e3o de 2020\"}]},{\"@type\":\"Person\",\"@id\":\"https:\/\/franciscanos.org.br\/noticias\/#\/schema\/person\/37f88f0d111cd5358b12a6556a99eb91\",\"name\":\"freiaugusto\",\"image\":{\"@type\":\"ImageObject\",\"inLanguage\":\"pt-BR\",\"@id\":\"https:\/\/franciscanos.org.br\/noticias\/#\/schema\/person\/image\/\",\"url\":\"https:\/\/secure.gravatar.com\/avatar\/9840b940e621801b24f3e6b059efb4b7?s=96&d=mm&r=g\",\"contentUrl\":\"https:\/\/secure.gravatar.com\/avatar\/9840b940e621801b24f3e6b059efb4b7?s=96&d=mm&r=g\",\"caption\":\"freiaugusto\"},\"url\":\"https:\/\/franciscanos.org.br\/noticias\/author\/freiaugusto\"}]}<\/script>\n<!-- \/ Yoast SEO plugin. -->","yoast_head_json":{"title":"Carta de Compromisso do 33\u00ba Curso de Ver\u00e3o de 2020 - Not\u00edcias - Franciscanos","robots":{"index":"index","follow":"follow","max-snippet":"max-snippet:-1","max-image-preview":"max-image-preview:large","max-video-preview":"max-video-preview:-1"},"canonical":"https:\/\/franciscanos.org.br\/noticias\/carta-de-compromisso-do-33o-curso-de-verao-de-2020.html","og_locale":"pt_BR","og_type":"article","og_title":"Carta de Compromisso do 33\u00ba Curso de Ver\u00e3o de 2020 - Not\u00edcias - Franciscanos","og_description":"Veja na \u00edntegra a Carta Compromisso do 33\u00ba Curso de Ver\u00e3o","og_url":"https:\/\/franciscanos.org.br\/noticias\/carta-de-compromisso-do-33o-curso-de-verao-de-2020.html","og_site_name":"Not\u00edcias - Franciscanos","article_published_time":"2020-01-17T16:37:07+00:00","og_image":[{"width":273,"height":181,"url":"https:\/\/franciscanos.org.br\/noticias\/wp-content\/uploads\/2020\/01\/curso_170120_destaque_1.jpg","type":"image\/jpeg"}],"author":"freiaugusto","twitter_card":"summary_large_image","twitter_misc":{"Escrito por":"freiaugusto","Est. tempo de leitura":"5 minutos"},"schema":{"@context":"https:\/\/schema.org","@graph":[{"@type":"WebSite","@id":"https:\/\/franciscanos.org.br\/noticias\/#website","url":"https:\/\/franciscanos.org.br\/noticias\/","name":"Not\u00edcias - Franciscanos","description":"Prov\u00edncia Franciscana da Imaculada Concei\u00e7\u00e3o do Brasil - Ordem dos Frades Menores - OFM","potentialAction":[{"@type":"SearchAction","target":{"@type":"EntryPoint","urlTemplate":"https:\/\/franciscanos.org.br\/noticias\/?s={search_term_string}"},"query-input":"required name=search_term_string"}],"inLanguage":"pt-BR"},{"@type":"ImageObject","inLanguage":"pt-BR","@id":"https:\/\/franciscanos.org.br\/noticias\/carta-de-compromisso-do-33o-curso-de-verao-de-2020.html#primaryimage","url":"https:\/\/franciscanos.org.br\/noticias\/wp-content\/uploads\/2020\/01\/curso_170120_destaque_1.jpg","contentUrl":"https:\/\/franciscanos.org.br\/noticias\/wp-content\/uploads\/2020\/01\/curso_170120_destaque_1.jpg","width":273,"height":181},{"@type":"WebPage","@id":"https:\/\/franciscanos.org.br\/noticias\/carta-de-compromisso-do-33o-curso-de-verao-de-2020.html#webpage","url":"https:\/\/franciscanos.org.br\/noticias\/carta-de-compromisso-do-33o-curso-de-verao-de-2020.html","name":"Carta de Compromisso do 33\u00ba Curso de Ver\u00e3o de 2020 - Not\u00edcias - Franciscanos","isPartOf":{"@id":"https:\/\/franciscanos.org.br\/noticias\/#website"},"primaryImageOfPage":{"@id":"https:\/\/franciscanos.org.br\/noticias\/carta-de-compromisso-do-33o-curso-de-verao-de-2020.html#primaryimage"},"datePublished":"2020-01-17T16:37:07+00:00","dateModified":"2020-01-17T16:37:07+00:00","author":{"@id":"https:\/\/franciscanos.org.br\/noticias\/#\/schema\/person\/37f88f0d111cd5358b12a6556a99eb91"},"breadcrumb":{"@id":"https:\/\/franciscanos.org.br\/noticias\/carta-de-compromisso-do-33o-curso-de-verao-de-2020.html#breadcrumb"},"inLanguage":"pt-BR","potentialAction":[{"@type":"ReadAction","target":["https:\/\/franciscanos.org.br\/noticias\/carta-de-compromisso-do-33o-curso-de-verao-de-2020.html"]}]},{"@type":"BreadcrumbList","@id":"https:\/\/franciscanos.org.br\/noticias\/carta-de-compromisso-do-33o-curso-de-verao-de-2020.html#breadcrumb","itemListElement":[{"@type":"ListItem","position":1,"name":"Home","item":"https:\/\/franciscanos.org.br\/noticias"},{"@type":"ListItem","position":2,"name":"Carta de Compromisso do 33\u00ba Curso de Ver\u00e3o de 2020"}]},{"@type":"Person","@id":"https:\/\/franciscanos.org.br\/noticias\/#\/schema\/person\/37f88f0d111cd5358b12a6556a99eb91","name":"freiaugusto","image":{"@type":"ImageObject","inLanguage":"pt-BR","@id":"https:\/\/franciscanos.org.br\/noticias\/#\/schema\/person\/image\/","url":"https:\/\/secure.gravatar.com\/avatar\/9840b940e621801b24f3e6b059efb4b7?s=96&d=mm&r=g","contentUrl":"https:\/\/secure.gravatar.com\/avatar\/9840b940e621801b24f3e6b059efb4b7?s=96&d=mm&r=g","caption":"freiaugusto"},"url":"https:\/\/franciscanos.org.br\/noticias\/author\/freiaugusto"}]}},"_links":{"self":[{"href":"https:\/\/franciscanos.org.br\/noticias\/wp-json\/wp\/v2\/posts\/216056"}],"collection":[{"href":"https:\/\/franciscanos.org.br\/noticias\/wp-json\/wp\/v2\/posts"}],"about":[{"href":"https:\/\/franciscanos.org.br\/noticias\/wp-json\/wp\/v2\/types\/post"}],"author":[{"embeddable":true,"href":"https:\/\/franciscanos.org.br\/noticias\/wp-json\/wp\/v2\/users\/5"}],"replies":[{"embeddable":true,"href":"https:\/\/franciscanos.org.br\/noticias\/wp-json\/wp\/v2\/comments?post=216056"}],"version-history":[{"count":0,"href":"https:\/\/franciscanos.org.br\/noticias\/wp-json\/wp\/v2\/posts\/216056\/revisions"}],"wp:featuredmedia":[{"embeddable":true,"href":"https:\/\/franciscanos.org.br\/noticias\/wp-json\/wp\/v2\/media\/216065"}],"wp:attachment":[{"href":"https:\/\/franciscanos.org.br\/noticias\/wp-json\/wp\/v2\/media?parent=216056"}],"wp:term":[{"taxonomy":"category","embeddable":true,"href":"https:\/\/franciscanos.org.br\/noticias\/wp-json\/wp\/v2\/categories?post=216056"},{"taxonomy":"post_tag","embeddable":true,"href":"https:\/\/franciscanos.org.br\/noticias\/wp-json\/wp\/v2\/tags?post=216056"}],"curies":[{"name":"wp","href":"https:\/\/api.w.org\/{rel}","templated":true}]}}