{"id":215953,"date":"2020-01-17T09:20:31","date_gmt":"2020-01-17T12:20:31","guid":{"rendered":"https:\/\/franciscanos.org.br\/noticias\/?p=215953"},"modified":"2021-08-29T18:05:48","modified_gmt":"2021-08-29T21:05:48","slug":"papa-em-santa-marta-o-essencial-da-vida-e-a-nossa-relacao-com-deus","status":"publish","type":"post","link":"https:\/\/franciscanos.org.br\/noticias\/papa-em-santa-marta-o-essencial-da-vida-e-a-nossa-relacao-com-deus.html","title":{"rendered":"Papa: O essencial da vida \u00e9 a nossa rela\u00e7\u00e3o com Deus"},"content":{"rendered":"<div id=\"attachment_215954\" style=\"width: 900px\" class=\"wp-caption alignnone\"><img aria-describedby=\"caption-attachment-215954\" loading=\"lazy\" class=\"wp-image-215954 size-full\" src=\"https:\/\/franciscanos.org.br\/noticias\/wp-content\/uploads\/2020\/01\/marta_170120g.jpg\" alt=\"\" width=\"890\" height=\"500\" srcset=\"https:\/\/franciscanos.org.br\/noticias\/wp-content\/uploads\/2020\/01\/marta_170120g.jpg 890w, https:\/\/franciscanos.org.br\/noticias\/wp-content\/uploads\/2020\/01\/marta_170120g-450x253.jpg 450w, https:\/\/franciscanos.org.br\/noticias\/wp-content\/uploads\/2020\/01\/marta_170120g-768x431.jpg 768w, https:\/\/franciscanos.org.br\/noticias\/wp-content\/uploads\/2020\/01\/marta_170120g-150x84.jpg 150w\" sizes=\"(max-width: 890px) 100vw, 890px\" \/><p id=\"caption-attachment-215954\" class=\"wp-caption-text\">\u00a0 \u00a0 \u00a0 \u00a0 \u00a0 \u00a0 \u00a0 \u00a0 \u00a0 \u00a0 \u00a0 \u00a0 \u00a0 \u00a0 \u00a0 \u00a0 \u00a0 \u00a0 \u00a0 \u00a0 \u00a0 \u00a0 \u00a0 \u00a0 \u00a0 \u00a0 \u00a0 \u00a0 \u00a0 \u00a0 \u00a0 \u00a0 \u00a0 \u00a0 \u00a0 \u00a0 \u00a0 \u00a0 \u00a0 \u00a0 \u00a0 \u00a0 \u00a0 \u00a0 \u00a0 \u00a0 \u00a0 \u00a0 \u00a0 \u00a0 \u00a0 \u00a0 \u00a0 \u00a0 <em>\u00a0 \u00a0 \u00a0 \u00a0 \u00a0 \u00a0Imagem: Vatican Media<\/em><\/p><\/div>\n<p><strong>Cidade do Vaticano &#8211;<\/strong> Ao celebrar a missa na capela da Casa Santa Marta (17\/01), o Papa comentou o trecho de hoje, extra\u00eddo do Evangelho segundo Marcos, que apresenta um epis\u00f3dio de cura realizada por Jesus a um paral\u00edtico.\u00a0Jesus est\u00e1 em Cafarnaum e a multid\u00e3o est\u00e1 reunida em volta dele. Atrav\u00e9s da abertura feita no teto da casa, algumas pessoas levam a Ele um homem deitado numa maca. A esperan\u00e7a \u00e9 que Jesus cure o paral\u00edtico, mas surpreende a todos dizendo: \u201cFilho, os teus pecados est\u00e3o perdoados\u201d. Somente depois ordenar\u00e1 que se levante, pegue a cama e volte para casa.<\/p>\n<p>O Pont\u00edfice comentou dizendo que, com as suas palavras, Jesus nos permite ir ao essencial. \u201cEle \u00e9 um homem de Deus\u201d, afirmou o Papa: cura, mas n\u00e3o \u00e9 um curandeiro, ensina, mas \u00e9 mais do que um mestre, e diante da cena que se apresenta, vai ao essencial, olha o paralitico: \u201cOs teus pecados est\u00e3o perdoados\u201d. A cura f\u00edsica \u00e9 um dom, a sa\u00fade f\u00edsica \u00e9 um dom que devemos proteger. Mas o Senhor nos ensina ainda que tamb\u00e9m a sa\u00fade do cora\u00e7\u00e3o, a sa\u00fade espiritual precisa ser preservada.<\/p>\n<p><strong>O medo de ir ali onde acontece o encontro com o Senhor<\/strong><\/p>\n<p>Jesus vai essencial tamb\u00e9m com a mulher pecadora, de que fala o Evangelho, quando diante do seu choro, diz: \u201cOs teus pecados est\u00e3o perdoados\u201d. Os outros ficam escandalizados, afirmou o Papa, &#8220;quando Jesus vai ao essencial, se escandalizam, porque ali est\u00e1 a profecia, ali est\u00e1 a for\u00e7a&#8221;.<\/p>\n<p>Do mesmo modo, \u201cvai, mas n\u00e3o peques mais\u201d, diz Jesus ao homem da piscina que nunca chega em tempo para descer na \u00e1gua para poder curar. \u00c0 Samaritana que lhe faz tantas perguntas, -\u201cfazia um pouco o papel de te\u00f3loga\u201d, disse o Papa \u2013 Jesus pergunta do marido. Vai ao essencial da vida. \u201cE o essencial \u2013 afirmou Francisco \u2013 \u00e9 a sua rela\u00e7\u00e3o com Deus. E n\u00f3s muitas vezes esquecemos disto, como se tiv\u00e9ssemos medo de ir propriamente ali, onde h\u00e1 o encontro com o Senhor, com Deus\u201d. O Papa observou que fazemos tanto por nossa sa\u00fade f\u00edsica, trocamos conselhos sobre m\u00e9dicos e rem\u00e9dios, o que \u00e9 bom, \u201cmas pensamos na sa\u00fade do cora\u00e7\u00e3o?\u201d.<\/p>\n<p>Aqui tem uma palavra de Jesus que talvez nos ajudar\u00e1: \u201cFilho, os teus pecados est\u00e3o perdoados\u201d. Estamos acostumados a pensar neste rem\u00e9dio do perd\u00e3o dos nossos pecados, dos nossos erros? N\u00f3s nos perguntamos: \u201cEu devo pedir perd\u00e3o a Deus por alguma coisa?\u201d. \u201cSim, sim, sim, em geral todos somos pecadores\u201d, e assim a coisa se dilui e perde a for\u00e7a, esta for\u00e7a de profecia que Jesus faz quando vai ao essencial. E hoje Jesus, a cada um de n\u00f3s, nos diz: \u201cEu quero perdoar os teus pecados\u201d.<\/p>\n<p><strong>O perd\u00e3o \u00e9 o rem\u00e9dio para a sa\u00fade do cora\u00e7\u00e3o<\/strong><\/p>\n<p>O Papa prosseguiu afirmando que h\u00e1 pessoas que n\u00e3o encontram pecados em si mesmas para confessar, porque \u201cfalta a consci\u00eancia dos pecados\u201d. \u201cPecados concretos\u201d, \u201cdoen\u00e7as da alma\u201d, \u201cdoen\u00e7as da alma\u201d que devem ser curadas \u201ce o rem\u00e9dio para se curar \u00e9 o perd\u00e3o\u201d.<\/p>\n<p>\u00c9 uma coisa simples, mas que Jesus nos ensina quando vai ao essencial. O essencial \u00e9 a sa\u00fade, toda: do corpo e da alma. Devemos preservar bem a do corpo, mas tamb\u00e9m a sa\u00fade da alma. E devemos ir \u00e0quele m\u00e9dico que pode nos curar, que pode perdoar os pecados. Jesus veio para isto, deu a vida por isto.<\/p>\n<hr \/>\n<p><em>Fonte: Vatican News<\/em><\/p>\n","protected":false},"excerpt":{"rendered":"<p>Missa em Santa Marta<\/p>\n","protected":false},"author":1,"featured_media":215955,"comment_status":"open","ping_status":"open","sticky":false,"template":"","format":"standard","meta":[],"categories":[1428],"tags":[829],"acf":[],"yoast_head":"<!-- This site is optimized with the Yoast SEO plugin v19.2 - https:\/\/yoast.com\/wordpress\/plugins\/seo\/ -->\n<title>Papa: O essencial da vida \u00e9 a nossa rela\u00e7\u00e3o com Deus - Not\u00edcias - Franciscanos<\/title>\n<meta name=\"robots\" content=\"index, follow, max-snippet:-1, max-image-preview:large, max-video-preview:-1\" \/>\n<link rel=\"canonical\" href=\"https:\/\/franciscanos.org.br\/noticias\/papa-em-santa-marta-o-essencial-da-vida-e-a-nossa-relacao-com-deus.html\" \/>\n<meta property=\"og:locale\" content=\"pt_BR\" \/>\n<meta property=\"og:type\" content=\"article\" \/>\n<meta property=\"og:title\" content=\"Papa: O essencial da vida \u00e9 a nossa rela\u00e7\u00e3o com Deus - Not\u00edcias - Franciscanos\" \/>\n<meta property=\"og:description\" content=\"Missa em Santa Marta\" \/>\n<meta property=\"og:url\" content=\"https:\/\/franciscanos.org.br\/noticias\/papa-em-santa-marta-o-essencial-da-vida-e-a-nossa-relacao-com-deus.html\" \/>\n<meta property=\"og:site_name\" content=\"Not\u00edcias - Franciscanos\" \/>\n<meta property=\"article:published_time\" content=\"2020-01-17T12:20:31+00:00\" \/>\n<meta property=\"article:modified_time\" content=\"2021-08-29T21:05:48+00:00\" \/>\n<meta property=\"og:image\" content=\"https:\/\/franciscanos.org.br\/noticias\/wp-content\/uploads\/2020\/01\/marta_170120p.jpg\" \/>\n\t<meta property=\"og:image:width\" content=\"273\" \/>\n\t<meta property=\"og:image:height\" content=\"181\" \/>\n\t<meta property=\"og:image:type\" content=\"image\/jpeg\" \/>\n<meta name=\"author\" content=\"admin\" \/>\n<meta name=\"twitter:card\" content=\"summary_large_image\" \/>\n<meta name=\"twitter:label1\" content=\"Escrito por\" \/>\n\t<meta name=\"twitter:data1\" content=\"admin\" \/>\n\t<meta name=\"twitter:label2\" content=\"Est. tempo de leitura\" \/>\n\t<meta name=\"twitter:data2\" content=\"3 minutos\" \/>\n<script type=\"application\/ld+json\" class=\"yoast-schema-graph\">{\"@context\":\"https:\/\/schema.org\",\"@graph\":[{\"@type\":\"WebSite\",\"@id\":\"https:\/\/franciscanos.org.br\/noticias\/#website\",\"url\":\"https:\/\/franciscanos.org.br\/noticias\/\",\"name\":\"Not\u00edcias - Franciscanos\",\"description\":\"Prov\u00edncia Franciscana da Imaculada Concei\u00e7\u00e3o do Brasil - Ordem dos Frades Menores - OFM\",\"potentialAction\":[{\"@type\":\"SearchAction\",\"target\":{\"@type\":\"EntryPoint\",\"urlTemplate\":\"https:\/\/franciscanos.org.br\/noticias\/?s={search_term_string}\"},\"query-input\":\"required name=search_term_string\"}],\"inLanguage\":\"pt-BR\"},{\"@type\":\"ImageObject\",\"inLanguage\":\"pt-BR\",\"@id\":\"https:\/\/franciscanos.org.br\/noticias\/papa-em-santa-marta-o-essencial-da-vida-e-a-nossa-relacao-com-deus.html#primaryimage\",\"url\":\"https:\/\/franciscanos.org.br\/noticias\/wp-content\/uploads\/2020\/01\/marta_170120p.jpg\",\"contentUrl\":\"https:\/\/franciscanos.org.br\/noticias\/wp-content\/uploads\/2020\/01\/marta_170120p.jpg\",\"width\":273,\"height\":181},{\"@type\":\"WebPage\",\"@id\":\"https:\/\/franciscanos.org.br\/noticias\/papa-em-santa-marta-o-essencial-da-vida-e-a-nossa-relacao-com-deus.html#webpage\",\"url\":\"https:\/\/franciscanos.org.br\/noticias\/papa-em-santa-marta-o-essencial-da-vida-e-a-nossa-relacao-com-deus.html\",\"name\":\"Papa: O essencial da vida \u00e9 a nossa rela\u00e7\u00e3o com Deus - Not\u00edcias - Franciscanos\",\"isPartOf\":{\"@id\":\"https:\/\/franciscanos.org.br\/noticias\/#website\"},\"primaryImageOfPage\":{\"@id\":\"https:\/\/franciscanos.org.br\/noticias\/papa-em-santa-marta-o-essencial-da-vida-e-a-nossa-relacao-com-deus.html#primaryimage\"},\"datePublished\":\"2020-01-17T12:20:31+00:00\",\"dateModified\":\"2021-08-29T21:05:48+00:00\",\"author\":{\"@id\":\"https:\/\/franciscanos.org.br\/noticias\/#\/schema\/person\/b38fbf43118f02820bd932f2e4b14ad3\"},\"breadcrumb\":{\"@id\":\"https:\/\/franciscanos.org.br\/noticias\/papa-em-santa-marta-o-essencial-da-vida-e-a-nossa-relacao-com-deus.html#breadcrumb\"},\"inLanguage\":\"pt-BR\",\"potentialAction\":[{\"@type\":\"ReadAction\",\"target\":[\"https:\/\/franciscanos.org.br\/noticias\/papa-em-santa-marta-o-essencial-da-vida-e-a-nossa-relacao-com-deus.html\"]}]},{\"@type\":\"BreadcrumbList\",\"@id\":\"https:\/\/franciscanos.org.br\/noticias\/papa-em-santa-marta-o-essencial-da-vida-e-a-nossa-relacao-com-deus.html#breadcrumb\",\"itemListElement\":[{\"@type\":\"ListItem\",\"position\":1,\"name\":\"Home\",\"item\":\"https:\/\/franciscanos.org.br\/noticias\"},{\"@type\":\"ListItem\",\"position\":2,\"name\":\"Papa: O essencial da vida \u00e9 a nossa rela\u00e7\u00e3o com Deus\"}]},{\"@type\":\"Person\",\"@id\":\"https:\/\/franciscanos.org.br\/noticias\/#\/schema\/person\/b38fbf43118f02820bd932f2e4b14ad3\",\"name\":\"admin\",\"image\":{\"@type\":\"ImageObject\",\"inLanguage\":\"pt-BR\",\"@id\":\"https:\/\/franciscanos.org.br\/noticias\/#\/schema\/person\/image\/\",\"url\":\"https:\/\/secure.gravatar.com\/avatar\/e8495742d34d0ba6448ea1c628263b3e?s=96&d=mm&r=g\",\"contentUrl\":\"https:\/\/secure.gravatar.com\/avatar\/e8495742d34d0ba6448ea1c628263b3e?s=96&d=mm&r=g\",\"caption\":\"admin\"},\"url\":\"https:\/\/franciscanos.org.br\/noticias\/author\/admin\"}]}<\/script>\n<!-- \/ Yoast SEO plugin. -->","yoast_head_json":{"title":"Papa: O essencial da vida \u00e9 a nossa rela\u00e7\u00e3o com Deus - Not\u00edcias - Franciscanos","robots":{"index":"index","follow":"follow","max-snippet":"max-snippet:-1","max-image-preview":"max-image-preview:large","max-video-preview":"max-video-preview:-1"},"canonical":"https:\/\/franciscanos.org.br\/noticias\/papa-em-santa-marta-o-essencial-da-vida-e-a-nossa-relacao-com-deus.html","og_locale":"pt_BR","og_type":"article","og_title":"Papa: O essencial da vida \u00e9 a nossa rela\u00e7\u00e3o com Deus - Not\u00edcias - Franciscanos","og_description":"Missa em Santa Marta","og_url":"https:\/\/franciscanos.org.br\/noticias\/papa-em-santa-marta-o-essencial-da-vida-e-a-nossa-relacao-com-deus.html","og_site_name":"Not\u00edcias - Franciscanos","article_published_time":"2020-01-17T12:20:31+00:00","article_modified_time":"2021-08-29T21:05:48+00:00","og_image":[{"width":273,"height":181,"url":"https:\/\/franciscanos.org.br\/noticias\/wp-content\/uploads\/2020\/01\/marta_170120p.jpg","type":"image\/jpeg"}],"author":"admin","twitter_card":"summary_large_image","twitter_misc":{"Escrito por":"admin","Est. tempo de leitura":"3 minutos"},"schema":{"@context":"https:\/\/schema.org","@graph":[{"@type":"WebSite","@id":"https:\/\/franciscanos.org.br\/noticias\/#website","url":"https:\/\/franciscanos.org.br\/noticias\/","name":"Not\u00edcias - Franciscanos","description":"Prov\u00edncia Franciscana da Imaculada Concei\u00e7\u00e3o do Brasil - Ordem dos Frades Menores - OFM","potentialAction":[{"@type":"SearchAction","target":{"@type":"EntryPoint","urlTemplate":"https:\/\/franciscanos.org.br\/noticias\/?s={search_term_string}"},"query-input":"required name=search_term_string"}],"inLanguage":"pt-BR"},{"@type":"ImageObject","inLanguage":"pt-BR","@id":"https:\/\/franciscanos.org.br\/noticias\/papa-em-santa-marta-o-essencial-da-vida-e-a-nossa-relacao-com-deus.html#primaryimage","url":"https:\/\/franciscanos.org.br\/noticias\/wp-content\/uploads\/2020\/01\/marta_170120p.jpg","contentUrl":"https:\/\/franciscanos.org.br\/noticias\/wp-content\/uploads\/2020\/01\/marta_170120p.jpg","width":273,"height":181},{"@type":"WebPage","@id":"https:\/\/franciscanos.org.br\/noticias\/papa-em-santa-marta-o-essencial-da-vida-e-a-nossa-relacao-com-deus.html#webpage","url":"https:\/\/franciscanos.org.br\/noticias\/papa-em-santa-marta-o-essencial-da-vida-e-a-nossa-relacao-com-deus.html","name":"Papa: O essencial da vida \u00e9 a nossa rela\u00e7\u00e3o com Deus - Not\u00edcias - Franciscanos","isPartOf":{"@id":"https:\/\/franciscanos.org.br\/noticias\/#website"},"primaryImageOfPage":{"@id":"https:\/\/franciscanos.org.br\/noticias\/papa-em-santa-marta-o-essencial-da-vida-e-a-nossa-relacao-com-deus.html#primaryimage"},"datePublished":"2020-01-17T12:20:31+00:00","dateModified":"2021-08-29T21:05:48+00:00","author":{"@id":"https:\/\/franciscanos.org.br\/noticias\/#\/schema\/person\/b38fbf43118f02820bd932f2e4b14ad3"},"breadcrumb":{"@id":"https:\/\/franciscanos.org.br\/noticias\/papa-em-santa-marta-o-essencial-da-vida-e-a-nossa-relacao-com-deus.html#breadcrumb"},"inLanguage":"pt-BR","potentialAction":[{"@type":"ReadAction","target":["https:\/\/franciscanos.org.br\/noticias\/papa-em-santa-marta-o-essencial-da-vida-e-a-nossa-relacao-com-deus.html"]}]},{"@type":"BreadcrumbList","@id":"https:\/\/franciscanos.org.br\/noticias\/papa-em-santa-marta-o-essencial-da-vida-e-a-nossa-relacao-com-deus.html#breadcrumb","itemListElement":[{"@type":"ListItem","position":1,"name":"Home","item":"https:\/\/franciscanos.org.br\/noticias"},{"@type":"ListItem","position":2,"name":"Papa: O essencial da vida \u00e9 a nossa rela\u00e7\u00e3o com Deus"}]},{"@type":"Person","@id":"https:\/\/franciscanos.org.br\/noticias\/#\/schema\/person\/b38fbf43118f02820bd932f2e4b14ad3","name":"admin","image":{"@type":"ImageObject","inLanguage":"pt-BR","@id":"https:\/\/franciscanos.org.br\/noticias\/#\/schema\/person\/image\/","url":"https:\/\/secure.gravatar.com\/avatar\/e8495742d34d0ba6448ea1c628263b3e?s=96&d=mm&r=g","contentUrl":"https:\/\/secure.gravatar.com\/avatar\/e8495742d34d0ba6448ea1c628263b3e?s=96&d=mm&r=g","caption":"admin"},"url":"https:\/\/franciscanos.org.br\/noticias\/author\/admin"}]}},"_links":{"self":[{"href":"https:\/\/franciscanos.org.br\/noticias\/wp-json\/wp\/v2\/posts\/215953"}],"collection":[{"href":"https:\/\/franciscanos.org.br\/noticias\/wp-json\/wp\/v2\/posts"}],"about":[{"href":"https:\/\/franciscanos.org.br\/noticias\/wp-json\/wp\/v2\/types\/post"}],"author":[{"embeddable":true,"href":"https:\/\/franciscanos.org.br\/noticias\/wp-json\/wp\/v2\/users\/1"}],"replies":[{"embeddable":true,"href":"https:\/\/franciscanos.org.br\/noticias\/wp-json\/wp\/v2\/comments?post=215953"}],"version-history":[{"count":2,"href":"https:\/\/franciscanos.org.br\/noticias\/wp-json\/wp\/v2\/posts\/215953\/revisions"}],"predecessor-version":[{"id":234083,"href":"https:\/\/franciscanos.org.br\/noticias\/wp-json\/wp\/v2\/posts\/215953\/revisions\/234083"}],"wp:featuredmedia":[{"embeddable":true,"href":"https:\/\/franciscanos.org.br\/noticias\/wp-json\/wp\/v2\/media\/215955"}],"wp:attachment":[{"href":"https:\/\/franciscanos.org.br\/noticias\/wp-json\/wp\/v2\/media?parent=215953"}],"wp:term":[{"taxonomy":"category","embeddable":true,"href":"https:\/\/franciscanos.org.br\/noticias\/wp-json\/wp\/v2\/categories?post=215953"},{"taxonomy":"post_tag","embeddable":true,"href":"https:\/\/franciscanos.org.br\/noticias\/wp-json\/wp\/v2\/tags?post=215953"}],"curies":[{"name":"wp","href":"https:\/\/api.w.org\/{rel}","templated":true}]}}