{"id":215947,"date":"2020-01-17T09:20:31","date_gmt":"2020-01-17T12:20:31","guid":{"rendered":"https:\/\/franciscanos.org.br\/noticias\/?p=215947"},"modified":"2020-08-06T14:43:30","modified_gmt":"2020-08-06T17:43:30","slug":"nobel-dos-professores-os-jovens-africanos-sao-o-futuro-do-mundo","status":"publish","type":"post","link":"https:\/\/franciscanos.org.br\/noticias\/nobel-dos-professores-os-jovens-africanos-sao-o-futuro-do-mundo.html","title":{"rendered":"Nobel dos professores: \u201cOs jovens africanos s\u00e3o o futuro do mundo\u201d"},"content":{"rendered":"<p>&nbsp;<\/p>\n<p><img loading=\"lazy\" class=\"alignnone wp-image-216051 size-full\" src=\"https:\/\/franciscanos.org.br\/noticias\/wp-content\/uploads\/2020\/01\/tabichi_papa_1701.jpg\" alt=\"\" width=\"890\" height=\"500\" srcset=\"https:\/\/franciscanos.org.br\/noticias\/wp-content\/uploads\/2020\/01\/tabichi_papa_1701.jpg 890w, https:\/\/franciscanos.org.br\/noticias\/wp-content\/uploads\/2020\/01\/tabichi_papa_1701-450x253.jpg 450w, https:\/\/franciscanos.org.br\/noticias\/wp-content\/uploads\/2020\/01\/tabichi_papa_1701-768x431.jpg 768w, https:\/\/franciscanos.org.br\/noticias\/wp-content\/uploads\/2020\/01\/tabichi_papa_1701-150x84.jpg 150w\" sizes=\"(max-width: 890px) 100vw, 890px\" \/><\/p>\n<p><em>Os alunos de Frei Peter Tabichi t\u00eam muitas coisas para desmotiv\u00e1-los: mis\u00e9ria, seca, fome, falta de \u00e1gua pot\u00e1vel. Tudo isso somado aos problemas de abandono dos pais e respons\u00e1veis, \u00a0uso de drogas, gravidez na adolesc\u00eancia, casamentos for\u00e7ados e at\u00e9 casos de suic\u00eddios. Por isso \u00e9 surpreendente que na Escola Secund\u00e1ria Keriko \u2014 um col\u00e9gio em Pwani, localizado em uma das aldeias mais pobres do vale do Rift, no Qu\u00eania \u2014 sentem-se os estudantes ganhadores do torneio nacional de Ci\u00eancias, ou que uma de suas equipes de matem\u00e1tica tenha sido premiada em um torneio cient\u00edfico e de engenharia do Arizona, no Estados Unidos.<\/em><\/p>\n<p><em>Em 2019, a Funda\u00e7\u00e3o Varkey de Dubai, que organiza o Global Teacher Prize, conhecido como o Pr\u00eamio Nobel dos professores, reconheceu o m\u00e9rito de Frei Peter Tabichi por extrair o melhor de seus alunos, jovens de 11 a 16 anos. As dificuldades em seu caminho s\u00e3o muitas. No col\u00e9gio h\u00e1 um s\u00f3 computador, que n\u00e3o possui conex\u00e3o com a internet, os alunos chegam extenuados, ap\u00f3s percorrer v\u00e1rios quil\u00f4metros a p\u00e9 por estradas de terra, enfrentando muitas vezes a oposi\u00e7\u00e3o de suas fam\u00edlias, que n\u00e3o entendem o motivo dos jovens dedicarem tanto tempo ao estudo. O segredo de Frei Tabichi \u00e9 motivar os jovens com o que tiver em m\u00e3os, ainda que seja uma caixa de f\u00f3sforos. \u201cOs jovens africanos s\u00e3o o futuro do mundo\u201d, assinala o frade em entrevista ao <strong>jornal espanhol Alfa e \u00d4mega<\/strong>, durante sua viagem a Roma, ap\u00f3s encontrar-se brevemente com o Papa Francisco.<\/em><\/p>\n<p><strong>&#8211; Como concilia sua voca\u00e7\u00e3o de franciscano e sua vida como professor?<\/strong><\/p>\n<p><strong>Frei Peter Tabichi<\/strong><em>\u00a0 &#8211; <\/em>Para mim, s\u00e3o dois aspectos inerentes. A <span style=\"color: #000000;\">Congrega\u00e7\u00e3o dos Irm\u00e3os Franciscanos<\/span> tem como carisma o empoderamento \u00a0dos pobres que trabalham no campo atrav\u00e9s da educa\u00e7\u00e3o, no desenvolvimento de uma agricultura sustent\u00e1vel e na paz. Como franciscano, vivo com simplicidade, trabalhando sempre em \u00e1reas rurais, respeitando o meio ambiente. A austeridade define minha vida. A solidariedade e a entrega aos demais ajudam-me a ser mais livre e me afasta do desejo por acumular bens materiais.\u00a0Ingressei na vida religiosa porque queria doar-me por inteiro \u00e0 comunidade e dedicar-me com todo meu cora\u00e7\u00e3o e minha alma ao ensino sem que nada me impedisse. Meu pai era professor e foi um modelo que inspirou as decis\u00f5es mais importantes da minha vida. Sempre admirei sua dedica\u00e7\u00e3o extrema e desinteressada em melhorar a vida dos outros atrav\u00e9s da educa\u00e7\u00e3o. Tenho tudo o que necessito para viver: um teto que me proteja, comida para me alimentar e roupa para me proteger do frio. Por isso posso doar os 80% do meu sal\u00e1rio mensal para ajudar alguns de meus alunos mais desfavorecidos a comprar os livros necess\u00e1rios ou o uniforme da escola, que em outra situa\u00e7\u00e3o estaria fora de seu alcance.<\/p>\n<p><strong>&#8211; Voc\u00ea trabalhava em uma escola privada. Por que decidiu continuar sua profiss\u00e3o em uma escola p\u00fablica?<\/strong><\/p>\n<p><strong>Frei Peter Tabichi<\/strong><em>\u00a0 &#8211; <\/em>Tanto os col\u00e9gios privados como os p\u00fablicos contam com \u00f3timos professores. A diferen\u00e7a est\u00e1 basicamente nos recursos e no apoio da comunidade educativa. Comecei a lecionar em 2003 e passei por v\u00e1rias escolas no Qu\u00eania e em Uganda. Desde 2015 leciono Matem\u00e1tica e F\u00edsica na Escola Secund\u00e1ria Keriko. \u00c9 uma escola sem recursos, situada em uma das regi\u00f5es mais pobres do Qu\u00eania. Por isso sei que este \u00e9 meu lugar!<\/p>\n<p>&nbsp;<\/p>\n<p><strong>&#8211; Apesar das condi\u00e7\u00f5es de pobreza extrema e da falta de recursos, seus alunos est\u00e3o mais adiantados que outros de escolas mais abastadas. Qual \u00e9 seu segredo?<\/strong><\/p>\n<p><strong>Frei Peter Tabichi<\/strong><em>\u00a0 &#8211; <\/em>H\u00e1 muitas falhas na escola onde trabalho, mas aprendemos a conviver com elas e n\u00e3o deixar afetar os alunos. Estamos muito longe do ponto onde a conex\u00e3o com a internet \u00e9 boa; temos s\u00f3 um computador para toda a escola. N\u00e3o temos a estrutura das outras escolas porque n\u00e3o temos sequer biblioteca, sala dos professores, cozinha, refeit\u00f3rio e menos ainda sala de aula adequadas. Mas o que tento demonstrar s\u00e3o as teorias cient\u00edficas para que n\u00e3o memorizem somente datas ou teoremas. Por exemplo, atrav\u00e9s de algo t\u00e3o simples como uma caixa de f\u00f3sforos, explico quais s\u00e3o as propriedades cient\u00edficas da fric\u00e7\u00e3o. Aos finais de semana, com outros professores, nos dedicamos a visitar a casa de nossos alunos mais pobres, para detectar os problemas mais urgentes para saber como ajud\u00e1-los. Temos aula de recupera\u00e7\u00e3o para todos os que precisam. Al\u00e9m disso, motivamos os jovens com grupos de diferentes temas e concursos. Assim, aumentamos sua sede de aprendizagem: quando mais triunfam, mais duro trabalham e, por sua vez, este \u00eaxito inspira seus companheiros de classe. Nossos estudantes ganharam competi\u00e7\u00f5es importantes, nacionais e internacionais. O mais importante \u00e9 aumentar a confian\u00e7a neles mesmos, fazer com que se sintam importantes para a sociedade.<\/p>\n<p><strong>&#8211; A Escola Secund\u00e1ria Keriko situa-se numa das aldeias mais humildes do Vale do Rift. Quais s\u00e3o os desafios que encontra em seu dia a dia como professor?<\/strong><\/p>\n<p><strong>Frei Peter Tabichi<\/strong><em>\u00a0 &#8211; <\/em>Estamos situados numa remota parte do vale do Rift, onde chove pouco ou nada. A seca e a fome passam regularmente por aqui a cada tr\u00eas ou cinco anos. Em torno de 95% de meus alunos s\u00e3o pobres, sem acesso a \u00e1gua pot\u00e1vel ou com graves problemas de inseguran\u00e7a alimentar. Al\u00e9m disso, um ter\u00e7o s\u00e3o \u00f3rf\u00e3os ou de pai ou de m\u00e3e. H\u00e1 tamb\u00e9m o problema das drogas, a gravidez na adolesc\u00eancia e os casos de suic\u00eddio. Muitos chegam a escola com fome e n\u00e3o podem se concentrar nos estudos. Por todas estas coisas, a educa\u00e7\u00e3o deve ser uma prioridade para a sociedade. Os professores deveriam contar com o maior apoio poss\u00edvel porque\u00a0 s\u00e3o eles, na maioria dos casos, os que podem mudar o futuro das crian\u00e7as deste povoado. Os professores t\u00eam uma grande responsabilidade nas m\u00e3os. Somente n\u00f3s podemos dar a estas crian\u00e7as os instrumentos necess\u00e1rios para conquistar seus sonhos. Sem educa\u00e7\u00e3o, resultaremos numa gera\u00e7\u00e3o sem conquistas e n\u00e3o podemos permitir que isto aconte\u00e7a. Cada um deve colocar seu gr\u00e3o de areia para garantir que as crian\u00e7as tenham acesso a uma educa\u00e7\u00e3o de qualidade, para assim podermos encarar o futuro com esperan\u00e7a. Esta \u00e9 nossa tarefa como professores!<\/p>\n<p>&nbsp;<\/p>\n<p><em>Frei Peter levantar o trof\u00e9u Global Teacher Prize, conhecido como o Pr\u00eamio Nobel dos professores<\/em><\/p>\n<p><strong>&#8211; Na \u00c1frica, a idade m\u00ednima para que as meninas contraiam matrim\u00f4nio \u00e9 15 anos, mas muitas se casam com 9 ou 10 anos. Como voc\u00ea enfrenta o abandono escolar feminino?<\/strong><\/p>\n<p><strong>Frei Peter Tabichi<\/strong><em>\u00a0 &#8211; <\/em>Todas as crian\u00e7as do mundo merecem a oportunidade de receber uma boa educa\u00e7\u00e3o enquanto crescem para alcan\u00e7ar todo seu potencial. \u00c9 vital que as meninas sejam parte disso, mas n\u00e3o podemos negar a realidade: existem 131 milh\u00f5es de meninas em todo o mundo para as quais \u00e9 negada a oportunidade de ir \u00e0 escola, e muitas delas est\u00e3o no continente africano.\u00a0Em geral, somente uma fam\u00edlia que respeite o of\u00edcio de professor pode deixar-se convencer para n\u00e3o impedir que suas filhas frequentem a escola. O que tratamos de faz\u00ea-los entender \u00e9 que ir \u00e0 escola \u00e9 mais importante que ajudar com as tarefas dom\u00e9sticas ou que casar-se e formar uma fam\u00edlia; que n\u00e3o \u00e9 um desperd\u00edcio investir em livros e que estudar pode ajud\u00e1-los a sair da pobreza. \u00c9 \u00f3timo que as meninas ajudem suas fam\u00edlias sempre que poss\u00edvel, mas nunca \u00e0s custas de sua educa\u00e7\u00e3o ou de seu futuro. \u00c9 um fato que as meninas com mais estudos s\u00e3o as que obt\u00e9m melhores trabalhos quando adultas, e com melhores sal\u00e1rios. E quando mostramos a quantidade de oportunidades que se abrem com o conhecimento, os estudantes se esfor\u00e7am para conseguir melhores notas. N\u00e3o fazem somente por eles ou suas fam\u00edlias, mas para ajudar toda a comunidade. N\u00e3o posso sentir-me mais orgulhoso das meninas que ensino. Como Esther Amimo e Salom\u00e9 Njeri, que foram premiadas no ano passado na Feira <em>Intel Internacional Science and Engineering<\/em>, em F\u00eanix, Arizona, por desenvolverem um dispositivo que ajuda pessoas que sofrem algum tipo de defici\u00eancia visual ou auditiva.<\/p>\n<p><strong>&#8211; Voc\u00ea \u00e9 o primeiro africano a ganhar o pr\u00eamio &#8220;Global Teacher Prize&#8221;, outorgado pela Funda\u00e7\u00e3o Varkey. Como recebeu a not\u00edcia?<\/strong><\/p>\n<p><strong>Frei Peter Tabichi<\/strong><em>\u00a0 &#8211; <\/em>Espero que este pr\u00eamio se converta num motor de esperan\u00e7a, que haja cada vez mais africanos motivados que olhem com confian\u00e7a para o futuro. Foi uma honra sublime, que recebi com grande humildade. Vejo como um reconhecimento destacado, mas n\u00e3o de meu trabalho como professor, mas de todos os professores da \u00c1frica. Creio que este pr\u00eamio reivindica o papel de todos os professores do mundo.\u00a0O <em>Global Teacher Prize <\/em>\u00e9 uma premia\u00e7\u00e3o que tamb\u00e9m valoriza os jovens deste grande continente. S\u00f3 estou aqui porque meus alunos conquistaram: este pr\u00eamio reconhece todo seu esfor\u00e7o e o incr\u00edvel potencial que demonstraram, dando a eles uma oportunidade. Os jovens africanos s\u00e3o o futuro do mundo. As novas gera\u00e7\u00f5es n\u00e3o v\u00e3o ter expectativas t\u00e3o baixas. Elas sonham grande! O continente africano ser\u00e1 um banco de produ\u00e7\u00e3o de cientistas, engenheiros e empres\u00e1rios cujos nomes ressoar\u00e3o em todos os lugares do planeta e as mulheres ser\u00e3o fundamentais neste processo.<\/p>\n<p><em><strong>Victoria Isabel Cardiel C.<br \/>\n<\/strong><strong>Via Alfa y Omega<br \/>\n<\/strong><strong>Tradu\u00e7\u00e3o:<a href=\"http:\/\/franciscanos.org.br\" target=\"_blank\" rel=\"noopener noreferrer\"> franciscanos.org.br<\/a><\/strong><\/em><\/p>\n<p><em>Confira o v\u00eddeo do Global Teacher Prize, em ingl\u00eas:<\/em><\/p>\n<p><iframe loading=\"lazy\" src=\"https:\/\/www.youtube.com\/embed\/i41XlsaDc-w\" width=\"640\" height=\"350\" frameborder=\"0\" allowfullscreen=\"allowfullscreen\"><span data-mce-type=\"bookmark\" style=\"display: inline-block; width: 0px; overflow: hidden; line-height: 0;\" class=\"mce_SELRES_start\">\ufeff<\/span><\/iframe><\/p>\n","protected":false},"excerpt":{"rendered":"<p>&nbsp; Os alunos de Frei Peter Tabichi t\u00eam muitas coisas para desmotiv\u00e1-los: mis\u00e9ria, seca, fome, falta de \u00e1gua pot\u00e1vel. Tudo isso somado aos problemas de abandono dos pais e respons\u00e1veis, \u00a0uso de drogas, gravidez na adolesc\u00eancia, casamentos for\u00e7ados e at\u00e9 casos de suic\u00eddios. Por isso \u00e9 surpreendente que na Escola Secund\u00e1ria Keriko \u2014 um col\u00e9gio [&hellip;]<\/p>\n","protected":false},"author":1,"featured_media":216050,"comment_status":"open","ping_status":"open","sticky":false,"template":"","format":"standard","meta":[],"categories":[1],"tags":[397],"acf":[],"yoast_head":"<!-- This site is optimized with the Yoast SEO plugin v19.2 - https:\/\/yoast.com\/wordpress\/plugins\/seo\/ -->\n<title>Nobel dos professores: \u201cOs jovens africanos s\u00e3o o futuro do mundo\u201d - Not\u00edcias - Franciscanos<\/title>\n<meta name=\"robots\" content=\"index, follow, max-snippet:-1, max-image-preview:large, max-video-preview:-1\" \/>\n<link rel=\"canonical\" href=\"https:\/\/franciscanos.org.br\/noticias\/nobel-dos-professores-os-jovens-africanos-sao-o-futuro-do-mundo.html\" \/>\n<meta property=\"og:locale\" content=\"pt_BR\" \/>\n<meta property=\"og:type\" content=\"article\" \/>\n<meta property=\"og:title\" content=\"Nobel dos professores: \u201cOs jovens africanos s\u00e3o o futuro do mundo\u201d - Not\u00edcias - Franciscanos\" \/>\n<meta property=\"og:description\" content=\"&nbsp; Os alunos de Frei Peter Tabichi t\u00eam muitas coisas para desmotiv\u00e1-los: mis\u00e9ria, seca, fome, falta de \u00e1gua pot\u00e1vel. Tudo isso somado aos problemas de abandono dos pais e respons\u00e1veis, \u00a0uso de drogas, gravidez na adolesc\u00eancia, casamentos for\u00e7ados e at\u00e9 casos de suic\u00eddios. Por isso \u00e9 surpreendente que na Escola Secund\u00e1ria Keriko \u2014 um col\u00e9gio [&hellip;]\" \/>\n<meta property=\"og:url\" content=\"https:\/\/franciscanos.org.br\/noticias\/nobel-dos-professores-os-jovens-africanos-sao-o-futuro-do-mundo.html\" \/>\n<meta property=\"og:site_name\" content=\"Not\u00edcias - Franciscanos\" \/>\n<meta property=\"article:published_time\" content=\"2020-01-17T12:20:31+00:00\" \/>\n<meta property=\"article:modified_time\" content=\"2020-08-06T17:43:30+00:00\" \/>\n<meta property=\"og:image\" content=\"https:\/\/franciscanos.org.br\/noticias\/wp-content\/uploads\/2020\/01\/tabichi_papa_1701d.jpg\" \/>\n\t<meta property=\"og:image:width\" content=\"273\" \/>\n\t<meta property=\"og:image:height\" content=\"181\" \/>\n\t<meta property=\"og:image:type\" content=\"image\/jpeg\" \/>\n<meta name=\"author\" content=\"admin\" \/>\n<meta name=\"twitter:card\" content=\"summary_large_image\" \/>\n<meta name=\"twitter:label1\" content=\"Escrito por\" \/>\n\t<meta name=\"twitter:data1\" content=\"admin\" \/>\n\t<meta name=\"twitter:label2\" content=\"Est. tempo de leitura\" \/>\n\t<meta name=\"twitter:data2\" content=\"8 minutos\" \/>\n<script type=\"application\/ld+json\" class=\"yoast-schema-graph\">{\"@context\":\"https:\/\/schema.org\",\"@graph\":[{\"@type\":\"WebSite\",\"@id\":\"https:\/\/franciscanos.org.br\/noticias\/#website\",\"url\":\"https:\/\/franciscanos.org.br\/noticias\/\",\"name\":\"Not\u00edcias - Franciscanos\",\"description\":\"Prov\u00edncia Franciscana da Imaculada Concei\u00e7\u00e3o do Brasil - Ordem dos Frades Menores - OFM\",\"potentialAction\":[{\"@type\":\"SearchAction\",\"target\":{\"@type\":\"EntryPoint\",\"urlTemplate\":\"https:\/\/franciscanos.org.br\/noticias\/?s={search_term_string}\"},\"query-input\":\"required name=search_term_string\"}],\"inLanguage\":\"pt-BR\"},{\"@type\":\"ImageObject\",\"inLanguage\":\"pt-BR\",\"@id\":\"https:\/\/franciscanos.org.br\/noticias\/nobel-dos-professores-os-jovens-africanos-sao-o-futuro-do-mundo.html#primaryimage\",\"url\":\"https:\/\/franciscanos.org.br\/noticias\/wp-content\/uploads\/2020\/01\/tabichi_papa_1701d.jpg\",\"contentUrl\":\"https:\/\/franciscanos.org.br\/noticias\/wp-content\/uploads\/2020\/01\/tabichi_papa_1701d.jpg\",\"width\":273,\"height\":181},{\"@type\":\"WebPage\",\"@id\":\"https:\/\/franciscanos.org.br\/noticias\/nobel-dos-professores-os-jovens-africanos-sao-o-futuro-do-mundo.html#webpage\",\"url\":\"https:\/\/franciscanos.org.br\/noticias\/nobel-dos-professores-os-jovens-africanos-sao-o-futuro-do-mundo.html\",\"name\":\"Nobel dos professores: \u201cOs jovens africanos s\u00e3o o futuro do mundo\u201d - Not\u00edcias - Franciscanos\",\"isPartOf\":{\"@id\":\"https:\/\/franciscanos.org.br\/noticias\/#website\"},\"primaryImageOfPage\":{\"@id\":\"https:\/\/franciscanos.org.br\/noticias\/nobel-dos-professores-os-jovens-africanos-sao-o-futuro-do-mundo.html#primaryimage\"},\"datePublished\":\"2020-01-17T12:20:31+00:00\",\"dateModified\":\"2020-08-06T17:43:30+00:00\",\"author\":{\"@id\":\"https:\/\/franciscanos.org.br\/noticias\/#\/schema\/person\/b38fbf43118f02820bd932f2e4b14ad3\"},\"breadcrumb\":{\"@id\":\"https:\/\/franciscanos.org.br\/noticias\/nobel-dos-professores-os-jovens-africanos-sao-o-futuro-do-mundo.html#breadcrumb\"},\"inLanguage\":\"pt-BR\",\"potentialAction\":[{\"@type\":\"ReadAction\",\"target\":[\"https:\/\/franciscanos.org.br\/noticias\/nobel-dos-professores-os-jovens-africanos-sao-o-futuro-do-mundo.html\"]}]},{\"@type\":\"BreadcrumbList\",\"@id\":\"https:\/\/franciscanos.org.br\/noticias\/nobel-dos-professores-os-jovens-africanos-sao-o-futuro-do-mundo.html#breadcrumb\",\"itemListElement\":[{\"@type\":\"ListItem\",\"position\":1,\"name\":\"Home\",\"item\":\"https:\/\/franciscanos.org.br\/noticias\"},{\"@type\":\"ListItem\",\"position\":2,\"name\":\"Nobel dos professores: \u201cOs jovens africanos s\u00e3o o futuro do mundo\u201d\"}]},{\"@type\":\"Person\",\"@id\":\"https:\/\/franciscanos.org.br\/noticias\/#\/schema\/person\/b38fbf43118f02820bd932f2e4b14ad3\",\"name\":\"admin\",\"image\":{\"@type\":\"ImageObject\",\"inLanguage\":\"pt-BR\",\"@id\":\"https:\/\/franciscanos.org.br\/noticias\/#\/schema\/person\/image\/\",\"url\":\"https:\/\/secure.gravatar.com\/avatar\/e8495742d34d0ba6448ea1c628263b3e?s=96&d=mm&r=g\",\"contentUrl\":\"https:\/\/secure.gravatar.com\/avatar\/e8495742d34d0ba6448ea1c628263b3e?s=96&d=mm&r=g\",\"caption\":\"admin\"},\"url\":\"https:\/\/franciscanos.org.br\/noticias\/author\/admin\"}]}<\/script>\n<!-- \/ Yoast SEO plugin. -->","yoast_head_json":{"title":"Nobel dos professores: \u201cOs jovens africanos s\u00e3o o futuro do mundo\u201d - Not\u00edcias - Franciscanos","robots":{"index":"index","follow":"follow","max-snippet":"max-snippet:-1","max-image-preview":"max-image-preview:large","max-video-preview":"max-video-preview:-1"},"canonical":"https:\/\/franciscanos.org.br\/noticias\/nobel-dos-professores-os-jovens-africanos-sao-o-futuro-do-mundo.html","og_locale":"pt_BR","og_type":"article","og_title":"Nobel dos professores: \u201cOs jovens africanos s\u00e3o o futuro do mundo\u201d - Not\u00edcias - Franciscanos","og_description":"&nbsp; Os alunos de Frei Peter Tabichi t\u00eam muitas coisas para desmotiv\u00e1-los: mis\u00e9ria, seca, fome, falta de \u00e1gua pot\u00e1vel. Tudo isso somado aos problemas de abandono dos pais e respons\u00e1veis, \u00a0uso de drogas, gravidez na adolesc\u00eancia, casamentos for\u00e7ados e at\u00e9 casos de suic\u00eddios. Por isso \u00e9 surpreendente que na Escola Secund\u00e1ria Keriko \u2014 um col\u00e9gio [&hellip;]","og_url":"https:\/\/franciscanos.org.br\/noticias\/nobel-dos-professores-os-jovens-africanos-sao-o-futuro-do-mundo.html","og_site_name":"Not\u00edcias - Franciscanos","article_published_time":"2020-01-17T12:20:31+00:00","article_modified_time":"2020-08-06T17:43:30+00:00","og_image":[{"width":273,"height":181,"url":"https:\/\/franciscanos.org.br\/noticias\/wp-content\/uploads\/2020\/01\/tabichi_papa_1701d.jpg","type":"image\/jpeg"}],"author":"admin","twitter_card":"summary_large_image","twitter_misc":{"Escrito por":"admin","Est. tempo de leitura":"8 minutos"},"schema":{"@context":"https:\/\/schema.org","@graph":[{"@type":"WebSite","@id":"https:\/\/franciscanos.org.br\/noticias\/#website","url":"https:\/\/franciscanos.org.br\/noticias\/","name":"Not\u00edcias - Franciscanos","description":"Prov\u00edncia Franciscana da Imaculada Concei\u00e7\u00e3o do Brasil - Ordem dos Frades Menores - OFM","potentialAction":[{"@type":"SearchAction","target":{"@type":"EntryPoint","urlTemplate":"https:\/\/franciscanos.org.br\/noticias\/?s={search_term_string}"},"query-input":"required name=search_term_string"}],"inLanguage":"pt-BR"},{"@type":"ImageObject","inLanguage":"pt-BR","@id":"https:\/\/franciscanos.org.br\/noticias\/nobel-dos-professores-os-jovens-africanos-sao-o-futuro-do-mundo.html#primaryimage","url":"https:\/\/franciscanos.org.br\/noticias\/wp-content\/uploads\/2020\/01\/tabichi_papa_1701d.jpg","contentUrl":"https:\/\/franciscanos.org.br\/noticias\/wp-content\/uploads\/2020\/01\/tabichi_papa_1701d.jpg","width":273,"height":181},{"@type":"WebPage","@id":"https:\/\/franciscanos.org.br\/noticias\/nobel-dos-professores-os-jovens-africanos-sao-o-futuro-do-mundo.html#webpage","url":"https:\/\/franciscanos.org.br\/noticias\/nobel-dos-professores-os-jovens-africanos-sao-o-futuro-do-mundo.html","name":"Nobel dos professores: \u201cOs jovens africanos s\u00e3o o futuro do mundo\u201d - Not\u00edcias - Franciscanos","isPartOf":{"@id":"https:\/\/franciscanos.org.br\/noticias\/#website"},"primaryImageOfPage":{"@id":"https:\/\/franciscanos.org.br\/noticias\/nobel-dos-professores-os-jovens-africanos-sao-o-futuro-do-mundo.html#primaryimage"},"datePublished":"2020-01-17T12:20:31+00:00","dateModified":"2020-08-06T17:43:30+00:00","author":{"@id":"https:\/\/franciscanos.org.br\/noticias\/#\/schema\/person\/b38fbf43118f02820bd932f2e4b14ad3"},"breadcrumb":{"@id":"https:\/\/franciscanos.org.br\/noticias\/nobel-dos-professores-os-jovens-africanos-sao-o-futuro-do-mundo.html#breadcrumb"},"inLanguage":"pt-BR","potentialAction":[{"@type":"ReadAction","target":["https:\/\/franciscanos.org.br\/noticias\/nobel-dos-professores-os-jovens-africanos-sao-o-futuro-do-mundo.html"]}]},{"@type":"BreadcrumbList","@id":"https:\/\/franciscanos.org.br\/noticias\/nobel-dos-professores-os-jovens-africanos-sao-o-futuro-do-mundo.html#breadcrumb","itemListElement":[{"@type":"ListItem","position":1,"name":"Home","item":"https:\/\/franciscanos.org.br\/noticias"},{"@type":"ListItem","position":2,"name":"Nobel dos professores: \u201cOs jovens africanos s\u00e3o o futuro do mundo\u201d"}]},{"@type":"Person","@id":"https:\/\/franciscanos.org.br\/noticias\/#\/schema\/person\/b38fbf43118f02820bd932f2e4b14ad3","name":"admin","image":{"@type":"ImageObject","inLanguage":"pt-BR","@id":"https:\/\/franciscanos.org.br\/noticias\/#\/schema\/person\/image\/","url":"https:\/\/secure.gravatar.com\/avatar\/e8495742d34d0ba6448ea1c628263b3e?s=96&d=mm&r=g","contentUrl":"https:\/\/secure.gravatar.com\/avatar\/e8495742d34d0ba6448ea1c628263b3e?s=96&d=mm&r=g","caption":"admin"},"url":"https:\/\/franciscanos.org.br\/noticias\/author\/admin"}]}},"_links":{"self":[{"href":"https:\/\/franciscanos.org.br\/noticias\/wp-json\/wp\/v2\/posts\/215947"}],"collection":[{"href":"https:\/\/franciscanos.org.br\/noticias\/wp-json\/wp\/v2\/posts"}],"about":[{"href":"https:\/\/franciscanos.org.br\/noticias\/wp-json\/wp\/v2\/types\/post"}],"author":[{"embeddable":true,"href":"https:\/\/franciscanos.org.br\/noticias\/wp-json\/wp\/v2\/users\/1"}],"replies":[{"embeddable":true,"href":"https:\/\/franciscanos.org.br\/noticias\/wp-json\/wp\/v2\/comments?post=215947"}],"version-history":[{"count":1,"href":"https:\/\/franciscanos.org.br\/noticias\/wp-json\/wp\/v2\/posts\/215947\/revisions"}],"predecessor-version":[{"id":227555,"href":"https:\/\/franciscanos.org.br\/noticias\/wp-json\/wp\/v2\/posts\/215947\/revisions\/227555"}],"wp:featuredmedia":[{"embeddable":true,"href":"https:\/\/franciscanos.org.br\/noticias\/wp-json\/wp\/v2\/media\/216050"}],"wp:attachment":[{"href":"https:\/\/franciscanos.org.br\/noticias\/wp-json\/wp\/v2\/media?parent=215947"}],"wp:term":[{"taxonomy":"category","embeddable":true,"href":"https:\/\/franciscanos.org.br\/noticias\/wp-json\/wp\/v2\/categories?post=215947"},{"taxonomy":"post_tag","embeddable":true,"href":"https:\/\/franciscanos.org.br\/noticias\/wp-json\/wp\/v2\/tags?post=215947"}],"curies":[{"name":"wp","href":"https:\/\/api.w.org\/{rel}","templated":true}]}}