{"id":215932,"date":"2020-01-15T08:05:59","date_gmt":"2020-01-15T11:05:59","guid":{"rendered":"https:\/\/franciscanos.org.br\/noticias\/?p=215932"},"modified":"2020-01-17T09:27:05","modified_gmt":"2020-01-17T12:27:05","slug":"inaugurado-novo-estudio-da-radio-movimento-fm","status":"publish","type":"post","link":"https:\/\/franciscanos.org.br\/noticias\/inaugurado-novo-estudio-da-radio-movimento-fm.html","title":{"rendered":"Inaugurado novo est\u00fadio da R\u00e1dio Movimento FM"},"content":{"rendered":"<p><img loading=\"lazy\" class=\"alignnone size-full wp-image-215933\" src=\"https:\/\/franciscanos.org.br\/noticias\/wp-content\/uploads\/2020\/01\/movimento_1501.jpg\" alt=\"\" width=\"890\" height=\"501\" srcset=\"https:\/\/franciscanos.org.br\/noticias\/wp-content\/uploads\/2020\/01\/movimento_1501.jpg 890w, https:\/\/franciscanos.org.br\/noticias\/wp-content\/uploads\/2020\/01\/movimento_1501-450x253.jpg 450w, https:\/\/franciscanos.org.br\/noticias\/wp-content\/uploads\/2020\/01\/movimento_1501-768x432.jpg 768w, https:\/\/franciscanos.org.br\/noticias\/wp-content\/uploads\/2020\/01\/movimento_1501-150x84.jpg 150w\" sizes=\"(max-width: 890px) 100vw, 890px\" \/><\/p>\n<p>Karolline Paim<\/p>\n<p>Pato Branco (PR) &#8211; Em 2020, a R\u00e1dio Movimento FM completa 38 anos de hist\u00f3ria, transmitindo aos ouvintes da regi\u00e3o Sudoeste do Paran\u00e1 e Noroeste de Santa Catarina, muita m\u00fasica e informa\u00e7\u00e3o. De olho em novas tecnologias, o est\u00fadio da R\u00e1dio Movimento foi completamente reformulado. As obras foram realizadas durante o ano passado e conclu\u00eddas na primeira semana de janeiro deste ano.<\/p>\n<p>A inaugura\u00e7\u00e3o contou com a presen\u00e7a de comunicadores, de Frei Neuri Reinicsh, diretor da Rede Celinauta de Comunica\u00e7\u00e3o e R\u00e1dio Movimento FM, e de Frei Policarpo Berri, entusiasta da comunica\u00e7\u00e3o e idealizador da Rede. Policarpo deu sua b\u00ean\u00e7\u00e3o aos comunicadores e aos ouvintes. Tamb\u00e9m conheceu de perto todos os investimentos feitos para oferecer ainda mais qualidade de som.<\/p>\n<p><img loading=\"lazy\" class=\"alignnone size-full wp-image-215935\" src=\"https:\/\/franciscanos.org.br\/noticias\/wp-content\/uploads\/2020\/01\/movimento_1501_2.jpg\" alt=\"\" width=\"890\" height=\"501\" srcset=\"https:\/\/franciscanos.org.br\/noticias\/wp-content\/uploads\/2020\/01\/movimento_1501_2.jpg 890w, https:\/\/franciscanos.org.br\/noticias\/wp-content\/uploads\/2020\/01\/movimento_1501_2-450x253.jpg 450w, https:\/\/franciscanos.org.br\/noticias\/wp-content\/uploads\/2020\/01\/movimento_1501_2-768x432.jpg 768w, https:\/\/franciscanos.org.br\/noticias\/wp-content\/uploads\/2020\/01\/movimento_1501_2-150x84.jpg 150w\" sizes=\"(max-width: 890px) 100vw, 890px\" \/><\/p>\n<p style=\"padding-left: 40px;\"><em>Lisa Bedin integra a equipe Movimento FM h\u00e1 17 anos<\/em><\/p>\n<p>Frei Neuri falou sobre os pilares que norteiam os trabalhos desenvolvidos na R\u00e1dio. \u201cEstamos preocupados em transmitir sempre boa m\u00fasica, informa\u00e7\u00e3o de credibilidade, esporte e espiritualidade\u201d.<\/p>\n<p>Atualmente a R\u00e1dio conta com sete locutores, profissionais respons\u00e1veis pela programa\u00e7\u00e3o de segunda a domingo. Entre eles, Lisa Bedin, que h\u00e1 17 anos integra a equipe Movimento FM. \u201cO nosso agradecimento aos ouvintes, pela companhia, pela audi\u00eancia e carinho de todos os dias\u201d.<\/p>\n<p><img loading=\"lazy\" class=\"alignnone size-full wp-image-215936\" src=\"https:\/\/franciscanos.org.br\/noticias\/wp-content\/uploads\/2020\/01\/movimento_1501_3.jpg\" alt=\"\" width=\"890\" height=\"501\" srcset=\"https:\/\/franciscanos.org.br\/noticias\/wp-content\/uploads\/2020\/01\/movimento_1501_3.jpg 890w, https:\/\/franciscanos.org.br\/noticias\/wp-content\/uploads\/2020\/01\/movimento_1501_3-450x253.jpg 450w, https:\/\/franciscanos.org.br\/noticias\/wp-content\/uploads\/2020\/01\/movimento_1501_3-768x432.jpg 768w, https:\/\/franciscanos.org.br\/noticias\/wp-content\/uploads\/2020\/01\/movimento_1501_3-150x84.jpg 150w\" sizes=\"(max-width: 890px) 100vw, 890px\" \/><\/p>\n","protected":false},"excerpt":{"rendered":"<p>Rede Celinauta de Comunica\u00e7\u00e3o<\/p>\n","protected":false},"author":3,"featured_media":215934,"comment_status":"open","ping_status":"open","sticky":false,"template":"","format":"standard","meta":[],"categories":[1],"tags":[1434],"acf":[],"yoast_head":"<!-- This site is optimized with the Yoast SEO plugin v19.2 - https:\/\/yoast.com\/wordpress\/plugins\/seo\/ -->\n<title>Inaugurado novo est\u00fadio da R\u00e1dio Movimento FM - Not\u00edcias - Franciscanos<\/title>\n<meta name=\"robots\" content=\"index, follow, max-snippet:-1, max-image-preview:large, max-video-preview:-1\" \/>\n<link rel=\"canonical\" href=\"https:\/\/franciscanos.org.br\/noticias\/inaugurado-novo-estudio-da-radio-movimento-fm.html\" \/>\n<meta property=\"og:locale\" content=\"pt_BR\" \/>\n<meta property=\"og:type\" content=\"article\" \/>\n<meta property=\"og:title\" content=\"Inaugurado novo est\u00fadio da R\u00e1dio Movimento FM - Not\u00edcias - Franciscanos\" \/>\n<meta property=\"og:description\" content=\"Rede Celinauta de Comunica\u00e7\u00e3o\" \/>\n<meta property=\"og:url\" content=\"https:\/\/franciscanos.org.br\/noticias\/inaugurado-novo-estudio-da-radio-movimento-fm.html\" \/>\n<meta property=\"og:site_name\" content=\"Not\u00edcias - Franciscanos\" \/>\n<meta property=\"article:published_time\" content=\"2020-01-15T11:05:59+00:00\" \/>\n<meta property=\"article:modified_time\" content=\"2020-01-17T12:27:05+00:00\" \/>\n<meta property=\"og:image\" content=\"https:\/\/franciscanos.org.br\/noticias\/wp-content\/uploads\/2020\/01\/movimento_1501d.jpg\" \/>\n\t<meta property=\"og:image:width\" content=\"273\" \/>\n\t<meta property=\"og:image:height\" content=\"181\" \/>\n\t<meta property=\"og:image:type\" content=\"image\/jpeg\" \/>\n<meta name=\"author\" content=\"moacir\" \/>\n<meta name=\"twitter:card\" content=\"summary_large_image\" \/>\n<meta name=\"twitter:label1\" content=\"Escrito por\" \/>\n\t<meta name=\"twitter:data1\" content=\"moacir\" \/>\n\t<meta name=\"twitter:label2\" content=\"Est. tempo de leitura\" \/>\n\t<meta name=\"twitter:data2\" content=\"1 minuto\" \/>\n<script type=\"application\/ld+json\" class=\"yoast-schema-graph\">{\"@context\":\"https:\/\/schema.org\",\"@graph\":[{\"@type\":\"WebSite\",\"@id\":\"https:\/\/franciscanos.org.br\/noticias\/#website\",\"url\":\"https:\/\/franciscanos.org.br\/noticias\/\",\"name\":\"Not\u00edcias - Franciscanos\",\"description\":\"Prov\u00edncia Franciscana da Imaculada Concei\u00e7\u00e3o do Brasil - Ordem dos Frades Menores - OFM\",\"potentialAction\":[{\"@type\":\"SearchAction\",\"target\":{\"@type\":\"EntryPoint\",\"urlTemplate\":\"https:\/\/franciscanos.org.br\/noticias\/?s={search_term_string}\"},\"query-input\":\"required name=search_term_string\"}],\"inLanguage\":\"pt-BR\"},{\"@type\":\"ImageObject\",\"inLanguage\":\"pt-BR\",\"@id\":\"https:\/\/franciscanos.org.br\/noticias\/inaugurado-novo-estudio-da-radio-movimento-fm.html#primaryimage\",\"url\":\"https:\/\/franciscanos.org.br\/noticias\/wp-content\/uploads\/2020\/01\/movimento_1501d.jpg\",\"contentUrl\":\"https:\/\/franciscanos.org.br\/noticias\/wp-content\/uploads\/2020\/01\/movimento_1501d.jpg\",\"width\":273,\"height\":181},{\"@type\":\"WebPage\",\"@id\":\"https:\/\/franciscanos.org.br\/noticias\/inaugurado-novo-estudio-da-radio-movimento-fm.html#webpage\",\"url\":\"https:\/\/franciscanos.org.br\/noticias\/inaugurado-novo-estudio-da-radio-movimento-fm.html\",\"name\":\"Inaugurado novo est\u00fadio da R\u00e1dio Movimento FM - Not\u00edcias - Franciscanos\",\"isPartOf\":{\"@id\":\"https:\/\/franciscanos.org.br\/noticias\/#website\"},\"primaryImageOfPage\":{\"@id\":\"https:\/\/franciscanos.org.br\/noticias\/inaugurado-novo-estudio-da-radio-movimento-fm.html#primaryimage\"},\"datePublished\":\"2020-01-15T11:05:59+00:00\",\"dateModified\":\"2020-01-17T12:27:05+00:00\",\"author\":{\"@id\":\"https:\/\/franciscanos.org.br\/noticias\/#\/schema\/person\/b5c8cba458c330ccff548b056e95a5d4\"},\"breadcrumb\":{\"@id\":\"https:\/\/franciscanos.org.br\/noticias\/inaugurado-novo-estudio-da-radio-movimento-fm.html#breadcrumb\"},\"inLanguage\":\"pt-BR\",\"potentialAction\":[{\"@type\":\"ReadAction\",\"target\":[\"https:\/\/franciscanos.org.br\/noticias\/inaugurado-novo-estudio-da-radio-movimento-fm.html\"]}]},{\"@type\":\"BreadcrumbList\",\"@id\":\"https:\/\/franciscanos.org.br\/noticias\/inaugurado-novo-estudio-da-radio-movimento-fm.html#breadcrumb\",\"itemListElement\":[{\"@type\":\"ListItem\",\"position\":1,\"name\":\"Home\",\"item\":\"https:\/\/franciscanos.org.br\/noticias\"},{\"@type\":\"ListItem\",\"position\":2,\"name\":\"Inaugurado novo est\u00fadio da R\u00e1dio Movimento FM\"}]},{\"@type\":\"Person\",\"@id\":\"https:\/\/franciscanos.org.br\/noticias\/#\/schema\/person\/b5c8cba458c330ccff548b056e95a5d4\",\"name\":\"moacir\",\"image\":{\"@type\":\"ImageObject\",\"inLanguage\":\"pt-BR\",\"@id\":\"https:\/\/franciscanos.org.br\/noticias\/#\/schema\/person\/image\/\",\"url\":\"https:\/\/secure.gravatar.com\/avatar\/d08aa2ce4c8dd416d4479aa8536fcf64?s=96&d=mm&r=g\",\"contentUrl\":\"https:\/\/secure.gravatar.com\/avatar\/d08aa2ce4c8dd416d4479aa8536fcf64?s=96&d=mm&r=g\",\"caption\":\"moacir\"},\"url\":\"https:\/\/franciscanos.org.br\/noticias\/author\/moacir\"}]}<\/script>\n<!-- \/ Yoast SEO plugin. -->","yoast_head_json":{"title":"Inaugurado novo est\u00fadio da R\u00e1dio Movimento FM - Not\u00edcias - Franciscanos","robots":{"index":"index","follow":"follow","max-snippet":"max-snippet:-1","max-image-preview":"max-image-preview:large","max-video-preview":"max-video-preview:-1"},"canonical":"https:\/\/franciscanos.org.br\/noticias\/inaugurado-novo-estudio-da-radio-movimento-fm.html","og_locale":"pt_BR","og_type":"article","og_title":"Inaugurado novo est\u00fadio da R\u00e1dio Movimento FM - Not\u00edcias - Franciscanos","og_description":"Rede Celinauta de Comunica\u00e7\u00e3o","og_url":"https:\/\/franciscanos.org.br\/noticias\/inaugurado-novo-estudio-da-radio-movimento-fm.html","og_site_name":"Not\u00edcias - Franciscanos","article_published_time":"2020-01-15T11:05:59+00:00","article_modified_time":"2020-01-17T12:27:05+00:00","og_image":[{"width":273,"height":181,"url":"https:\/\/franciscanos.org.br\/noticias\/wp-content\/uploads\/2020\/01\/movimento_1501d.jpg","type":"image\/jpeg"}],"author":"moacir","twitter_card":"summary_large_image","twitter_misc":{"Escrito por":"moacir","Est. tempo de leitura":"1 minuto"},"schema":{"@context":"https:\/\/schema.org","@graph":[{"@type":"WebSite","@id":"https:\/\/franciscanos.org.br\/noticias\/#website","url":"https:\/\/franciscanos.org.br\/noticias\/","name":"Not\u00edcias - Franciscanos","description":"Prov\u00edncia Franciscana da Imaculada Concei\u00e7\u00e3o do Brasil - Ordem dos Frades Menores - OFM","potentialAction":[{"@type":"SearchAction","target":{"@type":"EntryPoint","urlTemplate":"https:\/\/franciscanos.org.br\/noticias\/?s={search_term_string}"},"query-input":"required name=search_term_string"}],"inLanguage":"pt-BR"},{"@type":"ImageObject","inLanguage":"pt-BR","@id":"https:\/\/franciscanos.org.br\/noticias\/inaugurado-novo-estudio-da-radio-movimento-fm.html#primaryimage","url":"https:\/\/franciscanos.org.br\/noticias\/wp-content\/uploads\/2020\/01\/movimento_1501d.jpg","contentUrl":"https:\/\/franciscanos.org.br\/noticias\/wp-content\/uploads\/2020\/01\/movimento_1501d.jpg","width":273,"height":181},{"@type":"WebPage","@id":"https:\/\/franciscanos.org.br\/noticias\/inaugurado-novo-estudio-da-radio-movimento-fm.html#webpage","url":"https:\/\/franciscanos.org.br\/noticias\/inaugurado-novo-estudio-da-radio-movimento-fm.html","name":"Inaugurado novo est\u00fadio da R\u00e1dio Movimento FM - Not\u00edcias - Franciscanos","isPartOf":{"@id":"https:\/\/franciscanos.org.br\/noticias\/#website"},"primaryImageOfPage":{"@id":"https:\/\/franciscanos.org.br\/noticias\/inaugurado-novo-estudio-da-radio-movimento-fm.html#primaryimage"},"datePublished":"2020-01-15T11:05:59+00:00","dateModified":"2020-01-17T12:27:05+00:00","author":{"@id":"https:\/\/franciscanos.org.br\/noticias\/#\/schema\/person\/b5c8cba458c330ccff548b056e95a5d4"},"breadcrumb":{"@id":"https:\/\/franciscanos.org.br\/noticias\/inaugurado-novo-estudio-da-radio-movimento-fm.html#breadcrumb"},"inLanguage":"pt-BR","potentialAction":[{"@type":"ReadAction","target":["https:\/\/franciscanos.org.br\/noticias\/inaugurado-novo-estudio-da-radio-movimento-fm.html"]}]},{"@type":"BreadcrumbList","@id":"https:\/\/franciscanos.org.br\/noticias\/inaugurado-novo-estudio-da-radio-movimento-fm.html#breadcrumb","itemListElement":[{"@type":"ListItem","position":1,"name":"Home","item":"https:\/\/franciscanos.org.br\/noticias"},{"@type":"ListItem","position":2,"name":"Inaugurado novo est\u00fadio da R\u00e1dio Movimento FM"}]},{"@type":"Person","@id":"https:\/\/franciscanos.org.br\/noticias\/#\/schema\/person\/b5c8cba458c330ccff548b056e95a5d4","name":"moacir","image":{"@type":"ImageObject","inLanguage":"pt-BR","@id":"https:\/\/franciscanos.org.br\/noticias\/#\/schema\/person\/image\/","url":"https:\/\/secure.gravatar.com\/avatar\/d08aa2ce4c8dd416d4479aa8536fcf64?s=96&d=mm&r=g","contentUrl":"https:\/\/secure.gravatar.com\/avatar\/d08aa2ce4c8dd416d4479aa8536fcf64?s=96&d=mm&r=g","caption":"moacir"},"url":"https:\/\/franciscanos.org.br\/noticias\/author\/moacir"}]}},"_links":{"self":[{"href":"https:\/\/franciscanos.org.br\/noticias\/wp-json\/wp\/v2\/posts\/215932"}],"collection":[{"href":"https:\/\/franciscanos.org.br\/noticias\/wp-json\/wp\/v2\/posts"}],"about":[{"href":"https:\/\/franciscanos.org.br\/noticias\/wp-json\/wp\/v2\/types\/post"}],"author":[{"embeddable":true,"href":"https:\/\/franciscanos.org.br\/noticias\/wp-json\/wp\/v2\/users\/3"}],"replies":[{"embeddable":true,"href":"https:\/\/franciscanos.org.br\/noticias\/wp-json\/wp\/v2\/comments?post=215932"}],"version-history":[{"count":0,"href":"https:\/\/franciscanos.org.br\/noticias\/wp-json\/wp\/v2\/posts\/215932\/revisions"}],"wp:featuredmedia":[{"embeddable":true,"href":"https:\/\/franciscanos.org.br\/noticias\/wp-json\/wp\/v2\/media\/215934"}],"wp:attachment":[{"href":"https:\/\/franciscanos.org.br\/noticias\/wp-json\/wp\/v2\/media?parent=215932"}],"wp:term":[{"taxonomy":"category","embeddable":true,"href":"https:\/\/franciscanos.org.br\/noticias\/wp-json\/wp\/v2\/categories?post=215932"},{"taxonomy":"post_tag","embeddable":true,"href":"https:\/\/franciscanos.org.br\/noticias\/wp-json\/wp\/v2\/tags?post=215932"}],"curies":[{"name":"wp","href":"https:\/\/api.w.org\/{rel}","templated":true}]}}