{"id":215811,"date":"2020-01-12T08:26:19","date_gmt":"2020-01-12T11:26:19","guid":{"rendered":"https:\/\/franciscanos.org.br\/noticias\/?p=215811"},"modified":"2020-06-06T08:47:48","modified_gmt":"2020-06-06T11:47:48","slug":"mais-de-2-mil-jovens-ja-inscritos-para-a-economia-de-francisco","status":"publish","type":"post","link":"https:\/\/franciscanos.org.br\/noticias\/mais-de-2-mil-jovens-ja-inscritos-para-a-economia-de-francisco.html","title":{"rendered":"Mais de 2 mil jovens j\u00e1 inscritos para &#8220;A Economia de Francisco&#8221;"},"content":{"rendered":"<p><img loading=\"lazy\" class=\"alignnone wp-image-215813 size-full\" src=\"https:\/\/franciscanos.org.br\/noticias\/wp-content\/uploads\/2020\/01\/assis_1201.jpg\" alt=\"\" width=\"890\" height=\"501\" srcset=\"https:\/\/franciscanos.org.br\/noticias\/wp-content\/uploads\/2020\/01\/assis_1201.jpg 890w, https:\/\/franciscanos.org.br\/noticias\/wp-content\/uploads\/2020\/01\/assis_1201-450x253.jpg 450w, https:\/\/franciscanos.org.br\/noticias\/wp-content\/uploads\/2020\/01\/assis_1201-768x432.jpg 768w, https:\/\/franciscanos.org.br\/noticias\/wp-content\/uploads\/2020\/01\/assis_1201-150x84.jpg 150w\" sizes=\"(max-width: 890px) 100vw, 890px\" \/><\/p>\n<p><strong>Assis (It\u00e1lia)<\/strong> &#8211; Assis se prepara para receber mais de 2000 economistas e empreendedores com menos de 35 anos, provenientes de diversos pa\u00edses, para participar do encontro \u201cThe Economy of Francesco\u201d, o evento desejado pelo Papa a ser realizado de 26 a 28 de mar\u00e7o. S\u00e3o mais de 3300 pedidos de inscri\u00e7\u00e3o enviados de mais de 115 pa\u00edses.<\/p>\n<p>A cidade de S\u00e3o Francisco ser\u00e1 organizada em 12 &#8220;aldeias&#8221; que acolher\u00e3o os trabalhos dos participantes sobre grandes temas e quest\u00f5es apresentados pela economia de hoje e de amanh\u00e3: trabalho e cuidado; gest\u00e3o e dom; finan\u00e7a e humanidade; agricultura e justi\u00e7a; energia e pobreza; lucro e voca\u00e7\u00e3o; <em>policies for happiness<\/em>; CO2 da desigualdade; neg\u00f3cios e paz; Economia \u00e9 mulher; empresas em transi\u00e7\u00e3o; vida e estilos de vida.<\/p>\n<p>O horizonte para ler a articula\u00e7\u00e3o destas aldeias \u00e9 dado pelas palavras do Bispo de Assis, Dom Domenico Sorrentino: &#8220;o desenvolvimento do evento tem uma rela\u00e7\u00e3o com S\u00e3o Francisco, com sua experi\u00eancia de vida e suas escolhas, que t\u00eam valor tamb\u00e9m na economia. Foi ele quem escolheu entre uma economia de ego\u00edsmo e uma economia do dom. Seu despojamento diante dos olhos do pai e do bispo de Assis \u00e9 um \u00edcone inspirador para o evento de mar\u00e7o e \u00e9 a raz\u00e3o pela qual o Papa o queria que fosse realizado em Assis. Esperamos que o clima espiritual desta cidade possa marcar todo o desenrolar do encontro\u201d.<\/p>\n<p>Os participantes da <em>Economy of Francesco<\/em> s\u00e3o jovens pesquisadores, estudantes, doutorandos; empreendedores e dirigentes empresariais; inovadores sociais, promotores de atividades e organiza\u00e7\u00f5es locais e internacionais. Eles lidam com o meio ambiente, pobreza, desigualdades, novas tecnologias, finan\u00e7as inclusivas, desenvolvimento sustent\u00e1vel. Em s\u00edntese, se preocupam com o homem.<\/p>\n<p><strong>Nova economia \u00e0 medida do homem e para o homem<\/strong><\/p>\n<p>&#8220;Em Assis, os protagonistas ser\u00e3o os jovens, que expor\u00e3o suas ideias sobre o mundo, porque j\u00e1 o est\u00e3o mudando, no front da ecologia, da economia, do desenvolvimento, da pobreza. <em>Economy of Francesco<\/em> &#8211; afirmou o diretor cient\u00edfico do evento, Prof. Luigino Bruni &#8211; ser\u00e1 um laborat\u00f3rio de ideias e pr\u00e1ticas onde os jovens se encontrar\u00e3o em um &#8220;ritmo lento&#8221; e ter\u00e3o a possibilidade de pensar e se perguntar, nas pegadas de S\u00e3o Francisco, o que significa construir uma nova economia \u00e0 medida do homem e para o homem. Tr\u00eas dias que se concluir\u00e3o com a assinatura de um pacto entre os jovens economistas e o Papa Francisco, que os convocou a Assis precisamente para ouvir seu grito de alerta, seus sonhos\u201d.<\/p>\n<p>\u201cFrancisco de Assis era um jovem comerciante, um <em>party planner<\/em> e um sonhador &#8230; como tantos outros hoje. E mesmo, olham para ele com um pouco de uma s\u00e3 inveja. A partir de sua experi\u00eancia espiritual &#8211; afirmou o Cust\u00f3dio do Sacro Convento, padre Mauro Gambetti &#8211; nasceu um movimento que contribuiu de modo decisivo para o nascimento do mercado moderno. Humanidade, civiliza\u00e7\u00e3o e bem-estar cresceram rapidamente depois dele. <em>Why not?<\/em> Esta parece ser a provoca\u00e7\u00e3o do Papa Francisco dirigida aos jovens. O desafio \u00e9 enorme, porque n\u00e3o se vencer\u00e1 gra\u00e7as \u00e0 compet\u00eancia, \u00e0 genialidade ou pela imita\u00e7\u00e3o de algu\u00e9m &#8211; at\u00e9 S\u00e3o Francisco. O desafio \u00e9 t\u00e3o grande quanto a confian\u00e7a depositada nos jovens. A escuta dos desejos mais profundos do cora\u00e7\u00e3o e a capacidade de se decidir pelas coisas que contam &#8211; paradoxalmente, n\u00e3o o dinheiro &#8211; abrir\u00e3o o caminho para uma nova economia. N\u00f3s acreditamos nisso.\u201d<\/p>\n<p><strong>Coer\u00eancia com a mensagem franciscana<\/strong><\/p>\n<p>&#8220;A cidade de nosso Santo \u00e9 a sede natural para inspirar um evento que pretende fazer um pacto entre jovens economistas e empreendedores para dar alma \u00e0 economia do amanh\u00e3, baseada na fraternidade e na equidade. A &#8220;convoca\u00e7\u00e3o&#8221; veio diretamente do Papa que, referindo-se ao Santo de Assis, nos convida a exaltar seu exemplo por excel\u00eancia na cust\u00f3dia dos \u00faltimos da terra, na aten\u00e7\u00e3o aos fracos e aos pobres e na necessidade de uma ecologia integral. A cidade de Assis estar\u00e1 pronta para o evento de mar\u00e7o e o estar\u00e1 com toda sua for\u00e7a simb\u00f3lica e moral e com a coer\u00eancia com a mensagem &#8220;franciscana&#8221; de toda a sua comunidade. The Economy of Francesco deve falar a todos, e todos devem se sentir envolvidos em participar de um evento excepcional e hist\u00f3rico. Porque o papel de Assis, reconhecido tamb\u00e9m pelo Papa com este encontro, \u00e9 o de &#8220;cidade-mensagem&#8221;, protagonista de uma mudan\u00e7a que passa finalmente das palavras para a a\u00e7\u00e3o &#8211; disse a prefeita de Assis, Stefania Proietti&#8221;.<\/p>\n<p><strong>Brasil entre os pa\u00edses com maior n\u00famero de inscritos<\/strong><\/p>\n<p>O evento \u00e9 organizado pela Diocese de Assis, pelo Instituto Ser\u00e1fico, pelo Munic\u00edpio de Assis e pela Economia de Comunh\u00e3o, em colabora\u00e7\u00e3o com as Fam\u00edlias Franciscanas.<\/p>\n<p>O diretor respons\u00e1vel pela comunica\u00e7\u00e3o da <em>Economy of Francesco<\/em>, padre Enzo Fortunato, j\u00e1 adiantou alguns n\u00fameros. De fato, j\u00e1 s\u00e3o 3.300 os pedidos de participa\u00e7\u00e3o, com 2.000 jovens credenciados, dos quais 41% s\u00e3o mulheres e 56% homens, provenientes de 115 pa\u00edses.<\/p>\n<p>Os participantes mais jovens t\u00eam 12 anos e s\u00e3o da Eslov\u00e1quia e da Tail\u00e2ndia. Os pa\u00edses com maior n\u00famero de inscritos It\u00e1lia, Brasil, EUA, Argentina, Espanha, Portugal, Fran\u00e7a, M\u00e9xico, Alemanha, Gr\u00e3-Bretanha<\/p>\n<p><strong>Mais de 80 eventos preparat\u00f3rios<\/strong><\/p>\n<p>O evento <em>The Economy of Francesco<\/em> ter\u00e1 in\u00edcio na quinta-feira 26 de mar\u00e7o. Os ganhadores do Premio Nobel Amartya Sen e Muhammad Yunus abrir\u00e3o oficialmente os trabalhos dos tr\u00eas dias em Assis com jovens economistas e empreendedores.<\/p>\n<p>Aos palestrantes j\u00e1 conhecidos &#8211; Kate Raworth, Jeffrey Sachs, Vandana Shiva, Stefano Zamagni, Bruno Frey, Anna Meloto, Carlo Petrini \u2013 se unem o economista Juan Camilo Cardenas, as fil\u00f3sofas Jennifer Nedelsky, C\u00e9cile Renouard e Consuelo Corradi. E ainda especialistas em desenvolvimento sustent\u00e1vel, intelig\u00eancia artificial e empreendedores de renome internacional, incluindo John Frank, da Microsoft e o empres\u00e1rio Brunello Cucinelli. Todos os palestrantes debater\u00e3o com os jovens em uma ampla variedade de sess\u00f5es plen\u00e1rias e paralelas.<\/p>\n<p>O encontro de 26, 27 e 28 de mar\u00e7o ser\u00e1 precedida por um pr\u00e9-evento nos dias 24 e 25, com a participa\u00e7\u00e3o de 500 jovens economistas e empreendedores &#8211; representando as diferentes regi\u00f5es geogr\u00e1ficas, culturais e \u00e1reas de pesquisa e empreendimento &#8211; que trabalhar\u00e3o na prepara\u00e7\u00e3o do evento principal.<\/p>\n<p>Durante o \u00faltimo dia, os jovens &#8220;encontrar\u00e3o&#8221; o Papa Francisco para selar um pacto solene, assegurando seu compromisso de mudar a economia atual e dar uma alma \u00e0 economia do amanh\u00e3.<\/p>\n<p><strong>As aldeias<\/strong><\/p>\n<p>Ao longo do dia, ser\u00e1 poss\u00edvel realizar col\u00f3quios pessoais de aprofundamento com economistas, empres\u00e1rios, fil\u00f3sofos, banqueiros, frades, soci\u00f3logos, manager, inovadores e religiosas. Estar\u00e1 dispon\u00edvel uma incubadora permanente de ideias, projetos e trabalhos em rede. Visitas pessoais a lugares franciscanos at\u00e9 tarde da noite e cedo na parte da manh\u00e3.<\/p>\n<p><strong>A voz dos jovens<\/strong><\/p>\n<p>Valentina, 28, pesquisadora da Universidade de Oxford, trabalha com economia comportamental e economia do desenvolvimento. Ela escreve: &#8220;Eu senti o convite de Francisco como um chamado, um convite para participar. Minha voca\u00e7\u00e3o \u00e9 esta: estudar, pensar. Eu tenho o privil\u00e9gio de poder fazer isso. Eu acredito que este \u00e9 um momento hist\u00f3rico em que devemos estar presentes. Francisco chama os jovens, procura seu entusiasmo, paix\u00e3o, pensamento. Quero ouvir as experi\u00eancias dos outros, aprender com eles e ter o tempo para parar e refletir sobre o futuro de nossa &#8216;casa comum&#8217;, colocando minhas capacidades como economista a servi\u00e7o da comunidade. Eu gostaria de participar de um evento em que as perguntas, e n\u00e3o as respostas, sejam a chave\u201d.<\/p>\n<p>Steve, de Camar\u00f5es, 27 anos, dirigente de uma pequena empresa, diz: \u201cParticipar da Economy of Francesco significa assumir o compromisso de construir outra economia. Estarei em Assis para viver uma experi\u00eancia e depois poder compartilh\u00e1-la com os outros jovens do meu pa\u00eds, Camar\u00f5es e toda a \u00c1frica&#8221;.<\/p>\n<hr \/>\n<p><em>Toda as informa\u00e7\u00f5es sobre o encontro est\u00e3o dispon\u00edveis no site www.francescoeconomy.org<\/em><\/p>\n<p><strong>Fonte: Vatican News<\/strong><\/p>\n","protected":false},"excerpt":{"rendered":"<p>1\u00ba Encontro da Economia de Francisco<\/p>\n","protected":false},"author":3,"featured_media":215812,"comment_status":"open","ping_status":"open","sticky":false,"template":"","format":"standard","meta":[],"categories":[1428],"tags":[1554],"acf":[],"yoast_head":"<!-- This site is optimized with the Yoast SEO plugin v19.2 - https:\/\/yoast.com\/wordpress\/plugins\/seo\/ -->\n<title>Mais de 2 mil jovens j\u00e1 inscritos para &quot;A Economia de Francisco&quot; - Not\u00edcias - Franciscanos<\/title>\n<meta name=\"robots\" content=\"index, follow, max-snippet:-1, max-image-preview:large, max-video-preview:-1\" \/>\n<link rel=\"canonical\" href=\"https:\/\/franciscanos.org.br\/noticias\/mais-de-2-mil-jovens-ja-inscritos-para-a-economia-de-francisco.html\" \/>\n<meta property=\"og:locale\" content=\"pt_BR\" \/>\n<meta property=\"og:type\" content=\"article\" \/>\n<meta property=\"og:title\" content=\"Mais de 2 mil jovens j\u00e1 inscritos para &quot;A Economia de Francisco&quot; - Not\u00edcias - Franciscanos\" \/>\n<meta property=\"og:description\" content=\"1\u00ba Encontro da Economia de Francisco\" \/>\n<meta property=\"og:url\" content=\"https:\/\/franciscanos.org.br\/noticias\/mais-de-2-mil-jovens-ja-inscritos-para-a-economia-de-francisco.html\" \/>\n<meta property=\"og:site_name\" content=\"Not\u00edcias - Franciscanos\" \/>\n<meta property=\"article:published_time\" content=\"2020-01-12T11:26:19+00:00\" \/>\n<meta property=\"article:modified_time\" content=\"2020-06-06T11:47:48+00:00\" \/>\n<meta property=\"og:image\" content=\"https:\/\/franciscanos.org.br\/noticias\/wp-content\/uploads\/2020\/01\/assis_1201d.jpg\" \/>\n\t<meta property=\"og:image:width\" content=\"273\" \/>\n\t<meta property=\"og:image:height\" content=\"181\" \/>\n\t<meta property=\"og:image:type\" content=\"image\/jpeg\" \/>\n<meta name=\"author\" content=\"moacir\" \/>\n<meta name=\"twitter:card\" content=\"summary_large_image\" \/>\n<meta name=\"twitter:label1\" content=\"Escrito por\" \/>\n\t<meta name=\"twitter:data1\" content=\"moacir\" \/>\n\t<meta name=\"twitter:label2\" content=\"Est. tempo de leitura\" \/>\n\t<meta name=\"twitter:data2\" content=\"7 minutos\" \/>\n<script type=\"application\/ld+json\" class=\"yoast-schema-graph\">{\"@context\":\"https:\/\/schema.org\",\"@graph\":[{\"@type\":\"WebSite\",\"@id\":\"https:\/\/franciscanos.org.br\/noticias\/#website\",\"url\":\"https:\/\/franciscanos.org.br\/noticias\/\",\"name\":\"Not\u00edcias - Franciscanos\",\"description\":\"Prov\u00edncia Franciscana da Imaculada Concei\u00e7\u00e3o do Brasil - Ordem dos Frades Menores - OFM\",\"potentialAction\":[{\"@type\":\"SearchAction\",\"target\":{\"@type\":\"EntryPoint\",\"urlTemplate\":\"https:\/\/franciscanos.org.br\/noticias\/?s={search_term_string}\"},\"query-input\":\"required name=search_term_string\"}],\"inLanguage\":\"pt-BR\"},{\"@type\":\"ImageObject\",\"inLanguage\":\"pt-BR\",\"@id\":\"https:\/\/franciscanos.org.br\/noticias\/mais-de-2-mil-jovens-ja-inscritos-para-a-economia-de-francisco.html#primaryimage\",\"url\":\"https:\/\/franciscanos.org.br\/noticias\/wp-content\/uploads\/2020\/01\/assis_1201d.jpg\",\"contentUrl\":\"https:\/\/franciscanos.org.br\/noticias\/wp-content\/uploads\/2020\/01\/assis_1201d.jpg\",\"width\":273,\"height\":181},{\"@type\":\"WebPage\",\"@id\":\"https:\/\/franciscanos.org.br\/noticias\/mais-de-2-mil-jovens-ja-inscritos-para-a-economia-de-francisco.html#webpage\",\"url\":\"https:\/\/franciscanos.org.br\/noticias\/mais-de-2-mil-jovens-ja-inscritos-para-a-economia-de-francisco.html\",\"name\":\"Mais de 2 mil jovens j\u00e1 inscritos para \\\"A Economia de Francisco\\\" - Not\u00edcias - Franciscanos\",\"isPartOf\":{\"@id\":\"https:\/\/franciscanos.org.br\/noticias\/#website\"},\"primaryImageOfPage\":{\"@id\":\"https:\/\/franciscanos.org.br\/noticias\/mais-de-2-mil-jovens-ja-inscritos-para-a-economia-de-francisco.html#primaryimage\"},\"datePublished\":\"2020-01-12T11:26:19+00:00\",\"dateModified\":\"2020-06-06T11:47:48+00:00\",\"author\":{\"@id\":\"https:\/\/franciscanos.org.br\/noticias\/#\/schema\/person\/b5c8cba458c330ccff548b056e95a5d4\"},\"breadcrumb\":{\"@id\":\"https:\/\/franciscanos.org.br\/noticias\/mais-de-2-mil-jovens-ja-inscritos-para-a-economia-de-francisco.html#breadcrumb\"},\"inLanguage\":\"pt-BR\",\"potentialAction\":[{\"@type\":\"ReadAction\",\"target\":[\"https:\/\/franciscanos.org.br\/noticias\/mais-de-2-mil-jovens-ja-inscritos-para-a-economia-de-francisco.html\"]}]},{\"@type\":\"BreadcrumbList\",\"@id\":\"https:\/\/franciscanos.org.br\/noticias\/mais-de-2-mil-jovens-ja-inscritos-para-a-economia-de-francisco.html#breadcrumb\",\"itemListElement\":[{\"@type\":\"ListItem\",\"position\":1,\"name\":\"Home\",\"item\":\"https:\/\/franciscanos.org.br\/noticias\"},{\"@type\":\"ListItem\",\"position\":2,\"name\":\"Mais de 2 mil jovens j\u00e1 inscritos para &#8220;A Economia de Francisco&#8221;\"}]},{\"@type\":\"Person\",\"@id\":\"https:\/\/franciscanos.org.br\/noticias\/#\/schema\/person\/b5c8cba458c330ccff548b056e95a5d4\",\"name\":\"moacir\",\"image\":{\"@type\":\"ImageObject\",\"inLanguage\":\"pt-BR\",\"@id\":\"https:\/\/franciscanos.org.br\/noticias\/#\/schema\/person\/image\/\",\"url\":\"https:\/\/secure.gravatar.com\/avatar\/d08aa2ce4c8dd416d4479aa8536fcf64?s=96&d=mm&r=g\",\"contentUrl\":\"https:\/\/secure.gravatar.com\/avatar\/d08aa2ce4c8dd416d4479aa8536fcf64?s=96&d=mm&r=g\",\"caption\":\"moacir\"},\"url\":\"https:\/\/franciscanos.org.br\/noticias\/author\/moacir\"}]}<\/script>\n<!-- \/ Yoast SEO plugin. -->","yoast_head_json":{"title":"Mais de 2 mil jovens j\u00e1 inscritos para \"A Economia de Francisco\" - Not\u00edcias - Franciscanos","robots":{"index":"index","follow":"follow","max-snippet":"max-snippet:-1","max-image-preview":"max-image-preview:large","max-video-preview":"max-video-preview:-1"},"canonical":"https:\/\/franciscanos.org.br\/noticias\/mais-de-2-mil-jovens-ja-inscritos-para-a-economia-de-francisco.html","og_locale":"pt_BR","og_type":"article","og_title":"Mais de 2 mil jovens j\u00e1 inscritos para \"A Economia de Francisco\" - Not\u00edcias - Franciscanos","og_description":"1\u00ba Encontro da Economia de Francisco","og_url":"https:\/\/franciscanos.org.br\/noticias\/mais-de-2-mil-jovens-ja-inscritos-para-a-economia-de-francisco.html","og_site_name":"Not\u00edcias - Franciscanos","article_published_time":"2020-01-12T11:26:19+00:00","article_modified_time":"2020-06-06T11:47:48+00:00","og_image":[{"width":273,"height":181,"url":"https:\/\/franciscanos.org.br\/noticias\/wp-content\/uploads\/2020\/01\/assis_1201d.jpg","type":"image\/jpeg"}],"author":"moacir","twitter_card":"summary_large_image","twitter_misc":{"Escrito por":"moacir","Est. tempo de leitura":"7 minutos"},"schema":{"@context":"https:\/\/schema.org","@graph":[{"@type":"WebSite","@id":"https:\/\/franciscanos.org.br\/noticias\/#website","url":"https:\/\/franciscanos.org.br\/noticias\/","name":"Not\u00edcias - Franciscanos","description":"Prov\u00edncia Franciscana da Imaculada Concei\u00e7\u00e3o do Brasil - Ordem dos Frades Menores - OFM","potentialAction":[{"@type":"SearchAction","target":{"@type":"EntryPoint","urlTemplate":"https:\/\/franciscanos.org.br\/noticias\/?s={search_term_string}"},"query-input":"required name=search_term_string"}],"inLanguage":"pt-BR"},{"@type":"ImageObject","inLanguage":"pt-BR","@id":"https:\/\/franciscanos.org.br\/noticias\/mais-de-2-mil-jovens-ja-inscritos-para-a-economia-de-francisco.html#primaryimage","url":"https:\/\/franciscanos.org.br\/noticias\/wp-content\/uploads\/2020\/01\/assis_1201d.jpg","contentUrl":"https:\/\/franciscanos.org.br\/noticias\/wp-content\/uploads\/2020\/01\/assis_1201d.jpg","width":273,"height":181},{"@type":"WebPage","@id":"https:\/\/franciscanos.org.br\/noticias\/mais-de-2-mil-jovens-ja-inscritos-para-a-economia-de-francisco.html#webpage","url":"https:\/\/franciscanos.org.br\/noticias\/mais-de-2-mil-jovens-ja-inscritos-para-a-economia-de-francisco.html","name":"Mais de 2 mil jovens j\u00e1 inscritos para \"A Economia de Francisco\" - Not\u00edcias - Franciscanos","isPartOf":{"@id":"https:\/\/franciscanos.org.br\/noticias\/#website"},"primaryImageOfPage":{"@id":"https:\/\/franciscanos.org.br\/noticias\/mais-de-2-mil-jovens-ja-inscritos-para-a-economia-de-francisco.html#primaryimage"},"datePublished":"2020-01-12T11:26:19+00:00","dateModified":"2020-06-06T11:47:48+00:00","author":{"@id":"https:\/\/franciscanos.org.br\/noticias\/#\/schema\/person\/b5c8cba458c330ccff548b056e95a5d4"},"breadcrumb":{"@id":"https:\/\/franciscanos.org.br\/noticias\/mais-de-2-mil-jovens-ja-inscritos-para-a-economia-de-francisco.html#breadcrumb"},"inLanguage":"pt-BR","potentialAction":[{"@type":"ReadAction","target":["https:\/\/franciscanos.org.br\/noticias\/mais-de-2-mil-jovens-ja-inscritos-para-a-economia-de-francisco.html"]}]},{"@type":"BreadcrumbList","@id":"https:\/\/franciscanos.org.br\/noticias\/mais-de-2-mil-jovens-ja-inscritos-para-a-economia-de-francisco.html#breadcrumb","itemListElement":[{"@type":"ListItem","position":1,"name":"Home","item":"https:\/\/franciscanos.org.br\/noticias"},{"@type":"ListItem","position":2,"name":"Mais de 2 mil jovens j\u00e1 inscritos para &#8220;A Economia de Francisco&#8221;"}]},{"@type":"Person","@id":"https:\/\/franciscanos.org.br\/noticias\/#\/schema\/person\/b5c8cba458c330ccff548b056e95a5d4","name":"moacir","image":{"@type":"ImageObject","inLanguage":"pt-BR","@id":"https:\/\/franciscanos.org.br\/noticias\/#\/schema\/person\/image\/","url":"https:\/\/secure.gravatar.com\/avatar\/d08aa2ce4c8dd416d4479aa8536fcf64?s=96&d=mm&r=g","contentUrl":"https:\/\/secure.gravatar.com\/avatar\/d08aa2ce4c8dd416d4479aa8536fcf64?s=96&d=mm&r=g","caption":"moacir"},"url":"https:\/\/franciscanos.org.br\/noticias\/author\/moacir"}]}},"_links":{"self":[{"href":"https:\/\/franciscanos.org.br\/noticias\/wp-json\/wp\/v2\/posts\/215811"}],"collection":[{"href":"https:\/\/franciscanos.org.br\/noticias\/wp-json\/wp\/v2\/posts"}],"about":[{"href":"https:\/\/franciscanos.org.br\/noticias\/wp-json\/wp\/v2\/types\/post"}],"author":[{"embeddable":true,"href":"https:\/\/franciscanos.org.br\/noticias\/wp-json\/wp\/v2\/users\/3"}],"replies":[{"embeddable":true,"href":"https:\/\/franciscanos.org.br\/noticias\/wp-json\/wp\/v2\/comments?post=215811"}],"version-history":[{"count":1,"href":"https:\/\/franciscanos.org.br\/noticias\/wp-json\/wp\/v2\/posts\/215811\/revisions"}],"predecessor-version":[{"id":224484,"href":"https:\/\/franciscanos.org.br\/noticias\/wp-json\/wp\/v2\/posts\/215811\/revisions\/224484"}],"wp:featuredmedia":[{"embeddable":true,"href":"https:\/\/franciscanos.org.br\/noticias\/wp-json\/wp\/v2\/media\/215812"}],"wp:attachment":[{"href":"https:\/\/franciscanos.org.br\/noticias\/wp-json\/wp\/v2\/media?parent=215811"}],"wp:term":[{"taxonomy":"category","embeddable":true,"href":"https:\/\/franciscanos.org.br\/noticias\/wp-json\/wp\/v2\/categories?post=215811"},{"taxonomy":"post_tag","embeddable":true,"href":"https:\/\/franciscanos.org.br\/noticias\/wp-json\/wp\/v2\/tags?post=215811"}],"curies":[{"name":"wp","href":"https:\/\/api.w.org\/{rel}","templated":true}]}}