{"id":215468,"date":"2020-01-07T08:25:03","date_gmt":"2020-01-07T11:25:03","guid":{"rendered":"https:\/\/franciscanos.org.br\/noticias\/?p=215468"},"modified":"2020-06-06T08:33:21","modified_gmt":"2020-06-06T11:33:21","slug":"papa-que-o-nosso-coracao-seja-o-ponto-de-encontro-entre-nos-e-deus","status":"publish","type":"post","link":"https:\/\/franciscanos.org.br\/noticias\/papa-que-o-nosso-coracao-seja-o-ponto-de-encontro-entre-nos-e-deus.html","title":{"rendered":"Papa: Que o nosso cora\u00e7\u00e3o seja o ponto de encontro entre n\u00f3s e Deus!"},"content":{"rendered":"<p><img loading=\"lazy\" class=\"alignnone wp-image-215469 size-full\" src=\"https:\/\/franciscanos.org.br\/noticias\/wp-content\/uploads\/2020\/01\/marta_070120.jpg\" alt=\"\" width=\"890\" height=\"501\" srcset=\"https:\/\/franciscanos.org.br\/noticias\/wp-content\/uploads\/2020\/01\/marta_070120.jpg 890w, https:\/\/franciscanos.org.br\/noticias\/wp-content\/uploads\/2020\/01\/marta_070120-450x253.jpg 450w, https:\/\/franciscanos.org.br\/noticias\/wp-content\/uploads\/2020\/01\/marta_070120-768x432.jpg 768w, https:\/\/franciscanos.org.br\/noticias\/wp-content\/uploads\/2020\/01\/marta_070120-150x84.jpg 150w\" sizes=\"(max-width: 890px) 100vw, 890px\" \/><\/p>\n<p><strong>Cidade do Vaticano<\/strong> &#8211; A vida crist\u00e3 \u00e9 permanecer em Deus, seguindo o Esp\u00edrito Santo e n\u00e3o o esp\u00edrito do mundo, que leva \u00e0 corrup\u00e7\u00e3o, a n\u00e3o distinguir o bem do mal. O Papa Francisco retomou esta ter\u00e7a-feira (07\/01) as missas na Casa Santa Marta e, na homilia, comentou o trecho da primeira carta de S\u00e3o Jo\u00e3o ap\u00f3stolo, primeira leitura da liturgia do dia, no qual o evangelista reprop\u00f5e o conselho de Jesus aos seus disc\u00edpulos: \u201cPermane\u00e7am em Deus\u201d.<\/p>\n<p>O Papa destacou que algu\u00e9m pode \u201cestar nas cidades mais pecaminosas, nas sociedades mais ateias, mas, se o cora\u00e7\u00e3o permanece em Deus\u201d, este homem e esta mulher levam a salva\u00e7\u00e3o. E recordou o epis\u00f3dio narrado nos Atos dos Ap\u00f3stolos, que chegam a uma cidade e encontram crist\u00e3os batizados por Jo\u00e3o. Perguntam a eles: \u201cReceberam o Esp\u00edrito Santo?\u201d, mas estes nem mesmo sabiam que existisse. Francisco ent\u00e3o comentou que tamb\u00e9m hoje muitos crist\u00e3os identificam o Esp\u00edrito Santo somente com a pomba e n\u00e3o sabem que \u201c\u00e9 quem nos faz permanecer no Senhor, \u00e9 a garantia, a for\u00e7a para permanecer no Senhor\u201d.<\/p>\n<p>Depois, o Pont\u00edfice falou do esp\u00edrito do mundo, que \u00e9 contr\u00e1rio ao Esp\u00edrito Santo. \u201cJesus, na \u00daltima Ceia \u2013 recordou \u2013 n\u00e3o pede ao Pai para tirar os disc\u00edpulos do mundo\u201d, porque a vida crist\u00e3 est\u00e1 no mundo, \u201cmas para proteg\u00ea-los do esp\u00edrito do mundo, que \u00e9 o contr\u00e1rio\u201d. E \u00e9 \u201cpior do que cometer um pecado. \u00c9 uma atmosfera que o torna inconsciente, o leva a um ponto que voc\u00ea n\u00e3o sabe reconhecer o bem do mal\u201d.<\/p>\n<p><strong>O Esp\u00edrito Santo: a garantia de permanecer em Deus<\/strong><br \/>\nAo inv\u00e9s, para permanecer em Deus, \u201cdevemos pedir este dom\u201d do Esp\u00edrito Santo, que \u00e9 a garantia. Disto \u201cconhecemos que permanecemos no Senhor\u201d. Mas como podemos saber se temos o Esp\u00edrito Santo ou o esp\u00edrito do mundo?, questinou Francisco. S\u00e3o Paulo nos d\u00e1 um conselho: \u201cN\u00e3o entriste\u00e7am o Esp\u00edrito Santo. Quando caminhamos rumo ao esp\u00edrito do mundo, entristecemos o Esp\u00edrito Santo e o ignoramos, o deixamos de lado e a nossa vida vai por outro caminho\u201d.<\/p>\n<p>O esp\u00edrito do mundo, acrescentou o Papa, \u00e9 esquecer, porque \u201co pecado n\u00e3o o afasta de Deus se voc\u00ea percebe e pede perd\u00e3o, mas o esp\u00edrito do mundo o faz esquecer o que \u00e9 o pecado\u201d, pode-se fazer tudo. E contou que nesses dias um sacerdote lhe mostrou um v\u00eddeo de crist\u00e3os que festejavam o ano novo numa cidade tur\u00edstica, num pa\u00eds crist\u00e3o:<\/p>\n<p>Festejavam o primeiro dia do ano com uma mundanidade terr\u00edvel, desperdi\u00e7ando dinheiro e tantas coisas. O esp\u00edrito do mundo. \u201cIsso \u00e9 pecado?\u201d &#8211; \u201cN\u00e3o, caro: isso \u00e9 corrup\u00e7\u00e3o, pior que o pecado\u201d. O Esp\u00edrito Santo o leva a Deus e, se voc\u00ea pecar, o Esp\u00edrito Santo o protege e o ajuda a se levantar, mas o esp\u00edrito do mundo o leva \u00e0 corrup\u00e7\u00e3o, a um ponto tal que voc\u00ea n\u00e3o sabe distinguir o que \u00e9 bom e o que \u00e9 mau: \u00e9 tudo a mesma coisa, \u00e9 tudo igual.<\/p>\n<p>Francisco recorda de uma can\u00e7\u00e3o argentina que diz: &#8220;Vai, vai, vai&#8230; tudo \u00e9 igual que ali no forno vamos nos encontrar&#8221;. O esp\u00edrito do mundo, comenta ele, leva voc\u00ea \u00e0 inconsci\u00eancia &#8220;de n\u00e3o distinguir o pecado&#8221;. E como posso saber se pergunta ainda o Pont\u00edfice, se &#8220;estou no caminho da mundanidade, do esp\u00edrito do mundo, ou estou seguindo o Esp\u00edrito de Deus?\u201d<\/p>\n<p>O ap\u00f3stolo Jo\u00e3o nos d\u00e1 um conselho: &#8220;Queridos amigos, n\u00e3o deem f\u00e9 a todo esp\u00edrito (ou seja, a todo sentimento, toda inspira\u00e7\u00e3o, toda ideia), mas coloquem \u00e0 prova os esp\u00edritos, para testar se eles realmente v\u00eam de Deus (ou do mundo)&#8221;. Mas o que \u00e9 isto p\u00f4r \u00e0 prova o Esp\u00edrito? \u00c9 simplesmente [isto]: quando voc\u00ea sente algo, voc\u00ea tem vontade de fazer algo, ou voc\u00ea tem uma ideia, um julgamento de algo, [pergunte-se:] isto que eu sinto \u00e9 do Esp\u00edrito de Deus ou do esp\u00edrito do mundo?<\/p>\n<p><strong>O que eu sinto vem do esp\u00edrito do mundo ou de Deus?<\/strong><br \/>\nE como se faz isso? O conselho do Papa Francisco \u00e9 que de se perguntar &#8220;uma, duas vezes por dia, ou quando voc\u00ea sente algo que lhe vem em mente&#8221;: Esta coisa que eu sinto, que quero fazer, de onde vem? &#8220;Do esp\u00edrito do mundo ou do Esp\u00edrito de Deus? Isto vai me fazer bem ou vai me levar pelo caminho da mundanidade que \u00e9 a inconsci\u00eancia?&#8221;.<\/p>\n<p>Muitos crist\u00e3os, lamenta o Papa, &#8220;vivem sem saber o que se passa no seu cora\u00e7\u00e3o&#8221;. \u00c9 por isso que S\u00e3o Paulo e S\u00e3o Jo\u00e3o dizem: &#8220;N\u00e3o d\u00ea f\u00e9 a todos os esp\u00edritos&#8221;, ao que voc\u00ea sente, mas p\u00f5e-no \u00e0 prova. E assim &#8220;saberemos o que ocorre em nosso cora\u00e7\u00e3o&#8221;. Porque, conclui Francisco: &#8220;Muitos crist\u00e3os t\u00eam o cora\u00e7\u00e3o como um estrada e n\u00e3o sabem quem vai e quem vem, v\u00e3o e vem, porque n\u00e3o sabem examinar o que ocorre dentro dele &#8220;.<\/p>\n<p>Por isso eu recomendo, todos os dias, tomem algum tempo antes de ir para a cama ou ao meio-dia &#8211; quando quiserem &#8211; [e se perguntem]: o que passou no meu cora\u00e7\u00e3o hoje? O que \u00e9 que eu tive vontade de fazer, de pensar? Qual \u00e9 o esp\u00edrito que se moveu no meu cora\u00e7\u00e3o? O Esp\u00edrito de Deus, dom de Deus, o Esp\u00edrito Santo que sempre me leva ao encontro com o Senhor ou o esp\u00edrito do mundo que me distancia do Senhor gentilmente, lentamente; \u00e9 um deslizamento lento, lento, lento.<\/p>\n<p>Pe\u00e7amos esta gra\u00e7a, \u00e9 o conselho final do Pont\u00edfice, &#8220;de permanecer no Senhor e rezemos ao Esp\u00edrito Santo, para que Ele nos fa\u00e7a permanecer no Senhor e nos d\u00ea a gra\u00e7a de distinguir os esp\u00edritos, isto \u00e9, o que se move dentro de n\u00f3s&#8221;. Que o nosso cora\u00e7\u00e3o n\u00e3o seja um caminho&#8221;, mas que seja o ponto de encontro entre n\u00f3s e Deus.<\/p>\n<hr \/>\n<p><em>Fonte: Vatican News<\/em><\/p>\n","protected":false},"excerpt":{"rendered":"<p>Missa em Santa Marta<\/p>\n","protected":false},"author":3,"featured_media":215470,"comment_status":"open","ping_status":"open","sticky":false,"template":"","format":"standard","meta":[],"categories":[1428],"tags":[829],"acf":[],"yoast_head":"<!-- This site is optimized with the Yoast SEO plugin v19.2 - https:\/\/yoast.com\/wordpress\/plugins\/seo\/ -->\n<title>Papa: Que o nosso cora\u00e7\u00e3o seja o ponto de encontro entre n\u00f3s e Deus! - Not\u00edcias - Franciscanos<\/title>\n<meta name=\"robots\" content=\"index, follow, max-snippet:-1, max-image-preview:large, max-video-preview:-1\" \/>\n<link rel=\"canonical\" href=\"https:\/\/franciscanos.org.br\/noticias\/papa-que-o-nosso-coracao-seja-o-ponto-de-encontro-entre-nos-e-deus.html\" \/>\n<meta property=\"og:locale\" content=\"pt_BR\" \/>\n<meta property=\"og:type\" content=\"article\" \/>\n<meta property=\"og:title\" content=\"Papa: Que o nosso cora\u00e7\u00e3o seja o ponto de encontro entre n\u00f3s e Deus! - Not\u00edcias - Franciscanos\" \/>\n<meta property=\"og:description\" content=\"Missa em Santa Marta\" \/>\n<meta property=\"og:url\" content=\"https:\/\/franciscanos.org.br\/noticias\/papa-que-o-nosso-coracao-seja-o-ponto-de-encontro-entre-nos-e-deus.html\" \/>\n<meta property=\"og:site_name\" content=\"Not\u00edcias - Franciscanos\" \/>\n<meta property=\"article:published_time\" content=\"2020-01-07T11:25:03+00:00\" \/>\n<meta property=\"article:modified_time\" content=\"2020-06-06T11:33:21+00:00\" \/>\n<meta property=\"og:image\" content=\"https:\/\/franciscanos.org.br\/noticias\/wp-content\/uploads\/2020\/01\/marta_070120d.jpg\" \/>\n\t<meta property=\"og:image:width\" content=\"273\" \/>\n\t<meta property=\"og:image:height\" content=\"181\" \/>\n\t<meta property=\"og:image:type\" content=\"image\/jpeg\" \/>\n<meta name=\"author\" content=\"moacir\" \/>\n<meta name=\"twitter:card\" content=\"summary_large_image\" \/>\n<meta name=\"twitter:label1\" content=\"Escrito por\" \/>\n\t<meta name=\"twitter:data1\" content=\"moacir\" \/>\n\t<meta name=\"twitter:label2\" content=\"Est. tempo de leitura\" \/>\n\t<meta name=\"twitter:data2\" content=\"5 minutos\" \/>\n<script type=\"application\/ld+json\" class=\"yoast-schema-graph\">{\"@context\":\"https:\/\/schema.org\",\"@graph\":[{\"@type\":\"WebSite\",\"@id\":\"https:\/\/franciscanos.org.br\/noticias\/#website\",\"url\":\"https:\/\/franciscanos.org.br\/noticias\/\",\"name\":\"Not\u00edcias - Franciscanos\",\"description\":\"Prov\u00edncia Franciscana da Imaculada Concei\u00e7\u00e3o do Brasil - Ordem dos Frades Menores - OFM\",\"potentialAction\":[{\"@type\":\"SearchAction\",\"target\":{\"@type\":\"EntryPoint\",\"urlTemplate\":\"https:\/\/franciscanos.org.br\/noticias\/?s={search_term_string}\"},\"query-input\":\"required name=search_term_string\"}],\"inLanguage\":\"pt-BR\"},{\"@type\":\"ImageObject\",\"inLanguage\":\"pt-BR\",\"@id\":\"https:\/\/franciscanos.org.br\/noticias\/papa-que-o-nosso-coracao-seja-o-ponto-de-encontro-entre-nos-e-deus.html#primaryimage\",\"url\":\"https:\/\/franciscanos.org.br\/noticias\/wp-content\/uploads\/2020\/01\/marta_070120d.jpg\",\"contentUrl\":\"https:\/\/franciscanos.org.br\/noticias\/wp-content\/uploads\/2020\/01\/marta_070120d.jpg\",\"width\":273,\"height\":181},{\"@type\":\"WebPage\",\"@id\":\"https:\/\/franciscanos.org.br\/noticias\/papa-que-o-nosso-coracao-seja-o-ponto-de-encontro-entre-nos-e-deus.html#webpage\",\"url\":\"https:\/\/franciscanos.org.br\/noticias\/papa-que-o-nosso-coracao-seja-o-ponto-de-encontro-entre-nos-e-deus.html\",\"name\":\"Papa: Que o nosso cora\u00e7\u00e3o seja o ponto de encontro entre n\u00f3s e Deus! - Not\u00edcias - Franciscanos\",\"isPartOf\":{\"@id\":\"https:\/\/franciscanos.org.br\/noticias\/#website\"},\"primaryImageOfPage\":{\"@id\":\"https:\/\/franciscanos.org.br\/noticias\/papa-que-o-nosso-coracao-seja-o-ponto-de-encontro-entre-nos-e-deus.html#primaryimage\"},\"datePublished\":\"2020-01-07T11:25:03+00:00\",\"dateModified\":\"2020-06-06T11:33:21+00:00\",\"author\":{\"@id\":\"https:\/\/franciscanos.org.br\/noticias\/#\/schema\/person\/b5c8cba458c330ccff548b056e95a5d4\"},\"breadcrumb\":{\"@id\":\"https:\/\/franciscanos.org.br\/noticias\/papa-que-o-nosso-coracao-seja-o-ponto-de-encontro-entre-nos-e-deus.html#breadcrumb\"},\"inLanguage\":\"pt-BR\",\"potentialAction\":[{\"@type\":\"ReadAction\",\"target\":[\"https:\/\/franciscanos.org.br\/noticias\/papa-que-o-nosso-coracao-seja-o-ponto-de-encontro-entre-nos-e-deus.html\"]}]},{\"@type\":\"BreadcrumbList\",\"@id\":\"https:\/\/franciscanos.org.br\/noticias\/papa-que-o-nosso-coracao-seja-o-ponto-de-encontro-entre-nos-e-deus.html#breadcrumb\",\"itemListElement\":[{\"@type\":\"ListItem\",\"position\":1,\"name\":\"Home\",\"item\":\"https:\/\/franciscanos.org.br\/noticias\"},{\"@type\":\"ListItem\",\"position\":2,\"name\":\"Papa: Que o nosso cora\u00e7\u00e3o seja o ponto de encontro entre n\u00f3s e Deus!\"}]},{\"@type\":\"Person\",\"@id\":\"https:\/\/franciscanos.org.br\/noticias\/#\/schema\/person\/b5c8cba458c330ccff548b056e95a5d4\",\"name\":\"moacir\",\"image\":{\"@type\":\"ImageObject\",\"inLanguage\":\"pt-BR\",\"@id\":\"https:\/\/franciscanos.org.br\/noticias\/#\/schema\/person\/image\/\",\"url\":\"https:\/\/secure.gravatar.com\/avatar\/d08aa2ce4c8dd416d4479aa8536fcf64?s=96&d=mm&r=g\",\"contentUrl\":\"https:\/\/secure.gravatar.com\/avatar\/d08aa2ce4c8dd416d4479aa8536fcf64?s=96&d=mm&r=g\",\"caption\":\"moacir\"},\"url\":\"https:\/\/franciscanos.org.br\/noticias\/author\/moacir\"}]}<\/script>\n<!-- \/ Yoast SEO plugin. -->","yoast_head_json":{"title":"Papa: Que o nosso cora\u00e7\u00e3o seja o ponto de encontro entre n\u00f3s e Deus! - Not\u00edcias - Franciscanos","robots":{"index":"index","follow":"follow","max-snippet":"max-snippet:-1","max-image-preview":"max-image-preview:large","max-video-preview":"max-video-preview:-1"},"canonical":"https:\/\/franciscanos.org.br\/noticias\/papa-que-o-nosso-coracao-seja-o-ponto-de-encontro-entre-nos-e-deus.html","og_locale":"pt_BR","og_type":"article","og_title":"Papa: Que o nosso cora\u00e7\u00e3o seja o ponto de encontro entre n\u00f3s e Deus! - Not\u00edcias - Franciscanos","og_description":"Missa em Santa Marta","og_url":"https:\/\/franciscanos.org.br\/noticias\/papa-que-o-nosso-coracao-seja-o-ponto-de-encontro-entre-nos-e-deus.html","og_site_name":"Not\u00edcias - Franciscanos","article_published_time":"2020-01-07T11:25:03+00:00","article_modified_time":"2020-06-06T11:33:21+00:00","og_image":[{"width":273,"height":181,"url":"https:\/\/franciscanos.org.br\/noticias\/wp-content\/uploads\/2020\/01\/marta_070120d.jpg","type":"image\/jpeg"}],"author":"moacir","twitter_card":"summary_large_image","twitter_misc":{"Escrito por":"moacir","Est. tempo de leitura":"5 minutos"},"schema":{"@context":"https:\/\/schema.org","@graph":[{"@type":"WebSite","@id":"https:\/\/franciscanos.org.br\/noticias\/#website","url":"https:\/\/franciscanos.org.br\/noticias\/","name":"Not\u00edcias - Franciscanos","description":"Prov\u00edncia Franciscana da Imaculada Concei\u00e7\u00e3o do Brasil - Ordem dos Frades Menores - OFM","potentialAction":[{"@type":"SearchAction","target":{"@type":"EntryPoint","urlTemplate":"https:\/\/franciscanos.org.br\/noticias\/?s={search_term_string}"},"query-input":"required name=search_term_string"}],"inLanguage":"pt-BR"},{"@type":"ImageObject","inLanguage":"pt-BR","@id":"https:\/\/franciscanos.org.br\/noticias\/papa-que-o-nosso-coracao-seja-o-ponto-de-encontro-entre-nos-e-deus.html#primaryimage","url":"https:\/\/franciscanos.org.br\/noticias\/wp-content\/uploads\/2020\/01\/marta_070120d.jpg","contentUrl":"https:\/\/franciscanos.org.br\/noticias\/wp-content\/uploads\/2020\/01\/marta_070120d.jpg","width":273,"height":181},{"@type":"WebPage","@id":"https:\/\/franciscanos.org.br\/noticias\/papa-que-o-nosso-coracao-seja-o-ponto-de-encontro-entre-nos-e-deus.html#webpage","url":"https:\/\/franciscanos.org.br\/noticias\/papa-que-o-nosso-coracao-seja-o-ponto-de-encontro-entre-nos-e-deus.html","name":"Papa: Que o nosso cora\u00e7\u00e3o seja o ponto de encontro entre n\u00f3s e Deus! - Not\u00edcias - Franciscanos","isPartOf":{"@id":"https:\/\/franciscanos.org.br\/noticias\/#website"},"primaryImageOfPage":{"@id":"https:\/\/franciscanos.org.br\/noticias\/papa-que-o-nosso-coracao-seja-o-ponto-de-encontro-entre-nos-e-deus.html#primaryimage"},"datePublished":"2020-01-07T11:25:03+00:00","dateModified":"2020-06-06T11:33:21+00:00","author":{"@id":"https:\/\/franciscanos.org.br\/noticias\/#\/schema\/person\/b5c8cba458c330ccff548b056e95a5d4"},"breadcrumb":{"@id":"https:\/\/franciscanos.org.br\/noticias\/papa-que-o-nosso-coracao-seja-o-ponto-de-encontro-entre-nos-e-deus.html#breadcrumb"},"inLanguage":"pt-BR","potentialAction":[{"@type":"ReadAction","target":["https:\/\/franciscanos.org.br\/noticias\/papa-que-o-nosso-coracao-seja-o-ponto-de-encontro-entre-nos-e-deus.html"]}]},{"@type":"BreadcrumbList","@id":"https:\/\/franciscanos.org.br\/noticias\/papa-que-o-nosso-coracao-seja-o-ponto-de-encontro-entre-nos-e-deus.html#breadcrumb","itemListElement":[{"@type":"ListItem","position":1,"name":"Home","item":"https:\/\/franciscanos.org.br\/noticias"},{"@type":"ListItem","position":2,"name":"Papa: Que o nosso cora\u00e7\u00e3o seja o ponto de encontro entre n\u00f3s e Deus!"}]},{"@type":"Person","@id":"https:\/\/franciscanos.org.br\/noticias\/#\/schema\/person\/b5c8cba458c330ccff548b056e95a5d4","name":"moacir","image":{"@type":"ImageObject","inLanguage":"pt-BR","@id":"https:\/\/franciscanos.org.br\/noticias\/#\/schema\/person\/image\/","url":"https:\/\/secure.gravatar.com\/avatar\/d08aa2ce4c8dd416d4479aa8536fcf64?s=96&d=mm&r=g","contentUrl":"https:\/\/secure.gravatar.com\/avatar\/d08aa2ce4c8dd416d4479aa8536fcf64?s=96&d=mm&r=g","caption":"moacir"},"url":"https:\/\/franciscanos.org.br\/noticias\/author\/moacir"}]}},"_links":{"self":[{"href":"https:\/\/franciscanos.org.br\/noticias\/wp-json\/wp\/v2\/posts\/215468"}],"collection":[{"href":"https:\/\/franciscanos.org.br\/noticias\/wp-json\/wp\/v2\/posts"}],"about":[{"href":"https:\/\/franciscanos.org.br\/noticias\/wp-json\/wp\/v2\/types\/post"}],"author":[{"embeddable":true,"href":"https:\/\/franciscanos.org.br\/noticias\/wp-json\/wp\/v2\/users\/3"}],"replies":[{"embeddable":true,"href":"https:\/\/franciscanos.org.br\/noticias\/wp-json\/wp\/v2\/comments?post=215468"}],"version-history":[{"count":1,"href":"https:\/\/franciscanos.org.br\/noticias\/wp-json\/wp\/v2\/posts\/215468\/revisions"}],"predecessor-version":[{"id":224467,"href":"https:\/\/franciscanos.org.br\/noticias\/wp-json\/wp\/v2\/posts\/215468\/revisions\/224467"}],"wp:featuredmedia":[{"embeddable":true,"href":"https:\/\/franciscanos.org.br\/noticias\/wp-json\/wp\/v2\/media\/215470"}],"wp:attachment":[{"href":"https:\/\/franciscanos.org.br\/noticias\/wp-json\/wp\/v2\/media?parent=215468"}],"wp:term":[{"taxonomy":"category","embeddable":true,"href":"https:\/\/franciscanos.org.br\/noticias\/wp-json\/wp\/v2\/categories?post=215468"},{"taxonomy":"post_tag","embeddable":true,"href":"https:\/\/franciscanos.org.br\/noticias\/wp-json\/wp\/v2\/tags?post=215468"}],"curies":[{"name":"wp","href":"https:\/\/api.w.org\/{rel}","templated":true}]}}