{"id":215462,"date":"2020-01-07T06:58:01","date_gmt":"2020-01-07T09:58:01","guid":{"rendered":"https:\/\/franciscanos.org.br\/noticias\/?p=215462"},"modified":"2020-01-07T06:58:01","modified_gmt":"2020-01-07T09:58:01","slug":"inscricoes-para-o-curso-de-aprendizes-sao-prorrogadas","status":"publish","type":"post","link":"https:\/\/franciscanos.org.br\/noticias\/inscricoes-para-o-curso-de-aprendizes-sao-prorrogadas.html","title":{"rendered":"Inscri\u00e7\u00f5es para o Curso de Aprendizes s\u00e3o prorrogadas"},"content":{"rendered":"<p><img loading=\"lazy\" class=\"alignnone wp-image-215464 size-full\" src=\"https:\/\/franciscanos.org.br\/noticias\/wp-content\/uploads\/2020\/01\/canarinhos_0701.jpg\" alt=\"\" width=\"890\" height=\"431\" srcset=\"https:\/\/franciscanos.org.br\/noticias\/wp-content\/uploads\/2020\/01\/canarinhos_0701.jpg 890w, https:\/\/franciscanos.org.br\/noticias\/wp-content\/uploads\/2020\/01\/canarinhos_0701-450x218.jpg 450w, https:\/\/franciscanos.org.br\/noticias\/wp-content\/uploads\/2020\/01\/canarinhos_0701-768x372.jpg 768w, https:\/\/franciscanos.org.br\/noticias\/wp-content\/uploads\/2020\/01\/canarinhos_0701-150x73.jpg 150w\" sizes=\"(max-width: 890px) 100vw, 890px\" \/><\/p>\n<p>As inscri\u00e7\u00f5es para o Curso de Aprendizes do Instituto dos Meninos Cantores de Petr\u00f3polis foram prorrogadas. O prazo para os interessados foi estendido at\u00e9 o dia 25 de janeiro. Totalmente gratuito, o curso \u00e9 a porta de entrada para o Coral dos Canarinhos de Petr\u00f3polis e uma oportunidade \u00fanica para quem sonha em ter contato com esta express\u00e3o art\u00edstica. As inscri\u00e7\u00f5es podem ser realizadas no site dos Canarinhos (www.canarinhos.com.br), por telefone ou na sede do IMCP.<\/p>\n<p>Meninos de 8 e 9 anos, que estejam cursando o 3\u00ba ano do ensino fundamental em escolas p\u00fablicas ou privadas, podem se candidatar a uma das vagas do Curso de Aprendizes. Parte do Ponto de Cultura Aprendiz de Canarinho, o curso tem dura\u00e7\u00e3o de um ano, com aulas \u00e0s ter\u00e7as, quartas e quintas-feiras, das 8h30 \u00e0s 11h, com direito a almo\u00e7o gratuito. Durante os meses de estudo, os alunos t\u00eam aulas de canto coral art\u00edstico, teoria musical, flauta doce, solfejo e t\u00e9cnica vocal.<\/p>\n<p><img loading=\"lazy\" class=\"alignnone wp-image-215465 size-full\" src=\"https:\/\/franciscanos.org.br\/noticias\/wp-content\/uploads\/2020\/01\/cnarinhos_070120.jpg\" alt=\"\" width=\"890\" height=\"501\" srcset=\"https:\/\/franciscanos.org.br\/noticias\/wp-content\/uploads\/2020\/01\/cnarinhos_070120.jpg 890w, https:\/\/franciscanos.org.br\/noticias\/wp-content\/uploads\/2020\/01\/cnarinhos_070120-450x253.jpg 450w, https:\/\/franciscanos.org.br\/noticias\/wp-content\/uploads\/2020\/01\/cnarinhos_070120-768x432.jpg 768w, https:\/\/franciscanos.org.br\/noticias\/wp-content\/uploads\/2020\/01\/cnarinhos_070120-150x84.jpg 150w\" sizes=\"(max-width: 890px) 100vw, 890px\" \/><\/p>\n<p>\u201cO curso \u00e9 abrangente e pensado de forma a dar base aos alunos para que possam integrar o Coral dos Canarinhos. Ao realizar a inscri\u00e7\u00e3o, a crian\u00e7a \u00e9 avaliada. Caso tenha aptid\u00e3o e seja aprovada, ela passa a fazer parte da turma de 2020 dos Aprendizes. Ap\u00f3s o fim do curso, se estiver apto, o coralista entra oficialmente no Coral dos Canarinhos de Petr\u00f3polis e passa a acompanhar a rotina de ensaio e apresenta\u00e7\u00f5es do grupo principal\u201d, explica o maestro Marco Aur\u00e9lio Lischt, ressaltando que n\u00e3o \u00e9 preciso ter conhecimento musical para participar do curso.<\/p>\n<p>\u201cMuitas fam\u00edlias se preocupam em fornecer \u00e0s crian\u00e7as oportunidades que estimulem o aprendizado e a intera\u00e7\u00e3o. A m\u00fasica \u00e9 capaz de contribuir de maneira ampla para o desenvolvimento das crian\u00e7as e abrir portas, j\u00e1 que estimula o interesse por diferentes manifesta\u00e7\u00f5es art\u00edsticas\u201d, comenta o maestro, lembrando que a m\u00fasica tem um papel muito importante no desenvolvimento e no aprendizado das crian\u00e7as, estimulando a concentra\u00e7\u00e3o, racioc\u00ednio l\u00f3gico, disciplina, responsabilidade, coordena\u00e7\u00e3o motora e capacidade de memoriza\u00e7\u00e3o s\u00e3o alguns dos benef\u00edcios alcan\u00e7ados com as aulas de m\u00fasica.<\/p>\n<p>Os interessados em realizar a inscri\u00e7\u00e3o podem fazer o cadastro atrav\u00e9s do site www.canarinhos.com.br, pelo telefone (24) 2104-4141 ou diretamente na sede do IMCP, localizado na Rua Santos Dumont, n\u00famero 355, no Centro Hist\u00f3rico, de segunda a sexta-feira, das 9h \u00e0s 17h30.<\/p>\n","protected":false},"excerpt":{"rendered":"<p>Coral Canarinhos de Petr\u00f3polis<\/p>\n","protected":false},"author":3,"featured_media":215466,"comment_status":"open","ping_status":"open","sticky":false,"template":"","format":"standard","meta":[],"categories":[1],"tags":[1378],"acf":[],"yoast_head":"<!-- This site is optimized with the Yoast SEO plugin v19.2 - https:\/\/yoast.com\/wordpress\/plugins\/seo\/ -->\n<title>Inscri\u00e7\u00f5es para o Curso de Aprendizes s\u00e3o prorrogadas - Not\u00edcias - Franciscanos<\/title>\n<meta name=\"robots\" content=\"index, follow, max-snippet:-1, max-image-preview:large, max-video-preview:-1\" \/>\n<link rel=\"canonical\" href=\"https:\/\/franciscanos.org.br\/noticias\/inscricoes-para-o-curso-de-aprendizes-sao-prorrogadas.html\" \/>\n<meta property=\"og:locale\" content=\"pt_BR\" \/>\n<meta property=\"og:type\" content=\"article\" \/>\n<meta property=\"og:title\" content=\"Inscri\u00e7\u00f5es para o Curso de Aprendizes s\u00e3o prorrogadas - Not\u00edcias - Franciscanos\" \/>\n<meta property=\"og:description\" content=\"Coral Canarinhos de Petr\u00f3polis\" \/>\n<meta property=\"og:url\" content=\"https:\/\/franciscanos.org.br\/noticias\/inscricoes-para-o-curso-de-aprendizes-sao-prorrogadas.html\" \/>\n<meta property=\"og:site_name\" content=\"Not\u00edcias - Franciscanos\" \/>\n<meta property=\"article:published_time\" content=\"2020-01-07T09:58:01+00:00\" \/>\n<meta property=\"og:image\" content=\"https:\/\/franciscanos.org.br\/noticias\/wp-content\/uploads\/2020\/01\/cnarinhos_070120d.jpg\" \/>\n\t<meta property=\"og:image:width\" content=\"273\" \/>\n\t<meta property=\"og:image:height\" content=\"181\" \/>\n\t<meta property=\"og:image:type\" content=\"image\/jpeg\" \/>\n<meta name=\"author\" content=\"moacir\" \/>\n<meta name=\"twitter:card\" content=\"summary_large_image\" \/>\n<meta name=\"twitter:label1\" content=\"Escrito por\" \/>\n\t<meta name=\"twitter:data1\" content=\"moacir\" \/>\n\t<meta name=\"twitter:label2\" content=\"Est. tempo de leitura\" \/>\n\t<meta name=\"twitter:data2\" content=\"2 minutos\" \/>\n<script type=\"application\/ld+json\" class=\"yoast-schema-graph\">{\"@context\":\"https:\/\/schema.org\",\"@graph\":[{\"@type\":\"WebSite\",\"@id\":\"https:\/\/franciscanos.org.br\/noticias\/#website\",\"url\":\"https:\/\/franciscanos.org.br\/noticias\/\",\"name\":\"Not\u00edcias - Franciscanos\",\"description\":\"Prov\u00edncia Franciscana da Imaculada Concei\u00e7\u00e3o do Brasil - Ordem dos Frades Menores - OFM\",\"potentialAction\":[{\"@type\":\"SearchAction\",\"target\":{\"@type\":\"EntryPoint\",\"urlTemplate\":\"https:\/\/franciscanos.org.br\/noticias\/?s={search_term_string}\"},\"query-input\":\"required name=search_term_string\"}],\"inLanguage\":\"pt-BR\"},{\"@type\":\"ImageObject\",\"inLanguage\":\"pt-BR\",\"@id\":\"https:\/\/franciscanos.org.br\/noticias\/inscricoes-para-o-curso-de-aprendizes-sao-prorrogadas.html#primaryimage\",\"url\":\"https:\/\/franciscanos.org.br\/noticias\/wp-content\/uploads\/2020\/01\/cnarinhos_070120d.jpg\",\"contentUrl\":\"https:\/\/franciscanos.org.br\/noticias\/wp-content\/uploads\/2020\/01\/cnarinhos_070120d.jpg\",\"width\":273,\"height\":181},{\"@type\":\"WebPage\",\"@id\":\"https:\/\/franciscanos.org.br\/noticias\/inscricoes-para-o-curso-de-aprendizes-sao-prorrogadas.html#webpage\",\"url\":\"https:\/\/franciscanos.org.br\/noticias\/inscricoes-para-o-curso-de-aprendizes-sao-prorrogadas.html\",\"name\":\"Inscri\u00e7\u00f5es para o Curso de Aprendizes s\u00e3o prorrogadas - Not\u00edcias - Franciscanos\",\"isPartOf\":{\"@id\":\"https:\/\/franciscanos.org.br\/noticias\/#website\"},\"primaryImageOfPage\":{\"@id\":\"https:\/\/franciscanos.org.br\/noticias\/inscricoes-para-o-curso-de-aprendizes-sao-prorrogadas.html#primaryimage\"},\"datePublished\":\"2020-01-07T09:58:01+00:00\",\"dateModified\":\"2020-01-07T09:58:01+00:00\",\"author\":{\"@id\":\"https:\/\/franciscanos.org.br\/noticias\/#\/schema\/person\/b5c8cba458c330ccff548b056e95a5d4\"},\"breadcrumb\":{\"@id\":\"https:\/\/franciscanos.org.br\/noticias\/inscricoes-para-o-curso-de-aprendizes-sao-prorrogadas.html#breadcrumb\"},\"inLanguage\":\"pt-BR\",\"potentialAction\":[{\"@type\":\"ReadAction\",\"target\":[\"https:\/\/franciscanos.org.br\/noticias\/inscricoes-para-o-curso-de-aprendizes-sao-prorrogadas.html\"]}]},{\"@type\":\"BreadcrumbList\",\"@id\":\"https:\/\/franciscanos.org.br\/noticias\/inscricoes-para-o-curso-de-aprendizes-sao-prorrogadas.html#breadcrumb\",\"itemListElement\":[{\"@type\":\"ListItem\",\"position\":1,\"name\":\"Home\",\"item\":\"https:\/\/franciscanos.org.br\/noticias\"},{\"@type\":\"ListItem\",\"position\":2,\"name\":\"Inscri\u00e7\u00f5es para o Curso de Aprendizes s\u00e3o prorrogadas\"}]},{\"@type\":\"Person\",\"@id\":\"https:\/\/franciscanos.org.br\/noticias\/#\/schema\/person\/b5c8cba458c330ccff548b056e95a5d4\",\"name\":\"moacir\",\"image\":{\"@type\":\"ImageObject\",\"inLanguage\":\"pt-BR\",\"@id\":\"https:\/\/franciscanos.org.br\/noticias\/#\/schema\/person\/image\/\",\"url\":\"https:\/\/secure.gravatar.com\/avatar\/d08aa2ce4c8dd416d4479aa8536fcf64?s=96&d=mm&r=g\",\"contentUrl\":\"https:\/\/secure.gravatar.com\/avatar\/d08aa2ce4c8dd416d4479aa8536fcf64?s=96&d=mm&r=g\",\"caption\":\"moacir\"},\"url\":\"https:\/\/franciscanos.org.br\/noticias\/author\/moacir\"}]}<\/script>\n<!-- \/ Yoast SEO plugin. -->","yoast_head_json":{"title":"Inscri\u00e7\u00f5es para o Curso de Aprendizes s\u00e3o prorrogadas - Not\u00edcias - Franciscanos","robots":{"index":"index","follow":"follow","max-snippet":"max-snippet:-1","max-image-preview":"max-image-preview:large","max-video-preview":"max-video-preview:-1"},"canonical":"https:\/\/franciscanos.org.br\/noticias\/inscricoes-para-o-curso-de-aprendizes-sao-prorrogadas.html","og_locale":"pt_BR","og_type":"article","og_title":"Inscri\u00e7\u00f5es para o Curso de Aprendizes s\u00e3o prorrogadas - Not\u00edcias - Franciscanos","og_description":"Coral Canarinhos de Petr\u00f3polis","og_url":"https:\/\/franciscanos.org.br\/noticias\/inscricoes-para-o-curso-de-aprendizes-sao-prorrogadas.html","og_site_name":"Not\u00edcias - Franciscanos","article_published_time":"2020-01-07T09:58:01+00:00","og_image":[{"width":273,"height":181,"url":"https:\/\/franciscanos.org.br\/noticias\/wp-content\/uploads\/2020\/01\/cnarinhos_070120d.jpg","type":"image\/jpeg"}],"author":"moacir","twitter_card":"summary_large_image","twitter_misc":{"Escrito por":"moacir","Est. tempo de leitura":"2 minutos"},"schema":{"@context":"https:\/\/schema.org","@graph":[{"@type":"WebSite","@id":"https:\/\/franciscanos.org.br\/noticias\/#website","url":"https:\/\/franciscanos.org.br\/noticias\/","name":"Not\u00edcias - Franciscanos","description":"Prov\u00edncia Franciscana da Imaculada Concei\u00e7\u00e3o do Brasil - Ordem dos Frades Menores - OFM","potentialAction":[{"@type":"SearchAction","target":{"@type":"EntryPoint","urlTemplate":"https:\/\/franciscanos.org.br\/noticias\/?s={search_term_string}"},"query-input":"required name=search_term_string"}],"inLanguage":"pt-BR"},{"@type":"ImageObject","inLanguage":"pt-BR","@id":"https:\/\/franciscanos.org.br\/noticias\/inscricoes-para-o-curso-de-aprendizes-sao-prorrogadas.html#primaryimage","url":"https:\/\/franciscanos.org.br\/noticias\/wp-content\/uploads\/2020\/01\/cnarinhos_070120d.jpg","contentUrl":"https:\/\/franciscanos.org.br\/noticias\/wp-content\/uploads\/2020\/01\/cnarinhos_070120d.jpg","width":273,"height":181},{"@type":"WebPage","@id":"https:\/\/franciscanos.org.br\/noticias\/inscricoes-para-o-curso-de-aprendizes-sao-prorrogadas.html#webpage","url":"https:\/\/franciscanos.org.br\/noticias\/inscricoes-para-o-curso-de-aprendizes-sao-prorrogadas.html","name":"Inscri\u00e7\u00f5es para o Curso de Aprendizes s\u00e3o prorrogadas - Not\u00edcias - Franciscanos","isPartOf":{"@id":"https:\/\/franciscanos.org.br\/noticias\/#website"},"primaryImageOfPage":{"@id":"https:\/\/franciscanos.org.br\/noticias\/inscricoes-para-o-curso-de-aprendizes-sao-prorrogadas.html#primaryimage"},"datePublished":"2020-01-07T09:58:01+00:00","dateModified":"2020-01-07T09:58:01+00:00","author":{"@id":"https:\/\/franciscanos.org.br\/noticias\/#\/schema\/person\/b5c8cba458c330ccff548b056e95a5d4"},"breadcrumb":{"@id":"https:\/\/franciscanos.org.br\/noticias\/inscricoes-para-o-curso-de-aprendizes-sao-prorrogadas.html#breadcrumb"},"inLanguage":"pt-BR","potentialAction":[{"@type":"ReadAction","target":["https:\/\/franciscanos.org.br\/noticias\/inscricoes-para-o-curso-de-aprendizes-sao-prorrogadas.html"]}]},{"@type":"BreadcrumbList","@id":"https:\/\/franciscanos.org.br\/noticias\/inscricoes-para-o-curso-de-aprendizes-sao-prorrogadas.html#breadcrumb","itemListElement":[{"@type":"ListItem","position":1,"name":"Home","item":"https:\/\/franciscanos.org.br\/noticias"},{"@type":"ListItem","position":2,"name":"Inscri\u00e7\u00f5es para o Curso de Aprendizes s\u00e3o prorrogadas"}]},{"@type":"Person","@id":"https:\/\/franciscanos.org.br\/noticias\/#\/schema\/person\/b5c8cba458c330ccff548b056e95a5d4","name":"moacir","image":{"@type":"ImageObject","inLanguage":"pt-BR","@id":"https:\/\/franciscanos.org.br\/noticias\/#\/schema\/person\/image\/","url":"https:\/\/secure.gravatar.com\/avatar\/d08aa2ce4c8dd416d4479aa8536fcf64?s=96&d=mm&r=g","contentUrl":"https:\/\/secure.gravatar.com\/avatar\/d08aa2ce4c8dd416d4479aa8536fcf64?s=96&d=mm&r=g","caption":"moacir"},"url":"https:\/\/franciscanos.org.br\/noticias\/author\/moacir"}]}},"_links":{"self":[{"href":"https:\/\/franciscanos.org.br\/noticias\/wp-json\/wp\/v2\/posts\/215462"}],"collection":[{"href":"https:\/\/franciscanos.org.br\/noticias\/wp-json\/wp\/v2\/posts"}],"about":[{"href":"https:\/\/franciscanos.org.br\/noticias\/wp-json\/wp\/v2\/types\/post"}],"author":[{"embeddable":true,"href":"https:\/\/franciscanos.org.br\/noticias\/wp-json\/wp\/v2\/users\/3"}],"replies":[{"embeddable":true,"href":"https:\/\/franciscanos.org.br\/noticias\/wp-json\/wp\/v2\/comments?post=215462"}],"version-history":[{"count":0,"href":"https:\/\/franciscanos.org.br\/noticias\/wp-json\/wp\/v2\/posts\/215462\/revisions"}],"wp:featuredmedia":[{"embeddable":true,"href":"https:\/\/franciscanos.org.br\/noticias\/wp-json\/wp\/v2\/media\/215466"}],"wp:attachment":[{"href":"https:\/\/franciscanos.org.br\/noticias\/wp-json\/wp\/v2\/media?parent=215462"}],"wp:term":[{"taxonomy":"category","embeddable":true,"href":"https:\/\/franciscanos.org.br\/noticias\/wp-json\/wp\/v2\/categories?post=215462"},{"taxonomy":"post_tag","embeddable":true,"href":"https:\/\/franciscanos.org.br\/noticias\/wp-json\/wp\/v2\/tags?post=215462"}],"curies":[{"name":"wp","href":"https:\/\/api.w.org\/{rel}","templated":true}]}}