{"id":215402,"date":"2020-01-06T22:27:44","date_gmt":"2020-01-07T01:27:44","guid":{"rendered":"https:\/\/franciscanos.org.br\/noticias\/?p=215402"},"modified":"2023-01-10T08:49:49","modified_gmt":"2023-01-10T11:49:49","slug":"frei-cesar-indica-caminho-para-seguir-os-passos-de-cristo-mais-humildade-fundada-na-fe-e-no-amor","status":"publish","type":"post","link":"https:\/\/franciscanos.org.br\/noticias\/frei-cesar-indica-caminho-para-seguir-os-passos-de-cristo-mais-humildade-fundada-na-fe-e-no-amor.html","title":{"rendered":"Frei C\u00e9sar indica caminho para seguir os passos de Cristo: Mais humildade, fundada na f\u00e9 e no amor"},"content":{"rendered":"<p><img loading=\"lazy\" class=\"alignnone size-full wp-image-215403\" src=\"https:\/\/franciscanos.org.br\/noticias\/wp-content\/uploads\/2020\/01\/primeira_0601_10.jpg\" alt=\"\" width=\"890\" height=\"593\" srcset=\"https:\/\/franciscanos.org.br\/noticias\/wp-content\/uploads\/2020\/01\/primeira_0601_10.jpg 890w, https:\/\/franciscanos.org.br\/noticias\/wp-content\/uploads\/2020\/01\/primeira_0601_10-450x300.jpg 450w, https:\/\/franciscanos.org.br\/noticias\/wp-content\/uploads\/2020\/01\/primeira_0601_10-768x512.jpg 768w, https:\/\/franciscanos.org.br\/noticias\/wp-content\/uploads\/2020\/01\/primeira_0601_10-150x100.jpg 150w\" sizes=\"(max-width: 890px) 100vw, 890px\" \/><\/p>\n<p><strong>\u00a0<\/strong><strong>Rodeio (SC)<\/strong> &#8211; Dois jovens frades &#8211; Frei Gabriel Ferreira Salinas e Frei Irven Gabriel de Jesus dos Santos &#8211; celebraram com alegria neste dia 6 de janeiro, festa dos Reis Magos, a conclus\u00e3o da etapa do Noviciado (tamb\u00e9m chamado \u201cano de prova\u00e7\u00e3o\u201d) na Prov\u00edncia Franciscana da Imaculada Concei\u00e7\u00e3o do Brasil e, com isso, fizeram, pela primeira vez na Ordem dos Frades Menores, a profiss\u00e3o para viver sem nada de pr\u00f3prio, em castidade e obedi\u00eancia, segundo o esp\u00edrito de S\u00e3o Francisco de Assis.<\/p>\n<p>Para o Ministro Provincial, Frei C\u00e9sar K\u00fclkamp, que acolheu os votos tempor\u00e1rios desses jovens frades, uma atitude de mais humildade, fundada na f\u00e9 e no amor, \u00e9 o caminho para melhor seguir os passos de Cristo e para a renova\u00e7\u00e3o da vida consagrada. &#8220;A Igreja e a Ordem pedem de cada um de n\u00f3s, Frades Franciscanos, resgatarmos nossa identidade de Menores e nosso sentido de fraternidade. Este \u00e9 o nosso testemunho para um mundo que supervaloriza a efici\u00eancia e o personalismo nas a\u00e7\u00f5es&#8221;, exortou.<\/p>\n<p><img loading=\"lazy\" class=\"alignnone size-full wp-image-215405\" src=\"https:\/\/franciscanos.org.br\/noticias\/wp-content\/uploads\/2020\/01\/primeira_0601_2.jpg\" alt=\"\" width=\"890\" height=\"559\" srcset=\"https:\/\/franciscanos.org.br\/noticias\/wp-content\/uploads\/2020\/01\/primeira_0601_2.jpg 890w, https:\/\/franciscanos.org.br\/noticias\/wp-content\/uploads\/2020\/01\/primeira_0601_2-450x283.jpg 450w, https:\/\/franciscanos.org.br\/noticias\/wp-content\/uploads\/2020\/01\/primeira_0601_2-768x482.jpg 768w, https:\/\/franciscanos.org.br\/noticias\/wp-content\/uploads\/2020\/01\/primeira_0601_2-150x94.jpg 150w\" sizes=\"(max-width: 890px) 100vw, 890px\" \/><\/p>\n<p style=\"padding-left: 40px;\"><em>Frei Gabriel Ferreira Salinas professa nas m\u00e3os do Ministro Provincial<\/em><\/p>\n<p><img loading=\"lazy\" class=\"alignnone size-full wp-image-215406\" src=\"https:\/\/franciscanos.org.br\/noticias\/wp-content\/uploads\/2020\/01\/primeira_0601_3.jpg\" alt=\"\" width=\"890\" height=\"607\" srcset=\"https:\/\/franciscanos.org.br\/noticias\/wp-content\/uploads\/2020\/01\/primeira_0601_3.jpg 890w, https:\/\/franciscanos.org.br\/noticias\/wp-content\/uploads\/2020\/01\/primeira_0601_3-450x307.jpg 450w, https:\/\/franciscanos.org.br\/noticias\/wp-content\/uploads\/2020\/01\/primeira_0601_3-768x524.jpg 768w, https:\/\/franciscanos.org.br\/noticias\/wp-content\/uploads\/2020\/01\/primeira_0601_3-150x102.jpg 150w\" sizes=\"(max-width: 890px) 100vw, 890px\" \/><\/p>\n<p style=\"padding-left: 40px;\"><em>Frei Irven Gabriel de Jesus dos Santos professa nas m\u00e3os do Ministro Provincial<\/em><\/p>\n<p>Frades de toda a Prov\u00edncia, religiosas, OFS, paroquianos e familiares participaram da Celebra\u00e7\u00e3o Eucar\u00edstica (esta \u00e9 a 118\u00aa turma de novi\u00e7os) na Matriz S\u00e3o Francisco de Rodeio, que foi presidida por Frei C\u00e9sar. Ele teve como concelebrantes o Definidor da Prov\u00edncia para a Regi\u00e3o, Frei Daniel Dellandrea, e o guardi\u00e3o da Fraternidade do Noviciado, Frei M\u00e1rio Stein. O mestre dos estudantes de Teologia e professor de Liturgia, Frei Marcos Andrade, foi o cerimoni\u00e1rio e Frei \u00c9verton Goschel Broilo fez anima\u00e7\u00e3o lit\u00fargica.<\/p>\n<p>Depois da Liturgia da Palavra, o Mestre dos Novi\u00e7os, Frei Rodrigo da Silva Santos, fez a chamada de cada um dos professandos e os apresentou ao Ministro Provincial. Em seguida, os dois se dirigiram ao Provincial e fizeram o seguinte pedido: \u201cPedimos humildemente, Frei C\u00e9sar K\u00fclkmap e a todos os confrades, que digneis admitir-nos \u00e0 santa profiss\u00e3o na fraternidade dos Frades Menores\u201d. Frei C\u00e9sar, ent\u00e3o, respondeu: \u201cBendito seja Deus, que vos escolheu para conosco caminhardes em nova vida\u201d.<\/p>\n<p><img loading=\"lazy\" class=\"alignnone size-full wp-image-215407\" src=\"https:\/\/franciscanos.org.br\/noticias\/wp-content\/uploads\/2020\/01\/primeira_0601_4.jpg\" alt=\"\" width=\"890\" height=\"446\" srcset=\"https:\/\/franciscanos.org.br\/noticias\/wp-content\/uploads\/2020\/01\/primeira_0601_4.jpg 890w, https:\/\/franciscanos.org.br\/noticias\/wp-content\/uploads\/2020\/01\/primeira_0601_4-450x226.jpg 450w, https:\/\/franciscanos.org.br\/noticias\/wp-content\/uploads\/2020\/01\/primeira_0601_4-768x385.jpg 768w, https:\/\/franciscanos.org.br\/noticias\/wp-content\/uploads\/2020\/01\/primeira_0601_4-150x75.jpg 150w\" sizes=\"(max-width: 890px) 100vw, 890px\" \/><\/p>\n<p>Na sua homilia, Frei C\u00e9sar indicou ainda como deve ser o discipulado aos irm\u00e3os que agora professam esta forma de vida nesta parcela da Ordem chamada Prov\u00edncia Franciscana da Imaculada Concei\u00e7\u00e3o. &#8220;O nosso discipulado n\u00e3o consiste em acumular saberes e compet\u00eancias. Ele \u00e9 uma busca que nos leva a escutar e experimentar. O nosso Mestre se revela a partir da humildade de seus mist\u00e9rios. Por isso, S\u00e3o Francisco nos diz que a nossa vida \u00e9 o Evangelho, ou seja, a vida mesma de Jesus. Ele \u00e9 a revela\u00e7\u00e3o amorosa do Pai&#8221;, explicou.<\/p>\n<p>Mas, segundo o Ministro Provincial, para enxergar esta revela\u00e7\u00e3o, \u00e9 preciso converter-se, transformar nossa vida numa obedi\u00eancia \u00e0 vontade do Pai. &#8220;Francisco travou esta batalha para procurar vencer-se a si mesmo e abandonar-se livre em Deus. \u00c9 da\u00ed que vem sua profunda serenidade. \u00c9 dessa atitude que podemos nos libertar dos fundamentalismos sociais, pol\u00edticos e religiosos, t\u00e3o presentes em nossa realidade e que cegam a tanta gente&#8221;, disse.<\/p>\n<p><img loading=\"lazy\" class=\"alignnone size-full wp-image-215408\" src=\"https:\/\/franciscanos.org.br\/noticias\/wp-content\/uploads\/2020\/01\/primeira_0601_1.jpg\" alt=\"\" width=\"890\" height=\"1187\" srcset=\"https:\/\/franciscanos.org.br\/noticias\/wp-content\/uploads\/2020\/01\/primeira_0601_1.jpg 810w, https:\/\/franciscanos.org.br\/noticias\/wp-content\/uploads\/2020\/01\/primeira_0601_1-337x450.jpg 337w, https:\/\/franciscanos.org.br\/noticias\/wp-content\/uploads\/2020\/01\/primeira_0601_1-768x1024.jpg 768w, https:\/\/franciscanos.org.br\/noticias\/wp-content\/uploads\/2020\/01\/primeira_0601_1-150x200.jpg 150w\" sizes=\"(max-width: 890px) 100vw, 890px\" \/><\/p>\n<p>&#8220;Francisco se faz disc\u00edpulo do verdadeiro Mestre. Procura interpretar sua vontade em todos e em tudo. Por isso, ele n\u00e3o v\u00ea o outro como inimigo ou amea\u00e7a. Ele \u00e9 capaz de viver a fraternidade como submiss\u00e3o ao irm\u00e3o na Ordem, mas tamb\u00e9m a todos os homens e ainda \u00e0s criaturas. Ele nos ensina com sua vida e suas atitudes o que significa transbordar de generosidade. E faz isso porque Deus \u00e9 assim: amou-nos por primeiro e at\u00e9 o fim!&#8221;, ensinou.<\/p>\n<p>Para Frei C\u00e9sar, n\u00e3o \u00e9 uma tarefa f\u00e1cil para nenhum de n\u00f3s! &#8220;Mas, o Noviciado ter\u00e1 sido fundamento para voc\u00eas se ajudou neste exerc\u00edcio do silenciar para poder escutar e para poder ver. Ouvir o que n\u00e3o tem som e ver o que n\u00e3o tem forma&#8221;, ressaltou.<\/p>\n<p><img loading=\"lazy\" class=\"alignnone size-full wp-image-215409\" src=\"https:\/\/franciscanos.org.br\/noticias\/wp-content\/uploads\/2020\/01\/primeira_0601_7.jpg\" alt=\"\" width=\"890\" height=\"466\" srcset=\"https:\/\/franciscanos.org.br\/noticias\/wp-content\/uploads\/2020\/01\/primeira_0601_7.jpg 890w, https:\/\/franciscanos.org.br\/noticias\/wp-content\/uploads\/2020\/01\/primeira_0601_7-450x236.jpg 450w, https:\/\/franciscanos.org.br\/noticias\/wp-content\/uploads\/2020\/01\/primeira_0601_7-768x402.jpg 768w, https:\/\/franciscanos.org.br\/noticias\/wp-content\/uploads\/2020\/01\/primeira_0601_7-150x79.jpg 150w\" sizes=\"(max-width: 890px) 100vw, 890px\" \/><\/p>\n<p>&#8220;O mundo \u00e9 confuso e barulhento. Mas \u00e9 o lugar da encarna\u00e7\u00e3o do nosso Deus, por isso tamb\u00e9m \u00e9 o lugar da nossa miss\u00e3o. N\u00e3o podemos fugir do mundo e nem devemos. Mas, precisamos, inseridos no mundo, o nosso claustro, em suas periferias geogr\u00e1ficas e existenciais, continuar a nossa busca pelo essencial, que n\u00e3o pode ser confundido pela distra\u00e7\u00e3o silenciosa das tecnologias nem pelo barulho das ideologias que se pretendem absolutas&#8221;, ensinou.<\/p>\n<p>Ele concluiu sua homilia voltando-se para Maria, &#8220;tamb\u00e9m modelo de discipulado, a mulher do sil\u00eancio e da escuta, que soube dizer sim \u00e0 vontade de Deus e &#8216;fa\u00e7a-se em mim segundo a Vossa vontade&#8217;, ela que \u00e9 a Rainha da Ordem dos Menores ajude a cada um de n\u00f3s a permanecermos firmes na fidelidade, para conhecermos melhor a manifesta\u00e7\u00e3o luminosa daquele que nos convida a seguir os seus passos de verdadeira humildade!&#8221;. Frei C\u00e9sar lembrou durante a homilia que no pr\u00f3ximo dia 11, em Angola, a Prov\u00edncia na Funda\u00e7\u00e3o Imaculada M\u00e3e de Deus Angola viver\u00e1 um dia de gra\u00e7a com a primeira profiss\u00e3o de 11 novi\u00e7os.<\/p>\n<h3><strong><a href=\"https:\/\/franciscanos.org.br\/noticias\/integra-da-homilia-do-ministro-provincial-na-primeira-profissao-de-rodeio.html\">VEJA NESTE LINK A HOMILIA NA \u00cdNTEGRA<\/a><\/strong><\/h3>\n<p><img loading=\"lazy\" class=\"alignnone size-full wp-image-215410\" src=\"https:\/\/franciscanos.org.br\/noticias\/wp-content\/uploads\/2020\/01\/primeira_0601_5.jpg\" alt=\"\" width=\"890\" height=\"479\" srcset=\"https:\/\/franciscanos.org.br\/noticias\/wp-content\/uploads\/2020\/01\/primeira_0601_5.jpg 890w, https:\/\/franciscanos.org.br\/noticias\/wp-content\/uploads\/2020\/01\/primeira_0601_5-450x242.jpg 450w, https:\/\/franciscanos.org.br\/noticias\/wp-content\/uploads\/2020\/01\/primeira_0601_5-768x413.jpg 768w, https:\/\/franciscanos.org.br\/noticias\/wp-content\/uploads\/2020\/01\/primeira_0601_5-150x81.jpg 150w\" sizes=\"(max-width: 890px) 100vw, 890px\" \/><\/p>\n<p>Depois da homilia, os professandos se aproximaram do Ministro Provincial e foram interrogados se estavam preparados para se consagrarem a Deus e buscarem a perfei\u00e7\u00e3o da caridade segundo a Regra e as Constitui\u00e7\u00f5es da Ordem Ser\u00e1fica. Depois, ajoelhados, colocando suas m\u00e3os nas m\u00e3os do Ministro Provincial fizeram a profiss\u00e3o religiosa, prometendo obedi\u00eancia, castidade e viver sem nada de pr\u00f3prio. Em seguida, cada neoprofesso recebeu do Provincial a Regra de Vida da Ordem dos Frades Menores e os Escritos de S\u00e3o Francisco. Cada professando tamb\u00e9m assinou o documento da profiss\u00e3o, expressando com isso que a vida passa a ser colocada sobre os des\u00edgnios de Deus. O rito terminou com o abra\u00e7o da paz dos frades aos neoprofessos num gesto de acolhida e comunh\u00e3o \u00e0 Fraternidade Provincial.<\/p>\n<p><img loading=\"lazy\" class=\"alignnone size-full wp-image-215411\" src=\"https:\/\/franciscanos.org.br\/noticias\/wp-content\/uploads\/2020\/01\/primeira_0601_6.jpg\" alt=\"\" width=\"890\" height=\"1100\" srcset=\"https:\/\/franciscanos.org.br\/noticias\/wp-content\/uploads\/2020\/01\/primeira_0601_6.jpg 874w, https:\/\/franciscanos.org.br\/noticias\/wp-content\/uploads\/2020\/01\/primeira_0601_6-364x450.jpg 364w, https:\/\/franciscanos.org.br\/noticias\/wp-content\/uploads\/2020\/01\/primeira_0601_6-829x1024.jpg 829w, https:\/\/franciscanos.org.br\/noticias\/wp-content\/uploads\/2020\/01\/primeira_0601_6-768x949.jpg 768w, https:\/\/franciscanos.org.br\/noticias\/wp-content\/uploads\/2020\/01\/primeira_0601_6-150x185.jpg 150w\" sizes=\"(max-width: 890px) 100vw, 890px\" \/><\/p>\n<p>No final, Frei C\u00e9sar agradeceu aos neoprofessos e \u00e0 Fraternidade Formadora do Noviciado por este ano de penit\u00eancia. Entregou os agora dois professos tempor\u00e1rios \u00e0 Fraternidade de Rondinha (PR), atrav\u00e9s do mestre Frei Samuel Ferreira de Lima e do guardi\u00e3o Frei Marcos Brugger, que estavam presentes na celebra\u00e7\u00e3o. A pr\u00f3xima etapa deles \u00e9 o curso de Filosofia que ser\u00e1 feito em Curitiba (PR). Frei M\u00e1rio convidou a todos para participar de uma confraterniza\u00e7\u00e3o no claustro.<\/p>\n<p>Os neoprofessos viajam nesta ter\u00e7a, 7 de janeiro, para suas cidades, onde ter\u00e3o f\u00e9rias at\u00e9 fevereiro. Frei Irven \u00e9 natural de Cariacica (ES) e Frei Gabriel \u00e9 natural de V\u00e1rzea Paulista. O Noviciado continua suas atividades neste dia 8 de janeiro ao acolher a turma de novi\u00e7os 2020.<\/p>\n<p><a href=\"https:\/\/franciscanos.org.br\/noticias\/antes-da-profissao-novicos-recebem-o-habito-e-fazem-pedido-a-fraternidade-2.html\">VEJA TAMB\u00c9M: NOVI\u00c7OS RECEBEM H\u00c1BITO NOVO E FAZEM PEDIDO DE PROFISS\u00c3O \u00c0 FRATERNIDADE<\/a><\/p>\n<hr \/>\n<h3><strong>VEJA MAIS IMAGENS DA PRIMEIRA PROFISS\u00c3O DE FREI IRVEN E FREI GABRIEL<\/strong><\/h3>\n\n\t\t<style type=\"text\/css\">\n\t\t\t#gallery-1 {\n\t\t\t\tmargin: auto;\n\t\t\t}\n\t\t\t#gallery-1 .gallery-item {\n\t\t\t\tfloat: left;\n\t\t\t\tmargin-top: 10px;\n\t\t\t\ttext-align: center;\n\t\t\t\twidth: 20%;\n\t\t\t}\n\t\t\t#gallery-1 img {\n\t\t\t\tborder: 2px solid #cfcfcf;\n\t\t\t}\n\t\t\t#gallery-1 .gallery-caption {\n\t\t\t\tmargin-left: 0;\n\t\t\t}\n\t\t\t\/* see gallery_shortcode() in wp-includes\/media.php *\/\n\t\t<\/style>\n\t\t<div id='gallery-1' class='gallery galleryid-215402 gallery-columns-5 gallery-size-thumbnail'><dl class='gallery-item'>\n\t\t\t<dt class='gallery-icon landscape'>\n\t\t\t\t<a href='https:\/\/franciscanos.org.br\/noticias\/wp-content\/uploads\/2020\/01\/prof-1.jpg'><img width=\"300\" height=\"300\" src=\"https:\/\/franciscanos.org.br\/noticias\/wp-content\/uploads\/2020\/01\/prof-1-300x300.jpg\" class=\"attachment-thumbnail size-thumbnail\" alt=\"\" loading=\"lazy\" srcset=\"https:\/\/franciscanos.org.br\/noticias\/wp-content\/uploads\/2020\/01\/prof-1-300x300.jpg 300w, https:\/\/franciscanos.org.br\/noticias\/wp-content\/uploads\/2020\/01\/prof-1-100x100.jpg 100w, https:\/\/franciscanos.org.br\/noticias\/wp-content\/uploads\/2020\/01\/prof-1-400x400.jpg 400w\" sizes=\"(max-width: 300px) 100vw, 300px\" \/><\/a>\n\t\t\t<\/dt><\/dl><dl class='gallery-item'>\n\t\t\t<dt class='gallery-icon landscape'>\n\t\t\t\t<a href='https:\/\/franciscanos.org.br\/noticias\/wp-content\/uploads\/2020\/01\/prof-2.jpg'><img width=\"300\" height=\"300\" src=\"https:\/\/franciscanos.org.br\/noticias\/wp-content\/uploads\/2020\/01\/prof-2-300x300.jpg\" class=\"attachment-thumbnail size-thumbnail\" alt=\"\" loading=\"lazy\" srcset=\"https:\/\/franciscanos.org.br\/noticias\/wp-content\/uploads\/2020\/01\/prof-2-300x300.jpg 300w, https:\/\/franciscanos.org.br\/noticias\/wp-content\/uploads\/2020\/01\/prof-2-100x100.jpg 100w, https:\/\/franciscanos.org.br\/noticias\/wp-content\/uploads\/2020\/01\/prof-2-400x400.jpg 400w\" sizes=\"(max-width: 300px) 100vw, 300px\" \/><\/a>\n\t\t\t<\/dt><\/dl><dl class='gallery-item'>\n\t\t\t<dt class='gallery-icon landscape'>\n\t\t\t\t<a href='https:\/\/franciscanos.org.br\/noticias\/wp-content\/uploads\/2020\/01\/prof-3.jpg'><img width=\"300\" height=\"300\" src=\"https:\/\/franciscanos.org.br\/noticias\/wp-content\/uploads\/2020\/01\/prof-3-300x300.jpg\" class=\"attachment-thumbnail size-thumbnail\" alt=\"\" loading=\"lazy\" srcset=\"https:\/\/franciscanos.org.br\/noticias\/wp-content\/uploads\/2020\/01\/prof-3-300x300.jpg 300w, https:\/\/franciscanos.org.br\/noticias\/wp-content\/uploads\/2020\/01\/prof-3-100x100.jpg 100w, https:\/\/franciscanos.org.br\/noticias\/wp-content\/uploads\/2020\/01\/prof-3-400x400.jpg 400w\" sizes=\"(max-width: 300px) 100vw, 300px\" \/><\/a>\n\t\t\t<\/dt><\/dl><dl class='gallery-item'>\n\t\t\t<dt class='gallery-icon landscape'>\n\t\t\t\t<a href='https:\/\/franciscanos.org.br\/noticias\/wp-content\/uploads\/2020\/01\/prof-4.jpg'><img width=\"300\" height=\"300\" src=\"https:\/\/franciscanos.org.br\/noticias\/wp-content\/uploads\/2020\/01\/prof-4-300x300.jpg\" class=\"attachment-thumbnail size-thumbnail\" alt=\"\" loading=\"lazy\" srcset=\"https:\/\/franciscanos.org.br\/noticias\/wp-content\/uploads\/2020\/01\/prof-4-300x300.jpg 300w, https:\/\/franciscanos.org.br\/noticias\/wp-content\/uploads\/2020\/01\/prof-4-100x100.jpg 100w, https:\/\/franciscanos.org.br\/noticias\/wp-content\/uploads\/2020\/01\/prof-4-400x400.jpg 400w\" sizes=\"(max-width: 300px) 100vw, 300px\" \/><\/a>\n\t\t\t<\/dt><\/dl><dl class='gallery-item'>\n\t\t\t<dt class='gallery-icon landscape'>\n\t\t\t\t<a href='https:\/\/franciscanos.org.br\/noticias\/wp-content\/uploads\/2020\/01\/prof-5.jpg'><img width=\"300\" height=\"300\" src=\"https:\/\/franciscanos.org.br\/noticias\/wp-content\/uploads\/2020\/01\/prof-5-300x300.jpg\" class=\"attachment-thumbnail size-thumbnail\" alt=\"\" loading=\"lazy\" srcset=\"https:\/\/franciscanos.org.br\/noticias\/wp-content\/uploads\/2020\/01\/prof-5-300x300.jpg 300w, https:\/\/franciscanos.org.br\/noticias\/wp-content\/uploads\/2020\/01\/prof-5-100x100.jpg 100w, https:\/\/franciscanos.org.br\/noticias\/wp-content\/uploads\/2020\/01\/prof-5-400x400.jpg 400w\" sizes=\"(max-width: 300px) 100vw, 300px\" \/><\/a>\n\t\t\t<\/dt><\/dl><br style=\"clear: both\" \/><dl class='gallery-item'>\n\t\t\t<dt class='gallery-icon landscape'>\n\t\t\t\t<a href='https:\/\/franciscanos.org.br\/noticias\/wp-content\/uploads\/2020\/01\/prof-6.jpg'><img width=\"300\" height=\"300\" src=\"https:\/\/franciscanos.org.br\/noticias\/wp-content\/uploads\/2020\/01\/prof-6-300x300.jpg\" class=\"attachment-thumbnail size-thumbnail\" alt=\"\" loading=\"lazy\" srcset=\"https:\/\/franciscanos.org.br\/noticias\/wp-content\/uploads\/2020\/01\/prof-6-300x300.jpg 300w, https:\/\/franciscanos.org.br\/noticias\/wp-content\/uploads\/2020\/01\/prof-6-100x100.jpg 100w, https:\/\/franciscanos.org.br\/noticias\/wp-content\/uploads\/2020\/01\/prof-6-400x400.jpg 400w\" sizes=\"(max-width: 300px) 100vw, 300px\" \/><\/a>\n\t\t\t<\/dt><\/dl><dl class='gallery-item'>\n\t\t\t<dt class='gallery-icon landscape'>\n\t\t\t\t<a href='https:\/\/franciscanos.org.br\/noticias\/wp-content\/uploads\/2020\/01\/prof-7.jpg'><img width=\"300\" height=\"300\" src=\"https:\/\/franciscanos.org.br\/noticias\/wp-content\/uploads\/2020\/01\/prof-7-300x300.jpg\" class=\"attachment-thumbnail size-thumbnail\" alt=\"\" loading=\"lazy\" srcset=\"https:\/\/franciscanos.org.br\/noticias\/wp-content\/uploads\/2020\/01\/prof-7-300x300.jpg 300w, https:\/\/franciscanos.org.br\/noticias\/wp-content\/uploads\/2020\/01\/prof-7-100x100.jpg 100w, https:\/\/franciscanos.org.br\/noticias\/wp-content\/uploads\/2020\/01\/prof-7-400x400.jpg 400w\" sizes=\"(max-width: 300px) 100vw, 300px\" \/><\/a>\n\t\t\t<\/dt><\/dl><dl class='gallery-item'>\n\t\t\t<dt class='gallery-icon landscape'>\n\t\t\t\t<a href='https:\/\/franciscanos.org.br\/noticias\/wp-content\/uploads\/2020\/01\/prof-8.jpg'><img width=\"300\" height=\"300\" src=\"https:\/\/franciscanos.org.br\/noticias\/wp-content\/uploads\/2020\/01\/prof-8-300x300.jpg\" class=\"attachment-thumbnail size-thumbnail\" alt=\"\" loading=\"lazy\" srcset=\"https:\/\/franciscanos.org.br\/noticias\/wp-content\/uploads\/2020\/01\/prof-8-300x300.jpg 300w, https:\/\/franciscanos.org.br\/noticias\/wp-content\/uploads\/2020\/01\/prof-8-100x100.jpg 100w, https:\/\/franciscanos.org.br\/noticias\/wp-content\/uploads\/2020\/01\/prof-8-400x400.jpg 400w\" sizes=\"(max-width: 300px) 100vw, 300px\" \/><\/a>\n\t\t\t<\/dt><\/dl><dl class='gallery-item'>\n\t\t\t<dt class='gallery-icon landscape'>\n\t\t\t\t<a href='https:\/\/franciscanos.org.br\/noticias\/wp-content\/uploads\/2020\/01\/prof-9.jpg'><img width=\"300\" height=\"300\" src=\"https:\/\/franciscanos.org.br\/noticias\/wp-content\/uploads\/2020\/01\/prof-9-300x300.jpg\" class=\"attachment-thumbnail size-thumbnail\" alt=\"\" loading=\"lazy\" srcset=\"https:\/\/franciscanos.org.br\/noticias\/wp-content\/uploads\/2020\/01\/prof-9-300x300.jpg 300w, https:\/\/franciscanos.org.br\/noticias\/wp-content\/uploads\/2020\/01\/prof-9-100x100.jpg 100w, https:\/\/franciscanos.org.br\/noticias\/wp-content\/uploads\/2020\/01\/prof-9-400x400.jpg 400w\" sizes=\"(max-width: 300px) 100vw, 300px\" \/><\/a>\n\t\t\t<\/dt><\/dl><dl class='gallery-item'>\n\t\t\t<dt class='gallery-icon landscape'>\n\t\t\t\t<a href='https:\/\/franciscanos.org.br\/noticias\/wp-content\/uploads\/2020\/01\/prof-10.jpg'><img width=\"300\" height=\"300\" src=\"https:\/\/franciscanos.org.br\/noticias\/wp-content\/uploads\/2020\/01\/prof-10-300x300.jpg\" class=\"attachment-thumbnail size-thumbnail\" alt=\"\" loading=\"lazy\" srcset=\"https:\/\/franciscanos.org.br\/noticias\/wp-content\/uploads\/2020\/01\/prof-10-300x300.jpg 300w, https:\/\/franciscanos.org.br\/noticias\/wp-content\/uploads\/2020\/01\/prof-10-100x100.jpg 100w, https:\/\/franciscanos.org.br\/noticias\/wp-content\/uploads\/2020\/01\/prof-10-400x400.jpg 400w\" sizes=\"(max-width: 300px) 100vw, 300px\" \/><\/a>\n\t\t\t<\/dt><\/dl><br style=\"clear: both\" \/><dl class='gallery-item'>\n\t\t\t<dt class='gallery-icon landscape'>\n\t\t\t\t<a href='https:\/\/franciscanos.org.br\/noticias\/wp-content\/uploads\/2020\/01\/prof-11.jpg'><img width=\"300\" height=\"300\" src=\"https:\/\/franciscanos.org.br\/noticias\/wp-content\/uploads\/2020\/01\/prof-11-300x300.jpg\" class=\"attachment-thumbnail size-thumbnail\" alt=\"\" loading=\"lazy\" srcset=\"https:\/\/franciscanos.org.br\/noticias\/wp-content\/uploads\/2020\/01\/prof-11-300x300.jpg 300w, https:\/\/franciscanos.org.br\/noticias\/wp-content\/uploads\/2020\/01\/prof-11-100x100.jpg 100w, https:\/\/franciscanos.org.br\/noticias\/wp-content\/uploads\/2020\/01\/prof-11-400x400.jpg 400w\" sizes=\"(max-width: 300px) 100vw, 300px\" \/><\/a>\n\t\t\t<\/dt><\/dl><dl class='gallery-item'>\n\t\t\t<dt class='gallery-icon landscape'>\n\t\t\t\t<a href='https:\/\/franciscanos.org.br\/noticias\/wp-content\/uploads\/2020\/01\/prof-12.jpg'><img width=\"300\" height=\"300\" src=\"https:\/\/franciscanos.org.br\/noticias\/wp-content\/uploads\/2020\/01\/prof-12-300x300.jpg\" class=\"attachment-thumbnail size-thumbnail\" alt=\"\" loading=\"lazy\" srcset=\"https:\/\/franciscanos.org.br\/noticias\/wp-content\/uploads\/2020\/01\/prof-12-300x300.jpg 300w, https:\/\/franciscanos.org.br\/noticias\/wp-content\/uploads\/2020\/01\/prof-12-100x100.jpg 100w, https:\/\/franciscanos.org.br\/noticias\/wp-content\/uploads\/2020\/01\/prof-12-400x400.jpg 400w\" sizes=\"(max-width: 300px) 100vw, 300px\" \/><\/a>\n\t\t\t<\/dt><\/dl><dl class='gallery-item'>\n\t\t\t<dt class='gallery-icon landscape'>\n\t\t\t\t<a href='https:\/\/franciscanos.org.br\/noticias\/wp-content\/uploads\/2020\/01\/prof-13.jpg'><img width=\"300\" height=\"300\" src=\"https:\/\/franciscanos.org.br\/noticias\/wp-content\/uploads\/2020\/01\/prof-13-300x300.jpg\" class=\"attachment-thumbnail size-thumbnail\" alt=\"\" loading=\"lazy\" srcset=\"https:\/\/franciscanos.org.br\/noticias\/wp-content\/uploads\/2020\/01\/prof-13-300x300.jpg 300w, https:\/\/franciscanos.org.br\/noticias\/wp-content\/uploads\/2020\/01\/prof-13-100x100.jpg 100w, https:\/\/franciscanos.org.br\/noticias\/wp-content\/uploads\/2020\/01\/prof-13-400x400.jpg 400w\" sizes=\"(max-width: 300px) 100vw, 300px\" \/><\/a>\n\t\t\t<\/dt><\/dl><dl class='gallery-item'>\n\t\t\t<dt class='gallery-icon landscape'>\n\t\t\t\t<a href='https:\/\/franciscanos.org.br\/noticias\/wp-content\/uploads\/2020\/01\/prof-14.jpg'><img width=\"300\" height=\"300\" src=\"https:\/\/franciscanos.org.br\/noticias\/wp-content\/uploads\/2020\/01\/prof-14-300x300.jpg\" class=\"attachment-thumbnail size-thumbnail\" alt=\"\" loading=\"lazy\" srcset=\"https:\/\/franciscanos.org.br\/noticias\/wp-content\/uploads\/2020\/01\/prof-14-300x300.jpg 300w, https:\/\/franciscanos.org.br\/noticias\/wp-content\/uploads\/2020\/01\/prof-14-100x100.jpg 100w, https:\/\/franciscanos.org.br\/noticias\/wp-content\/uploads\/2020\/01\/prof-14-400x400.jpg 400w\" sizes=\"(max-width: 300px) 100vw, 300px\" \/><\/a>\n\t\t\t<\/dt><\/dl><dl class='gallery-item'>\n\t\t\t<dt class='gallery-icon landscape'>\n\t\t\t\t<a href='https:\/\/franciscanos.org.br\/noticias\/wp-content\/uploads\/2020\/01\/prof-15.jpg'><img width=\"300\" height=\"300\" src=\"https:\/\/franciscanos.org.br\/noticias\/wp-content\/uploads\/2020\/01\/prof-15-300x300.jpg\" class=\"attachment-thumbnail size-thumbnail\" alt=\"\" loading=\"lazy\" srcset=\"https:\/\/franciscanos.org.br\/noticias\/wp-content\/uploads\/2020\/01\/prof-15-300x300.jpg 300w, https:\/\/franciscanos.org.br\/noticias\/wp-content\/uploads\/2020\/01\/prof-15-100x100.jpg 100w, https:\/\/franciscanos.org.br\/noticias\/wp-content\/uploads\/2020\/01\/prof-15-400x400.jpg 400w\" sizes=\"(max-width: 300px) 100vw, 300px\" \/><\/a>\n\t\t\t<\/dt><\/dl><br style=\"clear: both\" \/><dl class='gallery-item'>\n\t\t\t<dt class='gallery-icon landscape'>\n\t\t\t\t<a href='https:\/\/franciscanos.org.br\/noticias\/wp-content\/uploads\/2020\/01\/prof-16.jpg'><img width=\"300\" height=\"300\" src=\"https:\/\/franciscanos.org.br\/noticias\/wp-content\/uploads\/2020\/01\/prof-16-300x300.jpg\" class=\"attachment-thumbnail size-thumbnail\" alt=\"\" loading=\"lazy\" srcset=\"https:\/\/franciscanos.org.br\/noticias\/wp-content\/uploads\/2020\/01\/prof-16-300x300.jpg 300w, https:\/\/franciscanos.org.br\/noticias\/wp-content\/uploads\/2020\/01\/prof-16-100x100.jpg 100w, https:\/\/franciscanos.org.br\/noticias\/wp-content\/uploads\/2020\/01\/prof-16-400x400.jpg 400w\" sizes=\"(max-width: 300px) 100vw, 300px\" \/><\/a>\n\t\t\t<\/dt><\/dl><dl class='gallery-item'>\n\t\t\t<dt class='gallery-icon landscape'>\n\t\t\t\t<a href='https:\/\/franciscanos.org.br\/noticias\/wp-content\/uploads\/2020\/01\/prof-17.jpg'><img width=\"300\" height=\"300\" src=\"https:\/\/franciscanos.org.br\/noticias\/wp-content\/uploads\/2020\/01\/prof-17-300x300.jpg\" class=\"attachment-thumbnail size-thumbnail\" alt=\"\" loading=\"lazy\" srcset=\"https:\/\/franciscanos.org.br\/noticias\/wp-content\/uploads\/2020\/01\/prof-17-300x300.jpg 300w, https:\/\/franciscanos.org.br\/noticias\/wp-content\/uploads\/2020\/01\/prof-17-100x100.jpg 100w, https:\/\/franciscanos.org.br\/noticias\/wp-content\/uploads\/2020\/01\/prof-17-400x400.jpg 400w\" sizes=\"(max-width: 300px) 100vw, 300px\" \/><\/a>\n\t\t\t<\/dt><\/dl><dl class='gallery-item'>\n\t\t\t<dt class='gallery-icon landscape'>\n\t\t\t\t<a href='https:\/\/franciscanos.org.br\/noticias\/wp-content\/uploads\/2020\/01\/prof-18.jpg'><img width=\"300\" height=\"300\" src=\"https:\/\/franciscanos.org.br\/noticias\/wp-content\/uploads\/2020\/01\/prof-18-300x300.jpg\" class=\"attachment-thumbnail size-thumbnail\" alt=\"\" loading=\"lazy\" srcset=\"https:\/\/franciscanos.org.br\/noticias\/wp-content\/uploads\/2020\/01\/prof-18-300x300.jpg 300w, https:\/\/franciscanos.org.br\/noticias\/wp-content\/uploads\/2020\/01\/prof-18-100x100.jpg 100w, https:\/\/franciscanos.org.br\/noticias\/wp-content\/uploads\/2020\/01\/prof-18-400x400.jpg 400w\" sizes=\"(max-width: 300px) 100vw, 300px\" \/><\/a>\n\t\t\t<\/dt><\/dl><dl class='gallery-item'>\n\t\t\t<dt class='gallery-icon landscape'>\n\t\t\t\t<a href='https:\/\/franciscanos.org.br\/noticias\/wp-content\/uploads\/2020\/01\/prof-20.jpg'><img width=\"300\" height=\"300\" src=\"https:\/\/franciscanos.org.br\/noticias\/wp-content\/uploads\/2020\/01\/prof-20-300x300.jpg\" class=\"attachment-thumbnail size-thumbnail\" alt=\"\" loading=\"lazy\" srcset=\"https:\/\/franciscanos.org.br\/noticias\/wp-content\/uploads\/2020\/01\/prof-20-300x300.jpg 300w, https:\/\/franciscanos.org.br\/noticias\/wp-content\/uploads\/2020\/01\/prof-20-100x100.jpg 100w, https:\/\/franciscanos.org.br\/noticias\/wp-content\/uploads\/2020\/01\/prof-20-400x400.jpg 400w\" sizes=\"(max-width: 300px) 100vw, 300px\" \/><\/a>\n\t\t\t<\/dt><\/dl><dl class='gallery-item'>\n\t\t\t<dt class='gallery-icon landscape'>\n\t\t\t\t<a href='https:\/\/franciscanos.org.br\/noticias\/wp-content\/uploads\/2020\/01\/prof-21.jpg'><img width=\"300\" height=\"300\" src=\"https:\/\/franciscanos.org.br\/noticias\/wp-content\/uploads\/2020\/01\/prof-21-300x300.jpg\" class=\"attachment-thumbnail size-thumbnail\" alt=\"\" loading=\"lazy\" srcset=\"https:\/\/franciscanos.org.br\/noticias\/wp-content\/uploads\/2020\/01\/prof-21-300x300.jpg 300w, https:\/\/franciscanos.org.br\/noticias\/wp-content\/uploads\/2020\/01\/prof-21-100x100.jpg 100w, https:\/\/franciscanos.org.br\/noticias\/wp-content\/uploads\/2020\/01\/prof-21-400x400.jpg 400w\" sizes=\"(max-width: 300px) 100vw, 300px\" \/><\/a>\n\t\t\t<\/dt><\/dl><br style=\"clear: both\" \/><dl class='gallery-item'>\n\t\t\t<dt class='gallery-icon landscape'>\n\t\t\t\t<a href='https:\/\/franciscanos.org.br\/noticias\/wp-content\/uploads\/2020\/01\/prof-22.jpg'><img width=\"300\" height=\"300\" src=\"https:\/\/franciscanos.org.br\/noticias\/wp-content\/uploads\/2020\/01\/prof-22-300x300.jpg\" class=\"attachment-thumbnail size-thumbnail\" alt=\"\" loading=\"lazy\" srcset=\"https:\/\/franciscanos.org.br\/noticias\/wp-content\/uploads\/2020\/01\/prof-22-300x300.jpg 300w, https:\/\/franciscanos.org.br\/noticias\/wp-content\/uploads\/2020\/01\/prof-22-100x100.jpg 100w, https:\/\/franciscanos.org.br\/noticias\/wp-content\/uploads\/2020\/01\/prof-22-400x400.jpg 400w\" sizes=\"(max-width: 300px) 100vw, 300px\" \/><\/a>\n\t\t\t<\/dt><\/dl><dl class='gallery-item'>\n\t\t\t<dt class='gallery-icon landscape'>\n\t\t\t\t<a href='https:\/\/franciscanos.org.br\/noticias\/wp-content\/uploads\/2020\/01\/prof-23.jpg'><img width=\"300\" height=\"300\" src=\"https:\/\/franciscanos.org.br\/noticias\/wp-content\/uploads\/2020\/01\/prof-23-300x300.jpg\" class=\"attachment-thumbnail size-thumbnail\" alt=\"\" loading=\"lazy\" srcset=\"https:\/\/franciscanos.org.br\/noticias\/wp-content\/uploads\/2020\/01\/prof-23-300x300.jpg 300w, https:\/\/franciscanos.org.br\/noticias\/wp-content\/uploads\/2020\/01\/prof-23-100x100.jpg 100w, https:\/\/franciscanos.org.br\/noticias\/wp-content\/uploads\/2020\/01\/prof-23-400x400.jpg 400w\" sizes=\"(max-width: 300px) 100vw, 300px\" \/><\/a>\n\t\t\t<\/dt><\/dl><dl class='gallery-item'>\n\t\t\t<dt class='gallery-icon landscape'>\n\t\t\t\t<a href='https:\/\/franciscanos.org.br\/noticias\/wp-content\/uploads\/2020\/01\/prof-24.jpg'><img width=\"300\" height=\"300\" src=\"https:\/\/franciscanos.org.br\/noticias\/wp-content\/uploads\/2020\/01\/prof-24-300x300.jpg\" class=\"attachment-thumbnail size-thumbnail\" alt=\"\" loading=\"lazy\" srcset=\"https:\/\/franciscanos.org.br\/noticias\/wp-content\/uploads\/2020\/01\/prof-24-300x300.jpg 300w, https:\/\/franciscanos.org.br\/noticias\/wp-content\/uploads\/2020\/01\/prof-24-100x100.jpg 100w, https:\/\/franciscanos.org.br\/noticias\/wp-content\/uploads\/2020\/01\/prof-24-400x400.jpg 400w\" sizes=\"(max-width: 300px) 100vw, 300px\" \/><\/a>\n\t\t\t<\/dt><\/dl><dl class='gallery-item'>\n\t\t\t<dt class='gallery-icon landscape'>\n\t\t\t\t<a href='https:\/\/franciscanos.org.br\/noticias\/wp-content\/uploads\/2020\/01\/prof-25.jpg'><img width=\"300\" height=\"300\" src=\"https:\/\/franciscanos.org.br\/noticias\/wp-content\/uploads\/2020\/01\/prof-25-300x300.jpg\" class=\"attachment-thumbnail size-thumbnail\" alt=\"\" loading=\"lazy\" srcset=\"https:\/\/franciscanos.org.br\/noticias\/wp-content\/uploads\/2020\/01\/prof-25-300x300.jpg 300w, https:\/\/franciscanos.org.br\/noticias\/wp-content\/uploads\/2020\/01\/prof-25-100x100.jpg 100w, https:\/\/franciscanos.org.br\/noticias\/wp-content\/uploads\/2020\/01\/prof-25-400x400.jpg 400w\" sizes=\"(max-width: 300px) 100vw, 300px\" \/><\/a>\n\t\t\t<\/dt><\/dl><dl class='gallery-item'>\n\t\t\t<dt class='gallery-icon landscape'>\n\t\t\t\t<a href='https:\/\/franciscanos.org.br\/noticias\/wp-content\/uploads\/2020\/01\/prof-26.jpg'><img width=\"300\" height=\"300\" src=\"https:\/\/franciscanos.org.br\/noticias\/wp-content\/uploads\/2020\/01\/prof-26-300x300.jpg\" class=\"attachment-thumbnail size-thumbnail\" alt=\"\" loading=\"lazy\" srcset=\"https:\/\/franciscanos.org.br\/noticias\/wp-content\/uploads\/2020\/01\/prof-26-300x300.jpg 300w, https:\/\/franciscanos.org.br\/noticias\/wp-content\/uploads\/2020\/01\/prof-26-100x100.jpg 100w, https:\/\/franciscanos.org.br\/noticias\/wp-content\/uploads\/2020\/01\/prof-26-400x400.jpg 400w\" sizes=\"(max-width: 300px) 100vw, 300px\" \/><\/a>\n\t\t\t<\/dt><\/dl><br style=\"clear: both\" \/><dl class='gallery-item'>\n\t\t\t<dt class='gallery-icon landscape'>\n\t\t\t\t<a href='https:\/\/franciscanos.org.br\/noticias\/wp-content\/uploads\/2020\/01\/prof-27.jpg'><img width=\"300\" height=\"300\" src=\"https:\/\/franciscanos.org.br\/noticias\/wp-content\/uploads\/2020\/01\/prof-27-300x300.jpg\" class=\"attachment-thumbnail size-thumbnail\" alt=\"\" loading=\"lazy\" srcset=\"https:\/\/franciscanos.org.br\/noticias\/wp-content\/uploads\/2020\/01\/prof-27-300x300.jpg 300w, https:\/\/franciscanos.org.br\/noticias\/wp-content\/uploads\/2020\/01\/prof-27-100x100.jpg 100w, https:\/\/franciscanos.org.br\/noticias\/wp-content\/uploads\/2020\/01\/prof-27-400x400.jpg 400w\" sizes=\"(max-width: 300px) 100vw, 300px\" \/><\/a>\n\t\t\t<\/dt><\/dl><dl class='gallery-item'>\n\t\t\t<dt class='gallery-icon portrait'>\n\t\t\t\t<a href='https:\/\/franciscanos.org.br\/noticias\/wp-content\/uploads\/2020\/01\/prof-28.jpg'><img width=\"300\" height=\"300\" src=\"https:\/\/franciscanos.org.br\/noticias\/wp-content\/uploads\/2020\/01\/prof-28-300x300.jpg\" class=\"attachment-thumbnail size-thumbnail\" alt=\"\" loading=\"lazy\" srcset=\"https:\/\/franciscanos.org.br\/noticias\/wp-content\/uploads\/2020\/01\/prof-28-300x300.jpg 300w, https:\/\/franciscanos.org.br\/noticias\/wp-content\/uploads\/2020\/01\/prof-28-100x100.jpg 100w, https:\/\/franciscanos.org.br\/noticias\/wp-content\/uploads\/2020\/01\/prof-28-400x400.jpg 400w\" sizes=\"(max-width: 300px) 100vw, 300px\" \/><\/a>\n\t\t\t<\/dt><\/dl><dl class='gallery-item'>\n\t\t\t<dt class='gallery-icon landscape'>\n\t\t\t\t<a href='https:\/\/franciscanos.org.br\/noticias\/wp-content\/uploads\/2020\/01\/prof-29.jpg'><img width=\"300\" height=\"300\" src=\"https:\/\/franciscanos.org.br\/noticias\/wp-content\/uploads\/2020\/01\/prof-29-300x300.jpg\" class=\"attachment-thumbnail size-thumbnail\" alt=\"\" loading=\"lazy\" srcset=\"https:\/\/franciscanos.org.br\/noticias\/wp-content\/uploads\/2020\/01\/prof-29-300x300.jpg 300w, https:\/\/franciscanos.org.br\/noticias\/wp-content\/uploads\/2020\/01\/prof-29-100x100.jpg 100w, https:\/\/franciscanos.org.br\/noticias\/wp-content\/uploads\/2020\/01\/prof-29-400x400.jpg 400w\" sizes=\"(max-width: 300px) 100vw, 300px\" \/><\/a>\n\t\t\t<\/dt><\/dl><dl class='gallery-item'>\n\t\t\t<dt class='gallery-icon landscape'>\n\t\t\t\t<a href='https:\/\/franciscanos.org.br\/noticias\/wp-content\/uploads\/2020\/01\/prof-30.jpg'><img width=\"300\" height=\"300\" src=\"https:\/\/franciscanos.org.br\/noticias\/wp-content\/uploads\/2020\/01\/prof-30-300x300.jpg\" class=\"attachment-thumbnail size-thumbnail\" alt=\"\" loading=\"lazy\" srcset=\"https:\/\/franciscanos.org.br\/noticias\/wp-content\/uploads\/2020\/01\/prof-30-300x300.jpg 300w, https:\/\/franciscanos.org.br\/noticias\/wp-content\/uploads\/2020\/01\/prof-30-100x100.jpg 100w, https:\/\/franciscanos.org.br\/noticias\/wp-content\/uploads\/2020\/01\/prof-30-400x400.jpg 400w\" sizes=\"(max-width: 300px) 100vw, 300px\" \/><\/a>\n\t\t\t<\/dt><\/dl><dl class='gallery-item'>\n\t\t\t<dt class='gallery-icon landscape'>\n\t\t\t\t<a href='https:\/\/franciscanos.org.br\/noticias\/wp-content\/uploads\/2020\/01\/prof-31.jpg'><img width=\"300\" height=\"300\" src=\"https:\/\/franciscanos.org.br\/noticias\/wp-content\/uploads\/2020\/01\/prof-31-300x300.jpg\" class=\"attachment-thumbnail size-thumbnail\" alt=\"\" loading=\"lazy\" srcset=\"https:\/\/franciscanos.org.br\/noticias\/wp-content\/uploads\/2020\/01\/prof-31-300x300.jpg 300w, https:\/\/franciscanos.org.br\/noticias\/wp-content\/uploads\/2020\/01\/prof-31-100x100.jpg 100w, https:\/\/franciscanos.org.br\/noticias\/wp-content\/uploads\/2020\/01\/prof-31-400x400.jpg 400w\" sizes=\"(max-width: 300px) 100vw, 300px\" \/><\/a>\n\t\t\t<\/dt><\/dl><br style=\"clear: both\" \/><dl class='gallery-item'>\n\t\t\t<dt class='gallery-icon landscape'>\n\t\t\t\t<a href='https:\/\/franciscanos.org.br\/noticias\/wp-content\/uploads\/2020\/01\/prof-32.jpg'><img width=\"300\" height=\"300\" src=\"https:\/\/franciscanos.org.br\/noticias\/wp-content\/uploads\/2020\/01\/prof-32-300x300.jpg\" class=\"attachment-thumbnail size-thumbnail\" alt=\"\" loading=\"lazy\" srcset=\"https:\/\/franciscanos.org.br\/noticias\/wp-content\/uploads\/2020\/01\/prof-32-300x300.jpg 300w, https:\/\/franciscanos.org.br\/noticias\/wp-content\/uploads\/2020\/01\/prof-32-100x100.jpg 100w, https:\/\/franciscanos.org.br\/noticias\/wp-content\/uploads\/2020\/01\/prof-32-400x400.jpg 400w\" sizes=\"(max-width: 300px) 100vw, 300px\" \/><\/a>\n\t\t\t<\/dt><\/dl><dl class='gallery-item'>\n\t\t\t<dt class='gallery-icon portrait'>\n\t\t\t\t<a href='https:\/\/franciscanos.org.br\/noticias\/wp-content\/uploads\/2020\/01\/prof-33.jpg'><img width=\"300\" height=\"300\" src=\"https:\/\/franciscanos.org.br\/noticias\/wp-content\/uploads\/2020\/01\/prof-33-300x300.jpg\" class=\"attachment-thumbnail size-thumbnail\" alt=\"\" loading=\"lazy\" srcset=\"https:\/\/franciscanos.org.br\/noticias\/wp-content\/uploads\/2020\/01\/prof-33-300x300.jpg 300w, https:\/\/franciscanos.org.br\/noticias\/wp-content\/uploads\/2020\/01\/prof-33-100x100.jpg 100w, https:\/\/franciscanos.org.br\/noticias\/wp-content\/uploads\/2020\/01\/prof-33-400x400.jpg 400w\" sizes=\"(max-width: 300px) 100vw, 300px\" \/><\/a>\n\t\t\t<\/dt><\/dl><dl class='gallery-item'>\n\t\t\t<dt class='gallery-icon landscape'>\n\t\t\t\t<a href='https:\/\/franciscanos.org.br\/noticias\/wp-content\/uploads\/2020\/01\/prof-34.jpg'><img width=\"300\" height=\"300\" src=\"https:\/\/franciscanos.org.br\/noticias\/wp-content\/uploads\/2020\/01\/prof-34-300x300.jpg\" class=\"attachment-thumbnail size-thumbnail\" alt=\"\" loading=\"lazy\" srcset=\"https:\/\/franciscanos.org.br\/noticias\/wp-content\/uploads\/2020\/01\/prof-34-300x300.jpg 300w, https:\/\/franciscanos.org.br\/noticias\/wp-content\/uploads\/2020\/01\/prof-34-100x100.jpg 100w, https:\/\/franciscanos.org.br\/noticias\/wp-content\/uploads\/2020\/01\/prof-34-400x400.jpg 400w\" sizes=\"(max-width: 300px) 100vw, 300px\" \/><\/a>\n\t\t\t<\/dt><\/dl><dl class='gallery-item'>\n\t\t\t<dt class='gallery-icon landscape'>\n\t\t\t\t<a href='https:\/\/franciscanos.org.br\/noticias\/wp-content\/uploads\/2020\/01\/prof-35.jpg'><img width=\"300\" height=\"300\" src=\"https:\/\/franciscanos.org.br\/noticias\/wp-content\/uploads\/2020\/01\/prof-35-300x300.jpg\" class=\"attachment-thumbnail size-thumbnail\" alt=\"\" loading=\"lazy\" srcset=\"https:\/\/franciscanos.org.br\/noticias\/wp-content\/uploads\/2020\/01\/prof-35-300x300.jpg 300w, https:\/\/franciscanos.org.br\/noticias\/wp-content\/uploads\/2020\/01\/prof-35-100x100.jpg 100w, https:\/\/franciscanos.org.br\/noticias\/wp-content\/uploads\/2020\/01\/prof-35-400x400.jpg 400w\" sizes=\"(max-width: 300px) 100vw, 300px\" \/><\/a>\n\t\t\t<\/dt><\/dl><dl class='gallery-item'>\n\t\t\t<dt class='gallery-icon landscape'>\n\t\t\t\t<a href='https:\/\/franciscanos.org.br\/noticias\/wp-content\/uploads\/2020\/01\/prof-36.jpg'><img width=\"300\" height=\"300\" src=\"https:\/\/franciscanos.org.br\/noticias\/wp-content\/uploads\/2020\/01\/prof-36-300x300.jpg\" class=\"attachment-thumbnail size-thumbnail\" alt=\"\" loading=\"lazy\" srcset=\"https:\/\/franciscanos.org.br\/noticias\/wp-content\/uploads\/2020\/01\/prof-36-300x300.jpg 300w, https:\/\/franciscanos.org.br\/noticias\/wp-content\/uploads\/2020\/01\/prof-36-100x100.jpg 100w, https:\/\/franciscanos.org.br\/noticias\/wp-content\/uploads\/2020\/01\/prof-36-400x400.jpg 400w\" sizes=\"(max-width: 300px) 100vw, 300px\" \/><\/a>\n\t\t\t<\/dt><\/dl><br style=\"clear: both\" \/><dl class='gallery-item'>\n\t\t\t<dt class='gallery-icon landscape'>\n\t\t\t\t<a href='https:\/\/franciscanos.org.br\/noticias\/wp-content\/uploads\/2020\/01\/prof-37.jpg'><img width=\"300\" height=\"300\" src=\"https:\/\/franciscanos.org.br\/noticias\/wp-content\/uploads\/2020\/01\/prof-37-300x300.jpg\" class=\"attachment-thumbnail size-thumbnail\" alt=\"\" loading=\"lazy\" srcset=\"https:\/\/franciscanos.org.br\/noticias\/wp-content\/uploads\/2020\/01\/prof-37-300x300.jpg 300w, https:\/\/franciscanos.org.br\/noticias\/wp-content\/uploads\/2020\/01\/prof-37-100x100.jpg 100w, https:\/\/franciscanos.org.br\/noticias\/wp-content\/uploads\/2020\/01\/prof-37-400x400.jpg 400w\" sizes=\"(max-width: 300px) 100vw, 300px\" \/><\/a>\n\t\t\t<\/dt><\/dl><dl class='gallery-item'>\n\t\t\t<dt class='gallery-icon landscape'>\n\t\t\t\t<a href='https:\/\/franciscanos.org.br\/noticias\/wp-content\/uploads\/2020\/01\/prof-39.jpg'><img width=\"300\" height=\"300\" src=\"https:\/\/franciscanos.org.br\/noticias\/wp-content\/uploads\/2020\/01\/prof-39-300x300.jpg\" class=\"attachment-thumbnail size-thumbnail\" alt=\"\" loading=\"lazy\" srcset=\"https:\/\/franciscanos.org.br\/noticias\/wp-content\/uploads\/2020\/01\/prof-39-300x300.jpg 300w, https:\/\/franciscanos.org.br\/noticias\/wp-content\/uploads\/2020\/01\/prof-39-100x100.jpg 100w, https:\/\/franciscanos.org.br\/noticias\/wp-content\/uploads\/2020\/01\/prof-39-400x400.jpg 400w\" sizes=\"(max-width: 300px) 100vw, 300px\" \/><\/a>\n\t\t\t<\/dt><\/dl><dl class='gallery-item'>\n\t\t\t<dt class='gallery-icon landscape'>\n\t\t\t\t<a href='https:\/\/franciscanos.org.br\/noticias\/wp-content\/uploads\/2020\/01\/prof-40.jpg'><img width=\"300\" height=\"300\" src=\"https:\/\/franciscanos.org.br\/noticias\/wp-content\/uploads\/2020\/01\/prof-40-300x300.jpg\" class=\"attachment-thumbnail size-thumbnail\" alt=\"\" loading=\"lazy\" srcset=\"https:\/\/franciscanos.org.br\/noticias\/wp-content\/uploads\/2020\/01\/prof-40-300x300.jpg 300w, https:\/\/franciscanos.org.br\/noticias\/wp-content\/uploads\/2020\/01\/prof-40-100x100.jpg 100w, https:\/\/franciscanos.org.br\/noticias\/wp-content\/uploads\/2020\/01\/prof-40-400x400.jpg 400w\" sizes=\"(max-width: 300px) 100vw, 300px\" \/><\/a>\n\t\t\t<\/dt><\/dl><dl class='gallery-item'>\n\t\t\t<dt class='gallery-icon landscape'>\n\t\t\t\t<a href='https:\/\/franciscanos.org.br\/noticias\/wp-content\/uploads\/2020\/01\/prof-41.jpg'><img width=\"300\" height=\"300\" src=\"https:\/\/franciscanos.org.br\/noticias\/wp-content\/uploads\/2020\/01\/prof-41-300x300.jpg\" class=\"attachment-thumbnail size-thumbnail\" alt=\"\" loading=\"lazy\" srcset=\"https:\/\/franciscanos.org.br\/noticias\/wp-content\/uploads\/2020\/01\/prof-41-300x300.jpg 300w, https:\/\/franciscanos.org.br\/noticias\/wp-content\/uploads\/2020\/01\/prof-41-100x100.jpg 100w, https:\/\/franciscanos.org.br\/noticias\/wp-content\/uploads\/2020\/01\/prof-41-400x400.jpg 400w\" sizes=\"(max-width: 300px) 100vw, 300px\" \/><\/a>\n\t\t\t<\/dt><\/dl><dl class='gallery-item'>\n\t\t\t<dt class='gallery-icon portrait'>\n\t\t\t\t<a href='https:\/\/franciscanos.org.br\/noticias\/wp-content\/uploads\/2020\/01\/prof-42.jpg'><img width=\"300\" height=\"300\" src=\"https:\/\/franciscanos.org.br\/noticias\/wp-content\/uploads\/2020\/01\/prof-42-300x300.jpg\" class=\"attachment-thumbnail size-thumbnail\" alt=\"\" loading=\"lazy\" srcset=\"https:\/\/franciscanos.org.br\/noticias\/wp-content\/uploads\/2020\/01\/prof-42-300x300.jpg 300w, https:\/\/franciscanos.org.br\/noticias\/wp-content\/uploads\/2020\/01\/prof-42-100x100.jpg 100w, https:\/\/franciscanos.org.br\/noticias\/wp-content\/uploads\/2020\/01\/prof-42-400x400.jpg 400w\" sizes=\"(max-width: 300px) 100vw, 300px\" \/><\/a>\n\t\t\t<\/dt><\/dl><br style=\"clear: both\" \/>\n\t\t<\/div>\n\n<p><em>Comunica\u00e7\u00e3o da Prov\u00edncia da Imaculada Concei\u00e7\u00e3o<\/em><\/p>\n","protected":false},"excerpt":{"rendered":"<p>Primeira Profiss\u00e3o dos Novi\u00e7os em Rodeio<\/p>\n","protected":false},"author":3,"featured_media":215404,"comment_status":"open","ping_status":"open","sticky":false,"template":"","format":"standard","meta":[],"categories":[1],"tags":[334],"acf":[],"yoast_head":"<!-- This site is optimized with the Yoast SEO plugin v19.2 - https:\/\/yoast.com\/wordpress\/plugins\/seo\/ -->\n<title>Frei C\u00e9sar indica caminho para seguir os passos de Cristo: Mais humildade, fundada na f\u00e9 e no amor - Not\u00edcias - Franciscanos<\/title>\n<meta name=\"robots\" content=\"index, follow, max-snippet:-1, max-image-preview:large, max-video-preview:-1\" \/>\n<link rel=\"canonical\" href=\"https:\/\/franciscanos.org.br\/noticias\/frei-cesar-indica-caminho-para-seguir-os-passos-de-cristo-mais-humildade-fundada-na-fe-e-no-amor.html\" \/>\n<meta property=\"og:locale\" content=\"pt_BR\" \/>\n<meta property=\"og:type\" content=\"article\" \/>\n<meta property=\"og:title\" content=\"Frei C\u00e9sar indica caminho para seguir os passos de Cristo: Mais humildade, fundada na f\u00e9 e no amor - Not\u00edcias - Franciscanos\" \/>\n<meta property=\"og:description\" content=\"Primeira Profiss\u00e3o dos Novi\u00e7os em Rodeio\" \/>\n<meta property=\"og:url\" content=\"https:\/\/franciscanos.org.br\/noticias\/frei-cesar-indica-caminho-para-seguir-os-passos-de-cristo-mais-humildade-fundada-na-fe-e-no-amor.html\" \/>\n<meta property=\"og:site_name\" content=\"Not\u00edcias - Franciscanos\" \/>\n<meta property=\"article:published_time\" content=\"2020-01-07T01:27:44+00:00\" \/>\n<meta property=\"article:modified_time\" content=\"2023-01-10T11:49:49+00:00\" \/>\n<meta property=\"og:image\" content=\"https:\/\/franciscanos.org.br\/noticias\/wp-content\/uploads\/2020\/01\/primeira_0601_10d.jpg\" \/>\n\t<meta property=\"og:image:width\" content=\"273\" \/>\n\t<meta property=\"og:image:height\" content=\"181\" \/>\n\t<meta property=\"og:image:type\" content=\"image\/jpeg\" \/>\n<meta name=\"author\" content=\"moacir\" \/>\n<meta name=\"twitter:card\" content=\"summary_large_image\" \/>\n<meta name=\"twitter:label1\" content=\"Escrito por\" \/>\n\t<meta name=\"twitter:data1\" content=\"moacir\" \/>\n\t<meta name=\"twitter:label2\" content=\"Est. tempo de leitura\" \/>\n\t<meta name=\"twitter:data2\" content=\"6 minutos\" \/>\n<script type=\"application\/ld+json\" class=\"yoast-schema-graph\">{\"@context\":\"https:\/\/schema.org\",\"@graph\":[{\"@type\":\"WebSite\",\"@id\":\"https:\/\/franciscanos.org.br\/noticias\/#website\",\"url\":\"https:\/\/franciscanos.org.br\/noticias\/\",\"name\":\"Not\u00edcias - Franciscanos\",\"description\":\"Prov\u00edncia Franciscana da Imaculada Concei\u00e7\u00e3o do Brasil - Ordem dos Frades Menores - OFM\",\"potentialAction\":[{\"@type\":\"SearchAction\",\"target\":{\"@type\":\"EntryPoint\",\"urlTemplate\":\"https:\/\/franciscanos.org.br\/noticias\/?s={search_term_string}\"},\"query-input\":\"required name=search_term_string\"}],\"inLanguage\":\"pt-BR\"},{\"@type\":\"ImageObject\",\"inLanguage\":\"pt-BR\",\"@id\":\"https:\/\/franciscanos.org.br\/noticias\/frei-cesar-indica-caminho-para-seguir-os-passos-de-cristo-mais-humildade-fundada-na-fe-e-no-amor.html#primaryimage\",\"url\":\"https:\/\/franciscanos.org.br\/noticias\/wp-content\/uploads\/2020\/01\/primeira_0601_10d.jpg\",\"contentUrl\":\"https:\/\/franciscanos.org.br\/noticias\/wp-content\/uploads\/2020\/01\/primeira_0601_10d.jpg\",\"width\":273,\"height\":181},{\"@type\":\"WebPage\",\"@id\":\"https:\/\/franciscanos.org.br\/noticias\/frei-cesar-indica-caminho-para-seguir-os-passos-de-cristo-mais-humildade-fundada-na-fe-e-no-amor.html#webpage\",\"url\":\"https:\/\/franciscanos.org.br\/noticias\/frei-cesar-indica-caminho-para-seguir-os-passos-de-cristo-mais-humildade-fundada-na-fe-e-no-amor.html\",\"name\":\"Frei C\u00e9sar indica caminho para seguir os passos de Cristo: Mais humildade, fundada na f\u00e9 e no amor - Not\u00edcias - Franciscanos\",\"isPartOf\":{\"@id\":\"https:\/\/franciscanos.org.br\/noticias\/#website\"},\"primaryImageOfPage\":{\"@id\":\"https:\/\/franciscanos.org.br\/noticias\/frei-cesar-indica-caminho-para-seguir-os-passos-de-cristo-mais-humildade-fundada-na-fe-e-no-amor.html#primaryimage\"},\"datePublished\":\"2020-01-07T01:27:44+00:00\",\"dateModified\":\"2023-01-10T11:49:49+00:00\",\"author\":{\"@id\":\"https:\/\/franciscanos.org.br\/noticias\/#\/schema\/person\/b5c8cba458c330ccff548b056e95a5d4\"},\"breadcrumb\":{\"@id\":\"https:\/\/franciscanos.org.br\/noticias\/frei-cesar-indica-caminho-para-seguir-os-passos-de-cristo-mais-humildade-fundada-na-fe-e-no-amor.html#breadcrumb\"},\"inLanguage\":\"pt-BR\",\"potentialAction\":[{\"@type\":\"ReadAction\",\"target\":[\"https:\/\/franciscanos.org.br\/noticias\/frei-cesar-indica-caminho-para-seguir-os-passos-de-cristo-mais-humildade-fundada-na-fe-e-no-amor.html\"]}]},{\"@type\":\"BreadcrumbList\",\"@id\":\"https:\/\/franciscanos.org.br\/noticias\/frei-cesar-indica-caminho-para-seguir-os-passos-de-cristo-mais-humildade-fundada-na-fe-e-no-amor.html#breadcrumb\",\"itemListElement\":[{\"@type\":\"ListItem\",\"position\":1,\"name\":\"Home\",\"item\":\"https:\/\/franciscanos.org.br\/noticias\"},{\"@type\":\"ListItem\",\"position\":2,\"name\":\"Frei C\u00e9sar indica caminho para seguir os passos de Cristo: Mais humildade, fundada na f\u00e9 e no amor\"}]},{\"@type\":\"Person\",\"@id\":\"https:\/\/franciscanos.org.br\/noticias\/#\/schema\/person\/b5c8cba458c330ccff548b056e95a5d4\",\"name\":\"moacir\",\"image\":{\"@type\":\"ImageObject\",\"inLanguage\":\"pt-BR\",\"@id\":\"https:\/\/franciscanos.org.br\/noticias\/#\/schema\/person\/image\/\",\"url\":\"https:\/\/secure.gravatar.com\/avatar\/d08aa2ce4c8dd416d4479aa8536fcf64?s=96&d=mm&r=g\",\"contentUrl\":\"https:\/\/secure.gravatar.com\/avatar\/d08aa2ce4c8dd416d4479aa8536fcf64?s=96&d=mm&r=g\",\"caption\":\"moacir\"},\"url\":\"https:\/\/franciscanos.org.br\/noticias\/author\/moacir\"}]}<\/script>\n<!-- \/ Yoast SEO plugin. -->","yoast_head_json":{"title":"Frei C\u00e9sar indica caminho para seguir os passos de Cristo: Mais humildade, fundada na f\u00e9 e no amor - Not\u00edcias - Franciscanos","robots":{"index":"index","follow":"follow","max-snippet":"max-snippet:-1","max-image-preview":"max-image-preview:large","max-video-preview":"max-video-preview:-1"},"canonical":"https:\/\/franciscanos.org.br\/noticias\/frei-cesar-indica-caminho-para-seguir-os-passos-de-cristo-mais-humildade-fundada-na-fe-e-no-amor.html","og_locale":"pt_BR","og_type":"article","og_title":"Frei C\u00e9sar indica caminho para seguir os passos de Cristo: Mais humildade, fundada na f\u00e9 e no amor - Not\u00edcias - Franciscanos","og_description":"Primeira Profiss\u00e3o dos Novi\u00e7os em Rodeio","og_url":"https:\/\/franciscanos.org.br\/noticias\/frei-cesar-indica-caminho-para-seguir-os-passos-de-cristo-mais-humildade-fundada-na-fe-e-no-amor.html","og_site_name":"Not\u00edcias - Franciscanos","article_published_time":"2020-01-07T01:27:44+00:00","article_modified_time":"2023-01-10T11:49:49+00:00","og_image":[{"width":273,"height":181,"url":"https:\/\/franciscanos.org.br\/noticias\/wp-content\/uploads\/2020\/01\/primeira_0601_10d.jpg","type":"image\/jpeg"}],"author":"moacir","twitter_card":"summary_large_image","twitter_misc":{"Escrito por":"moacir","Est. tempo de leitura":"6 minutos"},"schema":{"@context":"https:\/\/schema.org","@graph":[{"@type":"WebSite","@id":"https:\/\/franciscanos.org.br\/noticias\/#website","url":"https:\/\/franciscanos.org.br\/noticias\/","name":"Not\u00edcias - Franciscanos","description":"Prov\u00edncia Franciscana da Imaculada Concei\u00e7\u00e3o do Brasil - Ordem dos Frades Menores - OFM","potentialAction":[{"@type":"SearchAction","target":{"@type":"EntryPoint","urlTemplate":"https:\/\/franciscanos.org.br\/noticias\/?s={search_term_string}"},"query-input":"required name=search_term_string"}],"inLanguage":"pt-BR"},{"@type":"ImageObject","inLanguage":"pt-BR","@id":"https:\/\/franciscanos.org.br\/noticias\/frei-cesar-indica-caminho-para-seguir-os-passos-de-cristo-mais-humildade-fundada-na-fe-e-no-amor.html#primaryimage","url":"https:\/\/franciscanos.org.br\/noticias\/wp-content\/uploads\/2020\/01\/primeira_0601_10d.jpg","contentUrl":"https:\/\/franciscanos.org.br\/noticias\/wp-content\/uploads\/2020\/01\/primeira_0601_10d.jpg","width":273,"height":181},{"@type":"WebPage","@id":"https:\/\/franciscanos.org.br\/noticias\/frei-cesar-indica-caminho-para-seguir-os-passos-de-cristo-mais-humildade-fundada-na-fe-e-no-amor.html#webpage","url":"https:\/\/franciscanos.org.br\/noticias\/frei-cesar-indica-caminho-para-seguir-os-passos-de-cristo-mais-humildade-fundada-na-fe-e-no-amor.html","name":"Frei C\u00e9sar indica caminho para seguir os passos de Cristo: Mais humildade, fundada na f\u00e9 e no amor - Not\u00edcias - Franciscanos","isPartOf":{"@id":"https:\/\/franciscanos.org.br\/noticias\/#website"},"primaryImageOfPage":{"@id":"https:\/\/franciscanos.org.br\/noticias\/frei-cesar-indica-caminho-para-seguir-os-passos-de-cristo-mais-humildade-fundada-na-fe-e-no-amor.html#primaryimage"},"datePublished":"2020-01-07T01:27:44+00:00","dateModified":"2023-01-10T11:49:49+00:00","author":{"@id":"https:\/\/franciscanos.org.br\/noticias\/#\/schema\/person\/b5c8cba458c330ccff548b056e95a5d4"},"breadcrumb":{"@id":"https:\/\/franciscanos.org.br\/noticias\/frei-cesar-indica-caminho-para-seguir-os-passos-de-cristo-mais-humildade-fundada-na-fe-e-no-amor.html#breadcrumb"},"inLanguage":"pt-BR","potentialAction":[{"@type":"ReadAction","target":["https:\/\/franciscanos.org.br\/noticias\/frei-cesar-indica-caminho-para-seguir-os-passos-de-cristo-mais-humildade-fundada-na-fe-e-no-amor.html"]}]},{"@type":"BreadcrumbList","@id":"https:\/\/franciscanos.org.br\/noticias\/frei-cesar-indica-caminho-para-seguir-os-passos-de-cristo-mais-humildade-fundada-na-fe-e-no-amor.html#breadcrumb","itemListElement":[{"@type":"ListItem","position":1,"name":"Home","item":"https:\/\/franciscanos.org.br\/noticias"},{"@type":"ListItem","position":2,"name":"Frei C\u00e9sar indica caminho para seguir os passos de Cristo: Mais humildade, fundada na f\u00e9 e no amor"}]},{"@type":"Person","@id":"https:\/\/franciscanos.org.br\/noticias\/#\/schema\/person\/b5c8cba458c330ccff548b056e95a5d4","name":"moacir","image":{"@type":"ImageObject","inLanguage":"pt-BR","@id":"https:\/\/franciscanos.org.br\/noticias\/#\/schema\/person\/image\/","url":"https:\/\/secure.gravatar.com\/avatar\/d08aa2ce4c8dd416d4479aa8536fcf64?s=96&d=mm&r=g","contentUrl":"https:\/\/secure.gravatar.com\/avatar\/d08aa2ce4c8dd416d4479aa8536fcf64?s=96&d=mm&r=g","caption":"moacir"},"url":"https:\/\/franciscanos.org.br\/noticias\/author\/moacir"}]}},"_links":{"self":[{"href":"https:\/\/franciscanos.org.br\/noticias\/wp-json\/wp\/v2\/posts\/215402"}],"collection":[{"href":"https:\/\/franciscanos.org.br\/noticias\/wp-json\/wp\/v2\/posts"}],"about":[{"href":"https:\/\/franciscanos.org.br\/noticias\/wp-json\/wp\/v2\/types\/post"}],"author":[{"embeddable":true,"href":"https:\/\/franciscanos.org.br\/noticias\/wp-json\/wp\/v2\/users\/3"}],"replies":[{"embeddable":true,"href":"https:\/\/franciscanos.org.br\/noticias\/wp-json\/wp\/v2\/comments?post=215402"}],"version-history":[{"count":2,"href":"https:\/\/franciscanos.org.br\/noticias\/wp-json\/wp\/v2\/posts\/215402\/revisions"}],"predecessor-version":[{"id":241634,"href":"https:\/\/franciscanos.org.br\/noticias\/wp-json\/wp\/v2\/posts\/215402\/revisions\/241634"}],"wp:featuredmedia":[{"embeddable":true,"href":"https:\/\/franciscanos.org.br\/noticias\/wp-json\/wp\/v2\/media\/215404"}],"wp:attachment":[{"href":"https:\/\/franciscanos.org.br\/noticias\/wp-json\/wp\/v2\/media?parent=215402"}],"wp:term":[{"taxonomy":"category","embeddable":true,"href":"https:\/\/franciscanos.org.br\/noticias\/wp-json\/wp\/v2\/categories?post=215402"},{"taxonomy":"post_tag","embeddable":true,"href":"https:\/\/franciscanos.org.br\/noticias\/wp-json\/wp\/v2\/tags?post=215402"}],"curies":[{"name":"wp","href":"https:\/\/api.w.org\/{rel}","templated":true}]}}