{"id":215300,"date":"2020-01-01T07:46:34","date_gmt":"2020-01-01T10:46:34","guid":{"rendered":"https:\/\/franciscanos.org.br\/noticias\/?p=215300"},"modified":"2020-06-06T08:38:29","modified_gmt":"2020-06-06T11:38:29","slug":"papa-a-igreja-tem-um-coracao-de-mae","status":"publish","type":"post","link":"https:\/\/franciscanos.org.br\/noticias\/papa-a-igreja-tem-um-coracao-de-mae.html","title":{"rendered":"Papa: a Igreja tem um cora\u00e7\u00e3o de m\u00e3e"},"content":{"rendered":"<p><img loading=\"lazy\" class=\"alignnone size-full wp-image-215301\" src=\"https:\/\/franciscanos.org.br\/noticias\/wp-content\/uploads\/2020\/01\/mae_0101.jpg\" alt=\"\" width=\"890\" height=\"501\" srcset=\"https:\/\/franciscanos.org.br\/noticias\/wp-content\/uploads\/2020\/01\/mae_0101.jpg 890w, https:\/\/franciscanos.org.br\/noticias\/wp-content\/uploads\/2020\/01\/mae_0101-450x253.jpg 450w, https:\/\/franciscanos.org.br\/noticias\/wp-content\/uploads\/2020\/01\/mae_0101-768x432.jpg 768w, https:\/\/franciscanos.org.br\/noticias\/wp-content\/uploads\/2020\/01\/mae_0101-150x84.jpg 150w\" sizes=\"(max-width: 890px) 100vw, 890px\" \/><\/p>\n<p><strong>Cidade do Vaticano<\/strong> &#8211; O Papa Francisco presidiu nesta manh\u00e3 de 1\u00b0 de Janeiro, Dia Mundial da Paz, na Bas\u00edlica Vaticana, a celebra\u00e7\u00e3o Eucar\u00edstica da Solenidade da Santa M\u00e3e de Deus. Participaram da Santa Missa, in\u00fameros Cardeais, Arcebispos, Bispos, sacerdotes e uma multid\u00e3o de fi\u00e9is, peregrinos, e turistas, provenientes da It\u00e1lia e de diversos pa\u00edses do mundo, que superlotaram a Bas\u00edlica Vaticana.<\/p>\n<p>Veja na \u00edntegra da homilia do Papa:<\/p>\n<p>\u00abQuando chegou a plenitude do tempo, Deus enviou o seu Filho, nascido de uma mulher\u00bb (Gal 4, 4). Nascido de uma mulher: assim veio Jesus. N\u00e3o apareceu adulto no mundo, mas, como disse o Evangelho, foi \u00abconcebido no seio materno\u00bb (Lc 2, 21): aqui, dia ap\u00f3s dia, m\u00eas ap\u00f3s m\u00eas, assumiu a nossa humanidade. No seio duma mulher, Deus e a humanidade uniram-se para nunca mais se deixarem: mesmo agora, no C\u00e9u, Jesus vive na carne que tomou no seio de sua m\u00e3e. Em Deus, h\u00e1 a nossa carne humana!<\/p>\n<p>No primeiro dia do ano, celebramos estas n\u00fapcias entre Deus e o homem, inauguradas no seio de uma mulher. Em Deus, estar\u00e1 para sempre a nossa humanidade, e Maria ser\u00e1 a M\u00e3e de Deus para sempre. \u00c9 mulher e m\u00e3e: isto \u00e9 o essencial. D\u2019Ela, mulher, surgiu a salva\u00e7\u00e3o e, assim, n\u00e3o h\u00e1 salva\u00e7\u00e3o sem a mulher. N\u2019Ela, Deus uniu-Se a n\u00f3s e, se queremos unir-nos a Ele, temos de passar pela mesma estrada: por Maria, mulher e m\u00e3e. Por isso, come\u00e7amos o ano sob o signo de Nossa Senhora, mulher que teceu a humanidade de Deus. Se quisermos tecer de humanidade a trama dos nossos dias, devemos recome\u00e7ar da mulher.<\/p>\n<p><img loading=\"lazy\" class=\"alignnone wp-image-215302 size-full\" src=\"https:\/\/franciscanos.org.br\/noticias\/wp-content\/uploads\/2020\/01\/mae_0101_1.jpg\" alt=\"\" width=\"890\" height=\"501\" srcset=\"https:\/\/franciscanos.org.br\/noticias\/wp-content\/uploads\/2020\/01\/mae_0101_1.jpg 890w, https:\/\/franciscanos.org.br\/noticias\/wp-content\/uploads\/2020\/01\/mae_0101_1-450x253.jpg 450w, https:\/\/franciscanos.org.br\/noticias\/wp-content\/uploads\/2020\/01\/mae_0101_1-768x432.jpg 768w, https:\/\/franciscanos.org.br\/noticias\/wp-content\/uploads\/2020\/01\/mae_0101_1-150x84.jpg 150w\" sizes=\"(max-width: 890px) 100vw, 890px\" \/><\/p>\n<p>Nascido de uma mulher. O renascimento da humanidade come\u00e7ou pela mulher. As mulheres s\u00e3o fontes de vida; e, no entanto, s\u00e3o continuamente ofendidas, espancadas, violentadas, induzidas a prostituir-se e a suprimir a vida que trazem no seio. Toda a viol\u00eancia infligida \u00e0 mulher \u00e9 profana\u00e7\u00e3o de Deus, nascido de uma mulher. A salva\u00e7\u00e3o chegou \u00e0 humanidade, a partir do corpo de uma mulher: pelo modo como tratamos o corpo da mulher, v\u00ea-se o nosso n\u00edvel de humanidade. Quantas vezes o corpo da mulher acaba sacrificado nos altares profanos da publicidade, do lucro, da pornografia, explorado como se usa uma superf\u00edcie qualquer. H\u00e1 que libert\u00e1-lo do consumismo, deve ser respeitado e honrado; \u00e9 a carne mais nobre do mundo: concebeu e deu \u00e0 luz o Amor que nos salvou! Ainda hoje a maternidade \u00e9 humilhada, porque o \u00fanico crescimento que interessa \u00e9 o econ\u00f3mico. H\u00e1 m\u00e3es que, na busca desesperada de dar um futuro melhor ao fruto do seu seio, se arriscam a viagens impratic\u00e1veis e acabam julgadas como n\u00famero excedente por pessoas que t\u00eam a barriga cheia, mas de coisas, e o cora\u00e7\u00e3o vazio de amor.<\/p>\n<p>Nascido de uma mulher. Segundo a narra\u00e7\u00e3o da B\u00edblia, no cume da cria\u00e7\u00e3o surge a mulher, quase como comp\u00eandio de toda a obra criada. De facto, encerra em si mesma a finalidade da pr\u00f3pria cria\u00e7\u00e3o: a gera\u00e7\u00e3o e a conserva\u00e7\u00e3o da vida, a comunh\u00e3o com tudo, a solicitude por tudo. \u00c9 o que faz Nossa Senhora no Evangelho de hoje. \u00abMaria \u2013 diz o texto \u2013 conservava todas estas coisas, ponderando-as no seu cora\u00e7\u00e3o\u00bb (Lc 2, 19). Conservava tudo: a alegria pelo nascimento de Jesus e a tristeza pela hospitalidade negada em Bel\u00e9m; o amor de Jos\u00e9 e a admira\u00e7\u00e3o dos pastores; as promessas e as incertezas quanto ao futuro. Interessava-se por tudo e, no seu cora\u00e7\u00e3o, tudo reajustava, incluindo as adversidades. Pois, no seu cora\u00e7\u00e3o, tudo organizava com amor e confiava tudo a Deus.<\/p>\n<p>No Evangelho, esta atividade de Maria reaparece uma segunda vez: na adolesc\u00eancia de Jesus, diz-se que a \u00absua m\u00e3e guardava todas estas coisas no seu cora\u00e7\u00e3o\u00bb (Lc 2, 51). Esta repeti\u00e7\u00e3o faz-nos compreender que o gesto de guardar no cora\u00e7\u00e3o n\u00e3o era simplesmente um ato bom que Nossa Senhora realizava de vez em quando, mas \u00e9 um h\u00e1bito d\u2019Ela. \u00c9 pr\u00f3prio da mulher tomar a peito a vida. A mulher mostra que o sentido da vida n\u00e3o \u00e9 produzir coisas em continua\u00e7\u00e3o, mas tomar a peito as coisas que existem. S\u00f3 v\u00ea bem quem olha com o cora\u00e7\u00e3o, porque sabe \u00abver dentro\u00bb: a pessoa independentemente dos seus erros, o irm\u00e3o independentemente das suas fragilidades, a esperan\u00e7a nas dificuldades, Deus em tudo.<\/p>\n<p>Ao come\u00e7armos um ano novo, interroguemo-nos: \u00abSei olhar as pessoas, com o cora\u00e7\u00e3o? Tenho a peito as pessoas com quem vivo? E sobretudo tenho no centro do cora\u00e7\u00e3o o Senhor?\u00bb Somente se tivermos a peito a vida \u00e9 que saberemos cuidar dela e vencer a indiferen\u00e7a que nos rodeia. Pe\u00e7amos esta gra\u00e7a: viver o ano com o desejo de ter a peito os outros, cuidar dos outros. E se queremos um mundo melhor, que seja casa de paz e n\u00e3o palco de guerra, tenhamos a peito a dignidade de cada mulher. Da mulher, nasceu o Pr\u00edncipe da paz. A mulher \u00e9 doadora e medianeira de paz, e deve ser plenamente associada aos seus processos decisores. Com efeito, quando \u00e9 dada \u00e0s mulheres a possibilidade de transmitir os seus dons, o mundo encontra-se mais unido e mais em paz. Por isso, uma conquista a favor da mulher \u00e9 uma conquista em prol da humanidade inteira.<\/p>\n<p>Nascido de uma mulher. Jesus, logo que nasceu, espelhou-Se nos olhos duma mulher, no rosto de sua M\u00e3e. D\u2019Ela recebeu as primeiras car\u00edcias, com Ela trocou os primeiros sorrisos. Com Ela, inaugurou a revolu\u00e7\u00e3o da ternura; a Igreja, ao contemplar o Menino Jesus, \u00e9 chamada a continu\u00e1-la. Pois tamb\u00e9m ela, como Maria, \u00e9 mulher e m\u00e3e, e encontra em Nossa Senhora os seus tra\u00e7os carater\u00edsticos. V\u00ea-A imaculada e sente-se chamada a dizer \u00abn\u00e3o\u00bb ao pecado e ao mundanismo. V\u00ea-A fecunda e sente-se chamada a anunciar o Senhor, a ger\u00e1-Lo nas in\u00fameras vidas. V\u00ea-A m\u00e3e e sente-se chamada a acolher cada homem como um filho.<\/p>\n<p>Aproximando-se de Maria, a Igreja reencontra-se: encontra o seu centro e a sua unidade. Ao contr\u00e1rio o diabo, inimigo da natureza humana, procura dividi-la, colocando em primeiro plano as diferen\u00e7as, as ideologias, os pensamentos unilaterais e os partidos. Mas n\u00e3o compreenderemos a Igreja, se olharmos para ela a partir das estruturas, programas e tend\u00eancias: entenderemos qualquer coisa dela, mas n\u00e3o o cora\u00e7\u00e3o. Porque a Igreja tem um cora\u00e7\u00e3o de m\u00e3e. E n\u00f3s, filhos, invocamos hoje a M\u00e3e de Deus, que nos re\u00fane como povo crente. \u00d3 M\u00e3e, gerai em n\u00f3s a esperan\u00e7a, trazei-nos a unidade. Mulher da salva\u00e7\u00e3o, confiamo-Vos este ano, guardai-o no vosso cora\u00e7\u00e3o. N\u00f3s Vos aclamamos: Santa M\u00e3e de Deus, Santa M\u00e3e de Deus, Santa M\u00e3e de Deus!<\/p>\n<hr \/>\n<h3>ANGELUS<\/h3>\n<p>A vida \u00e9 sempre um \u201cmilagre\u201d com o qual maravilhar-se e pelo qual agradecer, e \u201choje iniciamos 2020 com a mesma atitude de gratid\u00e3o e de louvor\u201d que tivemos no encerramento do ano de 2019, disse o Papa no primeiro Angelus de 2020, ap\u00f3s ter presidido a Celebra\u00e7\u00e3o Eucar\u00edstica na Bas\u00edlica de S\u00e3o Pedro, na Solenidade de Maria Sant\u00edssima, M\u00e3e de Deus. Francisco nos convidou a descermos dos pedestais de nosso orgulho e a deixarmo-nos aben\u00e7oar pela Santa M\u00e3e de Deus, a humilde M\u00e3e de Deus, que nos mostra Jesus: \u201cabramos o cora\u00e7\u00e3o \u00e0 sua bondade!\u201d.<\/p>\n<p>No primeiro dia do ano, a Liturgia celebra a Santa M\u00e3e de Deus, Maria, a Virgem de Nazar\u00e9, que deu \u00e0 luz Jesus, o Salvador.<\/p>\n<p><strong>Salva\u00e7\u00e3o de Jesus n\u00e3o \u00e9 m\u00e1gica, mas &#8220;paciente&#8221;<\/strong><\/p>\n<p>O Menino nascido da Virgem de Nazar\u00e9 \u201c\u00e9 a B\u00ean\u00e7\u00e3o de Deus para todo homem e mulher, para a grande fam\u00edlia humana e para o mundo inteiro. Jesus n\u00e3o tirou o mal do mundo, mas o derrotou na raiz\u201d. E explica: Sua salva\u00e7\u00e3o n\u00e3o \u00e9 m\u00e1gica, mas \u00e9 uma salva\u00e7\u00e3o &#8220;paciente&#8221;, isto \u00e9, comporta a paci\u00eancia do amor, que assume a iniquidade e lhe tira o poder. A paci\u00eancia do amor: o amor nos torna pacientes. Tantas vezes perdemos a paci\u00eancia; tamb\u00e9m eu, e pe\u00e7o desculpas pelo mal exemplo de ontem. Por esse motivo, contemplando o Pres\u00e9pio vemos, com os olhos da f\u00e9, o mundo renovado, livre do dom\u00ednio do mal e colocado sob o senhorio real de Cristo, o Menino deitado na manjedoura.<\/p>\n<p>A refer\u00eancia do Papa Francisco e suas palavras de desculpas dizem respeito ao epis\u00f3dio da noite passada, durante a visita ao Pres\u00e9pio na Pra\u00e7a de S\u00e3o Pedro, depois da celebra\u00e7\u00e3o das V\u00e9speras. Ao saudar os fi\u00e9is, uma mulher o puxou, causando uma forte dor no bra\u00e7o, ao qual o Papa reagiu com um gesto impaciente, para se livrar das m\u00e3os desta pessoa.<\/p>\n<p><strong>S\u00e3o Paulo VI e o primeiro dia do ano dedicado \u00e0 paz<\/strong><\/p>\n<p>Jesus \u00e9 &#8220;alegria para todo o povo&#8221;, \u00e9 a gl\u00f3ria de Deus e a paz para os homens, por esse motivo \u2013 recordou Francisco &#8211; o Santo Papa Paulo VI quis dedicar o primeiro dia do ano \u00e0 paz: a ora\u00e7\u00e3o, a tomada de consci\u00eancia e de responsabilidade pela paz.<\/p>\n<p>\u201cPara este ano de 2020 a mensagem \u00e9 a esta: a paz \u00e9 um caminho de esperan\u00e7a, um caminho no qual se avan\u00e7a por meio do di\u00e1logo, da reconcilia\u00e7\u00e3o e da convers\u00e3o ecol\u00f3gica.\u201d<\/p>\n<p>Neste sentido, o convite para fixarmos nosso olhar na M\u00e3e e no Filho que ela nos mostra, deixando-nos aben\u00e7oar no in\u00edcio do novo ano: Jesus liberta com amor, abre a porta da fraternidade, reabre horizonte de esperan\u00e7a<\/p>\n<p>Jesus \u00e9 a b\u00ean\u00e7\u00e3o para aqueles que s\u00e3o oprimidos pelo jugo das escravid\u00f5es, escravid\u00f5es morais e escravid\u00f5es materiais. Ele liberta com amor. Para aqueles que perderam a autoestima, permanecendo prisioneiros de v\u00edcios, Jesus diz: o Pai te ama, n\u00e3o te abandona, espera com paci\u00eancia inabal\u00e1vel teu retorno.<\/p>\n<p>Para quem \u00e9 v\u00edtima de injusti\u00e7a e explora\u00e7\u00e3o e n\u00e3o v\u00ea a sa\u00edda \u2013 disse o Papa &#8211; \u201cJesus abre a porta da fraternidade, onde encontrar rostos, cora\u00e7\u00f5es e m\u00e3os acolhedoras, onde compartilhar a amargura e o desespero e recuperar um pouco da dignidade.\u201d<\/p>\n<p>Para aqueles que est\u00e3o gravemente enfermos e se sentem abandonados e desanimados, Jesus se faz pr\u00f3ximo, toca as chagas com ternura, derrama o \u00f3leo da consola\u00e7\u00e3o e transforma a fraqueza em for\u00e7a do bem para desfazer os n\u00f3s mais dif\u00edceis.<\/p>\n<p>Para quem est\u00e1 encarcerado e \u00e9 tentado a se se fechar em si mesmo, Jesus reabre um horizonte de esperan\u00e7a, come\u00e7ando por um pequeno vislumbre de luz.<\/p>\n<p><strong>Deixar-se aben\u00e7oar, para ter um caminho de paz e esperan\u00e7a<\/strong><\/p>\n<p>Ao concluir sua alocu\u00e7\u00e3o, o convite para descermos dos pedestais de nosso orgulho &#8211; todos n\u00f3s temos a tenta\u00e7\u00e3o do orgulho &#8211; e pedir a b\u00ean\u00e7\u00e3o da Santa M\u00e3e de Deus, a humilde M\u00e3e de Deus: Ela nos mostra Jesus: deixemo-nos aben\u00e7oar, abramos o cora\u00e7\u00e3o \u00e0 sua bondade. Assim, o ano que come\u00e7a ser\u00e1 um caminho de esperan\u00e7a e paz, n\u00e3o com palavras, mas atrav\u00e9s de gestos di\u00e1rios de di\u00e1logo, de reconcilia\u00e7\u00e3o e cuidado para com a cria\u00e7\u00e3o.<\/p>\n<p>Ap\u00f3s rezar o Angelus, o Papa Francisco saudou os presentes na Pra\u00e7a S\u00e3o Pedro e aqueles que acompanhavam pelos meios de comunica\u00e7\u00e3o, fazendo votos de paz e de bem no novo ano.<\/p>\n<p>Gratid\u00e3o e encorajamento \u00e0s iniciativas de paz<\/p>\n<p>O Pont\u00edfice agradeceu as felicita\u00e7\u00f5es do presidente da Rep\u00fablica italiana, S\u00e9rgio Mattarella, e saudou em particular os participantes da manifesta\u00e7\u00e3o &#8220;Paz em todas as terras&#8221;, organizada pela Comunidade de Santo Eg\u00eddio em Roma e em muitas cidades do mundo. \u201cEles tamb\u00e9m t\u00eam uma escola para a paz. Em frente!\u201d, foi sua exorta\u00e7\u00e3o, antes de agradecer por outras iniciativas de paz:<\/p>\n<p>Estendo minha sauda\u00e7\u00e3o e meu encorajamento a todas as iniciativas pela paz que as Igrejas particulares, as associa\u00e7\u00f5es e os movimentos eclesiais promoveram neste Dia da Paz: encontros de ora\u00e7\u00e3o e de fraternidade, acompanhados pela solidariedade com os mais pobres. Em particular recordo da marcha que se realizou na tarde de ontem em Ravena. Meu pensamento vai tamb\u00e9m aos tantos volunt\u00e1rios que, nos lugares onde a paz e a justi\u00e7a est\u00e3o amea\u00e7ados, escolhem com coragem estar presentes de forma n\u00e3o-violenta e desarmada; assim como aos militares que atuam nas miss\u00f5es de paz em muitas \u00e1reas de conflito. Muito obrigado a eles!<\/p>\n<p>\u201cA todos, crentes e n\u00e3o crentes \u2013 porque somos todos irm\u00e3os &#8211; fa\u00e7o votos que nunca deixem de esperar que um mundo de paz, a ser constru\u00eddo juntos dia ap\u00f3s dia.\u201d<\/p>\n<hr \/>\n<p><em>Fonte: Vatican News<\/em><\/p>\n","protected":false},"excerpt":{"rendered":"<p>Solenidade da M\u00e3e de Deus &#8211; 1\u00ba de Janeiro<\/p>\n","protected":false},"author":3,"featured_media":215303,"comment_status":"open","ping_status":"open","sticky":false,"template":"","format":"standard","meta":[],"categories":[1428],"tags":[1573],"acf":[],"yoast_head":"<!-- This site is optimized with the Yoast SEO plugin v19.2 - https:\/\/yoast.com\/wordpress\/plugins\/seo\/ -->\n<title>Papa: a Igreja tem um cora\u00e7\u00e3o de m\u00e3e - Not\u00edcias - Franciscanos<\/title>\n<meta name=\"robots\" content=\"index, follow, max-snippet:-1, max-image-preview:large, max-video-preview:-1\" \/>\n<link rel=\"canonical\" href=\"https:\/\/franciscanos.org.br\/noticias\/papa-a-igreja-tem-um-coracao-de-mae.html\" \/>\n<meta property=\"og:locale\" content=\"pt_BR\" \/>\n<meta property=\"og:type\" content=\"article\" \/>\n<meta property=\"og:title\" content=\"Papa: a Igreja tem um cora\u00e7\u00e3o de m\u00e3e - Not\u00edcias - Franciscanos\" \/>\n<meta property=\"og:description\" content=\"Solenidade da M\u00e3e de Deus - 1\u00ba de Janeiro\" \/>\n<meta property=\"og:url\" content=\"https:\/\/franciscanos.org.br\/noticias\/papa-a-igreja-tem-um-coracao-de-mae.html\" \/>\n<meta property=\"og:site_name\" content=\"Not\u00edcias - Franciscanos\" \/>\n<meta property=\"article:published_time\" content=\"2020-01-01T10:46:34+00:00\" \/>\n<meta property=\"article:modified_time\" content=\"2020-06-06T11:38:29+00:00\" \/>\n<meta property=\"og:image\" content=\"https:\/\/franciscanos.org.br\/noticias\/wp-content\/uploads\/2020\/01\/mae_0101d.jpg\" \/>\n\t<meta property=\"og:image:width\" content=\"273\" \/>\n\t<meta property=\"og:image:height\" content=\"181\" \/>\n\t<meta property=\"og:image:type\" content=\"image\/jpeg\" \/>\n<meta name=\"author\" content=\"moacir\" \/>\n<meta name=\"twitter:card\" content=\"summary_large_image\" \/>\n<meta name=\"twitter:label1\" content=\"Escrito por\" \/>\n\t<meta name=\"twitter:data1\" content=\"moacir\" \/>\n\t<meta name=\"twitter:label2\" content=\"Est. tempo de leitura\" \/>\n\t<meta name=\"twitter:data2\" content=\"11 minutos\" \/>\n<script type=\"application\/ld+json\" class=\"yoast-schema-graph\">{\"@context\":\"https:\/\/schema.org\",\"@graph\":[{\"@type\":\"WebSite\",\"@id\":\"https:\/\/franciscanos.org.br\/noticias\/#website\",\"url\":\"https:\/\/franciscanos.org.br\/noticias\/\",\"name\":\"Not\u00edcias - Franciscanos\",\"description\":\"Prov\u00edncia Franciscana da Imaculada Concei\u00e7\u00e3o do Brasil - Ordem dos Frades Menores - OFM\",\"potentialAction\":[{\"@type\":\"SearchAction\",\"target\":{\"@type\":\"EntryPoint\",\"urlTemplate\":\"https:\/\/franciscanos.org.br\/noticias\/?s={search_term_string}\"},\"query-input\":\"required name=search_term_string\"}],\"inLanguage\":\"pt-BR\"},{\"@type\":\"ImageObject\",\"inLanguage\":\"pt-BR\",\"@id\":\"https:\/\/franciscanos.org.br\/noticias\/papa-a-igreja-tem-um-coracao-de-mae.html#primaryimage\",\"url\":\"https:\/\/franciscanos.org.br\/noticias\/wp-content\/uploads\/2020\/01\/mae_0101d.jpg\",\"contentUrl\":\"https:\/\/franciscanos.org.br\/noticias\/wp-content\/uploads\/2020\/01\/mae_0101d.jpg\",\"width\":273,\"height\":181},{\"@type\":\"WebPage\",\"@id\":\"https:\/\/franciscanos.org.br\/noticias\/papa-a-igreja-tem-um-coracao-de-mae.html#webpage\",\"url\":\"https:\/\/franciscanos.org.br\/noticias\/papa-a-igreja-tem-um-coracao-de-mae.html\",\"name\":\"Papa: a Igreja tem um cora\u00e7\u00e3o de m\u00e3e - Not\u00edcias - Franciscanos\",\"isPartOf\":{\"@id\":\"https:\/\/franciscanos.org.br\/noticias\/#website\"},\"primaryImageOfPage\":{\"@id\":\"https:\/\/franciscanos.org.br\/noticias\/papa-a-igreja-tem-um-coracao-de-mae.html#primaryimage\"},\"datePublished\":\"2020-01-01T10:46:34+00:00\",\"dateModified\":\"2020-06-06T11:38:29+00:00\",\"author\":{\"@id\":\"https:\/\/franciscanos.org.br\/noticias\/#\/schema\/person\/b5c8cba458c330ccff548b056e95a5d4\"},\"breadcrumb\":{\"@id\":\"https:\/\/franciscanos.org.br\/noticias\/papa-a-igreja-tem-um-coracao-de-mae.html#breadcrumb\"},\"inLanguage\":\"pt-BR\",\"potentialAction\":[{\"@type\":\"ReadAction\",\"target\":[\"https:\/\/franciscanos.org.br\/noticias\/papa-a-igreja-tem-um-coracao-de-mae.html\"]}]},{\"@type\":\"BreadcrumbList\",\"@id\":\"https:\/\/franciscanos.org.br\/noticias\/papa-a-igreja-tem-um-coracao-de-mae.html#breadcrumb\",\"itemListElement\":[{\"@type\":\"ListItem\",\"position\":1,\"name\":\"Home\",\"item\":\"https:\/\/franciscanos.org.br\/noticias\"},{\"@type\":\"ListItem\",\"position\":2,\"name\":\"Papa: a Igreja tem um cora\u00e7\u00e3o de m\u00e3e\"}]},{\"@type\":\"Person\",\"@id\":\"https:\/\/franciscanos.org.br\/noticias\/#\/schema\/person\/b5c8cba458c330ccff548b056e95a5d4\",\"name\":\"moacir\",\"image\":{\"@type\":\"ImageObject\",\"inLanguage\":\"pt-BR\",\"@id\":\"https:\/\/franciscanos.org.br\/noticias\/#\/schema\/person\/image\/\",\"url\":\"https:\/\/secure.gravatar.com\/avatar\/d08aa2ce4c8dd416d4479aa8536fcf64?s=96&d=mm&r=g\",\"contentUrl\":\"https:\/\/secure.gravatar.com\/avatar\/d08aa2ce4c8dd416d4479aa8536fcf64?s=96&d=mm&r=g\",\"caption\":\"moacir\"},\"url\":\"https:\/\/franciscanos.org.br\/noticias\/author\/moacir\"}]}<\/script>\n<!-- \/ Yoast SEO plugin. -->","yoast_head_json":{"title":"Papa: a Igreja tem um cora\u00e7\u00e3o de m\u00e3e - Not\u00edcias - Franciscanos","robots":{"index":"index","follow":"follow","max-snippet":"max-snippet:-1","max-image-preview":"max-image-preview:large","max-video-preview":"max-video-preview:-1"},"canonical":"https:\/\/franciscanos.org.br\/noticias\/papa-a-igreja-tem-um-coracao-de-mae.html","og_locale":"pt_BR","og_type":"article","og_title":"Papa: a Igreja tem um cora\u00e7\u00e3o de m\u00e3e - Not\u00edcias - Franciscanos","og_description":"Solenidade da M\u00e3e de Deus - 1\u00ba de Janeiro","og_url":"https:\/\/franciscanos.org.br\/noticias\/papa-a-igreja-tem-um-coracao-de-mae.html","og_site_name":"Not\u00edcias - Franciscanos","article_published_time":"2020-01-01T10:46:34+00:00","article_modified_time":"2020-06-06T11:38:29+00:00","og_image":[{"width":273,"height":181,"url":"https:\/\/franciscanos.org.br\/noticias\/wp-content\/uploads\/2020\/01\/mae_0101d.jpg","type":"image\/jpeg"}],"author":"moacir","twitter_card":"summary_large_image","twitter_misc":{"Escrito por":"moacir","Est. tempo de leitura":"11 minutos"},"schema":{"@context":"https:\/\/schema.org","@graph":[{"@type":"WebSite","@id":"https:\/\/franciscanos.org.br\/noticias\/#website","url":"https:\/\/franciscanos.org.br\/noticias\/","name":"Not\u00edcias - Franciscanos","description":"Prov\u00edncia Franciscana da Imaculada Concei\u00e7\u00e3o do Brasil - Ordem dos Frades Menores - OFM","potentialAction":[{"@type":"SearchAction","target":{"@type":"EntryPoint","urlTemplate":"https:\/\/franciscanos.org.br\/noticias\/?s={search_term_string}"},"query-input":"required name=search_term_string"}],"inLanguage":"pt-BR"},{"@type":"ImageObject","inLanguage":"pt-BR","@id":"https:\/\/franciscanos.org.br\/noticias\/papa-a-igreja-tem-um-coracao-de-mae.html#primaryimage","url":"https:\/\/franciscanos.org.br\/noticias\/wp-content\/uploads\/2020\/01\/mae_0101d.jpg","contentUrl":"https:\/\/franciscanos.org.br\/noticias\/wp-content\/uploads\/2020\/01\/mae_0101d.jpg","width":273,"height":181},{"@type":"WebPage","@id":"https:\/\/franciscanos.org.br\/noticias\/papa-a-igreja-tem-um-coracao-de-mae.html#webpage","url":"https:\/\/franciscanos.org.br\/noticias\/papa-a-igreja-tem-um-coracao-de-mae.html","name":"Papa: a Igreja tem um cora\u00e7\u00e3o de m\u00e3e - Not\u00edcias - Franciscanos","isPartOf":{"@id":"https:\/\/franciscanos.org.br\/noticias\/#website"},"primaryImageOfPage":{"@id":"https:\/\/franciscanos.org.br\/noticias\/papa-a-igreja-tem-um-coracao-de-mae.html#primaryimage"},"datePublished":"2020-01-01T10:46:34+00:00","dateModified":"2020-06-06T11:38:29+00:00","author":{"@id":"https:\/\/franciscanos.org.br\/noticias\/#\/schema\/person\/b5c8cba458c330ccff548b056e95a5d4"},"breadcrumb":{"@id":"https:\/\/franciscanos.org.br\/noticias\/papa-a-igreja-tem-um-coracao-de-mae.html#breadcrumb"},"inLanguage":"pt-BR","potentialAction":[{"@type":"ReadAction","target":["https:\/\/franciscanos.org.br\/noticias\/papa-a-igreja-tem-um-coracao-de-mae.html"]}]},{"@type":"BreadcrumbList","@id":"https:\/\/franciscanos.org.br\/noticias\/papa-a-igreja-tem-um-coracao-de-mae.html#breadcrumb","itemListElement":[{"@type":"ListItem","position":1,"name":"Home","item":"https:\/\/franciscanos.org.br\/noticias"},{"@type":"ListItem","position":2,"name":"Papa: a Igreja tem um cora\u00e7\u00e3o de m\u00e3e"}]},{"@type":"Person","@id":"https:\/\/franciscanos.org.br\/noticias\/#\/schema\/person\/b5c8cba458c330ccff548b056e95a5d4","name":"moacir","image":{"@type":"ImageObject","inLanguage":"pt-BR","@id":"https:\/\/franciscanos.org.br\/noticias\/#\/schema\/person\/image\/","url":"https:\/\/secure.gravatar.com\/avatar\/d08aa2ce4c8dd416d4479aa8536fcf64?s=96&d=mm&r=g","contentUrl":"https:\/\/secure.gravatar.com\/avatar\/d08aa2ce4c8dd416d4479aa8536fcf64?s=96&d=mm&r=g","caption":"moacir"},"url":"https:\/\/franciscanos.org.br\/noticias\/author\/moacir"}]}},"_links":{"self":[{"href":"https:\/\/franciscanos.org.br\/noticias\/wp-json\/wp\/v2\/posts\/215300"}],"collection":[{"href":"https:\/\/franciscanos.org.br\/noticias\/wp-json\/wp\/v2\/posts"}],"about":[{"href":"https:\/\/franciscanos.org.br\/noticias\/wp-json\/wp\/v2\/types\/post"}],"author":[{"embeddable":true,"href":"https:\/\/franciscanos.org.br\/noticias\/wp-json\/wp\/v2\/users\/3"}],"replies":[{"embeddable":true,"href":"https:\/\/franciscanos.org.br\/noticias\/wp-json\/wp\/v2\/comments?post=215300"}],"version-history":[{"count":1,"href":"https:\/\/franciscanos.org.br\/noticias\/wp-json\/wp\/v2\/posts\/215300\/revisions"}],"predecessor-version":[{"id":224472,"href":"https:\/\/franciscanos.org.br\/noticias\/wp-json\/wp\/v2\/posts\/215300\/revisions\/224472"}],"wp:featuredmedia":[{"embeddable":true,"href":"https:\/\/franciscanos.org.br\/noticias\/wp-json\/wp\/v2\/media\/215303"}],"wp:attachment":[{"href":"https:\/\/franciscanos.org.br\/noticias\/wp-json\/wp\/v2\/media?parent=215300"}],"wp:term":[{"taxonomy":"category","embeddable":true,"href":"https:\/\/franciscanos.org.br\/noticias\/wp-json\/wp\/v2\/categories?post=215300"},{"taxonomy":"post_tag","embeddable":true,"href":"https:\/\/franciscanos.org.br\/noticias\/wp-json\/wp\/v2\/tags?post=215300"}],"curies":[{"name":"wp","href":"https:\/\/api.w.org\/{rel}","templated":true}]}}